{"id":158359,"date":"2025-12-12T08:52:30","date_gmt":"2025-12-12T14:52:30","guid":{"rendered":"https:\/\/lospoliticosveracruz.com.mx\/?p=158359"},"modified":"2025-12-12T08:52:57","modified_gmt":"2025-12-12T14:52:57","slug":"las-patranas-de-la-pseudoizquierda-latinoamericana","status":"publish","type":"post","link":"https:\/\/lospoliticosveracruz.com\/?p=158359","title":{"rendered":"LAS PATRA\u00d1AS DE LA PSEUDOIZQUIERDA LATINOAMERICANA"},"content":{"rendered":"\n<p>S\u00edguenos ahora tambi\u00e9n en WhatsApp.\u00a0\u00a1<a href=\"https:\/\/whatsapp.com\/channel\/0029Va8zRWlEKyZIP3Z1dF0e\"><strong>Da clic aqu\u00ed<\/strong><\/a><strong>!<\/strong><\/p>\n\n\n\n<p><strong>Felipe de Jes\u00fas Fern\u00e1ndez Basilio<br><\/strong><em>Desde a Janela<br><\/em>La entrega del Premio Nobel de la Paz a Mar\u00eda Corina Machado provoc\u00f3 que se repitieran hasta el cansancio las mentiras que durante tres cuartos de siglo han dicho los supuestos izquierdistas en Am\u00e9rica Latina en donde, desde luego, M\u00e9xico no es la excepci\u00f3n.<br>El dolor de los mal llamados \u201cprogresistas\u201d, ya que en donde han gobernado se ha visto todo menos progreso, surge de que la distinci\u00f3n se le ha otorgado a una persona que durante d\u00e9cadas ha luchado en contra de una de sus dictaduras.<\/p>\n\n\n\n\n\n<p><br>Porque los que se dicen izquierdistas son expertos en venderse como promotores de la libertad, muestra de ello son las canciones, libros, frases y consignas en los que desaf\u00edan al orden establecido y prometen un mundo libre y feliz.<br>Sin embargo, lo que en realidad hacen es buscar alcanzar el poder y desde esa posici\u00f3n acabar con todas las libertades, no se conoce un solo modelo en el cual haya triunfado el socialismo o el comunismo en el que se respeten las libertades individuales.<br>As\u00ed como tampoco existe un solo modelo socialista o comunista en el que haya prosperidad ya que, por el contrario, lo que hay es saqueo; un claro ejemplo de ello es Cuba, la cual es un barril sin fondo que absorbe los recursos de cuanto pa\u00eds se deje (M\u00e9xico es en la actualidad uno de sus mayores donantes) y los \u00fanicos y verdaderos beneficiarios de esos recursos son sus \u201crevolucionarios\u201d gobernantes, ya que su pueblo vive en la miseria.<br>S\u00ed, la patra\u00f1a mayor de la supuesta izquierda consiste en que ofrecen libertad y progreso, pero lo que dan es opresi\u00f3n y miseria.<br>Otra de las grandes mentiras que los izquierdosos del continente han repetido hasta el cansancio consiste en el mito del \u201cimperialismo yanqui\u201d que oprime y saquea a los pobres e indefensos pa\u00edses de Latinoam\u00e9rica.<br>S\u00ed, estos charlatanes dicen que los Estados Unidos se llevan el petr\u00f3leo y las dem\u00e1s materias primas, as\u00ed como que buscan esclavizar al latinoamericano como mano de obra barata.<br>Y lo dicen, porque el mito vende entre la ignorancia y el resentimiento de gran parte de una poblaci\u00f3n con grandes problemas y rezagos cuyo origen es local, pero que necesita de un gran villano a escala internacional para desahogar su frustraci\u00f3n y eso es lo que aprovechan estos bribones que se dicen de izquierda.<br>No digo que los norteamericanos sean unos santos, ya que nadie es perfecto y tambi\u00e9n existen muchas historias oscuras tanto en su pa\u00eds como en las relaciones que han sostenido con otros, pero justo es decir que tambi\u00e9n han llevado progreso a muchos lugares del mundo, lo cual no ha hecho ning\u00fan pa\u00eds que haya vivido bajo el marxismo.<br>Y una muestra palpable de ello la encontramos en la influencia coreana que ahora mismo est\u00e1 tan de moda, tanto en nuestro pa\u00eds como en muchos otros.<br>Comidas, canciones, pel\u00edculas, series y un sin n\u00famero de cosas coreanas se ven en muchas partes y todas con un denominador com\u00fan, el cual es que son producidas y exportadas por la Corea libre, la del Sur.<br>La otra, la del millonario dictador comunista solo produce dos cosas: misiles y refugiados.<br>En suma, mientras que Estados Unidos y los pa\u00edses alineados a ellos como Corea del Sur producen luces y sombras, los pa\u00edses que han abrazado el marxismo se encuentran en la oscuridad total.<br>As\u00ed que no hay que dejarse embaucar por los pregoneros que se hacen llamar de izquierda, ya que est\u00e1 totalmente demostrado que prometen el para\u00edso y si ganan dan el infierno en la tierra.<br>A prop\u00f3sito de pseudo izquierdistas charlatanes, cuando le preguntaron a la se\u00f1ora Sheinbaum si pensaba felicitar a la galardonada con el Premio Nobel de la Paz, entre otras cosas contest\u00f3 que estaba a favor de la autodeterminaci\u00f3n de los pueblos y bla, bla, bla\u2026 y lo curioso es que los venezolanos se autodeterminaron (con tres cuartas partes de la votaci\u00f3n) por una opci\u00f3n diferente a la de su amigo el dictador Maduro.<br>felfebas@gmail.com<br>Twitter: @FelipeFBasilio<\/p>\n","protected":false},"excerpt":{"rendered":"<p>Felipe de Jes\u00fas Fern\u00e1ndez BasilioDesde a JanelaLa entrega del Premio Nobel de la Paz a Mar\u00eda Corina Machado provoc\u00f3 que se repitieran hasta el cansancio las mentiras que durante tres cuartos de siglo han dicho los supuestos izquierdistas en Am\u00e9rica Latina en donde, desde luego, M\u00e9xico no es la excepci\u00f3n.El dolor de los mal llamados [&hellip;]<\/p>\n","protected":false},"author":2,"featured_media":141384,"comment_status":"closed","ping_status":"closed","sticky":false,"template":"","format":"standard","meta":{"tdm_status":"","tdm_grid_status":"","footnotes":""},"categories":[70],"tags":[12710],"class_list":{"0":"post-158359","1":"post","2":"type-post","3":"status-publish","4":"format-standard","5":"has-post-thumbnail","7":"category-de-opinion","8":"tag-felipe-de-jesus-fernandez-basilio"},"yoast_head":"<!-- This site is optimized with the Yoast SEO plugin v27.4 - https:\/\/yoast.com\/product\/yoast-seo-wordpress\/ -->\n<title>LAS PATRA\u00d1AS DE LA PSEUDOIZQUIERDA LATINOAMERICANA - Los pol\u00edticos Veracruz<\/title>\n<meta name=\"robots\" content=\"index, follow, max-snippet:-1, max-image-preview:large, max-video-preview:-1\" \/>\n<link rel=\"canonical\" href=\"https:\/\/lospoliticosveracruz.com\/?p=158359\" \/>\n<meta property=\"og:locale\" content=\"es_ES\" \/>\n<meta property=\"og:type\" content=\"article\" \/>\n<meta property=\"og:title\" content=\"LAS PATRA\u00d1AS DE LA PSEUDOIZQUIERDA LATINOAMERICANA - Los pol\u00edticos Veracruz\" \/>\n<meta property=\"og:description\" content=\"Felipe de Jes\u00fas Fern\u00e1ndez BasilioDesde a JanelaLa entrega del Premio Nobel de la Paz a Mar\u00eda Corina Machado provoc\u00f3 que se repitieran hasta el cansancio las mentiras que durante tres cuartos de siglo han dicho los supuestos izquierdistas en Am\u00e9rica Latina en donde, desde luego, M\u00e9xico no es la excepci\u00f3n.El dolor de los mal llamados [&hellip;]\" \/>\n<meta property=\"og:url\" content=\"https:\/\/lospoliticosveracruz.com\/?p=158359\" \/>\n<meta property=\"og:site_name\" content=\"Los pol\u00edticos Veracruz\" \/>\n<meta property=\"article:publisher\" content=\"https:\/\/www.facebook.com\/people\/Notimemes-de-los-Polticos\/61565672886568\/\" \/>\n<meta property=\"article:published_time\" content=\"2025-12-12T14:52:30+00:00\" \/>\n<meta property=\"article:modified_time\" content=\"2025-12-12T14:52:57+00:00\" \/>\n<meta property=\"og:image\" content=\"https:\/\/lospoliticosveracruz.com\/wp-content\/uploads\/2025\/04\/Felipe-Fernandez-Basilio-e1767959429910.jpg\" \/>\n\t<meta property=\"og:image:width\" content=\"600\" \/>\n\t<meta property=\"og:image:height\" content=\"320\" \/>\n\t<meta property=\"og:image:type\" content=\"image\/jpeg\" \/>\n<meta name=\"author\" content=\"Lo viste en Los Pol\u00edticos\" \/>\n<meta name=\"twitter:card\" content=\"summary_large_image\" \/>\n<meta name=\"twitter:creator\" content=\"@LosPoliticosVer\" \/>\n<meta name=\"twitter:site\" content=\"@LosPoliticosVer\" \/>\n<meta name=\"twitter:label1\" content=\"Escrito por\" \/>\n\t<meta name=\"twitter:data1\" content=\"Lo viste en Los Pol\u00edticos\" \/>\n\t<meta name=\"twitter:label2\" content=\"Tiempo de lectura\" \/>\n\t<meta name=\"twitter:data2\" content=\"4 minutos\" \/>\n<script type=\"application\/ld+json\" class=\"yoast-schema-graph\">{\"@context\":\"https:\\\/\\\/schema.org\",\"@graph\":[{\"@type\":\"Article\",\"@id\":\"https:\\\/\\\/lospoliticosveracruz.com\\\/?p=158359#article\",\"isPartOf\":{\"@id\":\"https:\\\/\\\/lospoliticosveracruz.com\\\/?p=158359\"},\"author\":{\"name\":\"Lo viste en Los Pol\u00edticos\",\"@id\":\"https:\\\/\\\/lospoliticosveracruz.com\\\/#\\\/schema\\\/person\\\/b8702bb0e538456e6efd07080bf2a4a2\"},\"headline\":\"LAS PATRA\u00d1AS DE LA PSEUDOIZQUIERDA LATINOAMERICANA\",\"datePublished\":\"2025-12-12T14:52:30+00:00\",\"dateModified\":\"2025-12-12T14:52:57+00:00\",\"mainEntityOfPage\":{\"@id\":\"https:\\\/\\\/lospoliticosveracruz.com\\\/?p=158359\"},\"wordCount\":723,\"publisher\":{\"@id\":\"https:\\\/\\\/lospoliticosveracruz.com\\\/#organization\"},\"image\":{\"@id\":\"https:\\\/\\\/lospoliticosveracruz.com\\\/?p=158359#primaryimage\"},\"thumbnailUrl\":\"https:\\\/\\\/lospoliticosveracruz.com\\\/wp-content\\\/uploads\\\/2025\\\/04\\\/Felipe-Fernandez-Basilio-e1767959429910.jpg\",\"keywords\":[\"Felipe de Jes\u00fas Fern\u00e1ndez Basilio\"],\"articleSection\":[\"De Opini\u00f3n\"],\"inLanguage\":\"es\"},{\"@type\":\"WebPage\",\"@id\":\"https:\\\/\\\/lospoliticosveracruz.com\\\/?p=158359\",\"url\":\"https:\\\/\\\/lospoliticosveracruz.com\\\/?p=158359\",\"name\":\"LAS PATRA\u00d1AS DE LA PSEUDOIZQUIERDA LATINOAMERICANA - Los pol\u00edticos Veracruz\",\"isPartOf\":{\"@id\":\"https:\\\/\\\/lospoliticosveracruz.com\\\/#website\"},\"primaryImageOfPage\":{\"@id\":\"https:\\\/\\\/lospoliticosveracruz.com\\\/?p=158359#primaryimage\"},\"image\":{\"@id\":\"https:\\\/\\\/lospoliticosveracruz.com\\\/?p=158359#primaryimage\"},\"thumbnailUrl\":\"https:\\\/\\\/lospoliticosveracruz.com\\\/wp-content\\\/uploads\\\/2025\\\/04\\\/Felipe-Fernandez-Basilio-e1767959429910.jpg\",\"datePublished\":\"2025-12-12T14:52:30+00:00\",\"dateModified\":\"2025-12-12T14:52:57+00:00\",\"breadcrumb\":{\"@id\":\"https:\\\/\\\/lospoliticosveracruz.com\\\/?p=158359#breadcrumb\"},\"inLanguage\":\"es\",\"potentialAction\":[{\"@type\":\"ReadAction\",\"target\":[\"https:\\\/\\\/lospoliticosveracruz.com\\\/?p=158359\"]}]},{\"@type\":\"ImageObject\",\"inLanguage\":\"es\",\"@id\":\"https:\\\/\\\/lospoliticosveracruz.com\\\/?p=158359#primaryimage\",\"url\":\"https:\\\/\\\/lospoliticosveracruz.com\\\/wp-content\\\/uploads\\\/2025\\\/04\\\/Felipe-Fernandez-Basilio-e1767959429910.jpg\",\"contentUrl\":\"https:\\\/\\\/lospoliticosveracruz.com\\\/wp-content\\\/uploads\\\/2025\\\/04\\\/Felipe-Fernandez-Basilio-e1767959429910.jpg\",\"width\":600,\"height\":320},{\"@type\":\"BreadcrumbList\",\"@id\":\"https:\\\/\\\/lospoliticosveracruz.com\\\/?p=158359#breadcrumb\",\"itemListElement\":[{\"@type\":\"ListItem\",\"position\":1,\"name\":\"Portada\",\"item\":\"https:\\\/\\\/lospoliticosveracruz.com\\\/\"},{\"@type\":\"ListItem\",\"position\":2,\"name\":\"LAS PATRA\u00d1AS DE LA PSEUDOIZQUIERDA LATINOAMERICANA\"}]},{\"@type\":\"WebSite\",\"@id\":\"https:\\\/\\\/lospoliticosveracruz.com\\\/#website\",\"url\":\"https:\\\/\\\/lospoliticosveracruz.com\\\/\",\"name\":\"Los pol\u00edticos Veracruz\",\"description\":\"\",\"publisher\":{\"@id\":\"https:\\\/\\\/lospoliticosveracruz.com\\\/#organization\"},\"potentialAction\":[{\"@type\":\"SearchAction\",\"target\":{\"@type\":\"EntryPoint\",\"urlTemplate\":\"https:\\\/\\\/lospoliticosveracruz.com\\\/?s={search_term_string}\"},\"query-input\":{\"@type\":\"PropertyValueSpecification\",\"valueRequired\":true,\"valueName\":\"search_term_string\"}}],\"inLanguage\":\"es\"},{\"@type\":\"Organization\",\"@id\":\"https:\\\/\\\/lospoliticosveracruz.com\\\/#organization\",\"name\":\"Los pol\u00edticos Veracruz\",\"url\":\"https:\\\/\\\/lospoliticosveracruz.com\\\/\",\"logo\":{\"@type\":\"ImageObject\",\"inLanguage\":\"es\",\"@id\":\"https:\\\/\\\/lospoliticosveracruz.com\\\/#\\\/schema\\\/logo\\\/image\\\/\",\"url\":\"https:\\\/\\\/lospoliticosveracruz.com\\\/wp-content\\\/uploads\\\/2025\\\/12\\\/Logo-Nuevo-LOS-POLITICOS-1.jpg\",\"contentUrl\":\"https:\\\/\\\/lospoliticosveracruz.com\\\/wp-content\\\/uploads\\\/2025\\\/12\\\/Logo-Nuevo-LOS-POLITICOS-1.jpg\",\"width\":260,\"height\":70,\"caption\":\"Los pol\u00edticos Veracruz\"},\"image\":{\"@id\":\"https:\\\/\\\/lospoliticosveracruz.com\\\/#\\\/schema\\\/logo\\\/image\\\/\"},\"sameAs\":[\"https:\\\/\\\/www.facebook.com\\\/people\\\/Notimemes-de-los-Polticos\\\/61565672886568\\\/\",\"https:\\\/\\\/x.com\\\/LosPoliticosVer\"]},{\"@type\":\"Person\",\"@id\":\"https:\\\/\\\/lospoliticosveracruz.com\\\/#\\\/schema\\\/person\\\/b8702bb0e538456e6efd07080bf2a4a2\",\"name\":\"Lo viste en Los Pol\u00edticos\",\"image\":{\"@type\":\"ImageObject\",\"inLanguage\":\"es\",\"@id\":\"https:\\\/\\\/secure.gravatar.com\\\/avatar\\\/3a8de04a2656d44082be478bd6c086daa447c4651605818287b9532d3d0bd435?s=96&d=mm&r=g\",\"url\":\"https:\\\/\\\/secure.gravatar.com\\\/avatar\\\/3a8de04a2656d44082be478bd6c086daa447c4651605818287b9532d3d0bd435?s=96&d=mm&r=g\",\"contentUrl\":\"https:\\\/\\\/secure.gravatar.com\\\/avatar\\\/3a8de04a2656d44082be478bd6c086daa447c4651605818287b9532d3d0bd435?s=96&d=mm&r=g\",\"caption\":\"Lo viste en Los Pol\u00edticos\"},\"url\":\"https:\\\/\\\/lospoliticosveracruz.com\\\/?author=2\"}]}<\/script>\n<!-- \/ Yoast SEO plugin. -->","yoast_head_json":{"title":"LAS PATRA\u00d1AS DE LA PSEUDOIZQUIERDA LATINOAMERICANA - Los pol\u00edticos Veracruz","robots":{"index":"index","follow":"follow","max-snippet":"max-snippet:-1","max-image-preview":"max-image-preview:large","max-video-preview":"max-video-preview:-1"},"canonical":"https:\/\/lospoliticosveracruz.com\/?p=158359","og_locale":"es_ES","og_type":"article","og_title":"LAS PATRA\u00d1AS DE LA PSEUDOIZQUIERDA LATINOAMERICANA - Los pol\u00edticos Veracruz","og_description":"Felipe de Jes\u00fas Fern\u00e1ndez BasilioDesde a JanelaLa entrega del Premio Nobel de la Paz a Mar\u00eda Corina Machado provoc\u00f3 que se repitieran hasta el cansancio las mentiras que durante tres cuartos de siglo han dicho los supuestos izquierdistas en Am\u00e9rica Latina en donde, desde luego, M\u00e9xico no es la excepci\u00f3n.El dolor de los mal llamados [&hellip;]","og_url":"https:\/\/lospoliticosveracruz.com\/?p=158359","og_site_name":"Los pol\u00edticos Veracruz","article_publisher":"https:\/\/www.facebook.com\/people\/Notimemes-de-los-Polticos\/61565672886568\/","article_published_time":"2025-12-12T14:52:30+00:00","article_modified_time":"2025-12-12T14:52:57+00:00","og_image":[{"width":600,"height":320,"url":"https:\/\/lospoliticosveracruz.com\/wp-content\/uploads\/2025\/04\/Felipe-Fernandez-Basilio-e1767959429910.jpg","type":"image\/jpeg"}],"author":"Lo viste en Los Pol\u00edticos","twitter_card":"summary_large_image","twitter_creator":"@LosPoliticosVer","twitter_site":"@LosPoliticosVer","twitter_misc":{"Escrito por":"Lo viste en Los Pol\u00edticos","Tiempo de lectura":"4 minutos"},"schema":{"@context":"https:\/\/schema.org","@graph":[{"@type":"Article","@id":"https:\/\/lospoliticosveracruz.com\/?p=158359#article","isPartOf":{"@id":"https:\/\/lospoliticosveracruz.com\/?p=158359"},"author":{"name":"Lo viste en Los Pol\u00edticos","@id":"https:\/\/lospoliticosveracruz.com\/#\/schema\/person\/b8702bb0e538456e6efd07080bf2a4a2"},"headline":"LAS PATRA\u00d1AS DE LA PSEUDOIZQUIERDA LATINOAMERICANA","datePublished":"2025-12-12T14:52:30+00:00","dateModified":"2025-12-12T14:52:57+00:00","mainEntityOfPage":{"@id":"https:\/\/lospoliticosveracruz.com\/?p=158359"},"wordCount":723,"publisher":{"@id":"https:\/\/lospoliticosveracruz.com\/#organization"},"image":{"@id":"https:\/\/lospoliticosveracruz.com\/?p=158359#primaryimage"},"thumbnailUrl":"https:\/\/lospoliticosveracruz.com\/wp-content\/uploads\/2025\/04\/Felipe-Fernandez-Basilio-e1767959429910.jpg","keywords":["Felipe de Jes\u00fas Fern\u00e1ndez Basilio"],"articleSection":["De Opini\u00f3n"],"inLanguage":"es"},{"@type":"WebPage","@id":"https:\/\/lospoliticosveracruz.com\/?p=158359","url":"https:\/\/lospoliticosveracruz.com\/?p=158359","name":"LAS PATRA\u00d1AS DE LA PSEUDOIZQUIERDA LATINOAMERICANA - Los pol\u00edticos Veracruz","isPartOf":{"@id":"https:\/\/lospoliticosveracruz.com\/#website"},"primaryImageOfPage":{"@id":"https:\/\/lospoliticosveracruz.com\/?p=158359#primaryimage"},"image":{"@id":"https:\/\/lospoliticosveracruz.com\/?p=158359#primaryimage"},"thumbnailUrl":"https:\/\/lospoliticosveracruz.com\/wp-content\/uploads\/2025\/04\/Felipe-Fernandez-Basilio-e1767959429910.jpg","datePublished":"2025-12-12T14:52:30+00:00","dateModified":"2025-12-12T14:52:57+00:00","breadcrumb":{"@id":"https:\/\/lospoliticosveracruz.com\/?p=158359#breadcrumb"},"inLanguage":"es","potentialAction":[{"@type":"ReadAction","target":["https:\/\/lospoliticosveracruz.com\/?p=158359"]}]},{"@type":"ImageObject","inLanguage":"es","@id":"https:\/\/lospoliticosveracruz.com\/?p=158359#primaryimage","url":"https:\/\/lospoliticosveracruz.com\/wp-content\/uploads\/2025\/04\/Felipe-Fernandez-Basilio-e1767959429910.jpg","contentUrl":"https:\/\/lospoliticosveracruz.com\/wp-content\/uploads\/2025\/04\/Felipe-Fernandez-Basilio-e1767959429910.jpg","width":600,"height":320},{"@type":"BreadcrumbList","@id":"https:\/\/lospoliticosveracruz.com\/?p=158359#breadcrumb","itemListElement":[{"@type":"ListItem","position":1,"name":"Portada","item":"https:\/\/lospoliticosveracruz.com\/"},{"@type":"ListItem","position":2,"name":"LAS PATRA\u00d1AS DE LA PSEUDOIZQUIERDA LATINOAMERICANA"}]},{"@type":"WebSite","@id":"https:\/\/lospoliticosveracruz.com\/#website","url":"https:\/\/lospoliticosveracruz.com\/","name":"Los pol\u00edticos Veracruz","description":"","publisher":{"@id":"https:\/\/lospoliticosveracruz.com\/#organization"},"potentialAction":[{"@type":"SearchAction","target":{"@type":"EntryPoint","urlTemplate":"https:\/\/lospoliticosveracruz.com\/?s={search_term_string}"},"query-input":{"@type":"PropertyValueSpecification","valueRequired":true,"valueName":"search_term_string"}}],"inLanguage":"es"},{"@type":"Organization","@id":"https:\/\/lospoliticosveracruz.com\/#organization","name":"Los pol\u00edticos Veracruz","url":"https:\/\/lospoliticosveracruz.com\/","logo":{"@type":"ImageObject","inLanguage":"es","@id":"https:\/\/lospoliticosveracruz.com\/#\/schema\/logo\/image\/","url":"https:\/\/lospoliticosveracruz.com\/wp-content\/uploads\/2025\/12\/Logo-Nuevo-LOS-POLITICOS-1.jpg","contentUrl":"https:\/\/lospoliticosveracruz.com\/wp-content\/uploads\/2025\/12\/Logo-Nuevo-LOS-POLITICOS-1.jpg","width":260,"height":70,"caption":"Los pol\u00edticos Veracruz"},"image":{"@id":"https:\/\/lospoliticosveracruz.com\/#\/schema\/logo\/image\/"},"sameAs":["https:\/\/www.facebook.com\/people\/Notimemes-de-los-Polticos\/61565672886568\/","https:\/\/x.com\/LosPoliticosVer"]},{"@type":"Person","@id":"https:\/\/lospoliticosveracruz.com\/#\/schema\/person\/b8702bb0e538456e6efd07080bf2a4a2","name":"Lo viste en Los Pol\u00edticos","image":{"@type":"ImageObject","inLanguage":"es","@id":"https:\/\/secure.gravatar.com\/avatar\/3a8de04a2656d44082be478bd6c086daa447c4651605818287b9532d3d0bd435?s=96&d=mm&r=g","url":"https:\/\/secure.gravatar.com\/avatar\/3a8de04a2656d44082be478bd6c086daa447c4651605818287b9532d3d0bd435?s=96&d=mm&r=g","contentUrl":"https:\/\/secure.gravatar.com\/avatar\/3a8de04a2656d44082be478bd6c086daa447c4651605818287b9532d3d0bd435?s=96&d=mm&r=g","caption":"Lo viste en Los Pol\u00edticos"},"url":"https:\/\/lospoliticosveracruz.com\/?author=2"}]}},"_links":{"self":[{"href":"https:\/\/lospoliticosveracruz.com\/index.php?rest_route=\/wp\/v2\/posts\/158359","targetHints":{"allow":["GET"]}}],"collection":[{"href":"https:\/\/lospoliticosveracruz.com\/index.php?rest_route=\/wp\/v2\/posts"}],"about":[{"href":"https:\/\/lospoliticosveracruz.com\/index.php?rest_route=\/wp\/v2\/types\/post"}],"author":[{"embeddable":true,"href":"https:\/\/lospoliticosveracruz.com\/index.php?rest_route=\/wp\/v2\/users\/2"}],"replies":[{"embeddable":true,"href":"https:\/\/lospoliticosveracruz.com\/index.php?rest_route=%2Fwp%2Fv2%2Fcomments&post=158359"}],"version-history":[{"count":1,"href":"https:\/\/lospoliticosveracruz.com\/index.php?rest_route=\/wp\/v2\/posts\/158359\/revisions"}],"predecessor-version":[{"id":158360,"href":"https:\/\/lospoliticosveracruz.com\/index.php?rest_route=\/wp\/v2\/posts\/158359\/revisions\/158360"}],"wp:featuredmedia":[{"embeddable":true,"href":"https:\/\/lospoliticosveracruz.com\/index.php?rest_route=\/wp\/v2\/media\/141384"}],"wp:attachment":[{"href":"https:\/\/lospoliticosveracruz.com\/index.php?rest_route=%2Fwp%2Fv2%2Fmedia&parent=158359"}],"wp:term":[{"taxonomy":"category","embeddable":true,"href":"https:\/\/lospoliticosveracruz.com\/index.php?rest_route=%2Fwp%2Fv2%2Fcategories&post=158359"},{"taxonomy":"post_tag","embeddable":true,"href":"https:\/\/lospoliticosveracruz.com\/index.php?rest_route=%2Fwp%2Fv2%2Ftags&post=158359"}],"curies":[{"name":"wp","href":"https:\/\/api.w.org\/{rel}","templated":true}]}}