{"id":158367,"date":"2025-12-12T10:40:02","date_gmt":"2025-12-12T16:40:02","guid":{"rendered":"https:\/\/lospoliticosveracruz.com.mx\/?p=158367"},"modified":"2025-12-12T10:40:20","modified_gmt":"2025-12-12T16:40:20","slug":"contra-todos-los-pronosticos-eppur-si-muove","status":"publish","type":"post","link":"https:\/\/lospoliticosveracruz.com\/?p=158367","title":{"rendered":"CONTRA TODOS LOS PRON\u00d3STICOS, EPPUR SI MUOVE"},"content":{"rendered":"\n<p>S\u00edguenos ahora tambi\u00e9n en WhatsApp.\u00a0\u00a1<a href=\"https:\/\/whatsapp.com\/channel\/0029Va8zRWlEKyZIP3Z1dF0e\"><strong>Da clic aqu\u00ed<\/strong><\/a><strong>!<\/strong><\/p>\n\n\n\n<p><strong>Bernardo Guti\u00e9rrez Parra<\/strong><\/p>\n\n\n\n<p><em>Desde el Caf\u00e9<br><\/em><br>Para aquellos que se preguntan (si es que alguien lo hace) qu\u00e9 est\u00e1 pasando con el PRI en Veracruz; si a\u00fan vive, si ya falleci\u00f3 y nadie se ha dado cuenta, si sigue en terapia intensiva con esperanzas de llegar al 2030 o si est\u00e1 tan desahuciado que ni siquiera llegar\u00e1 al 2027, ah\u00ed les va lo \u00faltimo sobre el otrora partidazo.<\/p>\n\n\n\n\n\n<p>Esta semana un prestigiado columnista dijo que \u201cfuentes dignas de cr\u00e9dito\u201d le informaron que ayer jueves Adolfo Ram\u00edrez Arana renunciar\u00eda a la dirigencia del PRI, y Lorena Pi\u00f1\u00f3n asumir\u00eda un interinato para convocar al Consejo Pol\u00edtico Estatal y nombrar como nueva lideresa a la exalcaldesa de Veracruz, Carolina Gudi\u00f1o Corro.<\/p>\n\n\n\n<p>Pero nada.<\/p>\n\n\n\n<p>Por la tarde, salieron a relucir otros nombres para ocupar la dirigencia; el de Ponciano V\u00e1zquez Parissi y el de Silvio Lagos Galindo. Ponciano es alcalde de Cosoleacaque, mientras que Silvio fue candidato a la alcald\u00eda de Xalapa y en la actualidad es representante del PRI ante el OPLE. Ah, tambi\u00e9n se dijo, pero ya como hecho consumado, que Adolfo ya no era dirigente del tricolor.<\/p>\n\n\n\n<p>Pero m\u00e1s o menos a la hora que corr\u00eda el trascendido, Ram\u00edrez Arana estaba presidiendo en el edificio del PRI, la Sexta Sesi\u00f3n Extraordinaria para definir la ruta hacia la renovaci\u00f3n de su dirigencia.<\/p>\n\n\n\n<p>Es decir, Adolfo no ha renunciado, sigue como l\u00edder del tricolor. Y si tantito me apuras lector, puede contender por la dirigencia porque est\u00e1 cubriendo un interinato, que si bien ya se alarg\u00f3, no deja de ser un interinato. \u00bfLo har\u00e1? Eso ya se ver\u00e1 porque no hay ning\u00fan estatuto que se lo impida.<\/p>\n\n\n\n<p>Lo que s\u00ed es un hecho es que habr\u00e1 elecci\u00f3n interna para elegir a un nuevo dirigente (o confirmar a Adolfo) y hay tres candidatos.<\/p>\n\n\n\n<p>Si es por cuesti\u00f3n de g\u00e9nero ni le busques lector, la elegida ser\u00e1 Carolina Gudi\u00f1o. La exalcaldesa jarocha es sin duda, la priista m\u00e1s inteligente y pol\u00edtica que tiene el partido en la actualidad. (Dicho sea con todo respeto a las priistas veracruzanas).<\/p>\n\n\n\n<p>Ponciano V\u00e1zquez es muy conocido en el sur de la entidad y junto con su hermano Cirilo, se han intercambiado la alcald\u00eda de Cosoleacaque los \u00faltimos 15 a\u00f1os. En la actualidad es otra vez alcalde y como que no le llama la atenci\u00f3n ser dirigente del PRI.<\/p>\n\n\n\n<p>Silvio Lagos Galindo es priista de toda la vida y fue el \u00fanico que alz\u00f3 la mano para competir por la alcald\u00eda de Xalapa cuando los priistas xalape\u00f1os le dieron la vuelta a la candidatura. No gan\u00f3 pero hizo mucho ruido y algo muy importante: cada voto a su favor, fue un voto para el PRI que revivi\u00f3 en la capital del estado.<\/p>\n\n\n\n<p>\u00bfQui\u00e9n ser\u00e1 el pr\u00f3ximo dirigente? Eso depender\u00e1 del humor con que amanezca el l\u00edder nacional Alejandro \u201cAlito\u201d Moreno el d\u00eda de la elecci\u00f3n.<\/p>\n\n\n\n<p>Por lo pronto, los nombres del Carolina, Ponciano y Silvio son los que suenan para suceder a Adolfo Ram\u00edrez. Aunque se podr\u00eda sumar el del consejero Ram\u00f3n Reyes Viveros.<\/p>\n\n\n\n<p>Habr\u00e1 que ver.<\/p>\n\n\n\n<p>Lo que s\u00ed es un hecho es que contra todos los pron\u00f3sticos el PRI se mueve. O como dijo Galileo Galilei cuando se salv\u00f3 por un pelito de que lo colgaran: \u201cEppur si muove\u201d.<\/p>\n\n\n\n<p>bernagup28@gmail.com<\/p>\n","protected":false},"excerpt":{"rendered":"<p>Bernardo Guti\u00e9rrez Parra Desde el Caf\u00e9Para aquellos que se preguntan (si es que alguien lo hace) qu\u00e9 est\u00e1 pasando con el PRI en Veracruz; si a\u00fan vive, si ya falleci\u00f3 y nadie se ha dado cuenta, si sigue en terapia intensiva con esperanzas de llegar al 2030 o si est\u00e1 tan desahuciado que ni siquiera [&hellip;]<\/p>\n","protected":false},"author":2,"featured_media":141479,"comment_status":"closed","ping_status":"closed","sticky":false,"template":"","format":"standard","meta":{"tdm_status":"","tdm_grid_status":"","footnotes":""},"categories":[70],"tags":[47902,34206],"class_list":{"0":"post-158367","1":"post","2":"type-post","3":"status-publish","4":"format-standard","5":"has-post-thumbnail","7":"category-de-opinion","8":"tag-adolfo-ramirez-arana","9":"tag-bernardo-gutierrez-parra"},"yoast_head":"<!-- This site is optimized with the Yoast SEO plugin v27.4 - https:\/\/yoast.com\/product\/yoast-seo-wordpress\/ -->\n<title>CONTRA TODOS LOS PRON\u00d3STICOS, EPPUR SI MUOVE - Los pol\u00edticos Veracruz<\/title>\n<meta name=\"robots\" content=\"index, follow, max-snippet:-1, max-image-preview:large, max-video-preview:-1\" \/>\n<link rel=\"canonical\" href=\"https:\/\/lospoliticosveracruz.com\/?p=158367\" \/>\n<meta property=\"og:locale\" content=\"es_ES\" \/>\n<meta property=\"og:type\" content=\"article\" \/>\n<meta property=\"og:title\" content=\"CONTRA TODOS LOS PRON\u00d3STICOS, EPPUR SI MUOVE - Los pol\u00edticos Veracruz\" \/>\n<meta property=\"og:description\" content=\"Bernardo Guti\u00e9rrez Parra Desde el Caf\u00e9Para aquellos que se preguntan (si es que alguien lo hace) qu\u00e9 est\u00e1 pasando con el PRI en Veracruz; si a\u00fan vive, si ya falleci\u00f3 y nadie se ha dado cuenta, si sigue en terapia intensiva con esperanzas de llegar al 2030 o si est\u00e1 tan desahuciado que ni siquiera [&hellip;]\" \/>\n<meta property=\"og:url\" content=\"https:\/\/lospoliticosveracruz.com\/?p=158367\" \/>\n<meta property=\"og:site_name\" content=\"Los pol\u00edticos Veracruz\" \/>\n<meta property=\"article:publisher\" content=\"https:\/\/www.facebook.com\/people\/Notimemes-de-los-Polticos\/61565672886568\/\" \/>\n<meta property=\"article:published_time\" content=\"2025-12-12T16:40:02+00:00\" \/>\n<meta property=\"article:modified_time\" content=\"2025-12-12T16:40:20+00:00\" \/>\n<meta property=\"og:image\" content=\"https:\/\/lospoliticosveracruz.com\/wp-content\/uploads\/2025\/04\/Bernardo-Gutierrez-Parra.jpg\" \/>\n\t<meta property=\"og:image:width\" content=\"1250\" \/>\n\t<meta property=\"og:image:height\" content=\"667\" \/>\n\t<meta property=\"og:image:type\" content=\"image\/jpeg\" \/>\n<meta name=\"author\" content=\"Lo viste en Los Pol\u00edticos\" \/>\n<meta name=\"twitter:card\" content=\"summary_large_image\" \/>\n<meta name=\"twitter:creator\" content=\"@LosPoliticosVer\" \/>\n<meta name=\"twitter:site\" content=\"@LosPoliticosVer\" \/>\n<meta name=\"twitter:label1\" content=\"Escrito por\" \/>\n\t<meta name=\"twitter:data1\" content=\"Lo viste en Los Pol\u00edticos\" \/>\n\t<meta name=\"twitter:label2\" content=\"Tiempo de lectura\" \/>\n\t<meta name=\"twitter:data2\" content=\"3 minutos\" \/>\n<script type=\"application\/ld+json\" class=\"yoast-schema-graph\">{\"@context\":\"https:\\\/\\\/schema.org\",\"@graph\":[{\"@type\":\"Article\",\"@id\":\"https:\\\/\\\/lospoliticosveracruz.com\\\/?p=158367#article\",\"isPartOf\":{\"@id\":\"https:\\\/\\\/lospoliticosveracruz.com\\\/?p=158367\"},\"author\":{\"name\":\"Lo viste en Los Pol\u00edticos\",\"@id\":\"https:\\\/\\\/lospoliticosveracruz.com\\\/#\\\/schema\\\/person\\\/b8702bb0e538456e6efd07080bf2a4a2\"},\"headline\":\"CONTRA TODOS LOS PRON\u00d3STICOS, EPPUR SI MUOVE\",\"datePublished\":\"2025-12-12T16:40:02+00:00\",\"dateModified\":\"2025-12-12T16:40:20+00:00\",\"mainEntityOfPage\":{\"@id\":\"https:\\\/\\\/lospoliticosveracruz.com\\\/?p=158367\"},\"wordCount\":589,\"publisher\":{\"@id\":\"https:\\\/\\\/lospoliticosveracruz.com\\\/#organization\"},\"image\":{\"@id\":\"https:\\\/\\\/lospoliticosveracruz.com\\\/?p=158367#primaryimage\"},\"thumbnailUrl\":\"https:\\\/\\\/lospoliticosveracruz.com\\\/wp-content\\\/uploads\\\/2025\\\/04\\\/Bernardo-Gutierrez-Parra.jpg\",\"keywords\":[\"Adolfo Ram\u00edrez Arana\",\"Bernardo Guti\u00e9rrez Parra\"],\"articleSection\":[\"De Opini\u00f3n\"],\"inLanguage\":\"es\"},{\"@type\":\"WebPage\",\"@id\":\"https:\\\/\\\/lospoliticosveracruz.com\\\/?p=158367\",\"url\":\"https:\\\/\\\/lospoliticosveracruz.com\\\/?p=158367\",\"name\":\"CONTRA TODOS LOS PRON\u00d3STICOS, EPPUR SI MUOVE - Los pol\u00edticos Veracruz\",\"isPartOf\":{\"@id\":\"https:\\\/\\\/lospoliticosveracruz.com\\\/#website\"},\"primaryImageOfPage\":{\"@id\":\"https:\\\/\\\/lospoliticosveracruz.com\\\/?p=158367#primaryimage\"},\"image\":{\"@id\":\"https:\\\/\\\/lospoliticosveracruz.com\\\/?p=158367#primaryimage\"},\"thumbnailUrl\":\"https:\\\/\\\/lospoliticosveracruz.com\\\/wp-content\\\/uploads\\\/2025\\\/04\\\/Bernardo-Gutierrez-Parra.jpg\",\"datePublished\":\"2025-12-12T16:40:02+00:00\",\"dateModified\":\"2025-12-12T16:40:20+00:00\",\"breadcrumb\":{\"@id\":\"https:\\\/\\\/lospoliticosveracruz.com\\\/?p=158367#breadcrumb\"},\"inLanguage\":\"es\",\"potentialAction\":[{\"@type\":\"ReadAction\",\"target\":[\"https:\\\/\\\/lospoliticosveracruz.com\\\/?p=158367\"]}]},{\"@type\":\"ImageObject\",\"inLanguage\":\"es\",\"@id\":\"https:\\\/\\\/lospoliticosveracruz.com\\\/?p=158367#primaryimage\",\"url\":\"https:\\\/\\\/lospoliticosveracruz.com\\\/wp-content\\\/uploads\\\/2025\\\/04\\\/Bernardo-Gutierrez-Parra.jpg\",\"contentUrl\":\"https:\\\/\\\/lospoliticosveracruz.com\\\/wp-content\\\/uploads\\\/2025\\\/04\\\/Bernardo-Gutierrez-Parra.jpg\",\"width\":1250,\"height\":667},{\"@type\":\"BreadcrumbList\",\"@id\":\"https:\\\/\\\/lospoliticosveracruz.com\\\/?p=158367#breadcrumb\",\"itemListElement\":[{\"@type\":\"ListItem\",\"position\":1,\"name\":\"Portada\",\"item\":\"https:\\\/\\\/lospoliticosveracruz.com\\\/\"},{\"@type\":\"ListItem\",\"position\":2,\"name\":\"CONTRA TODOS LOS PRON\u00d3STICOS, EPPUR SI MUOVE\"}]},{\"@type\":\"WebSite\",\"@id\":\"https:\\\/\\\/lospoliticosveracruz.com\\\/#website\",\"url\":\"https:\\\/\\\/lospoliticosveracruz.com\\\/\",\"name\":\"Los pol\u00edticos Veracruz\",\"description\":\"\",\"publisher\":{\"@id\":\"https:\\\/\\\/lospoliticosveracruz.com\\\/#organization\"},\"potentialAction\":[{\"@type\":\"SearchAction\",\"target\":{\"@type\":\"EntryPoint\",\"urlTemplate\":\"https:\\\/\\\/lospoliticosveracruz.com\\\/?s={search_term_string}\"},\"query-input\":{\"@type\":\"PropertyValueSpecification\",\"valueRequired\":true,\"valueName\":\"search_term_string\"}}],\"inLanguage\":\"es\"},{\"@type\":\"Organization\",\"@id\":\"https:\\\/\\\/lospoliticosveracruz.com\\\/#organization\",\"name\":\"Los pol\u00edticos Veracruz\",\"url\":\"https:\\\/\\\/lospoliticosveracruz.com\\\/\",\"logo\":{\"@type\":\"ImageObject\",\"inLanguage\":\"es\",\"@id\":\"https:\\\/\\\/lospoliticosveracruz.com\\\/#\\\/schema\\\/logo\\\/image\\\/\",\"url\":\"https:\\\/\\\/lospoliticosveracruz.com\\\/wp-content\\\/uploads\\\/2025\\\/12\\\/Logo-Nuevo-LOS-POLITICOS-1.jpg\",\"contentUrl\":\"https:\\\/\\\/lospoliticosveracruz.com\\\/wp-content\\\/uploads\\\/2025\\\/12\\\/Logo-Nuevo-LOS-POLITICOS-1.jpg\",\"width\":260,\"height\":70,\"caption\":\"Los pol\u00edticos Veracruz\"},\"image\":{\"@id\":\"https:\\\/\\\/lospoliticosveracruz.com\\\/#\\\/schema\\\/logo\\\/image\\\/\"},\"sameAs\":[\"https:\\\/\\\/www.facebook.com\\\/people\\\/Notimemes-de-los-Polticos\\\/61565672886568\\\/\",\"https:\\\/\\\/x.com\\\/LosPoliticosVer\"]},{\"@type\":\"Person\",\"@id\":\"https:\\\/\\\/lospoliticosveracruz.com\\\/#\\\/schema\\\/person\\\/b8702bb0e538456e6efd07080bf2a4a2\",\"name\":\"Lo viste en Los Pol\u00edticos\",\"image\":{\"@type\":\"ImageObject\",\"inLanguage\":\"es\",\"@id\":\"https:\\\/\\\/secure.gravatar.com\\\/avatar\\\/3a8de04a2656d44082be478bd6c086daa447c4651605818287b9532d3d0bd435?s=96&d=mm&r=g\",\"url\":\"https:\\\/\\\/secure.gravatar.com\\\/avatar\\\/3a8de04a2656d44082be478bd6c086daa447c4651605818287b9532d3d0bd435?s=96&d=mm&r=g\",\"contentUrl\":\"https:\\\/\\\/secure.gravatar.com\\\/avatar\\\/3a8de04a2656d44082be478bd6c086daa447c4651605818287b9532d3d0bd435?s=96&d=mm&r=g\",\"caption\":\"Lo viste en Los Pol\u00edticos\"},\"url\":\"https:\\\/\\\/lospoliticosveracruz.com\\\/?author=2\"}]}<\/script>\n<!-- \/ Yoast SEO plugin. -->","yoast_head_json":{"title":"CONTRA TODOS LOS PRON\u00d3STICOS, EPPUR SI MUOVE - Los pol\u00edticos Veracruz","robots":{"index":"index","follow":"follow","max-snippet":"max-snippet:-1","max-image-preview":"max-image-preview:large","max-video-preview":"max-video-preview:-1"},"canonical":"https:\/\/lospoliticosveracruz.com\/?p=158367","og_locale":"es_ES","og_type":"article","og_title":"CONTRA TODOS LOS PRON\u00d3STICOS, EPPUR SI MUOVE - Los pol\u00edticos Veracruz","og_description":"Bernardo Guti\u00e9rrez Parra Desde el Caf\u00e9Para aquellos que se preguntan (si es que alguien lo hace) qu\u00e9 est\u00e1 pasando con el PRI en Veracruz; si a\u00fan vive, si ya falleci\u00f3 y nadie se ha dado cuenta, si sigue en terapia intensiva con esperanzas de llegar al 2030 o si est\u00e1 tan desahuciado que ni siquiera [&hellip;]","og_url":"https:\/\/lospoliticosveracruz.com\/?p=158367","og_site_name":"Los pol\u00edticos Veracruz","article_publisher":"https:\/\/www.facebook.com\/people\/Notimemes-de-los-Polticos\/61565672886568\/","article_published_time":"2025-12-12T16:40:02+00:00","article_modified_time":"2025-12-12T16:40:20+00:00","og_image":[{"width":1250,"height":667,"url":"https:\/\/lospoliticosveracruz.com\/wp-content\/uploads\/2025\/04\/Bernardo-Gutierrez-Parra.jpg","type":"image\/jpeg"}],"author":"Lo viste en Los Pol\u00edticos","twitter_card":"summary_large_image","twitter_creator":"@LosPoliticosVer","twitter_site":"@LosPoliticosVer","twitter_misc":{"Escrito por":"Lo viste en Los Pol\u00edticos","Tiempo de lectura":"3 minutos"},"schema":{"@context":"https:\/\/schema.org","@graph":[{"@type":"Article","@id":"https:\/\/lospoliticosveracruz.com\/?p=158367#article","isPartOf":{"@id":"https:\/\/lospoliticosveracruz.com\/?p=158367"},"author":{"name":"Lo viste en Los Pol\u00edticos","@id":"https:\/\/lospoliticosveracruz.com\/#\/schema\/person\/b8702bb0e538456e6efd07080bf2a4a2"},"headline":"CONTRA TODOS LOS PRON\u00d3STICOS, EPPUR SI MUOVE","datePublished":"2025-12-12T16:40:02+00:00","dateModified":"2025-12-12T16:40:20+00:00","mainEntityOfPage":{"@id":"https:\/\/lospoliticosveracruz.com\/?p=158367"},"wordCount":589,"publisher":{"@id":"https:\/\/lospoliticosveracruz.com\/#organization"},"image":{"@id":"https:\/\/lospoliticosveracruz.com\/?p=158367#primaryimage"},"thumbnailUrl":"https:\/\/lospoliticosveracruz.com\/wp-content\/uploads\/2025\/04\/Bernardo-Gutierrez-Parra.jpg","keywords":["Adolfo Ram\u00edrez Arana","Bernardo Guti\u00e9rrez Parra"],"articleSection":["De Opini\u00f3n"],"inLanguage":"es"},{"@type":"WebPage","@id":"https:\/\/lospoliticosveracruz.com\/?p=158367","url":"https:\/\/lospoliticosveracruz.com\/?p=158367","name":"CONTRA TODOS LOS PRON\u00d3STICOS, EPPUR SI MUOVE - Los pol\u00edticos Veracruz","isPartOf":{"@id":"https:\/\/lospoliticosveracruz.com\/#website"},"primaryImageOfPage":{"@id":"https:\/\/lospoliticosveracruz.com\/?p=158367#primaryimage"},"image":{"@id":"https:\/\/lospoliticosveracruz.com\/?p=158367#primaryimage"},"thumbnailUrl":"https:\/\/lospoliticosveracruz.com\/wp-content\/uploads\/2025\/04\/Bernardo-Gutierrez-Parra.jpg","datePublished":"2025-12-12T16:40:02+00:00","dateModified":"2025-12-12T16:40:20+00:00","breadcrumb":{"@id":"https:\/\/lospoliticosveracruz.com\/?p=158367#breadcrumb"},"inLanguage":"es","potentialAction":[{"@type":"ReadAction","target":["https:\/\/lospoliticosveracruz.com\/?p=158367"]}]},{"@type":"ImageObject","inLanguage":"es","@id":"https:\/\/lospoliticosveracruz.com\/?p=158367#primaryimage","url":"https:\/\/lospoliticosveracruz.com\/wp-content\/uploads\/2025\/04\/Bernardo-Gutierrez-Parra.jpg","contentUrl":"https:\/\/lospoliticosveracruz.com\/wp-content\/uploads\/2025\/04\/Bernardo-Gutierrez-Parra.jpg","width":1250,"height":667},{"@type":"BreadcrumbList","@id":"https:\/\/lospoliticosveracruz.com\/?p=158367#breadcrumb","itemListElement":[{"@type":"ListItem","position":1,"name":"Portada","item":"https:\/\/lospoliticosveracruz.com\/"},{"@type":"ListItem","position":2,"name":"CONTRA TODOS LOS PRON\u00d3STICOS, EPPUR SI MUOVE"}]},{"@type":"WebSite","@id":"https:\/\/lospoliticosveracruz.com\/#website","url":"https:\/\/lospoliticosveracruz.com\/","name":"Los pol\u00edticos Veracruz","description":"","publisher":{"@id":"https:\/\/lospoliticosveracruz.com\/#organization"},"potentialAction":[{"@type":"SearchAction","target":{"@type":"EntryPoint","urlTemplate":"https:\/\/lospoliticosveracruz.com\/?s={search_term_string}"},"query-input":{"@type":"PropertyValueSpecification","valueRequired":true,"valueName":"search_term_string"}}],"inLanguage":"es"},{"@type":"Organization","@id":"https:\/\/lospoliticosveracruz.com\/#organization","name":"Los pol\u00edticos Veracruz","url":"https:\/\/lospoliticosveracruz.com\/","logo":{"@type":"ImageObject","inLanguage":"es","@id":"https:\/\/lospoliticosveracruz.com\/#\/schema\/logo\/image\/","url":"https:\/\/lospoliticosveracruz.com\/wp-content\/uploads\/2025\/12\/Logo-Nuevo-LOS-POLITICOS-1.jpg","contentUrl":"https:\/\/lospoliticosveracruz.com\/wp-content\/uploads\/2025\/12\/Logo-Nuevo-LOS-POLITICOS-1.jpg","width":260,"height":70,"caption":"Los pol\u00edticos Veracruz"},"image":{"@id":"https:\/\/lospoliticosveracruz.com\/#\/schema\/logo\/image\/"},"sameAs":["https:\/\/www.facebook.com\/people\/Notimemes-de-los-Polticos\/61565672886568\/","https:\/\/x.com\/LosPoliticosVer"]},{"@type":"Person","@id":"https:\/\/lospoliticosveracruz.com\/#\/schema\/person\/b8702bb0e538456e6efd07080bf2a4a2","name":"Lo viste en Los Pol\u00edticos","image":{"@type":"ImageObject","inLanguage":"es","@id":"https:\/\/secure.gravatar.com\/avatar\/3a8de04a2656d44082be478bd6c086daa447c4651605818287b9532d3d0bd435?s=96&d=mm&r=g","url":"https:\/\/secure.gravatar.com\/avatar\/3a8de04a2656d44082be478bd6c086daa447c4651605818287b9532d3d0bd435?s=96&d=mm&r=g","contentUrl":"https:\/\/secure.gravatar.com\/avatar\/3a8de04a2656d44082be478bd6c086daa447c4651605818287b9532d3d0bd435?s=96&d=mm&r=g","caption":"Lo viste en Los Pol\u00edticos"},"url":"https:\/\/lospoliticosveracruz.com\/?author=2"}]}},"_links":{"self":[{"href":"https:\/\/lospoliticosveracruz.com\/index.php?rest_route=\/wp\/v2\/posts\/158367","targetHints":{"allow":["GET"]}}],"collection":[{"href":"https:\/\/lospoliticosveracruz.com\/index.php?rest_route=\/wp\/v2\/posts"}],"about":[{"href":"https:\/\/lospoliticosveracruz.com\/index.php?rest_route=\/wp\/v2\/types\/post"}],"author":[{"embeddable":true,"href":"https:\/\/lospoliticosveracruz.com\/index.php?rest_route=\/wp\/v2\/users\/2"}],"replies":[{"embeddable":true,"href":"https:\/\/lospoliticosveracruz.com\/index.php?rest_route=%2Fwp%2Fv2%2Fcomments&post=158367"}],"version-history":[{"count":2,"href":"https:\/\/lospoliticosveracruz.com\/index.php?rest_route=\/wp\/v2\/posts\/158367\/revisions"}],"predecessor-version":[{"id":158369,"href":"https:\/\/lospoliticosveracruz.com\/index.php?rest_route=\/wp\/v2\/posts\/158367\/revisions\/158369"}],"wp:featuredmedia":[{"embeddable":true,"href":"https:\/\/lospoliticosveracruz.com\/index.php?rest_route=\/wp\/v2\/media\/141479"}],"wp:attachment":[{"href":"https:\/\/lospoliticosveracruz.com\/index.php?rest_route=%2Fwp%2Fv2%2Fmedia&parent=158367"}],"wp:term":[{"taxonomy":"category","embeddable":true,"href":"https:\/\/lospoliticosveracruz.com\/index.php?rest_route=%2Fwp%2Fv2%2Fcategories&post=158367"},{"taxonomy":"post_tag","embeddable":true,"href":"https:\/\/lospoliticosveracruz.com\/index.php?rest_route=%2Fwp%2Fv2%2Ftags&post=158367"}],"curies":[{"name":"wp","href":"https:\/\/api.w.org\/{rel}","templated":true}]}}