{"id":158370,"date":"2025-12-12T11:45:00","date_gmt":"2025-12-12T17:45:00","guid":{"rendered":"https:\/\/lospoliticosveracruz.com.mx\/?p=158370"},"modified":"2025-12-12T11:45:16","modified_gmt":"2025-12-12T17:45:16","slug":"gen-z-tambien-es-pueblo-bueno","status":"publish","type":"post","link":"https:\/\/lospoliticosveracruz.com\/?p=158370","title":{"rendered":"GEN Z: TAMBIEN ES PUEBLO BUENO"},"content":{"rendered":"\n<p>S\u00edguenos ahora tambi\u00e9n en WhatsApp.\u00a0\u00a1<a href=\"https:\/\/whatsapp.com\/channel\/0029Va8zRWlEKyZIP3Z1dF0e\"><strong>Da clic aqu\u00ed<\/strong><\/a><strong>!<\/strong><\/p>\n\n\n\n<p><strong>Vicente Luna Hern\u00e1ndez<\/strong><\/p>\n\n\n\n<p>\u00bfQui\u00e9n tiene el monopolio de la inconformidad social? \u00bfEl gobierno? \u00bfLos partidos pol\u00edticos? \u00bfAlg\u00fan l\u00edder social? \u00bfAlg\u00fan empresario acaudalado? \u00bfLa Iglesia o alguna organizaci\u00f3n religiosa? \u00bfLa inconformidad social es patrimonio de alg\u00fan sector social en especial? \u00bfAcaso la inconformidad social ante el poder deja de ser pueblo? \u00bfQui\u00e9n requiere m\u00e1s valor para salir a las calles? \u00bfQui\u00e9n aplaude al poder o quien confronta al poder?<\/p>\n\n\n\n\n\n<p>M\u00e1s all\u00e1 del n\u00famero de j\u00f3venes que salgan a las calles en varios puntos del pa\u00eds y de manera especial en la Ciudad de M\u00e9xico, m\u00e1s all\u00e1 de las consignas que lleven impresas, m\u00e1s all\u00e1 de no haber alg\u00fan liderazgo visible, m\u00e1s all\u00e1 de la salir en la Ciudad de M\u00e9xico 20 mil o 600 mil j\u00f3venes, hay algo que el gobierno en su soberbia no debe hacer: cerrar los ojos para no verlos y taparse los o\u00eddos para no escucharlos, en un gobierno que predica \u201cEl Humanismo Mexicano\u201d la soberbia institucional no tiene cabida.<\/p>\n\n\n\n<p>El pr\u00f3ximo Domingo 14 de Diciembre la famosa Generaci\u00f3n Z se manifestar\u00e1 de nuevo, m\u00e1s all\u00e1 de estar de acuerdo o no con sus consignas y su m\u00e9todo de lucha, \u00bfacaso no tienen derecho a manifestar su inconformidad social? \u00bfAcaso la fortaleza social del PRD &#8211; principal generador de militantes de morena \u2013 no fue la protesta social? \u00bfAcaso la fortaleza pol\u00edtica del fundador del partido pol\u00edtico Morena no fue la protesta social? \u00bfAcaso la inconformidad y la protesta social tienen \u201cdue\u00f1o\u201d en M\u00e9xico? \u00bfAcaso hoy el poder no presume la \u201crevoluci\u00f3n de las conciencias?<\/p>\n\n\n\n<p>No se trata de medir el \u00e9xito de una protesta social por el n\u00famero de manifestantes que sale a las calles, el temor a ciertas represalias \u2013 de cualquier tipo \u2013 por parte del poder est\u00e1 latente e inhibe la participaci\u00f3n social, sin embargo, la verdad en sus reclamos y consignas es su mayor fortaleza social, si bien es cierto 600 mil \u2013 de acuerdo a cifras oficiales- que se congregaci\u00f3n en el Z\u00f3calo en apoyo al gobierno son m\u00e1s que 20 mil \u2013 de acuerdo a cifras oficiales- que los que salieron a las calles el pasado 15N, jam\u00e1s ser\u00e1 motivo -en una democracia \u2013 para minimizar, insultar, burlarse e ignorar a quienes en su legitimo derecho constitucional a manifestarse, han decidido salir a las calles y demostrar que en el pueblo bueno y sabio hay una parte que considera \u201cNo tener nada que celebrar\u201d de la llegada de la llamada 4 Transformaci\u00f3n a M\u00e9xico.<\/p>\n\n\n\n<p>En un pa\u00eds con cerca de 130 millones de mexicanos y con tantas demandas que atender por parte del gobierno federal, si bien es cierto los que salgan a las calles el pr\u00f3ximo 14 NO son todo M\u00e9xico tampoco los que se concentraron a aplaudir en el Z\u00f3calo, M\u00e9xico es mucho m\u00e1s que eso, lo que no se puede negar ni ocultar es que los reclamos de ayer son los reclamos de hoy:<\/p>\n\n\n\n<p>\u201cLa Generaci\u00f3n Z en M\u00e9xico volver\u00e1 a salir a las calles para alzar la voz por un pa\u00eds m\u00e1s justo, seguro y libre de impunidad\u201d.<\/p>\n\n\n\n<p>Se habla de la Generaci\u00f3n Z, como ayer de la Generaci\u00f3n X, los Millennials o la Generaci\u00f3n Y, &#8211; m\u00e1s all\u00e1 de las letras -, \u00bfqu\u00e9 movimiento social se conformar\u00eda si se suman las letras? Es la hora que el gobierno de la rep\u00fablica y el partido morena tengan palabras m\u00e1s amables cuando hablen de la Generaci\u00f3n Z.<\/p>\n\n\n\n<p>El gobierno federal y de los Estados deben reconocer que \u201cno es algo personal\u201d la inconformidad social que se manifieste en las calles, es un reclamo al poder \u2013 m\u00e1s all\u00e1 de quien lo ejerza -, es un grito desesperado para exigir un pa\u00eds: \u201cM\u00e1s justo, seguro y libre de impunidad\u201d \u00bfqui\u00e9n en su sano juicio est\u00e1 en contra de estas demandas? \u00bfAcaso los que hoy ejercen el poder no exig\u00edan ayer desde las calles lo mismo?<\/p>\n\n\n\n<p>Mal har\u00eda el gobierno apostarle todo a los programas sociales sin \u201ccastigar\u201d la corrupci\u00f3n oficial y proteger a quienes \u201chan robado, han mentido y han traicionado al pueblo\u201d solo por portar un chaleco color guinda, la soberbia es mala consejera y el pueblo enojado ni es tan bueno y si es muy sabio.<\/p>\n\n\n\n<p>M\u00e9xico presume de ser un pa\u00eds democr\u00e1tico donde las libertades est\u00e1n garantizadas, el poder debe dar todas las facilidades para la libre manifestaci\u00f3n de las ideas as\u00ed como el derecho de reuni\u00f3n que son derechos constitucionales, ning\u00fan poder pol\u00edtico est\u00e1 por encima del derecho a la libertad y el derecho a una vida libre de violencia, las complicidades entre el poder pol\u00edtico y el crimen organizado &#8211; lamentablemente \u2013 no son cosas del pasado neoliberal y conservador por muchas gr\u00e1ficas y datos que se presuman cada ma\u00f1ana.<\/p>\n\n\n\n<p>Bienvenida la alegr\u00eda, la rebeld\u00eda bien encauzada, la vitalidad, la capacidad de organizaci\u00f3n y el compromiso de involucrarse con los temas de inter\u00e9s p\u00fablico del pa\u00eds de la Generaci\u00f3n Z, el protagonismo y gritos de indignaci\u00f3n social de los j\u00f3venes a nadie debe \u201casustar\u201d y si ver y escuchar.<\/p>\n\n\n\n<p>P.D.- Con el \u00e1nimo que la \u201cMarcha del Silencio\u201d del pr\u00f3ximo 14 sea tan potente que nos recuerde nuestro Himno Nacional que dice: \u201c\u2026 \u201cY retiemble en su centro la tierra al sonoro rugir del ca\u00f1\u00f3n\u201d\u2026Escribir\u00e9 otro d\u00eda.<\/p>\n","protected":false},"excerpt":{"rendered":"<p>Vicente Luna Hern\u00e1ndez \u00bfQui\u00e9n tiene el monopolio de la inconformidad social? \u00bfEl gobierno? \u00bfLos partidos pol\u00edticos? \u00bfAlg\u00fan l\u00edder social? \u00bfAlg\u00fan empresario acaudalado? \u00bfLa Iglesia o alguna organizaci\u00f3n religiosa? \u00bfLa inconformidad social es patrimonio de alg\u00fan sector social en especial? \u00bfAcaso la inconformidad social ante el poder deja de ser pueblo? \u00bfQui\u00e9n requiere m\u00e1s valor para [&hellip;]<\/p>\n","protected":false},"author":2,"featured_media":141415,"comment_status":"closed","ping_status":"closed","sticky":false,"template":"","format":"standard","meta":{"tdm_status":"","tdm_grid_status":"","footnotes":""},"categories":[70],"tags":[15667],"class_list":{"0":"post-158370","1":"post","2":"type-post","3":"status-publish","4":"format-standard","5":"has-post-thumbnail","7":"category-de-opinion","8":"tag-vicente-luna-hernandez"},"yoast_head":"<!-- This site is optimized with the Yoast SEO plugin v27.4 - https:\/\/yoast.com\/product\/yoast-seo-wordpress\/ -->\n<title>GEN Z: TAMBIEN ES PUEBLO BUENO - Los pol\u00edticos Veracruz<\/title>\n<meta name=\"robots\" content=\"index, follow, max-snippet:-1, max-image-preview:large, max-video-preview:-1\" \/>\n<link rel=\"canonical\" href=\"https:\/\/lospoliticosveracruz.com\/?p=158370\" \/>\n<meta property=\"og:locale\" content=\"es_ES\" \/>\n<meta property=\"og:type\" content=\"article\" \/>\n<meta property=\"og:title\" content=\"GEN Z: TAMBIEN ES PUEBLO BUENO - Los pol\u00edticos Veracruz\" \/>\n<meta property=\"og:description\" content=\"Vicente Luna Hern\u00e1ndez \u00bfQui\u00e9n tiene el monopolio de la inconformidad social? \u00bfEl gobierno? \u00bfLos partidos pol\u00edticos? \u00bfAlg\u00fan l\u00edder social? \u00bfAlg\u00fan empresario acaudalado? \u00bfLa Iglesia o alguna organizaci\u00f3n religiosa? \u00bfLa inconformidad social es patrimonio de alg\u00fan sector social en especial? \u00bfAcaso la inconformidad social ante el poder deja de ser pueblo? \u00bfQui\u00e9n requiere m\u00e1s valor para [&hellip;]\" \/>\n<meta property=\"og:url\" content=\"https:\/\/lospoliticosveracruz.com\/?p=158370\" \/>\n<meta property=\"og:site_name\" content=\"Los pol\u00edticos Veracruz\" \/>\n<meta property=\"article:publisher\" content=\"https:\/\/www.facebook.com\/people\/Notimemes-de-los-Polticos\/61565672886568\/\" \/>\n<meta property=\"article:published_time\" content=\"2025-12-12T17:45:00+00:00\" \/>\n<meta property=\"article:modified_time\" content=\"2025-12-12T17:45:16+00:00\" \/>\n<meta property=\"og:image\" content=\"https:\/\/lospoliticosveracruz.com\/wp-content\/uploads\/2025\/04\/Vicente-Luna-Hernandez.jpg\" \/>\n\t<meta property=\"og:image:width\" content=\"1250\" \/>\n\t<meta property=\"og:image:height\" content=\"667\" \/>\n\t<meta property=\"og:image:type\" content=\"image\/jpeg\" \/>\n<meta name=\"author\" content=\"Lo viste en Los Pol\u00edticos\" \/>\n<meta name=\"twitter:card\" content=\"summary_large_image\" \/>\n<meta name=\"twitter:creator\" content=\"@LosPoliticosVer\" \/>\n<meta name=\"twitter:site\" content=\"@LosPoliticosVer\" \/>\n<meta name=\"twitter:label1\" content=\"Escrito por\" \/>\n\t<meta name=\"twitter:data1\" content=\"Lo viste en Los Pol\u00edticos\" \/>\n\t<meta name=\"twitter:label2\" content=\"Tiempo de lectura\" \/>\n\t<meta name=\"twitter:data2\" content=\"5 minutos\" \/>\n<script type=\"application\/ld+json\" class=\"yoast-schema-graph\">{\"@context\":\"https:\\\/\\\/schema.org\",\"@graph\":[{\"@type\":\"Article\",\"@id\":\"https:\\\/\\\/lospoliticosveracruz.com\\\/?p=158370#article\",\"isPartOf\":{\"@id\":\"https:\\\/\\\/lospoliticosveracruz.com\\\/?p=158370\"},\"author\":{\"name\":\"Lo viste en Los Pol\u00edticos\",\"@id\":\"https:\\\/\\\/lospoliticosveracruz.com\\\/#\\\/schema\\\/person\\\/b8702bb0e538456e6efd07080bf2a4a2\"},\"headline\":\"GEN Z: TAMBIEN ES PUEBLO BUENO\",\"datePublished\":\"2025-12-12T17:45:00+00:00\",\"dateModified\":\"2025-12-12T17:45:16+00:00\",\"mainEntityOfPage\":{\"@id\":\"https:\\\/\\\/lospoliticosveracruz.com\\\/?p=158370\"},\"wordCount\":953,\"publisher\":{\"@id\":\"https:\\\/\\\/lospoliticosveracruz.com\\\/#organization\"},\"image\":{\"@id\":\"https:\\\/\\\/lospoliticosveracruz.com\\\/?p=158370#primaryimage\"},\"thumbnailUrl\":\"https:\\\/\\\/lospoliticosveracruz.com\\\/wp-content\\\/uploads\\\/2025\\\/04\\\/Vicente-Luna-Hernandez.jpg\",\"keywords\":[\"Vicente Luna Hern\u00e1ndez\"],\"articleSection\":[\"De Opini\u00f3n\"],\"inLanguage\":\"es\"},{\"@type\":\"WebPage\",\"@id\":\"https:\\\/\\\/lospoliticosveracruz.com\\\/?p=158370\",\"url\":\"https:\\\/\\\/lospoliticosveracruz.com\\\/?p=158370\",\"name\":\"GEN Z: TAMBIEN ES PUEBLO BUENO - Los pol\u00edticos Veracruz\",\"isPartOf\":{\"@id\":\"https:\\\/\\\/lospoliticosveracruz.com\\\/#website\"},\"primaryImageOfPage\":{\"@id\":\"https:\\\/\\\/lospoliticosveracruz.com\\\/?p=158370#primaryimage\"},\"image\":{\"@id\":\"https:\\\/\\\/lospoliticosveracruz.com\\\/?p=158370#primaryimage\"},\"thumbnailUrl\":\"https:\\\/\\\/lospoliticosveracruz.com\\\/wp-content\\\/uploads\\\/2025\\\/04\\\/Vicente-Luna-Hernandez.jpg\",\"datePublished\":\"2025-12-12T17:45:00+00:00\",\"dateModified\":\"2025-12-12T17:45:16+00:00\",\"breadcrumb\":{\"@id\":\"https:\\\/\\\/lospoliticosveracruz.com\\\/?p=158370#breadcrumb\"},\"inLanguage\":\"es\",\"potentialAction\":[{\"@type\":\"ReadAction\",\"target\":[\"https:\\\/\\\/lospoliticosveracruz.com\\\/?p=158370\"]}]},{\"@type\":\"ImageObject\",\"inLanguage\":\"es\",\"@id\":\"https:\\\/\\\/lospoliticosveracruz.com\\\/?p=158370#primaryimage\",\"url\":\"https:\\\/\\\/lospoliticosveracruz.com\\\/wp-content\\\/uploads\\\/2025\\\/04\\\/Vicente-Luna-Hernandez.jpg\",\"contentUrl\":\"https:\\\/\\\/lospoliticosveracruz.com\\\/wp-content\\\/uploads\\\/2025\\\/04\\\/Vicente-Luna-Hernandez.jpg\",\"width\":1250,\"height\":667},{\"@type\":\"BreadcrumbList\",\"@id\":\"https:\\\/\\\/lospoliticosveracruz.com\\\/?p=158370#breadcrumb\",\"itemListElement\":[{\"@type\":\"ListItem\",\"position\":1,\"name\":\"Portada\",\"item\":\"https:\\\/\\\/lospoliticosveracruz.com\\\/\"},{\"@type\":\"ListItem\",\"position\":2,\"name\":\"GEN Z: TAMBIEN ES PUEBLO BUENO\"}]},{\"@type\":\"WebSite\",\"@id\":\"https:\\\/\\\/lospoliticosveracruz.com\\\/#website\",\"url\":\"https:\\\/\\\/lospoliticosveracruz.com\\\/\",\"name\":\"Los pol\u00edticos Veracruz\",\"description\":\"\",\"publisher\":{\"@id\":\"https:\\\/\\\/lospoliticosveracruz.com\\\/#organization\"},\"potentialAction\":[{\"@type\":\"SearchAction\",\"target\":{\"@type\":\"EntryPoint\",\"urlTemplate\":\"https:\\\/\\\/lospoliticosveracruz.com\\\/?s={search_term_string}\"},\"query-input\":{\"@type\":\"PropertyValueSpecification\",\"valueRequired\":true,\"valueName\":\"search_term_string\"}}],\"inLanguage\":\"es\"},{\"@type\":\"Organization\",\"@id\":\"https:\\\/\\\/lospoliticosveracruz.com\\\/#organization\",\"name\":\"Los pol\u00edticos Veracruz\",\"url\":\"https:\\\/\\\/lospoliticosveracruz.com\\\/\",\"logo\":{\"@type\":\"ImageObject\",\"inLanguage\":\"es\",\"@id\":\"https:\\\/\\\/lospoliticosveracruz.com\\\/#\\\/schema\\\/logo\\\/image\\\/\",\"url\":\"https:\\\/\\\/lospoliticosveracruz.com\\\/wp-content\\\/uploads\\\/2025\\\/12\\\/Logo-Nuevo-LOS-POLITICOS-1.jpg\",\"contentUrl\":\"https:\\\/\\\/lospoliticosveracruz.com\\\/wp-content\\\/uploads\\\/2025\\\/12\\\/Logo-Nuevo-LOS-POLITICOS-1.jpg\",\"width\":260,\"height\":70,\"caption\":\"Los pol\u00edticos Veracruz\"},\"image\":{\"@id\":\"https:\\\/\\\/lospoliticosveracruz.com\\\/#\\\/schema\\\/logo\\\/image\\\/\"},\"sameAs\":[\"https:\\\/\\\/www.facebook.com\\\/people\\\/Notimemes-de-los-Polticos\\\/61565672886568\\\/\",\"https:\\\/\\\/x.com\\\/LosPoliticosVer\"]},{\"@type\":\"Person\",\"@id\":\"https:\\\/\\\/lospoliticosveracruz.com\\\/#\\\/schema\\\/person\\\/b8702bb0e538456e6efd07080bf2a4a2\",\"name\":\"Lo viste en Los Pol\u00edticos\",\"image\":{\"@type\":\"ImageObject\",\"inLanguage\":\"es\",\"@id\":\"https:\\\/\\\/secure.gravatar.com\\\/avatar\\\/3a8de04a2656d44082be478bd6c086daa447c4651605818287b9532d3d0bd435?s=96&d=mm&r=g\",\"url\":\"https:\\\/\\\/secure.gravatar.com\\\/avatar\\\/3a8de04a2656d44082be478bd6c086daa447c4651605818287b9532d3d0bd435?s=96&d=mm&r=g\",\"contentUrl\":\"https:\\\/\\\/secure.gravatar.com\\\/avatar\\\/3a8de04a2656d44082be478bd6c086daa447c4651605818287b9532d3d0bd435?s=96&d=mm&r=g\",\"caption\":\"Lo viste en Los Pol\u00edticos\"},\"url\":\"https:\\\/\\\/lospoliticosveracruz.com\\\/?author=2\"}]}<\/script>\n<!-- \/ Yoast SEO plugin. -->","yoast_head_json":{"title":"GEN Z: TAMBIEN ES PUEBLO BUENO - Los pol\u00edticos Veracruz","robots":{"index":"index","follow":"follow","max-snippet":"max-snippet:-1","max-image-preview":"max-image-preview:large","max-video-preview":"max-video-preview:-1"},"canonical":"https:\/\/lospoliticosveracruz.com\/?p=158370","og_locale":"es_ES","og_type":"article","og_title":"GEN Z: TAMBIEN ES PUEBLO BUENO - Los pol\u00edticos Veracruz","og_description":"Vicente Luna Hern\u00e1ndez \u00bfQui\u00e9n tiene el monopolio de la inconformidad social? \u00bfEl gobierno? \u00bfLos partidos pol\u00edticos? \u00bfAlg\u00fan l\u00edder social? \u00bfAlg\u00fan empresario acaudalado? \u00bfLa Iglesia o alguna organizaci\u00f3n religiosa? \u00bfLa inconformidad social es patrimonio de alg\u00fan sector social en especial? \u00bfAcaso la inconformidad social ante el poder deja de ser pueblo? \u00bfQui\u00e9n requiere m\u00e1s valor para [&hellip;]","og_url":"https:\/\/lospoliticosveracruz.com\/?p=158370","og_site_name":"Los pol\u00edticos Veracruz","article_publisher":"https:\/\/www.facebook.com\/people\/Notimemes-de-los-Polticos\/61565672886568\/","article_published_time":"2025-12-12T17:45:00+00:00","article_modified_time":"2025-12-12T17:45:16+00:00","og_image":[{"width":1250,"height":667,"url":"https:\/\/lospoliticosveracruz.com\/wp-content\/uploads\/2025\/04\/Vicente-Luna-Hernandez.jpg","type":"image\/jpeg"}],"author":"Lo viste en Los Pol\u00edticos","twitter_card":"summary_large_image","twitter_creator":"@LosPoliticosVer","twitter_site":"@LosPoliticosVer","twitter_misc":{"Escrito por":"Lo viste en Los Pol\u00edticos","Tiempo de lectura":"5 minutos"},"schema":{"@context":"https:\/\/schema.org","@graph":[{"@type":"Article","@id":"https:\/\/lospoliticosveracruz.com\/?p=158370#article","isPartOf":{"@id":"https:\/\/lospoliticosveracruz.com\/?p=158370"},"author":{"name":"Lo viste en Los Pol\u00edticos","@id":"https:\/\/lospoliticosveracruz.com\/#\/schema\/person\/b8702bb0e538456e6efd07080bf2a4a2"},"headline":"GEN Z: TAMBIEN ES PUEBLO BUENO","datePublished":"2025-12-12T17:45:00+00:00","dateModified":"2025-12-12T17:45:16+00:00","mainEntityOfPage":{"@id":"https:\/\/lospoliticosveracruz.com\/?p=158370"},"wordCount":953,"publisher":{"@id":"https:\/\/lospoliticosveracruz.com\/#organization"},"image":{"@id":"https:\/\/lospoliticosveracruz.com\/?p=158370#primaryimage"},"thumbnailUrl":"https:\/\/lospoliticosveracruz.com\/wp-content\/uploads\/2025\/04\/Vicente-Luna-Hernandez.jpg","keywords":["Vicente Luna Hern\u00e1ndez"],"articleSection":["De Opini\u00f3n"],"inLanguage":"es"},{"@type":"WebPage","@id":"https:\/\/lospoliticosveracruz.com\/?p=158370","url":"https:\/\/lospoliticosveracruz.com\/?p=158370","name":"GEN Z: TAMBIEN ES PUEBLO BUENO - Los pol\u00edticos Veracruz","isPartOf":{"@id":"https:\/\/lospoliticosveracruz.com\/#website"},"primaryImageOfPage":{"@id":"https:\/\/lospoliticosveracruz.com\/?p=158370#primaryimage"},"image":{"@id":"https:\/\/lospoliticosveracruz.com\/?p=158370#primaryimage"},"thumbnailUrl":"https:\/\/lospoliticosveracruz.com\/wp-content\/uploads\/2025\/04\/Vicente-Luna-Hernandez.jpg","datePublished":"2025-12-12T17:45:00+00:00","dateModified":"2025-12-12T17:45:16+00:00","breadcrumb":{"@id":"https:\/\/lospoliticosveracruz.com\/?p=158370#breadcrumb"},"inLanguage":"es","potentialAction":[{"@type":"ReadAction","target":["https:\/\/lospoliticosveracruz.com\/?p=158370"]}]},{"@type":"ImageObject","inLanguage":"es","@id":"https:\/\/lospoliticosveracruz.com\/?p=158370#primaryimage","url":"https:\/\/lospoliticosveracruz.com\/wp-content\/uploads\/2025\/04\/Vicente-Luna-Hernandez.jpg","contentUrl":"https:\/\/lospoliticosveracruz.com\/wp-content\/uploads\/2025\/04\/Vicente-Luna-Hernandez.jpg","width":1250,"height":667},{"@type":"BreadcrumbList","@id":"https:\/\/lospoliticosveracruz.com\/?p=158370#breadcrumb","itemListElement":[{"@type":"ListItem","position":1,"name":"Portada","item":"https:\/\/lospoliticosveracruz.com\/"},{"@type":"ListItem","position":2,"name":"GEN Z: TAMBIEN ES PUEBLO BUENO"}]},{"@type":"WebSite","@id":"https:\/\/lospoliticosveracruz.com\/#website","url":"https:\/\/lospoliticosveracruz.com\/","name":"Los pol\u00edticos Veracruz","description":"","publisher":{"@id":"https:\/\/lospoliticosveracruz.com\/#organization"},"potentialAction":[{"@type":"SearchAction","target":{"@type":"EntryPoint","urlTemplate":"https:\/\/lospoliticosveracruz.com\/?s={search_term_string}"},"query-input":{"@type":"PropertyValueSpecification","valueRequired":true,"valueName":"search_term_string"}}],"inLanguage":"es"},{"@type":"Organization","@id":"https:\/\/lospoliticosveracruz.com\/#organization","name":"Los pol\u00edticos Veracruz","url":"https:\/\/lospoliticosveracruz.com\/","logo":{"@type":"ImageObject","inLanguage":"es","@id":"https:\/\/lospoliticosveracruz.com\/#\/schema\/logo\/image\/","url":"https:\/\/lospoliticosveracruz.com\/wp-content\/uploads\/2025\/12\/Logo-Nuevo-LOS-POLITICOS-1.jpg","contentUrl":"https:\/\/lospoliticosveracruz.com\/wp-content\/uploads\/2025\/12\/Logo-Nuevo-LOS-POLITICOS-1.jpg","width":260,"height":70,"caption":"Los pol\u00edticos Veracruz"},"image":{"@id":"https:\/\/lospoliticosveracruz.com\/#\/schema\/logo\/image\/"},"sameAs":["https:\/\/www.facebook.com\/people\/Notimemes-de-los-Polticos\/61565672886568\/","https:\/\/x.com\/LosPoliticosVer"]},{"@type":"Person","@id":"https:\/\/lospoliticosveracruz.com\/#\/schema\/person\/b8702bb0e538456e6efd07080bf2a4a2","name":"Lo viste en Los Pol\u00edticos","image":{"@type":"ImageObject","inLanguage":"es","@id":"https:\/\/secure.gravatar.com\/avatar\/3a8de04a2656d44082be478bd6c086daa447c4651605818287b9532d3d0bd435?s=96&d=mm&r=g","url":"https:\/\/secure.gravatar.com\/avatar\/3a8de04a2656d44082be478bd6c086daa447c4651605818287b9532d3d0bd435?s=96&d=mm&r=g","contentUrl":"https:\/\/secure.gravatar.com\/avatar\/3a8de04a2656d44082be478bd6c086daa447c4651605818287b9532d3d0bd435?s=96&d=mm&r=g","caption":"Lo viste en Los Pol\u00edticos"},"url":"https:\/\/lospoliticosveracruz.com\/?author=2"}]}},"_links":{"self":[{"href":"https:\/\/lospoliticosveracruz.com\/index.php?rest_route=\/wp\/v2\/posts\/158370","targetHints":{"allow":["GET"]}}],"collection":[{"href":"https:\/\/lospoliticosveracruz.com\/index.php?rest_route=\/wp\/v2\/posts"}],"about":[{"href":"https:\/\/lospoliticosveracruz.com\/index.php?rest_route=\/wp\/v2\/types\/post"}],"author":[{"embeddable":true,"href":"https:\/\/lospoliticosveracruz.com\/index.php?rest_route=\/wp\/v2\/users\/2"}],"replies":[{"embeddable":true,"href":"https:\/\/lospoliticosveracruz.com\/index.php?rest_route=%2Fwp%2Fv2%2Fcomments&post=158370"}],"version-history":[{"count":1,"href":"https:\/\/lospoliticosveracruz.com\/index.php?rest_route=\/wp\/v2\/posts\/158370\/revisions"}],"predecessor-version":[{"id":158371,"href":"https:\/\/lospoliticosveracruz.com\/index.php?rest_route=\/wp\/v2\/posts\/158370\/revisions\/158371"}],"wp:featuredmedia":[{"embeddable":true,"href":"https:\/\/lospoliticosveracruz.com\/index.php?rest_route=\/wp\/v2\/media\/141415"}],"wp:attachment":[{"href":"https:\/\/lospoliticosveracruz.com\/index.php?rest_route=%2Fwp%2Fv2%2Fmedia&parent=158370"}],"wp:term":[{"taxonomy":"category","embeddable":true,"href":"https:\/\/lospoliticosveracruz.com\/index.php?rest_route=%2Fwp%2Fv2%2Fcategories&post=158370"},{"taxonomy":"post_tag","embeddable":true,"href":"https:\/\/lospoliticosveracruz.com\/index.php?rest_route=%2Fwp%2Fv2%2Ftags&post=158370"}],"curies":[{"name":"wp","href":"https:\/\/api.w.org\/{rel}","templated":true}]}}