{"id":158426,"date":"2025-12-13T09:32:12","date_gmt":"2025-12-13T15:32:12","guid":{"rendered":"https:\/\/lospoliticosveracruz.com.mx\/?p=158426"},"modified":"2025-12-13T09:32:52","modified_gmt":"2025-12-13T15:32:52","slug":"los-enemigos-de-nahle-no-son-nuestros","status":"publish","type":"post","link":"https:\/\/lospoliticosveracruz.com\/?p=158426","title":{"rendered":"LOS ENEMIGOS DE NAHLE NO SON NUESTROS"},"content":{"rendered":"\n<p><strong>Inocencio Y\u00e1\u00f1ez Vicencio<\/strong><\/p>\n\n\n\n<p>Sin programa, sin liderazgo, sin estrategia, lo menos que podemos permitir es que quienes hoy destruyen la Rep\u00fablica y la democracia, nos pongan la agenda. Que pasa cuando nos dedicamos a combatir a los enemigos de Roc\u00edo Nahle? Hacerle su chamba. La pol\u00edtica nada tiene que ver filias y fobias. No dudo y menos pretendo que se olviden agravios, cada quien sabr\u00e1 la herida que lleva de la persona que hoy est\u00e1 frente a la inquilina de Palacio de Gobierno, pero para vencer a los morenistas se necesitan fuerzas que capaces de vencer a quienes, muchas veces con nuestros errores encumbramos, no les engordamos m\u00e1s el caldo haci\u00e9ndoles el juego.<br>Hay que estar conscientes que afuera del gobierno hay muchos peores que los que est\u00e1n dentro. En lo personal siempre he desconfiado del purismo. En pol\u00edtica no hay l\u00ednea recta. Los logros a veces pasan por muchas concesiones. Repito de Kant aquello de que : El problema del establecimiento del Estado tiene soluci\u00f3n\u2026incluso para un pueblo de demonios\u2026 siempre que tenga entendimiento. Siempre que siga sus intereses propios de forma racional, el individuo est\u00e1 obligado a : ser un buen ciudadano aunque no est\u00e9 obligado a ser normalmente un buen hombre.<br>Si no queremos terminar asumiendo simples conductas testimoniales tenemos que luchar por un frente amplio, sin ning\u00fan paroxismo idealista pero tampoco en un realismo oportunista. Buscar el punto medio. Ver la pol\u00edtica como el arte de lo posible ( Bismarck) , seria fraudulento. Con raz\u00f3n dec\u00eda Weber que no tiene derecho a lo podible quien no hace lo imposible. Cuando Acosta Naranjo declar\u00f3 que su convocatoria no nada ten\u00eda que ver con ideolog\u00edas, no se dio cuenta o no quer\u00eda aceptar que se mov\u00eda en torno a una ideolog\u00eda retacera, pero ideolog\u00eda. Ni el gran conservador David Hume, se hubiera atrevido a definir un partido al margen de una ideolog\u00eda. Entiendo que sea un pr\u00f3fugo de una ideolog\u00eda pero queriendo huir de ella solo cay\u00f3 en otra ideolog\u00eda peor, que es la del travestismo, tomando en cuenta que la ideolog\u00eda es, antes que nada, revestimiento.<br>Tratando de ir m\u00e1s all\u00e1 de la cr\u00edtica de escritorio, el pasado s\u00e1bado 6 de diciembre estuve cerca del acarreo que realiz\u00f3 Claudia Sheinbaum, vi los miles de autobuses que desde distintas partes del territorios nacional trasladaron contingentes, los pastores que los guiaban, que les daban sus camisetas, su comida y finalmente les pasaban lista de presentes. Gastaron muchos millones en una concentraci\u00f3n que de manera espont\u00e1nea no podr\u00edan realizar. Lo que es cierto es que, como era de esperarse, esta vez no aparecieron los integrantes del Bloque Negro, que ya Raymundo Riva Palacio, se\u00f1al\u00f3 que cobran en el gobierno actual de la Ciudad de M\u00e9xico. Por lo menos ya no hubo polic\u00edas heridos ni joyer\u00edas asaltados, ni posibilidad de acusar a los organizadores del mitin, de los desmanes de los grupos de choque de Morena.<br>El domingo 7 , ya en Xalapa, me permiti tomar fotos a una peregrinaci\u00f3n de camiones de limpia p\u00fablica con estandarte de la Virgen de Guadalupe del H. Ayuntamiento de Xalapa, con el cual el alcalde morenista, declara la muerte del Estado laico, todo para ganar votos, sin importarles que con ello la seudoizquierdista que gobierna nos encamine a un Estado teocr\u00e1tico.<br>Ayer, jueves 11 de diciembre, com\u00eda en un restaurante del puerto de Veracruz, cerca del Acuario, conocido por sus platillos espa\u00f1oles, que casualmente estaban los principales cuadros directivos del FESAPAU, celebrando a la nueva dirigente y otros grupos y personas. Y qu\u00e9 creen ? A las 15. 30 que arriba al lugar Miguel \u00c1ngel Yunes Linares, para comer con otra persona. Pues quiero decirles que en grupos de dos o tres, de un lado y otro, saludaron con respeto y mucho afect\u00f3 a Miguel \u00c1ngel. Esta es la verdad que yo viv\u00ed y de la cual pueden dar fe los directivos universitarios y todos los que ah\u00ed estaban presentes. Ocultarlo, negarlo o distorsionar ese hecho, ser\u00eda deshonestidad. Estoy demuestra que , independientemente de que tengamos diferencias o sentires con \u00e9l, la gente del lugar donde reside, que es la que lo conoce y lo identifica, lo quiere.<br>Es hora que nos preguntamos c\u00f3mo y porqu\u00e9 hemos llegado hasta aqu\u00ed.<br>Quienes nos hicieron odiar al poder, la pol\u00edtica y a los pol\u00edticos, en su af\u00e1n por trasladar la toma de las decisiones comunes de la pol\u00edtica al mercado, hoy lloran, cuando fueron ellos los que le abrieron las puertas a la antipolitica. Morena y AMLO, \u00fanicamente se montaron en la campa\u00f1a antipolitica. Se colocaron fuera de la pol\u00edtica e hicieron pol\u00edtica atacando la pol\u00edtica. Pareciera que no aprendemos. Los populistas vand\u00e1licos que nos gobiernan han destruido la Rep\u00fablica y la democracia, por lo tanto, lo que urge es restaurarlas y para ellos necesitamos una estrategia correcta y esa estrategia comienza por no permitir que nos digan quienes son nuestros compa\u00f1eros de lucha y quienes no; menos que nos impongan un candidato derechista que legitime a una falsa izquierda, que lleve a la poblaci\u00f3n a preferirlos como la opci\u00f3n menos peor.<br>S\u00f3lo una alternativa ampl\u00eda y de contenido social puede hacer que ganemos al electorado, pero esa alternativa hay que construirla.<br>Abrir las puertas a todos no significa entregarnos a los aventureros, oscurantistas y g\u00e1nsters, significa que las puertas est\u00e1n abiertas para los que quieren cambiar el gobierno depredador que traemos por uno que coordine las diferencias y haga posible una mejor vida para la clase productora y trabajadora.<br>Los que quieran seguir atacando a los enemigos de Nahle, seguramente tendr\u00e1n un lugar en alguna ventanilla del gobierno, pero los que quieran cumplir con su papel cr\u00edtico y de servicio a la verdad, no tendr\u00e1n m\u00e1s recompensa que caminar con la frente en la alto.<br>Para terminar el ba\u00f1o de sangre y el saqueo que vive Veracruz, necesitamos a todos, inclusive, a los enemigos de Nahle.<\/p>\n","protected":false},"excerpt":{"rendered":"<p>Inocencio Y\u00e1\u00f1ez Vicencio Sin programa, sin liderazgo, sin estrategia, lo menos que podemos permitir es que quienes hoy destruyen la Rep\u00fablica y la democracia, nos pongan la agenda. Que pasa cuando nos dedicamos a combatir a los enemigos de Roc\u00edo Nahle? Hacerle su chamba. La pol\u00edtica nada tiene que ver filias y fobias. No dudo [&hellip;]<\/p>\n","protected":false},"author":2,"featured_media":141387,"comment_status":"closed","ping_status":"closed","sticky":false,"template":"","format":"standard","meta":{"tdm_status":"","tdm_grid_status":"","footnotes":""},"categories":[70],"tags":[1026,3578,195],"class_list":{"0":"post-158426","1":"post","2":"type-post","3":"status-publish","4":"format-standard","5":"has-post-thumbnail","7":"category-de-opinion","8":"tag-morena","9":"tag-rocio-nahle","10":"tag-veracruz"},"yoast_head":"<!-- This site is optimized with the Yoast SEO plugin v27.4 - https:\/\/yoast.com\/product\/yoast-seo-wordpress\/ -->\n<title>LOS ENEMIGOS DE NAHLE NO SON NUESTROS - Los pol\u00edticos Veracruz<\/title>\n<meta name=\"robots\" content=\"index, follow, max-snippet:-1, max-image-preview:large, max-video-preview:-1\" \/>\n<link rel=\"canonical\" href=\"https:\/\/lospoliticosveracruz.com\/?p=158426\" \/>\n<meta property=\"og:locale\" content=\"es_ES\" \/>\n<meta property=\"og:type\" content=\"article\" \/>\n<meta property=\"og:title\" content=\"LOS ENEMIGOS DE NAHLE NO SON NUESTROS - Los pol\u00edticos Veracruz\" \/>\n<meta property=\"og:description\" content=\"Inocencio Y\u00e1\u00f1ez Vicencio Sin programa, sin liderazgo, sin estrategia, lo menos que podemos permitir es que quienes hoy destruyen la Rep\u00fablica y la democracia, nos pongan la agenda. Que pasa cuando nos dedicamos a combatir a los enemigos de Roc\u00edo Nahle? Hacerle su chamba. La pol\u00edtica nada tiene que ver filias y fobias. No dudo [&hellip;]\" \/>\n<meta property=\"og:url\" content=\"https:\/\/lospoliticosveracruz.com\/?p=158426\" \/>\n<meta property=\"og:site_name\" content=\"Los pol\u00edticos Veracruz\" \/>\n<meta property=\"article:publisher\" content=\"https:\/\/www.facebook.com\/people\/Notimemes-de-los-Polticos\/61565672886568\/\" \/>\n<meta property=\"article:published_time\" content=\"2025-12-13T15:32:12+00:00\" \/>\n<meta property=\"article:modified_time\" content=\"2025-12-13T15:32:52+00:00\" \/>\n<meta property=\"og:image\" content=\"https:\/\/lospoliticosveracruz.com\/wp-content\/uploads\/2025\/04\/Inocencio-Yanez-Vicencio.jpg\" \/>\n\t<meta property=\"og:image:width\" content=\"1250\" \/>\n\t<meta property=\"og:image:height\" content=\"667\" \/>\n\t<meta property=\"og:image:type\" content=\"image\/jpeg\" \/>\n<meta name=\"author\" content=\"Lo viste en Los Pol\u00edticos\" \/>\n<meta name=\"twitter:card\" content=\"summary_large_image\" \/>\n<meta name=\"twitter:creator\" content=\"@LosPoliticosVer\" \/>\n<meta name=\"twitter:site\" content=\"@LosPoliticosVer\" \/>\n<meta name=\"twitter:label1\" content=\"Escrito por\" \/>\n\t<meta name=\"twitter:data1\" content=\"Lo viste en Los Pol\u00edticos\" \/>\n\t<meta name=\"twitter:label2\" content=\"Tiempo de lectura\" \/>\n\t<meta name=\"twitter:data2\" content=\"5 minutos\" \/>\n<script type=\"application\/ld+json\" class=\"yoast-schema-graph\">{\"@context\":\"https:\\\/\\\/schema.org\",\"@graph\":[{\"@type\":\"Article\",\"@id\":\"https:\\\/\\\/lospoliticosveracruz.com\\\/?p=158426#article\",\"isPartOf\":{\"@id\":\"https:\\\/\\\/lospoliticosveracruz.com\\\/?p=158426\"},\"author\":{\"name\":\"Lo viste en Los Pol\u00edticos\",\"@id\":\"https:\\\/\\\/lospoliticosveracruz.com\\\/#\\\/schema\\\/person\\\/b8702bb0e538456e6efd07080bf2a4a2\"},\"headline\":\"LOS ENEMIGOS DE NAHLE NO SON NUESTROS\",\"datePublished\":\"2025-12-13T15:32:12+00:00\",\"dateModified\":\"2025-12-13T15:32:52+00:00\",\"mainEntityOfPage\":{\"@id\":\"https:\\\/\\\/lospoliticosveracruz.com\\\/?p=158426\"},\"wordCount\":1041,\"publisher\":{\"@id\":\"https:\\\/\\\/lospoliticosveracruz.com\\\/#organization\"},\"image\":{\"@id\":\"https:\\\/\\\/lospoliticosveracruz.com\\\/?p=158426#primaryimage\"},\"thumbnailUrl\":\"https:\\\/\\\/lospoliticosveracruz.com\\\/wp-content\\\/uploads\\\/2025\\\/04\\\/Inocencio-Yanez-Vicencio.jpg\",\"keywords\":[\"Morena\",\"Roc\u00edo Nahle\",\"Veracruz\"],\"articleSection\":[\"De Opini\u00f3n\"],\"inLanguage\":\"es\"},{\"@type\":\"WebPage\",\"@id\":\"https:\\\/\\\/lospoliticosveracruz.com\\\/?p=158426\",\"url\":\"https:\\\/\\\/lospoliticosveracruz.com\\\/?p=158426\",\"name\":\"LOS ENEMIGOS DE NAHLE NO SON NUESTROS - Los pol\u00edticos Veracruz\",\"isPartOf\":{\"@id\":\"https:\\\/\\\/lospoliticosveracruz.com\\\/#website\"},\"primaryImageOfPage\":{\"@id\":\"https:\\\/\\\/lospoliticosveracruz.com\\\/?p=158426#primaryimage\"},\"image\":{\"@id\":\"https:\\\/\\\/lospoliticosveracruz.com\\\/?p=158426#primaryimage\"},\"thumbnailUrl\":\"https:\\\/\\\/lospoliticosveracruz.com\\\/wp-content\\\/uploads\\\/2025\\\/04\\\/Inocencio-Yanez-Vicencio.jpg\",\"datePublished\":\"2025-12-13T15:32:12+00:00\",\"dateModified\":\"2025-12-13T15:32:52+00:00\",\"breadcrumb\":{\"@id\":\"https:\\\/\\\/lospoliticosveracruz.com\\\/?p=158426#breadcrumb\"},\"inLanguage\":\"es\",\"potentialAction\":[{\"@type\":\"ReadAction\",\"target\":[\"https:\\\/\\\/lospoliticosveracruz.com\\\/?p=158426\"]}]},{\"@type\":\"ImageObject\",\"inLanguage\":\"es\",\"@id\":\"https:\\\/\\\/lospoliticosveracruz.com\\\/?p=158426#primaryimage\",\"url\":\"https:\\\/\\\/lospoliticosveracruz.com\\\/wp-content\\\/uploads\\\/2025\\\/04\\\/Inocencio-Yanez-Vicencio.jpg\",\"contentUrl\":\"https:\\\/\\\/lospoliticosveracruz.com\\\/wp-content\\\/uploads\\\/2025\\\/04\\\/Inocencio-Yanez-Vicencio.jpg\",\"width\":1250,\"height\":667},{\"@type\":\"BreadcrumbList\",\"@id\":\"https:\\\/\\\/lospoliticosveracruz.com\\\/?p=158426#breadcrumb\",\"itemListElement\":[{\"@type\":\"ListItem\",\"position\":1,\"name\":\"Portada\",\"item\":\"https:\\\/\\\/lospoliticosveracruz.com\\\/\"},{\"@type\":\"ListItem\",\"position\":2,\"name\":\"LOS ENEMIGOS DE NAHLE NO SON NUESTROS\"}]},{\"@type\":\"WebSite\",\"@id\":\"https:\\\/\\\/lospoliticosveracruz.com\\\/#website\",\"url\":\"https:\\\/\\\/lospoliticosveracruz.com\\\/\",\"name\":\"Los pol\u00edticos Veracruz\",\"description\":\"\",\"publisher\":{\"@id\":\"https:\\\/\\\/lospoliticosveracruz.com\\\/#organization\"},\"potentialAction\":[{\"@type\":\"SearchAction\",\"target\":{\"@type\":\"EntryPoint\",\"urlTemplate\":\"https:\\\/\\\/lospoliticosveracruz.com\\\/?s={search_term_string}\"},\"query-input\":{\"@type\":\"PropertyValueSpecification\",\"valueRequired\":true,\"valueName\":\"search_term_string\"}}],\"inLanguage\":\"es\"},{\"@type\":\"Organization\",\"@id\":\"https:\\\/\\\/lospoliticosveracruz.com\\\/#organization\",\"name\":\"Los pol\u00edticos Veracruz\",\"url\":\"https:\\\/\\\/lospoliticosveracruz.com\\\/\",\"logo\":{\"@type\":\"ImageObject\",\"inLanguage\":\"es\",\"@id\":\"https:\\\/\\\/lospoliticosveracruz.com\\\/#\\\/schema\\\/logo\\\/image\\\/\",\"url\":\"https:\\\/\\\/lospoliticosveracruz.com\\\/wp-content\\\/uploads\\\/2025\\\/12\\\/Logo-Nuevo-LOS-POLITICOS-1.jpg\",\"contentUrl\":\"https:\\\/\\\/lospoliticosveracruz.com\\\/wp-content\\\/uploads\\\/2025\\\/12\\\/Logo-Nuevo-LOS-POLITICOS-1.jpg\",\"width\":260,\"height\":70,\"caption\":\"Los pol\u00edticos Veracruz\"},\"image\":{\"@id\":\"https:\\\/\\\/lospoliticosveracruz.com\\\/#\\\/schema\\\/logo\\\/image\\\/\"},\"sameAs\":[\"https:\\\/\\\/www.facebook.com\\\/people\\\/Notimemes-de-los-Polticos\\\/61565672886568\\\/\",\"https:\\\/\\\/x.com\\\/LosPoliticosVer\"]},{\"@type\":\"Person\",\"@id\":\"https:\\\/\\\/lospoliticosveracruz.com\\\/#\\\/schema\\\/person\\\/b8702bb0e538456e6efd07080bf2a4a2\",\"name\":\"Lo viste en Los Pol\u00edticos\",\"image\":{\"@type\":\"ImageObject\",\"inLanguage\":\"es\",\"@id\":\"https:\\\/\\\/secure.gravatar.com\\\/avatar\\\/3a8de04a2656d44082be478bd6c086daa447c4651605818287b9532d3d0bd435?s=96&d=mm&r=g\",\"url\":\"https:\\\/\\\/secure.gravatar.com\\\/avatar\\\/3a8de04a2656d44082be478bd6c086daa447c4651605818287b9532d3d0bd435?s=96&d=mm&r=g\",\"contentUrl\":\"https:\\\/\\\/secure.gravatar.com\\\/avatar\\\/3a8de04a2656d44082be478bd6c086daa447c4651605818287b9532d3d0bd435?s=96&d=mm&r=g\",\"caption\":\"Lo viste en Los Pol\u00edticos\"},\"url\":\"https:\\\/\\\/lospoliticosveracruz.com\\\/?author=2\"}]}<\/script>\n<!-- \/ Yoast SEO plugin. -->","yoast_head_json":{"title":"LOS ENEMIGOS DE NAHLE NO SON NUESTROS - Los pol\u00edticos Veracruz","robots":{"index":"index","follow":"follow","max-snippet":"max-snippet:-1","max-image-preview":"max-image-preview:large","max-video-preview":"max-video-preview:-1"},"canonical":"https:\/\/lospoliticosveracruz.com\/?p=158426","og_locale":"es_ES","og_type":"article","og_title":"LOS ENEMIGOS DE NAHLE NO SON NUESTROS - Los pol\u00edticos Veracruz","og_description":"Inocencio Y\u00e1\u00f1ez Vicencio Sin programa, sin liderazgo, sin estrategia, lo menos que podemos permitir es que quienes hoy destruyen la Rep\u00fablica y la democracia, nos pongan la agenda. Que pasa cuando nos dedicamos a combatir a los enemigos de Roc\u00edo Nahle? Hacerle su chamba. La pol\u00edtica nada tiene que ver filias y fobias. No dudo [&hellip;]","og_url":"https:\/\/lospoliticosveracruz.com\/?p=158426","og_site_name":"Los pol\u00edticos Veracruz","article_publisher":"https:\/\/www.facebook.com\/people\/Notimemes-de-los-Polticos\/61565672886568\/","article_published_time":"2025-12-13T15:32:12+00:00","article_modified_time":"2025-12-13T15:32:52+00:00","og_image":[{"width":1250,"height":667,"url":"https:\/\/lospoliticosveracruz.com\/wp-content\/uploads\/2025\/04\/Inocencio-Yanez-Vicencio.jpg","type":"image\/jpeg"}],"author":"Lo viste en Los Pol\u00edticos","twitter_card":"summary_large_image","twitter_creator":"@LosPoliticosVer","twitter_site":"@LosPoliticosVer","twitter_misc":{"Escrito por":"Lo viste en Los Pol\u00edticos","Tiempo de lectura":"5 minutos"},"schema":{"@context":"https:\/\/schema.org","@graph":[{"@type":"Article","@id":"https:\/\/lospoliticosveracruz.com\/?p=158426#article","isPartOf":{"@id":"https:\/\/lospoliticosveracruz.com\/?p=158426"},"author":{"name":"Lo viste en Los Pol\u00edticos","@id":"https:\/\/lospoliticosveracruz.com\/#\/schema\/person\/b8702bb0e538456e6efd07080bf2a4a2"},"headline":"LOS ENEMIGOS DE NAHLE NO SON NUESTROS","datePublished":"2025-12-13T15:32:12+00:00","dateModified":"2025-12-13T15:32:52+00:00","mainEntityOfPage":{"@id":"https:\/\/lospoliticosveracruz.com\/?p=158426"},"wordCount":1041,"publisher":{"@id":"https:\/\/lospoliticosveracruz.com\/#organization"},"image":{"@id":"https:\/\/lospoliticosveracruz.com\/?p=158426#primaryimage"},"thumbnailUrl":"https:\/\/lospoliticosveracruz.com\/wp-content\/uploads\/2025\/04\/Inocencio-Yanez-Vicencio.jpg","keywords":["Morena","Roc\u00edo Nahle","Veracruz"],"articleSection":["De Opini\u00f3n"],"inLanguage":"es"},{"@type":"WebPage","@id":"https:\/\/lospoliticosveracruz.com\/?p=158426","url":"https:\/\/lospoliticosveracruz.com\/?p=158426","name":"LOS ENEMIGOS DE NAHLE NO SON NUESTROS - Los pol\u00edticos Veracruz","isPartOf":{"@id":"https:\/\/lospoliticosveracruz.com\/#website"},"primaryImageOfPage":{"@id":"https:\/\/lospoliticosveracruz.com\/?p=158426#primaryimage"},"image":{"@id":"https:\/\/lospoliticosveracruz.com\/?p=158426#primaryimage"},"thumbnailUrl":"https:\/\/lospoliticosveracruz.com\/wp-content\/uploads\/2025\/04\/Inocencio-Yanez-Vicencio.jpg","datePublished":"2025-12-13T15:32:12+00:00","dateModified":"2025-12-13T15:32:52+00:00","breadcrumb":{"@id":"https:\/\/lospoliticosveracruz.com\/?p=158426#breadcrumb"},"inLanguage":"es","potentialAction":[{"@type":"ReadAction","target":["https:\/\/lospoliticosveracruz.com\/?p=158426"]}]},{"@type":"ImageObject","inLanguage":"es","@id":"https:\/\/lospoliticosveracruz.com\/?p=158426#primaryimage","url":"https:\/\/lospoliticosveracruz.com\/wp-content\/uploads\/2025\/04\/Inocencio-Yanez-Vicencio.jpg","contentUrl":"https:\/\/lospoliticosveracruz.com\/wp-content\/uploads\/2025\/04\/Inocencio-Yanez-Vicencio.jpg","width":1250,"height":667},{"@type":"BreadcrumbList","@id":"https:\/\/lospoliticosveracruz.com\/?p=158426#breadcrumb","itemListElement":[{"@type":"ListItem","position":1,"name":"Portada","item":"https:\/\/lospoliticosveracruz.com\/"},{"@type":"ListItem","position":2,"name":"LOS ENEMIGOS DE NAHLE NO SON NUESTROS"}]},{"@type":"WebSite","@id":"https:\/\/lospoliticosveracruz.com\/#website","url":"https:\/\/lospoliticosveracruz.com\/","name":"Los pol\u00edticos Veracruz","description":"","publisher":{"@id":"https:\/\/lospoliticosveracruz.com\/#organization"},"potentialAction":[{"@type":"SearchAction","target":{"@type":"EntryPoint","urlTemplate":"https:\/\/lospoliticosveracruz.com\/?s={search_term_string}"},"query-input":{"@type":"PropertyValueSpecification","valueRequired":true,"valueName":"search_term_string"}}],"inLanguage":"es"},{"@type":"Organization","@id":"https:\/\/lospoliticosveracruz.com\/#organization","name":"Los pol\u00edticos Veracruz","url":"https:\/\/lospoliticosveracruz.com\/","logo":{"@type":"ImageObject","inLanguage":"es","@id":"https:\/\/lospoliticosveracruz.com\/#\/schema\/logo\/image\/","url":"https:\/\/lospoliticosveracruz.com\/wp-content\/uploads\/2025\/12\/Logo-Nuevo-LOS-POLITICOS-1.jpg","contentUrl":"https:\/\/lospoliticosveracruz.com\/wp-content\/uploads\/2025\/12\/Logo-Nuevo-LOS-POLITICOS-1.jpg","width":260,"height":70,"caption":"Los pol\u00edticos Veracruz"},"image":{"@id":"https:\/\/lospoliticosveracruz.com\/#\/schema\/logo\/image\/"},"sameAs":["https:\/\/www.facebook.com\/people\/Notimemes-de-los-Polticos\/61565672886568\/","https:\/\/x.com\/LosPoliticosVer"]},{"@type":"Person","@id":"https:\/\/lospoliticosveracruz.com\/#\/schema\/person\/b8702bb0e538456e6efd07080bf2a4a2","name":"Lo viste en Los Pol\u00edticos","image":{"@type":"ImageObject","inLanguage":"es","@id":"https:\/\/secure.gravatar.com\/avatar\/3a8de04a2656d44082be478bd6c086daa447c4651605818287b9532d3d0bd435?s=96&d=mm&r=g","url":"https:\/\/secure.gravatar.com\/avatar\/3a8de04a2656d44082be478bd6c086daa447c4651605818287b9532d3d0bd435?s=96&d=mm&r=g","contentUrl":"https:\/\/secure.gravatar.com\/avatar\/3a8de04a2656d44082be478bd6c086daa447c4651605818287b9532d3d0bd435?s=96&d=mm&r=g","caption":"Lo viste en Los Pol\u00edticos"},"url":"https:\/\/lospoliticosveracruz.com\/?author=2"}]}},"_links":{"self":[{"href":"https:\/\/lospoliticosveracruz.com\/index.php?rest_route=\/wp\/v2\/posts\/158426","targetHints":{"allow":["GET"]}}],"collection":[{"href":"https:\/\/lospoliticosveracruz.com\/index.php?rest_route=\/wp\/v2\/posts"}],"about":[{"href":"https:\/\/lospoliticosveracruz.com\/index.php?rest_route=\/wp\/v2\/types\/post"}],"author":[{"embeddable":true,"href":"https:\/\/lospoliticosveracruz.com\/index.php?rest_route=\/wp\/v2\/users\/2"}],"replies":[{"embeddable":true,"href":"https:\/\/lospoliticosveracruz.com\/index.php?rest_route=%2Fwp%2Fv2%2Fcomments&post=158426"}],"version-history":[{"count":1,"href":"https:\/\/lospoliticosveracruz.com\/index.php?rest_route=\/wp\/v2\/posts\/158426\/revisions"}],"predecessor-version":[{"id":158427,"href":"https:\/\/lospoliticosveracruz.com\/index.php?rest_route=\/wp\/v2\/posts\/158426\/revisions\/158427"}],"wp:featuredmedia":[{"embeddable":true,"href":"https:\/\/lospoliticosveracruz.com\/index.php?rest_route=\/wp\/v2\/media\/141387"}],"wp:attachment":[{"href":"https:\/\/lospoliticosveracruz.com\/index.php?rest_route=%2Fwp%2Fv2%2Fmedia&parent=158426"}],"wp:term":[{"taxonomy":"category","embeddable":true,"href":"https:\/\/lospoliticosveracruz.com\/index.php?rest_route=%2Fwp%2Fv2%2Fcategories&post=158426"},{"taxonomy":"post_tag","embeddable":true,"href":"https:\/\/lospoliticosveracruz.com\/index.php?rest_route=%2Fwp%2Fv2%2Ftags&post=158426"}],"curies":[{"name":"wp","href":"https:\/\/api.w.org\/{rel}","templated":true}]}}