{"id":158458,"date":"2025-12-14T20:21:09","date_gmt":"2025-12-15T02:21:09","guid":{"rendered":"https:\/\/lospoliticosveracruz.com.mx\/?p=158458"},"modified":"2025-12-14T20:22:02","modified_gmt":"2025-12-15T02:22:02","slug":"desconfianza-en-inversionistas","status":"publish","type":"post","link":"https:\/\/lospoliticosveracruz.com\/?p=158458","title":{"rendered":"DESCONFIANZA EN INVERSIONISTAS"},"content":{"rendered":"\n<p>S\u00edguenos ahora tambi\u00e9n en WhatsApp.\u00a0\u00a1<a href=\"https:\/\/whatsapp.com\/channel\/0029Va8zRWlEKyZIP3Z1dF0e\"><strong>Da clic aqu\u00ed<\/strong><\/a><strong>!<\/strong><\/p>\n\n\n\n<p><strong>Carlos Miguel Acosta Bravo*<br><\/strong>Impronta<\/p>\n\n\n\n<p>La reuni\u00f3n del 3 de diciembre de 2025 en Palacio Nacional entre la presidenta Claudia Sheinbaum y empresarios encabezados por Carlos Slim (Grupo Carso), Francisco Cervantes (CCE) y otros del Consejo Mexicano de Negocios (CMN) se centr\u00f3 en reactivar la inversi\u00f3n privada ante el estancamiento econ\u00f3mico (0.3% crecimiento proyectado 2025), alineando al sector privado con el Plan M\u00e9xico para innovaci\u00f3n, infraestructura y nearshoring.\u200b<\/p>\n\n\n\n\n\n<p><br>Los empresarios expusieron preocupaciones por la baja inversi\u00f3n privada (0.3% 2025, 1.1% 2026 de Banxico), ante la incertidumbre jur\u00eddica (generada por la reforma judicial, y litigios fiscales como FEMSA), estabilidad macroecon\u00f3mica, cadenas de suministro globales y oportunidades en manufactura\/energ\u00eda, solicitando mayor certeza para co-invertir con el Estado mexicano.<br>El compromiso de magnates, entre ellos Carlos Slim, son de de invertir 40,000 millones de d\u00f3lares (2.1% PIB), potencialmente impulsando un crecimiento mayor al 1.5% v\u00eda infraestructura, soberan\u00eda productiva y alrededor de 100 mil empleos. Se logr\u00f3 la creaci\u00f3n del Consejo Nacional para la Promoci\u00f3n de Inversiones, con reuniones peri\u00f3dicas para detonar proyectos del Plan M\u00e9xico, con un portafolio mayor a 290 mil millones USD.<br>Se comprometi\u00f3 tambi\u00e9n la Ley de Inversiones en Infraestructura para el Bienestar (la cual se presentar\u00e1 para aprobaci\u00f3n Congreso antes 15 diciembre), misma que tendr\u00e1 ventanilla \u00fanica digital antes del 21 abril 2026, misma que contendr\u00e1 la licitaci\u00f3n 15 polos de bienestar.\u200b<br>La presidenta Claudia Sheinbaum destac\u00f3 \u00abperspectivas coincidentes\u00bb con estabilidad y dinamismo industrial, pero analistas dudan cumplimiento (detalles\/ por el cumplimiento en tiempo pendientes), aunque se fortalece el di\u00e1logo entre gobierno-empresas en contexto de nearshoring.<br>El crecimiento econ\u00f3mico de M\u00e9xico se ha paralizado en 2025, con proyecciones de 0.2-0.4% (consenso financiero\/internacionales), debido a la falta de inversi\u00f3n privada por desconfianza empresarial, agravada por reformas institucionales y riesgos externos como TMEC.\u200b\u200b<br>Existe una creciente incertidumbre por la Reforma al poder Judicial. La elecci\u00f3n popular de jueces (\u00abt\u00f3mbola\u00bb) y contrarreforma al amparo ha erosionado la independencia judicial, pausando la Inversi\u00f3n Extranjera Directa, misma que registr\u00f3 una ca\u00edda del 9% post-reforma, al generar dudas sobre resoluci\u00f3n imparcial de disputas laborales\/contratos. Los empresarios eval\u00faan perfiles judiciales antes de invertir en temas como semiconductores\/aeroespacial, priorizando el estado de derecho.\u200b\u200b<br>El caso FEMSA-SAT y que ha sido interpretado como una violaci\u00f3n cosa juzgada y el atraer casos la Fiscal\u00eda General de la Rep\u00fablica, como el de la activista del Movimiento Contra la Corrupci\u00f3n y la impunidad Mar\u00eda Amparo Casar y el del exgobernador de Chihuahua C\u00e9sar Duarte, son claras referencias de como la tanto la FGR como la SCJN, est\u00e1n reabriendo casos ya juzgados. El cr\u00e9dito fiscal de FEMSA (2,868 MDP, rechazado en una votaci\u00f3n de 8 a 1 en noviembre 2025), pese a cosa juzgada, han sido interpretados como intervenci\u00f3n pol\u00edtica que socava certeza jur\u00eddica y genera desconfianza, alertando a inversionistas sobre riesgos retroactivos. Esto amplifica percepci\u00f3n de decisiones para complacer al r\u00e9gimen de Morena, profundizando desconfianza entre los empresarios.<br>Si a eso sumamos la creciente inseguridad, la sobrecarga fiscal y las presiones por el costo de la deuda por pensiones contributivas y no contributivas (pensiones, que est\u00e1n generando una creciente deuda) y las crecientes tensiones comerciales con el gobierno de Donald Trump completan un complicado escenario geopol\u00edtico y econ\u00f3mico que est\u00e1n estancamiento, limitando dinamismo pese nearshoring.<br>Analistas como Banorte recortaron posiciones en FEMSA (2% exposici\u00f3n), alertando recuperaci\u00f3n pausada por riesgos fiscales retroactivos, mientras Coparmex y American Chamber denuncian abusos del SAT que erosionan certeza contractual. Esto amplifica crecientes temores en alrededor de 100 litigios fiscales de empresas como Alsea y Herdez), pausando la Inversi\u00f3n Extranjea Directa IED y han anulado la planificaci\u00f3n financiera de las empresas ante percepci\u00f3n de judicializaci\u00f3n pol\u00edtica.\u200b Los empresarios priorizan entornos predecibles, frenando inversiones pese nearshoring, con base en los analistas que proyectan una volatilidad continua.<br>En consideraci\u00f3n de todo lo anterior es necesario que el gobierno mexicano genere acciones, no solo discursos que devuelvan la confianza que necesitan los empresarios e inversionistas, pues es un binomio fundamental para la estabilidad y el crecimiento econ\u00f3mico de M\u00e9xico, que permitir\u00e1 el crecimiento y dar\u00e1 certeza y certidumbre y lo mejor crear\u00e1 empleos en la econom\u00eda mexicana en un contexto internacional cada vez m\u00e1s incierto y cambiante de manera cotidiana.<br>Comente u opine a:<br>cacostabravo@yahoo.com.mx<\/p>\n\n\n\n<p>*Maestro en comunicaci\u00f3n por la Universidad Iberoamericana, de la cual form\u00f3 parte del cuerpo acad\u00e9mico de la Licenciatura en comunicaci\u00f3n, as\u00ed como de la Universidad An\u00e1huac, camp\u00fas norte de CDMX.<\/p>\n","protected":false},"excerpt":{"rendered":"<p>Carlos Miguel Acosta Bravo*Impronta La reuni\u00f3n del 3 de diciembre de 2025 en Palacio Nacional entre la presidenta Claudia Sheinbaum y empresarios encabezados por Carlos Slim (Grupo Carso), Francisco Cervantes (CCE) y otros del Consejo Mexicano de Negocios (CMN) se centr\u00f3 en reactivar la inversi\u00f3n privada ante el estancamiento econ\u00f3mico (0.3% crecimiento proyectado 2025), alineando [&hellip;]<\/p>\n","protected":false},"author":2,"featured_media":141377,"comment_status":"closed","ping_status":"closed","sticky":false,"template":"","format":"standard","meta":{"tdm_status":"","tdm_grid_status":"","footnotes":""},"categories":[70],"tags":[43287],"class_list":{"0":"post-158458","1":"post","2":"type-post","3":"status-publish","4":"format-standard","5":"has-post-thumbnail","7":"category-de-opinion","8":"tag-carlos-miguel-acosta-bravo"},"yoast_head":"<!-- This site is optimized with the Yoast SEO plugin v27.4 - https:\/\/yoast.com\/product\/yoast-seo-wordpress\/ -->\n<title>DESCONFIANZA EN INVERSIONISTAS - Los pol\u00edticos Veracruz<\/title>\n<meta name=\"robots\" content=\"index, follow, max-snippet:-1, max-image-preview:large, max-video-preview:-1\" \/>\n<link rel=\"canonical\" href=\"https:\/\/lospoliticosveracruz.com\/?p=158458\" \/>\n<meta property=\"og:locale\" content=\"es_ES\" \/>\n<meta property=\"og:type\" content=\"article\" \/>\n<meta property=\"og:title\" content=\"DESCONFIANZA EN INVERSIONISTAS - Los pol\u00edticos Veracruz\" \/>\n<meta property=\"og:description\" content=\"Carlos Miguel Acosta Bravo*Impronta La reuni\u00f3n del 3 de diciembre de 2025 en Palacio Nacional entre la presidenta Claudia Sheinbaum y empresarios encabezados por Carlos Slim (Grupo Carso), Francisco Cervantes (CCE) y otros del Consejo Mexicano de Negocios (CMN) se centr\u00f3 en reactivar la inversi\u00f3n privada ante el estancamiento econ\u00f3mico (0.3% crecimiento proyectado 2025), alineando [&hellip;]\" \/>\n<meta property=\"og:url\" content=\"https:\/\/lospoliticosveracruz.com\/?p=158458\" \/>\n<meta property=\"og:site_name\" content=\"Los pol\u00edticos Veracruz\" \/>\n<meta property=\"article:publisher\" content=\"https:\/\/www.facebook.com\/people\/Notimemes-de-los-Polticos\/61565672886568\/\" \/>\n<meta property=\"article:published_time\" content=\"2025-12-15T02:21:09+00:00\" \/>\n<meta property=\"article:modified_time\" content=\"2025-12-15T02:22:02+00:00\" \/>\n<meta property=\"og:image\" content=\"https:\/\/lospoliticosveracruz.com\/wp-content\/uploads\/2025\/04\/Carlos-Miguel-Acosta-Bravo.jpg\" \/>\n\t<meta property=\"og:image:width\" content=\"1250\" \/>\n\t<meta property=\"og:image:height\" content=\"667\" \/>\n\t<meta property=\"og:image:type\" content=\"image\/jpeg\" \/>\n<meta name=\"author\" content=\"Lo viste en Los Pol\u00edticos\" \/>\n<meta name=\"twitter:card\" content=\"summary_large_image\" \/>\n<meta name=\"twitter:creator\" content=\"@LosPoliticosVer\" \/>\n<meta name=\"twitter:site\" content=\"@LosPoliticosVer\" \/>\n<meta name=\"twitter:label1\" content=\"Escrito por\" \/>\n\t<meta name=\"twitter:data1\" content=\"Lo viste en Los Pol\u00edticos\" \/>\n\t<meta name=\"twitter:label2\" content=\"Tiempo de lectura\" \/>\n\t<meta name=\"twitter:data2\" content=\"4 minutos\" \/>\n<script type=\"application\/ld+json\" class=\"yoast-schema-graph\">{\"@context\":\"https:\\\/\\\/schema.org\",\"@graph\":[{\"@type\":\"Article\",\"@id\":\"https:\\\/\\\/lospoliticosveracruz.com\\\/?p=158458#article\",\"isPartOf\":{\"@id\":\"https:\\\/\\\/lospoliticosveracruz.com\\\/?p=158458\"},\"author\":{\"name\":\"Lo viste en Los Pol\u00edticos\",\"@id\":\"https:\\\/\\\/lospoliticosveracruz.com\\\/#\\\/schema\\\/person\\\/b8702bb0e538456e6efd07080bf2a4a2\"},\"headline\":\"DESCONFIANZA EN INVERSIONISTAS\",\"datePublished\":\"2025-12-15T02:21:09+00:00\",\"dateModified\":\"2025-12-15T02:22:02+00:00\",\"mainEntityOfPage\":{\"@id\":\"https:\\\/\\\/lospoliticosveracruz.com\\\/?p=158458\"},\"wordCount\":774,\"publisher\":{\"@id\":\"https:\\\/\\\/lospoliticosveracruz.com\\\/#organization\"},\"image\":{\"@id\":\"https:\\\/\\\/lospoliticosveracruz.com\\\/?p=158458#primaryimage\"},\"thumbnailUrl\":\"https:\\\/\\\/lospoliticosveracruz.com\\\/wp-content\\\/uploads\\\/2025\\\/04\\\/Carlos-Miguel-Acosta-Bravo.jpg\",\"keywords\":[\"Carlos Miguel Acosta Bravo*\"],\"articleSection\":[\"De Opini\u00f3n\"],\"inLanguage\":\"es\"},{\"@type\":\"WebPage\",\"@id\":\"https:\\\/\\\/lospoliticosveracruz.com\\\/?p=158458\",\"url\":\"https:\\\/\\\/lospoliticosveracruz.com\\\/?p=158458\",\"name\":\"DESCONFIANZA EN INVERSIONISTAS - Los pol\u00edticos Veracruz\",\"isPartOf\":{\"@id\":\"https:\\\/\\\/lospoliticosveracruz.com\\\/#website\"},\"primaryImageOfPage\":{\"@id\":\"https:\\\/\\\/lospoliticosveracruz.com\\\/?p=158458#primaryimage\"},\"image\":{\"@id\":\"https:\\\/\\\/lospoliticosveracruz.com\\\/?p=158458#primaryimage\"},\"thumbnailUrl\":\"https:\\\/\\\/lospoliticosveracruz.com\\\/wp-content\\\/uploads\\\/2025\\\/04\\\/Carlos-Miguel-Acosta-Bravo.jpg\",\"datePublished\":\"2025-12-15T02:21:09+00:00\",\"dateModified\":\"2025-12-15T02:22:02+00:00\",\"breadcrumb\":{\"@id\":\"https:\\\/\\\/lospoliticosveracruz.com\\\/?p=158458#breadcrumb\"},\"inLanguage\":\"es\",\"potentialAction\":[{\"@type\":\"ReadAction\",\"target\":[\"https:\\\/\\\/lospoliticosveracruz.com\\\/?p=158458\"]}]},{\"@type\":\"ImageObject\",\"inLanguage\":\"es\",\"@id\":\"https:\\\/\\\/lospoliticosveracruz.com\\\/?p=158458#primaryimage\",\"url\":\"https:\\\/\\\/lospoliticosveracruz.com\\\/wp-content\\\/uploads\\\/2025\\\/04\\\/Carlos-Miguel-Acosta-Bravo.jpg\",\"contentUrl\":\"https:\\\/\\\/lospoliticosveracruz.com\\\/wp-content\\\/uploads\\\/2025\\\/04\\\/Carlos-Miguel-Acosta-Bravo.jpg\",\"width\":1250,\"height\":667},{\"@type\":\"BreadcrumbList\",\"@id\":\"https:\\\/\\\/lospoliticosveracruz.com\\\/?p=158458#breadcrumb\",\"itemListElement\":[{\"@type\":\"ListItem\",\"position\":1,\"name\":\"Portada\",\"item\":\"https:\\\/\\\/lospoliticosveracruz.com\\\/\"},{\"@type\":\"ListItem\",\"position\":2,\"name\":\"DESCONFIANZA EN INVERSIONISTAS\"}]},{\"@type\":\"WebSite\",\"@id\":\"https:\\\/\\\/lospoliticosveracruz.com\\\/#website\",\"url\":\"https:\\\/\\\/lospoliticosveracruz.com\\\/\",\"name\":\"Los pol\u00edticos Veracruz\",\"description\":\"\",\"publisher\":{\"@id\":\"https:\\\/\\\/lospoliticosveracruz.com\\\/#organization\"},\"potentialAction\":[{\"@type\":\"SearchAction\",\"target\":{\"@type\":\"EntryPoint\",\"urlTemplate\":\"https:\\\/\\\/lospoliticosveracruz.com\\\/?s={search_term_string}\"},\"query-input\":{\"@type\":\"PropertyValueSpecification\",\"valueRequired\":true,\"valueName\":\"search_term_string\"}}],\"inLanguage\":\"es\"},{\"@type\":\"Organization\",\"@id\":\"https:\\\/\\\/lospoliticosveracruz.com\\\/#organization\",\"name\":\"Los pol\u00edticos Veracruz\",\"url\":\"https:\\\/\\\/lospoliticosveracruz.com\\\/\",\"logo\":{\"@type\":\"ImageObject\",\"inLanguage\":\"es\",\"@id\":\"https:\\\/\\\/lospoliticosveracruz.com\\\/#\\\/schema\\\/logo\\\/image\\\/\",\"url\":\"https:\\\/\\\/lospoliticosveracruz.com\\\/wp-content\\\/uploads\\\/2025\\\/12\\\/Logo-Nuevo-LOS-POLITICOS-1.jpg\",\"contentUrl\":\"https:\\\/\\\/lospoliticosveracruz.com\\\/wp-content\\\/uploads\\\/2025\\\/12\\\/Logo-Nuevo-LOS-POLITICOS-1.jpg\",\"width\":260,\"height\":70,\"caption\":\"Los pol\u00edticos Veracruz\"},\"image\":{\"@id\":\"https:\\\/\\\/lospoliticosveracruz.com\\\/#\\\/schema\\\/logo\\\/image\\\/\"},\"sameAs\":[\"https:\\\/\\\/www.facebook.com\\\/people\\\/Notimemes-de-los-Polticos\\\/61565672886568\\\/\",\"https:\\\/\\\/x.com\\\/LosPoliticosVer\"]},{\"@type\":\"Person\",\"@id\":\"https:\\\/\\\/lospoliticosveracruz.com\\\/#\\\/schema\\\/person\\\/b8702bb0e538456e6efd07080bf2a4a2\",\"name\":\"Lo viste en Los Pol\u00edticos\",\"image\":{\"@type\":\"ImageObject\",\"inLanguage\":\"es\",\"@id\":\"https:\\\/\\\/secure.gravatar.com\\\/avatar\\\/3a8de04a2656d44082be478bd6c086daa447c4651605818287b9532d3d0bd435?s=96&d=mm&r=g\",\"url\":\"https:\\\/\\\/secure.gravatar.com\\\/avatar\\\/3a8de04a2656d44082be478bd6c086daa447c4651605818287b9532d3d0bd435?s=96&d=mm&r=g\",\"contentUrl\":\"https:\\\/\\\/secure.gravatar.com\\\/avatar\\\/3a8de04a2656d44082be478bd6c086daa447c4651605818287b9532d3d0bd435?s=96&d=mm&r=g\",\"caption\":\"Lo viste en Los Pol\u00edticos\"},\"url\":\"https:\\\/\\\/lospoliticosveracruz.com\\\/?author=2\"}]}<\/script>\n<!-- \/ Yoast SEO plugin. -->","yoast_head_json":{"title":"DESCONFIANZA EN INVERSIONISTAS - Los pol\u00edticos Veracruz","robots":{"index":"index","follow":"follow","max-snippet":"max-snippet:-1","max-image-preview":"max-image-preview:large","max-video-preview":"max-video-preview:-1"},"canonical":"https:\/\/lospoliticosveracruz.com\/?p=158458","og_locale":"es_ES","og_type":"article","og_title":"DESCONFIANZA EN INVERSIONISTAS - Los pol\u00edticos Veracruz","og_description":"Carlos Miguel Acosta Bravo*Impronta La reuni\u00f3n del 3 de diciembre de 2025 en Palacio Nacional entre la presidenta Claudia Sheinbaum y empresarios encabezados por Carlos Slim (Grupo Carso), Francisco Cervantes (CCE) y otros del Consejo Mexicano de Negocios (CMN) se centr\u00f3 en reactivar la inversi\u00f3n privada ante el estancamiento econ\u00f3mico (0.3% crecimiento proyectado 2025), alineando [&hellip;]","og_url":"https:\/\/lospoliticosveracruz.com\/?p=158458","og_site_name":"Los pol\u00edticos Veracruz","article_publisher":"https:\/\/www.facebook.com\/people\/Notimemes-de-los-Polticos\/61565672886568\/","article_published_time":"2025-12-15T02:21:09+00:00","article_modified_time":"2025-12-15T02:22:02+00:00","og_image":[{"width":1250,"height":667,"url":"https:\/\/lospoliticosveracruz.com\/wp-content\/uploads\/2025\/04\/Carlos-Miguel-Acosta-Bravo.jpg","type":"image\/jpeg"}],"author":"Lo viste en Los Pol\u00edticos","twitter_card":"summary_large_image","twitter_creator":"@LosPoliticosVer","twitter_site":"@LosPoliticosVer","twitter_misc":{"Escrito por":"Lo viste en Los Pol\u00edticos","Tiempo de lectura":"4 minutos"},"schema":{"@context":"https:\/\/schema.org","@graph":[{"@type":"Article","@id":"https:\/\/lospoliticosveracruz.com\/?p=158458#article","isPartOf":{"@id":"https:\/\/lospoliticosveracruz.com\/?p=158458"},"author":{"name":"Lo viste en Los Pol\u00edticos","@id":"https:\/\/lospoliticosveracruz.com\/#\/schema\/person\/b8702bb0e538456e6efd07080bf2a4a2"},"headline":"DESCONFIANZA EN INVERSIONISTAS","datePublished":"2025-12-15T02:21:09+00:00","dateModified":"2025-12-15T02:22:02+00:00","mainEntityOfPage":{"@id":"https:\/\/lospoliticosveracruz.com\/?p=158458"},"wordCount":774,"publisher":{"@id":"https:\/\/lospoliticosveracruz.com\/#organization"},"image":{"@id":"https:\/\/lospoliticosveracruz.com\/?p=158458#primaryimage"},"thumbnailUrl":"https:\/\/lospoliticosveracruz.com\/wp-content\/uploads\/2025\/04\/Carlos-Miguel-Acosta-Bravo.jpg","keywords":["Carlos Miguel Acosta Bravo*"],"articleSection":["De Opini\u00f3n"],"inLanguage":"es"},{"@type":"WebPage","@id":"https:\/\/lospoliticosveracruz.com\/?p=158458","url":"https:\/\/lospoliticosveracruz.com\/?p=158458","name":"DESCONFIANZA EN INVERSIONISTAS - Los pol\u00edticos Veracruz","isPartOf":{"@id":"https:\/\/lospoliticosveracruz.com\/#website"},"primaryImageOfPage":{"@id":"https:\/\/lospoliticosveracruz.com\/?p=158458#primaryimage"},"image":{"@id":"https:\/\/lospoliticosveracruz.com\/?p=158458#primaryimage"},"thumbnailUrl":"https:\/\/lospoliticosveracruz.com\/wp-content\/uploads\/2025\/04\/Carlos-Miguel-Acosta-Bravo.jpg","datePublished":"2025-12-15T02:21:09+00:00","dateModified":"2025-12-15T02:22:02+00:00","breadcrumb":{"@id":"https:\/\/lospoliticosveracruz.com\/?p=158458#breadcrumb"},"inLanguage":"es","potentialAction":[{"@type":"ReadAction","target":["https:\/\/lospoliticosveracruz.com\/?p=158458"]}]},{"@type":"ImageObject","inLanguage":"es","@id":"https:\/\/lospoliticosveracruz.com\/?p=158458#primaryimage","url":"https:\/\/lospoliticosveracruz.com\/wp-content\/uploads\/2025\/04\/Carlos-Miguel-Acosta-Bravo.jpg","contentUrl":"https:\/\/lospoliticosveracruz.com\/wp-content\/uploads\/2025\/04\/Carlos-Miguel-Acosta-Bravo.jpg","width":1250,"height":667},{"@type":"BreadcrumbList","@id":"https:\/\/lospoliticosveracruz.com\/?p=158458#breadcrumb","itemListElement":[{"@type":"ListItem","position":1,"name":"Portada","item":"https:\/\/lospoliticosveracruz.com\/"},{"@type":"ListItem","position":2,"name":"DESCONFIANZA EN INVERSIONISTAS"}]},{"@type":"WebSite","@id":"https:\/\/lospoliticosveracruz.com\/#website","url":"https:\/\/lospoliticosveracruz.com\/","name":"Los pol\u00edticos Veracruz","description":"","publisher":{"@id":"https:\/\/lospoliticosveracruz.com\/#organization"},"potentialAction":[{"@type":"SearchAction","target":{"@type":"EntryPoint","urlTemplate":"https:\/\/lospoliticosveracruz.com\/?s={search_term_string}"},"query-input":{"@type":"PropertyValueSpecification","valueRequired":true,"valueName":"search_term_string"}}],"inLanguage":"es"},{"@type":"Organization","@id":"https:\/\/lospoliticosveracruz.com\/#organization","name":"Los pol\u00edticos Veracruz","url":"https:\/\/lospoliticosveracruz.com\/","logo":{"@type":"ImageObject","inLanguage":"es","@id":"https:\/\/lospoliticosveracruz.com\/#\/schema\/logo\/image\/","url":"https:\/\/lospoliticosveracruz.com\/wp-content\/uploads\/2025\/12\/Logo-Nuevo-LOS-POLITICOS-1.jpg","contentUrl":"https:\/\/lospoliticosveracruz.com\/wp-content\/uploads\/2025\/12\/Logo-Nuevo-LOS-POLITICOS-1.jpg","width":260,"height":70,"caption":"Los pol\u00edticos Veracruz"},"image":{"@id":"https:\/\/lospoliticosveracruz.com\/#\/schema\/logo\/image\/"},"sameAs":["https:\/\/www.facebook.com\/people\/Notimemes-de-los-Polticos\/61565672886568\/","https:\/\/x.com\/LosPoliticosVer"]},{"@type":"Person","@id":"https:\/\/lospoliticosveracruz.com\/#\/schema\/person\/b8702bb0e538456e6efd07080bf2a4a2","name":"Lo viste en Los Pol\u00edticos","image":{"@type":"ImageObject","inLanguage":"es","@id":"https:\/\/secure.gravatar.com\/avatar\/3a8de04a2656d44082be478bd6c086daa447c4651605818287b9532d3d0bd435?s=96&d=mm&r=g","url":"https:\/\/secure.gravatar.com\/avatar\/3a8de04a2656d44082be478bd6c086daa447c4651605818287b9532d3d0bd435?s=96&d=mm&r=g","contentUrl":"https:\/\/secure.gravatar.com\/avatar\/3a8de04a2656d44082be478bd6c086daa447c4651605818287b9532d3d0bd435?s=96&d=mm&r=g","caption":"Lo viste en Los Pol\u00edticos"},"url":"https:\/\/lospoliticosveracruz.com\/?author=2"}]}},"_links":{"self":[{"href":"https:\/\/lospoliticosveracruz.com\/index.php?rest_route=\/wp\/v2\/posts\/158458","targetHints":{"allow":["GET"]}}],"collection":[{"href":"https:\/\/lospoliticosveracruz.com\/index.php?rest_route=\/wp\/v2\/posts"}],"about":[{"href":"https:\/\/lospoliticosveracruz.com\/index.php?rest_route=\/wp\/v2\/types\/post"}],"author":[{"embeddable":true,"href":"https:\/\/lospoliticosveracruz.com\/index.php?rest_route=\/wp\/v2\/users\/2"}],"replies":[{"embeddable":true,"href":"https:\/\/lospoliticosveracruz.com\/index.php?rest_route=%2Fwp%2Fv2%2Fcomments&post=158458"}],"version-history":[{"count":1,"href":"https:\/\/lospoliticosveracruz.com\/index.php?rest_route=\/wp\/v2\/posts\/158458\/revisions"}],"predecessor-version":[{"id":158459,"href":"https:\/\/lospoliticosveracruz.com\/index.php?rest_route=\/wp\/v2\/posts\/158458\/revisions\/158459"}],"wp:featuredmedia":[{"embeddable":true,"href":"https:\/\/lospoliticosveracruz.com\/index.php?rest_route=\/wp\/v2\/media\/141377"}],"wp:attachment":[{"href":"https:\/\/lospoliticosveracruz.com\/index.php?rest_route=%2Fwp%2Fv2%2Fmedia&parent=158458"}],"wp:term":[{"taxonomy":"category","embeddable":true,"href":"https:\/\/lospoliticosveracruz.com\/index.php?rest_route=%2Fwp%2Fv2%2Fcategories&post=158458"},{"taxonomy":"post_tag","embeddable":true,"href":"https:\/\/lospoliticosveracruz.com\/index.php?rest_route=%2Fwp%2Fv2%2Ftags&post=158458"}],"curies":[{"name":"wp","href":"https:\/\/api.w.org\/{rel}","templated":true}]}}