{"id":158470,"date":"2025-12-15T06:13:04","date_gmt":"2025-12-15T12:13:04","guid":{"rendered":"https:\/\/lospoliticosveracruz.com.mx\/?p=158470"},"modified":"2025-12-15T06:16:34","modified_gmt":"2025-12-15T12:16:34","slug":"los-traidores-son-para-siempre","status":"publish","type":"post","link":"https:\/\/lospoliticosveracruz.com\/?p=158470","title":{"rendered":"LOS TRAIDORES SON PARA SIEMPRE"},"content":{"rendered":"\n<p><strong>Bernardo Guti\u00e9rrez Parra<\/strong><\/p>\n\n\n\n<p><em>Desde el Caf\u00e9<\/em><br>El tema de los aranceles que M\u00e9xico impondr\u00e1 a las naciones asi\u00e1ticas, principalmente a China, estaba m\u00e1s que planchado el mi\u00e9rcoles anterior en el Senado y s\u00f3lo faltaba el formulismo de la votaci\u00f3n. Con Morena y aliados sufragando a favor nada ten\u00eda que hacer la oposici\u00f3n, pero bueno, vamos a darles chance de que suban a la tribuna, no nos vayan a acusar de montoneros y abusivos.<\/p>\n\n\n\n\n\n<p>Quien subi\u00f3 fue el senador Marko Cort\u00e9s del PAN y solt\u00f3 el carambazo. \u201cEl grupo parlamentario de Acci\u00f3n Nacional ha decido votar en abstenci\u00f3n, particularmente, porque nuevamente (los morenos) est\u00e1n abusando de la mayor\u00eda que compraron, de los senadores que cooptaron con \u00f3rdenes de aprehensi\u00f3n y con dinero\u201d dijo en clara alusi\u00f3n a Miguel \u00c1ngel Yunes M\u00e1rquez.<\/p>\n\n\n\n<p>Apenas oy\u00f3 esto, Gerardo Fern\u00e1ndez Noro\u00f1a salt\u00f3 de su curul: \u201cLes pese lo que les pese y les disguste lo que les disguste, el senador Yunes es un compa\u00f1ero nuestro\u2026 que ha aportado con mucha val\u00eda a nuestro movimiento. Efectivamente, su voto fue clave para la transformaci\u00f3n y democratizaci\u00f3n del Poder Judicial. Y por m\u00e1s que respiren por la herida, as\u00ed ser\u00e1 y es valorado por nosotros, en toda su dimensi\u00f3n, en toda su validez\u201d.<\/p>\n\n\n\n<p>Pero faltaba escuchar al aludido.<\/p>\n\n\n\n<p>\u201cDurante mucho tiempo he guardado silencio frente al linchamiento orquestado en mi contra por quienes durante a\u00f1os fueron mis compa\u00f1eros y llegu\u00e9 a pensar que eran mis amigos. La raz\u00f3n de sus ofensas fue que coincid\u00ed con la presidenta Claudia Sheinbaum y di mi voto a favor de la reforma judicial. Hoy, despu\u00e9s de vivir toda esta dif\u00edcil circunstancia y de valorar lo sucedido, quiero decirlo con toda la fuerza de mi ser y de mis convicciones; volver\u00eda a votar en el sentido que lo hice y apoyar con mi voto a la presidenta de la Rep\u00fablica\u201d, dijo Yunes M\u00e1rquez.<\/p>\n\n\n\n<p>Como estaba tocando un tema ajeno al orden del d\u00eda, la presidenta del Senado Laura Itzel Castillo le pidi\u00f3 que se ajustara al protocolo, pero Miguel \u00c1ngel no la escuch\u00f3:<\/p>\n\n\n\n<p>\u201cLos miserables que patrocinaron la campa\u00f1a en contra nuestra y que siguen con su discurso cobarde y agraviante hoy han quedado reducidos a lo que han sido siempre: a nada, a cero. Quisieron obligarme a dar mi voto para que ellos cumplieran con el compromiso que hab\u00edan adquirido con quienes quer\u00edan que el Poder Judicial se mantuviera sin cambio\u2026<\/p>\n\n\n\n<p>\u201cPrimero, me ofrecieron convertirme en h\u00e9roe. Despu\u00e9s me lincharon p\u00fablicamente por ejercer mi derecho constitucional de votar de la manera que yo quiera\u2026 Pero no contaban con que yo tengo algo que a ellos les falta, tengo valor y tengo car\u00e1cter. A este miserable que hace unos minutos se subi\u00f3 a la tribuna con un discurso cobarde, a querer revivir la campa\u00f1a de linchamiento en mi contra y, adem\u00e1s de faltarle valor, le falta memoria. Olvida que fuimos los Yunes quienes les dimos vida al PAN en Veracruz, integrado hasta entonces por mediocres bur\u00f3cratas como \u00e9l que no ten\u00edan liderazgo alguno entre los veracruzanos. Los Yunes le dieron al PAN siete millones de votos a lo largo de 20 a\u00f1os de trabajo, gan\u00e1ndonoslos en la calle\u2026\u201d.<\/p>\n\n\n\n<p>\u201cLo invito senador, lo conmino a\u2026\u201d dec\u00eda Laura Itzel, pero el otro ya iba desbocado:<\/p>\n\n\n\n<p>\u201cCuando gobernamos transformamos. Ah\u00ed est\u00e1 el recuerdo de Boca del R\u00edo, del puerto de Veracruz, de todo el estado, donde podemos vivir con la frente en alto y el orgullo de haber cumplido. A estos linchadores les dimos votos para que llegaran ellos. Sus amigas, sus novias, sus familiares, al Senado y a la C\u00e1mara de Diputados por representaci\u00f3n proporcional.<\/p>\n\n\n\n<p>\u201cTambi\u00e9n les dimos los votos para alcanzar el liderazgo nacional que no merec\u00edan, porque adem\u00e1s de miserables son peque\u00f1os, chiquitos, muy chiquitos. Liderazgo que usaron para hacer negocios con el dinero de Acci\u00f3n Nacional. Hoy coincido en el pasillo del Senado con uno de estos panistas peque\u00f1os, que hace apenas unos meses me ped\u00eda que lo viera en el exilio. Cobarde\u2026 Que le ayudara con recursos econ\u00f3micos para mantenerse. Ahora ya no me saluda, seguro piensa que le voy a cobrar. Cobardes ustedes que no quieren o\u00edr la verdad. Miserables cobardes. No voy a callar m\u00e1s, no lo har\u00e9\u201d.<\/p>\n\n\n\n<p>A ver, por principio de cuentas ni Miguel \u00c1ngel Yunes M\u00e1rquez ni su pap\u00e1, Miguel \u00c1ngel Yunes Linares, estuvieron a favor de la reforma judicial de L\u00f3pez Obrador, por el contrario; la descalificaron cada vez que pudieron.<\/p>\n\n\n\n<p>El problema es que no contaban con que se les aparecer\u00eda el diablo en la persona de Ad\u00e1n Augusto L\u00f3pez que le dijo a Miguel \u00c1ngel pap\u00e1: \u201cO tu hijo vota a favor de la reforma o ir\u00e1s a la c\u00e1rcel por ladr\u00f3n y corrupto\u201d.<\/p>\n\n\n\n<p>El chavo vot\u00f3 a favor y salv\u00f3 a su pap\u00e1, pero en autom\u00e1tico se convirti\u00f3 en traidor.<\/p>\n\n\n\n<p>Quiz\u00e1 si despu\u00e9s de consumar su perfidia hubiera preguntado \u201c\u00bfqu\u00e9 hubieran hecho ustedes en mi lugar?\u201d, habr\u00eda obtenido un poco de conmiseraci\u00f3n. Pero no, le sali\u00f3 lo macho, lo altanero, lo soez, c\u00ednico y pat\u00e1n: vot\u00e9 as\u00ed por mis tanates y qu\u00e9.<\/p>\n\n\n\n<p>Pobres porque tanto el hijo como el padre est\u00e1n condenados a quedarse solos, como todos los traidores. Y ah\u00ed est\u00e1n Judas, Jos\u00e9 Fouch\u00e9 o Victoriano Huerta que no me dejar\u00e1n mentir.<\/p>\n\n\n\n<p>Por mucho que el chavo pegue de berridos en la tribuna, por mucho que trate de justificarse, por mucho que le cante la bronca a quien le grite traidor, Miguel \u00c1ngel Yunes M\u00e1rquez y su se\u00f1or padre pasar\u00e1n a la historia como lo que son: un par de traidores a la patria. Y ese estigma lo cargar\u00e1n por siempre\u2026 por los siglos de los siglos.<\/p>\n\n\n\n<p>Parafraseando a Noro\u00f1a: \u201cles pese lo que les pese y les disguste lo que les disguste\u201d.<\/p>\n\n\n\n<p>Primer acierto de la Fiscal Jim\u00e9nez Aguirre<\/p>\n\n\n\n<p>Lo supe a mediados de la semana anterior de una fuente inmejorable y horas despu\u00e9s me lleg\u00f3 la confirmaci\u00f3n. Ezequiel Casta\u00f1eda Nev\u00e1rez fue designado Visitador General de la Fiscal\u00eda General del Estado y su nombramiento tuvo el benepl\u00e1cito de fiscales y barras de abogados que lo calificaron como el primer gran acierto de la nueva Fiscal, Lisbeth Aurelia Jim\u00e9nez Aguirre.<\/p>\n\n\n\n<p>Egresado de la Facultad de Derecho de la Universidad Veracruzana, Ezequiel comenz\u00f3 desde muy joven su carrera en el servicio p\u00fablico cerca del legislador federal Demetrio Ruiz Malerva y del licenciado Pericles Namorado Urrutia, quien lo consider\u00f3 uno de sus alumnos m\u00e1s destacados.<\/p>\n\n\n\n<p>Al margen de su dilatada carrera pol\u00edtica, Ezequiel fue titular de la Direcci\u00f3n General de Asuntos Ind\u00edgenas de la Procuradur\u00eda Agraria y Subprocurador de Justicia de la FGE con sede en Tuxpan.<\/p>\n\n\n\n<p>Como Visitador le tocara implementar entre otras medidas, las acciones pertinentes para lograr la expedita procuraci\u00f3n de justicia, coordin\u00e1ndose con las dem\u00e1s unidades administrativas de la FGE. Revisar las actuaciones que el personal ministerial realice en cumplimiento a sus funciones. Verificar continuamente la congruencia del C\u00f3digo de Conducta, mediante visitas que permitan evaluar el comportamiento del personal, incluyendo el resultado en la evaluaci\u00f3n del desempe\u00f1o.<\/p>\n\n\n\n<p>Tarea nada f\u00e1cil pero no imposible para este funcionario tuxpe\u00f1o que conoce mucho sobre la procuraci\u00f3n de justicia.<\/p>\n\n\n\n<p>De ah\u00ed el acierto de la Fiscal Jim\u00e9nez Aguirre.<\/p>\n\n\n\n<p>Aparte de su capacidad profesional, Casta\u00f1eda Nev\u00e1rez tiene una virtud como divisa: su honradez a toda prueba. Lo que le servir\u00e1 para el buen desempe\u00f1o de su trabajo.<\/p>\n\n\n\n<p>\u00c9xito, Ezequiel.<\/p>\n\n\n\n<p>\u00bfUn tuxpe\u00f1o al PRI?<\/p>\n\n\n\n<p>De Tuxpan me lleg\u00f3 la noticia. Priistas de ese puerto y la zona norte ver\u00edan con buenos ojos que el nuevo l\u00edder estatal del tricolor sea Cris\u00f3foro Hern\u00e1ndez Cerecedo, actual dirigente de la Fundaci\u00f3n Colosio, ex alcalde de Tuxpan, ex legislador local y priista de toda la vida.<\/p>\n\n\n\n<p>\u201cEl PRI veracruzano necesita de una persona que lo sacuda de su modorra y lo regrese a la posici\u00f3n de privilegio que tuvo por tantos a\u00f1os. Creemos que esa persona, ese l\u00edder que debe tener nuestro partido, es el licenciado Cris\u00f3foro Hern\u00e1ndez Cerecedo\u201d, me dicen en una misiva enviada a mi correo, una veintena de priistas de la zona norte.<\/p>\n\n\n\n<p>Con Cris\u00f3foro, ya son cuatro los nombres que suenan para dirigir al partido. Los otros son Carolina Gudi\u00f1o, Ponciano V\u00e1zquez y Silvio Lagos.<\/p>\n\n\n\n<p>Hagan sus apuestas, se\u00f1ores.<\/p>\n\n\n\n<p>bernagup28@gmail.com<\/p>\n","protected":false},"excerpt":{"rendered":"<p>Bernardo Guti\u00e9rrez Parra Desde el Caf\u00e9El tema de los aranceles que M\u00e9xico impondr\u00e1 a las naciones asi\u00e1ticas, principalmente a China, estaba m\u00e1s que planchado el mi\u00e9rcoles anterior en el Senado y s\u00f3lo faltaba el formulismo de la votaci\u00f3n. Con Morena y aliados sufragando a favor nada ten\u00eda que hacer la oposici\u00f3n, pero bueno, vamos a [&hellip;]<\/p>\n","protected":false},"author":2,"featured_media":141479,"comment_status":"closed","ping_status":"closed","sticky":false,"template":"","format":"standard","meta":{"tdm_status":"","tdm_grid_status":"","footnotes":""},"categories":[70],"tags":[26718,536],"class_list":{"0":"post-158470","1":"post","2":"type-post","3":"status-publish","4":"format-standard","5":"has-post-thumbnail","7":"category-de-opinion","8":"tag-miguel-angel-yunes-linares-2","9":"tag-miguel-angel-yunes-marquez"},"yoast_head":"<!-- This site is optimized with the Yoast SEO plugin v27.4 - https:\/\/yoast.com\/product\/yoast-seo-wordpress\/ -->\n<title>LOS TRAIDORES SON PARA SIEMPRE - Los pol\u00edticos Veracruz<\/title>\n<meta name=\"robots\" content=\"index, follow, max-snippet:-1, max-image-preview:large, max-video-preview:-1\" \/>\n<link rel=\"canonical\" href=\"https:\/\/lospoliticosveracruz.com\/?p=158470\" \/>\n<meta property=\"og:locale\" content=\"es_ES\" \/>\n<meta property=\"og:type\" content=\"article\" \/>\n<meta property=\"og:title\" content=\"LOS TRAIDORES SON PARA SIEMPRE - Los pol\u00edticos Veracruz\" \/>\n<meta property=\"og:description\" content=\"Bernardo Guti\u00e9rrez Parra Desde el Caf\u00e9El tema de los aranceles que M\u00e9xico impondr\u00e1 a las naciones asi\u00e1ticas, principalmente a China, estaba m\u00e1s que planchado el mi\u00e9rcoles anterior en el Senado y s\u00f3lo faltaba el formulismo de la votaci\u00f3n. Con Morena y aliados sufragando a favor nada ten\u00eda que hacer la oposici\u00f3n, pero bueno, vamos a [&hellip;]\" \/>\n<meta property=\"og:url\" content=\"https:\/\/lospoliticosveracruz.com\/?p=158470\" \/>\n<meta property=\"og:site_name\" content=\"Los pol\u00edticos Veracruz\" \/>\n<meta property=\"article:publisher\" content=\"https:\/\/www.facebook.com\/people\/Notimemes-de-los-Polticos\/61565672886568\/\" \/>\n<meta property=\"article:published_time\" content=\"2025-12-15T12:13:04+00:00\" \/>\n<meta property=\"article:modified_time\" content=\"2025-12-15T12:16:34+00:00\" \/>\n<meta property=\"og:image\" content=\"https:\/\/lospoliticosveracruz.com\/wp-content\/uploads\/2025\/04\/Bernardo-Gutierrez-Parra.jpg\" \/>\n\t<meta property=\"og:image:width\" content=\"1250\" \/>\n\t<meta property=\"og:image:height\" content=\"667\" \/>\n\t<meta property=\"og:image:type\" content=\"image\/jpeg\" \/>\n<meta name=\"author\" content=\"Lo viste en Los Pol\u00edticos\" \/>\n<meta name=\"twitter:card\" content=\"summary_large_image\" \/>\n<meta name=\"twitter:creator\" content=\"@LosPoliticosVer\" \/>\n<meta name=\"twitter:site\" content=\"@LosPoliticosVer\" \/>\n<meta name=\"twitter:label1\" content=\"Escrito por\" \/>\n\t<meta name=\"twitter:data1\" content=\"Lo viste en Los Pol\u00edticos\" \/>\n\t<meta name=\"twitter:label2\" content=\"Tiempo de lectura\" \/>\n\t<meta name=\"twitter:data2\" content=\"7 minutos\" \/>\n<script type=\"application\/ld+json\" class=\"yoast-schema-graph\">{\"@context\":\"https:\\\/\\\/schema.org\",\"@graph\":[{\"@type\":\"Article\",\"@id\":\"https:\\\/\\\/lospoliticosveracruz.com\\\/?p=158470#article\",\"isPartOf\":{\"@id\":\"https:\\\/\\\/lospoliticosveracruz.com\\\/?p=158470\"},\"author\":{\"name\":\"Lo viste en Los Pol\u00edticos\",\"@id\":\"https:\\\/\\\/lospoliticosveracruz.com\\\/#\\\/schema\\\/person\\\/b8702bb0e538456e6efd07080bf2a4a2\"},\"headline\":\"LOS TRAIDORES SON PARA SIEMPRE\",\"datePublished\":\"2025-12-15T12:13:04+00:00\",\"dateModified\":\"2025-12-15T12:16:34+00:00\",\"mainEntityOfPage\":{\"@id\":\"https:\\\/\\\/lospoliticosveracruz.com\\\/?p=158470\"},\"wordCount\":1487,\"publisher\":{\"@id\":\"https:\\\/\\\/lospoliticosveracruz.com\\\/#organization\"},\"image\":{\"@id\":\"https:\\\/\\\/lospoliticosveracruz.com\\\/?p=158470#primaryimage\"},\"thumbnailUrl\":\"https:\\\/\\\/lospoliticosveracruz.com\\\/wp-content\\\/uploads\\\/2025\\\/04\\\/Bernardo-Gutierrez-Parra.jpg\",\"keywords\":[\"Miguel \u00c1ngel Yunes Linares\",\"Miguel \u00c1ngel Yunes M\u00e1rquez\"],\"articleSection\":[\"De Opini\u00f3n\"],\"inLanguage\":\"es\"},{\"@type\":\"WebPage\",\"@id\":\"https:\\\/\\\/lospoliticosveracruz.com\\\/?p=158470\",\"url\":\"https:\\\/\\\/lospoliticosveracruz.com\\\/?p=158470\",\"name\":\"LOS TRAIDORES SON PARA SIEMPRE - Los pol\u00edticos Veracruz\",\"isPartOf\":{\"@id\":\"https:\\\/\\\/lospoliticosveracruz.com\\\/#website\"},\"primaryImageOfPage\":{\"@id\":\"https:\\\/\\\/lospoliticosveracruz.com\\\/?p=158470#primaryimage\"},\"image\":{\"@id\":\"https:\\\/\\\/lospoliticosveracruz.com\\\/?p=158470#primaryimage\"},\"thumbnailUrl\":\"https:\\\/\\\/lospoliticosveracruz.com\\\/wp-content\\\/uploads\\\/2025\\\/04\\\/Bernardo-Gutierrez-Parra.jpg\",\"datePublished\":\"2025-12-15T12:13:04+00:00\",\"dateModified\":\"2025-12-15T12:16:34+00:00\",\"breadcrumb\":{\"@id\":\"https:\\\/\\\/lospoliticosveracruz.com\\\/?p=158470#breadcrumb\"},\"inLanguage\":\"es\",\"potentialAction\":[{\"@type\":\"ReadAction\",\"target\":[\"https:\\\/\\\/lospoliticosveracruz.com\\\/?p=158470\"]}]},{\"@type\":\"ImageObject\",\"inLanguage\":\"es\",\"@id\":\"https:\\\/\\\/lospoliticosveracruz.com\\\/?p=158470#primaryimage\",\"url\":\"https:\\\/\\\/lospoliticosveracruz.com\\\/wp-content\\\/uploads\\\/2025\\\/04\\\/Bernardo-Gutierrez-Parra.jpg\",\"contentUrl\":\"https:\\\/\\\/lospoliticosveracruz.com\\\/wp-content\\\/uploads\\\/2025\\\/04\\\/Bernardo-Gutierrez-Parra.jpg\",\"width\":1250,\"height\":667},{\"@type\":\"BreadcrumbList\",\"@id\":\"https:\\\/\\\/lospoliticosveracruz.com\\\/?p=158470#breadcrumb\",\"itemListElement\":[{\"@type\":\"ListItem\",\"position\":1,\"name\":\"Portada\",\"item\":\"https:\\\/\\\/lospoliticosveracruz.com\\\/\"},{\"@type\":\"ListItem\",\"position\":2,\"name\":\"LOS TRAIDORES SON PARA SIEMPRE\"}]},{\"@type\":\"WebSite\",\"@id\":\"https:\\\/\\\/lospoliticosveracruz.com\\\/#website\",\"url\":\"https:\\\/\\\/lospoliticosveracruz.com\\\/\",\"name\":\"Los pol\u00edticos Veracruz\",\"description\":\"\",\"publisher\":{\"@id\":\"https:\\\/\\\/lospoliticosveracruz.com\\\/#organization\"},\"potentialAction\":[{\"@type\":\"SearchAction\",\"target\":{\"@type\":\"EntryPoint\",\"urlTemplate\":\"https:\\\/\\\/lospoliticosveracruz.com\\\/?s={search_term_string}\"},\"query-input\":{\"@type\":\"PropertyValueSpecification\",\"valueRequired\":true,\"valueName\":\"search_term_string\"}}],\"inLanguage\":\"es\"},{\"@type\":\"Organization\",\"@id\":\"https:\\\/\\\/lospoliticosveracruz.com\\\/#organization\",\"name\":\"Los pol\u00edticos Veracruz\",\"url\":\"https:\\\/\\\/lospoliticosveracruz.com\\\/\",\"logo\":{\"@type\":\"ImageObject\",\"inLanguage\":\"es\",\"@id\":\"https:\\\/\\\/lospoliticosveracruz.com\\\/#\\\/schema\\\/logo\\\/image\\\/\",\"url\":\"https:\\\/\\\/lospoliticosveracruz.com\\\/wp-content\\\/uploads\\\/2025\\\/12\\\/Logo-Nuevo-LOS-POLITICOS-1.jpg\",\"contentUrl\":\"https:\\\/\\\/lospoliticosveracruz.com\\\/wp-content\\\/uploads\\\/2025\\\/12\\\/Logo-Nuevo-LOS-POLITICOS-1.jpg\",\"width\":260,\"height\":70,\"caption\":\"Los pol\u00edticos Veracruz\"},\"image\":{\"@id\":\"https:\\\/\\\/lospoliticosveracruz.com\\\/#\\\/schema\\\/logo\\\/image\\\/\"},\"sameAs\":[\"https:\\\/\\\/www.facebook.com\\\/people\\\/Notimemes-de-los-Polticos\\\/61565672886568\\\/\",\"https:\\\/\\\/x.com\\\/LosPoliticosVer\"]},{\"@type\":\"Person\",\"@id\":\"https:\\\/\\\/lospoliticosveracruz.com\\\/#\\\/schema\\\/person\\\/b8702bb0e538456e6efd07080bf2a4a2\",\"name\":\"Lo viste en Los Pol\u00edticos\",\"image\":{\"@type\":\"ImageObject\",\"inLanguage\":\"es\",\"@id\":\"https:\\\/\\\/secure.gravatar.com\\\/avatar\\\/3a8de04a2656d44082be478bd6c086daa447c4651605818287b9532d3d0bd435?s=96&d=mm&r=g\",\"url\":\"https:\\\/\\\/secure.gravatar.com\\\/avatar\\\/3a8de04a2656d44082be478bd6c086daa447c4651605818287b9532d3d0bd435?s=96&d=mm&r=g\",\"contentUrl\":\"https:\\\/\\\/secure.gravatar.com\\\/avatar\\\/3a8de04a2656d44082be478bd6c086daa447c4651605818287b9532d3d0bd435?s=96&d=mm&r=g\",\"caption\":\"Lo viste en Los Pol\u00edticos\"},\"url\":\"https:\\\/\\\/lospoliticosveracruz.com\\\/?author=2\"}]}<\/script>\n<!-- \/ Yoast SEO plugin. -->","yoast_head_json":{"title":"LOS TRAIDORES SON PARA SIEMPRE - Los pol\u00edticos Veracruz","robots":{"index":"index","follow":"follow","max-snippet":"max-snippet:-1","max-image-preview":"max-image-preview:large","max-video-preview":"max-video-preview:-1"},"canonical":"https:\/\/lospoliticosveracruz.com\/?p=158470","og_locale":"es_ES","og_type":"article","og_title":"LOS TRAIDORES SON PARA SIEMPRE - Los pol\u00edticos Veracruz","og_description":"Bernardo Guti\u00e9rrez Parra Desde el Caf\u00e9El tema de los aranceles que M\u00e9xico impondr\u00e1 a las naciones asi\u00e1ticas, principalmente a China, estaba m\u00e1s que planchado el mi\u00e9rcoles anterior en el Senado y s\u00f3lo faltaba el formulismo de la votaci\u00f3n. Con Morena y aliados sufragando a favor nada ten\u00eda que hacer la oposici\u00f3n, pero bueno, vamos a [&hellip;]","og_url":"https:\/\/lospoliticosveracruz.com\/?p=158470","og_site_name":"Los pol\u00edticos Veracruz","article_publisher":"https:\/\/www.facebook.com\/people\/Notimemes-de-los-Polticos\/61565672886568\/","article_published_time":"2025-12-15T12:13:04+00:00","article_modified_time":"2025-12-15T12:16:34+00:00","og_image":[{"width":1250,"height":667,"url":"https:\/\/lospoliticosveracruz.com\/wp-content\/uploads\/2025\/04\/Bernardo-Gutierrez-Parra.jpg","type":"image\/jpeg"}],"author":"Lo viste en Los Pol\u00edticos","twitter_card":"summary_large_image","twitter_creator":"@LosPoliticosVer","twitter_site":"@LosPoliticosVer","twitter_misc":{"Escrito por":"Lo viste en Los Pol\u00edticos","Tiempo de lectura":"7 minutos"},"schema":{"@context":"https:\/\/schema.org","@graph":[{"@type":"Article","@id":"https:\/\/lospoliticosveracruz.com\/?p=158470#article","isPartOf":{"@id":"https:\/\/lospoliticosveracruz.com\/?p=158470"},"author":{"name":"Lo viste en Los Pol\u00edticos","@id":"https:\/\/lospoliticosveracruz.com\/#\/schema\/person\/b8702bb0e538456e6efd07080bf2a4a2"},"headline":"LOS TRAIDORES SON PARA SIEMPRE","datePublished":"2025-12-15T12:13:04+00:00","dateModified":"2025-12-15T12:16:34+00:00","mainEntityOfPage":{"@id":"https:\/\/lospoliticosveracruz.com\/?p=158470"},"wordCount":1487,"publisher":{"@id":"https:\/\/lospoliticosveracruz.com\/#organization"},"image":{"@id":"https:\/\/lospoliticosveracruz.com\/?p=158470#primaryimage"},"thumbnailUrl":"https:\/\/lospoliticosveracruz.com\/wp-content\/uploads\/2025\/04\/Bernardo-Gutierrez-Parra.jpg","keywords":["Miguel \u00c1ngel Yunes Linares","Miguel \u00c1ngel Yunes M\u00e1rquez"],"articleSection":["De Opini\u00f3n"],"inLanguage":"es"},{"@type":"WebPage","@id":"https:\/\/lospoliticosveracruz.com\/?p=158470","url":"https:\/\/lospoliticosveracruz.com\/?p=158470","name":"LOS TRAIDORES SON PARA SIEMPRE - Los pol\u00edticos Veracruz","isPartOf":{"@id":"https:\/\/lospoliticosveracruz.com\/#website"},"primaryImageOfPage":{"@id":"https:\/\/lospoliticosveracruz.com\/?p=158470#primaryimage"},"image":{"@id":"https:\/\/lospoliticosveracruz.com\/?p=158470#primaryimage"},"thumbnailUrl":"https:\/\/lospoliticosveracruz.com\/wp-content\/uploads\/2025\/04\/Bernardo-Gutierrez-Parra.jpg","datePublished":"2025-12-15T12:13:04+00:00","dateModified":"2025-12-15T12:16:34+00:00","breadcrumb":{"@id":"https:\/\/lospoliticosveracruz.com\/?p=158470#breadcrumb"},"inLanguage":"es","potentialAction":[{"@type":"ReadAction","target":["https:\/\/lospoliticosveracruz.com\/?p=158470"]}]},{"@type":"ImageObject","inLanguage":"es","@id":"https:\/\/lospoliticosveracruz.com\/?p=158470#primaryimage","url":"https:\/\/lospoliticosveracruz.com\/wp-content\/uploads\/2025\/04\/Bernardo-Gutierrez-Parra.jpg","contentUrl":"https:\/\/lospoliticosveracruz.com\/wp-content\/uploads\/2025\/04\/Bernardo-Gutierrez-Parra.jpg","width":1250,"height":667},{"@type":"BreadcrumbList","@id":"https:\/\/lospoliticosveracruz.com\/?p=158470#breadcrumb","itemListElement":[{"@type":"ListItem","position":1,"name":"Portada","item":"https:\/\/lospoliticosveracruz.com\/"},{"@type":"ListItem","position":2,"name":"LOS TRAIDORES SON PARA SIEMPRE"}]},{"@type":"WebSite","@id":"https:\/\/lospoliticosveracruz.com\/#website","url":"https:\/\/lospoliticosveracruz.com\/","name":"Los pol\u00edticos Veracruz","description":"","publisher":{"@id":"https:\/\/lospoliticosveracruz.com\/#organization"},"potentialAction":[{"@type":"SearchAction","target":{"@type":"EntryPoint","urlTemplate":"https:\/\/lospoliticosveracruz.com\/?s={search_term_string}"},"query-input":{"@type":"PropertyValueSpecification","valueRequired":true,"valueName":"search_term_string"}}],"inLanguage":"es"},{"@type":"Organization","@id":"https:\/\/lospoliticosveracruz.com\/#organization","name":"Los pol\u00edticos Veracruz","url":"https:\/\/lospoliticosveracruz.com\/","logo":{"@type":"ImageObject","inLanguage":"es","@id":"https:\/\/lospoliticosveracruz.com\/#\/schema\/logo\/image\/","url":"https:\/\/lospoliticosveracruz.com\/wp-content\/uploads\/2025\/12\/Logo-Nuevo-LOS-POLITICOS-1.jpg","contentUrl":"https:\/\/lospoliticosveracruz.com\/wp-content\/uploads\/2025\/12\/Logo-Nuevo-LOS-POLITICOS-1.jpg","width":260,"height":70,"caption":"Los pol\u00edticos Veracruz"},"image":{"@id":"https:\/\/lospoliticosveracruz.com\/#\/schema\/logo\/image\/"},"sameAs":["https:\/\/www.facebook.com\/people\/Notimemes-de-los-Polticos\/61565672886568\/","https:\/\/x.com\/LosPoliticosVer"]},{"@type":"Person","@id":"https:\/\/lospoliticosveracruz.com\/#\/schema\/person\/b8702bb0e538456e6efd07080bf2a4a2","name":"Lo viste en Los Pol\u00edticos","image":{"@type":"ImageObject","inLanguage":"es","@id":"https:\/\/secure.gravatar.com\/avatar\/3a8de04a2656d44082be478bd6c086daa447c4651605818287b9532d3d0bd435?s=96&d=mm&r=g","url":"https:\/\/secure.gravatar.com\/avatar\/3a8de04a2656d44082be478bd6c086daa447c4651605818287b9532d3d0bd435?s=96&d=mm&r=g","contentUrl":"https:\/\/secure.gravatar.com\/avatar\/3a8de04a2656d44082be478bd6c086daa447c4651605818287b9532d3d0bd435?s=96&d=mm&r=g","caption":"Lo viste en Los Pol\u00edticos"},"url":"https:\/\/lospoliticosveracruz.com\/?author=2"}]}},"_links":{"self":[{"href":"https:\/\/lospoliticosveracruz.com\/index.php?rest_route=\/wp\/v2\/posts\/158470","targetHints":{"allow":["GET"]}}],"collection":[{"href":"https:\/\/lospoliticosveracruz.com\/index.php?rest_route=\/wp\/v2\/posts"}],"about":[{"href":"https:\/\/lospoliticosveracruz.com\/index.php?rest_route=\/wp\/v2\/types\/post"}],"author":[{"embeddable":true,"href":"https:\/\/lospoliticosveracruz.com\/index.php?rest_route=\/wp\/v2\/users\/2"}],"replies":[{"embeddable":true,"href":"https:\/\/lospoliticosveracruz.com\/index.php?rest_route=%2Fwp%2Fv2%2Fcomments&post=158470"}],"version-history":[{"count":1,"href":"https:\/\/lospoliticosveracruz.com\/index.php?rest_route=\/wp\/v2\/posts\/158470\/revisions"}],"predecessor-version":[{"id":158472,"href":"https:\/\/lospoliticosveracruz.com\/index.php?rest_route=\/wp\/v2\/posts\/158470\/revisions\/158472"}],"wp:featuredmedia":[{"embeddable":true,"href":"https:\/\/lospoliticosveracruz.com\/index.php?rest_route=\/wp\/v2\/media\/141479"}],"wp:attachment":[{"href":"https:\/\/lospoliticosveracruz.com\/index.php?rest_route=%2Fwp%2Fv2%2Fmedia&parent=158470"}],"wp:term":[{"taxonomy":"category","embeddable":true,"href":"https:\/\/lospoliticosveracruz.com\/index.php?rest_route=%2Fwp%2Fv2%2Fcategories&post=158470"},{"taxonomy":"post_tag","embeddable":true,"href":"https:\/\/lospoliticosveracruz.com\/index.php?rest_route=%2Fwp%2Fv2%2Ftags&post=158470"}],"curies":[{"name":"wp","href":"https:\/\/api.w.org\/{rel}","templated":true}]}}