{"id":158499,"date":"2025-12-15T11:01:24","date_gmt":"2025-12-15T17:01:24","guid":{"rendered":"https:\/\/lospoliticosveracruz.com.mx\/?p=158499"},"modified":"2025-12-15T11:01:45","modified_gmt":"2025-12-15T17:01:45","slug":"pri-la-revolucion-de-las-conciencias","status":"publish","type":"post","link":"https:\/\/lospoliticosveracruz.com\/?p=158499","title":{"rendered":"PRI: LA REVOLUCI\u00d3N DE LAS CONCIENCIAS"},"content":{"rendered":"\n<p>S\u00edguenos ahora tambi\u00e9n en WhatsApp.\u00a0\u00a1<a href=\"https:\/\/whatsapp.com\/channel\/0029Va8zRWlEKyZIP3Z1dF0e\"><strong>Da clic aqu\u00ed<\/strong><\/a><strong>!<\/strong><\/p>\n\n\n\n<p><strong>Vicente Luna Hern\u00e1ndez<\/strong><\/p>\n\n\n\n<p>Est\u00e1 de m\u00e1s decir que el PRI est\u00e1 pasando una etapa dif\u00edcil de su vida institucional, los resultados electorales por m\u00e1s que se maquillen no han sido un \u00e9xito y eso provoca que cada vez m\u00e1s sean menos los recursos econ\u00f3micos para la operaci\u00f3n pol\u00edtica de su vida externa, \u00bfqu\u00e9 significa esto? Que las prerrogativas solo se van en su estructura burocr\u00e1tica que opera en la ciudad del Xalapa.<\/p>\n\n\n\n\n\n<p>\u00bfAlguien sabe qu\u00e9 trabajo pol\u00edtico lleva a cabo el CDE en territorio despu\u00e9s del proceso electoral? \u00bfAlguien se acuerda de los Comit\u00e9s Municipales en \u00e9poca no electoral? \u00bfQu\u00e9 parte de m\u00e1s territorio y menos escritorio no se entiende? \u00bfPor qu\u00e9 su militancia en los municipios no se manifiesta al respecto? \u00bfD\u00f3nde qued\u00f3 lo revolucionario?<br>M\u00e1s all\u00e1 de quienes lleguen a la dirigencia estatal del partido, m\u00e1s all\u00e1 del m\u00e9todo de elecci\u00f3n de la nueva dirigencia, lo cierto es que se requiere un cambio de actitud ante el poder que tiene morena en Veracruz no se trata de lanzar criticas a diestra y siniestra en contra del gobierno, se trata de ser un aut\u00e9ntico partido de oposici\u00f3n, se trata de darle espacio y voz a la militancia en los municipios y valorar el trabajo pol\u00edtico que llevan a cabo en campo, no se trata de verlos como simples empleados, \u00bfpor que ofender su dignidad? se trata de tratarlos como el soporte vital de la estructura territorial del partido, se trata de escucharlos y atenderlos con respeto, quienes ocupan un cargo dentro del CDE y reciben un ingreso econ\u00f3mico son los primeros que deben portar bien puesta la camiseta del partido y sobretodo, aportar verdaderamente a una mayor presencia del partido en la discusi\u00f3n p\u00fablica, esto es, defender e impulsar al PRI con argumentos, la soberbia de los dirigentes partidistas debe ser cosa del pasado, no hay espacio en el trabajo pol\u00edtico de hoy de actitudes que ayer alejaron a la militancia, misma militancia que busc\u00f3 espacios en otras fuerzas pol\u00edticas o simplemente se alejo del activismo partidista.<\/p>\n\n\n\n<p>Los n\u00fameros del resultado del pasado proceso electoral son p\u00fablicos, hubo municipios donde el partido no tuvo candidatos a la alcald\u00eda y sin embargo, se presumen logros que solo existen en el imaginario de aquellos que son beneficiados cada quincena, el primer paso ser\u00e1 reconocer la situaci\u00f3n pol\u00edtica- electoral actual, reconocer lo bueno y lo malo que se ha hecho y se ha dejado de hacer, hacer un an\u00e1lisis serio y profesional sobre el actuar de los titulares de las secretarias del partido y tener un discurso donde se se\u00f1ale que ofrece el partido a Veracruz, es cierto, la cuesta est\u00e1 muy empinada pero Veracruz necesita un partido cien por ciento profesional en su quehacer pol\u00edtico, un partido que confronte al poder con ideas y capacidad de argumentaci\u00f3n, un partido que se\u00f1ale los excesos en el ejercicio del poder sin insultos ni palabras huecas, con datos precisos y de manera profesional, esto es, sin insultos ni vocabulario \u201cpobre\u201d que en vez de invitar a los ciudadanos a sumarse al partido\u2026los aleje.<\/p>\n\n\n\n<p>Es la hora que el dirigente nacional apoye e impulse a una dirigencia estatal m\u00e1s acorde a los tiempos electorales de Veracruz, hablar de consultas a la base es tener bases y en Veracruz esa base electoral o ya se fue a otros partidos o est\u00e1 pasiva y alejada de las tareas partidistas, que nadie se sienta enga\u00f1ado, militancia que no es escuchada y atendida simplemente se aleja o muestra total indiferencia a lo que diga o haga la dirigencia estatal.<\/p>\n\n\n\n<p>La Revoluci\u00f3n de las conciencias debe llegar a la oficina presidencial del partido, es una realidad que si la \u201ccabeza\u201d no piensa el \u201ccuerpo institucional\u201d no camina, si la dirigencia est\u00e1 m\u00e1s preocupada en lambisconear al dirigente nacional que operar en territorio buscando integrar m\u00e1s militancia y simpatizantes, de nada servir\u00e1 el relevo partidista, es necesario que cada quien se dedique a la tarea fundamental de un partido pol\u00edtico: lograr la mayor cantidad de votos en los procesos electorales, \u00bfpor qu\u00e9 ese af\u00e1n de acaparar cargos y por lo consiguiente m\u00e1s ingresos econ\u00f3micos propios en perjuicio de los intereses de un partido? \u00bfAcaso no se dice que \u201c2 cabezas piensan mejor que una\u201d? \u00bfPor qu\u00e9 mejor que cada \u201cchango\u201d se vaya a su mecate? \u00bfUn funcionario partidista y al mismo tiempo legislador que tarea es su prioridad? \u00bfEs tanto su \u201camor al partido\u201d o es mucha su vulgar ambici\u00f3n? Conste que no es nada personal, este se\u00f1alamiento va para todos los partidos pol\u00edticos.<\/p>\n\n\n\n<p>Es la hora que los Comit\u00e9s municipales entren en acci\u00f3n, la tarea a realizar llevar\u00e1 tiempo y esfuerzo, el CDE podr\u00e1 tener 212 dirigentes municipales en una libreta pero en los hechos es donde se debe ver su compromiso partidista y donde no exista inter\u00e9s &#8211; las razones ser\u00e1n muy respetables \u2013 hacer los cambios necesarios, son 30 propuestas \u2013 Diputados por mayor\u00eda &#8211; que hay que seleccionar para integrar el pr\u00f3ximo Congreso del Estado y 19 F\u00f3rmulas para la C\u00e1mara de Diputados m\u00e1s las propuestas plurinominales, \u00bfen serio se creer\u00e1 que el PRI no tiene futuro? Ese ma\u00f1ana que desde la Ciudad de M\u00e9xico se imaginan triunfador se debe de echar a andar.. desde hoy.<\/p>\n\n\n\n<p>El pasado proceso electoral dej\u00f3 algunas lecciones a todos los partidos, m\u00e1s all\u00e1 de que Morena tiene m\u00e1s poder lo cierto es que tambi\u00e9n tiene mayores exigencias internas y los se\u00f1alamientos de corrupci\u00f3n que rondan las cabezas de varios de sus \u201cdistinguidos\u201d militantes ser\u00e1n parte de la discusi\u00f3n publica y motivo de debates en la sociedad en general, gran error pensar que ya todo esta definido, que los partidos pol\u00edticos bailaran al son que les toque el poder, \u00bfacaso no los propios aliados de morena est\u00e1n en \u201cmodo rebelde\u201d?<\/p>\n\n\n\n<p>El PRI en Veracruz tiene que actuar de acuerdo a las circunstancias pol\u00edticas de hoy y la realidad de su situaci\u00f3n electoral es del dominio p\u00fablico, los n\u00fameros son fr\u00edos pero se deben de ver y analizar con la cabeza m\u00e1s fr\u00eda pero el coraz\u00f3n caliente, esto es, el hambre de ganar debe llegar al Comit\u00e9s Estatal y bajar a los Comit\u00e9s municipales \u2013 el proyecto debe dar motivos a los ciudadanos para que vean al PRI como opci\u00f3n pol\u00edtica -, \u00bfAcaso la Democracia no necesita partidos pol\u00edticos? \u00bfQui\u00e9n debe llegar al partido? Quienes sepan ganar elecciones\u2026as\u00ed de sencillo.<\/p>\n\n\n\n<p>P.D.- Con el animo que todos los partidos sean lo que se\u00f1ala el art\u00edculo 41 Constitucional:<\/p>\n\n\n\n<p>1.-\u201cLos partidos pol\u00edticos son entidades de inter\u00e9s p\u00fablico con personalidad jur\u00eddica y patrimonio propios y tienen como fin promover la participaci\u00f3n del pueblo en la vida democr\u00e1tica, contribuir a la integraci\u00f3n de los \u00f3rganos de representaci\u00f3n pol\u00edtica y, como organizaciones de ciudadanos, hacer posible el acceso de \u00e9stos al ejercicio del poder p\u00fablico\u201d\u2026Escribir\u00e9 otro d\u00eda.<\/p>\n","protected":false},"excerpt":{"rendered":"<p>Vicente Luna Hern\u00e1ndez Est\u00e1 de m\u00e1s decir que el PRI est\u00e1 pasando una etapa dif\u00edcil de su vida institucional, los resultados electorales por m\u00e1s que se maquillen no han sido un \u00e9xito y eso provoca que cada vez m\u00e1s sean menos los recursos econ\u00f3micos para la operaci\u00f3n pol\u00edtica de su vida externa, \u00bfqu\u00e9 significa esto? [&hellip;]<\/p>\n","protected":false},"author":2,"featured_media":141415,"comment_status":"closed","ping_status":"closed","sticky":false,"template":"","format":"standard","meta":{"tdm_status":"","tdm_grid_status":"","footnotes":""},"categories":[70],"tags":[],"class_list":{"0":"post-158499","1":"post","2":"type-post","3":"status-publish","4":"format-standard","5":"has-post-thumbnail","7":"category-de-opinion"},"yoast_head":"<!-- This site is optimized with the Yoast SEO plugin v27.4 - https:\/\/yoast.com\/product\/yoast-seo-wordpress\/ -->\n<title>PRI: LA REVOLUCI\u00d3N DE LAS CONCIENCIAS - Los pol\u00edticos Veracruz<\/title>\n<meta name=\"robots\" content=\"index, follow, max-snippet:-1, max-image-preview:large, max-video-preview:-1\" \/>\n<link rel=\"canonical\" href=\"https:\/\/lospoliticosveracruz.com\/?p=158499\" \/>\n<meta property=\"og:locale\" content=\"es_ES\" \/>\n<meta property=\"og:type\" content=\"article\" \/>\n<meta property=\"og:title\" content=\"PRI: LA REVOLUCI\u00d3N DE LAS CONCIENCIAS - Los pol\u00edticos Veracruz\" \/>\n<meta property=\"og:description\" content=\"Vicente Luna Hern\u00e1ndez Est\u00e1 de m\u00e1s decir que el PRI est\u00e1 pasando una etapa dif\u00edcil de su vida institucional, los resultados electorales por m\u00e1s que se maquillen no han sido un \u00e9xito y eso provoca que cada vez m\u00e1s sean menos los recursos econ\u00f3micos para la operaci\u00f3n pol\u00edtica de su vida externa, \u00bfqu\u00e9 significa esto? [&hellip;]\" \/>\n<meta property=\"og:url\" content=\"https:\/\/lospoliticosveracruz.com\/?p=158499\" \/>\n<meta property=\"og:site_name\" content=\"Los pol\u00edticos Veracruz\" \/>\n<meta property=\"article:publisher\" content=\"https:\/\/www.facebook.com\/people\/Notimemes-de-los-Polticos\/61565672886568\/\" \/>\n<meta property=\"article:published_time\" content=\"2025-12-15T17:01:24+00:00\" \/>\n<meta property=\"article:modified_time\" content=\"2025-12-15T17:01:45+00:00\" \/>\n<meta property=\"og:image\" content=\"https:\/\/lospoliticosveracruz.com\/wp-content\/uploads\/2025\/04\/Vicente-Luna-Hernandez.jpg\" \/>\n\t<meta property=\"og:image:width\" content=\"1250\" \/>\n\t<meta property=\"og:image:height\" content=\"667\" \/>\n\t<meta property=\"og:image:type\" content=\"image\/jpeg\" \/>\n<meta name=\"author\" content=\"Lo viste en Los Pol\u00edticos\" \/>\n<meta name=\"twitter:card\" content=\"summary_large_image\" \/>\n<meta name=\"twitter:creator\" content=\"@LosPoliticosVer\" \/>\n<meta name=\"twitter:site\" content=\"@LosPoliticosVer\" \/>\n<meta name=\"twitter:label1\" content=\"Escrito por\" \/>\n\t<meta name=\"twitter:data1\" content=\"Lo viste en Los Pol\u00edticos\" \/>\n\t<meta name=\"twitter:label2\" content=\"Tiempo de lectura\" \/>\n\t<meta name=\"twitter:data2\" content=\"6 minutos\" \/>\n<script type=\"application\/ld+json\" class=\"yoast-schema-graph\">{\"@context\":\"https:\\\/\\\/schema.org\",\"@graph\":[{\"@type\":\"Article\",\"@id\":\"https:\\\/\\\/lospoliticosveracruz.com\\\/?p=158499#article\",\"isPartOf\":{\"@id\":\"https:\\\/\\\/lospoliticosveracruz.com\\\/?p=158499\"},\"author\":{\"name\":\"Lo viste en Los Pol\u00edticos\",\"@id\":\"https:\\\/\\\/lospoliticosveracruz.com\\\/#\\\/schema\\\/person\\\/b8702bb0e538456e6efd07080bf2a4a2\"},\"headline\":\"PRI: LA REVOLUCI\u00d3N DE LAS CONCIENCIAS\",\"datePublished\":\"2025-12-15T17:01:24+00:00\",\"dateModified\":\"2025-12-15T17:01:45+00:00\",\"mainEntityOfPage\":{\"@id\":\"https:\\\/\\\/lospoliticosveracruz.com\\\/?p=158499\"},\"wordCount\":1228,\"publisher\":{\"@id\":\"https:\\\/\\\/lospoliticosveracruz.com\\\/#organization\"},\"image\":{\"@id\":\"https:\\\/\\\/lospoliticosveracruz.com\\\/?p=158499#primaryimage\"},\"thumbnailUrl\":\"https:\\\/\\\/lospoliticosveracruz.com\\\/wp-content\\\/uploads\\\/2025\\\/04\\\/Vicente-Luna-Hernandez.jpg\",\"articleSection\":[\"De Opini\u00f3n\"],\"inLanguage\":\"es\"},{\"@type\":\"WebPage\",\"@id\":\"https:\\\/\\\/lospoliticosveracruz.com\\\/?p=158499\",\"url\":\"https:\\\/\\\/lospoliticosveracruz.com\\\/?p=158499\",\"name\":\"PRI: LA REVOLUCI\u00d3N DE LAS CONCIENCIAS - Los pol\u00edticos Veracruz\",\"isPartOf\":{\"@id\":\"https:\\\/\\\/lospoliticosveracruz.com\\\/#website\"},\"primaryImageOfPage\":{\"@id\":\"https:\\\/\\\/lospoliticosveracruz.com\\\/?p=158499#primaryimage\"},\"image\":{\"@id\":\"https:\\\/\\\/lospoliticosveracruz.com\\\/?p=158499#primaryimage\"},\"thumbnailUrl\":\"https:\\\/\\\/lospoliticosveracruz.com\\\/wp-content\\\/uploads\\\/2025\\\/04\\\/Vicente-Luna-Hernandez.jpg\",\"datePublished\":\"2025-12-15T17:01:24+00:00\",\"dateModified\":\"2025-12-15T17:01:45+00:00\",\"breadcrumb\":{\"@id\":\"https:\\\/\\\/lospoliticosveracruz.com\\\/?p=158499#breadcrumb\"},\"inLanguage\":\"es\",\"potentialAction\":[{\"@type\":\"ReadAction\",\"target\":[\"https:\\\/\\\/lospoliticosveracruz.com\\\/?p=158499\"]}]},{\"@type\":\"ImageObject\",\"inLanguage\":\"es\",\"@id\":\"https:\\\/\\\/lospoliticosveracruz.com\\\/?p=158499#primaryimage\",\"url\":\"https:\\\/\\\/lospoliticosveracruz.com\\\/wp-content\\\/uploads\\\/2025\\\/04\\\/Vicente-Luna-Hernandez.jpg\",\"contentUrl\":\"https:\\\/\\\/lospoliticosveracruz.com\\\/wp-content\\\/uploads\\\/2025\\\/04\\\/Vicente-Luna-Hernandez.jpg\",\"width\":1250,\"height\":667},{\"@type\":\"BreadcrumbList\",\"@id\":\"https:\\\/\\\/lospoliticosveracruz.com\\\/?p=158499#breadcrumb\",\"itemListElement\":[{\"@type\":\"ListItem\",\"position\":1,\"name\":\"Portada\",\"item\":\"https:\\\/\\\/lospoliticosveracruz.com\\\/\"},{\"@type\":\"ListItem\",\"position\":2,\"name\":\"PRI: LA REVOLUCI\u00d3N DE LAS CONCIENCIAS\"}]},{\"@type\":\"WebSite\",\"@id\":\"https:\\\/\\\/lospoliticosveracruz.com\\\/#website\",\"url\":\"https:\\\/\\\/lospoliticosveracruz.com\\\/\",\"name\":\"Los pol\u00edticos Veracruz\",\"description\":\"\",\"publisher\":{\"@id\":\"https:\\\/\\\/lospoliticosveracruz.com\\\/#organization\"},\"potentialAction\":[{\"@type\":\"SearchAction\",\"target\":{\"@type\":\"EntryPoint\",\"urlTemplate\":\"https:\\\/\\\/lospoliticosveracruz.com\\\/?s={search_term_string}\"},\"query-input\":{\"@type\":\"PropertyValueSpecification\",\"valueRequired\":true,\"valueName\":\"search_term_string\"}}],\"inLanguage\":\"es\"},{\"@type\":\"Organization\",\"@id\":\"https:\\\/\\\/lospoliticosveracruz.com\\\/#organization\",\"name\":\"Los pol\u00edticos Veracruz\",\"url\":\"https:\\\/\\\/lospoliticosveracruz.com\\\/\",\"logo\":{\"@type\":\"ImageObject\",\"inLanguage\":\"es\",\"@id\":\"https:\\\/\\\/lospoliticosveracruz.com\\\/#\\\/schema\\\/logo\\\/image\\\/\",\"url\":\"https:\\\/\\\/lospoliticosveracruz.com\\\/wp-content\\\/uploads\\\/2025\\\/12\\\/Logo-Nuevo-LOS-POLITICOS-1.jpg\",\"contentUrl\":\"https:\\\/\\\/lospoliticosveracruz.com\\\/wp-content\\\/uploads\\\/2025\\\/12\\\/Logo-Nuevo-LOS-POLITICOS-1.jpg\",\"width\":260,\"height\":70,\"caption\":\"Los pol\u00edticos Veracruz\"},\"image\":{\"@id\":\"https:\\\/\\\/lospoliticosveracruz.com\\\/#\\\/schema\\\/logo\\\/image\\\/\"},\"sameAs\":[\"https:\\\/\\\/www.facebook.com\\\/people\\\/Notimemes-de-los-Polticos\\\/61565672886568\\\/\",\"https:\\\/\\\/x.com\\\/LosPoliticosVer\"]},{\"@type\":\"Person\",\"@id\":\"https:\\\/\\\/lospoliticosveracruz.com\\\/#\\\/schema\\\/person\\\/b8702bb0e538456e6efd07080bf2a4a2\",\"name\":\"Lo viste en Los Pol\u00edticos\",\"image\":{\"@type\":\"ImageObject\",\"inLanguage\":\"es\",\"@id\":\"https:\\\/\\\/secure.gravatar.com\\\/avatar\\\/3a8de04a2656d44082be478bd6c086daa447c4651605818287b9532d3d0bd435?s=96&d=mm&r=g\",\"url\":\"https:\\\/\\\/secure.gravatar.com\\\/avatar\\\/3a8de04a2656d44082be478bd6c086daa447c4651605818287b9532d3d0bd435?s=96&d=mm&r=g\",\"contentUrl\":\"https:\\\/\\\/secure.gravatar.com\\\/avatar\\\/3a8de04a2656d44082be478bd6c086daa447c4651605818287b9532d3d0bd435?s=96&d=mm&r=g\",\"caption\":\"Lo viste en Los Pol\u00edticos\"},\"url\":\"https:\\\/\\\/lospoliticosveracruz.com\\\/?author=2\"}]}<\/script>\n<!-- \/ Yoast SEO plugin. -->","yoast_head_json":{"title":"PRI: LA REVOLUCI\u00d3N DE LAS CONCIENCIAS - Los pol\u00edticos Veracruz","robots":{"index":"index","follow":"follow","max-snippet":"max-snippet:-1","max-image-preview":"max-image-preview:large","max-video-preview":"max-video-preview:-1"},"canonical":"https:\/\/lospoliticosveracruz.com\/?p=158499","og_locale":"es_ES","og_type":"article","og_title":"PRI: LA REVOLUCI\u00d3N DE LAS CONCIENCIAS - Los pol\u00edticos Veracruz","og_description":"Vicente Luna Hern\u00e1ndez Est\u00e1 de m\u00e1s decir que el PRI est\u00e1 pasando una etapa dif\u00edcil de su vida institucional, los resultados electorales por m\u00e1s que se maquillen no han sido un \u00e9xito y eso provoca que cada vez m\u00e1s sean menos los recursos econ\u00f3micos para la operaci\u00f3n pol\u00edtica de su vida externa, \u00bfqu\u00e9 significa esto? [&hellip;]","og_url":"https:\/\/lospoliticosveracruz.com\/?p=158499","og_site_name":"Los pol\u00edticos Veracruz","article_publisher":"https:\/\/www.facebook.com\/people\/Notimemes-de-los-Polticos\/61565672886568\/","article_published_time":"2025-12-15T17:01:24+00:00","article_modified_time":"2025-12-15T17:01:45+00:00","og_image":[{"width":1250,"height":667,"url":"https:\/\/lospoliticosveracruz.com\/wp-content\/uploads\/2025\/04\/Vicente-Luna-Hernandez.jpg","type":"image\/jpeg"}],"author":"Lo viste en Los Pol\u00edticos","twitter_card":"summary_large_image","twitter_creator":"@LosPoliticosVer","twitter_site":"@LosPoliticosVer","twitter_misc":{"Escrito por":"Lo viste en Los Pol\u00edticos","Tiempo de lectura":"6 minutos"},"schema":{"@context":"https:\/\/schema.org","@graph":[{"@type":"Article","@id":"https:\/\/lospoliticosveracruz.com\/?p=158499#article","isPartOf":{"@id":"https:\/\/lospoliticosveracruz.com\/?p=158499"},"author":{"name":"Lo viste en Los Pol\u00edticos","@id":"https:\/\/lospoliticosveracruz.com\/#\/schema\/person\/b8702bb0e538456e6efd07080bf2a4a2"},"headline":"PRI: LA REVOLUCI\u00d3N DE LAS CONCIENCIAS","datePublished":"2025-12-15T17:01:24+00:00","dateModified":"2025-12-15T17:01:45+00:00","mainEntityOfPage":{"@id":"https:\/\/lospoliticosveracruz.com\/?p=158499"},"wordCount":1228,"publisher":{"@id":"https:\/\/lospoliticosveracruz.com\/#organization"},"image":{"@id":"https:\/\/lospoliticosveracruz.com\/?p=158499#primaryimage"},"thumbnailUrl":"https:\/\/lospoliticosveracruz.com\/wp-content\/uploads\/2025\/04\/Vicente-Luna-Hernandez.jpg","articleSection":["De Opini\u00f3n"],"inLanguage":"es"},{"@type":"WebPage","@id":"https:\/\/lospoliticosveracruz.com\/?p=158499","url":"https:\/\/lospoliticosveracruz.com\/?p=158499","name":"PRI: LA REVOLUCI\u00d3N DE LAS CONCIENCIAS - Los pol\u00edticos Veracruz","isPartOf":{"@id":"https:\/\/lospoliticosveracruz.com\/#website"},"primaryImageOfPage":{"@id":"https:\/\/lospoliticosveracruz.com\/?p=158499#primaryimage"},"image":{"@id":"https:\/\/lospoliticosveracruz.com\/?p=158499#primaryimage"},"thumbnailUrl":"https:\/\/lospoliticosveracruz.com\/wp-content\/uploads\/2025\/04\/Vicente-Luna-Hernandez.jpg","datePublished":"2025-12-15T17:01:24+00:00","dateModified":"2025-12-15T17:01:45+00:00","breadcrumb":{"@id":"https:\/\/lospoliticosveracruz.com\/?p=158499#breadcrumb"},"inLanguage":"es","potentialAction":[{"@type":"ReadAction","target":["https:\/\/lospoliticosveracruz.com\/?p=158499"]}]},{"@type":"ImageObject","inLanguage":"es","@id":"https:\/\/lospoliticosveracruz.com\/?p=158499#primaryimage","url":"https:\/\/lospoliticosveracruz.com\/wp-content\/uploads\/2025\/04\/Vicente-Luna-Hernandez.jpg","contentUrl":"https:\/\/lospoliticosveracruz.com\/wp-content\/uploads\/2025\/04\/Vicente-Luna-Hernandez.jpg","width":1250,"height":667},{"@type":"BreadcrumbList","@id":"https:\/\/lospoliticosveracruz.com\/?p=158499#breadcrumb","itemListElement":[{"@type":"ListItem","position":1,"name":"Portada","item":"https:\/\/lospoliticosveracruz.com\/"},{"@type":"ListItem","position":2,"name":"PRI: LA REVOLUCI\u00d3N DE LAS CONCIENCIAS"}]},{"@type":"WebSite","@id":"https:\/\/lospoliticosveracruz.com\/#website","url":"https:\/\/lospoliticosveracruz.com\/","name":"Los pol\u00edticos Veracruz","description":"","publisher":{"@id":"https:\/\/lospoliticosveracruz.com\/#organization"},"potentialAction":[{"@type":"SearchAction","target":{"@type":"EntryPoint","urlTemplate":"https:\/\/lospoliticosveracruz.com\/?s={search_term_string}"},"query-input":{"@type":"PropertyValueSpecification","valueRequired":true,"valueName":"search_term_string"}}],"inLanguage":"es"},{"@type":"Organization","@id":"https:\/\/lospoliticosveracruz.com\/#organization","name":"Los pol\u00edticos Veracruz","url":"https:\/\/lospoliticosveracruz.com\/","logo":{"@type":"ImageObject","inLanguage":"es","@id":"https:\/\/lospoliticosveracruz.com\/#\/schema\/logo\/image\/","url":"https:\/\/lospoliticosveracruz.com\/wp-content\/uploads\/2025\/12\/Logo-Nuevo-LOS-POLITICOS-1.jpg","contentUrl":"https:\/\/lospoliticosveracruz.com\/wp-content\/uploads\/2025\/12\/Logo-Nuevo-LOS-POLITICOS-1.jpg","width":260,"height":70,"caption":"Los pol\u00edticos Veracruz"},"image":{"@id":"https:\/\/lospoliticosveracruz.com\/#\/schema\/logo\/image\/"},"sameAs":["https:\/\/www.facebook.com\/people\/Notimemes-de-los-Polticos\/61565672886568\/","https:\/\/x.com\/LosPoliticosVer"]},{"@type":"Person","@id":"https:\/\/lospoliticosveracruz.com\/#\/schema\/person\/b8702bb0e538456e6efd07080bf2a4a2","name":"Lo viste en Los Pol\u00edticos","image":{"@type":"ImageObject","inLanguage":"es","@id":"https:\/\/secure.gravatar.com\/avatar\/3a8de04a2656d44082be478bd6c086daa447c4651605818287b9532d3d0bd435?s=96&d=mm&r=g","url":"https:\/\/secure.gravatar.com\/avatar\/3a8de04a2656d44082be478bd6c086daa447c4651605818287b9532d3d0bd435?s=96&d=mm&r=g","contentUrl":"https:\/\/secure.gravatar.com\/avatar\/3a8de04a2656d44082be478bd6c086daa447c4651605818287b9532d3d0bd435?s=96&d=mm&r=g","caption":"Lo viste en Los Pol\u00edticos"},"url":"https:\/\/lospoliticosveracruz.com\/?author=2"}]}},"_links":{"self":[{"href":"https:\/\/lospoliticosveracruz.com\/index.php?rest_route=\/wp\/v2\/posts\/158499","targetHints":{"allow":["GET"]}}],"collection":[{"href":"https:\/\/lospoliticosveracruz.com\/index.php?rest_route=\/wp\/v2\/posts"}],"about":[{"href":"https:\/\/lospoliticosveracruz.com\/index.php?rest_route=\/wp\/v2\/types\/post"}],"author":[{"embeddable":true,"href":"https:\/\/lospoliticosveracruz.com\/index.php?rest_route=\/wp\/v2\/users\/2"}],"replies":[{"embeddable":true,"href":"https:\/\/lospoliticosveracruz.com\/index.php?rest_route=%2Fwp%2Fv2%2Fcomments&post=158499"}],"version-history":[{"count":2,"href":"https:\/\/lospoliticosveracruz.com\/index.php?rest_route=\/wp\/v2\/posts\/158499\/revisions"}],"predecessor-version":[{"id":158501,"href":"https:\/\/lospoliticosveracruz.com\/index.php?rest_route=\/wp\/v2\/posts\/158499\/revisions\/158501"}],"wp:featuredmedia":[{"embeddable":true,"href":"https:\/\/lospoliticosveracruz.com\/index.php?rest_route=\/wp\/v2\/media\/141415"}],"wp:attachment":[{"href":"https:\/\/lospoliticosveracruz.com\/index.php?rest_route=%2Fwp%2Fv2%2Fmedia&parent=158499"}],"wp:term":[{"taxonomy":"category","embeddable":true,"href":"https:\/\/lospoliticosveracruz.com\/index.php?rest_route=%2Fwp%2Fv2%2Fcategories&post=158499"},{"taxonomy":"post_tag","embeddable":true,"href":"https:\/\/lospoliticosveracruz.com\/index.php?rest_route=%2Fwp%2Fv2%2Ftags&post=158499"}],"curies":[{"name":"wp","href":"https:\/\/api.w.org\/{rel}","templated":true}]}}