{"id":158520,"date":"2025-12-15T19:46:39","date_gmt":"2025-12-16T01:46:39","guid":{"rendered":"https:\/\/lospoliticosveracruz.com.mx\/?p=158520"},"modified":"2025-12-15T19:46:56","modified_gmt":"2025-12-16T01:46:56","slug":"transicion-boquena-tersa","status":"publish","type":"post","link":"https:\/\/lospoliticosveracruz.com\/?p=158520","title":{"rendered":"TRANSICI\u00d3N BOQUE\u00d1A, TERSA!"},"content":{"rendered":"\n<p>La ma\u00f1ana de este lunes se llev\u00f3 a cabo la Primera Reuni\u00f3n de Trabajo de los Comit\u00e9s de Entrega y Recepci\u00f3n del Ayuntamiento de Boca del R\u00edo, un ejercicio institucional fundamental para garantizar continuidad, transparencia y orden en la administraci\u00f3n p\u00fablica municipal.<\/p>\n\n\n\n<p>El acto fue encabezado por el Presidente Municipal, Licenciado Juan Manuel Un\u00e1nue Abascal y la Presidente Electa, Maestra Maryjose Gamboa Torales, quienes fueron acompa\u00f1ados por sus respectivos equipos de transici\u00f3n.&nbsp;&nbsp;<\/p>\n\n\n\n<p>\u201cComento de manera muy puntual, que un servidor junto con sus colaboradores, junto con el equipo de entrega, hemos ya tenido varias reuniones, hemos tenido tres sesiones de este comit\u00e9, para tener todo listo y preparado para cuando se lleve a cabo ya de manera pr\u00e1ctica y formal esta entrega y recepci\u00f3n\u201d, expres\u00f3 el tambi\u00e9n Presidente del Comit\u00e9 de Entrega, Juan Manuel Un\u00e1nue Abascal.&nbsp;<\/p>\n\n\n\n<p>El edil enfatiz\u00f3 que el objetivo es ya contar con toda la documentaci\u00f3n f\u00edsica y digitalizada, pero principalmente en orden, para que la administraci\u00f3n entrante tenga informaci\u00f3n puntual para iniciar sus funciones administrativas y de gobierno.<\/p>\n\n\n\n<p>Puntualizando, adem\u00e1s, que se trata de un proceso institucional y conforme a la Ley.&nbsp;<\/p>\n\n\n\n<p>Por su parte, la Alcaldesa Electa y Presidenta del Comit\u00e9 de Entrega, Maryjose Gamboa Torales, dijo que este proceso facilita la transici\u00f3n administrativa, pero muy importante, velando por el bien de los boque\u00f1os.&nbsp;<\/p>\n\n\n\n<p>\u201cEl alcalde quer\u00eda asegurarse que esta transici\u00f3n fuera de esta manera, con tiempo, ordenada, porque eso lo que garantiza es que va a seguir funcionando cada \u00e1rea del municipio a partir de las 12 de la noche del 31 de diciembre, que era la principal preocupaci\u00f3n del alcalde Juan Manuel, que dec\u00eda, \u2018amiga y alcalde electa, esto tiene que funcionar perfectamente\u2019, y bueno, pues no en todos los ayuntamientos, no en todas las administraciones se hace, es un acto de generosidad por parte del alcalde y de su equipo, que agradezco tambi\u00e9n, y un acto de responsabilidad para las y los ciudadanos que nosotros como administraci\u00f3n entrante agradecemos profundamente\u201d, destac\u00f3&nbsp;&nbsp;Gamboa Torales,<\/p>\n\n\n\n<p>El encuentro tuvo como sede la Sala de Cabildo del Palacio Municipal de Boca del R\u00edo.<\/p>\n","protected":false},"excerpt":{"rendered":"<p>La ma\u00f1ana de este lunes se llev\u00f3 a cabo la Primera Reuni\u00f3n de Trabajo de los Comit\u00e9s de Entrega y Recepci\u00f3n del Ayuntamiento de Boca del R\u00edo, un ejercicio institucional fundamental para garantizar continuidad, transparencia y orden en la administraci\u00f3n p\u00fablica municipal. El acto fue encabezado por el Presidente Municipal, Licenciado Juan Manuel Un\u00e1nue Abascal [&hellip;]<\/p>\n","protected":false},"author":2,"featured_media":158521,"comment_status":"closed","ping_status":"closed","sticky":false,"template":"","format":"standard","meta":{"tdm_status":"","tdm_grid_status":"","footnotes":""},"categories":[73],"tags":[],"class_list":{"0":"post-158520","1":"post","2":"type-post","3":"status-publish","4":"format-standard","5":"has-post-thumbnail","7":"category-de-boleto"},"yoast_head":"<!-- This site is optimized with the Yoast SEO plugin v27.4 - https:\/\/yoast.com\/product\/yoast-seo-wordpress\/ -->\n<title>TRANSICI\u00d3N BOQUE\u00d1A, TERSA! - Los pol\u00edticos Veracruz<\/title>\n<meta name=\"robots\" content=\"index, follow, max-snippet:-1, max-image-preview:large, max-video-preview:-1\" \/>\n<link rel=\"canonical\" href=\"https:\/\/lospoliticosveracruz.com\/?p=158520\" \/>\n<meta property=\"og:locale\" content=\"es_ES\" \/>\n<meta property=\"og:type\" content=\"article\" \/>\n<meta property=\"og:title\" content=\"TRANSICI\u00d3N BOQUE\u00d1A, TERSA! - Los pol\u00edticos Veracruz\" \/>\n<meta property=\"og:description\" content=\"La ma\u00f1ana de este lunes se llev\u00f3 a cabo la Primera Reuni\u00f3n de Trabajo de los Comit\u00e9s de Entrega y Recepci\u00f3n del Ayuntamiento de Boca del R\u00edo, un ejercicio institucional fundamental para garantizar continuidad, transparencia y orden en la administraci\u00f3n p\u00fablica municipal. El acto fue encabezado por el Presidente Municipal, Licenciado Juan Manuel Un\u00e1nue Abascal [&hellip;]\" \/>\n<meta property=\"og:url\" content=\"https:\/\/lospoliticosveracruz.com\/?p=158520\" \/>\n<meta property=\"og:site_name\" content=\"Los pol\u00edticos Veracruz\" \/>\n<meta property=\"article:publisher\" content=\"https:\/\/www.facebook.com\/people\/Notimemes-de-los-Polticos\/61565672886568\/\" \/>\n<meta property=\"article:published_time\" content=\"2025-12-16T01:46:39+00:00\" \/>\n<meta property=\"article:modified_time\" content=\"2025-12-16T01:46:56+00:00\" \/>\n<meta property=\"og:image\" content=\"https:\/\/lospoliticosveracruz.com\/wp-content\/uploads\/2025\/12\/UNANUE-Marijose.jpg\" \/>\n\t<meta property=\"og:image:width\" content=\"600\" \/>\n\t<meta property=\"og:image:height\" content=\"320\" \/>\n\t<meta property=\"og:image:type\" content=\"image\/jpeg\" \/>\n<meta name=\"author\" content=\"Lo viste en Los Pol\u00edticos\" \/>\n<meta name=\"twitter:card\" content=\"summary_large_image\" \/>\n<meta name=\"twitter:creator\" content=\"@LosPoliticosVer\" \/>\n<meta name=\"twitter:site\" content=\"@LosPoliticosVer\" \/>\n<meta name=\"twitter:label1\" content=\"Escrito por\" \/>\n\t<meta name=\"twitter:data1\" content=\"Lo viste en Los Pol\u00edticos\" \/>\n\t<meta name=\"twitter:label2\" content=\"Tiempo de lectura\" \/>\n\t<meta name=\"twitter:data2\" content=\"2 minutos\" \/>\n<script type=\"application\/ld+json\" class=\"yoast-schema-graph\">{\"@context\":\"https:\\\/\\\/schema.org\",\"@graph\":[{\"@type\":\"Article\",\"@id\":\"https:\\\/\\\/lospoliticosveracruz.com\\\/?p=158520#article\",\"isPartOf\":{\"@id\":\"https:\\\/\\\/lospoliticosveracruz.com\\\/?p=158520\"},\"author\":{\"name\":\"Lo viste en Los Pol\u00edticos\",\"@id\":\"https:\\\/\\\/lospoliticosveracruz.com\\\/#\\\/schema\\\/person\\\/b8702bb0e538456e6efd07080bf2a4a2\"},\"headline\":\"TRANSICI\u00d3N BOQUE\u00d1A, TERSA!\",\"datePublished\":\"2025-12-16T01:46:39+00:00\",\"dateModified\":\"2025-12-16T01:46:56+00:00\",\"mainEntityOfPage\":{\"@id\":\"https:\\\/\\\/lospoliticosveracruz.com\\\/?p=158520\"},\"wordCount\":385,\"publisher\":{\"@id\":\"https:\\\/\\\/lospoliticosveracruz.com\\\/#organization\"},\"image\":{\"@id\":\"https:\\\/\\\/lospoliticosveracruz.com\\\/?p=158520#primaryimage\"},\"thumbnailUrl\":\"https:\\\/\\\/lospoliticosveracruz.com\\\/wp-content\\\/uploads\\\/2025\\\/12\\\/UNANUE-Marijose.jpg\",\"articleSection\":[\"De Boleto\"],\"inLanguage\":\"es\"},{\"@type\":\"WebPage\",\"@id\":\"https:\\\/\\\/lospoliticosveracruz.com\\\/?p=158520\",\"url\":\"https:\\\/\\\/lospoliticosveracruz.com\\\/?p=158520\",\"name\":\"TRANSICI\u00d3N BOQUE\u00d1A, TERSA! - Los pol\u00edticos Veracruz\",\"isPartOf\":{\"@id\":\"https:\\\/\\\/lospoliticosveracruz.com\\\/#website\"},\"primaryImageOfPage\":{\"@id\":\"https:\\\/\\\/lospoliticosveracruz.com\\\/?p=158520#primaryimage\"},\"image\":{\"@id\":\"https:\\\/\\\/lospoliticosveracruz.com\\\/?p=158520#primaryimage\"},\"thumbnailUrl\":\"https:\\\/\\\/lospoliticosveracruz.com\\\/wp-content\\\/uploads\\\/2025\\\/12\\\/UNANUE-Marijose.jpg\",\"datePublished\":\"2025-12-16T01:46:39+00:00\",\"dateModified\":\"2025-12-16T01:46:56+00:00\",\"breadcrumb\":{\"@id\":\"https:\\\/\\\/lospoliticosveracruz.com\\\/?p=158520#breadcrumb\"},\"inLanguage\":\"es\",\"potentialAction\":[{\"@type\":\"ReadAction\",\"target\":[\"https:\\\/\\\/lospoliticosveracruz.com\\\/?p=158520\"]}]},{\"@type\":\"ImageObject\",\"inLanguage\":\"es\",\"@id\":\"https:\\\/\\\/lospoliticosveracruz.com\\\/?p=158520#primaryimage\",\"url\":\"https:\\\/\\\/lospoliticosveracruz.com\\\/wp-content\\\/uploads\\\/2025\\\/12\\\/UNANUE-Marijose.jpg\",\"contentUrl\":\"https:\\\/\\\/lospoliticosveracruz.com\\\/wp-content\\\/uploads\\\/2025\\\/12\\\/UNANUE-Marijose.jpg\",\"width\":600,\"height\":320},{\"@type\":\"BreadcrumbList\",\"@id\":\"https:\\\/\\\/lospoliticosveracruz.com\\\/?p=158520#breadcrumb\",\"itemListElement\":[{\"@type\":\"ListItem\",\"position\":1,\"name\":\"Portada\",\"item\":\"https:\\\/\\\/lospoliticosveracruz.com\\\/\"},{\"@type\":\"ListItem\",\"position\":2,\"name\":\"TRANSICI\u00d3N BOQUE\u00d1A, TERSA!\"}]},{\"@type\":\"WebSite\",\"@id\":\"https:\\\/\\\/lospoliticosveracruz.com\\\/#website\",\"url\":\"https:\\\/\\\/lospoliticosveracruz.com\\\/\",\"name\":\"Los pol\u00edticos Veracruz\",\"description\":\"\",\"publisher\":{\"@id\":\"https:\\\/\\\/lospoliticosveracruz.com\\\/#organization\"},\"potentialAction\":[{\"@type\":\"SearchAction\",\"target\":{\"@type\":\"EntryPoint\",\"urlTemplate\":\"https:\\\/\\\/lospoliticosveracruz.com\\\/?s={search_term_string}\"},\"query-input\":{\"@type\":\"PropertyValueSpecification\",\"valueRequired\":true,\"valueName\":\"search_term_string\"}}],\"inLanguage\":\"es\"},{\"@type\":\"Organization\",\"@id\":\"https:\\\/\\\/lospoliticosveracruz.com\\\/#organization\",\"name\":\"Los pol\u00edticos Veracruz\",\"url\":\"https:\\\/\\\/lospoliticosveracruz.com\\\/\",\"logo\":{\"@type\":\"ImageObject\",\"inLanguage\":\"es\",\"@id\":\"https:\\\/\\\/lospoliticosveracruz.com\\\/#\\\/schema\\\/logo\\\/image\\\/\",\"url\":\"https:\\\/\\\/lospoliticosveracruz.com\\\/wp-content\\\/uploads\\\/2025\\\/12\\\/Logo-Nuevo-LOS-POLITICOS-1.jpg\",\"contentUrl\":\"https:\\\/\\\/lospoliticosveracruz.com\\\/wp-content\\\/uploads\\\/2025\\\/12\\\/Logo-Nuevo-LOS-POLITICOS-1.jpg\",\"width\":260,\"height\":70,\"caption\":\"Los pol\u00edticos Veracruz\"},\"image\":{\"@id\":\"https:\\\/\\\/lospoliticosveracruz.com\\\/#\\\/schema\\\/logo\\\/image\\\/\"},\"sameAs\":[\"https:\\\/\\\/www.facebook.com\\\/people\\\/Notimemes-de-los-Polticos\\\/61565672886568\\\/\",\"https:\\\/\\\/x.com\\\/LosPoliticosVer\"]},{\"@type\":\"Person\",\"@id\":\"https:\\\/\\\/lospoliticosveracruz.com\\\/#\\\/schema\\\/person\\\/b8702bb0e538456e6efd07080bf2a4a2\",\"name\":\"Lo viste en Los Pol\u00edticos\",\"image\":{\"@type\":\"ImageObject\",\"inLanguage\":\"es\",\"@id\":\"https:\\\/\\\/secure.gravatar.com\\\/avatar\\\/3a8de04a2656d44082be478bd6c086daa447c4651605818287b9532d3d0bd435?s=96&d=mm&r=g\",\"url\":\"https:\\\/\\\/secure.gravatar.com\\\/avatar\\\/3a8de04a2656d44082be478bd6c086daa447c4651605818287b9532d3d0bd435?s=96&d=mm&r=g\",\"contentUrl\":\"https:\\\/\\\/secure.gravatar.com\\\/avatar\\\/3a8de04a2656d44082be478bd6c086daa447c4651605818287b9532d3d0bd435?s=96&d=mm&r=g\",\"caption\":\"Lo viste en Los Pol\u00edticos\"},\"url\":\"https:\\\/\\\/lospoliticosveracruz.com\\\/?author=2\"}]}<\/script>\n<!-- \/ Yoast SEO plugin. -->","yoast_head_json":{"title":"TRANSICI\u00d3N BOQUE\u00d1A, TERSA! - Los pol\u00edticos Veracruz","robots":{"index":"index","follow":"follow","max-snippet":"max-snippet:-1","max-image-preview":"max-image-preview:large","max-video-preview":"max-video-preview:-1"},"canonical":"https:\/\/lospoliticosveracruz.com\/?p=158520","og_locale":"es_ES","og_type":"article","og_title":"TRANSICI\u00d3N BOQUE\u00d1A, TERSA! - Los pol\u00edticos Veracruz","og_description":"La ma\u00f1ana de este lunes se llev\u00f3 a cabo la Primera Reuni\u00f3n de Trabajo de los Comit\u00e9s de Entrega y Recepci\u00f3n del Ayuntamiento de Boca del R\u00edo, un ejercicio institucional fundamental para garantizar continuidad, transparencia y orden en la administraci\u00f3n p\u00fablica municipal. El acto fue encabezado por el Presidente Municipal, Licenciado Juan Manuel Un\u00e1nue Abascal [&hellip;]","og_url":"https:\/\/lospoliticosveracruz.com\/?p=158520","og_site_name":"Los pol\u00edticos Veracruz","article_publisher":"https:\/\/www.facebook.com\/people\/Notimemes-de-los-Polticos\/61565672886568\/","article_published_time":"2025-12-16T01:46:39+00:00","article_modified_time":"2025-12-16T01:46:56+00:00","og_image":[{"width":600,"height":320,"url":"https:\/\/lospoliticosveracruz.com\/wp-content\/uploads\/2025\/12\/UNANUE-Marijose.jpg","type":"image\/jpeg"}],"author":"Lo viste en Los Pol\u00edticos","twitter_card":"summary_large_image","twitter_creator":"@LosPoliticosVer","twitter_site":"@LosPoliticosVer","twitter_misc":{"Escrito por":"Lo viste en Los Pol\u00edticos","Tiempo de lectura":"2 minutos"},"schema":{"@context":"https:\/\/schema.org","@graph":[{"@type":"Article","@id":"https:\/\/lospoliticosveracruz.com\/?p=158520#article","isPartOf":{"@id":"https:\/\/lospoliticosveracruz.com\/?p=158520"},"author":{"name":"Lo viste en Los Pol\u00edticos","@id":"https:\/\/lospoliticosveracruz.com\/#\/schema\/person\/b8702bb0e538456e6efd07080bf2a4a2"},"headline":"TRANSICI\u00d3N BOQUE\u00d1A, TERSA!","datePublished":"2025-12-16T01:46:39+00:00","dateModified":"2025-12-16T01:46:56+00:00","mainEntityOfPage":{"@id":"https:\/\/lospoliticosveracruz.com\/?p=158520"},"wordCount":385,"publisher":{"@id":"https:\/\/lospoliticosveracruz.com\/#organization"},"image":{"@id":"https:\/\/lospoliticosveracruz.com\/?p=158520#primaryimage"},"thumbnailUrl":"https:\/\/lospoliticosveracruz.com\/wp-content\/uploads\/2025\/12\/UNANUE-Marijose.jpg","articleSection":["De Boleto"],"inLanguage":"es"},{"@type":"WebPage","@id":"https:\/\/lospoliticosveracruz.com\/?p=158520","url":"https:\/\/lospoliticosveracruz.com\/?p=158520","name":"TRANSICI\u00d3N BOQUE\u00d1A, TERSA! - Los pol\u00edticos Veracruz","isPartOf":{"@id":"https:\/\/lospoliticosveracruz.com\/#website"},"primaryImageOfPage":{"@id":"https:\/\/lospoliticosveracruz.com\/?p=158520#primaryimage"},"image":{"@id":"https:\/\/lospoliticosveracruz.com\/?p=158520#primaryimage"},"thumbnailUrl":"https:\/\/lospoliticosveracruz.com\/wp-content\/uploads\/2025\/12\/UNANUE-Marijose.jpg","datePublished":"2025-12-16T01:46:39+00:00","dateModified":"2025-12-16T01:46:56+00:00","breadcrumb":{"@id":"https:\/\/lospoliticosveracruz.com\/?p=158520#breadcrumb"},"inLanguage":"es","potentialAction":[{"@type":"ReadAction","target":["https:\/\/lospoliticosveracruz.com\/?p=158520"]}]},{"@type":"ImageObject","inLanguage":"es","@id":"https:\/\/lospoliticosveracruz.com\/?p=158520#primaryimage","url":"https:\/\/lospoliticosveracruz.com\/wp-content\/uploads\/2025\/12\/UNANUE-Marijose.jpg","contentUrl":"https:\/\/lospoliticosveracruz.com\/wp-content\/uploads\/2025\/12\/UNANUE-Marijose.jpg","width":600,"height":320},{"@type":"BreadcrumbList","@id":"https:\/\/lospoliticosveracruz.com\/?p=158520#breadcrumb","itemListElement":[{"@type":"ListItem","position":1,"name":"Portada","item":"https:\/\/lospoliticosveracruz.com\/"},{"@type":"ListItem","position":2,"name":"TRANSICI\u00d3N BOQUE\u00d1A, TERSA!"}]},{"@type":"WebSite","@id":"https:\/\/lospoliticosveracruz.com\/#website","url":"https:\/\/lospoliticosveracruz.com\/","name":"Los pol\u00edticos Veracruz","description":"","publisher":{"@id":"https:\/\/lospoliticosveracruz.com\/#organization"},"potentialAction":[{"@type":"SearchAction","target":{"@type":"EntryPoint","urlTemplate":"https:\/\/lospoliticosveracruz.com\/?s={search_term_string}"},"query-input":{"@type":"PropertyValueSpecification","valueRequired":true,"valueName":"search_term_string"}}],"inLanguage":"es"},{"@type":"Organization","@id":"https:\/\/lospoliticosveracruz.com\/#organization","name":"Los pol\u00edticos Veracruz","url":"https:\/\/lospoliticosveracruz.com\/","logo":{"@type":"ImageObject","inLanguage":"es","@id":"https:\/\/lospoliticosveracruz.com\/#\/schema\/logo\/image\/","url":"https:\/\/lospoliticosveracruz.com\/wp-content\/uploads\/2025\/12\/Logo-Nuevo-LOS-POLITICOS-1.jpg","contentUrl":"https:\/\/lospoliticosveracruz.com\/wp-content\/uploads\/2025\/12\/Logo-Nuevo-LOS-POLITICOS-1.jpg","width":260,"height":70,"caption":"Los pol\u00edticos Veracruz"},"image":{"@id":"https:\/\/lospoliticosveracruz.com\/#\/schema\/logo\/image\/"},"sameAs":["https:\/\/www.facebook.com\/people\/Notimemes-de-los-Polticos\/61565672886568\/","https:\/\/x.com\/LosPoliticosVer"]},{"@type":"Person","@id":"https:\/\/lospoliticosveracruz.com\/#\/schema\/person\/b8702bb0e538456e6efd07080bf2a4a2","name":"Lo viste en Los Pol\u00edticos","image":{"@type":"ImageObject","inLanguage":"es","@id":"https:\/\/secure.gravatar.com\/avatar\/3a8de04a2656d44082be478bd6c086daa447c4651605818287b9532d3d0bd435?s=96&d=mm&r=g","url":"https:\/\/secure.gravatar.com\/avatar\/3a8de04a2656d44082be478bd6c086daa447c4651605818287b9532d3d0bd435?s=96&d=mm&r=g","contentUrl":"https:\/\/secure.gravatar.com\/avatar\/3a8de04a2656d44082be478bd6c086daa447c4651605818287b9532d3d0bd435?s=96&d=mm&r=g","caption":"Lo viste en Los Pol\u00edticos"},"url":"https:\/\/lospoliticosveracruz.com\/?author=2"}]}},"_links":{"self":[{"href":"https:\/\/lospoliticosveracruz.com\/index.php?rest_route=\/wp\/v2\/posts\/158520","targetHints":{"allow":["GET"]}}],"collection":[{"href":"https:\/\/lospoliticosveracruz.com\/index.php?rest_route=\/wp\/v2\/posts"}],"about":[{"href":"https:\/\/lospoliticosveracruz.com\/index.php?rest_route=\/wp\/v2\/types\/post"}],"author":[{"embeddable":true,"href":"https:\/\/lospoliticosveracruz.com\/index.php?rest_route=\/wp\/v2\/users\/2"}],"replies":[{"embeddable":true,"href":"https:\/\/lospoliticosveracruz.com\/index.php?rest_route=%2Fwp%2Fv2%2Fcomments&post=158520"}],"version-history":[{"count":1,"href":"https:\/\/lospoliticosveracruz.com\/index.php?rest_route=\/wp\/v2\/posts\/158520\/revisions"}],"predecessor-version":[{"id":158522,"href":"https:\/\/lospoliticosveracruz.com\/index.php?rest_route=\/wp\/v2\/posts\/158520\/revisions\/158522"}],"wp:featuredmedia":[{"embeddable":true,"href":"https:\/\/lospoliticosveracruz.com\/index.php?rest_route=\/wp\/v2\/media\/158521"}],"wp:attachment":[{"href":"https:\/\/lospoliticosveracruz.com\/index.php?rest_route=%2Fwp%2Fv2%2Fmedia&parent=158520"}],"wp:term":[{"taxonomy":"category","embeddable":true,"href":"https:\/\/lospoliticosveracruz.com\/index.php?rest_route=%2Fwp%2Fv2%2Fcategories&post=158520"},{"taxonomy":"post_tag","embeddable":true,"href":"https:\/\/lospoliticosveracruz.com\/index.php?rest_route=%2Fwp%2Fv2%2Ftags&post=158520"}],"curies":[{"name":"wp","href":"https:\/\/api.w.org\/{rel}","templated":true}]}}