{"id":158536,"date":"2025-12-15T21:16:27","date_gmt":"2025-12-16T03:16:27","guid":{"rendered":"https:\/\/lospoliticosveracruz.com.mx\/?p=158536"},"modified":"2025-12-15T21:17:17","modified_gmt":"2025-12-16T03:17:17","slug":"se-aisla-el-populismo-vandalico","status":"publish","type":"post","link":"https:\/\/lospoliticosveracruz.com\/?p=158536","title":{"rendered":"SE A\u00cdSLA EL POPULISMO VAND\u00c1LICO"},"content":{"rendered":"\n<p><strong>Inocencio Y\u00e1\u00f1ez Vicencio<\/strong><\/p>\n\n\n\n<p>Thomas Jefferson, que fue el tercer presidente de los Estados Unidos de Am\u00e9rica, escribi\u00f3 en 1802, en una carta al Secretario del Tesoro Albert Gallatin: Pienso que las entidades bancarias son m\u00e1s peligrosas para nuestras libertades que los ej\u00e9rcitos los ej\u00e9rcitos permanentes. Si el pueblo estadounidense permite un d\u00eda que los bancos privados controlen su moneda, \u00e9stos y todas las empresas y otros bancos que florecer\u00e1n en torno a ellos privar\u00e1n a los ciudadanos de todo lo que les pertenece, primero con la inflaci\u00f3n y m\u00e1s tarde con la recesi\u00f3n, hasta el d\u00eda en el que sus hijos se despierten , sin casa y sin techo, sobre la tierra que sus padres conquistaron.<\/p>\n\n\n\n\n\n<p>Est\u00e1s palabras fueron expresadas mucho antes que apareciera el comunismo cient\u00edfico de Marx. En 1938, Franklin D. Roosevelt, presidente n\u00famero 32, expres\u00f3: La primera verdad es que la libertad de una democracia no est\u00e1 a salvo si la gente tolera el crecimiento del poder en manos privadas hasta el punto de que se convierte en algo m\u00e1s fuerte que el propio Estado democr\u00e1tico. C\u00f3mo hoy lo vivimos y bien lo advierten Zygmunt Bauman y Carlo Bordoni: el neoliberalismo ha despojado al Estado de las principales decisiones, limitado a funciones policiacas. En el a\u00f1o 2010, el economista Michael Hudson, sentenci\u00f3: Para que pueda gobernar el capital financiero, primero deben saquearse a fondo las economias.<\/p>\n\n\n\n<p>Lo que acaba de suceder en la Rep\u00fablica de Chile, no pueden explicarlo los aldeanos, porque son incapaces de entender que el capital es internacional. Puede haber unidades o sociedades locales, sin embargo el capital no tiene fronteras, como masa, es global. Justamente por eso Carlos Marx era internacionalista, por eso no estaba de acuerdo con la construcci\u00f3n del socialismo en un s\u00f3lo pa\u00eds. Sab\u00eda que el capital lo aislaria y agruparia fuerzas para hacerlo fracasar.&nbsp;&nbsp;Lo que en estos momentos estamos presenciado es nada m\u00e1s y nada menos que una embestida del capital contra todas las fuerzas que amenazan su despliegue.<\/p>\n\n\n\n<p>Lombardo Toledano, que fue un buen lector del marxismo, dec\u00eda que el capital ante toda embestida revolucionaria, nacionalista o popular, echa mano de su \u00faltima arma, que es el fascismo. El error m\u00e1s com\u00fan es pensar que hay un solo fascismo y que su presencia sigue pautas r\u00edgidas. No, en cada lugar y tiempo aparece de manera espec\u00edfica y difiere de otros. El fascismo italiano es diferente al fascismo alem\u00e1n. Lo que los hace coincidir es su ferocidad contra las instituciones liberales y las resistencias que encuentra a su maquinar\u00eda de sometimiento . Movilizaci\u00f3n y adoctrinamiento son sus principales ejes porque no pueden dominar \u00fanicamente con ballonetas.&nbsp;&nbsp;&nbsp;Todo lo dirigen a uniformar la sociedad. Habitualmente son m\u00e1s despiadados en sus inicios y la represi\u00f3n es m\u00e1s brutal contra los que no agachan la cabeza.<\/p>\n\n\n\n<p>Grave error es tambi\u00e9n ver en el fascismo una expresi\u00f3n de las contradicciones puramente econ\u00f3micas. Si bien es cierto como ya lo apuntamos el fascismo es la \u00faltima arma de que echa mano el gran capital cuando ve amenazados sus intereses por movimientos revolucionarios, es expresi\u00f3n de contradicciones pol\u00edticas y culturales.<\/p>\n\n\n\n<p>En una c\u00e9lebre Carta de Federico Engels ( compa\u00f1ero de Carlos Marx ), a Jos\u00e9 Bloch, en septiembre de 1890, dice que: Seg\u00fan la concepci\u00f3n materialista de la historia , el factor que en \u00faltima instancia determina la historia es la producci\u00f3n y la reproducci\u00f3n de la vida real. Ni Marx ni yo hemos afirmado nunca m\u00e1s que esto. Si alguien lo tergiversa&nbsp; &nbsp;&nbsp;diciendo que el factor econ\u00f3mico es el \u00fanico determinante, convertir\u00e1 aquella tesis en una frase vac\u00eda, abstracta, absurda. La situaci\u00f3n econ\u00f3mica es la base, pero los diversos factores de la superestructura que sobre ella se levantan -las formas pol\u00edticas de la lucha de clases y sus resultados, las Constituciones que, despu\u00e9s de ganada una batalla, redacta la clase triunfante, etc., las formas jur\u00eddicas, e incluso los reflejos de todas estas luchas reales en el cerebro de los participantes, las teor\u00edas pol\u00edticas, jur\u00eddicas, filos\u00f3ficas, las ideas religiosas y el desarrollo ulterior de \u00e9stas hasta convertirlas en un sistema de dogmas ejercen tambi\u00e9n su influencia sobre el curso de las luchas hist\u00f3ricas y determinan, predominantemente en muchos casos, su forma.<\/p>\n\n\n\n<p>El problema fundamental est\u00e1 en que mientras el capital se asocia y reagrupa fuerzas, las fuerzas que resisten su dominio, lo hacen parcelariamente, lo hacen aldeanamente.<\/p>\n\n\n\n<p>El resurgir de los movimientos de izquierda en Latinoam\u00e9rica fue enfrentado por los grandes capitales con pol\u00edticas de precios, acaparamiento y monopolizacion de materias primas, cr\u00e9ditos atados y asfixiantes, explotaci\u00f3n y sustracci\u00f3n de toda clase de recursos&#8230; pero a la vez con mucha propaganda y agencias que promueven sus apoyos.<\/p>\n\n\n\n<p>No obstante que el mercado necesita de gobiernos legitimidos por el voto libre y libertades, nunca ha sido una condici\u00f3n para la inversi\u00f3n porque lo que quiere es estabilidad y seguridad y si un r\u00e9gimen autoritario se la brinda, convive con \u00e9l.<\/p>\n\n\n\n<p>El liberalismo tiene muchas promesas incumplidas. Es m\u00e1s, cuando conviene a sus intereses, la misma racionalidad y las leyes econ\u00f3micas y jur\u00eddicas se violan. Hoy mismo Trump dicta: d\u00f3nde se debe invertir, las asociaciones de capital, con qui\u00e9nes se debe comerciar y con qui\u00e9nes no, qu\u00e9 se debe proteger y qu\u00e9 no&#8230;<\/p>\n\n\n\n<p>A partir de que los Estados Unidos se asume como guardi\u00e1n del mundo, no \u00fanicamente emplea toda clase de mecanismos para sustraer la riqueza de las naciones bajo su f\u00e9rula, tambi\u00e9n quita gobiernos que le estorban y pone gobiernos sumisos, pero no s\u00f3lo lo realiza alentando y promoviendo fuerzas golpistas sino tambi\u00e9n una propaganda que hagan posible que lo logre por la v\u00eda del consenso y la v\u00eda el electoral.<\/p>\n\n\n\n<p>Nada de casual tiene que en Bolivia, un personaje como Hugo Banzer, que hab\u00eda entrado a la Presidencia por la v\u00eda de un cuartelazo, m\u00e1s tarde , compitiendo en unas elecciones, regresara al poder. A nadie debe de extra\u00f1ar que est\u00e9 domingo 14 de diciembre, en una segunda vuelta, las fuerzas pinochetistas encabezadas por Kast, vuelvan al Palacio que bombardearon para asesinar al presidente constitucional Salvador Allende. No es f\u00e1cil explicarse que un movimiento que ten\u00eda en la bolsa el electorado para reemplazar la Constituci\u00f3n de Augusto Pinochet, gana la Presidencia y cuando desde el poder, sin haber realizado ninguna afectaci\u00f3n, convoca al cambio de su Ley Suprema y la poblaci\u00f3n rechaza la propuesta y decide seguir viviendo bajo la Ley de Pinochet. Por qu\u00e9? Porque las fuerzas ultraderechistas no se iban a quedar cruzadas de brazos. Desde el interior no s\u00f3lo los capitales empezaron a sabotear al gobierno izquierdista sino desde la Iglesia Cat\u00f3lica que bendijo el golpe militar de Pinochet, escuelas, universidades, canales de radio y televisi\u00f3n, medios impresos y electr\u00f3nicos, cine, teatro&#8230; Se lanzaron a sabotear al gobierno de izquierda. La Campa\u00f1a la dividieron entre una \u00bb comunista\u00bb y un \u00abrepublicano\u00bb. Pero de acuerdo a familiares de chilenos, con los que tenemos contacto, la derecha cont\u00f3 con todo el respaldo del capital internacional, recursos f\u00edsicos pero tambi\u00e9n no tangibles. Quieren estar c\u00f3mo Venezuela? Quieren estar c\u00f3mo Nicaragua? Quieren estar bajo el dominio del narco como M\u00e9xico?<\/p>\n\n\n\n<p>Sin duda, los espejos que les pusieron, los fracasos izquierdistas y seudoizquierdistas y los milagros de la \u00bb paz\u00bb de Pinochet, los espantaron y el electorado chileno acudi\u00f3 a las casillas con miedo.<\/p>\n\n\n\n<p>La seudoizquierdista morenista debe entender que si bien es cierto no es una amenaza al gran capital, no deja de preocuparle desde el momento que sus ligas con el cr\u00edmen organizado no le d\u00e1 confianza, por haber entregado ya buena parte a los c\u00e1rteles que mantienen en la zozobra a la poblaci\u00f3n mediante la extorsi\u00f3n y los asesinatos.<\/p>\n\n\n\n<p>Morena debe entender que por mucho que ponga 10 mil soldados a cuidar la frontera norte, creerle el agua a los gringos, permitir que barcos y aviones incursionen en nuestro territorio, la concentraci\u00f3n de los tres poderes en una sola persona, depender del humor de un gobernante, destruir el poder judicial, eliminar los \u00f3rganos de control, eliminar la suspensi\u00f3n en el Amparo, saquear a la naci\u00f3n, incrementar la corrupci\u00f3n, aumentar la impunidad, desbordar la deuda p\u00fablica, perseguir a la oposici\u00f3n, suprimir la cr\u00edtica &#8230; hace que el capital se ponga en guardia y para enfrentarlo se ha quedado s\u00f3lo y para colmo, con tal de lustrarle los zapatos a Trump, Claudia Sheinbaum, en lugar de abrir mercados, desaf\u00eda a China y a todos los pa\u00edses que le ordena Estados Unidos, quedan sola y en rid\u00edculo.<\/p>\n","protected":false},"excerpt":{"rendered":"<p>Inocencio Y\u00e1\u00f1ez Vicencio Thomas Jefferson, que fue el tercer presidente de los Estados Unidos de Am\u00e9rica, escribi\u00f3 en 1802, en una carta al Secretario del Tesoro Albert Gallatin: Pienso que las entidades bancarias son m\u00e1s peligrosas para nuestras libertades que los ej\u00e9rcitos los ej\u00e9rcitos permanentes. Si el pueblo estadounidense permite un d\u00eda que los bancos [&hellip;]<\/p>\n","protected":false},"author":2,"featured_media":141387,"comment_status":"closed","ping_status":"closed","sticky":false,"template":"","format":"standard","meta":{"tdm_status":"","tdm_grid_status":"","footnotes":""},"categories":[70],"tags":[],"class_list":{"0":"post-158536","1":"post","2":"type-post","3":"status-publish","4":"format-standard","5":"has-post-thumbnail","7":"category-de-opinion"},"yoast_head":"<!-- This site is optimized with the Yoast SEO plugin v27.4 - https:\/\/yoast.com\/product\/yoast-seo-wordpress\/ -->\n<title>SE A\u00cdSLA EL POPULISMO VAND\u00c1LICO - Los pol\u00edticos Veracruz<\/title>\n<meta name=\"robots\" content=\"index, follow, max-snippet:-1, max-image-preview:large, max-video-preview:-1\" \/>\n<link rel=\"canonical\" href=\"https:\/\/lospoliticosveracruz.com\/?p=158536\" \/>\n<meta property=\"og:locale\" content=\"es_ES\" \/>\n<meta property=\"og:type\" content=\"article\" \/>\n<meta property=\"og:title\" content=\"SE A\u00cdSLA EL POPULISMO VAND\u00c1LICO - Los pol\u00edticos Veracruz\" \/>\n<meta property=\"og:description\" content=\"Inocencio Y\u00e1\u00f1ez Vicencio Thomas Jefferson, que fue el tercer presidente de los Estados Unidos de Am\u00e9rica, escribi\u00f3 en 1802, en una carta al Secretario del Tesoro Albert Gallatin: Pienso que las entidades bancarias son m\u00e1s peligrosas para nuestras libertades que los ej\u00e9rcitos los ej\u00e9rcitos permanentes. Si el pueblo estadounidense permite un d\u00eda que los bancos [&hellip;]\" \/>\n<meta property=\"og:url\" content=\"https:\/\/lospoliticosveracruz.com\/?p=158536\" \/>\n<meta property=\"og:site_name\" content=\"Los pol\u00edticos Veracruz\" \/>\n<meta property=\"article:publisher\" content=\"https:\/\/www.facebook.com\/people\/Notimemes-de-los-Polticos\/61565672886568\/\" \/>\n<meta property=\"article:published_time\" content=\"2025-12-16T03:16:27+00:00\" \/>\n<meta property=\"article:modified_time\" content=\"2025-12-16T03:17:17+00:00\" \/>\n<meta property=\"og:image\" content=\"https:\/\/lospoliticosveracruz.com\/wp-content\/uploads\/2025\/04\/Inocencio-Yanez-Vicencio.jpg\" \/>\n\t<meta property=\"og:image:width\" content=\"1250\" \/>\n\t<meta property=\"og:image:height\" content=\"667\" \/>\n\t<meta property=\"og:image:type\" content=\"image\/jpeg\" \/>\n<meta name=\"author\" content=\"Lo viste en Los Pol\u00edticos\" \/>\n<meta name=\"twitter:card\" content=\"summary_large_image\" \/>\n<meta name=\"twitter:creator\" content=\"@LosPoliticosVer\" \/>\n<meta name=\"twitter:site\" content=\"@LosPoliticosVer\" \/>\n<meta name=\"twitter:label1\" content=\"Escrito por\" \/>\n\t<meta name=\"twitter:data1\" content=\"Lo viste en Los Pol\u00edticos\" \/>\n\t<meta name=\"twitter:label2\" content=\"Tiempo de lectura\" \/>\n\t<meta name=\"twitter:data2\" content=\"8 minutos\" \/>\n<script type=\"application\/ld+json\" class=\"yoast-schema-graph\">{\"@context\":\"https:\\\/\\\/schema.org\",\"@graph\":[{\"@type\":\"Article\",\"@id\":\"https:\\\/\\\/lospoliticosveracruz.com\\\/?p=158536#article\",\"isPartOf\":{\"@id\":\"https:\\\/\\\/lospoliticosveracruz.com\\\/?p=158536\"},\"author\":{\"name\":\"Lo viste en Los Pol\u00edticos\",\"@id\":\"https:\\\/\\\/lospoliticosveracruz.com\\\/#\\\/schema\\\/person\\\/b8702bb0e538456e6efd07080bf2a4a2\"},\"headline\":\"SE A\u00cdSLA EL POPULISMO VAND\u00c1LICO\",\"datePublished\":\"2025-12-16T03:16:27+00:00\",\"dateModified\":\"2025-12-16T03:17:17+00:00\",\"mainEntityOfPage\":{\"@id\":\"https:\\\/\\\/lospoliticosveracruz.com\\\/?p=158536\"},\"wordCount\":1517,\"publisher\":{\"@id\":\"https:\\\/\\\/lospoliticosveracruz.com\\\/#organization\"},\"image\":{\"@id\":\"https:\\\/\\\/lospoliticosveracruz.com\\\/?p=158536#primaryimage\"},\"thumbnailUrl\":\"https:\\\/\\\/lospoliticosveracruz.com\\\/wp-content\\\/uploads\\\/2025\\\/04\\\/Inocencio-Yanez-Vicencio.jpg\",\"articleSection\":[\"De Opini\u00f3n\"],\"inLanguage\":\"es\"},{\"@type\":\"WebPage\",\"@id\":\"https:\\\/\\\/lospoliticosveracruz.com\\\/?p=158536\",\"url\":\"https:\\\/\\\/lospoliticosveracruz.com\\\/?p=158536\",\"name\":\"SE A\u00cdSLA EL POPULISMO VAND\u00c1LICO - Los pol\u00edticos Veracruz\",\"isPartOf\":{\"@id\":\"https:\\\/\\\/lospoliticosveracruz.com\\\/#website\"},\"primaryImageOfPage\":{\"@id\":\"https:\\\/\\\/lospoliticosveracruz.com\\\/?p=158536#primaryimage\"},\"image\":{\"@id\":\"https:\\\/\\\/lospoliticosveracruz.com\\\/?p=158536#primaryimage\"},\"thumbnailUrl\":\"https:\\\/\\\/lospoliticosveracruz.com\\\/wp-content\\\/uploads\\\/2025\\\/04\\\/Inocencio-Yanez-Vicencio.jpg\",\"datePublished\":\"2025-12-16T03:16:27+00:00\",\"dateModified\":\"2025-12-16T03:17:17+00:00\",\"breadcrumb\":{\"@id\":\"https:\\\/\\\/lospoliticosveracruz.com\\\/?p=158536#breadcrumb\"},\"inLanguage\":\"es\",\"potentialAction\":[{\"@type\":\"ReadAction\",\"target\":[\"https:\\\/\\\/lospoliticosveracruz.com\\\/?p=158536\"]}]},{\"@type\":\"ImageObject\",\"inLanguage\":\"es\",\"@id\":\"https:\\\/\\\/lospoliticosveracruz.com\\\/?p=158536#primaryimage\",\"url\":\"https:\\\/\\\/lospoliticosveracruz.com\\\/wp-content\\\/uploads\\\/2025\\\/04\\\/Inocencio-Yanez-Vicencio.jpg\",\"contentUrl\":\"https:\\\/\\\/lospoliticosveracruz.com\\\/wp-content\\\/uploads\\\/2025\\\/04\\\/Inocencio-Yanez-Vicencio.jpg\",\"width\":1250,\"height\":667},{\"@type\":\"BreadcrumbList\",\"@id\":\"https:\\\/\\\/lospoliticosveracruz.com\\\/?p=158536#breadcrumb\",\"itemListElement\":[{\"@type\":\"ListItem\",\"position\":1,\"name\":\"Portada\",\"item\":\"https:\\\/\\\/lospoliticosveracruz.com\\\/\"},{\"@type\":\"ListItem\",\"position\":2,\"name\":\"SE A\u00cdSLA EL POPULISMO VAND\u00c1LICO\"}]},{\"@type\":\"WebSite\",\"@id\":\"https:\\\/\\\/lospoliticosveracruz.com\\\/#website\",\"url\":\"https:\\\/\\\/lospoliticosveracruz.com\\\/\",\"name\":\"Los pol\u00edticos Veracruz\",\"description\":\"\",\"publisher\":{\"@id\":\"https:\\\/\\\/lospoliticosveracruz.com\\\/#organization\"},\"potentialAction\":[{\"@type\":\"SearchAction\",\"target\":{\"@type\":\"EntryPoint\",\"urlTemplate\":\"https:\\\/\\\/lospoliticosveracruz.com\\\/?s={search_term_string}\"},\"query-input\":{\"@type\":\"PropertyValueSpecification\",\"valueRequired\":true,\"valueName\":\"search_term_string\"}}],\"inLanguage\":\"es\"},{\"@type\":\"Organization\",\"@id\":\"https:\\\/\\\/lospoliticosveracruz.com\\\/#organization\",\"name\":\"Los pol\u00edticos Veracruz\",\"url\":\"https:\\\/\\\/lospoliticosveracruz.com\\\/\",\"logo\":{\"@type\":\"ImageObject\",\"inLanguage\":\"es\",\"@id\":\"https:\\\/\\\/lospoliticosveracruz.com\\\/#\\\/schema\\\/logo\\\/image\\\/\",\"url\":\"https:\\\/\\\/lospoliticosveracruz.com\\\/wp-content\\\/uploads\\\/2025\\\/12\\\/Logo-Nuevo-LOS-POLITICOS-1.jpg\",\"contentUrl\":\"https:\\\/\\\/lospoliticosveracruz.com\\\/wp-content\\\/uploads\\\/2025\\\/12\\\/Logo-Nuevo-LOS-POLITICOS-1.jpg\",\"width\":260,\"height\":70,\"caption\":\"Los pol\u00edticos Veracruz\"},\"image\":{\"@id\":\"https:\\\/\\\/lospoliticosveracruz.com\\\/#\\\/schema\\\/logo\\\/image\\\/\"},\"sameAs\":[\"https:\\\/\\\/www.facebook.com\\\/people\\\/Notimemes-de-los-Polticos\\\/61565672886568\\\/\",\"https:\\\/\\\/x.com\\\/LosPoliticosVer\"]},{\"@type\":\"Person\",\"@id\":\"https:\\\/\\\/lospoliticosveracruz.com\\\/#\\\/schema\\\/person\\\/b8702bb0e538456e6efd07080bf2a4a2\",\"name\":\"Lo viste en Los Pol\u00edticos\",\"image\":{\"@type\":\"ImageObject\",\"inLanguage\":\"es\",\"@id\":\"https:\\\/\\\/secure.gravatar.com\\\/avatar\\\/3a8de04a2656d44082be478bd6c086daa447c4651605818287b9532d3d0bd435?s=96&d=mm&r=g\",\"url\":\"https:\\\/\\\/secure.gravatar.com\\\/avatar\\\/3a8de04a2656d44082be478bd6c086daa447c4651605818287b9532d3d0bd435?s=96&d=mm&r=g\",\"contentUrl\":\"https:\\\/\\\/secure.gravatar.com\\\/avatar\\\/3a8de04a2656d44082be478bd6c086daa447c4651605818287b9532d3d0bd435?s=96&d=mm&r=g\",\"caption\":\"Lo viste en Los Pol\u00edticos\"},\"url\":\"https:\\\/\\\/lospoliticosveracruz.com\\\/?author=2\"}]}<\/script>\n<!-- \/ Yoast SEO plugin. -->","yoast_head_json":{"title":"SE A\u00cdSLA EL POPULISMO VAND\u00c1LICO - Los pol\u00edticos Veracruz","robots":{"index":"index","follow":"follow","max-snippet":"max-snippet:-1","max-image-preview":"max-image-preview:large","max-video-preview":"max-video-preview:-1"},"canonical":"https:\/\/lospoliticosveracruz.com\/?p=158536","og_locale":"es_ES","og_type":"article","og_title":"SE A\u00cdSLA EL POPULISMO VAND\u00c1LICO - Los pol\u00edticos Veracruz","og_description":"Inocencio Y\u00e1\u00f1ez Vicencio Thomas Jefferson, que fue el tercer presidente de los Estados Unidos de Am\u00e9rica, escribi\u00f3 en 1802, en una carta al Secretario del Tesoro Albert Gallatin: Pienso que las entidades bancarias son m\u00e1s peligrosas para nuestras libertades que los ej\u00e9rcitos los ej\u00e9rcitos permanentes. Si el pueblo estadounidense permite un d\u00eda que los bancos [&hellip;]","og_url":"https:\/\/lospoliticosveracruz.com\/?p=158536","og_site_name":"Los pol\u00edticos Veracruz","article_publisher":"https:\/\/www.facebook.com\/people\/Notimemes-de-los-Polticos\/61565672886568\/","article_published_time":"2025-12-16T03:16:27+00:00","article_modified_time":"2025-12-16T03:17:17+00:00","og_image":[{"width":1250,"height":667,"url":"https:\/\/lospoliticosveracruz.com\/wp-content\/uploads\/2025\/04\/Inocencio-Yanez-Vicencio.jpg","type":"image\/jpeg"}],"author":"Lo viste en Los Pol\u00edticos","twitter_card":"summary_large_image","twitter_creator":"@LosPoliticosVer","twitter_site":"@LosPoliticosVer","twitter_misc":{"Escrito por":"Lo viste en Los Pol\u00edticos","Tiempo de lectura":"8 minutos"},"schema":{"@context":"https:\/\/schema.org","@graph":[{"@type":"Article","@id":"https:\/\/lospoliticosveracruz.com\/?p=158536#article","isPartOf":{"@id":"https:\/\/lospoliticosveracruz.com\/?p=158536"},"author":{"name":"Lo viste en Los Pol\u00edticos","@id":"https:\/\/lospoliticosveracruz.com\/#\/schema\/person\/b8702bb0e538456e6efd07080bf2a4a2"},"headline":"SE A\u00cdSLA EL POPULISMO VAND\u00c1LICO","datePublished":"2025-12-16T03:16:27+00:00","dateModified":"2025-12-16T03:17:17+00:00","mainEntityOfPage":{"@id":"https:\/\/lospoliticosveracruz.com\/?p=158536"},"wordCount":1517,"publisher":{"@id":"https:\/\/lospoliticosveracruz.com\/#organization"},"image":{"@id":"https:\/\/lospoliticosveracruz.com\/?p=158536#primaryimage"},"thumbnailUrl":"https:\/\/lospoliticosveracruz.com\/wp-content\/uploads\/2025\/04\/Inocencio-Yanez-Vicencio.jpg","articleSection":["De Opini\u00f3n"],"inLanguage":"es"},{"@type":"WebPage","@id":"https:\/\/lospoliticosveracruz.com\/?p=158536","url":"https:\/\/lospoliticosveracruz.com\/?p=158536","name":"SE A\u00cdSLA EL POPULISMO VAND\u00c1LICO - Los pol\u00edticos Veracruz","isPartOf":{"@id":"https:\/\/lospoliticosveracruz.com\/#website"},"primaryImageOfPage":{"@id":"https:\/\/lospoliticosveracruz.com\/?p=158536#primaryimage"},"image":{"@id":"https:\/\/lospoliticosveracruz.com\/?p=158536#primaryimage"},"thumbnailUrl":"https:\/\/lospoliticosveracruz.com\/wp-content\/uploads\/2025\/04\/Inocencio-Yanez-Vicencio.jpg","datePublished":"2025-12-16T03:16:27+00:00","dateModified":"2025-12-16T03:17:17+00:00","breadcrumb":{"@id":"https:\/\/lospoliticosveracruz.com\/?p=158536#breadcrumb"},"inLanguage":"es","potentialAction":[{"@type":"ReadAction","target":["https:\/\/lospoliticosveracruz.com\/?p=158536"]}]},{"@type":"ImageObject","inLanguage":"es","@id":"https:\/\/lospoliticosveracruz.com\/?p=158536#primaryimage","url":"https:\/\/lospoliticosveracruz.com\/wp-content\/uploads\/2025\/04\/Inocencio-Yanez-Vicencio.jpg","contentUrl":"https:\/\/lospoliticosveracruz.com\/wp-content\/uploads\/2025\/04\/Inocencio-Yanez-Vicencio.jpg","width":1250,"height":667},{"@type":"BreadcrumbList","@id":"https:\/\/lospoliticosveracruz.com\/?p=158536#breadcrumb","itemListElement":[{"@type":"ListItem","position":1,"name":"Portada","item":"https:\/\/lospoliticosveracruz.com\/"},{"@type":"ListItem","position":2,"name":"SE A\u00cdSLA EL POPULISMO VAND\u00c1LICO"}]},{"@type":"WebSite","@id":"https:\/\/lospoliticosveracruz.com\/#website","url":"https:\/\/lospoliticosveracruz.com\/","name":"Los pol\u00edticos Veracruz","description":"","publisher":{"@id":"https:\/\/lospoliticosveracruz.com\/#organization"},"potentialAction":[{"@type":"SearchAction","target":{"@type":"EntryPoint","urlTemplate":"https:\/\/lospoliticosveracruz.com\/?s={search_term_string}"},"query-input":{"@type":"PropertyValueSpecification","valueRequired":true,"valueName":"search_term_string"}}],"inLanguage":"es"},{"@type":"Organization","@id":"https:\/\/lospoliticosveracruz.com\/#organization","name":"Los pol\u00edticos Veracruz","url":"https:\/\/lospoliticosveracruz.com\/","logo":{"@type":"ImageObject","inLanguage":"es","@id":"https:\/\/lospoliticosveracruz.com\/#\/schema\/logo\/image\/","url":"https:\/\/lospoliticosveracruz.com\/wp-content\/uploads\/2025\/12\/Logo-Nuevo-LOS-POLITICOS-1.jpg","contentUrl":"https:\/\/lospoliticosveracruz.com\/wp-content\/uploads\/2025\/12\/Logo-Nuevo-LOS-POLITICOS-1.jpg","width":260,"height":70,"caption":"Los pol\u00edticos Veracruz"},"image":{"@id":"https:\/\/lospoliticosveracruz.com\/#\/schema\/logo\/image\/"},"sameAs":["https:\/\/www.facebook.com\/people\/Notimemes-de-los-Polticos\/61565672886568\/","https:\/\/x.com\/LosPoliticosVer"]},{"@type":"Person","@id":"https:\/\/lospoliticosveracruz.com\/#\/schema\/person\/b8702bb0e538456e6efd07080bf2a4a2","name":"Lo viste en Los Pol\u00edticos","image":{"@type":"ImageObject","inLanguage":"es","@id":"https:\/\/secure.gravatar.com\/avatar\/3a8de04a2656d44082be478bd6c086daa447c4651605818287b9532d3d0bd435?s=96&d=mm&r=g","url":"https:\/\/secure.gravatar.com\/avatar\/3a8de04a2656d44082be478bd6c086daa447c4651605818287b9532d3d0bd435?s=96&d=mm&r=g","contentUrl":"https:\/\/secure.gravatar.com\/avatar\/3a8de04a2656d44082be478bd6c086daa447c4651605818287b9532d3d0bd435?s=96&d=mm&r=g","caption":"Lo viste en Los Pol\u00edticos"},"url":"https:\/\/lospoliticosveracruz.com\/?author=2"}]}},"_links":{"self":[{"href":"https:\/\/lospoliticosveracruz.com\/index.php?rest_route=\/wp\/v2\/posts\/158536","targetHints":{"allow":["GET"]}}],"collection":[{"href":"https:\/\/lospoliticosveracruz.com\/index.php?rest_route=\/wp\/v2\/posts"}],"about":[{"href":"https:\/\/lospoliticosveracruz.com\/index.php?rest_route=\/wp\/v2\/types\/post"}],"author":[{"embeddable":true,"href":"https:\/\/lospoliticosveracruz.com\/index.php?rest_route=\/wp\/v2\/users\/2"}],"replies":[{"embeddable":true,"href":"https:\/\/lospoliticosveracruz.com\/index.php?rest_route=%2Fwp%2Fv2%2Fcomments&post=158536"}],"version-history":[{"count":2,"href":"https:\/\/lospoliticosveracruz.com\/index.php?rest_route=\/wp\/v2\/posts\/158536\/revisions"}],"predecessor-version":[{"id":158538,"href":"https:\/\/lospoliticosveracruz.com\/index.php?rest_route=\/wp\/v2\/posts\/158536\/revisions\/158538"}],"wp:featuredmedia":[{"embeddable":true,"href":"https:\/\/lospoliticosveracruz.com\/index.php?rest_route=\/wp\/v2\/media\/141387"}],"wp:attachment":[{"href":"https:\/\/lospoliticosveracruz.com\/index.php?rest_route=%2Fwp%2Fv2%2Fmedia&parent=158536"}],"wp:term":[{"taxonomy":"category","embeddable":true,"href":"https:\/\/lospoliticosveracruz.com\/index.php?rest_route=%2Fwp%2Fv2%2Fcategories&post=158536"},{"taxonomy":"post_tag","embeddable":true,"href":"https:\/\/lospoliticosveracruz.com\/index.php?rest_route=%2Fwp%2Fv2%2Ftags&post=158536"}],"curies":[{"name":"wp","href":"https:\/\/api.w.org\/{rel}","templated":true}]}}