{"id":158570,"date":"2025-12-16T08:07:15","date_gmt":"2025-12-16T14:07:15","guid":{"rendered":"https:\/\/lospoliticosveracruz.com.mx\/?p=158570"},"modified":"2025-12-16T08:07:38","modified_gmt":"2025-12-16T14:07:38","slug":"congreso-y-las-recochinas-dudas","status":"publish","type":"post","link":"https:\/\/lospoliticosveracruz.com\/?p=158570","title":{"rendered":"CONGRESO Y LAS RECOCHINAS DUDAS"},"content":{"rendered":"\n<p>S\u00edguenos ahora tambi\u00e9n en WhatsApp.\u00a0\u00a1<a href=\"https:\/\/whatsapp.com\/channel\/0029Va8zRWlEKyZIP3Z1dF0e\"><strong>Da clic aqu\u00ed<\/strong><\/a><strong>!<\/strong><\/p>\n\n\n\n<p><strong>Fanny Y\u00e9pez<\/strong><\/p>\n\n\n\n<p><em>La Columna<br><\/em><\/p>\n\n\n\n<p>Parece que ahora si se le va a armar en grande al diputado Esteban Bautista Hern\u00e1ndez y su equipo de colaboradores, aquel o aquellos que se encuentren involucrados en el nuevo esc\u00e1ndalo que est\u00e1 sacudiendo a la opini\u00f3n p\u00fablica del estado de Veracruz.<br>A ver, supuestamente en esa instituci\u00f3n, existe reclutamiento de mujeres j\u00f3venes y atractivas, con la promesa de ingresarlas a la n\u00f3mina, pero que realmente son utilizadas para participar en fiestas privadas para convivir con pol\u00edticos y empresarios.<\/p>\n\n\n\n\n\n<p><br>Es verdaderamente indignante que, siendo tiempo de mujeres en el mundo de la pol\u00edtica y los negocios, algunos mis\u00f3ginos de la Legislatura local sigan abusando del sexo d\u00e9bil para satisfacer sus m\u00e1s bajos instintos.<br>La investigaci\u00f3n de esos acontecimientos debe llegar hasta sus \u00faltimas consecuencias, porque no es posible que siendo mujeres la gobernadora, la fiscal, la presidenta del Congreso local, la directora del ORFIS y muchas otras distinguidas damas, permitan en conjunto, que esto siga sucediendo, deteriorando la imagen de uno de los tres poderes del gobierno.<br>Lamentables las declaraciones del presidente de la Junta de Coordinaci\u00f3n pol\u00edtica del Congreso local, Esteban Bautista, quien dice que no puede separar del cargo a la persona que ha sido denunciado por esos hechos, sino hasta que la Fiscal\u00eda defina su situaci\u00f3n jur\u00eddica. Y que quien lo denuncia debe probar su dicho.<br>Acaso no pudiera ser de otra manera, si ya existe la denuncia y los medios de comunicaci\u00f3n lo est\u00e1n difundiendo, porque existen v\u00edctimas. Bien podr\u00eda separarlo del cargo y si demuestra su inocencia reintegrarlo de nuevo, aunque dijo que el personaje se encuentra aislado. Tal parece que lo protege o que teme algo de este triste caso.<br>Y volvi\u00f3 a salir con su cantaleta de que va a trabajar con los verdaderos medios de comunicaci\u00f3n, que no se basen en la mentira, en la rumorolog\u00eda, sino que investigaran las cosas, pero as\u00ed con ese tipo de reacciones no ayuda a la imagen de esa instituci\u00f3n que va de esc\u00e1ndalo en esc\u00e1ndalo por sus deficiencias y ahora con la presencia de un acosador.<br>En la actual LXVII Legislatura del Congreso del Estado de Veracruz, que inici\u00f3 funciones el 5 de noviembre de 2024, hay aproximadamente 24 diputadas, ellas independientemente del partido en que militen, deben insistir en que se inicie una investigaci\u00f3n respecto al reclutamiento de atractivas j\u00f3venes y que se actu\u00e9 en consecuencia<br>Es absolutamente necesario que se limpie la imagen de esta instituci\u00f3n, que esta para salvaguardar los derechos de las y los ciudadanos.<br>Cabe recordar que la discusi\u00f3n sobre acoso sexual en Veracruz se centra en 67 denuncias contra servidores p\u00fablicos estatales, investigadas por la Contralor\u00eda, abarcando casos de fines de 2024 y 2025, aunque no se especifican denuncias directas contra la Legislatura Local, s\u00ed hay iniciativas en el Congreso para reforzar leyes contra el acoso, como la aprobaci\u00f3n de la Ley Monse (contra encubrimiento de delitos) y propuestas para combatir el ciberacoso, mostrando un contexto de mayor atenci\u00f3n a la violencia de g\u00e9nero institucional.<br>La Ley Monse se les puede aplicar a todo aquellos que supuestamente est\u00e1n involucrados en el reclutamiento de mujeres.<br>Hacemos un urgente llamado a la responsable del \u00e1rea de equidad de g\u00e9nero en la LXVII Legislatura del Congreso del Estado de Veracruz, a la diputada Astrid S\u00e1nchez Moguel, que preside la Comisi\u00f3n Permanente para la Igualdad de G\u00e9nero.<br>Adem\u00e1s, existe el Centro de Estudios para la Igualdad de G\u00e9nero y Derechos Humanos (CEIGDH), una instancia administrativa del Congreso, cuya encargada en es Carmen Bautista Parada, ellas son responsables de investigar si efectivamente existe reclutamiento de mujeres en este poder legislativo, y deben insistir en que se proceda conforme a derecho, sin ning\u00fan miramiento del poder pol\u00edtico.<br>Este tipo de comportamiento de algunos funcionarios p\u00fablicos no es nuevo, por supuesto que no, pero nadie se hab\u00eda atrevido a denunciar p\u00fablicamente esas pr\u00e1cticas, entonces es necesario el acompa\u00f1amiento de las mujeres de esas \u00e1reas que se mencionan, para dejar en claro el tema y tambi\u00e9n evitar de esa forma la especulaci\u00f3n.<br>Funeraria levanta cuerpo sin aval de la Polic\u00eda Ministerial<br>Fue la tarde del pasado 14 de este mes de diciembre cuando fue reportado el hallazgo de una persona sin vida sobre la calle Constituci\u00f3n, en la localidad de El Chico en el municipio de Emiliano Zapata. Vecinos alertaron al n\u00famero de emergencias 911, por lo que al sitio acudi\u00f3 una ambulancia para tomar conocimiento.<br>Param\u00e9dicos confirmaron que el hombre, un var\u00f3n de edad media, ya no contaba con signos vitales. De acuerdo con los primeros reportes, el deceso habr\u00eda ocurrido al atentar contra su integridad.<br>Tras la confirmaci\u00f3n del fallecimiento, se dio aviso a personal de la Polic\u00eda Ministerial, hasta aqu\u00ed todo se estaba desarrollando de acuerdo al protocolo que existe sobre ser cuidadosos y no alterar el \u00e1rea de los hechos,<br>Sin embargo, antes de que arribaran las autoridades, una funeraria acudi\u00f3 al lugar y realiz\u00f3 el traslado del cuerpo. Minutos despu\u00e9s, al llegar los agentes ministeriales y no encontrar el cuerpo, se entrevistaron con los familiares, quienes informaron que la funeraria ya lo hab\u00eda trasladado.<br>Ojo, el protocolo establece que no se debe alterar el \u00e1rea de los hechos del delito, porque es fundamental para la investigaci\u00f3n criminal\u00edstica, ya que el lugar contiene pruebas, rastros y evidencias (indicios) que cuentan la historia del suceso; cualquier manipulaci\u00f3n, contaminaci\u00f3n o p\u00e9rdida de estos elementos puede destruir informaci\u00f3n crucial, dificultar la identificaci\u00f3n de culpables y afectar la cadena de custodia, llevando a la impunidad o a fallos judiciales.<br>Al conocer que se trataba de la funeraria 21 de marzo, los agentes solicitaron que regresaran. La unidad fue interceptada en la localidad, a la altura de una gasolinera, donde el personal ministerial realiz\u00f3 las diligencias correspondientes y el levantamiento legal del cuerpo.<br>Asimismo, dos empleados que viajaban en la camioneta de la funeraria fueron puestos a disposici\u00f3n de la Fiscal\u00eda, para rendir su declaraci\u00f3n y deslindar responsabilidades. El cuerpo fue trasladado al Servicio M\u00e9dico Forense, donde se continuar\u00e1n los procedimientos de ley.<br>Las autoridades mantienen abierta la investigaci\u00f3n para esclarecer los hechos y determinar si existi\u00f3 alguna irregularidad en el manejo inicial del cuerpo.<br>Todo este entramado revela que es urgente y necesario iniciar cursos de capacitaci\u00f3n, sobre los protocolos a los que se deben regir los representantes de las funerarias, porque el desconocimiento de la ley, no exime del delito.<br>Ser\u00e1 la autoridad correspondiente la que determine el grado del delito, si es que este existe, porque m\u00e1s parece ignorancia de los procedimientos que otro tipo de tendencia, pero insisto, ser\u00e1n las autoridades quienes determinen lo procedente.<\/p>\n","protected":false},"excerpt":{"rendered":"<p>Fanny Y\u00e9pez La Columna Parece que ahora si se le va a armar en grande al diputado Esteban Bautista Hern\u00e1ndez y su equipo de colaboradores, aquel o aquellos que se encuentren involucrados en el nuevo esc\u00e1ndalo que est\u00e1 sacudiendo a la opini\u00f3n p\u00fablica del estado de Veracruz.A ver, supuestamente en esa instituci\u00f3n, existe reclutamiento de [&hellip;]<\/p>\n","protected":false},"author":2,"featured_media":141383,"comment_status":"closed","ping_status":"closed","sticky":false,"template":"","format":"standard","meta":{"tdm_status":"","tdm_grid_status":"","footnotes":""},"categories":[70],"tags":[3398],"class_list":{"0":"post-158570","1":"post","2":"type-post","3":"status-publish","4":"format-standard","5":"has-post-thumbnail","7":"category-de-opinion","8":"tag-fanny-yepez"},"yoast_head":"<!-- This site is optimized with the Yoast SEO plugin v27.4 - https:\/\/yoast.com\/product\/yoast-seo-wordpress\/ -->\n<title>CONGRESO Y LAS RECOCHINAS DUDAS - Los pol\u00edticos Veracruz<\/title>\n<meta name=\"robots\" content=\"index, follow, max-snippet:-1, max-image-preview:large, max-video-preview:-1\" \/>\n<link rel=\"canonical\" href=\"https:\/\/lospoliticosveracruz.com\/?p=158570\" \/>\n<meta property=\"og:locale\" content=\"es_ES\" \/>\n<meta property=\"og:type\" content=\"article\" \/>\n<meta property=\"og:title\" content=\"CONGRESO Y LAS RECOCHINAS DUDAS - Los pol\u00edticos Veracruz\" \/>\n<meta property=\"og:description\" content=\"Fanny Y\u00e9pez La Columna Parece que ahora si se le va a armar en grande al diputado Esteban Bautista Hern\u00e1ndez y su equipo de colaboradores, aquel o aquellos que se encuentren involucrados en el nuevo esc\u00e1ndalo que est\u00e1 sacudiendo a la opini\u00f3n p\u00fablica del estado de Veracruz.A ver, supuestamente en esa instituci\u00f3n, existe reclutamiento de [&hellip;]\" \/>\n<meta property=\"og:url\" content=\"https:\/\/lospoliticosveracruz.com\/?p=158570\" \/>\n<meta property=\"og:site_name\" content=\"Los pol\u00edticos Veracruz\" \/>\n<meta property=\"article:publisher\" content=\"https:\/\/www.facebook.com\/people\/Notimemes-de-los-Polticos\/61565672886568\/\" \/>\n<meta property=\"article:published_time\" content=\"2025-12-16T14:07:15+00:00\" \/>\n<meta property=\"article:modified_time\" content=\"2025-12-16T14:07:38+00:00\" \/>\n<meta property=\"og:image\" content=\"https:\/\/lospoliticosveracruz.com\/wp-content\/uploads\/2025\/04\/Fanny-Yepez-Luna.jpg\" \/>\n\t<meta property=\"og:image:width\" content=\"1250\" \/>\n\t<meta property=\"og:image:height\" content=\"667\" \/>\n\t<meta property=\"og:image:type\" content=\"image\/jpeg\" \/>\n<meta name=\"author\" content=\"Lo viste en Los Pol\u00edticos\" \/>\n<meta name=\"twitter:card\" content=\"summary_large_image\" \/>\n<meta name=\"twitter:creator\" content=\"@LosPoliticosVer\" \/>\n<meta name=\"twitter:site\" content=\"@LosPoliticosVer\" \/>\n<meta name=\"twitter:label1\" content=\"Escrito por\" \/>\n\t<meta name=\"twitter:data1\" content=\"Lo viste en Los Pol\u00edticos\" \/>\n\t<meta name=\"twitter:label2\" content=\"Tiempo de lectura\" \/>\n\t<meta name=\"twitter:data2\" content=\"6 minutos\" \/>\n<script type=\"application\/ld+json\" class=\"yoast-schema-graph\">{\"@context\":\"https:\\\/\\\/schema.org\",\"@graph\":[{\"@type\":\"Article\",\"@id\":\"https:\\\/\\\/lospoliticosveracruz.com\\\/?p=158570#article\",\"isPartOf\":{\"@id\":\"https:\\\/\\\/lospoliticosveracruz.com\\\/?p=158570\"},\"author\":{\"name\":\"Lo viste en Los Pol\u00edticos\",\"@id\":\"https:\\\/\\\/lospoliticosveracruz.com\\\/#\\\/schema\\\/person\\\/b8702bb0e538456e6efd07080bf2a4a2\"},\"headline\":\"CONGRESO Y LAS RECOCHINAS DUDAS\",\"datePublished\":\"2025-12-16T14:07:15+00:00\",\"dateModified\":\"2025-12-16T14:07:38+00:00\",\"mainEntityOfPage\":{\"@id\":\"https:\\\/\\\/lospoliticosveracruz.com\\\/?p=158570\"},\"wordCount\":1169,\"publisher\":{\"@id\":\"https:\\\/\\\/lospoliticosveracruz.com\\\/#organization\"},\"image\":{\"@id\":\"https:\\\/\\\/lospoliticosveracruz.com\\\/?p=158570#primaryimage\"},\"thumbnailUrl\":\"https:\\\/\\\/lospoliticosveracruz.com\\\/wp-content\\\/uploads\\\/2025\\\/04\\\/Fanny-Yepez-Luna-e1768657334923.jpg\",\"keywords\":[\"Fanny Y\u00e9pez\"],\"articleSection\":[\"De Opini\u00f3n\"],\"inLanguage\":\"es\"},{\"@type\":\"WebPage\",\"@id\":\"https:\\\/\\\/lospoliticosveracruz.com\\\/?p=158570\",\"url\":\"https:\\\/\\\/lospoliticosveracruz.com\\\/?p=158570\",\"name\":\"CONGRESO Y LAS RECOCHINAS DUDAS - Los pol\u00edticos Veracruz\",\"isPartOf\":{\"@id\":\"https:\\\/\\\/lospoliticosveracruz.com\\\/#website\"},\"primaryImageOfPage\":{\"@id\":\"https:\\\/\\\/lospoliticosveracruz.com\\\/?p=158570#primaryimage\"},\"image\":{\"@id\":\"https:\\\/\\\/lospoliticosveracruz.com\\\/?p=158570#primaryimage\"},\"thumbnailUrl\":\"https:\\\/\\\/lospoliticosveracruz.com\\\/wp-content\\\/uploads\\\/2025\\\/04\\\/Fanny-Yepez-Luna-e1768657334923.jpg\",\"datePublished\":\"2025-12-16T14:07:15+00:00\",\"dateModified\":\"2025-12-16T14:07:38+00:00\",\"breadcrumb\":{\"@id\":\"https:\\\/\\\/lospoliticosveracruz.com\\\/?p=158570#breadcrumb\"},\"inLanguage\":\"es\",\"potentialAction\":[{\"@type\":\"ReadAction\",\"target\":[\"https:\\\/\\\/lospoliticosveracruz.com\\\/?p=158570\"]}]},{\"@type\":\"ImageObject\",\"inLanguage\":\"es\",\"@id\":\"https:\\\/\\\/lospoliticosveracruz.com\\\/?p=158570#primaryimage\",\"url\":\"https:\\\/\\\/lospoliticosveracruz.com\\\/wp-content\\\/uploads\\\/2025\\\/04\\\/Fanny-Yepez-Luna-e1768657334923.jpg\",\"contentUrl\":\"https:\\\/\\\/lospoliticosveracruz.com\\\/wp-content\\\/uploads\\\/2025\\\/04\\\/Fanny-Yepez-Luna-e1768657334923.jpg\",\"width\":600,\"height\":320},{\"@type\":\"BreadcrumbList\",\"@id\":\"https:\\\/\\\/lospoliticosveracruz.com\\\/?p=158570#breadcrumb\",\"itemListElement\":[{\"@type\":\"ListItem\",\"position\":1,\"name\":\"Portada\",\"item\":\"https:\\\/\\\/lospoliticosveracruz.com\\\/\"},{\"@type\":\"ListItem\",\"position\":2,\"name\":\"CONGRESO Y LAS RECOCHINAS DUDAS\"}]},{\"@type\":\"WebSite\",\"@id\":\"https:\\\/\\\/lospoliticosveracruz.com\\\/#website\",\"url\":\"https:\\\/\\\/lospoliticosveracruz.com\\\/\",\"name\":\"Los pol\u00edticos Veracruz\",\"description\":\"\",\"publisher\":{\"@id\":\"https:\\\/\\\/lospoliticosveracruz.com\\\/#organization\"},\"potentialAction\":[{\"@type\":\"SearchAction\",\"target\":{\"@type\":\"EntryPoint\",\"urlTemplate\":\"https:\\\/\\\/lospoliticosveracruz.com\\\/?s={search_term_string}\"},\"query-input\":{\"@type\":\"PropertyValueSpecification\",\"valueRequired\":true,\"valueName\":\"search_term_string\"}}],\"inLanguage\":\"es\"},{\"@type\":\"Organization\",\"@id\":\"https:\\\/\\\/lospoliticosveracruz.com\\\/#organization\",\"name\":\"Los pol\u00edticos Veracruz\",\"url\":\"https:\\\/\\\/lospoliticosveracruz.com\\\/\",\"logo\":{\"@type\":\"ImageObject\",\"inLanguage\":\"es\",\"@id\":\"https:\\\/\\\/lospoliticosveracruz.com\\\/#\\\/schema\\\/logo\\\/image\\\/\",\"url\":\"https:\\\/\\\/lospoliticosveracruz.com\\\/wp-content\\\/uploads\\\/2025\\\/12\\\/Logo-Nuevo-LOS-POLITICOS-1.jpg\",\"contentUrl\":\"https:\\\/\\\/lospoliticosveracruz.com\\\/wp-content\\\/uploads\\\/2025\\\/12\\\/Logo-Nuevo-LOS-POLITICOS-1.jpg\",\"width\":260,\"height\":70,\"caption\":\"Los pol\u00edticos Veracruz\"},\"image\":{\"@id\":\"https:\\\/\\\/lospoliticosveracruz.com\\\/#\\\/schema\\\/logo\\\/image\\\/\"},\"sameAs\":[\"https:\\\/\\\/www.facebook.com\\\/people\\\/Notimemes-de-los-Polticos\\\/61565672886568\\\/\",\"https:\\\/\\\/x.com\\\/LosPoliticosVer\"]},{\"@type\":\"Person\",\"@id\":\"https:\\\/\\\/lospoliticosveracruz.com\\\/#\\\/schema\\\/person\\\/b8702bb0e538456e6efd07080bf2a4a2\",\"name\":\"Lo viste en Los Pol\u00edticos\",\"image\":{\"@type\":\"ImageObject\",\"inLanguage\":\"es\",\"@id\":\"https:\\\/\\\/secure.gravatar.com\\\/avatar\\\/3a8de04a2656d44082be478bd6c086daa447c4651605818287b9532d3d0bd435?s=96&d=mm&r=g\",\"url\":\"https:\\\/\\\/secure.gravatar.com\\\/avatar\\\/3a8de04a2656d44082be478bd6c086daa447c4651605818287b9532d3d0bd435?s=96&d=mm&r=g\",\"contentUrl\":\"https:\\\/\\\/secure.gravatar.com\\\/avatar\\\/3a8de04a2656d44082be478bd6c086daa447c4651605818287b9532d3d0bd435?s=96&d=mm&r=g\",\"caption\":\"Lo viste en Los Pol\u00edticos\"},\"url\":\"https:\\\/\\\/lospoliticosveracruz.com\\\/?author=2\"}]}<\/script>\n<!-- \/ Yoast SEO plugin. -->","yoast_head_json":{"title":"CONGRESO Y LAS RECOCHINAS DUDAS - Los pol\u00edticos Veracruz","robots":{"index":"index","follow":"follow","max-snippet":"max-snippet:-1","max-image-preview":"max-image-preview:large","max-video-preview":"max-video-preview:-1"},"canonical":"https:\/\/lospoliticosveracruz.com\/?p=158570","og_locale":"es_ES","og_type":"article","og_title":"CONGRESO Y LAS RECOCHINAS DUDAS - Los pol\u00edticos Veracruz","og_description":"Fanny Y\u00e9pez La Columna Parece que ahora si se le va a armar en grande al diputado Esteban Bautista Hern\u00e1ndez y su equipo de colaboradores, aquel o aquellos que se encuentren involucrados en el nuevo esc\u00e1ndalo que est\u00e1 sacudiendo a la opini\u00f3n p\u00fablica del estado de Veracruz.A ver, supuestamente en esa instituci\u00f3n, existe reclutamiento de [&hellip;]","og_url":"https:\/\/lospoliticosveracruz.com\/?p=158570","og_site_name":"Los pol\u00edticos Veracruz","article_publisher":"https:\/\/www.facebook.com\/people\/Notimemes-de-los-Polticos\/61565672886568\/","article_published_time":"2025-12-16T14:07:15+00:00","article_modified_time":"2025-12-16T14:07:38+00:00","og_image":[{"width":1250,"height":667,"url":"https:\/\/lospoliticosveracruz.com\/wp-content\/uploads\/2025\/04\/Fanny-Yepez-Luna.jpg","type":"image\/jpeg"}],"author":"Lo viste en Los Pol\u00edticos","twitter_card":"summary_large_image","twitter_creator":"@LosPoliticosVer","twitter_site":"@LosPoliticosVer","twitter_misc":{"Escrito por":"Lo viste en Los Pol\u00edticos","Tiempo de lectura":"6 minutos"},"schema":{"@context":"https:\/\/schema.org","@graph":[{"@type":"Article","@id":"https:\/\/lospoliticosveracruz.com\/?p=158570#article","isPartOf":{"@id":"https:\/\/lospoliticosveracruz.com\/?p=158570"},"author":{"name":"Lo viste en Los Pol\u00edticos","@id":"https:\/\/lospoliticosveracruz.com\/#\/schema\/person\/b8702bb0e538456e6efd07080bf2a4a2"},"headline":"CONGRESO Y LAS RECOCHINAS DUDAS","datePublished":"2025-12-16T14:07:15+00:00","dateModified":"2025-12-16T14:07:38+00:00","mainEntityOfPage":{"@id":"https:\/\/lospoliticosveracruz.com\/?p=158570"},"wordCount":1169,"publisher":{"@id":"https:\/\/lospoliticosveracruz.com\/#organization"},"image":{"@id":"https:\/\/lospoliticosveracruz.com\/?p=158570#primaryimage"},"thumbnailUrl":"https:\/\/lospoliticosveracruz.com\/wp-content\/uploads\/2025\/04\/Fanny-Yepez-Luna-e1768657334923.jpg","keywords":["Fanny Y\u00e9pez"],"articleSection":["De Opini\u00f3n"],"inLanguage":"es"},{"@type":"WebPage","@id":"https:\/\/lospoliticosveracruz.com\/?p=158570","url":"https:\/\/lospoliticosveracruz.com\/?p=158570","name":"CONGRESO Y LAS RECOCHINAS DUDAS - Los pol\u00edticos Veracruz","isPartOf":{"@id":"https:\/\/lospoliticosveracruz.com\/#website"},"primaryImageOfPage":{"@id":"https:\/\/lospoliticosveracruz.com\/?p=158570#primaryimage"},"image":{"@id":"https:\/\/lospoliticosveracruz.com\/?p=158570#primaryimage"},"thumbnailUrl":"https:\/\/lospoliticosveracruz.com\/wp-content\/uploads\/2025\/04\/Fanny-Yepez-Luna-e1768657334923.jpg","datePublished":"2025-12-16T14:07:15+00:00","dateModified":"2025-12-16T14:07:38+00:00","breadcrumb":{"@id":"https:\/\/lospoliticosveracruz.com\/?p=158570#breadcrumb"},"inLanguage":"es","potentialAction":[{"@type":"ReadAction","target":["https:\/\/lospoliticosveracruz.com\/?p=158570"]}]},{"@type":"ImageObject","inLanguage":"es","@id":"https:\/\/lospoliticosveracruz.com\/?p=158570#primaryimage","url":"https:\/\/lospoliticosveracruz.com\/wp-content\/uploads\/2025\/04\/Fanny-Yepez-Luna-e1768657334923.jpg","contentUrl":"https:\/\/lospoliticosveracruz.com\/wp-content\/uploads\/2025\/04\/Fanny-Yepez-Luna-e1768657334923.jpg","width":600,"height":320},{"@type":"BreadcrumbList","@id":"https:\/\/lospoliticosveracruz.com\/?p=158570#breadcrumb","itemListElement":[{"@type":"ListItem","position":1,"name":"Portada","item":"https:\/\/lospoliticosveracruz.com\/"},{"@type":"ListItem","position":2,"name":"CONGRESO Y LAS RECOCHINAS DUDAS"}]},{"@type":"WebSite","@id":"https:\/\/lospoliticosveracruz.com\/#website","url":"https:\/\/lospoliticosveracruz.com\/","name":"Los pol\u00edticos Veracruz","description":"","publisher":{"@id":"https:\/\/lospoliticosveracruz.com\/#organization"},"potentialAction":[{"@type":"SearchAction","target":{"@type":"EntryPoint","urlTemplate":"https:\/\/lospoliticosveracruz.com\/?s={search_term_string}"},"query-input":{"@type":"PropertyValueSpecification","valueRequired":true,"valueName":"search_term_string"}}],"inLanguage":"es"},{"@type":"Organization","@id":"https:\/\/lospoliticosveracruz.com\/#organization","name":"Los pol\u00edticos Veracruz","url":"https:\/\/lospoliticosveracruz.com\/","logo":{"@type":"ImageObject","inLanguage":"es","@id":"https:\/\/lospoliticosveracruz.com\/#\/schema\/logo\/image\/","url":"https:\/\/lospoliticosveracruz.com\/wp-content\/uploads\/2025\/12\/Logo-Nuevo-LOS-POLITICOS-1.jpg","contentUrl":"https:\/\/lospoliticosveracruz.com\/wp-content\/uploads\/2025\/12\/Logo-Nuevo-LOS-POLITICOS-1.jpg","width":260,"height":70,"caption":"Los pol\u00edticos Veracruz"},"image":{"@id":"https:\/\/lospoliticosveracruz.com\/#\/schema\/logo\/image\/"},"sameAs":["https:\/\/www.facebook.com\/people\/Notimemes-de-los-Polticos\/61565672886568\/","https:\/\/x.com\/LosPoliticosVer"]},{"@type":"Person","@id":"https:\/\/lospoliticosveracruz.com\/#\/schema\/person\/b8702bb0e538456e6efd07080bf2a4a2","name":"Lo viste en Los Pol\u00edticos","image":{"@type":"ImageObject","inLanguage":"es","@id":"https:\/\/secure.gravatar.com\/avatar\/3a8de04a2656d44082be478bd6c086daa447c4651605818287b9532d3d0bd435?s=96&d=mm&r=g","url":"https:\/\/secure.gravatar.com\/avatar\/3a8de04a2656d44082be478bd6c086daa447c4651605818287b9532d3d0bd435?s=96&d=mm&r=g","contentUrl":"https:\/\/secure.gravatar.com\/avatar\/3a8de04a2656d44082be478bd6c086daa447c4651605818287b9532d3d0bd435?s=96&d=mm&r=g","caption":"Lo viste en Los Pol\u00edticos"},"url":"https:\/\/lospoliticosveracruz.com\/?author=2"}]}},"_links":{"self":[{"href":"https:\/\/lospoliticosveracruz.com\/index.php?rest_route=\/wp\/v2\/posts\/158570","targetHints":{"allow":["GET"]}}],"collection":[{"href":"https:\/\/lospoliticosveracruz.com\/index.php?rest_route=\/wp\/v2\/posts"}],"about":[{"href":"https:\/\/lospoliticosveracruz.com\/index.php?rest_route=\/wp\/v2\/types\/post"}],"author":[{"embeddable":true,"href":"https:\/\/lospoliticosveracruz.com\/index.php?rest_route=\/wp\/v2\/users\/2"}],"replies":[{"embeddable":true,"href":"https:\/\/lospoliticosveracruz.com\/index.php?rest_route=%2Fwp%2Fv2%2Fcomments&post=158570"}],"version-history":[{"count":2,"href":"https:\/\/lospoliticosveracruz.com\/index.php?rest_route=\/wp\/v2\/posts\/158570\/revisions"}],"predecessor-version":[{"id":158572,"href":"https:\/\/lospoliticosveracruz.com\/index.php?rest_route=\/wp\/v2\/posts\/158570\/revisions\/158572"}],"wp:featuredmedia":[{"embeddable":true,"href":"https:\/\/lospoliticosveracruz.com\/index.php?rest_route=\/wp\/v2\/media\/141383"}],"wp:attachment":[{"href":"https:\/\/lospoliticosveracruz.com\/index.php?rest_route=%2Fwp%2Fv2%2Fmedia&parent=158570"}],"wp:term":[{"taxonomy":"category","embeddable":true,"href":"https:\/\/lospoliticosveracruz.com\/index.php?rest_route=%2Fwp%2Fv2%2Fcategories&post=158570"},{"taxonomy":"post_tag","embeddable":true,"href":"https:\/\/lospoliticosveracruz.com\/index.php?rest_route=%2Fwp%2Fv2%2Ftags&post=158570"}],"curies":[{"name":"wp","href":"https:\/\/api.w.org\/{rel}","templated":true}]}}