{"id":158585,"date":"2025-12-16T11:10:44","date_gmt":"2025-12-16T17:10:44","guid":{"rendered":"https:\/\/lospoliticosveracruz.com.mx\/?p=158585"},"modified":"2025-12-16T11:11:17","modified_gmt":"2025-12-16T17:11:17","slug":"igual-que-pedro","status":"publish","type":"post","link":"https:\/\/lospoliticosveracruz.com\/?p=158585","title":{"rendered":"IGUAL QUE PEDRO\u2026"},"content":{"rendered":"\n<p>S\u00edguenos ahora tambi\u00e9n en WhatsApp.\u00a0\u00a1<a href=\"https:\/\/whatsapp.com\/channel\/0029Va8zRWlEKyZIP3Z1dF0e\"><strong>Da clic aqu\u00ed<\/strong><\/a><strong>!<\/strong><\/p>\n\n\n\n<p><strong>Oved Contreras<br><\/strong><em>Secas Mecas<\/em><\/p>\n\n\n\n<p>Don Bola Ocho ayer se carcaje\u00f3 en su mansi\u00f3n de Coatepec al enterarse de que su madrina la T\u00eda Ch\u00edo lo neg\u00f3 en p\u00fablico igualito que hizo San Pedro con Cristo\u2026quesque afirm\u00f3 que con el se\u00f1or de la negritud ella \u201cno tiene relaci\u00f3n\u201d\u2026tonssss?\u2026.y la Yeya Jim\u00e9nez a la que puso en la FGJE horas despu\u00e9s de que la \u00f1ora fue a visitar a Don Boludo a su residencia en Coatepec???\u2026.como que algo no cuadra\u2026mientras do\u00f1a Zacatl\u00e1n de las Manzanas se desmarca y sus escribientes lo festejan, don Boludo est\u00e1 m\u00e1s vivo que nunca: si no para qu\u00e9 ocuparse de Patochi?<\/p>\n\n\n\n\n\n<p>Onde quedaron todos los funcionarios y operadores que le dan cuentas al Patros\u00edsmico Cisneros y que siguen en el gabinete estatal?????\u2026.por eso se carcajeaban el Big Ball\u2026y dicen los que platicaron con el que le dedic\u00f3 aquella rola de la banda Hijos del Barr\u00f3n\u2026..y no se confundan que no son los Hijos del Bol\u00f3n\u2026.juaaaarrrr\u2026juaarrrrr\u2026.<\/p>\n\n\n\n<p>Don Bolas le canta a la T\u00eda Negona\u2026 \u201cDiles que no sabes m\u00e1s de mi\u2026niega por todas las de la ley\u2026que tienes que ver conmigo\u2026diles que me odias pa\u2019 que no sospechen\u2026y de lo que hagamos que nadie se entere\u2026.ni\u00e9game\u2026ni\u00e9game tres veces como Pedro a Cristo pero no me dejeeeeeessss\u201d\u2026.juar juar juar juar\u2026as\u00ed merito est\u00e1 los amores perros entre Do\u00f1a Zacatecas y Don Baja California\u2026como dice esa rolona rogona\u2026.<\/p>\n\n\n\n<p><strong>SE ESTRENA YEYA\u2026<\/strong>vaya estreno de la fiscala Lisbeth Aurelia Jim\u00e9nez\u2026a unas horas de haber jurado cumplir la ley y trabajar de manera incansable para procurar justicia en Veracruz, deja libres a una banda de huachicoleros\u2026y luego no quieren que pensemos mal sobre presuntas protecciones que reciben los delincuentes por parte de las autoridades.<\/p>\n\n\n\n<p>Henri Viatoro Caliz, alias \u201cEl Picho\u201d, jefe de la banda de huachicoleros que fueron detenidos la noche del viernes con un veh\u00edculo con reporte de robo, y sus cuatro c\u00f3mplices, ya fueron dejados en libertad en la madrugada del lunes. Seg\u00fan report\u00f3 el periodista Ignacio Carvajal, la Fiscal\u00eda General del Estado ni si quiera los mand\u00f3 al juez, sino que mediante el pago de finanzas les dieron de medida cautelar de firma peri\u00f3dica del libro de reos en Cosamaloapan por el delito de robo de veh\u00edculo.<\/p>\n\n\n\n<p>Alias Picho y sus c\u00f3mplices, Jorge Cruz Romero, Geovanny de Jes\u00fas Dom\u00ednguez Urieta, \u00c1ngel de Jes\u00fas Cazar\u00edn Reyes y Concepci\u00f3n Ram\u00edrez Salguero, todos de la comunidad de Nopalapan, municipio de Juan Rodr\u00edguez Clara, fueron capturados por personal de la SSP, SEMAR y SEDENA, la noche del viernes en una zona de brechas en la comunidad de la Uni\u00f3n, cuando presuntamente se dirig\u00edan a orde\u00f1ar ductos de PEMEX. A ver qu\u00e9 explicaciones da la flamante fiscala en la mesa de seguridad.<\/p>\n\n\n\n<p><strong>NO LES HAN PAGADO\u2026<\/strong>la t\u00eda Corajes ha dicho una y otra vez que en su administraci\u00f3n, el dinero no es el problema lo que debe entenderse que hay fluidez de efectivo para hacer frente a sus obligaciones con la burocracia estatal\u2026lo cierto es que en muchas dependencias no les hab\u00edan pagado su quincena anoche mucho menos sus bonos de fin de a\u00f1o como el aguinaldo.<\/p>\n\n\n\n<p>Un empleado cuyo nombre lo reservamos por temor a represalias nos nos manda la siguiente informaci\u00f3n y nos pide que preguntemos a la gobernadora a cu\u00e1ntas dependencias no les han dado su pago de quincena y prestaciones y qu\u00e9 va a pasar legalmente por no haber cumplido con el pago de la quincena como corresponde? Adem\u00e1s de c\u00f3mo van a resarcir el da\u00f1o ocasionado a las personas del servicio p\u00fablico del gobierno del estado de Veracruz al no haber cumplido con el pago y, por ende, las trabajadoras y trabajadores no hayan podido cumplir con los pagos y compromisos econ\u00f3micos por falta de dicho pago.<\/p>\n\n\n\n<p>\u201cAc\u00e1 en mi \u00e1rea no nos han pagado y as\u00ed nos traen desde la semana pasada y solo env\u00edan correos diciendo: que el viernes no podr\u00edan pagar por el d\u00eda del banquero, que entonces el lunes. Hoy lunes los sindicatos avisaron que ma\u00f1ana porque dice la administraci\u00f3n que Finanzas (SEFIPLAN), no ha realizado el dep\u00f3sito para la dispersi\u00f3n. Y mandaron al personal de vacaciones sin sus pagos respectivos como deber\u00eda ser\u201d, refiere. Si a las 12 de la noche no han realizado el pago \u00bfel gobierno comete violaciones legales por el incumplimiento? Me parece que la ley les da 3 d\u00edas de l\u00edmite pero \u00bfqu\u00e9 sucedi\u00f3 que el gobierno no pudo pagar en tiempo y forma? Un caso para la ara\u00f1a\u2026<\/p>\n\n\n\n<p><strong>SE RE\u00daNEN MARYJOSE Y UNANUE\u2026<\/strong>este lunes por la ma\u00f1ana se llev\u00f3 a cabo la Primera Reuni\u00f3n de Trabajo de los Comit\u00e9s de Entrega y Recepci\u00f3n del Ayuntamiento de Boca del R\u00edo, un ejercicio institucional fundamental para garantizar continuidad, transparencia y orden en la administraci\u00f3n p\u00fablica municipal.<\/p>\n\n\n\n<p>El acto fue encabezado por el actual alcalde Juan Manuel Un\u00e1nue Abascal y la Presidente Electa, Maestra Maryjose Gamboa Torales, quienes fueron acompa\u00f1ados por sus respectivos equipos de transici\u00f3n. El objetivo es ya contar con toda la documentaci\u00f3n f\u00edsica y digitalizada, pero principalmente en orden, para que la administraci\u00f3n entrante tenga informaci\u00f3n puntual para iniciar sus funciones administrativas y de gobierno.<\/p>\n\n\n\n<p>Por su parte, la Alcaldesa Electa y Presidenta del Comit\u00e9 de Entrega, Maryjose Gamboa Torales, dijo que este proceso facilita la transici\u00f3n administrativa, pero muy importante, velando por el bien de los boque\u00f1os, para que a partir de las 12 de la noche del 31 de diciembre, que era la principal preocupaci\u00f3n del alcalde Juan Manuel, es un acto de generosidad por parte del alcalde y de su equipo.<\/p>\n","protected":false},"excerpt":{"rendered":"<p>Oved ContrerasSecas Mecas Don Bola Ocho ayer se carcaje\u00f3 en su mansi\u00f3n de Coatepec al enterarse de que su madrina la T\u00eda Ch\u00edo lo neg\u00f3 en p\u00fablico igualito que hizo San Pedro con Cristo\u2026quesque afirm\u00f3 que con el se\u00f1or de la negritud ella \u201cno tiene relaci\u00f3n\u201d\u2026tonssss?\u2026.y la Yeya Jim\u00e9nez a la que puso en la [&hellip;]<\/p>\n","protected":false},"author":2,"featured_media":141426,"comment_status":"closed","ping_status":"closed","sticky":false,"template":"","format":"standard","meta":{"tdm_status":"","tdm_grid_status":"","footnotes":""},"categories":[70],"tags":[27136,39715],"class_list":{"0":"post-158585","1":"post","2":"type-post","3":"status-publish","4":"format-standard","5":"has-post-thumbnail","7":"category-de-opinion","8":"tag-maryjose-gamboa-torales-2","9":"tag-oved-contreras"},"yoast_head":"<!-- This site is optimized with the Yoast SEO plugin v27.4 - https:\/\/yoast.com\/product\/yoast-seo-wordpress\/ -->\n<title>IGUAL QUE PEDRO\u2026 - Los pol\u00edticos Veracruz<\/title>\n<meta name=\"robots\" content=\"index, follow, max-snippet:-1, max-image-preview:large, max-video-preview:-1\" \/>\n<link rel=\"canonical\" href=\"https:\/\/lospoliticosveracruz.com\/?p=158585\" \/>\n<meta property=\"og:locale\" content=\"es_ES\" \/>\n<meta property=\"og:type\" content=\"article\" \/>\n<meta property=\"og:title\" content=\"IGUAL QUE PEDRO\u2026 - Los pol\u00edticos Veracruz\" \/>\n<meta property=\"og:description\" content=\"Oved ContrerasSecas Mecas Don Bola Ocho ayer se carcaje\u00f3 en su mansi\u00f3n de Coatepec al enterarse de que su madrina la T\u00eda Ch\u00edo lo neg\u00f3 en p\u00fablico igualito que hizo San Pedro con Cristo\u2026quesque afirm\u00f3 que con el se\u00f1or de la negritud ella \u201cno tiene relaci\u00f3n\u201d\u2026tonssss?\u2026.y la Yeya Jim\u00e9nez a la que puso en la [&hellip;]\" \/>\n<meta property=\"og:url\" content=\"https:\/\/lospoliticosveracruz.com\/?p=158585\" \/>\n<meta property=\"og:site_name\" content=\"Los pol\u00edticos Veracruz\" \/>\n<meta property=\"article:publisher\" content=\"https:\/\/www.facebook.com\/people\/Notimemes-de-los-Polticos\/61565672886568\/\" \/>\n<meta property=\"article:published_time\" content=\"2025-12-16T17:10:44+00:00\" \/>\n<meta property=\"article:modified_time\" content=\"2025-12-16T17:11:17+00:00\" \/>\n<meta property=\"og:image\" content=\"https:\/\/lospoliticosveracruz.com\/wp-content\/uploads\/2025\/04\/Oved-Contreras-e1768066319253.jpg\" \/>\n\t<meta property=\"og:image:width\" content=\"600\" \/>\n\t<meta property=\"og:image:height\" content=\"320\" \/>\n\t<meta property=\"og:image:type\" content=\"image\/jpeg\" \/>\n<meta name=\"author\" content=\"Lo viste en Los Pol\u00edticos\" \/>\n<meta name=\"twitter:card\" content=\"summary_large_image\" \/>\n<meta name=\"twitter:creator\" content=\"@LosPoliticosVer\" \/>\n<meta name=\"twitter:site\" content=\"@LosPoliticosVer\" \/>\n<meta name=\"twitter:label1\" content=\"Escrito por\" \/>\n\t<meta name=\"twitter:data1\" content=\"Lo viste en Los Pol\u00edticos\" \/>\n\t<meta name=\"twitter:label2\" content=\"Tiempo de lectura\" \/>\n\t<meta name=\"twitter:data2\" content=\"5 minutos\" \/>\n<script type=\"application\/ld+json\" class=\"yoast-schema-graph\">{\"@context\":\"https:\\\/\\\/schema.org\",\"@graph\":[{\"@type\":\"Article\",\"@id\":\"https:\\\/\\\/lospoliticosveracruz.com\\\/?p=158585#article\",\"isPartOf\":{\"@id\":\"https:\\\/\\\/lospoliticosveracruz.com\\\/?p=158585\"},\"author\":{\"name\":\"Lo viste en Los Pol\u00edticos\",\"@id\":\"https:\\\/\\\/lospoliticosveracruz.com\\\/#\\\/schema\\\/person\\\/b8702bb0e538456e6efd07080bf2a4a2\"},\"headline\":\"IGUAL QUE PEDRO\u2026\",\"datePublished\":\"2025-12-16T17:10:44+00:00\",\"dateModified\":\"2025-12-16T17:11:17+00:00\",\"mainEntityOfPage\":{\"@id\":\"https:\\\/\\\/lospoliticosveracruz.com\\\/?p=158585\"},\"wordCount\":1014,\"publisher\":{\"@id\":\"https:\\\/\\\/lospoliticosveracruz.com\\\/#organization\"},\"image\":{\"@id\":\"https:\\\/\\\/lospoliticosveracruz.com\\\/?p=158585#primaryimage\"},\"thumbnailUrl\":\"https:\\\/\\\/lospoliticosveracruz.com\\\/wp-content\\\/uploads\\\/2025\\\/04\\\/Oved-Contreras-e1768066319253.jpg\",\"keywords\":[\"Maryjose Gamboa Torales\",\"Oved Contreras\"],\"articleSection\":[\"De Opini\u00f3n\"],\"inLanguage\":\"es\"},{\"@type\":\"WebPage\",\"@id\":\"https:\\\/\\\/lospoliticosveracruz.com\\\/?p=158585\",\"url\":\"https:\\\/\\\/lospoliticosveracruz.com\\\/?p=158585\",\"name\":\"IGUAL QUE PEDRO\u2026 - Los pol\u00edticos Veracruz\",\"isPartOf\":{\"@id\":\"https:\\\/\\\/lospoliticosveracruz.com\\\/#website\"},\"primaryImageOfPage\":{\"@id\":\"https:\\\/\\\/lospoliticosveracruz.com\\\/?p=158585#primaryimage\"},\"image\":{\"@id\":\"https:\\\/\\\/lospoliticosveracruz.com\\\/?p=158585#primaryimage\"},\"thumbnailUrl\":\"https:\\\/\\\/lospoliticosveracruz.com\\\/wp-content\\\/uploads\\\/2025\\\/04\\\/Oved-Contreras-e1768066319253.jpg\",\"datePublished\":\"2025-12-16T17:10:44+00:00\",\"dateModified\":\"2025-12-16T17:11:17+00:00\",\"breadcrumb\":{\"@id\":\"https:\\\/\\\/lospoliticosveracruz.com\\\/?p=158585#breadcrumb\"},\"inLanguage\":\"es\",\"potentialAction\":[{\"@type\":\"ReadAction\",\"target\":[\"https:\\\/\\\/lospoliticosveracruz.com\\\/?p=158585\"]}]},{\"@type\":\"ImageObject\",\"inLanguage\":\"es\",\"@id\":\"https:\\\/\\\/lospoliticosveracruz.com\\\/?p=158585#primaryimage\",\"url\":\"https:\\\/\\\/lospoliticosveracruz.com\\\/wp-content\\\/uploads\\\/2025\\\/04\\\/Oved-Contreras-e1768066319253.jpg\",\"contentUrl\":\"https:\\\/\\\/lospoliticosveracruz.com\\\/wp-content\\\/uploads\\\/2025\\\/04\\\/Oved-Contreras-e1768066319253.jpg\",\"width\":600,\"height\":320},{\"@type\":\"BreadcrumbList\",\"@id\":\"https:\\\/\\\/lospoliticosveracruz.com\\\/?p=158585#breadcrumb\",\"itemListElement\":[{\"@type\":\"ListItem\",\"position\":1,\"name\":\"Portada\",\"item\":\"https:\\\/\\\/lospoliticosveracruz.com\\\/\"},{\"@type\":\"ListItem\",\"position\":2,\"name\":\"IGUAL QUE PEDRO\u2026\"}]},{\"@type\":\"WebSite\",\"@id\":\"https:\\\/\\\/lospoliticosveracruz.com\\\/#website\",\"url\":\"https:\\\/\\\/lospoliticosveracruz.com\\\/\",\"name\":\"Los pol\u00edticos Veracruz\",\"description\":\"\",\"publisher\":{\"@id\":\"https:\\\/\\\/lospoliticosveracruz.com\\\/#organization\"},\"potentialAction\":[{\"@type\":\"SearchAction\",\"target\":{\"@type\":\"EntryPoint\",\"urlTemplate\":\"https:\\\/\\\/lospoliticosveracruz.com\\\/?s={search_term_string}\"},\"query-input\":{\"@type\":\"PropertyValueSpecification\",\"valueRequired\":true,\"valueName\":\"search_term_string\"}}],\"inLanguage\":\"es\"},{\"@type\":\"Organization\",\"@id\":\"https:\\\/\\\/lospoliticosveracruz.com\\\/#organization\",\"name\":\"Los pol\u00edticos Veracruz\",\"url\":\"https:\\\/\\\/lospoliticosveracruz.com\\\/\",\"logo\":{\"@type\":\"ImageObject\",\"inLanguage\":\"es\",\"@id\":\"https:\\\/\\\/lospoliticosveracruz.com\\\/#\\\/schema\\\/logo\\\/image\\\/\",\"url\":\"https:\\\/\\\/lospoliticosveracruz.com\\\/wp-content\\\/uploads\\\/2025\\\/12\\\/Logo-Nuevo-LOS-POLITICOS-1.jpg\",\"contentUrl\":\"https:\\\/\\\/lospoliticosveracruz.com\\\/wp-content\\\/uploads\\\/2025\\\/12\\\/Logo-Nuevo-LOS-POLITICOS-1.jpg\",\"width\":260,\"height\":70,\"caption\":\"Los pol\u00edticos Veracruz\"},\"image\":{\"@id\":\"https:\\\/\\\/lospoliticosveracruz.com\\\/#\\\/schema\\\/logo\\\/image\\\/\"},\"sameAs\":[\"https:\\\/\\\/www.facebook.com\\\/people\\\/Notimemes-de-los-Polticos\\\/61565672886568\\\/\",\"https:\\\/\\\/x.com\\\/LosPoliticosVer\"]},{\"@type\":\"Person\",\"@id\":\"https:\\\/\\\/lospoliticosveracruz.com\\\/#\\\/schema\\\/person\\\/b8702bb0e538456e6efd07080bf2a4a2\",\"name\":\"Lo viste en Los Pol\u00edticos\",\"image\":{\"@type\":\"ImageObject\",\"inLanguage\":\"es\",\"@id\":\"https:\\\/\\\/secure.gravatar.com\\\/avatar\\\/3a8de04a2656d44082be478bd6c086daa447c4651605818287b9532d3d0bd435?s=96&d=mm&r=g\",\"url\":\"https:\\\/\\\/secure.gravatar.com\\\/avatar\\\/3a8de04a2656d44082be478bd6c086daa447c4651605818287b9532d3d0bd435?s=96&d=mm&r=g\",\"contentUrl\":\"https:\\\/\\\/secure.gravatar.com\\\/avatar\\\/3a8de04a2656d44082be478bd6c086daa447c4651605818287b9532d3d0bd435?s=96&d=mm&r=g\",\"caption\":\"Lo viste en Los Pol\u00edticos\"},\"url\":\"https:\\\/\\\/lospoliticosveracruz.com\\\/?author=2\"}]}<\/script>\n<!-- \/ Yoast SEO plugin. -->","yoast_head_json":{"title":"IGUAL QUE PEDRO\u2026 - Los pol\u00edticos Veracruz","robots":{"index":"index","follow":"follow","max-snippet":"max-snippet:-1","max-image-preview":"max-image-preview:large","max-video-preview":"max-video-preview:-1"},"canonical":"https:\/\/lospoliticosveracruz.com\/?p=158585","og_locale":"es_ES","og_type":"article","og_title":"IGUAL QUE PEDRO\u2026 - Los pol\u00edticos Veracruz","og_description":"Oved ContrerasSecas Mecas Don Bola Ocho ayer se carcaje\u00f3 en su mansi\u00f3n de Coatepec al enterarse de que su madrina la T\u00eda Ch\u00edo lo neg\u00f3 en p\u00fablico igualito que hizo San Pedro con Cristo\u2026quesque afirm\u00f3 que con el se\u00f1or de la negritud ella \u201cno tiene relaci\u00f3n\u201d\u2026tonssss?\u2026.y la Yeya Jim\u00e9nez a la que puso en la [&hellip;]","og_url":"https:\/\/lospoliticosveracruz.com\/?p=158585","og_site_name":"Los pol\u00edticos Veracruz","article_publisher":"https:\/\/www.facebook.com\/people\/Notimemes-de-los-Polticos\/61565672886568\/","article_published_time":"2025-12-16T17:10:44+00:00","article_modified_time":"2025-12-16T17:11:17+00:00","og_image":[{"width":600,"height":320,"url":"https:\/\/lospoliticosveracruz.com\/wp-content\/uploads\/2025\/04\/Oved-Contreras-e1768066319253.jpg","type":"image\/jpeg"}],"author":"Lo viste en Los Pol\u00edticos","twitter_card":"summary_large_image","twitter_creator":"@LosPoliticosVer","twitter_site":"@LosPoliticosVer","twitter_misc":{"Escrito por":"Lo viste en Los Pol\u00edticos","Tiempo de lectura":"5 minutos"},"schema":{"@context":"https:\/\/schema.org","@graph":[{"@type":"Article","@id":"https:\/\/lospoliticosveracruz.com\/?p=158585#article","isPartOf":{"@id":"https:\/\/lospoliticosveracruz.com\/?p=158585"},"author":{"name":"Lo viste en Los Pol\u00edticos","@id":"https:\/\/lospoliticosveracruz.com\/#\/schema\/person\/b8702bb0e538456e6efd07080bf2a4a2"},"headline":"IGUAL QUE PEDRO\u2026","datePublished":"2025-12-16T17:10:44+00:00","dateModified":"2025-12-16T17:11:17+00:00","mainEntityOfPage":{"@id":"https:\/\/lospoliticosveracruz.com\/?p=158585"},"wordCount":1014,"publisher":{"@id":"https:\/\/lospoliticosveracruz.com\/#organization"},"image":{"@id":"https:\/\/lospoliticosveracruz.com\/?p=158585#primaryimage"},"thumbnailUrl":"https:\/\/lospoliticosveracruz.com\/wp-content\/uploads\/2025\/04\/Oved-Contreras-e1768066319253.jpg","keywords":["Maryjose Gamboa Torales","Oved Contreras"],"articleSection":["De Opini\u00f3n"],"inLanguage":"es"},{"@type":"WebPage","@id":"https:\/\/lospoliticosveracruz.com\/?p=158585","url":"https:\/\/lospoliticosveracruz.com\/?p=158585","name":"IGUAL QUE PEDRO\u2026 - Los pol\u00edticos Veracruz","isPartOf":{"@id":"https:\/\/lospoliticosveracruz.com\/#website"},"primaryImageOfPage":{"@id":"https:\/\/lospoliticosveracruz.com\/?p=158585#primaryimage"},"image":{"@id":"https:\/\/lospoliticosveracruz.com\/?p=158585#primaryimage"},"thumbnailUrl":"https:\/\/lospoliticosveracruz.com\/wp-content\/uploads\/2025\/04\/Oved-Contreras-e1768066319253.jpg","datePublished":"2025-12-16T17:10:44+00:00","dateModified":"2025-12-16T17:11:17+00:00","breadcrumb":{"@id":"https:\/\/lospoliticosveracruz.com\/?p=158585#breadcrumb"},"inLanguage":"es","potentialAction":[{"@type":"ReadAction","target":["https:\/\/lospoliticosveracruz.com\/?p=158585"]}]},{"@type":"ImageObject","inLanguage":"es","@id":"https:\/\/lospoliticosveracruz.com\/?p=158585#primaryimage","url":"https:\/\/lospoliticosveracruz.com\/wp-content\/uploads\/2025\/04\/Oved-Contreras-e1768066319253.jpg","contentUrl":"https:\/\/lospoliticosveracruz.com\/wp-content\/uploads\/2025\/04\/Oved-Contreras-e1768066319253.jpg","width":600,"height":320},{"@type":"BreadcrumbList","@id":"https:\/\/lospoliticosveracruz.com\/?p=158585#breadcrumb","itemListElement":[{"@type":"ListItem","position":1,"name":"Portada","item":"https:\/\/lospoliticosveracruz.com\/"},{"@type":"ListItem","position":2,"name":"IGUAL QUE PEDRO\u2026"}]},{"@type":"WebSite","@id":"https:\/\/lospoliticosveracruz.com\/#website","url":"https:\/\/lospoliticosveracruz.com\/","name":"Los pol\u00edticos Veracruz","description":"","publisher":{"@id":"https:\/\/lospoliticosveracruz.com\/#organization"},"potentialAction":[{"@type":"SearchAction","target":{"@type":"EntryPoint","urlTemplate":"https:\/\/lospoliticosveracruz.com\/?s={search_term_string}"},"query-input":{"@type":"PropertyValueSpecification","valueRequired":true,"valueName":"search_term_string"}}],"inLanguage":"es"},{"@type":"Organization","@id":"https:\/\/lospoliticosveracruz.com\/#organization","name":"Los pol\u00edticos Veracruz","url":"https:\/\/lospoliticosveracruz.com\/","logo":{"@type":"ImageObject","inLanguage":"es","@id":"https:\/\/lospoliticosveracruz.com\/#\/schema\/logo\/image\/","url":"https:\/\/lospoliticosveracruz.com\/wp-content\/uploads\/2025\/12\/Logo-Nuevo-LOS-POLITICOS-1.jpg","contentUrl":"https:\/\/lospoliticosveracruz.com\/wp-content\/uploads\/2025\/12\/Logo-Nuevo-LOS-POLITICOS-1.jpg","width":260,"height":70,"caption":"Los pol\u00edticos Veracruz"},"image":{"@id":"https:\/\/lospoliticosveracruz.com\/#\/schema\/logo\/image\/"},"sameAs":["https:\/\/www.facebook.com\/people\/Notimemes-de-los-Polticos\/61565672886568\/","https:\/\/x.com\/LosPoliticosVer"]},{"@type":"Person","@id":"https:\/\/lospoliticosveracruz.com\/#\/schema\/person\/b8702bb0e538456e6efd07080bf2a4a2","name":"Lo viste en Los Pol\u00edticos","image":{"@type":"ImageObject","inLanguage":"es","@id":"https:\/\/secure.gravatar.com\/avatar\/3a8de04a2656d44082be478bd6c086daa447c4651605818287b9532d3d0bd435?s=96&d=mm&r=g","url":"https:\/\/secure.gravatar.com\/avatar\/3a8de04a2656d44082be478bd6c086daa447c4651605818287b9532d3d0bd435?s=96&d=mm&r=g","contentUrl":"https:\/\/secure.gravatar.com\/avatar\/3a8de04a2656d44082be478bd6c086daa447c4651605818287b9532d3d0bd435?s=96&d=mm&r=g","caption":"Lo viste en Los Pol\u00edticos"},"url":"https:\/\/lospoliticosveracruz.com\/?author=2"}]}},"_links":{"self":[{"href":"https:\/\/lospoliticosveracruz.com\/index.php?rest_route=\/wp\/v2\/posts\/158585","targetHints":{"allow":["GET"]}}],"collection":[{"href":"https:\/\/lospoliticosveracruz.com\/index.php?rest_route=\/wp\/v2\/posts"}],"about":[{"href":"https:\/\/lospoliticosveracruz.com\/index.php?rest_route=\/wp\/v2\/types\/post"}],"author":[{"embeddable":true,"href":"https:\/\/lospoliticosveracruz.com\/index.php?rest_route=\/wp\/v2\/users\/2"}],"replies":[{"embeddable":true,"href":"https:\/\/lospoliticosveracruz.com\/index.php?rest_route=%2Fwp%2Fv2%2Fcomments&post=158585"}],"version-history":[{"count":1,"href":"https:\/\/lospoliticosveracruz.com\/index.php?rest_route=\/wp\/v2\/posts\/158585\/revisions"}],"predecessor-version":[{"id":158586,"href":"https:\/\/lospoliticosveracruz.com\/index.php?rest_route=\/wp\/v2\/posts\/158585\/revisions\/158586"}],"wp:featuredmedia":[{"embeddable":true,"href":"https:\/\/lospoliticosveracruz.com\/index.php?rest_route=\/wp\/v2\/media\/141426"}],"wp:attachment":[{"href":"https:\/\/lospoliticosveracruz.com\/index.php?rest_route=%2Fwp%2Fv2%2Fmedia&parent=158585"}],"wp:term":[{"taxonomy":"category","embeddable":true,"href":"https:\/\/lospoliticosveracruz.com\/index.php?rest_route=%2Fwp%2Fv2%2Fcategories&post=158585"},{"taxonomy":"post_tag","embeddable":true,"href":"https:\/\/lospoliticosveracruz.com\/index.php?rest_route=%2Fwp%2Fv2%2Ftags&post=158585"}],"curies":[{"name":"wp","href":"https:\/\/api.w.org\/{rel}","templated":true}]}}