{"id":158591,"date":"2025-12-16T11:54:57","date_gmt":"2025-12-16T17:54:57","guid":{"rendered":"https:\/\/lospoliticosveracruz.com.mx\/?p=158591"},"modified":"2025-12-16T11:55:22","modified_gmt":"2025-12-16T17:55:22","slug":"entra-limpio-a-banderilla","status":"publish","type":"post","link":"https:\/\/lospoliticosveracruz.com\/?p=158591","title":{"rendered":"ENTRA LIMPIO A BANDERILLA!"},"content":{"rendered":"\n<p>S\u00edguenos ahora tambi\u00e9n en WhatsApp.\u00a0\u00a1<a href=\"https:\/\/whatsapp.com\/channel\/0029Va8zRWlEKyZIP3Z1dF0e\"><strong>Da clic aqu\u00ed<\/strong><\/a><strong>!<\/strong><\/p>\n\n\n\n<p><strong>Isabel Ortega<br><\/strong>A partir del 1 de enero de 2026, Jos\u00e9 Antonio Sangabriel Fern\u00e1ndez, presidente municipal suplente de Banderilla, asumir\u00e1 la administraci\u00f3n local ante la ausencia definitiva de Arnulfo Rodr\u00edguez Gonz\u00e1lez, quien result\u00f3 electo en los comicios del 1 de junio y falleci\u00f3 en el mes de julio.<\/p>\n\n\n\n<p>Mediante un acuerdo de la Comisi\u00f3n Permanente de Gobernaci\u00f3n del Congreso de Veracruz, se determin\u00f3 que, ante el fallecimiento del presidente municipal propietario electo, era procedente llamar al suplente para que asuma la titularidad del Ayuntamiento durante el periodo constitucional 2026\u20132029.<\/p>\n\n\n\n<p>En el dictamen se precisa que el Comit\u00e9 Estatal del PAN remiti\u00f3 un escrito solicitando la dispensa de tr\u00e1mite para que Sangabriel Fern\u00e1ndez asumiera el cargo; sin embargo, la Comisi\u00f3n resolvi\u00f3 que no era necesaria dicha dispensa, al encontrarse plenamente acreditada la hip\u00f3tesis de falta absoluta.<\/p>\n\n\n\n<p>Por ello, se confirm\u00f3 que Jos\u00e9 Antonio Sangabriel Fern\u00e1ndez, en su calidad de Presidente Municipal Suplente Electo, asumir\u00e1 el cargo de Presidente Municipal Propietario, debiendo rendir la protesta de ley a partir del 31 de diciembre de 2025.<\/p>\n\n\n\n<p>La Comisi\u00f3n de Gobernaci\u00f3n argument\u00f3 que corresponde al Congreso del Estado garantizar la integraci\u00f3n y funcionamiento del Ayuntamiento, y que al estar debidamente acreditado el fallecimiento de Arnulfo Rodr\u00edguez Gonz\u00e1lez, mediante el acta de defunci\u00f3n exhibida, se actualiza la hip\u00f3tesis normativa de falta absoluta, prevista en la legislaci\u00f3n municipal.<\/p>\n\n\n\n<p>En ese sentido, se cit\u00f3 la Ley Org\u00e1nica del Municipio Libre, que en su art\u00edculo 24 define las faltas de los ediles y, en su art\u00edculo 25, establece el mandato imperativo de suplencia, al disponer que: \u201cLas faltas temporales o absolutas de los ediles propietarios ser\u00e1n cubiertas por sus suplentes\u201d<\/p>\n\n\n\n<p>Arnulfo Rodr\u00edguez Gonz\u00e1lez gan\u00f3 la elecci\u00f3n municipal el 1 de junio de 2025, abanderado por el Partido Acci\u00f3n Nacional (PAN), al obtener el respaldo de 5 mil 936 votantes. En segundo lugar, se ubic\u00f3 la candidatura de Morena.<\/p>\n\n\n\n<p>El panista muri\u00f3 de un paro cardiaco cuando circulaba sobre la carretera federal, conocida como L\u00e1zaro C\u00e1rdenas, a la altura de la Central de Autobuses de Xalapa (CAXA), el 18 de julio de este a\u00f1o.<\/p>\n\n\n\n<p>Antecedentes en otros procesos electorales<br>Cabe recordar que, en el proceso electoral de 2021, el candidato a la alcald\u00eda de Cazones de Herrera, Remigio Tovar, fue asesinado horas antes de la jornada electoral. Pese a ello, el aspirante de Movimiento Ciudadano gan\u00f3 la elecci\u00f3n y rindi\u00f3 protesta su suplente, conforme a lo previsto en la legislaci\u00f3n electoral.<\/p>\n\n\n\n<p>Otro caso sui g\u00e9neris en Veracruz ocurri\u00f3 en el municipio de Jes\u00fas Carranza, donde Pasiano Rueda Canseco gan\u00f3 la elecci\u00f3n extraordinaria de 2022, a pesar de encontrarse privado de su libertad, tras haber sido detenido por el delito de ultrajes a la autoridad, el cual posteriormente fue declarado inconstitucional por la Suprema Corte de Justicia de la Naci\u00f3n.<\/p>\n","protected":false},"excerpt":{"rendered":"<p>Isabel OrtegaA partir del 1 de enero de 2026, Jos\u00e9 Antonio Sangabriel Fern\u00e1ndez, presidente municipal suplente de Banderilla, asumir\u00e1 la administraci\u00f3n local ante la ausencia definitiva de Arnulfo Rodr\u00edguez Gonz\u00e1lez, quien result\u00f3 electo en los comicios del 1 de junio y falleci\u00f3 en el mes de julio. Mediante un acuerdo de la Comisi\u00f3n Permanente de [&hellip;]<\/p>\n","protected":false},"author":2,"featured_media":158592,"comment_status":"closed","ping_status":"closed","sticky":false,"template":"","format":"standard","meta":{"tdm_status":"","tdm_grid_status":"","footnotes":""},"categories":[6446],"tags":[],"class_list":{"0":"post-158591","1":"post","2":"type-post","3":"status-publish","4":"format-standard","5":"has-post-thumbnail","7":"category-la-nota"},"yoast_head":"<!-- This site is optimized with the Yoast SEO plugin v27.4 - https:\/\/yoast.com\/product\/yoast-seo-wordpress\/ -->\n<title>ENTRA LIMPIO A BANDERILLA! - Los pol\u00edticos Veracruz<\/title>\n<meta name=\"robots\" content=\"index, follow, max-snippet:-1, max-image-preview:large, max-video-preview:-1\" \/>\n<link rel=\"canonical\" href=\"https:\/\/lospoliticosveracruz.com\/?p=158591\" \/>\n<meta property=\"og:locale\" content=\"es_ES\" \/>\n<meta property=\"og:type\" content=\"article\" \/>\n<meta property=\"og:title\" content=\"ENTRA LIMPIO A BANDERILLA! - Los pol\u00edticos Veracruz\" \/>\n<meta property=\"og:description\" content=\"Isabel OrtegaA partir del 1 de enero de 2026, Jos\u00e9 Antonio Sangabriel Fern\u00e1ndez, presidente municipal suplente de Banderilla, asumir\u00e1 la administraci\u00f3n local ante la ausencia definitiva de Arnulfo Rodr\u00edguez Gonz\u00e1lez, quien result\u00f3 electo en los comicios del 1 de junio y falleci\u00f3 en el mes de julio. Mediante un acuerdo de la Comisi\u00f3n Permanente de [&hellip;]\" \/>\n<meta property=\"og:url\" content=\"https:\/\/lospoliticosveracruz.com\/?p=158591\" \/>\n<meta property=\"og:site_name\" content=\"Los pol\u00edticos Veracruz\" \/>\n<meta property=\"article:publisher\" content=\"https:\/\/www.facebook.com\/people\/Notimemes-de-los-Polticos\/61565672886568\/\" \/>\n<meta property=\"article:published_time\" content=\"2025-12-16T17:54:57+00:00\" \/>\n<meta property=\"article:modified_time\" content=\"2025-12-16T17:55:22+00:00\" \/>\n<meta property=\"og:image\" content=\"https:\/\/lospoliticosveracruz.com\/wp-content\/uploads\/2025\/12\/Jose-Antonio-San-Gabriel-y-Arnulfo-Rodriguez.jpeg\" \/>\n\t<meta property=\"og:image:width\" content=\"600\" \/>\n\t<meta property=\"og:image:height\" content=\"320\" \/>\n\t<meta property=\"og:image:type\" content=\"image\/jpeg\" \/>\n<meta name=\"author\" content=\"Lo viste en Los Pol\u00edticos\" \/>\n<meta name=\"twitter:card\" content=\"summary_large_image\" \/>\n<meta name=\"twitter:creator\" content=\"@LosPoliticosVer\" \/>\n<meta name=\"twitter:site\" content=\"@LosPoliticosVer\" \/>\n<meta name=\"twitter:label1\" content=\"Escrito por\" \/>\n\t<meta name=\"twitter:data1\" content=\"Lo viste en Los Pol\u00edticos\" \/>\n\t<meta name=\"twitter:label2\" content=\"Tiempo de lectura\" \/>\n\t<meta name=\"twitter:data2\" content=\"2 minutos\" \/>\n<script type=\"application\/ld+json\" class=\"yoast-schema-graph\">{\"@context\":\"https:\\\/\\\/schema.org\",\"@graph\":[{\"@type\":\"Article\",\"@id\":\"https:\\\/\\\/lospoliticosveracruz.com\\\/?p=158591#article\",\"isPartOf\":{\"@id\":\"https:\\\/\\\/lospoliticosveracruz.com\\\/?p=158591\"},\"author\":{\"name\":\"Lo viste en Los Pol\u00edticos\",\"@id\":\"https:\\\/\\\/lospoliticosveracruz.com\\\/#\\\/schema\\\/person\\\/b8702bb0e538456e6efd07080bf2a4a2\"},\"headline\":\"ENTRA LIMPIO A BANDERILLA!\",\"datePublished\":\"2025-12-16T17:54:57+00:00\",\"dateModified\":\"2025-12-16T17:55:22+00:00\",\"mainEntityOfPage\":{\"@id\":\"https:\\\/\\\/lospoliticosveracruz.com\\\/?p=158591\"},\"wordCount\":485,\"publisher\":{\"@id\":\"https:\\\/\\\/lospoliticosveracruz.com\\\/#organization\"},\"image\":{\"@id\":\"https:\\\/\\\/lospoliticosveracruz.com\\\/?p=158591#primaryimage\"},\"thumbnailUrl\":\"https:\\\/\\\/lospoliticosveracruz.com\\\/wp-content\\\/uploads\\\/2025\\\/12\\\/Jose-Antonio-San-Gabriel-y-Arnulfo-Rodriguez.jpeg\",\"articleSection\":[\"La Nota\"],\"inLanguage\":\"es\"},{\"@type\":\"WebPage\",\"@id\":\"https:\\\/\\\/lospoliticosveracruz.com\\\/?p=158591\",\"url\":\"https:\\\/\\\/lospoliticosveracruz.com\\\/?p=158591\",\"name\":\"ENTRA LIMPIO A BANDERILLA! - Los pol\u00edticos Veracruz\",\"isPartOf\":{\"@id\":\"https:\\\/\\\/lospoliticosveracruz.com\\\/#website\"},\"primaryImageOfPage\":{\"@id\":\"https:\\\/\\\/lospoliticosveracruz.com\\\/?p=158591#primaryimage\"},\"image\":{\"@id\":\"https:\\\/\\\/lospoliticosveracruz.com\\\/?p=158591#primaryimage\"},\"thumbnailUrl\":\"https:\\\/\\\/lospoliticosveracruz.com\\\/wp-content\\\/uploads\\\/2025\\\/12\\\/Jose-Antonio-San-Gabriel-y-Arnulfo-Rodriguez.jpeg\",\"datePublished\":\"2025-12-16T17:54:57+00:00\",\"dateModified\":\"2025-12-16T17:55:22+00:00\",\"breadcrumb\":{\"@id\":\"https:\\\/\\\/lospoliticosveracruz.com\\\/?p=158591#breadcrumb\"},\"inLanguage\":\"es\",\"potentialAction\":[{\"@type\":\"ReadAction\",\"target\":[\"https:\\\/\\\/lospoliticosveracruz.com\\\/?p=158591\"]}]},{\"@type\":\"ImageObject\",\"inLanguage\":\"es\",\"@id\":\"https:\\\/\\\/lospoliticosveracruz.com\\\/?p=158591#primaryimage\",\"url\":\"https:\\\/\\\/lospoliticosveracruz.com\\\/wp-content\\\/uploads\\\/2025\\\/12\\\/Jose-Antonio-San-Gabriel-y-Arnulfo-Rodriguez.jpeg\",\"contentUrl\":\"https:\\\/\\\/lospoliticosveracruz.com\\\/wp-content\\\/uploads\\\/2025\\\/12\\\/Jose-Antonio-San-Gabriel-y-Arnulfo-Rodriguez.jpeg\",\"width\":600,\"height\":320},{\"@type\":\"BreadcrumbList\",\"@id\":\"https:\\\/\\\/lospoliticosveracruz.com\\\/?p=158591#breadcrumb\",\"itemListElement\":[{\"@type\":\"ListItem\",\"position\":1,\"name\":\"Portada\",\"item\":\"https:\\\/\\\/lospoliticosveracruz.com\\\/\"},{\"@type\":\"ListItem\",\"position\":2,\"name\":\"ENTRA LIMPIO A BANDERILLA!\"}]},{\"@type\":\"WebSite\",\"@id\":\"https:\\\/\\\/lospoliticosveracruz.com\\\/#website\",\"url\":\"https:\\\/\\\/lospoliticosveracruz.com\\\/\",\"name\":\"Los pol\u00edticos Veracruz\",\"description\":\"\",\"publisher\":{\"@id\":\"https:\\\/\\\/lospoliticosveracruz.com\\\/#organization\"},\"potentialAction\":[{\"@type\":\"SearchAction\",\"target\":{\"@type\":\"EntryPoint\",\"urlTemplate\":\"https:\\\/\\\/lospoliticosveracruz.com\\\/?s={search_term_string}\"},\"query-input\":{\"@type\":\"PropertyValueSpecification\",\"valueRequired\":true,\"valueName\":\"search_term_string\"}}],\"inLanguage\":\"es\"},{\"@type\":\"Organization\",\"@id\":\"https:\\\/\\\/lospoliticosveracruz.com\\\/#organization\",\"name\":\"Los pol\u00edticos Veracruz\",\"url\":\"https:\\\/\\\/lospoliticosveracruz.com\\\/\",\"logo\":{\"@type\":\"ImageObject\",\"inLanguage\":\"es\",\"@id\":\"https:\\\/\\\/lospoliticosveracruz.com\\\/#\\\/schema\\\/logo\\\/image\\\/\",\"url\":\"https:\\\/\\\/lospoliticosveracruz.com\\\/wp-content\\\/uploads\\\/2025\\\/12\\\/Logo-Nuevo-LOS-POLITICOS-1.jpg\",\"contentUrl\":\"https:\\\/\\\/lospoliticosveracruz.com\\\/wp-content\\\/uploads\\\/2025\\\/12\\\/Logo-Nuevo-LOS-POLITICOS-1.jpg\",\"width\":260,\"height\":70,\"caption\":\"Los pol\u00edticos Veracruz\"},\"image\":{\"@id\":\"https:\\\/\\\/lospoliticosveracruz.com\\\/#\\\/schema\\\/logo\\\/image\\\/\"},\"sameAs\":[\"https:\\\/\\\/www.facebook.com\\\/people\\\/Notimemes-de-los-Polticos\\\/61565672886568\\\/\",\"https:\\\/\\\/x.com\\\/LosPoliticosVer\"]},{\"@type\":\"Person\",\"@id\":\"https:\\\/\\\/lospoliticosveracruz.com\\\/#\\\/schema\\\/person\\\/b8702bb0e538456e6efd07080bf2a4a2\",\"name\":\"Lo viste en Los Pol\u00edticos\",\"image\":{\"@type\":\"ImageObject\",\"inLanguage\":\"es\",\"@id\":\"https:\\\/\\\/secure.gravatar.com\\\/avatar\\\/3a8de04a2656d44082be478bd6c086daa447c4651605818287b9532d3d0bd435?s=96&d=mm&r=g\",\"url\":\"https:\\\/\\\/secure.gravatar.com\\\/avatar\\\/3a8de04a2656d44082be478bd6c086daa447c4651605818287b9532d3d0bd435?s=96&d=mm&r=g\",\"contentUrl\":\"https:\\\/\\\/secure.gravatar.com\\\/avatar\\\/3a8de04a2656d44082be478bd6c086daa447c4651605818287b9532d3d0bd435?s=96&d=mm&r=g\",\"caption\":\"Lo viste en Los Pol\u00edticos\"},\"url\":\"https:\\\/\\\/lospoliticosveracruz.com\\\/?author=2\"}]}<\/script>\n<!-- \/ Yoast SEO plugin. -->","yoast_head_json":{"title":"ENTRA LIMPIO A BANDERILLA! - Los pol\u00edticos Veracruz","robots":{"index":"index","follow":"follow","max-snippet":"max-snippet:-1","max-image-preview":"max-image-preview:large","max-video-preview":"max-video-preview:-1"},"canonical":"https:\/\/lospoliticosveracruz.com\/?p=158591","og_locale":"es_ES","og_type":"article","og_title":"ENTRA LIMPIO A BANDERILLA! - Los pol\u00edticos Veracruz","og_description":"Isabel OrtegaA partir del 1 de enero de 2026, Jos\u00e9 Antonio Sangabriel Fern\u00e1ndez, presidente municipal suplente de Banderilla, asumir\u00e1 la administraci\u00f3n local ante la ausencia definitiva de Arnulfo Rodr\u00edguez Gonz\u00e1lez, quien result\u00f3 electo en los comicios del 1 de junio y falleci\u00f3 en el mes de julio. Mediante un acuerdo de la Comisi\u00f3n Permanente de [&hellip;]","og_url":"https:\/\/lospoliticosveracruz.com\/?p=158591","og_site_name":"Los pol\u00edticos Veracruz","article_publisher":"https:\/\/www.facebook.com\/people\/Notimemes-de-los-Polticos\/61565672886568\/","article_published_time":"2025-12-16T17:54:57+00:00","article_modified_time":"2025-12-16T17:55:22+00:00","og_image":[{"width":600,"height":320,"url":"https:\/\/lospoliticosveracruz.com\/wp-content\/uploads\/2025\/12\/Jose-Antonio-San-Gabriel-y-Arnulfo-Rodriguez.jpeg","type":"image\/jpeg"}],"author":"Lo viste en Los Pol\u00edticos","twitter_card":"summary_large_image","twitter_creator":"@LosPoliticosVer","twitter_site":"@LosPoliticosVer","twitter_misc":{"Escrito por":"Lo viste en Los Pol\u00edticos","Tiempo de lectura":"2 minutos"},"schema":{"@context":"https:\/\/schema.org","@graph":[{"@type":"Article","@id":"https:\/\/lospoliticosveracruz.com\/?p=158591#article","isPartOf":{"@id":"https:\/\/lospoliticosveracruz.com\/?p=158591"},"author":{"name":"Lo viste en Los Pol\u00edticos","@id":"https:\/\/lospoliticosveracruz.com\/#\/schema\/person\/b8702bb0e538456e6efd07080bf2a4a2"},"headline":"ENTRA LIMPIO A BANDERILLA!","datePublished":"2025-12-16T17:54:57+00:00","dateModified":"2025-12-16T17:55:22+00:00","mainEntityOfPage":{"@id":"https:\/\/lospoliticosveracruz.com\/?p=158591"},"wordCount":485,"publisher":{"@id":"https:\/\/lospoliticosveracruz.com\/#organization"},"image":{"@id":"https:\/\/lospoliticosveracruz.com\/?p=158591#primaryimage"},"thumbnailUrl":"https:\/\/lospoliticosveracruz.com\/wp-content\/uploads\/2025\/12\/Jose-Antonio-San-Gabriel-y-Arnulfo-Rodriguez.jpeg","articleSection":["La Nota"],"inLanguage":"es"},{"@type":"WebPage","@id":"https:\/\/lospoliticosveracruz.com\/?p=158591","url":"https:\/\/lospoliticosveracruz.com\/?p=158591","name":"ENTRA LIMPIO A BANDERILLA! - Los pol\u00edticos Veracruz","isPartOf":{"@id":"https:\/\/lospoliticosveracruz.com\/#website"},"primaryImageOfPage":{"@id":"https:\/\/lospoliticosveracruz.com\/?p=158591#primaryimage"},"image":{"@id":"https:\/\/lospoliticosveracruz.com\/?p=158591#primaryimage"},"thumbnailUrl":"https:\/\/lospoliticosveracruz.com\/wp-content\/uploads\/2025\/12\/Jose-Antonio-San-Gabriel-y-Arnulfo-Rodriguez.jpeg","datePublished":"2025-12-16T17:54:57+00:00","dateModified":"2025-12-16T17:55:22+00:00","breadcrumb":{"@id":"https:\/\/lospoliticosveracruz.com\/?p=158591#breadcrumb"},"inLanguage":"es","potentialAction":[{"@type":"ReadAction","target":["https:\/\/lospoliticosveracruz.com\/?p=158591"]}]},{"@type":"ImageObject","inLanguage":"es","@id":"https:\/\/lospoliticosveracruz.com\/?p=158591#primaryimage","url":"https:\/\/lospoliticosveracruz.com\/wp-content\/uploads\/2025\/12\/Jose-Antonio-San-Gabriel-y-Arnulfo-Rodriguez.jpeg","contentUrl":"https:\/\/lospoliticosveracruz.com\/wp-content\/uploads\/2025\/12\/Jose-Antonio-San-Gabriel-y-Arnulfo-Rodriguez.jpeg","width":600,"height":320},{"@type":"BreadcrumbList","@id":"https:\/\/lospoliticosveracruz.com\/?p=158591#breadcrumb","itemListElement":[{"@type":"ListItem","position":1,"name":"Portada","item":"https:\/\/lospoliticosveracruz.com\/"},{"@type":"ListItem","position":2,"name":"ENTRA LIMPIO A BANDERILLA!"}]},{"@type":"WebSite","@id":"https:\/\/lospoliticosveracruz.com\/#website","url":"https:\/\/lospoliticosveracruz.com\/","name":"Los pol\u00edticos Veracruz","description":"","publisher":{"@id":"https:\/\/lospoliticosveracruz.com\/#organization"},"potentialAction":[{"@type":"SearchAction","target":{"@type":"EntryPoint","urlTemplate":"https:\/\/lospoliticosveracruz.com\/?s={search_term_string}"},"query-input":{"@type":"PropertyValueSpecification","valueRequired":true,"valueName":"search_term_string"}}],"inLanguage":"es"},{"@type":"Organization","@id":"https:\/\/lospoliticosveracruz.com\/#organization","name":"Los pol\u00edticos Veracruz","url":"https:\/\/lospoliticosveracruz.com\/","logo":{"@type":"ImageObject","inLanguage":"es","@id":"https:\/\/lospoliticosveracruz.com\/#\/schema\/logo\/image\/","url":"https:\/\/lospoliticosveracruz.com\/wp-content\/uploads\/2025\/12\/Logo-Nuevo-LOS-POLITICOS-1.jpg","contentUrl":"https:\/\/lospoliticosveracruz.com\/wp-content\/uploads\/2025\/12\/Logo-Nuevo-LOS-POLITICOS-1.jpg","width":260,"height":70,"caption":"Los pol\u00edticos Veracruz"},"image":{"@id":"https:\/\/lospoliticosveracruz.com\/#\/schema\/logo\/image\/"},"sameAs":["https:\/\/www.facebook.com\/people\/Notimemes-de-los-Polticos\/61565672886568\/","https:\/\/x.com\/LosPoliticosVer"]},{"@type":"Person","@id":"https:\/\/lospoliticosveracruz.com\/#\/schema\/person\/b8702bb0e538456e6efd07080bf2a4a2","name":"Lo viste en Los Pol\u00edticos","image":{"@type":"ImageObject","inLanguage":"es","@id":"https:\/\/secure.gravatar.com\/avatar\/3a8de04a2656d44082be478bd6c086daa447c4651605818287b9532d3d0bd435?s=96&d=mm&r=g","url":"https:\/\/secure.gravatar.com\/avatar\/3a8de04a2656d44082be478bd6c086daa447c4651605818287b9532d3d0bd435?s=96&d=mm&r=g","contentUrl":"https:\/\/secure.gravatar.com\/avatar\/3a8de04a2656d44082be478bd6c086daa447c4651605818287b9532d3d0bd435?s=96&d=mm&r=g","caption":"Lo viste en Los Pol\u00edticos"},"url":"https:\/\/lospoliticosveracruz.com\/?author=2"}]}},"_links":{"self":[{"href":"https:\/\/lospoliticosveracruz.com\/index.php?rest_route=\/wp\/v2\/posts\/158591","targetHints":{"allow":["GET"]}}],"collection":[{"href":"https:\/\/lospoliticosveracruz.com\/index.php?rest_route=\/wp\/v2\/posts"}],"about":[{"href":"https:\/\/lospoliticosveracruz.com\/index.php?rest_route=\/wp\/v2\/types\/post"}],"author":[{"embeddable":true,"href":"https:\/\/lospoliticosveracruz.com\/index.php?rest_route=\/wp\/v2\/users\/2"}],"replies":[{"embeddable":true,"href":"https:\/\/lospoliticosveracruz.com\/index.php?rest_route=%2Fwp%2Fv2%2Fcomments&post=158591"}],"version-history":[{"count":2,"href":"https:\/\/lospoliticosveracruz.com\/index.php?rest_route=\/wp\/v2\/posts\/158591\/revisions"}],"predecessor-version":[{"id":158594,"href":"https:\/\/lospoliticosveracruz.com\/index.php?rest_route=\/wp\/v2\/posts\/158591\/revisions\/158594"}],"wp:featuredmedia":[{"embeddable":true,"href":"https:\/\/lospoliticosveracruz.com\/index.php?rest_route=\/wp\/v2\/media\/158592"}],"wp:attachment":[{"href":"https:\/\/lospoliticosveracruz.com\/index.php?rest_route=%2Fwp%2Fv2%2Fmedia&parent=158591"}],"wp:term":[{"taxonomy":"category","embeddable":true,"href":"https:\/\/lospoliticosveracruz.com\/index.php?rest_route=%2Fwp%2Fv2%2Fcategories&post=158591"},{"taxonomy":"post_tag","embeddable":true,"href":"https:\/\/lospoliticosveracruz.com\/index.php?rest_route=%2Fwp%2Fv2%2Ftags&post=158591"}],"curies":[{"name":"wp","href":"https:\/\/api.w.org\/{rel}","templated":true}]}}