{"id":158636,"date":"2025-12-16T22:59:23","date_gmt":"2025-12-17T04:59:23","guid":{"rendered":"https:\/\/lospoliticosveracruz.com.mx\/?p=158636"},"modified":"2025-12-16T23:00:20","modified_gmt":"2025-12-17T05:00:20","slug":"autocritica-el-precio-politico-de-su-ausencia-2","status":"publish","type":"post","link":"https:\/\/lospoliticosveracruz.com\/?p=158636","title":{"rendered":"AUTOCR\u00cdTICA: EL PRECIO POL\u00cdTICO DE SU AUSENCIA"},"content":{"rendered":"\n<p><strong>Jos\u00e9 Luis Ortega Vidal<\/strong><\/p>\n\n\n\n<p><em>Claroscuros<\/em> \/ II Parte<\/p>\n\n\n\n<p>(1)<br>El caos pol\u00edtico en el M\u00e9xico actual surge de una contradicci\u00f3n esencial en nuestra historia reciente: sacamos al PRI del poder por su vocaci\u00f3n antidemocr\u00e1tica; el PAN tom\u00f3 la estafeta v\u00eda los comicios democr\u00e1ticos del a\u00f1o 2000, y continu\u00f3 la elecci\u00f3n pol\u00e9mica del 2006.<\/p>\n\n\n\n\n\n<p><br>El PRI volvi\u00f3 a la silla del \u00e1guila en el 2012, otra vez mediante votos mayoritarios y convincentes en las urnas.<br>Durante lo que va del siglo XXI, la izquierda perdi\u00f3 en el 2000, afirma ser v\u00edctima de fraude en el 2006 y gana en el 2018 y 2024.<br>Hubo una lecci\u00f3n clave durante los comicios del 2006, cuando Felipe Calder\u00f3n se hizo de la banda tricolor al pecho: el \u00e1rbitro, a\u00fan denominado Instituto Federal Electoral (IFE), contaba con prestigio mientras el poder judicial arrastraba el tufo a corrupci\u00f3n que lo ha caracterizado siempre.<br>La diferencia entre el panista Calder\u00f3n Hinojosa y el perredista Andr\u00e9s Manuel L\u00f3pez Obrador fue de apenas 0.62 %.<br>Si ocurri\u00f3 un fraude \u2013el autor de CLAROSCUROS no conoce la existencia de pruebas que legitimen la pugna jur\u00eddica al respecto, aunque comparte la duda sobre presuntos comicios v\u00e1lidos-, la elecci\u00f3n debi\u00f3 anularse.<br>Empero, la incipiente democracia mexicana no contaba con las herramientas pol\u00edtico-institucionales para una acci\u00f3n de esa naturaleza y el Estado opt\u00f3 por reconocer el triunfo de quien obtuvo la mayor\u00eda de sufragios demostrables ante el IFE; como lo establece la ley.<br>Como bien sabemos, la democracia siempre es perfectible, nunca es perfecta.<br>En M\u00e9xico se gana con un voto de diferencia porque no existe la figura de segunda vuelta electoral; lo que habr\u00eda permitido una salida viable ante la m\u00ednima diferencia entre el primero y el segundo lugar.<br>Si aquel a\u00f1o, el del 2006, se hubiesen anulado las elecciones, habr\u00eda ocurrido caos y violencia.<br>(2)<br>Se trata de un caso distinto al de 1988 porque la acusaci\u00f3n de un fraude en contra del movimiento izquierdista y popular encabezado por Cuauht\u00e9moc C\u00e1rdenas Sol\u00f3rzano, ocurri\u00f3 con un pa\u00eds sin \u00e1rbitro electoral pues el PRI\/Gobierno era due\u00f1o del candidato \u2013Carlos Salinas de Gortari-, as\u00ed como de las urnas en manos de la Secretar\u00eda de Gobernaci\u00f3n que a su vez la hac\u00eda de vigilante y contaba con la polic\u00eda y las fuerzas armadas para \u201catender\u201d cualquier duda de los opositores y del p\u00fablico votante.<br>Por esas condiciones, cuando se \u201ccay\u00f3\u201d el sistema Cuauht\u00e9moc C\u00e1rdenas, et al, s\u00f3lo tuvieron dos opciones: replegarse para continuar en la lucha pol\u00edtica pac\u00edfica o confrontarse en el af\u00e1n de tomar el poder mediante la violencia, donde la mayor parte de las muertes se habr\u00edan aportado desde su lado de la cancha.<br>(3)<br>En el argumento (2) del CLAROSCUROS anterior, expongo:<\/p>\n\n\n\n<p>\u201c\u00bfD\u00f3nde colocar a la oposici\u00f3n en el nuevo paradigma del poder pol\u00edtico en M\u00e9xico?<br>El espectro ideol\u00f3gico cl\u00e1sico de izquierda-centro-derecha, luce rebasado en una coyuntura hist\u00f3rica donde el concepto mismo de democracia es pr\u00f3fugo de una realidad ca\u00f3tica.<br>\u00bfPor qu\u00e9 nuevo paradigma?<br>\u00bfPor qu\u00e9 realidad ca\u00f3tica?\u201d<\/p>\n\n\n\n<p>(4)<br>Hoy, intento colocar la palabra caos en la narrativa de este breviario sobre el camino reciente de la democracia mexicana a la que observo bajo riesgo de s\u00ed misma; debido a sus confusiones y limitaciones.<br>La duda sobre la existencia de un fraude en la elecci\u00f3n del 2006 contribuy\u00f3, por ejemplo, a la construcci\u00f3n de un discurso beligerante desde la izquierda contra sus rivales del PRI y el PAN.<br>Aniquilado el PRI, el discurso morenista se mantiene poderoso contra la derecha, su rival vapuleado pero vivo.<br>Desde el izquierdismo morenista se acusa de todo al PRIAN; pero hay un ataque con m\u00e1s fervor contra la derecha o la ultraderecha, t\u00e9rmino confuso pero de empleo permanente.<br>(5)<br>A Felipe Calder\u00f3n Hinojosa se le ha calificado de presidente ileg\u00edtimo desde el discurso, la operatividad del PRD y finalmente de su relevo, MORENA.<br>Tal imagen de alg\u00fan modo ayud\u00f3 a moldear como sparring favorito al segundo presidente panista que carga dos estigmas convertidos en sellos fijos dentro del imaginario colectivo:<\/p>\n\n\n\n<p>-Felipe Calder\u00f3n el ileg\u00edtimo, es responsable de la guerra contra el narco y por su culpa M\u00e9xico ha perdido cientos de miles de vidas en una lucha in\u00fatil donde su gobierno no us\u00f3 la inteligencia de Estado ni atendi\u00f3 las causas sociales que generan delincuencia\u2026<br>-Felipe Calder\u00f3n es un pol\u00edtico neoliberal como sus antecesores del PRI, particularmente Carlos Salinas de Gortari y Ernesto Zedillo de Le\u00f3n, quienes son coautores de la pobreza, la injusticia social, el retraso hist\u00f3rico y la traici\u00f3n a la patria\u2026cualquier cosa que eso signifique.<\/p>\n\n\n\n<p>(6)<br>He aqu\u00ed algunos elementos espec\u00edficos del caos: la duda sobre la legitimidad de la elecci\u00f3n del 2006 que devino arribo al poder del segundo abanderado panista; el discurso beligerante de la izquierda que a\u00f1adi\u00f3 a su bandera pol\u00edtico-electoral el fracaso del modelo macroecon\u00f3mico neoliberal; la ausencia de autocr\u00edtica de la izquierda vuelta gobierno, porque todo \u201clo malo\u201d viene desde un pasado con nombres y apellidos\u2026<br>(7)<br>Ahora bien, el caos no surge de mentiras porque el neoliberalismo efectivamente fracas\u00f3\u2026en algunos de sus aspectos; m\u00e1s no en toda su implantaci\u00f3n y desarrollo.<br>(8)<br>Va un ejemplo que nace del caos y contribuye al caos: el neoliberalismo dio vida al Tratado de Libre Comercio entre M\u00e9xico y Estados Unidos y Canad\u00e1, bajo el impulso del expresidente Carlos Salinas de Gortari y el respaldo de su sucesor Ernesto Zedillo Ponce de Le\u00f3n\u2026<br>El TLCAN se propuso eliminar aranceles y conformar un gigantesco mercado en Am\u00e9rica del Norte.<br>Hoy lo conocemos como T-MEC y el pr\u00f3ximo a\u00f1o entrar\u00e1 a revisi\u00f3n para ajustarlo o Trump dixit- desaparecer.<br>(9)<br>Resulta curioso que la izquierda mexicana convertida en gobierno desde el 2018, pugna por la continuidad del T-MEC; es decir, la presidenta Claudia Sheinbaum Pardo -como lo hizo en su momento Andr\u00e9s Manuel L\u00f3pez Obrador- hace suya la defensa del mercado libre mediante el tratado con Estados Unidos y Canad\u00e1\u2026<br>Tal contradicci\u00f3n genera caos porque el mercado libre es un postulado clave del modelo macroecon\u00f3mico neoliberal y nuestra izquierda -antes amarilla y hoy guinda- fundamenta su discurso ideol\u00f3gico y de Estado en una radical postura anti neoliberal.<br>CONTINUAR\u00c1<\/p>\n","protected":false},"excerpt":{"rendered":"<p>Jos\u00e9 Luis Ortega Vidal Claroscuros \/ II Parte (1)El caos pol\u00edtico en el M\u00e9xico actual surge de una contradicci\u00f3n esencial en nuestra historia reciente: sacamos al PRI del poder por su vocaci\u00f3n antidemocr\u00e1tica; el PAN tom\u00f3 la estafeta v\u00eda los comicios democr\u00e1ticos del a\u00f1o 2000, y continu\u00f3 la elecci\u00f3n pol\u00e9mica del 2006. El PRI volvi\u00f3 [&hellip;]<\/p>\n","protected":false},"author":2,"featured_media":141392,"comment_status":"closed","ping_status":"closed","sticky":false,"template":"","format":"standard","meta":{"tdm_status":"","tdm_grid_status":"","footnotes":""},"categories":[70],"tags":[2769],"class_list":{"0":"post-158636","1":"post","2":"type-post","3":"status-publish","4":"format-standard","5":"has-post-thumbnail","7":"category-de-opinion","8":"tag-jose-luis-ortega-vidal"},"yoast_head":"<!-- This site is optimized with the Yoast SEO plugin v27.4 - https:\/\/yoast.com\/product\/yoast-seo-wordpress\/ -->\n<title>AUTOCR\u00cdTICA: EL PRECIO POL\u00cdTICO DE SU AUSENCIA - Los pol\u00edticos Veracruz<\/title>\n<meta name=\"robots\" content=\"index, follow, max-snippet:-1, max-image-preview:large, max-video-preview:-1\" \/>\n<link rel=\"canonical\" href=\"https:\/\/lospoliticosveracruz.com\/?p=158636\" \/>\n<meta property=\"og:locale\" content=\"es_ES\" \/>\n<meta property=\"og:type\" content=\"article\" \/>\n<meta property=\"og:title\" content=\"AUTOCR\u00cdTICA: EL PRECIO POL\u00cdTICO DE SU AUSENCIA - Los pol\u00edticos Veracruz\" \/>\n<meta property=\"og:description\" content=\"Jos\u00e9 Luis Ortega Vidal Claroscuros \/ II Parte (1)El caos pol\u00edtico en el M\u00e9xico actual surge de una contradicci\u00f3n esencial en nuestra historia reciente: sacamos al PRI del poder por su vocaci\u00f3n antidemocr\u00e1tica; el PAN tom\u00f3 la estafeta v\u00eda los comicios democr\u00e1ticos del a\u00f1o 2000, y continu\u00f3 la elecci\u00f3n pol\u00e9mica del 2006. El PRI volvi\u00f3 [&hellip;]\" \/>\n<meta property=\"og:url\" content=\"https:\/\/lospoliticosveracruz.com\/?p=158636\" \/>\n<meta property=\"og:site_name\" content=\"Los pol\u00edticos Veracruz\" \/>\n<meta property=\"article:publisher\" content=\"https:\/\/www.facebook.com\/people\/Notimemes-de-los-Polticos\/61565672886568\/\" \/>\n<meta property=\"article:published_time\" content=\"2025-12-17T04:59:23+00:00\" \/>\n<meta property=\"article:modified_time\" content=\"2025-12-17T05:00:20+00:00\" \/>\n<meta property=\"og:image\" content=\"https:\/\/lospoliticosveracruz.com\/wp-content\/uploads\/2025\/04\/Jose-Luis-Ortega-Vidal.jpg\" \/>\n\t<meta property=\"og:image:width\" content=\"1250\" \/>\n\t<meta property=\"og:image:height\" content=\"667\" \/>\n\t<meta property=\"og:image:type\" content=\"image\/jpeg\" \/>\n<meta name=\"author\" content=\"Lo viste en Los Pol\u00edticos\" \/>\n<meta name=\"twitter:card\" content=\"summary_large_image\" \/>\n<meta name=\"twitter:creator\" content=\"@LosPoliticosVer\" \/>\n<meta name=\"twitter:site\" content=\"@LosPoliticosVer\" \/>\n<meta name=\"twitter:label1\" content=\"Escrito por\" \/>\n\t<meta name=\"twitter:data1\" content=\"Lo viste en Los Pol\u00edticos\" \/>\n\t<meta name=\"twitter:label2\" content=\"Tiempo de lectura\" \/>\n\t<meta name=\"twitter:data2\" content=\"5 minutos\" \/>\n<script type=\"application\/ld+json\" class=\"yoast-schema-graph\">{\"@context\":\"https:\\\/\\\/schema.org\",\"@graph\":[{\"@type\":\"Article\",\"@id\":\"https:\\\/\\\/lospoliticosveracruz.com\\\/?p=158636#article\",\"isPartOf\":{\"@id\":\"https:\\\/\\\/lospoliticosveracruz.com\\\/?p=158636\"},\"author\":{\"name\":\"Lo viste en Los Pol\u00edticos\",\"@id\":\"https:\\\/\\\/lospoliticosveracruz.com\\\/#\\\/schema\\\/person\\\/b8702bb0e538456e6efd07080bf2a4a2\"},\"headline\":\"AUTOCR\u00cdTICA: EL PRECIO POL\u00cdTICO DE SU AUSENCIA\",\"datePublished\":\"2025-12-17T04:59:23+00:00\",\"dateModified\":\"2025-12-17T05:00:20+00:00\",\"mainEntityOfPage\":{\"@id\":\"https:\\\/\\\/lospoliticosveracruz.com\\\/?p=158636\"},\"wordCount\":1092,\"publisher\":{\"@id\":\"https:\\\/\\\/lospoliticosveracruz.com\\\/#organization\"},\"image\":{\"@id\":\"https:\\\/\\\/lospoliticosveracruz.com\\\/?p=158636#primaryimage\"},\"thumbnailUrl\":\"https:\\\/\\\/lospoliticosveracruz.com\\\/wp-content\\\/uploads\\\/2025\\\/04\\\/Jose-Luis-Ortega-Vidal.jpg\",\"keywords\":[\"Jos\u00e9 Luis Ortega Vidal\"],\"articleSection\":[\"De Opini\u00f3n\"],\"inLanguage\":\"es\"},{\"@type\":\"WebPage\",\"@id\":\"https:\\\/\\\/lospoliticosveracruz.com\\\/?p=158636\",\"url\":\"https:\\\/\\\/lospoliticosveracruz.com\\\/?p=158636\",\"name\":\"AUTOCR\u00cdTICA: EL PRECIO POL\u00cdTICO DE SU AUSENCIA - Los pol\u00edticos Veracruz\",\"isPartOf\":{\"@id\":\"https:\\\/\\\/lospoliticosveracruz.com\\\/#website\"},\"primaryImageOfPage\":{\"@id\":\"https:\\\/\\\/lospoliticosveracruz.com\\\/?p=158636#primaryimage\"},\"image\":{\"@id\":\"https:\\\/\\\/lospoliticosveracruz.com\\\/?p=158636#primaryimage\"},\"thumbnailUrl\":\"https:\\\/\\\/lospoliticosveracruz.com\\\/wp-content\\\/uploads\\\/2025\\\/04\\\/Jose-Luis-Ortega-Vidal.jpg\",\"datePublished\":\"2025-12-17T04:59:23+00:00\",\"dateModified\":\"2025-12-17T05:00:20+00:00\",\"breadcrumb\":{\"@id\":\"https:\\\/\\\/lospoliticosveracruz.com\\\/?p=158636#breadcrumb\"},\"inLanguage\":\"es\",\"potentialAction\":[{\"@type\":\"ReadAction\",\"target\":[\"https:\\\/\\\/lospoliticosveracruz.com\\\/?p=158636\"]}]},{\"@type\":\"ImageObject\",\"inLanguage\":\"es\",\"@id\":\"https:\\\/\\\/lospoliticosveracruz.com\\\/?p=158636#primaryimage\",\"url\":\"https:\\\/\\\/lospoliticosveracruz.com\\\/wp-content\\\/uploads\\\/2025\\\/04\\\/Jose-Luis-Ortega-Vidal.jpg\",\"contentUrl\":\"https:\\\/\\\/lospoliticosveracruz.com\\\/wp-content\\\/uploads\\\/2025\\\/04\\\/Jose-Luis-Ortega-Vidal.jpg\",\"width\":1250,\"height\":667},{\"@type\":\"BreadcrumbList\",\"@id\":\"https:\\\/\\\/lospoliticosveracruz.com\\\/?p=158636#breadcrumb\",\"itemListElement\":[{\"@type\":\"ListItem\",\"position\":1,\"name\":\"Portada\",\"item\":\"https:\\\/\\\/lospoliticosveracruz.com\\\/\"},{\"@type\":\"ListItem\",\"position\":2,\"name\":\"AUTOCR\u00cdTICA: EL PRECIO POL\u00cdTICO DE SU AUSENCIA\"}]},{\"@type\":\"WebSite\",\"@id\":\"https:\\\/\\\/lospoliticosveracruz.com\\\/#website\",\"url\":\"https:\\\/\\\/lospoliticosveracruz.com\\\/\",\"name\":\"Los pol\u00edticos Veracruz\",\"description\":\"\",\"publisher\":{\"@id\":\"https:\\\/\\\/lospoliticosveracruz.com\\\/#organization\"},\"potentialAction\":[{\"@type\":\"SearchAction\",\"target\":{\"@type\":\"EntryPoint\",\"urlTemplate\":\"https:\\\/\\\/lospoliticosveracruz.com\\\/?s={search_term_string}\"},\"query-input\":{\"@type\":\"PropertyValueSpecification\",\"valueRequired\":true,\"valueName\":\"search_term_string\"}}],\"inLanguage\":\"es\"},{\"@type\":\"Organization\",\"@id\":\"https:\\\/\\\/lospoliticosveracruz.com\\\/#organization\",\"name\":\"Los pol\u00edticos Veracruz\",\"url\":\"https:\\\/\\\/lospoliticosveracruz.com\\\/\",\"logo\":{\"@type\":\"ImageObject\",\"inLanguage\":\"es\",\"@id\":\"https:\\\/\\\/lospoliticosveracruz.com\\\/#\\\/schema\\\/logo\\\/image\\\/\",\"url\":\"https:\\\/\\\/lospoliticosveracruz.com\\\/wp-content\\\/uploads\\\/2025\\\/12\\\/Logo-Nuevo-LOS-POLITICOS-1.jpg\",\"contentUrl\":\"https:\\\/\\\/lospoliticosveracruz.com\\\/wp-content\\\/uploads\\\/2025\\\/12\\\/Logo-Nuevo-LOS-POLITICOS-1.jpg\",\"width\":260,\"height\":70,\"caption\":\"Los pol\u00edticos Veracruz\"},\"image\":{\"@id\":\"https:\\\/\\\/lospoliticosveracruz.com\\\/#\\\/schema\\\/logo\\\/image\\\/\"},\"sameAs\":[\"https:\\\/\\\/www.facebook.com\\\/people\\\/Notimemes-de-los-Polticos\\\/61565672886568\\\/\",\"https:\\\/\\\/x.com\\\/LosPoliticosVer\"]},{\"@type\":\"Person\",\"@id\":\"https:\\\/\\\/lospoliticosveracruz.com\\\/#\\\/schema\\\/person\\\/b8702bb0e538456e6efd07080bf2a4a2\",\"name\":\"Lo viste en Los Pol\u00edticos\",\"image\":{\"@type\":\"ImageObject\",\"inLanguage\":\"es\",\"@id\":\"https:\\\/\\\/secure.gravatar.com\\\/avatar\\\/3a8de04a2656d44082be478bd6c086daa447c4651605818287b9532d3d0bd435?s=96&d=mm&r=g\",\"url\":\"https:\\\/\\\/secure.gravatar.com\\\/avatar\\\/3a8de04a2656d44082be478bd6c086daa447c4651605818287b9532d3d0bd435?s=96&d=mm&r=g\",\"contentUrl\":\"https:\\\/\\\/secure.gravatar.com\\\/avatar\\\/3a8de04a2656d44082be478bd6c086daa447c4651605818287b9532d3d0bd435?s=96&d=mm&r=g\",\"caption\":\"Lo viste en Los Pol\u00edticos\"},\"url\":\"https:\\\/\\\/lospoliticosveracruz.com\\\/?author=2\"}]}<\/script>\n<!-- \/ Yoast SEO plugin. -->","yoast_head_json":{"title":"AUTOCR\u00cdTICA: EL PRECIO POL\u00cdTICO DE SU AUSENCIA - Los pol\u00edticos Veracruz","robots":{"index":"index","follow":"follow","max-snippet":"max-snippet:-1","max-image-preview":"max-image-preview:large","max-video-preview":"max-video-preview:-1"},"canonical":"https:\/\/lospoliticosveracruz.com\/?p=158636","og_locale":"es_ES","og_type":"article","og_title":"AUTOCR\u00cdTICA: EL PRECIO POL\u00cdTICO DE SU AUSENCIA - Los pol\u00edticos Veracruz","og_description":"Jos\u00e9 Luis Ortega Vidal Claroscuros \/ II Parte (1)El caos pol\u00edtico en el M\u00e9xico actual surge de una contradicci\u00f3n esencial en nuestra historia reciente: sacamos al PRI del poder por su vocaci\u00f3n antidemocr\u00e1tica; el PAN tom\u00f3 la estafeta v\u00eda los comicios democr\u00e1ticos del a\u00f1o 2000, y continu\u00f3 la elecci\u00f3n pol\u00e9mica del 2006. El PRI volvi\u00f3 [&hellip;]","og_url":"https:\/\/lospoliticosveracruz.com\/?p=158636","og_site_name":"Los pol\u00edticos Veracruz","article_publisher":"https:\/\/www.facebook.com\/people\/Notimemes-de-los-Polticos\/61565672886568\/","article_published_time":"2025-12-17T04:59:23+00:00","article_modified_time":"2025-12-17T05:00:20+00:00","og_image":[{"width":1250,"height":667,"url":"https:\/\/lospoliticosveracruz.com\/wp-content\/uploads\/2025\/04\/Jose-Luis-Ortega-Vidal.jpg","type":"image\/jpeg"}],"author":"Lo viste en Los Pol\u00edticos","twitter_card":"summary_large_image","twitter_creator":"@LosPoliticosVer","twitter_site":"@LosPoliticosVer","twitter_misc":{"Escrito por":"Lo viste en Los Pol\u00edticos","Tiempo de lectura":"5 minutos"},"schema":{"@context":"https:\/\/schema.org","@graph":[{"@type":"Article","@id":"https:\/\/lospoliticosveracruz.com\/?p=158636#article","isPartOf":{"@id":"https:\/\/lospoliticosveracruz.com\/?p=158636"},"author":{"name":"Lo viste en Los Pol\u00edticos","@id":"https:\/\/lospoliticosveracruz.com\/#\/schema\/person\/b8702bb0e538456e6efd07080bf2a4a2"},"headline":"AUTOCR\u00cdTICA: EL PRECIO POL\u00cdTICO DE SU AUSENCIA","datePublished":"2025-12-17T04:59:23+00:00","dateModified":"2025-12-17T05:00:20+00:00","mainEntityOfPage":{"@id":"https:\/\/lospoliticosveracruz.com\/?p=158636"},"wordCount":1092,"publisher":{"@id":"https:\/\/lospoliticosveracruz.com\/#organization"},"image":{"@id":"https:\/\/lospoliticosveracruz.com\/?p=158636#primaryimage"},"thumbnailUrl":"https:\/\/lospoliticosveracruz.com\/wp-content\/uploads\/2025\/04\/Jose-Luis-Ortega-Vidal.jpg","keywords":["Jos\u00e9 Luis Ortega Vidal"],"articleSection":["De Opini\u00f3n"],"inLanguage":"es"},{"@type":"WebPage","@id":"https:\/\/lospoliticosveracruz.com\/?p=158636","url":"https:\/\/lospoliticosveracruz.com\/?p=158636","name":"AUTOCR\u00cdTICA: EL PRECIO POL\u00cdTICO DE SU AUSENCIA - Los pol\u00edticos Veracruz","isPartOf":{"@id":"https:\/\/lospoliticosveracruz.com\/#website"},"primaryImageOfPage":{"@id":"https:\/\/lospoliticosveracruz.com\/?p=158636#primaryimage"},"image":{"@id":"https:\/\/lospoliticosveracruz.com\/?p=158636#primaryimage"},"thumbnailUrl":"https:\/\/lospoliticosveracruz.com\/wp-content\/uploads\/2025\/04\/Jose-Luis-Ortega-Vidal.jpg","datePublished":"2025-12-17T04:59:23+00:00","dateModified":"2025-12-17T05:00:20+00:00","breadcrumb":{"@id":"https:\/\/lospoliticosveracruz.com\/?p=158636#breadcrumb"},"inLanguage":"es","potentialAction":[{"@type":"ReadAction","target":["https:\/\/lospoliticosveracruz.com\/?p=158636"]}]},{"@type":"ImageObject","inLanguage":"es","@id":"https:\/\/lospoliticosveracruz.com\/?p=158636#primaryimage","url":"https:\/\/lospoliticosveracruz.com\/wp-content\/uploads\/2025\/04\/Jose-Luis-Ortega-Vidal.jpg","contentUrl":"https:\/\/lospoliticosveracruz.com\/wp-content\/uploads\/2025\/04\/Jose-Luis-Ortega-Vidal.jpg","width":1250,"height":667},{"@type":"BreadcrumbList","@id":"https:\/\/lospoliticosveracruz.com\/?p=158636#breadcrumb","itemListElement":[{"@type":"ListItem","position":1,"name":"Portada","item":"https:\/\/lospoliticosveracruz.com\/"},{"@type":"ListItem","position":2,"name":"AUTOCR\u00cdTICA: EL PRECIO POL\u00cdTICO DE SU AUSENCIA"}]},{"@type":"WebSite","@id":"https:\/\/lospoliticosveracruz.com\/#website","url":"https:\/\/lospoliticosveracruz.com\/","name":"Los pol\u00edticos Veracruz","description":"","publisher":{"@id":"https:\/\/lospoliticosveracruz.com\/#organization"},"potentialAction":[{"@type":"SearchAction","target":{"@type":"EntryPoint","urlTemplate":"https:\/\/lospoliticosveracruz.com\/?s={search_term_string}"},"query-input":{"@type":"PropertyValueSpecification","valueRequired":true,"valueName":"search_term_string"}}],"inLanguage":"es"},{"@type":"Organization","@id":"https:\/\/lospoliticosveracruz.com\/#organization","name":"Los pol\u00edticos Veracruz","url":"https:\/\/lospoliticosveracruz.com\/","logo":{"@type":"ImageObject","inLanguage":"es","@id":"https:\/\/lospoliticosveracruz.com\/#\/schema\/logo\/image\/","url":"https:\/\/lospoliticosveracruz.com\/wp-content\/uploads\/2025\/12\/Logo-Nuevo-LOS-POLITICOS-1.jpg","contentUrl":"https:\/\/lospoliticosveracruz.com\/wp-content\/uploads\/2025\/12\/Logo-Nuevo-LOS-POLITICOS-1.jpg","width":260,"height":70,"caption":"Los pol\u00edticos Veracruz"},"image":{"@id":"https:\/\/lospoliticosveracruz.com\/#\/schema\/logo\/image\/"},"sameAs":["https:\/\/www.facebook.com\/people\/Notimemes-de-los-Polticos\/61565672886568\/","https:\/\/x.com\/LosPoliticosVer"]},{"@type":"Person","@id":"https:\/\/lospoliticosveracruz.com\/#\/schema\/person\/b8702bb0e538456e6efd07080bf2a4a2","name":"Lo viste en Los Pol\u00edticos","image":{"@type":"ImageObject","inLanguage":"es","@id":"https:\/\/secure.gravatar.com\/avatar\/3a8de04a2656d44082be478bd6c086daa447c4651605818287b9532d3d0bd435?s=96&d=mm&r=g","url":"https:\/\/secure.gravatar.com\/avatar\/3a8de04a2656d44082be478bd6c086daa447c4651605818287b9532d3d0bd435?s=96&d=mm&r=g","contentUrl":"https:\/\/secure.gravatar.com\/avatar\/3a8de04a2656d44082be478bd6c086daa447c4651605818287b9532d3d0bd435?s=96&d=mm&r=g","caption":"Lo viste en Los Pol\u00edticos"},"url":"https:\/\/lospoliticosveracruz.com\/?author=2"}]}},"_links":{"self":[{"href":"https:\/\/lospoliticosveracruz.com\/index.php?rest_route=\/wp\/v2\/posts\/158636","targetHints":{"allow":["GET"]}}],"collection":[{"href":"https:\/\/lospoliticosveracruz.com\/index.php?rest_route=\/wp\/v2\/posts"}],"about":[{"href":"https:\/\/lospoliticosveracruz.com\/index.php?rest_route=\/wp\/v2\/types\/post"}],"author":[{"embeddable":true,"href":"https:\/\/lospoliticosveracruz.com\/index.php?rest_route=\/wp\/v2\/users\/2"}],"replies":[{"embeddable":true,"href":"https:\/\/lospoliticosveracruz.com\/index.php?rest_route=%2Fwp%2Fv2%2Fcomments&post=158636"}],"version-history":[{"count":1,"href":"https:\/\/lospoliticosveracruz.com\/index.php?rest_route=\/wp\/v2\/posts\/158636\/revisions"}],"predecessor-version":[{"id":158638,"href":"https:\/\/lospoliticosveracruz.com\/index.php?rest_route=\/wp\/v2\/posts\/158636\/revisions\/158638"}],"wp:featuredmedia":[{"embeddable":true,"href":"https:\/\/lospoliticosveracruz.com\/index.php?rest_route=\/wp\/v2\/media\/141392"}],"wp:attachment":[{"href":"https:\/\/lospoliticosveracruz.com\/index.php?rest_route=%2Fwp%2Fv2%2Fmedia&parent=158636"}],"wp:term":[{"taxonomy":"category","embeddable":true,"href":"https:\/\/lospoliticosveracruz.com\/index.php?rest_route=%2Fwp%2Fv2%2Fcategories&post=158636"},{"taxonomy":"post_tag","embeddable":true,"href":"https:\/\/lospoliticosveracruz.com\/index.php?rest_route=%2Fwp%2Fv2%2Ftags&post=158636"}],"curies":[{"name":"wp","href":"https:\/\/api.w.org\/{rel}","templated":true}]}}