{"id":158653,"date":"2025-12-17T06:48:40","date_gmt":"2025-12-17T12:48:40","guid":{"rendered":"https:\/\/lospoliticosveracruz.com.mx\/?p=158653"},"modified":"2025-12-17T06:49:17","modified_gmt":"2025-12-17T12:49:17","slug":"triste-navidad","status":"publish","type":"post","link":"https:\/\/lospoliticosveracruz.com\/?p=158653","title":{"rendered":"TRISTE NAVIDAD"},"content":{"rendered":"\n<p><strong>Fanny Y\u00e9pez<\/strong><br><em>La Columna<\/em><\/p>\n\n\n\n<p>El costo de la cena de Navidad en M\u00e9xico para 2025 ha experimentado un incremento promedio del 17% en comparaci\u00f3n con el a\u00f1o anterior, debido al alza en los precios de los alimentos como pavo, bacalao, pierna de cerdo y romeritos ente otros alimentos.<\/p>\n\n\n\n\n\n<p><br>Sin embargo, sin estar resignados a la situaci\u00f3n econ\u00f3mica actual, si debemos tener presente que lo importante es la reuni\u00f3n familiar y la convivencia, con un rico pollo bien guisado y agua de frutas de la temporada o un ponche bien caliente, eso y m\u00e1s podr\u00e1 sustituir muy bien esos costosos platillos tradicionales.<br>Nada nos debe detener para ser felices, una botella de sidra la vamos a incluir para el brindis de la Noche Buena y la m\u00fasica, las risas y los chistes del t\u00edo los tenemos que disfrutar para esperar mejores tiempos.<br>De acuerdo a la investigaci\u00f3n que llev\u00e9 a cabo con negocios y la Profeco, queda claro que los costos de los platillos tradicionales estar\u00e1n por las nubes.<br>Costos Promedio Estimados (diciembre 2025)<br>El precio total de la cena var\u00eda significativamente dependiendo del men\u00fa, la cantidad de personas y el lugar de compra (supermercado, mercado local, o restaurante).<br>Cena Casera (Men\u00fa tradicional para una familia): Se estima un costo promedio que puede oscilar entre $2,500 y $6,000 pesos mexicanos. El costo por persona en casa podr\u00eda rondar los $973 pesos.<br>Cena Casera (General): Una estimaci\u00f3n reportada por la Alianza Nacional de Peque\u00f1os Comerciantes (ANPEC) para una cena de 15 personas es de aproximadamente $17,100 pesos.<br>Cena en Restaurante: Celebrar fuera de casa es considerablemente m\u00e1s costoso, pudiendo ser entre dos y cinco veces m\u00e1s caro que prepararla en casa, con un gasto que puede superar f\u00e1cilmente los $1,500 pesos por persona.<br>Factores Clave del Incremento<br>El encarecimiento se atribuye a varios factores, entre ellos:<br>Inflaci\u00f3n en alimentos: Aunque la mayor\u00eda de las familias mexicanas planea mantener el men\u00fa tradicional, han tenido que enfrentar alzas de precios de hasta el 50% en algunos ingredientes espec\u00edficos.<br>Productos espec\u00edficos: Art\u00edculos como el jitomate y el chile serrano han mostrado variaciones mensuales significativas en sus precios.<br>Para obtener los precios m\u00e1s precisos y actualizados de ingredientes espec\u00edficos, se recomienda consultar el portal de la Procuradur\u00eda Federal del Consumidor (Profeco), para comparar precios en diferentes establecimientos.<br>Pobreza Laboral: A nivel nacional, se estima que alrededor de 43 millones de personas trabajan, pero sufren de pobreza laboral, lo que significa que su salario no es suficiente, ni siquiera para adquirir la canasta alimentaria b\u00e1sica para su familia. Veracruz experiment\u00f3 un repunte en la pobreza laboral en el tercer trimestre de 2025.<br>Porcentaje sin cena navide\u00f1a (estimaci\u00f3n nacional): Una nota period\u00edstica de finales de 2025 estima que m\u00e1s del 48% de la poblaci\u00f3n rural y el 30% de la urbana en M\u00e9xico no podr\u00e1 costear la cena del 24 por falta de ingresos. Estas cifras sugieren una situaci\u00f3n precaria para muchas familias, incluyendo las de Veracruz.<br>Altos Costos: Las familias veracruzanas se han enfrentado a precios elevados para los productos de la cena navide\u00f1a, lo que impacta directamente en sus presupuestos y ha llevado a muchos a optar por cenas m\u00e1s austeras o a no poder costearla en absoluto.<br>En resumen, aunque no hay un n\u00famero preciso, los datos socioecon\u00f3micos y los reportes de campo sugieren que miles de familias veracruzanas se encuentran en una situaci\u00f3n de vulnerabilidad econ\u00f3mica que les impide afrontar los gastos de una cena navide\u00f1a tradicional.<br>Y saben porque millones de familias no tendr\u00e1n cena de navidad, porque se estima que alrededor de 13.6 millones de trabajadores en M\u00e9xico no recibir\u00e1n aguinaldo para 2025. Esta cifra se debe principalmente a la alta tasa de informalidad laboral que prevalece en el pa\u00eds, la cual limita el acceso a esta prestaci\u00f3n obligatoria por ley.<br>Motivos por los que no recibir\u00e1n aguinaldo<br>Informalidad laboral: La Ley Federal del Trabajo (LFT) establece el aguinaldo como un derecho para todos los trabajadores con una relaci\u00f3n de subordinaci\u00f3n con un patr\u00f3n. Sin embargo, quienes trabajan en la econom\u00eda informal no est\u00e1n cubiertos por esta ley y, por ende, no tienen garantizada esta prestaci\u00f3n.<br>Al tercer trimestre de 2025, la tasa de informalidad laboral en M\u00e9xico alcanz\u00f3 aproximadamente el 54.8% de la poblaci\u00f3n ocupada.<br>Trabajadores independientes o freelancers: Las personas que trabajan por honorarios o de manera independiente, solo tienen derecho a aguinaldo si pueden demostrar una relaci\u00f3n laboral de subordinaci\u00f3n comprobable con su empleador.<br>Beneficiarios de programas sociales: Ciertos beneficiarios de programas sociales espec\u00edficos pueden no recibir un pago similar al aguinaldo, dependiendo de las reglas de cada programa.<br>Millones de ni\u00f1as y ni\u00f1os no tendr\u00e1n regalos en esta navidad<br>Otro caso que es sumamente triste es que miles de ni\u00f1as y ni\u00f1os se quedaran sin regalos en esta navidad.<br>El n\u00famero de ni\u00f1os sin juguetes est\u00e1 directamente relacionado con los niveles de pobreza infantil en el pa\u00eds.<br>En el a\u00f1o 2025, se estima que en M\u00e9xico residen m\u00e1s de 36 millones de personas menores de 18 a\u00f1os.<br>Aproximadamente 1 de cada 2 ni\u00f1os vive en situaci\u00f3n de pobreza por ingresos. Informes de 2024 y 2025 mencionan que la pobreza infantil afecta a cerca del 49% de los menores de 5 a\u00f1os, aunque ha habido una ligera reducci\u00f3n en la pobreza general en los \u00faltimos a\u00f1os.<br>Estos datos sugieren que millones de ni\u00f1os y ni\u00f1as en M\u00e9xico viven en condiciones de vulnerabilidad econ\u00f3mica que dificultan o impiden que sus familias puedan comprarles juguetes en Navidad.<\/p>\n","protected":false},"excerpt":{"rendered":"<p>Fanny Y\u00e9pezLa Columna El costo de la cena de Navidad en M\u00e9xico para 2025 ha experimentado un incremento promedio del 17% en comparaci\u00f3n con el a\u00f1o anterior, debido al alza en los precios de los alimentos como pavo, bacalao, pierna de cerdo y romeritos ente otros alimentos. Sin embargo, sin estar resignados a la situaci\u00f3n [&hellip;]<\/p>\n","protected":false},"author":2,"featured_media":141383,"comment_status":"closed","ping_status":"closed","sticky":false,"template":"","format":"standard","meta":{"tdm_status":"","tdm_grid_status":"","footnotes":""},"categories":[70],"tags":[],"class_list":{"0":"post-158653","1":"post","2":"type-post","3":"status-publish","4":"format-standard","5":"has-post-thumbnail","7":"category-de-opinion"},"yoast_head":"<!-- This site is optimized with the Yoast SEO plugin v27.4 - https:\/\/yoast.com\/product\/yoast-seo-wordpress\/ -->\n<title>TRISTE NAVIDAD - Los pol\u00edticos Veracruz<\/title>\n<meta name=\"robots\" content=\"index, follow, max-snippet:-1, max-image-preview:large, max-video-preview:-1\" \/>\n<link rel=\"canonical\" href=\"https:\/\/lospoliticosveracruz.com\/?p=158653\" \/>\n<meta property=\"og:locale\" content=\"es_ES\" \/>\n<meta property=\"og:type\" content=\"article\" \/>\n<meta property=\"og:title\" content=\"TRISTE NAVIDAD - Los pol\u00edticos Veracruz\" \/>\n<meta property=\"og:description\" content=\"Fanny Y\u00e9pezLa Columna El costo de la cena de Navidad en M\u00e9xico para 2025 ha experimentado un incremento promedio del 17% en comparaci\u00f3n con el a\u00f1o anterior, debido al alza en los precios de los alimentos como pavo, bacalao, pierna de cerdo y romeritos ente otros alimentos. Sin embargo, sin estar resignados a la situaci\u00f3n [&hellip;]\" \/>\n<meta property=\"og:url\" content=\"https:\/\/lospoliticosveracruz.com\/?p=158653\" \/>\n<meta property=\"og:site_name\" content=\"Los pol\u00edticos Veracruz\" \/>\n<meta property=\"article:publisher\" content=\"https:\/\/www.facebook.com\/people\/Notimemes-de-los-Polticos\/61565672886568\/\" \/>\n<meta property=\"article:published_time\" content=\"2025-12-17T12:48:40+00:00\" \/>\n<meta property=\"article:modified_time\" content=\"2025-12-17T12:49:17+00:00\" \/>\n<meta property=\"og:image\" content=\"https:\/\/lospoliticosveracruz.com\/wp-content\/uploads\/2025\/04\/Fanny-Yepez-Luna.jpg\" \/>\n\t<meta property=\"og:image:width\" content=\"1250\" \/>\n\t<meta property=\"og:image:height\" content=\"667\" \/>\n\t<meta property=\"og:image:type\" content=\"image\/jpeg\" \/>\n<meta name=\"author\" content=\"Lo viste en Los Pol\u00edticos\" \/>\n<meta name=\"twitter:card\" content=\"summary_large_image\" \/>\n<meta name=\"twitter:creator\" content=\"@LosPoliticosVer\" \/>\n<meta name=\"twitter:site\" content=\"@LosPoliticosVer\" \/>\n<meta name=\"twitter:label1\" content=\"Escrito por\" \/>\n\t<meta name=\"twitter:data1\" content=\"Lo viste en Los Pol\u00edticos\" \/>\n\t<meta name=\"twitter:label2\" content=\"Tiempo de lectura\" \/>\n\t<meta name=\"twitter:data2\" content=\"5 minutos\" \/>\n<script type=\"application\/ld+json\" class=\"yoast-schema-graph\">{\"@context\":\"https:\\\/\\\/schema.org\",\"@graph\":[{\"@type\":\"Article\",\"@id\":\"https:\\\/\\\/lospoliticosveracruz.com\\\/?p=158653#article\",\"isPartOf\":{\"@id\":\"https:\\\/\\\/lospoliticosveracruz.com\\\/?p=158653\"},\"author\":{\"name\":\"Lo viste en Los Pol\u00edticos\",\"@id\":\"https:\\\/\\\/lospoliticosveracruz.com\\\/#\\\/schema\\\/person\\\/b8702bb0e538456e6efd07080bf2a4a2\"},\"headline\":\"TRISTE NAVIDAD\",\"datePublished\":\"2025-12-17T12:48:40+00:00\",\"dateModified\":\"2025-12-17T12:49:17+00:00\",\"mainEntityOfPage\":{\"@id\":\"https:\\\/\\\/lospoliticosveracruz.com\\\/?p=158653\"},\"wordCount\":956,\"publisher\":{\"@id\":\"https:\\\/\\\/lospoliticosveracruz.com\\\/#organization\"},\"image\":{\"@id\":\"https:\\\/\\\/lospoliticosveracruz.com\\\/?p=158653#primaryimage\"},\"thumbnailUrl\":\"https:\\\/\\\/lospoliticosveracruz.com\\\/wp-content\\\/uploads\\\/2025\\\/04\\\/Fanny-Yepez-Luna-e1768657334923.jpg\",\"articleSection\":[\"De Opini\u00f3n\"],\"inLanguage\":\"es\"},{\"@type\":\"WebPage\",\"@id\":\"https:\\\/\\\/lospoliticosveracruz.com\\\/?p=158653\",\"url\":\"https:\\\/\\\/lospoliticosveracruz.com\\\/?p=158653\",\"name\":\"TRISTE NAVIDAD - Los pol\u00edticos Veracruz\",\"isPartOf\":{\"@id\":\"https:\\\/\\\/lospoliticosveracruz.com\\\/#website\"},\"primaryImageOfPage\":{\"@id\":\"https:\\\/\\\/lospoliticosveracruz.com\\\/?p=158653#primaryimage\"},\"image\":{\"@id\":\"https:\\\/\\\/lospoliticosveracruz.com\\\/?p=158653#primaryimage\"},\"thumbnailUrl\":\"https:\\\/\\\/lospoliticosveracruz.com\\\/wp-content\\\/uploads\\\/2025\\\/04\\\/Fanny-Yepez-Luna-e1768657334923.jpg\",\"datePublished\":\"2025-12-17T12:48:40+00:00\",\"dateModified\":\"2025-12-17T12:49:17+00:00\",\"breadcrumb\":{\"@id\":\"https:\\\/\\\/lospoliticosveracruz.com\\\/?p=158653#breadcrumb\"},\"inLanguage\":\"es\",\"potentialAction\":[{\"@type\":\"ReadAction\",\"target\":[\"https:\\\/\\\/lospoliticosveracruz.com\\\/?p=158653\"]}]},{\"@type\":\"ImageObject\",\"inLanguage\":\"es\",\"@id\":\"https:\\\/\\\/lospoliticosveracruz.com\\\/?p=158653#primaryimage\",\"url\":\"https:\\\/\\\/lospoliticosveracruz.com\\\/wp-content\\\/uploads\\\/2025\\\/04\\\/Fanny-Yepez-Luna-e1768657334923.jpg\",\"contentUrl\":\"https:\\\/\\\/lospoliticosveracruz.com\\\/wp-content\\\/uploads\\\/2025\\\/04\\\/Fanny-Yepez-Luna-e1768657334923.jpg\",\"width\":600,\"height\":320},{\"@type\":\"BreadcrumbList\",\"@id\":\"https:\\\/\\\/lospoliticosveracruz.com\\\/?p=158653#breadcrumb\",\"itemListElement\":[{\"@type\":\"ListItem\",\"position\":1,\"name\":\"Portada\",\"item\":\"https:\\\/\\\/lospoliticosveracruz.com\\\/\"},{\"@type\":\"ListItem\",\"position\":2,\"name\":\"TRISTE NAVIDAD\"}]},{\"@type\":\"WebSite\",\"@id\":\"https:\\\/\\\/lospoliticosveracruz.com\\\/#website\",\"url\":\"https:\\\/\\\/lospoliticosveracruz.com\\\/\",\"name\":\"Los pol\u00edticos Veracruz\",\"description\":\"\",\"publisher\":{\"@id\":\"https:\\\/\\\/lospoliticosveracruz.com\\\/#organization\"},\"potentialAction\":[{\"@type\":\"SearchAction\",\"target\":{\"@type\":\"EntryPoint\",\"urlTemplate\":\"https:\\\/\\\/lospoliticosveracruz.com\\\/?s={search_term_string}\"},\"query-input\":{\"@type\":\"PropertyValueSpecification\",\"valueRequired\":true,\"valueName\":\"search_term_string\"}}],\"inLanguage\":\"es\"},{\"@type\":\"Organization\",\"@id\":\"https:\\\/\\\/lospoliticosveracruz.com\\\/#organization\",\"name\":\"Los pol\u00edticos Veracruz\",\"url\":\"https:\\\/\\\/lospoliticosveracruz.com\\\/\",\"logo\":{\"@type\":\"ImageObject\",\"inLanguage\":\"es\",\"@id\":\"https:\\\/\\\/lospoliticosveracruz.com\\\/#\\\/schema\\\/logo\\\/image\\\/\",\"url\":\"https:\\\/\\\/lospoliticosveracruz.com\\\/wp-content\\\/uploads\\\/2025\\\/12\\\/Logo-Nuevo-LOS-POLITICOS-1.jpg\",\"contentUrl\":\"https:\\\/\\\/lospoliticosveracruz.com\\\/wp-content\\\/uploads\\\/2025\\\/12\\\/Logo-Nuevo-LOS-POLITICOS-1.jpg\",\"width\":260,\"height\":70,\"caption\":\"Los pol\u00edticos Veracruz\"},\"image\":{\"@id\":\"https:\\\/\\\/lospoliticosveracruz.com\\\/#\\\/schema\\\/logo\\\/image\\\/\"},\"sameAs\":[\"https:\\\/\\\/www.facebook.com\\\/people\\\/Notimemes-de-los-Polticos\\\/61565672886568\\\/\",\"https:\\\/\\\/x.com\\\/LosPoliticosVer\"]},{\"@type\":\"Person\",\"@id\":\"https:\\\/\\\/lospoliticosveracruz.com\\\/#\\\/schema\\\/person\\\/b8702bb0e538456e6efd07080bf2a4a2\",\"name\":\"Lo viste en Los Pol\u00edticos\",\"image\":{\"@type\":\"ImageObject\",\"inLanguage\":\"es\",\"@id\":\"https:\\\/\\\/secure.gravatar.com\\\/avatar\\\/3a8de04a2656d44082be478bd6c086daa447c4651605818287b9532d3d0bd435?s=96&d=mm&r=g\",\"url\":\"https:\\\/\\\/secure.gravatar.com\\\/avatar\\\/3a8de04a2656d44082be478bd6c086daa447c4651605818287b9532d3d0bd435?s=96&d=mm&r=g\",\"contentUrl\":\"https:\\\/\\\/secure.gravatar.com\\\/avatar\\\/3a8de04a2656d44082be478bd6c086daa447c4651605818287b9532d3d0bd435?s=96&d=mm&r=g\",\"caption\":\"Lo viste en Los Pol\u00edticos\"},\"url\":\"https:\\\/\\\/lospoliticosveracruz.com\\\/?author=2\"}]}<\/script>\n<!-- \/ Yoast SEO plugin. -->","yoast_head_json":{"title":"TRISTE NAVIDAD - Los pol\u00edticos Veracruz","robots":{"index":"index","follow":"follow","max-snippet":"max-snippet:-1","max-image-preview":"max-image-preview:large","max-video-preview":"max-video-preview:-1"},"canonical":"https:\/\/lospoliticosveracruz.com\/?p=158653","og_locale":"es_ES","og_type":"article","og_title":"TRISTE NAVIDAD - Los pol\u00edticos Veracruz","og_description":"Fanny Y\u00e9pezLa Columna El costo de la cena de Navidad en M\u00e9xico para 2025 ha experimentado un incremento promedio del 17% en comparaci\u00f3n con el a\u00f1o anterior, debido al alza en los precios de los alimentos como pavo, bacalao, pierna de cerdo y romeritos ente otros alimentos. Sin embargo, sin estar resignados a la situaci\u00f3n [&hellip;]","og_url":"https:\/\/lospoliticosveracruz.com\/?p=158653","og_site_name":"Los pol\u00edticos Veracruz","article_publisher":"https:\/\/www.facebook.com\/people\/Notimemes-de-los-Polticos\/61565672886568\/","article_published_time":"2025-12-17T12:48:40+00:00","article_modified_time":"2025-12-17T12:49:17+00:00","og_image":[{"width":1250,"height":667,"url":"https:\/\/lospoliticosveracruz.com\/wp-content\/uploads\/2025\/04\/Fanny-Yepez-Luna.jpg","type":"image\/jpeg"}],"author":"Lo viste en Los Pol\u00edticos","twitter_card":"summary_large_image","twitter_creator":"@LosPoliticosVer","twitter_site":"@LosPoliticosVer","twitter_misc":{"Escrito por":"Lo viste en Los Pol\u00edticos","Tiempo de lectura":"5 minutos"},"schema":{"@context":"https:\/\/schema.org","@graph":[{"@type":"Article","@id":"https:\/\/lospoliticosveracruz.com\/?p=158653#article","isPartOf":{"@id":"https:\/\/lospoliticosveracruz.com\/?p=158653"},"author":{"name":"Lo viste en Los Pol\u00edticos","@id":"https:\/\/lospoliticosveracruz.com\/#\/schema\/person\/b8702bb0e538456e6efd07080bf2a4a2"},"headline":"TRISTE NAVIDAD","datePublished":"2025-12-17T12:48:40+00:00","dateModified":"2025-12-17T12:49:17+00:00","mainEntityOfPage":{"@id":"https:\/\/lospoliticosveracruz.com\/?p=158653"},"wordCount":956,"publisher":{"@id":"https:\/\/lospoliticosveracruz.com\/#organization"},"image":{"@id":"https:\/\/lospoliticosveracruz.com\/?p=158653#primaryimage"},"thumbnailUrl":"https:\/\/lospoliticosveracruz.com\/wp-content\/uploads\/2025\/04\/Fanny-Yepez-Luna-e1768657334923.jpg","articleSection":["De Opini\u00f3n"],"inLanguage":"es"},{"@type":"WebPage","@id":"https:\/\/lospoliticosveracruz.com\/?p=158653","url":"https:\/\/lospoliticosveracruz.com\/?p=158653","name":"TRISTE NAVIDAD - Los pol\u00edticos Veracruz","isPartOf":{"@id":"https:\/\/lospoliticosveracruz.com\/#website"},"primaryImageOfPage":{"@id":"https:\/\/lospoliticosveracruz.com\/?p=158653#primaryimage"},"image":{"@id":"https:\/\/lospoliticosveracruz.com\/?p=158653#primaryimage"},"thumbnailUrl":"https:\/\/lospoliticosveracruz.com\/wp-content\/uploads\/2025\/04\/Fanny-Yepez-Luna-e1768657334923.jpg","datePublished":"2025-12-17T12:48:40+00:00","dateModified":"2025-12-17T12:49:17+00:00","breadcrumb":{"@id":"https:\/\/lospoliticosveracruz.com\/?p=158653#breadcrumb"},"inLanguage":"es","potentialAction":[{"@type":"ReadAction","target":["https:\/\/lospoliticosveracruz.com\/?p=158653"]}]},{"@type":"ImageObject","inLanguage":"es","@id":"https:\/\/lospoliticosveracruz.com\/?p=158653#primaryimage","url":"https:\/\/lospoliticosveracruz.com\/wp-content\/uploads\/2025\/04\/Fanny-Yepez-Luna-e1768657334923.jpg","contentUrl":"https:\/\/lospoliticosveracruz.com\/wp-content\/uploads\/2025\/04\/Fanny-Yepez-Luna-e1768657334923.jpg","width":600,"height":320},{"@type":"BreadcrumbList","@id":"https:\/\/lospoliticosveracruz.com\/?p=158653#breadcrumb","itemListElement":[{"@type":"ListItem","position":1,"name":"Portada","item":"https:\/\/lospoliticosveracruz.com\/"},{"@type":"ListItem","position":2,"name":"TRISTE NAVIDAD"}]},{"@type":"WebSite","@id":"https:\/\/lospoliticosveracruz.com\/#website","url":"https:\/\/lospoliticosveracruz.com\/","name":"Los pol\u00edticos Veracruz","description":"","publisher":{"@id":"https:\/\/lospoliticosveracruz.com\/#organization"},"potentialAction":[{"@type":"SearchAction","target":{"@type":"EntryPoint","urlTemplate":"https:\/\/lospoliticosveracruz.com\/?s={search_term_string}"},"query-input":{"@type":"PropertyValueSpecification","valueRequired":true,"valueName":"search_term_string"}}],"inLanguage":"es"},{"@type":"Organization","@id":"https:\/\/lospoliticosveracruz.com\/#organization","name":"Los pol\u00edticos Veracruz","url":"https:\/\/lospoliticosveracruz.com\/","logo":{"@type":"ImageObject","inLanguage":"es","@id":"https:\/\/lospoliticosveracruz.com\/#\/schema\/logo\/image\/","url":"https:\/\/lospoliticosveracruz.com\/wp-content\/uploads\/2025\/12\/Logo-Nuevo-LOS-POLITICOS-1.jpg","contentUrl":"https:\/\/lospoliticosveracruz.com\/wp-content\/uploads\/2025\/12\/Logo-Nuevo-LOS-POLITICOS-1.jpg","width":260,"height":70,"caption":"Los pol\u00edticos Veracruz"},"image":{"@id":"https:\/\/lospoliticosveracruz.com\/#\/schema\/logo\/image\/"},"sameAs":["https:\/\/www.facebook.com\/people\/Notimemes-de-los-Polticos\/61565672886568\/","https:\/\/x.com\/LosPoliticosVer"]},{"@type":"Person","@id":"https:\/\/lospoliticosveracruz.com\/#\/schema\/person\/b8702bb0e538456e6efd07080bf2a4a2","name":"Lo viste en Los Pol\u00edticos","image":{"@type":"ImageObject","inLanguage":"es","@id":"https:\/\/secure.gravatar.com\/avatar\/3a8de04a2656d44082be478bd6c086daa447c4651605818287b9532d3d0bd435?s=96&d=mm&r=g","url":"https:\/\/secure.gravatar.com\/avatar\/3a8de04a2656d44082be478bd6c086daa447c4651605818287b9532d3d0bd435?s=96&d=mm&r=g","contentUrl":"https:\/\/secure.gravatar.com\/avatar\/3a8de04a2656d44082be478bd6c086daa447c4651605818287b9532d3d0bd435?s=96&d=mm&r=g","caption":"Lo viste en Los Pol\u00edticos"},"url":"https:\/\/lospoliticosveracruz.com\/?author=2"}]}},"_links":{"self":[{"href":"https:\/\/lospoliticosveracruz.com\/index.php?rest_route=\/wp\/v2\/posts\/158653","targetHints":{"allow":["GET"]}}],"collection":[{"href":"https:\/\/lospoliticosveracruz.com\/index.php?rest_route=\/wp\/v2\/posts"}],"about":[{"href":"https:\/\/lospoliticosveracruz.com\/index.php?rest_route=\/wp\/v2\/types\/post"}],"author":[{"embeddable":true,"href":"https:\/\/lospoliticosveracruz.com\/index.php?rest_route=\/wp\/v2\/users\/2"}],"replies":[{"embeddable":true,"href":"https:\/\/lospoliticosveracruz.com\/index.php?rest_route=%2Fwp%2Fv2%2Fcomments&post=158653"}],"version-history":[{"count":2,"href":"https:\/\/lospoliticosveracruz.com\/index.php?rest_route=\/wp\/v2\/posts\/158653\/revisions"}],"predecessor-version":[{"id":158655,"href":"https:\/\/lospoliticosveracruz.com\/index.php?rest_route=\/wp\/v2\/posts\/158653\/revisions\/158655"}],"wp:featuredmedia":[{"embeddable":true,"href":"https:\/\/lospoliticosveracruz.com\/index.php?rest_route=\/wp\/v2\/media\/141383"}],"wp:attachment":[{"href":"https:\/\/lospoliticosveracruz.com\/index.php?rest_route=%2Fwp%2Fv2%2Fmedia&parent=158653"}],"wp:term":[{"taxonomy":"category","embeddable":true,"href":"https:\/\/lospoliticosveracruz.com\/index.php?rest_route=%2Fwp%2Fv2%2Fcategories&post=158653"},{"taxonomy":"post_tag","embeddable":true,"href":"https:\/\/lospoliticosveracruz.com\/index.php?rest_route=%2Fwp%2Fv2%2Ftags&post=158653"}],"curies":[{"name":"wp","href":"https:\/\/api.w.org\/{rel}","templated":true}]}}