{"id":158834,"date":"2025-12-19T13:00:36","date_gmt":"2025-12-19T19:00:36","guid":{"rendered":"https:\/\/lospoliticosveracruz.com.mx\/?p=158834"},"modified":"2025-12-19T13:01:04","modified_gmt":"2025-12-19T19:01:04","slug":"el-ultimo-o-penultimo-timo-de-este-ano","status":"publish","type":"post","link":"https:\/\/lospoliticosveracruz.com\/?p=158834","title":{"rendered":"EL \u00daLTIMO (\u00bfo pen\u00faltimo?) TIMO DE ESTE A\u00d1O"},"content":{"rendered":"\n<p><strong>Bernardo Guti\u00e9rrez Parra&nbsp;<\/strong><\/p>\n\n\n\n<p><em>Desde el Caf\u00e9&nbsp;<\/em><\/p>\n\n\n\n<p>Lo que sea de cada qui\u00e9n, la 4T s\u00ed lleg\u00f3 para transformar. Transform\u00f3 las instituciones hasta convertirlas en d\u00f3ciles al Poder Ejecutivo; transform\u00f3 los contrapesos hasta hacerlos polvo; transform\u00f3 al SAT en un verdugo; transform\u00f3 los libros de texto en libros de adoctrinamiento y sigue transformando. Ahora quiere transformar el modo de pagar el bono de fin de a\u00f1o a los bur\u00f3cratas veracruzanos.&nbsp;<\/p>\n\n\n\n<p>Resulta que este jueves los trabajadores del Sector Salud, se desayunaron con la noticia de que su bono por 14 mil 900 pesos que deber\u00edan recibir en estos d\u00edas ya se los est\u00e1n entregando, pero no en efectivo, sino en vales de despensa de las tiendas Chedraui que tienen una efectividad de diez d\u00edas y caducan al onceavo.&nbsp;&nbsp;<\/p>\n\n\n\n<p>Desde que se instituyeron, los bonos se han convertido en un aliviane m\u00e1s efectivo que el propio aguinaldo. Si con el aguinaldo se pagan las deudas, con el bono tambi\u00e9n, pero alcanza para la cena de Navidad, A\u00f1o Nuevo y para comprarle zapatos a los ni\u00f1os.&nbsp;<\/p>\n\n\n\n<p>Otra cosa, el bono serv\u00eda para que el gobierno en turno se llevara el aplauso generoso de la burocracia y cerrara el a\u00f1o con un buen promedio de aceptaci\u00f3n ciudadana, por p\u00e9simo que hubiera sido su desempe\u00f1o el resto del a\u00f1o.&nbsp;&nbsp;<\/p>\n\n\n\n<p>Pero por lo que se ve, a partir de ahora habr\u00e1 que hacer cola para recibir el bono convertido en vales, modalidad que no gust\u00f3 a los trabajadores. Algunos dijeron que esto les recuerda a las \u201ctiendas de raya\u201d de antes de la revoluci\u00f3n. Aunque no es para tanto; las tiendas de raya no ten\u00edan ni con mucho el surtido que tienen los comercios de la familia Chedraui.<\/p>\n\n\n\n<p>Lo que s\u00ed est\u00e1 del nabo es que los induzcan (u obliguen, para decirlo con m\u00e1s propiedad) a comprar en un solo establecimiento con un \u201cdinero\u201d (los vales) que tienen fecha de caducidad.<\/p>\n\n\n\n<p>Una cosa es que una vez al mes reciban sus vales de despensa para comprar en esas tiendas. Y otra bien diferente que en lugar de dinero en efectivo para comprar donde quieran, los obliguen a comprar en un solo lugar lo que aparte de gandalla es anticonstitucional.&nbsp;<\/p>\n\n\n\n<p>Son aproximadamente 25 mil los trabajadores del sector Salud que esperan sus 14 mil 900 pesos en efectivo, lo que significa una erogaci\u00f3n de 372 millones 500 mil pesos de un dinero que se supone, debe estar etiquetado en la Secretar\u00eda de Finanzas. Pero si ya no est\u00e1 ah\u00ed \u00bfa d\u00f3nde fue a parar?&nbsp;<\/p>\n\n\n\n<p>Molestos, los trabajadores interceptaron al titular de la Secretar\u00eda, Valent\u00edn Herrera Alarc\u00f3n, pero ese pobre hombre y un cero a la izquierda son la misma fregadera. Rodeado de inconformes, dijo que se hab\u00eda enterado de la medida apenas un d\u00eda antes, lo que confirma que nom\u00e1s est\u00e1 de florero y nadie lo toma en cuenta. Pero se comprometi\u00f3 a dar seguimiento al problema cuando sabe que no lo har\u00e1.&nbsp;<\/p>\n\n\n\n<p>Los trabajadores por su parte, dijeron que promover\u00e1n amparos para que esos vales (que en realidad son tarjetas de despensa) les permitan hacer retiros en los cajeros autom\u00e1ticos y puedan obtener dinero en efectivo. Pero esto es punto menos que imposible.&nbsp;<\/p>\n\n\n\n<p>Las tarjetas de Chedraui \u00fanicamente sirven para hacer compras en sus establecimientos y no para retiro de efectivo.&nbsp;<\/p>\n\n\n\n<p>\u00bfQu\u00e9 sigue?<\/p>\n\n\n\n<p>Hablar con los trabajadores de lo patriota y cuatrotero que ser\u00e1 gastar sus 14 mil 900 pesos en las tiendas Chedraui (que por otra parte, no tienen ninguna culpa de la bronca), en lugar de usar dinero el efectivo porque eso no va con la transformaci\u00f3n. O aguantar las ruidosas protestas de los afectados que son de los m\u00e1s broncos en la comarca. Y si llegan a parar el Sector Salud, aguas.&nbsp;<\/p>\n\n\n\n<p>Y es que a menos que suceda un milagro de \u00faltimo minuto, lo cierto es que en SEFIPLAN no hay dinero para pagar ese bono.&nbsp;<\/p>\n\n\n\n<p>bernagup28@gmail.com<\/p>\n","protected":false},"excerpt":{"rendered":"<p>Bernardo Guti\u00e9rrez Parra&nbsp; Desde el Caf\u00e9&nbsp; Lo que sea de cada qui\u00e9n, la 4T s\u00ed lleg\u00f3 para transformar. Transform\u00f3 las instituciones hasta convertirlas en d\u00f3ciles al Poder Ejecutivo; transform\u00f3 los contrapesos hasta hacerlos polvo; transform\u00f3 al SAT en un verdugo; transform\u00f3 los libros de texto en libros de adoctrinamiento y sigue transformando. Ahora quiere transformar [&hellip;]<\/p>\n","protected":false},"author":2,"featured_media":141479,"comment_status":"closed","ping_status":"closed","sticky":false,"template":"","format":"standard","meta":{"tdm_status":"","tdm_grid_status":"","footnotes":""},"categories":[70],"tags":[34206],"class_list":{"0":"post-158834","1":"post","2":"type-post","3":"status-publish","4":"format-standard","5":"has-post-thumbnail","7":"category-de-opinion","8":"tag-bernardo-gutierrez-parra"},"yoast_head":"<!-- This site is optimized with the Yoast SEO plugin v27.4 - https:\/\/yoast.com\/product\/yoast-seo-wordpress\/ -->\n<title>EL \u00daLTIMO (\u00bfo pen\u00faltimo?) TIMO DE ESTE A\u00d1O - Los pol\u00edticos Veracruz<\/title>\n<meta name=\"robots\" content=\"index, follow, max-snippet:-1, max-image-preview:large, max-video-preview:-1\" \/>\n<link rel=\"canonical\" href=\"https:\/\/lospoliticosveracruz.com\/?p=158834\" \/>\n<meta property=\"og:locale\" content=\"es_ES\" \/>\n<meta property=\"og:type\" content=\"article\" \/>\n<meta property=\"og:title\" content=\"EL \u00daLTIMO (\u00bfo pen\u00faltimo?) TIMO DE ESTE A\u00d1O - Los pol\u00edticos Veracruz\" \/>\n<meta property=\"og:description\" content=\"Bernardo Guti\u00e9rrez Parra&nbsp; Desde el Caf\u00e9&nbsp; Lo que sea de cada qui\u00e9n, la 4T s\u00ed lleg\u00f3 para transformar. Transform\u00f3 las instituciones hasta convertirlas en d\u00f3ciles al Poder Ejecutivo; transform\u00f3 los contrapesos hasta hacerlos polvo; transform\u00f3 al SAT en un verdugo; transform\u00f3 los libros de texto en libros de adoctrinamiento y sigue transformando. Ahora quiere transformar [&hellip;]\" \/>\n<meta property=\"og:url\" content=\"https:\/\/lospoliticosveracruz.com\/?p=158834\" \/>\n<meta property=\"og:site_name\" content=\"Los pol\u00edticos Veracruz\" \/>\n<meta property=\"article:publisher\" content=\"https:\/\/www.facebook.com\/people\/Notimemes-de-los-Polticos\/61565672886568\/\" \/>\n<meta property=\"article:published_time\" content=\"2025-12-19T19:00:36+00:00\" \/>\n<meta property=\"article:modified_time\" content=\"2025-12-19T19:01:04+00:00\" \/>\n<meta property=\"og:image\" content=\"https:\/\/lospoliticosveracruz.com\/wp-content\/uploads\/2025\/04\/Bernardo-Gutierrez-Parra.jpg\" \/>\n\t<meta property=\"og:image:width\" content=\"1250\" \/>\n\t<meta property=\"og:image:height\" content=\"667\" \/>\n\t<meta property=\"og:image:type\" content=\"image\/jpeg\" \/>\n<meta name=\"author\" content=\"Lo viste en Los Pol\u00edticos\" \/>\n<meta name=\"twitter:card\" content=\"summary_large_image\" \/>\n<meta name=\"twitter:creator\" content=\"@LosPoliticosVer\" \/>\n<meta name=\"twitter:site\" content=\"@LosPoliticosVer\" \/>\n<meta name=\"twitter:label1\" content=\"Escrito por\" \/>\n\t<meta name=\"twitter:data1\" content=\"Lo viste en Los Pol\u00edticos\" \/>\n\t<meta name=\"twitter:label2\" content=\"Tiempo de lectura\" \/>\n\t<meta name=\"twitter:data2\" content=\"3 minutos\" \/>\n<script type=\"application\/ld+json\" class=\"yoast-schema-graph\">{\"@context\":\"https:\\\/\\\/schema.org\",\"@graph\":[{\"@type\":\"Article\",\"@id\":\"https:\\\/\\\/lospoliticosveracruz.com\\\/?p=158834#article\",\"isPartOf\":{\"@id\":\"https:\\\/\\\/lospoliticosveracruz.com\\\/?p=158834\"},\"author\":{\"name\":\"Lo viste en Los Pol\u00edticos\",\"@id\":\"https:\\\/\\\/lospoliticosveracruz.com\\\/#\\\/schema\\\/person\\\/b8702bb0e538456e6efd07080bf2a4a2\"},\"headline\":\"EL \u00daLTIMO (\u00bfo pen\u00faltimo?) TIMO DE ESTE A\u00d1O\",\"datePublished\":\"2025-12-19T19:00:36+00:00\",\"dateModified\":\"2025-12-19T19:01:04+00:00\",\"mainEntityOfPage\":{\"@id\":\"https:\\\/\\\/lospoliticosveracruz.com\\\/?p=158834\"},\"wordCount\":698,\"publisher\":{\"@id\":\"https:\\\/\\\/lospoliticosveracruz.com\\\/#organization\"},\"image\":{\"@id\":\"https:\\\/\\\/lospoliticosveracruz.com\\\/?p=158834#primaryimage\"},\"thumbnailUrl\":\"https:\\\/\\\/lospoliticosveracruz.com\\\/wp-content\\\/uploads\\\/2025\\\/04\\\/Bernardo-Gutierrez-Parra.jpg\",\"keywords\":[\"Bernardo Guti\u00e9rrez Parra\"],\"articleSection\":[\"De Opini\u00f3n\"],\"inLanguage\":\"es\"},{\"@type\":\"WebPage\",\"@id\":\"https:\\\/\\\/lospoliticosveracruz.com\\\/?p=158834\",\"url\":\"https:\\\/\\\/lospoliticosveracruz.com\\\/?p=158834\",\"name\":\"EL \u00daLTIMO (\u00bfo pen\u00faltimo?) TIMO DE ESTE A\u00d1O - Los pol\u00edticos Veracruz\",\"isPartOf\":{\"@id\":\"https:\\\/\\\/lospoliticosveracruz.com\\\/#website\"},\"primaryImageOfPage\":{\"@id\":\"https:\\\/\\\/lospoliticosveracruz.com\\\/?p=158834#primaryimage\"},\"image\":{\"@id\":\"https:\\\/\\\/lospoliticosveracruz.com\\\/?p=158834#primaryimage\"},\"thumbnailUrl\":\"https:\\\/\\\/lospoliticosveracruz.com\\\/wp-content\\\/uploads\\\/2025\\\/04\\\/Bernardo-Gutierrez-Parra.jpg\",\"datePublished\":\"2025-12-19T19:00:36+00:00\",\"dateModified\":\"2025-12-19T19:01:04+00:00\",\"breadcrumb\":{\"@id\":\"https:\\\/\\\/lospoliticosveracruz.com\\\/?p=158834#breadcrumb\"},\"inLanguage\":\"es\",\"potentialAction\":[{\"@type\":\"ReadAction\",\"target\":[\"https:\\\/\\\/lospoliticosveracruz.com\\\/?p=158834\"]}]},{\"@type\":\"ImageObject\",\"inLanguage\":\"es\",\"@id\":\"https:\\\/\\\/lospoliticosveracruz.com\\\/?p=158834#primaryimage\",\"url\":\"https:\\\/\\\/lospoliticosveracruz.com\\\/wp-content\\\/uploads\\\/2025\\\/04\\\/Bernardo-Gutierrez-Parra.jpg\",\"contentUrl\":\"https:\\\/\\\/lospoliticosveracruz.com\\\/wp-content\\\/uploads\\\/2025\\\/04\\\/Bernardo-Gutierrez-Parra.jpg\",\"width\":1250,\"height\":667},{\"@type\":\"BreadcrumbList\",\"@id\":\"https:\\\/\\\/lospoliticosveracruz.com\\\/?p=158834#breadcrumb\",\"itemListElement\":[{\"@type\":\"ListItem\",\"position\":1,\"name\":\"Portada\",\"item\":\"https:\\\/\\\/lospoliticosveracruz.com\\\/\"},{\"@type\":\"ListItem\",\"position\":2,\"name\":\"EL \u00daLTIMO (\u00bfo pen\u00faltimo?) TIMO DE ESTE A\u00d1O\"}]},{\"@type\":\"WebSite\",\"@id\":\"https:\\\/\\\/lospoliticosveracruz.com\\\/#website\",\"url\":\"https:\\\/\\\/lospoliticosveracruz.com\\\/\",\"name\":\"Los pol\u00edticos Veracruz\",\"description\":\"\",\"publisher\":{\"@id\":\"https:\\\/\\\/lospoliticosveracruz.com\\\/#organization\"},\"potentialAction\":[{\"@type\":\"SearchAction\",\"target\":{\"@type\":\"EntryPoint\",\"urlTemplate\":\"https:\\\/\\\/lospoliticosveracruz.com\\\/?s={search_term_string}\"},\"query-input\":{\"@type\":\"PropertyValueSpecification\",\"valueRequired\":true,\"valueName\":\"search_term_string\"}}],\"inLanguage\":\"es\"},{\"@type\":\"Organization\",\"@id\":\"https:\\\/\\\/lospoliticosveracruz.com\\\/#organization\",\"name\":\"Los pol\u00edticos Veracruz\",\"url\":\"https:\\\/\\\/lospoliticosveracruz.com\\\/\",\"logo\":{\"@type\":\"ImageObject\",\"inLanguage\":\"es\",\"@id\":\"https:\\\/\\\/lospoliticosveracruz.com\\\/#\\\/schema\\\/logo\\\/image\\\/\",\"url\":\"https:\\\/\\\/lospoliticosveracruz.com\\\/wp-content\\\/uploads\\\/2025\\\/12\\\/Logo-Nuevo-LOS-POLITICOS-1.jpg\",\"contentUrl\":\"https:\\\/\\\/lospoliticosveracruz.com\\\/wp-content\\\/uploads\\\/2025\\\/12\\\/Logo-Nuevo-LOS-POLITICOS-1.jpg\",\"width\":260,\"height\":70,\"caption\":\"Los pol\u00edticos Veracruz\"},\"image\":{\"@id\":\"https:\\\/\\\/lospoliticosveracruz.com\\\/#\\\/schema\\\/logo\\\/image\\\/\"},\"sameAs\":[\"https:\\\/\\\/www.facebook.com\\\/people\\\/Notimemes-de-los-Polticos\\\/61565672886568\\\/\",\"https:\\\/\\\/x.com\\\/LosPoliticosVer\"]},{\"@type\":\"Person\",\"@id\":\"https:\\\/\\\/lospoliticosveracruz.com\\\/#\\\/schema\\\/person\\\/b8702bb0e538456e6efd07080bf2a4a2\",\"name\":\"Lo viste en Los Pol\u00edticos\",\"image\":{\"@type\":\"ImageObject\",\"inLanguage\":\"es\",\"@id\":\"https:\\\/\\\/secure.gravatar.com\\\/avatar\\\/3a8de04a2656d44082be478bd6c086daa447c4651605818287b9532d3d0bd435?s=96&d=mm&r=g\",\"url\":\"https:\\\/\\\/secure.gravatar.com\\\/avatar\\\/3a8de04a2656d44082be478bd6c086daa447c4651605818287b9532d3d0bd435?s=96&d=mm&r=g\",\"contentUrl\":\"https:\\\/\\\/secure.gravatar.com\\\/avatar\\\/3a8de04a2656d44082be478bd6c086daa447c4651605818287b9532d3d0bd435?s=96&d=mm&r=g\",\"caption\":\"Lo viste en Los Pol\u00edticos\"},\"url\":\"https:\\\/\\\/lospoliticosveracruz.com\\\/?author=2\"}]}<\/script>\n<!-- \/ Yoast SEO plugin. -->","yoast_head_json":{"title":"EL \u00daLTIMO (\u00bfo pen\u00faltimo?) TIMO DE ESTE A\u00d1O - Los pol\u00edticos Veracruz","robots":{"index":"index","follow":"follow","max-snippet":"max-snippet:-1","max-image-preview":"max-image-preview:large","max-video-preview":"max-video-preview:-1"},"canonical":"https:\/\/lospoliticosveracruz.com\/?p=158834","og_locale":"es_ES","og_type":"article","og_title":"EL \u00daLTIMO (\u00bfo pen\u00faltimo?) TIMO DE ESTE A\u00d1O - Los pol\u00edticos Veracruz","og_description":"Bernardo Guti\u00e9rrez Parra&nbsp; Desde el Caf\u00e9&nbsp; Lo que sea de cada qui\u00e9n, la 4T s\u00ed lleg\u00f3 para transformar. Transform\u00f3 las instituciones hasta convertirlas en d\u00f3ciles al Poder Ejecutivo; transform\u00f3 los contrapesos hasta hacerlos polvo; transform\u00f3 al SAT en un verdugo; transform\u00f3 los libros de texto en libros de adoctrinamiento y sigue transformando. Ahora quiere transformar [&hellip;]","og_url":"https:\/\/lospoliticosveracruz.com\/?p=158834","og_site_name":"Los pol\u00edticos Veracruz","article_publisher":"https:\/\/www.facebook.com\/people\/Notimemes-de-los-Polticos\/61565672886568\/","article_published_time":"2025-12-19T19:00:36+00:00","article_modified_time":"2025-12-19T19:01:04+00:00","og_image":[{"width":1250,"height":667,"url":"https:\/\/lospoliticosveracruz.com\/wp-content\/uploads\/2025\/04\/Bernardo-Gutierrez-Parra.jpg","type":"image\/jpeg"}],"author":"Lo viste en Los Pol\u00edticos","twitter_card":"summary_large_image","twitter_creator":"@LosPoliticosVer","twitter_site":"@LosPoliticosVer","twitter_misc":{"Escrito por":"Lo viste en Los Pol\u00edticos","Tiempo de lectura":"3 minutos"},"schema":{"@context":"https:\/\/schema.org","@graph":[{"@type":"Article","@id":"https:\/\/lospoliticosveracruz.com\/?p=158834#article","isPartOf":{"@id":"https:\/\/lospoliticosveracruz.com\/?p=158834"},"author":{"name":"Lo viste en Los Pol\u00edticos","@id":"https:\/\/lospoliticosveracruz.com\/#\/schema\/person\/b8702bb0e538456e6efd07080bf2a4a2"},"headline":"EL \u00daLTIMO (\u00bfo pen\u00faltimo?) TIMO DE ESTE A\u00d1O","datePublished":"2025-12-19T19:00:36+00:00","dateModified":"2025-12-19T19:01:04+00:00","mainEntityOfPage":{"@id":"https:\/\/lospoliticosveracruz.com\/?p=158834"},"wordCount":698,"publisher":{"@id":"https:\/\/lospoliticosveracruz.com\/#organization"},"image":{"@id":"https:\/\/lospoliticosveracruz.com\/?p=158834#primaryimage"},"thumbnailUrl":"https:\/\/lospoliticosveracruz.com\/wp-content\/uploads\/2025\/04\/Bernardo-Gutierrez-Parra.jpg","keywords":["Bernardo Guti\u00e9rrez Parra"],"articleSection":["De Opini\u00f3n"],"inLanguage":"es"},{"@type":"WebPage","@id":"https:\/\/lospoliticosveracruz.com\/?p=158834","url":"https:\/\/lospoliticosveracruz.com\/?p=158834","name":"EL \u00daLTIMO (\u00bfo pen\u00faltimo?) TIMO DE ESTE A\u00d1O - Los pol\u00edticos Veracruz","isPartOf":{"@id":"https:\/\/lospoliticosveracruz.com\/#website"},"primaryImageOfPage":{"@id":"https:\/\/lospoliticosveracruz.com\/?p=158834#primaryimage"},"image":{"@id":"https:\/\/lospoliticosveracruz.com\/?p=158834#primaryimage"},"thumbnailUrl":"https:\/\/lospoliticosveracruz.com\/wp-content\/uploads\/2025\/04\/Bernardo-Gutierrez-Parra.jpg","datePublished":"2025-12-19T19:00:36+00:00","dateModified":"2025-12-19T19:01:04+00:00","breadcrumb":{"@id":"https:\/\/lospoliticosveracruz.com\/?p=158834#breadcrumb"},"inLanguage":"es","potentialAction":[{"@type":"ReadAction","target":["https:\/\/lospoliticosveracruz.com\/?p=158834"]}]},{"@type":"ImageObject","inLanguage":"es","@id":"https:\/\/lospoliticosveracruz.com\/?p=158834#primaryimage","url":"https:\/\/lospoliticosveracruz.com\/wp-content\/uploads\/2025\/04\/Bernardo-Gutierrez-Parra.jpg","contentUrl":"https:\/\/lospoliticosveracruz.com\/wp-content\/uploads\/2025\/04\/Bernardo-Gutierrez-Parra.jpg","width":1250,"height":667},{"@type":"BreadcrumbList","@id":"https:\/\/lospoliticosveracruz.com\/?p=158834#breadcrumb","itemListElement":[{"@type":"ListItem","position":1,"name":"Portada","item":"https:\/\/lospoliticosveracruz.com\/"},{"@type":"ListItem","position":2,"name":"EL \u00daLTIMO (\u00bfo pen\u00faltimo?) TIMO DE ESTE A\u00d1O"}]},{"@type":"WebSite","@id":"https:\/\/lospoliticosveracruz.com\/#website","url":"https:\/\/lospoliticosveracruz.com\/","name":"Los pol\u00edticos Veracruz","description":"","publisher":{"@id":"https:\/\/lospoliticosveracruz.com\/#organization"},"potentialAction":[{"@type":"SearchAction","target":{"@type":"EntryPoint","urlTemplate":"https:\/\/lospoliticosveracruz.com\/?s={search_term_string}"},"query-input":{"@type":"PropertyValueSpecification","valueRequired":true,"valueName":"search_term_string"}}],"inLanguage":"es"},{"@type":"Organization","@id":"https:\/\/lospoliticosveracruz.com\/#organization","name":"Los pol\u00edticos Veracruz","url":"https:\/\/lospoliticosveracruz.com\/","logo":{"@type":"ImageObject","inLanguage":"es","@id":"https:\/\/lospoliticosveracruz.com\/#\/schema\/logo\/image\/","url":"https:\/\/lospoliticosveracruz.com\/wp-content\/uploads\/2025\/12\/Logo-Nuevo-LOS-POLITICOS-1.jpg","contentUrl":"https:\/\/lospoliticosveracruz.com\/wp-content\/uploads\/2025\/12\/Logo-Nuevo-LOS-POLITICOS-1.jpg","width":260,"height":70,"caption":"Los pol\u00edticos Veracruz"},"image":{"@id":"https:\/\/lospoliticosveracruz.com\/#\/schema\/logo\/image\/"},"sameAs":["https:\/\/www.facebook.com\/people\/Notimemes-de-los-Polticos\/61565672886568\/","https:\/\/x.com\/LosPoliticosVer"]},{"@type":"Person","@id":"https:\/\/lospoliticosveracruz.com\/#\/schema\/person\/b8702bb0e538456e6efd07080bf2a4a2","name":"Lo viste en Los Pol\u00edticos","image":{"@type":"ImageObject","inLanguage":"es","@id":"https:\/\/secure.gravatar.com\/avatar\/3a8de04a2656d44082be478bd6c086daa447c4651605818287b9532d3d0bd435?s=96&d=mm&r=g","url":"https:\/\/secure.gravatar.com\/avatar\/3a8de04a2656d44082be478bd6c086daa447c4651605818287b9532d3d0bd435?s=96&d=mm&r=g","contentUrl":"https:\/\/secure.gravatar.com\/avatar\/3a8de04a2656d44082be478bd6c086daa447c4651605818287b9532d3d0bd435?s=96&d=mm&r=g","caption":"Lo viste en Los Pol\u00edticos"},"url":"https:\/\/lospoliticosveracruz.com\/?author=2"}]}},"_links":{"self":[{"href":"https:\/\/lospoliticosveracruz.com\/index.php?rest_route=\/wp\/v2\/posts\/158834","targetHints":{"allow":["GET"]}}],"collection":[{"href":"https:\/\/lospoliticosveracruz.com\/index.php?rest_route=\/wp\/v2\/posts"}],"about":[{"href":"https:\/\/lospoliticosveracruz.com\/index.php?rest_route=\/wp\/v2\/types\/post"}],"author":[{"embeddable":true,"href":"https:\/\/lospoliticosveracruz.com\/index.php?rest_route=\/wp\/v2\/users\/2"}],"replies":[{"embeddable":true,"href":"https:\/\/lospoliticosveracruz.com\/index.php?rest_route=%2Fwp%2Fv2%2Fcomments&post=158834"}],"version-history":[{"count":1,"href":"https:\/\/lospoliticosveracruz.com\/index.php?rest_route=\/wp\/v2\/posts\/158834\/revisions"}],"predecessor-version":[{"id":158835,"href":"https:\/\/lospoliticosveracruz.com\/index.php?rest_route=\/wp\/v2\/posts\/158834\/revisions\/158835"}],"wp:featuredmedia":[{"embeddable":true,"href":"https:\/\/lospoliticosveracruz.com\/index.php?rest_route=\/wp\/v2\/media\/141479"}],"wp:attachment":[{"href":"https:\/\/lospoliticosveracruz.com\/index.php?rest_route=%2Fwp%2Fv2%2Fmedia&parent=158834"}],"wp:term":[{"taxonomy":"category","embeddable":true,"href":"https:\/\/lospoliticosveracruz.com\/index.php?rest_route=%2Fwp%2Fv2%2Fcategories&post=158834"},{"taxonomy":"post_tag","embeddable":true,"href":"https:\/\/lospoliticosveracruz.com\/index.php?rest_route=%2Fwp%2Fv2%2Ftags&post=158834"}],"curies":[{"name":"wp","href":"https:\/\/api.w.org\/{rel}","templated":true}]}}