{"id":158836,"date":"2025-12-19T14:15:09","date_gmt":"2025-12-19T20:15:09","guid":{"rendered":"https:\/\/lospoliticosveracruz.com.mx\/?p=158836"},"modified":"2025-12-19T14:15:28","modified_gmt":"2025-12-19T20:15:28","slug":"a-la-corrupcion-de-ayer-y-hoy-mexico-canta-asi","status":"publish","type":"post","link":"https:\/\/lospoliticosveracruz.com\/?p=158836","title":{"rendered":"A LA CORRUPCI\u00d3N DE AYER Y HOY, \u00a1M\u00c9XICO CANTA AS\u00cd!"},"content":{"rendered":"\n<p><strong>Vicente Luna Hern\u00e1ndez<\/strong><\/p>\n\n\n\n<p>La realidad &#8211; por m\u00e1s pa\u00f1uelos blancos que se agitaron al aire \u2013 es que&nbsp;&nbsp;la corrupci\u00f3n desde el poder sigue siendo el fantasma mayor en M\u00e9xico,&nbsp;&nbsp;si a eso le sumamos la impunidad impulsada desde las altas esferas del poder, la cosa se pone m\u00e1s grave, \u00bfqu\u00e9 canci\u00f3n cantar\u00eda el pueblo bueno y sabio desde el z\u00f3calo de la Ciudad de M\u00e9xico a quienes roban, mienten y traicionan al pueblo?<\/p>\n\n\n\n\n\n<p>Rata inmunda<\/p>\n\n\n\n<p>Animal rastrero<\/p>\n\n\n\n<p>Escoria de la vida<\/p>\n\n\n\n<p>Adefesio mal hecho<\/p>\n\n\n\n<p>Alguien dijo que un presidente sab\u00eda todo lo bueno y malo que suced\u00eda en su gobierno, decir que no estaba enterado de los \u201cmalos pasos\u201d que dieran algunos de sus funcionarios simplemente era una falsedad, el presidente era c\u00f3mplice y se llevaba la mayor tajada del bot\u00edn, sin embargo, ese mismo presidente &#8211; ante los se\u00f1alamientos de haber incurrido en actos de corrupci\u00f3n de su ex secretario de gobernaci\u00f3n y su ex secretario de Marina -\u2026hoy guarda silencio y se ofrece como el h\u00e9roe que salvar\u00e1 a la presidenta y al pa\u00eds ante un golpe de Estado, un atentado a la democracia y en defensa de la Soberan\u00eda, lo dice quien desde Palenque le hace sombras a la primera mujer Titular del Poder Ejecutivo en M\u00e9xico,&nbsp;&nbsp;\u00bfa qui\u00e9n quiere enga\u00f1ar?<\/p>\n\n\n\n<p>Infrahumano<\/p>\n\n\n\n<p>Espectro del infierno<\/p>\n\n\n\n<p>Maldita sabandija<\/p>\n\n\n\n<p>Cu\u00e1nto da\u00f1o me has hecho.<\/p>\n\n\n\n<p>Lo cierto es que el&nbsp;&nbsp;saqueo a la Naci\u00f3n \u2013 desde el interior del Estado &#8211;&nbsp;&nbsp;a trav\u00e9s del robo de combustible y el huachicol fiscal es una tragedia nacional que no se ha dimensionado en su justa dimensi\u00f3n, \u00bfacaso una sola persona puede llevar a cabo toda una maquinaria criminal para lastimar al pa\u00eds en sus finanzas? \u00bf2 sobrinos privilegiados, un secretario de seguridad p\u00fablica estatal y un empresario Miss Universo \u2013 entre otros &#8211;&nbsp;&nbsp;son unos verdaderos s\u00faper villanos que hicieron y deshicieron sin levantar sospechas de sus superiores y del sistema financiero? \u00bfQui\u00e9n defiende a M\u00e9xico?<\/p>\n\n\n\n<p>Alima\u00f1a<\/p>\n\n\n\n<p>Culebra ponzo\u00f1osa<\/p>\n\n\n\n<p>Deshecho de la vida<\/p>\n\n\n\n<p>Te odio y te desprecio<\/p>\n\n\n\n<p>Es cierto, entre los programas sociales y las conferencias ma\u00f1aneras el gobierno ha logrado \u201canestesiar\u201d a la Naci\u00f3n, \u00bfqui\u00e9n le dice NO a un dep\u00f3sito econ\u00f3mico que proviene de las arcas oficiales? Sin embargo, m\u00e1s all\u00e1 de esos apoyos del gobierno no hay que ignorar ni minimizar los hechos de corrupci\u00f3n de hoy que se han ventilado de manera p\u00fablica, hechos que deben ser investigados y sometidos a la justicia con la misma velocidad que se aplica para castigar la corrupci\u00f3n de ayer, si no es as\u00ed, el discurso anticorrupci\u00f3n no tendr\u00e1 la credibilidad&nbsp;&nbsp;que espera el gobierno ante los ojos del pueblo.<\/p>\n\n\n\n<p>Maldita sanguijuela<\/p>\n\n\n\n<p>Maldita cucaracha<\/p>\n\n\n\n<p>Que infectas donde picas<\/p>\n\n\n\n<p>Que hieres y que matas<\/p>\n\n\n\n<p>Alima\u00f1a<\/p>\n\n\n\n<p>Culebra ponzo\u00f1osa<\/p>\n\n\n\n<p>Deshecho de la vida<\/p>\n\n\n\n<p>Te odio y te desprecio<\/p>\n\n\n\n<p>El discurso presidencial que manifiesta que la corrupci\u00f3n pertenece a los gobiernos neoliberales del pasado ya no se \u201cvende\u201d tan f\u00e1cilmente y el pueblo bueno y sabio sabe que esa corrupci\u00f3n tambi\u00e9n es presente, y ante esa realidad, el segundo gobierno humanista debe tomar cartas en el asunto, \u00bfacaso la protecci\u00f3n de los se\u00f1alados es la \u201csupervivencia\u201d pol\u00edtica de morena o es castigar la corrupci\u00f3n lo que ser\u00e1 su mayor fortaleza para los comicios del 2027?<\/p>\n\n\n\n<p>\u00bfDebe la presidenta cargar con piedras que son grandes lozas de concreto o ponerse del lado del pueblo bueno y sabio que exige castigo a los corruptos?<\/p>\n\n\n\n<p>Rata de dos patas<\/p>\n\n\n\n<p>Te estoy hablando a ti<\/p>\n\n\n\n<p>Porque un bicho rastrero<\/p>\n\n\n\n<p>A\u00fan siendo el m\u00e1s maldito<\/p>\n\n\n\n<p>Comparado contigo<\/p>\n\n\n\n<p>Se queda muy chiquito<\/p>\n\n\n\n<p>La soberbia ante tanto poder acumulado no debe nublar la raz\u00f3n al gobierno y volverlo ciego y sordo para no ver y escuchar&nbsp;&nbsp;los reclamos de una sociedad agraviada no solo por el crimen organizado sino tambi\u00e9n por las mafias organizadas desde el interior del poder oficial.<\/p>\n\n\n\n<p>Seguramente la presidenta en sus momentos de soledad lanzar\u00e1 las siguientes palabras a quienes \u2013 desde el poder \u2013 guardaron en alg\u00fan escritorio de su oficina el eslogan: \u201cno mentir, no robar y no traicionar al pueblo\u201d.<\/p>\n\n\n\n<p>Me est\u00e1s oyendo in\u00fatil<\/p>\n\n\n\n<p>Hiena del infierno<\/p>\n\n\n\n<p>Cu\u00e1nto te odio y te desprecio<\/p>\n\n\n\n<p>Maldita sanguijuela<\/p>\n\n\n\n<p>Maldita cucaracha<\/p>\n\n\n\n<p>Que infectas donde picas<\/p>\n\n\n\n<p>Que hieres y que matas<\/p>\n\n\n\n<p>Alima\u00f1a<\/p>\n\n\n\n<p>Culebra ponzo\u00f1osa<\/p>\n\n\n\n<p>Deshecho de la vida<\/p>\n\n\n\n<p>Te odio y te desprecio<\/p>\n\n\n\n<p>P.D.- Con el \u00e1nimo que aquellos que hoy sonr\u00eden pensando que sus \u201ctravesuras\u201d &#8211; bajo la sombra de la 4T &#8211; no tienen consecuencias pronto se lleven algunas sorpresas\u2026Escribir\u00e9 otro d\u00eda.<\/p>\n","protected":false},"excerpt":{"rendered":"<p>Vicente Luna Hern\u00e1ndez La realidad &#8211; por m\u00e1s pa\u00f1uelos blancos que se agitaron al aire \u2013 es que&nbsp;&nbsp;la corrupci\u00f3n desde el poder sigue siendo el fantasma mayor en M\u00e9xico,&nbsp;&nbsp;si a eso le sumamos la impunidad impulsada desde las altas esferas del poder, la cosa se pone m\u00e1s grave, \u00bfqu\u00e9 canci\u00f3n cantar\u00eda el pueblo bueno y [&hellip;]<\/p>\n","protected":false},"author":2,"featured_media":141415,"comment_status":"closed","ping_status":"closed","sticky":false,"template":"","format":"standard","meta":{"tdm_status":"","tdm_grid_status":"","footnotes":""},"categories":[70],"tags":[],"class_list":{"0":"post-158836","1":"post","2":"type-post","3":"status-publish","4":"format-standard","5":"has-post-thumbnail","7":"category-de-opinion"},"yoast_head":"<!-- This site is optimized with the Yoast SEO plugin v27.4 - https:\/\/yoast.com\/product\/yoast-seo-wordpress\/ -->\n<title>A LA CORRUPCI\u00d3N DE AYER Y HOY, \u00a1M\u00c9XICO CANTA AS\u00cd! - Los pol\u00edticos Veracruz<\/title>\n<meta name=\"robots\" content=\"index, follow, max-snippet:-1, max-image-preview:large, max-video-preview:-1\" \/>\n<link rel=\"canonical\" href=\"https:\/\/lospoliticosveracruz.com\/?p=158836\" \/>\n<meta property=\"og:locale\" content=\"es_ES\" \/>\n<meta property=\"og:type\" content=\"article\" \/>\n<meta property=\"og:title\" content=\"A LA CORRUPCI\u00d3N DE AYER Y HOY, \u00a1M\u00c9XICO CANTA AS\u00cd! - Los pol\u00edticos Veracruz\" \/>\n<meta property=\"og:description\" content=\"Vicente Luna Hern\u00e1ndez La realidad &#8211; por m\u00e1s pa\u00f1uelos blancos que se agitaron al aire \u2013 es que&nbsp;&nbsp;la corrupci\u00f3n desde el poder sigue siendo el fantasma mayor en M\u00e9xico,&nbsp;&nbsp;si a eso le sumamos la impunidad impulsada desde las altas esferas del poder, la cosa se pone m\u00e1s grave, \u00bfqu\u00e9 canci\u00f3n cantar\u00eda el pueblo bueno y [&hellip;]\" \/>\n<meta property=\"og:url\" content=\"https:\/\/lospoliticosveracruz.com\/?p=158836\" \/>\n<meta property=\"og:site_name\" content=\"Los pol\u00edticos Veracruz\" \/>\n<meta property=\"article:publisher\" content=\"https:\/\/www.facebook.com\/people\/Notimemes-de-los-Polticos\/61565672886568\/\" \/>\n<meta property=\"article:published_time\" content=\"2025-12-19T20:15:09+00:00\" \/>\n<meta property=\"article:modified_time\" content=\"2025-12-19T20:15:28+00:00\" \/>\n<meta property=\"og:image\" content=\"https:\/\/lospoliticosveracruz.com\/wp-content\/uploads\/2025\/04\/Vicente-Luna-Hernandez.jpg\" \/>\n\t<meta property=\"og:image:width\" content=\"1250\" \/>\n\t<meta property=\"og:image:height\" content=\"667\" \/>\n\t<meta property=\"og:image:type\" content=\"image\/jpeg\" \/>\n<meta name=\"author\" content=\"Lo viste en Los Pol\u00edticos\" \/>\n<meta name=\"twitter:card\" content=\"summary_large_image\" \/>\n<meta name=\"twitter:creator\" content=\"@LosPoliticosVer\" \/>\n<meta name=\"twitter:site\" content=\"@LosPoliticosVer\" \/>\n<meta name=\"twitter:label1\" content=\"Escrito por\" \/>\n\t<meta name=\"twitter:data1\" content=\"Lo viste en Los Pol\u00edticos\" \/>\n\t<meta name=\"twitter:label2\" content=\"Tiempo de lectura\" \/>\n\t<meta name=\"twitter:data2\" content=\"4 minutos\" \/>\n<script type=\"application\/ld+json\" class=\"yoast-schema-graph\">{\"@context\":\"https:\\\/\\\/schema.org\",\"@graph\":[{\"@type\":\"Article\",\"@id\":\"https:\\\/\\\/lospoliticosveracruz.com\\\/?p=158836#article\",\"isPartOf\":{\"@id\":\"https:\\\/\\\/lospoliticosveracruz.com\\\/?p=158836\"},\"author\":{\"name\":\"Lo viste en Los Pol\u00edticos\",\"@id\":\"https:\\\/\\\/lospoliticosveracruz.com\\\/#\\\/schema\\\/person\\\/b8702bb0e538456e6efd07080bf2a4a2\"},\"headline\":\"A LA CORRUPCI\u00d3N DE AYER Y HOY, \u00a1M\u00c9XICO CANTA AS\u00cd!\",\"datePublished\":\"2025-12-19T20:15:09+00:00\",\"dateModified\":\"2025-12-19T20:15:28+00:00\",\"mainEntityOfPage\":{\"@id\":\"https:\\\/\\\/lospoliticosveracruz.com\\\/?p=158836\"},\"wordCount\":837,\"publisher\":{\"@id\":\"https:\\\/\\\/lospoliticosveracruz.com\\\/#organization\"},\"image\":{\"@id\":\"https:\\\/\\\/lospoliticosveracruz.com\\\/?p=158836#primaryimage\"},\"thumbnailUrl\":\"https:\\\/\\\/lospoliticosveracruz.com\\\/wp-content\\\/uploads\\\/2025\\\/04\\\/Vicente-Luna-Hernandez.jpg\",\"articleSection\":[\"De Opini\u00f3n\"],\"inLanguage\":\"es\"},{\"@type\":\"WebPage\",\"@id\":\"https:\\\/\\\/lospoliticosveracruz.com\\\/?p=158836\",\"url\":\"https:\\\/\\\/lospoliticosveracruz.com\\\/?p=158836\",\"name\":\"A LA CORRUPCI\u00d3N DE AYER Y HOY, \u00a1M\u00c9XICO CANTA AS\u00cd! - Los pol\u00edticos Veracruz\",\"isPartOf\":{\"@id\":\"https:\\\/\\\/lospoliticosveracruz.com\\\/#website\"},\"primaryImageOfPage\":{\"@id\":\"https:\\\/\\\/lospoliticosveracruz.com\\\/?p=158836#primaryimage\"},\"image\":{\"@id\":\"https:\\\/\\\/lospoliticosveracruz.com\\\/?p=158836#primaryimage\"},\"thumbnailUrl\":\"https:\\\/\\\/lospoliticosveracruz.com\\\/wp-content\\\/uploads\\\/2025\\\/04\\\/Vicente-Luna-Hernandez.jpg\",\"datePublished\":\"2025-12-19T20:15:09+00:00\",\"dateModified\":\"2025-12-19T20:15:28+00:00\",\"breadcrumb\":{\"@id\":\"https:\\\/\\\/lospoliticosveracruz.com\\\/?p=158836#breadcrumb\"},\"inLanguage\":\"es\",\"potentialAction\":[{\"@type\":\"ReadAction\",\"target\":[\"https:\\\/\\\/lospoliticosveracruz.com\\\/?p=158836\"]}]},{\"@type\":\"ImageObject\",\"inLanguage\":\"es\",\"@id\":\"https:\\\/\\\/lospoliticosveracruz.com\\\/?p=158836#primaryimage\",\"url\":\"https:\\\/\\\/lospoliticosveracruz.com\\\/wp-content\\\/uploads\\\/2025\\\/04\\\/Vicente-Luna-Hernandez.jpg\",\"contentUrl\":\"https:\\\/\\\/lospoliticosveracruz.com\\\/wp-content\\\/uploads\\\/2025\\\/04\\\/Vicente-Luna-Hernandez.jpg\",\"width\":1250,\"height\":667},{\"@type\":\"BreadcrumbList\",\"@id\":\"https:\\\/\\\/lospoliticosveracruz.com\\\/?p=158836#breadcrumb\",\"itemListElement\":[{\"@type\":\"ListItem\",\"position\":1,\"name\":\"Portada\",\"item\":\"https:\\\/\\\/lospoliticosveracruz.com\\\/\"},{\"@type\":\"ListItem\",\"position\":2,\"name\":\"A LA CORRUPCI\u00d3N DE AYER Y HOY, \u00a1M\u00c9XICO CANTA AS\u00cd!\"}]},{\"@type\":\"WebSite\",\"@id\":\"https:\\\/\\\/lospoliticosveracruz.com\\\/#website\",\"url\":\"https:\\\/\\\/lospoliticosveracruz.com\\\/\",\"name\":\"Los pol\u00edticos Veracruz\",\"description\":\"\",\"publisher\":{\"@id\":\"https:\\\/\\\/lospoliticosveracruz.com\\\/#organization\"},\"potentialAction\":[{\"@type\":\"SearchAction\",\"target\":{\"@type\":\"EntryPoint\",\"urlTemplate\":\"https:\\\/\\\/lospoliticosveracruz.com\\\/?s={search_term_string}\"},\"query-input\":{\"@type\":\"PropertyValueSpecification\",\"valueRequired\":true,\"valueName\":\"search_term_string\"}}],\"inLanguage\":\"es\"},{\"@type\":\"Organization\",\"@id\":\"https:\\\/\\\/lospoliticosveracruz.com\\\/#organization\",\"name\":\"Los pol\u00edticos Veracruz\",\"url\":\"https:\\\/\\\/lospoliticosveracruz.com\\\/\",\"logo\":{\"@type\":\"ImageObject\",\"inLanguage\":\"es\",\"@id\":\"https:\\\/\\\/lospoliticosveracruz.com\\\/#\\\/schema\\\/logo\\\/image\\\/\",\"url\":\"https:\\\/\\\/lospoliticosveracruz.com\\\/wp-content\\\/uploads\\\/2025\\\/12\\\/Logo-Nuevo-LOS-POLITICOS-1.jpg\",\"contentUrl\":\"https:\\\/\\\/lospoliticosveracruz.com\\\/wp-content\\\/uploads\\\/2025\\\/12\\\/Logo-Nuevo-LOS-POLITICOS-1.jpg\",\"width\":260,\"height\":70,\"caption\":\"Los pol\u00edticos Veracruz\"},\"image\":{\"@id\":\"https:\\\/\\\/lospoliticosveracruz.com\\\/#\\\/schema\\\/logo\\\/image\\\/\"},\"sameAs\":[\"https:\\\/\\\/www.facebook.com\\\/people\\\/Notimemes-de-los-Polticos\\\/61565672886568\\\/\",\"https:\\\/\\\/x.com\\\/LosPoliticosVer\"]},{\"@type\":\"Person\",\"@id\":\"https:\\\/\\\/lospoliticosveracruz.com\\\/#\\\/schema\\\/person\\\/b8702bb0e538456e6efd07080bf2a4a2\",\"name\":\"Lo viste en Los Pol\u00edticos\",\"image\":{\"@type\":\"ImageObject\",\"inLanguage\":\"es\",\"@id\":\"https:\\\/\\\/secure.gravatar.com\\\/avatar\\\/3a8de04a2656d44082be478bd6c086daa447c4651605818287b9532d3d0bd435?s=96&d=mm&r=g\",\"url\":\"https:\\\/\\\/secure.gravatar.com\\\/avatar\\\/3a8de04a2656d44082be478bd6c086daa447c4651605818287b9532d3d0bd435?s=96&d=mm&r=g\",\"contentUrl\":\"https:\\\/\\\/secure.gravatar.com\\\/avatar\\\/3a8de04a2656d44082be478bd6c086daa447c4651605818287b9532d3d0bd435?s=96&d=mm&r=g\",\"caption\":\"Lo viste en Los Pol\u00edticos\"},\"url\":\"https:\\\/\\\/lospoliticosveracruz.com\\\/?author=2\"}]}<\/script>\n<!-- \/ Yoast SEO plugin. -->","yoast_head_json":{"title":"A LA CORRUPCI\u00d3N DE AYER Y HOY, \u00a1M\u00c9XICO CANTA AS\u00cd! - Los pol\u00edticos Veracruz","robots":{"index":"index","follow":"follow","max-snippet":"max-snippet:-1","max-image-preview":"max-image-preview:large","max-video-preview":"max-video-preview:-1"},"canonical":"https:\/\/lospoliticosveracruz.com\/?p=158836","og_locale":"es_ES","og_type":"article","og_title":"A LA CORRUPCI\u00d3N DE AYER Y HOY, \u00a1M\u00c9XICO CANTA AS\u00cd! - Los pol\u00edticos Veracruz","og_description":"Vicente Luna Hern\u00e1ndez La realidad &#8211; por m\u00e1s pa\u00f1uelos blancos que se agitaron al aire \u2013 es que&nbsp;&nbsp;la corrupci\u00f3n desde el poder sigue siendo el fantasma mayor en M\u00e9xico,&nbsp;&nbsp;si a eso le sumamos la impunidad impulsada desde las altas esferas del poder, la cosa se pone m\u00e1s grave, \u00bfqu\u00e9 canci\u00f3n cantar\u00eda el pueblo bueno y [&hellip;]","og_url":"https:\/\/lospoliticosveracruz.com\/?p=158836","og_site_name":"Los pol\u00edticos Veracruz","article_publisher":"https:\/\/www.facebook.com\/people\/Notimemes-de-los-Polticos\/61565672886568\/","article_published_time":"2025-12-19T20:15:09+00:00","article_modified_time":"2025-12-19T20:15:28+00:00","og_image":[{"width":1250,"height":667,"url":"https:\/\/lospoliticosveracruz.com\/wp-content\/uploads\/2025\/04\/Vicente-Luna-Hernandez.jpg","type":"image\/jpeg"}],"author":"Lo viste en Los Pol\u00edticos","twitter_card":"summary_large_image","twitter_creator":"@LosPoliticosVer","twitter_site":"@LosPoliticosVer","twitter_misc":{"Escrito por":"Lo viste en Los Pol\u00edticos","Tiempo de lectura":"4 minutos"},"schema":{"@context":"https:\/\/schema.org","@graph":[{"@type":"Article","@id":"https:\/\/lospoliticosveracruz.com\/?p=158836#article","isPartOf":{"@id":"https:\/\/lospoliticosveracruz.com\/?p=158836"},"author":{"name":"Lo viste en Los Pol\u00edticos","@id":"https:\/\/lospoliticosveracruz.com\/#\/schema\/person\/b8702bb0e538456e6efd07080bf2a4a2"},"headline":"A LA CORRUPCI\u00d3N DE AYER Y HOY, \u00a1M\u00c9XICO CANTA AS\u00cd!","datePublished":"2025-12-19T20:15:09+00:00","dateModified":"2025-12-19T20:15:28+00:00","mainEntityOfPage":{"@id":"https:\/\/lospoliticosveracruz.com\/?p=158836"},"wordCount":837,"publisher":{"@id":"https:\/\/lospoliticosveracruz.com\/#organization"},"image":{"@id":"https:\/\/lospoliticosveracruz.com\/?p=158836#primaryimage"},"thumbnailUrl":"https:\/\/lospoliticosveracruz.com\/wp-content\/uploads\/2025\/04\/Vicente-Luna-Hernandez.jpg","articleSection":["De Opini\u00f3n"],"inLanguage":"es"},{"@type":"WebPage","@id":"https:\/\/lospoliticosveracruz.com\/?p=158836","url":"https:\/\/lospoliticosveracruz.com\/?p=158836","name":"A LA CORRUPCI\u00d3N DE AYER Y HOY, \u00a1M\u00c9XICO CANTA AS\u00cd! - Los pol\u00edticos Veracruz","isPartOf":{"@id":"https:\/\/lospoliticosveracruz.com\/#website"},"primaryImageOfPage":{"@id":"https:\/\/lospoliticosveracruz.com\/?p=158836#primaryimage"},"image":{"@id":"https:\/\/lospoliticosveracruz.com\/?p=158836#primaryimage"},"thumbnailUrl":"https:\/\/lospoliticosveracruz.com\/wp-content\/uploads\/2025\/04\/Vicente-Luna-Hernandez.jpg","datePublished":"2025-12-19T20:15:09+00:00","dateModified":"2025-12-19T20:15:28+00:00","breadcrumb":{"@id":"https:\/\/lospoliticosveracruz.com\/?p=158836#breadcrumb"},"inLanguage":"es","potentialAction":[{"@type":"ReadAction","target":["https:\/\/lospoliticosveracruz.com\/?p=158836"]}]},{"@type":"ImageObject","inLanguage":"es","@id":"https:\/\/lospoliticosveracruz.com\/?p=158836#primaryimage","url":"https:\/\/lospoliticosveracruz.com\/wp-content\/uploads\/2025\/04\/Vicente-Luna-Hernandez.jpg","contentUrl":"https:\/\/lospoliticosveracruz.com\/wp-content\/uploads\/2025\/04\/Vicente-Luna-Hernandez.jpg","width":1250,"height":667},{"@type":"BreadcrumbList","@id":"https:\/\/lospoliticosveracruz.com\/?p=158836#breadcrumb","itemListElement":[{"@type":"ListItem","position":1,"name":"Portada","item":"https:\/\/lospoliticosveracruz.com\/"},{"@type":"ListItem","position":2,"name":"A LA CORRUPCI\u00d3N DE AYER Y HOY, \u00a1M\u00c9XICO CANTA AS\u00cd!"}]},{"@type":"WebSite","@id":"https:\/\/lospoliticosveracruz.com\/#website","url":"https:\/\/lospoliticosveracruz.com\/","name":"Los pol\u00edticos Veracruz","description":"","publisher":{"@id":"https:\/\/lospoliticosveracruz.com\/#organization"},"potentialAction":[{"@type":"SearchAction","target":{"@type":"EntryPoint","urlTemplate":"https:\/\/lospoliticosveracruz.com\/?s={search_term_string}"},"query-input":{"@type":"PropertyValueSpecification","valueRequired":true,"valueName":"search_term_string"}}],"inLanguage":"es"},{"@type":"Organization","@id":"https:\/\/lospoliticosveracruz.com\/#organization","name":"Los pol\u00edticos Veracruz","url":"https:\/\/lospoliticosveracruz.com\/","logo":{"@type":"ImageObject","inLanguage":"es","@id":"https:\/\/lospoliticosveracruz.com\/#\/schema\/logo\/image\/","url":"https:\/\/lospoliticosveracruz.com\/wp-content\/uploads\/2025\/12\/Logo-Nuevo-LOS-POLITICOS-1.jpg","contentUrl":"https:\/\/lospoliticosveracruz.com\/wp-content\/uploads\/2025\/12\/Logo-Nuevo-LOS-POLITICOS-1.jpg","width":260,"height":70,"caption":"Los pol\u00edticos Veracruz"},"image":{"@id":"https:\/\/lospoliticosveracruz.com\/#\/schema\/logo\/image\/"},"sameAs":["https:\/\/www.facebook.com\/people\/Notimemes-de-los-Polticos\/61565672886568\/","https:\/\/x.com\/LosPoliticosVer"]},{"@type":"Person","@id":"https:\/\/lospoliticosveracruz.com\/#\/schema\/person\/b8702bb0e538456e6efd07080bf2a4a2","name":"Lo viste en Los Pol\u00edticos","image":{"@type":"ImageObject","inLanguage":"es","@id":"https:\/\/secure.gravatar.com\/avatar\/3a8de04a2656d44082be478bd6c086daa447c4651605818287b9532d3d0bd435?s=96&d=mm&r=g","url":"https:\/\/secure.gravatar.com\/avatar\/3a8de04a2656d44082be478bd6c086daa447c4651605818287b9532d3d0bd435?s=96&d=mm&r=g","contentUrl":"https:\/\/secure.gravatar.com\/avatar\/3a8de04a2656d44082be478bd6c086daa447c4651605818287b9532d3d0bd435?s=96&d=mm&r=g","caption":"Lo viste en Los Pol\u00edticos"},"url":"https:\/\/lospoliticosveracruz.com\/?author=2"}]}},"_links":{"self":[{"href":"https:\/\/lospoliticosveracruz.com\/index.php?rest_route=\/wp\/v2\/posts\/158836","targetHints":{"allow":["GET"]}}],"collection":[{"href":"https:\/\/lospoliticosveracruz.com\/index.php?rest_route=\/wp\/v2\/posts"}],"about":[{"href":"https:\/\/lospoliticosveracruz.com\/index.php?rest_route=\/wp\/v2\/types\/post"}],"author":[{"embeddable":true,"href":"https:\/\/lospoliticosveracruz.com\/index.php?rest_route=\/wp\/v2\/users\/2"}],"replies":[{"embeddable":true,"href":"https:\/\/lospoliticosveracruz.com\/index.php?rest_route=%2Fwp%2Fv2%2Fcomments&post=158836"}],"version-history":[{"count":1,"href":"https:\/\/lospoliticosveracruz.com\/index.php?rest_route=\/wp\/v2\/posts\/158836\/revisions"}],"predecessor-version":[{"id":158838,"href":"https:\/\/lospoliticosveracruz.com\/index.php?rest_route=\/wp\/v2\/posts\/158836\/revisions\/158838"}],"wp:featuredmedia":[{"embeddable":true,"href":"https:\/\/lospoliticosveracruz.com\/index.php?rest_route=\/wp\/v2\/media\/141415"}],"wp:attachment":[{"href":"https:\/\/lospoliticosveracruz.com\/index.php?rest_route=%2Fwp%2Fv2%2Fmedia&parent=158836"}],"wp:term":[{"taxonomy":"category","embeddable":true,"href":"https:\/\/lospoliticosveracruz.com\/index.php?rest_route=%2Fwp%2Fv2%2Fcategories&post=158836"},{"taxonomy":"post_tag","embeddable":true,"href":"https:\/\/lospoliticosveracruz.com\/index.php?rest_route=%2Fwp%2Fv2%2Ftags&post=158836"}],"curies":[{"name":"wp","href":"https:\/\/api.w.org\/{rel}","templated":true}]}}