{"id":158886,"date":"2025-12-20T12:55:06","date_gmt":"2025-12-20T18:55:06","guid":{"rendered":"https:\/\/lospoliticosveracruz.com.mx\/?p=158886"},"modified":"2025-12-20T12:55:39","modified_gmt":"2025-12-20T18:55:39","slug":"tumbaron-la-pipopada","status":"publish","type":"post","link":"https:\/\/lospoliticosveracruz.com\/?p=158886","title":{"rendered":"TUMBARON LA PIPOPADA\u2026"},"content":{"rendered":"\n<p><strong>Oved Contreras<\/strong><\/p>\n\n\n\n<p><em>Secas mecas<\/em><\/p>\n\n\n\n<p>al Pipope Miguel\u00f3n Reyes de Sefiplan se le cay\u00f3 la jugada de implantar una tienda de raya al estilo porfiriano en la Secretar\u00eda de Salud y pagarles en especie a los trabajadores su bono de fin de a\u00f1o\u2026quer\u00edan hacer negocio redondo con grupo Chedraui\u2026qu\u00e9 bueno que no se dejaron y le bloquearon la ciudad a la T\u00eda Ch\u00edo que no le qued\u00f3 de otra que recular para que el mentado bono tambi\u00e9n pueda disponerse en efectivo\u2026no faltaron los oficiosos en salir a agradecer a la Tia Grinch por su intervenci\u00f3n para \u201cresolver\u201d lo que ellos mismos crearon\u2026pero como dicen en el rancho: \u201cPan con mi dinero, nada le debo al panadero\u201d.<\/p>\n\n\n\n\n\n<p>Qu\u00e9 bueno que no se dejaron y le bloquearon la ciudad a la T\u00eda Ch\u00edo hasta que se vio obligada a recular y anunciar que siempre s\u00ed\u2026a partir del lunes pondr\u00e1n cobrar el efectivo ese dinerito de casi 15 mil marmajas que estaban esperando como agua en el desierto \u2026pa pagar sus deudas que acumularon todo el a\u00f1o.<\/p>\n\n\n\n<p>El Pipope Reyes quiso hacer negocio con los Chedraui pa que solo ellos pasaran una Feliz Navidad con todo el gasto que le har\u00eda el gobierno estatal en mercanc\u00eda\u2026ojo que no los trabajadores porque los iba a obligar\u2026luego de dos d\u00edas de manifestaciones del personal de la Secretar\u00eda de Salud, la t\u00eda Corajes tuvo que recular y anunci\u00f3 que se modificar\u00e1 la forma de entrega del bono navide\u00f1o y los trabajadores podr\u00e1n cobrarlo en efectivo.<\/p>\n\n\n\n<p>Nahle asegur\u00f3 que la administraci\u00f3n estatal actu\u00f3 conforme a lo establecido en la Ley del Impuesto sobre la Renta, pero admiti\u00f3 que era necesario ajustar los convenios para respetar la libre disposici\u00f3n del dinero. Por ello, a partir del lunes 22 de diciembre, los empleados del Sector Salud tendr\u00e1n la opci\u00f3n de retirar el bono en efectivo o utilizarlo en establecimientos autorizados.<\/p>\n\n\n\n<p>Las protestas se registraron en distintas regiones del estado con marchas y bloqueos que evidenciaron el malestar del personal m\u00e9dico, administrativo y de apoyo. Los trabajadores argumentaron que el pago en vales limitaba su capacidad de cubrir gastos urgentes y compromet\u00eda su derecho a decidir c\u00f3mo utilizar la prestaci\u00f3n.<\/p>\n\n\n\n<p>QUE LES PIDI\u00d3 FIADO\u2026lo que cuenta el chambero del Cerro de la Galaxia es que no hay dinero\u2026ni busc\u00e1ndolo bajo las piedras\u2026y entonces el Pipop\u00f3n Miguel\u00f3n le pidi\u00f3 un pr\u00e9stamo a la familia Chedraui\u2026o sea\u2026pa que se entienda\u2026les pidi\u00f3 fiado toda la mercanc\u00eda\u2026.quesque pal a\u00f1o que viene les pagaba y con intereses\u2026.por eso emitieron esos vales igualito pa la flota de empleados\u2026bien abusado y abusivo el Miguel\u00f3n\u2026pero se le ceb\u00f3\u2026<\/p>\n\n\n\n<p>Los Chedraui le habr\u00e1n prestado la lana en efectivo ahora que le bloquearon las calles???\u2026.seguramente no porque no son agiotistas sino comerciantes\u2026.adem\u00e1s de que bastante favor le hicieron con fiarle\u2026los chismosos cuentan que el Miguel\u00f3n junto con el Richy Ahued y el alcalde Alberto Islas le iban a catafixiar el favor de los vales fiados a los Chedraui por ponerle a la calle donde est\u00e1 el Nido de los Halcones el nombre de Antonio Chedraui Obeso\u2026uno de los meros meros del consorcio\u2026pero les quedaron mal porque los trabajadores salieron a las calles a protestar y le tumbaron la tr\u00e1cala\u2026<\/p>\n\n\n\n<p>Ora lo interesante es saber de d\u00f3nde va a sacar el dinero la Sefiplan ahora que recularon y a partir del lunes comenzar\u00e1n a pagar en efectivo esos bonos\u2026.ya casi al cuarto para las doce\u2026casi\u2026casi en Navidad\u2026Hay rumores de que el poblano ya no sabe c\u00f3mo hacerle para pagar las prestaciones de fin de a\u00f1o porque eso de que \u201cel dinero no es problema\u201d como nos quiso apantallar la gobernadora es puro cuento\u2026y deben ponerse buzos los dem\u00e1s bur\u00f3cratas porque les pueden salir con otra pipopada en estos d\u00edas\u2026.<\/p>\n\n\n\n<p>LA T\u00cdA GRINCH\u2026Ora s\u00ed que el secre se gan\u00f3 el derecho de que toda la flota de la Secretar\u00eda del Salud lo recuerde a la hora de brindar en Noche Buena\u2026le van a cantar aquel corrido de El Alaz\u00e1n y El Rosillo que dice\u2026 \u201canda a robar a tu tierra\u2026!!!\u201d\u2026merecido se lo tiene por pipope y abus\u00f3n\u2026.<\/p>\n\n\n\n<p>Otra muina m\u00e1s pa la T\u00eda Corajes\u2026que de por s\u00ed no la quieren nadita los veracruzanos seg\u00fan se ve en las encuestas\u2026y sus funcionarios que no la ayudan\u2026ahora el Miguel\u00f3n Reyes le acarre\u00f3 la entripada prenavide\u00f1a con la transa que quiso hacer con el dinero de los trabajadores del sector salud\u2026<\/p>\n\n\n\n<p>Que bueno que la T\u00eda Zacatecas no se atiende en los hospitales p\u00fablicos\u2026na m\u00e1s en pura cl\u00ednica Fifi de Polanco\u2026porque si no ah\u00ed se iba a desquitar la flota y le iba a poner las inyecciones en la nacha equivocada \u2026.por culpa de esa pipopada ya la goberneitora le comenzaron a decir la T\u00eda Grinch \u2026que les quiso robar la navidad a los empleados de la Secretar\u00eda de Salud\u2026.no me ayudes compadre\u2026!!!!<\/p>\n\n\n\n<p>ACAPARA MIRADAS\u2026la t\u00eda Ch\u00edo organiz\u00f3 la posada navide\u00f1a para sus colaboradores el pasado jueves por la noche en la ciudad de Xalapa, y dicen que quien acapar\u00f3 la atenci\u00f3n fue el dirigente estatal de Morena, Esteban Ram\u00edrez Zepeta, quien asisti\u00f3 acompa\u00f1ado de Fernando V\u00e1zquez Ferman, director de Planeaci\u00f3n, Previsi\u00f3n Social y Productividad de la Secretar\u00eda del Trabajo.<\/p>\n\n\n\n<p>La presencia de ambos gener\u00f3 comentarios entre los asistentes, debido a la cercan\u00eda mostrada durante el convivio. V\u00e1zquez Ferman ocupa un cargo dentro de la administraci\u00f3n estatal con una percepci\u00f3n superior a los 60 mil pesos mensuales, nombramiento que ha sido se\u00f1alado por cr\u00edticos como resultado de v\u00ednculos pol\u00edticos cercanos. A V\u00e1zquez Freeman lo ven como posible candidato a diputado local por Los Tuxtlas donde la mam\u00e1 \u00f3sea la suegra, va de regidora en la pr\u00f3xima comuna de San Andr\u00e9s Tuxtla.<\/p>\n\n\n\n<p>Lo ocurrido en la posada reaviv\u00f3 comentarios que desde hace tiempo circulan en el \u00e1mbito pol\u00edtico, colocando nuevamente a la dirigencia estatal de Morena bajo el escrutinio p\u00fablico.<\/p>\n","protected":false},"excerpt":{"rendered":"<p>Oved Contreras Secas mecas al Pipope Miguel\u00f3n Reyes de Sefiplan se le cay\u00f3 la jugada de implantar una tienda de raya al estilo porfiriano en la Secretar\u00eda de Salud y pagarles en especie a los trabajadores su bono de fin de a\u00f1o\u2026quer\u00edan hacer negocio redondo con grupo Chedraui\u2026qu\u00e9 bueno que no se dejaron y le [&hellip;]<\/p>\n","protected":false},"author":2,"featured_media":141426,"comment_status":"closed","ping_status":"closed","sticky":false,"template":"","format":"standard","meta":{"tdm_status":"","tdm_grid_status":"","footnotes":""},"categories":[70],"tags":[593,41936,1026,3578,195],"class_list":{"0":"post-158886","1":"post","2":"type-post","3":"status-publish","4":"format-standard","5":"has-post-thumbnail","7":"category-de-opinion","8":"tag-chedraui","9":"tag-miguel-santiago-reyes-hernandez","10":"tag-morena","11":"tag-rocio-nahle","12":"tag-veracruz"},"yoast_head":"<!-- This site is optimized with the Yoast SEO plugin v27.4 - https:\/\/yoast.com\/product\/yoast-seo-wordpress\/ -->\n<title>TUMBARON LA PIPOPADA\u2026 - Los pol\u00edticos Veracruz<\/title>\n<meta name=\"robots\" content=\"index, follow, max-snippet:-1, max-image-preview:large, max-video-preview:-1\" \/>\n<link rel=\"canonical\" href=\"https:\/\/lospoliticosveracruz.com\/?p=158886\" \/>\n<meta property=\"og:locale\" content=\"es_ES\" \/>\n<meta property=\"og:type\" content=\"article\" \/>\n<meta property=\"og:title\" content=\"TUMBARON LA PIPOPADA\u2026 - Los pol\u00edticos Veracruz\" \/>\n<meta property=\"og:description\" content=\"Oved Contreras Secas mecas al Pipope Miguel\u00f3n Reyes de Sefiplan se le cay\u00f3 la jugada de implantar una tienda de raya al estilo porfiriano en la Secretar\u00eda de Salud y pagarles en especie a los trabajadores su bono de fin de a\u00f1o\u2026quer\u00edan hacer negocio redondo con grupo Chedraui\u2026qu\u00e9 bueno que no se dejaron y le [&hellip;]\" \/>\n<meta property=\"og:url\" content=\"https:\/\/lospoliticosveracruz.com\/?p=158886\" \/>\n<meta property=\"og:site_name\" content=\"Los pol\u00edticos Veracruz\" \/>\n<meta property=\"article:publisher\" content=\"https:\/\/www.facebook.com\/people\/Notimemes-de-los-Polticos\/61565672886568\/\" \/>\n<meta property=\"article:published_time\" content=\"2025-12-20T18:55:06+00:00\" \/>\n<meta property=\"article:modified_time\" content=\"2025-12-20T18:55:39+00:00\" \/>\n<meta property=\"og:image\" content=\"https:\/\/lospoliticosveracruz.com\/wp-content\/uploads\/2025\/04\/Oved-Contreras-e1768066319253.jpg\" \/>\n\t<meta property=\"og:image:width\" content=\"600\" \/>\n\t<meta property=\"og:image:height\" content=\"320\" \/>\n\t<meta property=\"og:image:type\" content=\"image\/jpeg\" \/>\n<meta name=\"author\" content=\"Lo viste en Los Pol\u00edticos\" \/>\n<meta name=\"twitter:card\" content=\"summary_large_image\" \/>\n<meta name=\"twitter:creator\" content=\"@LosPoliticosVer\" \/>\n<meta name=\"twitter:site\" content=\"@LosPoliticosVer\" \/>\n<meta name=\"twitter:label1\" content=\"Escrito por\" \/>\n\t<meta name=\"twitter:data1\" content=\"Lo viste en Los Pol\u00edticos\" \/>\n\t<meta name=\"twitter:label2\" content=\"Tiempo de lectura\" \/>\n\t<meta name=\"twitter:data2\" content=\"5 minutos\" \/>\n<script type=\"application\/ld+json\" class=\"yoast-schema-graph\">{\"@context\":\"https:\\\/\\\/schema.org\",\"@graph\":[{\"@type\":\"Article\",\"@id\":\"https:\\\/\\\/lospoliticosveracruz.com\\\/?p=158886#article\",\"isPartOf\":{\"@id\":\"https:\\\/\\\/lospoliticosveracruz.com\\\/?p=158886\"},\"author\":{\"name\":\"Lo viste en Los Pol\u00edticos\",\"@id\":\"https:\\\/\\\/lospoliticosveracruz.com\\\/#\\\/schema\\\/person\\\/b8702bb0e538456e6efd07080bf2a4a2\"},\"headline\":\"TUMBARON LA PIPOPADA\u2026\",\"datePublished\":\"2025-12-20T18:55:06+00:00\",\"dateModified\":\"2025-12-20T18:55:39+00:00\",\"mainEntityOfPage\":{\"@id\":\"https:\\\/\\\/lospoliticosveracruz.com\\\/?p=158886\"},\"wordCount\":1083,\"publisher\":{\"@id\":\"https:\\\/\\\/lospoliticosveracruz.com\\\/#organization\"},\"image\":{\"@id\":\"https:\\\/\\\/lospoliticosveracruz.com\\\/?p=158886#primaryimage\"},\"thumbnailUrl\":\"https:\\\/\\\/lospoliticosveracruz.com\\\/wp-content\\\/uploads\\\/2025\\\/04\\\/Oved-Contreras-e1768066319253.jpg\",\"keywords\":[\"Chedraui\",\"Miguel Santiago Reyes Hern\u00e1ndez\",\"Morena\",\"Roc\u00edo Nahle\",\"Veracruz\"],\"articleSection\":[\"De Opini\u00f3n\"],\"inLanguage\":\"es\"},{\"@type\":\"WebPage\",\"@id\":\"https:\\\/\\\/lospoliticosveracruz.com\\\/?p=158886\",\"url\":\"https:\\\/\\\/lospoliticosveracruz.com\\\/?p=158886\",\"name\":\"TUMBARON LA PIPOPADA\u2026 - Los pol\u00edticos Veracruz\",\"isPartOf\":{\"@id\":\"https:\\\/\\\/lospoliticosveracruz.com\\\/#website\"},\"primaryImageOfPage\":{\"@id\":\"https:\\\/\\\/lospoliticosveracruz.com\\\/?p=158886#primaryimage\"},\"image\":{\"@id\":\"https:\\\/\\\/lospoliticosveracruz.com\\\/?p=158886#primaryimage\"},\"thumbnailUrl\":\"https:\\\/\\\/lospoliticosveracruz.com\\\/wp-content\\\/uploads\\\/2025\\\/04\\\/Oved-Contreras-e1768066319253.jpg\",\"datePublished\":\"2025-12-20T18:55:06+00:00\",\"dateModified\":\"2025-12-20T18:55:39+00:00\",\"breadcrumb\":{\"@id\":\"https:\\\/\\\/lospoliticosveracruz.com\\\/?p=158886#breadcrumb\"},\"inLanguage\":\"es\",\"potentialAction\":[{\"@type\":\"ReadAction\",\"target\":[\"https:\\\/\\\/lospoliticosveracruz.com\\\/?p=158886\"]}]},{\"@type\":\"ImageObject\",\"inLanguage\":\"es\",\"@id\":\"https:\\\/\\\/lospoliticosveracruz.com\\\/?p=158886#primaryimage\",\"url\":\"https:\\\/\\\/lospoliticosveracruz.com\\\/wp-content\\\/uploads\\\/2025\\\/04\\\/Oved-Contreras-e1768066319253.jpg\",\"contentUrl\":\"https:\\\/\\\/lospoliticosveracruz.com\\\/wp-content\\\/uploads\\\/2025\\\/04\\\/Oved-Contreras-e1768066319253.jpg\",\"width\":600,\"height\":320},{\"@type\":\"BreadcrumbList\",\"@id\":\"https:\\\/\\\/lospoliticosveracruz.com\\\/?p=158886#breadcrumb\",\"itemListElement\":[{\"@type\":\"ListItem\",\"position\":1,\"name\":\"Portada\",\"item\":\"https:\\\/\\\/lospoliticosveracruz.com\\\/\"},{\"@type\":\"ListItem\",\"position\":2,\"name\":\"TUMBARON LA PIPOPADA\u2026\"}]},{\"@type\":\"WebSite\",\"@id\":\"https:\\\/\\\/lospoliticosveracruz.com\\\/#website\",\"url\":\"https:\\\/\\\/lospoliticosveracruz.com\\\/\",\"name\":\"Los pol\u00edticos Veracruz\",\"description\":\"\",\"publisher\":{\"@id\":\"https:\\\/\\\/lospoliticosveracruz.com\\\/#organization\"},\"potentialAction\":[{\"@type\":\"SearchAction\",\"target\":{\"@type\":\"EntryPoint\",\"urlTemplate\":\"https:\\\/\\\/lospoliticosveracruz.com\\\/?s={search_term_string}\"},\"query-input\":{\"@type\":\"PropertyValueSpecification\",\"valueRequired\":true,\"valueName\":\"search_term_string\"}}],\"inLanguage\":\"es\"},{\"@type\":\"Organization\",\"@id\":\"https:\\\/\\\/lospoliticosveracruz.com\\\/#organization\",\"name\":\"Los pol\u00edticos Veracruz\",\"url\":\"https:\\\/\\\/lospoliticosveracruz.com\\\/\",\"logo\":{\"@type\":\"ImageObject\",\"inLanguage\":\"es\",\"@id\":\"https:\\\/\\\/lospoliticosveracruz.com\\\/#\\\/schema\\\/logo\\\/image\\\/\",\"url\":\"https:\\\/\\\/lospoliticosveracruz.com\\\/wp-content\\\/uploads\\\/2025\\\/12\\\/Logo-Nuevo-LOS-POLITICOS-1.jpg\",\"contentUrl\":\"https:\\\/\\\/lospoliticosveracruz.com\\\/wp-content\\\/uploads\\\/2025\\\/12\\\/Logo-Nuevo-LOS-POLITICOS-1.jpg\",\"width\":260,\"height\":70,\"caption\":\"Los pol\u00edticos Veracruz\"},\"image\":{\"@id\":\"https:\\\/\\\/lospoliticosveracruz.com\\\/#\\\/schema\\\/logo\\\/image\\\/\"},\"sameAs\":[\"https:\\\/\\\/www.facebook.com\\\/people\\\/Notimemes-de-los-Polticos\\\/61565672886568\\\/\",\"https:\\\/\\\/x.com\\\/LosPoliticosVer\"]},{\"@type\":\"Person\",\"@id\":\"https:\\\/\\\/lospoliticosveracruz.com\\\/#\\\/schema\\\/person\\\/b8702bb0e538456e6efd07080bf2a4a2\",\"name\":\"Lo viste en Los Pol\u00edticos\",\"image\":{\"@type\":\"ImageObject\",\"inLanguage\":\"es\",\"@id\":\"https:\\\/\\\/secure.gravatar.com\\\/avatar\\\/3a8de04a2656d44082be478bd6c086daa447c4651605818287b9532d3d0bd435?s=96&d=mm&r=g\",\"url\":\"https:\\\/\\\/secure.gravatar.com\\\/avatar\\\/3a8de04a2656d44082be478bd6c086daa447c4651605818287b9532d3d0bd435?s=96&d=mm&r=g\",\"contentUrl\":\"https:\\\/\\\/secure.gravatar.com\\\/avatar\\\/3a8de04a2656d44082be478bd6c086daa447c4651605818287b9532d3d0bd435?s=96&d=mm&r=g\",\"caption\":\"Lo viste en Los Pol\u00edticos\"},\"url\":\"https:\\\/\\\/lospoliticosveracruz.com\\\/?author=2\"}]}<\/script>\n<!-- \/ Yoast SEO plugin. -->","yoast_head_json":{"title":"TUMBARON LA PIPOPADA\u2026 - Los pol\u00edticos Veracruz","robots":{"index":"index","follow":"follow","max-snippet":"max-snippet:-1","max-image-preview":"max-image-preview:large","max-video-preview":"max-video-preview:-1"},"canonical":"https:\/\/lospoliticosveracruz.com\/?p=158886","og_locale":"es_ES","og_type":"article","og_title":"TUMBARON LA PIPOPADA\u2026 - Los pol\u00edticos Veracruz","og_description":"Oved Contreras Secas mecas al Pipope Miguel\u00f3n Reyes de Sefiplan se le cay\u00f3 la jugada de implantar una tienda de raya al estilo porfiriano en la Secretar\u00eda de Salud y pagarles en especie a los trabajadores su bono de fin de a\u00f1o\u2026quer\u00edan hacer negocio redondo con grupo Chedraui\u2026qu\u00e9 bueno que no se dejaron y le [&hellip;]","og_url":"https:\/\/lospoliticosveracruz.com\/?p=158886","og_site_name":"Los pol\u00edticos Veracruz","article_publisher":"https:\/\/www.facebook.com\/people\/Notimemes-de-los-Polticos\/61565672886568\/","article_published_time":"2025-12-20T18:55:06+00:00","article_modified_time":"2025-12-20T18:55:39+00:00","og_image":[{"width":600,"height":320,"url":"https:\/\/lospoliticosveracruz.com\/wp-content\/uploads\/2025\/04\/Oved-Contreras-e1768066319253.jpg","type":"image\/jpeg"}],"author":"Lo viste en Los Pol\u00edticos","twitter_card":"summary_large_image","twitter_creator":"@LosPoliticosVer","twitter_site":"@LosPoliticosVer","twitter_misc":{"Escrito por":"Lo viste en Los Pol\u00edticos","Tiempo de lectura":"5 minutos"},"schema":{"@context":"https:\/\/schema.org","@graph":[{"@type":"Article","@id":"https:\/\/lospoliticosveracruz.com\/?p=158886#article","isPartOf":{"@id":"https:\/\/lospoliticosveracruz.com\/?p=158886"},"author":{"name":"Lo viste en Los Pol\u00edticos","@id":"https:\/\/lospoliticosveracruz.com\/#\/schema\/person\/b8702bb0e538456e6efd07080bf2a4a2"},"headline":"TUMBARON LA PIPOPADA\u2026","datePublished":"2025-12-20T18:55:06+00:00","dateModified":"2025-12-20T18:55:39+00:00","mainEntityOfPage":{"@id":"https:\/\/lospoliticosveracruz.com\/?p=158886"},"wordCount":1083,"publisher":{"@id":"https:\/\/lospoliticosveracruz.com\/#organization"},"image":{"@id":"https:\/\/lospoliticosveracruz.com\/?p=158886#primaryimage"},"thumbnailUrl":"https:\/\/lospoliticosveracruz.com\/wp-content\/uploads\/2025\/04\/Oved-Contreras-e1768066319253.jpg","keywords":["Chedraui","Miguel Santiago Reyes Hern\u00e1ndez","Morena","Roc\u00edo Nahle","Veracruz"],"articleSection":["De Opini\u00f3n"],"inLanguage":"es"},{"@type":"WebPage","@id":"https:\/\/lospoliticosveracruz.com\/?p=158886","url":"https:\/\/lospoliticosveracruz.com\/?p=158886","name":"TUMBARON LA PIPOPADA\u2026 - Los pol\u00edticos Veracruz","isPartOf":{"@id":"https:\/\/lospoliticosveracruz.com\/#website"},"primaryImageOfPage":{"@id":"https:\/\/lospoliticosveracruz.com\/?p=158886#primaryimage"},"image":{"@id":"https:\/\/lospoliticosveracruz.com\/?p=158886#primaryimage"},"thumbnailUrl":"https:\/\/lospoliticosveracruz.com\/wp-content\/uploads\/2025\/04\/Oved-Contreras-e1768066319253.jpg","datePublished":"2025-12-20T18:55:06+00:00","dateModified":"2025-12-20T18:55:39+00:00","breadcrumb":{"@id":"https:\/\/lospoliticosveracruz.com\/?p=158886#breadcrumb"},"inLanguage":"es","potentialAction":[{"@type":"ReadAction","target":["https:\/\/lospoliticosveracruz.com\/?p=158886"]}]},{"@type":"ImageObject","inLanguage":"es","@id":"https:\/\/lospoliticosveracruz.com\/?p=158886#primaryimage","url":"https:\/\/lospoliticosveracruz.com\/wp-content\/uploads\/2025\/04\/Oved-Contreras-e1768066319253.jpg","contentUrl":"https:\/\/lospoliticosveracruz.com\/wp-content\/uploads\/2025\/04\/Oved-Contreras-e1768066319253.jpg","width":600,"height":320},{"@type":"BreadcrumbList","@id":"https:\/\/lospoliticosveracruz.com\/?p=158886#breadcrumb","itemListElement":[{"@type":"ListItem","position":1,"name":"Portada","item":"https:\/\/lospoliticosveracruz.com\/"},{"@type":"ListItem","position":2,"name":"TUMBARON LA PIPOPADA\u2026"}]},{"@type":"WebSite","@id":"https:\/\/lospoliticosveracruz.com\/#website","url":"https:\/\/lospoliticosveracruz.com\/","name":"Los pol\u00edticos Veracruz","description":"","publisher":{"@id":"https:\/\/lospoliticosveracruz.com\/#organization"},"potentialAction":[{"@type":"SearchAction","target":{"@type":"EntryPoint","urlTemplate":"https:\/\/lospoliticosveracruz.com\/?s={search_term_string}"},"query-input":{"@type":"PropertyValueSpecification","valueRequired":true,"valueName":"search_term_string"}}],"inLanguage":"es"},{"@type":"Organization","@id":"https:\/\/lospoliticosveracruz.com\/#organization","name":"Los pol\u00edticos Veracruz","url":"https:\/\/lospoliticosveracruz.com\/","logo":{"@type":"ImageObject","inLanguage":"es","@id":"https:\/\/lospoliticosveracruz.com\/#\/schema\/logo\/image\/","url":"https:\/\/lospoliticosveracruz.com\/wp-content\/uploads\/2025\/12\/Logo-Nuevo-LOS-POLITICOS-1.jpg","contentUrl":"https:\/\/lospoliticosveracruz.com\/wp-content\/uploads\/2025\/12\/Logo-Nuevo-LOS-POLITICOS-1.jpg","width":260,"height":70,"caption":"Los pol\u00edticos Veracruz"},"image":{"@id":"https:\/\/lospoliticosveracruz.com\/#\/schema\/logo\/image\/"},"sameAs":["https:\/\/www.facebook.com\/people\/Notimemes-de-los-Polticos\/61565672886568\/","https:\/\/x.com\/LosPoliticosVer"]},{"@type":"Person","@id":"https:\/\/lospoliticosveracruz.com\/#\/schema\/person\/b8702bb0e538456e6efd07080bf2a4a2","name":"Lo viste en Los Pol\u00edticos","image":{"@type":"ImageObject","inLanguage":"es","@id":"https:\/\/secure.gravatar.com\/avatar\/3a8de04a2656d44082be478bd6c086daa447c4651605818287b9532d3d0bd435?s=96&d=mm&r=g","url":"https:\/\/secure.gravatar.com\/avatar\/3a8de04a2656d44082be478bd6c086daa447c4651605818287b9532d3d0bd435?s=96&d=mm&r=g","contentUrl":"https:\/\/secure.gravatar.com\/avatar\/3a8de04a2656d44082be478bd6c086daa447c4651605818287b9532d3d0bd435?s=96&d=mm&r=g","caption":"Lo viste en Los Pol\u00edticos"},"url":"https:\/\/lospoliticosveracruz.com\/?author=2"}]}},"_links":{"self":[{"href":"https:\/\/lospoliticosveracruz.com\/index.php?rest_route=\/wp\/v2\/posts\/158886","targetHints":{"allow":["GET"]}}],"collection":[{"href":"https:\/\/lospoliticosveracruz.com\/index.php?rest_route=\/wp\/v2\/posts"}],"about":[{"href":"https:\/\/lospoliticosveracruz.com\/index.php?rest_route=\/wp\/v2\/types\/post"}],"author":[{"embeddable":true,"href":"https:\/\/lospoliticosveracruz.com\/index.php?rest_route=\/wp\/v2\/users\/2"}],"replies":[{"embeddable":true,"href":"https:\/\/lospoliticosveracruz.com\/index.php?rest_route=%2Fwp%2Fv2%2Fcomments&post=158886"}],"version-history":[{"count":1,"href":"https:\/\/lospoliticosveracruz.com\/index.php?rest_route=\/wp\/v2\/posts\/158886\/revisions"}],"predecessor-version":[{"id":158889,"href":"https:\/\/lospoliticosveracruz.com\/index.php?rest_route=\/wp\/v2\/posts\/158886\/revisions\/158889"}],"wp:featuredmedia":[{"embeddable":true,"href":"https:\/\/lospoliticosveracruz.com\/index.php?rest_route=\/wp\/v2\/media\/141426"}],"wp:attachment":[{"href":"https:\/\/lospoliticosveracruz.com\/index.php?rest_route=%2Fwp%2Fv2%2Fmedia&parent=158886"}],"wp:term":[{"taxonomy":"category","embeddable":true,"href":"https:\/\/lospoliticosveracruz.com\/index.php?rest_route=%2Fwp%2Fv2%2Fcategories&post=158886"},{"taxonomy":"post_tag","embeddable":true,"href":"https:\/\/lospoliticosveracruz.com\/index.php?rest_route=%2Fwp%2Fv2%2Ftags&post=158886"}],"curies":[{"name":"wp","href":"https:\/\/api.w.org\/{rel}","templated":true}]}}