{"id":158933,"date":"2025-12-21T09:10:23","date_gmt":"2025-12-21T15:10:23","guid":{"rendered":"https:\/\/lospoliticosveracruz.com\/?p=158933"},"modified":"2025-12-21T09:15:26","modified_gmt":"2025-12-21T15:15:26","slug":"la-paz-imaginaria-de-nahle-2","status":"publish","type":"post","link":"https:\/\/lospoliticosveracruz.com\/?p=158933","title":{"rendered":"LA PAZ IMAGINARIA DE NAHLE"},"content":{"rendered":"\n<p><\/p>\n\n\n\n<p>Mientras el gobierno de Roc\u00edo Nahle Garc\u00eda insiste en vender la idea de un Veracruz \u201cen paz y trabajando\u201d, la realidad \u2014respaldada por datos oficiales, encuestas p\u00fablicas y coberturas de medios nacionales\u2014 muestra un estado tensionado, inconforme y lejos de la narrativa triunfalista de la Cuarta Transformaci\u00f3n.<\/p>\n\n\n\n<p>Porque una cosa es el discurso\u2026 y otra, muy distinta, son los hechos.<\/p>\n\n\n\n<p>\ud83d\udd34 SEGURIDAD: MENOS DISCURSO, M\u00c1S MIEDO<\/p>\n\n\n\n<p>El gobierno estatal presume reducci\u00f3n de delitos de alto impacto y coordinaci\u00f3n con fuerzas federales.<\/p>\n\n\n\n<p>Sin embargo, la percepci\u00f3n ciudadana desmiente el optimismo oficial.<\/p>\n\n\n\n<p>\ud83d\udcca DATOS DUROS<\/p>\n\n\n\n<p>71.7 % de los habitantes de Coatzacoalcos se sienten inseguros.<\/p>\n\n\n\n<p>Fuente: Encuesta ENSU \/ cobertura de Meganoticias, 2025.<\/p>\n\n\n\n<p>Xalapa y Veracruz puerto registran incremento en percepci\u00f3n de inseguridad durante 2025.<\/p>\n\n\n\n<p>Meganoticias, abril 2025.<br>Ataques y asesinatos de taxistas contin\u00faan siendo documentados por medios internacionales.<\/p>\n\n\n\n<p>El Pa\u00eds, agosto 2025.<\/p>\n\n\n\n<p>\ud83d\udc49 Veracruz puede bajar posiciones en tablas oficiales, pero en la calle el miedo sigue intacto.<\/p>\n\n\n\n<p>\ud83d\udcda EDUCACI\u00d3N: AULAS VAC\u00cdAS Y SINDICATOS EN PIE DE LUCHA<\/p>\n\n\n\n<p>La educaci\u00f3n p\u00fablica en Veracruz vive m\u00e1s protestas que resultados.<\/p>\n\n\n\n<p>\ud83d\udcca HECHOS VERIFICADOS<\/p>\n\n\n\n<p>Toma de la Secretar\u00eda de Educaci\u00f3n de Veracruz (SEV) por sindicatos magisteriales.<\/p>\n\n\n\n<p>La Silla Rota, febrero 2025.<br>Docentes con comisiones irregulares y plazas no resueltas reconocidas por la propia SEV.<\/p>\n\n\n\n<p>Diario de Xalapa, marzo 2025.<\/p>\n\n\n\n<p>Marchas de ocho sindicatos exigiendo cumplimiento de acuerdos laborales.<\/p>\n\n\n\n<p>OEM \/ Diario de Xalapa, 2025.<\/p>\n\n\n\n<p>\ud83d\udc49 Si esto es \u201cpaz laboral\u201d, alguien olvid\u00f3 avisarle a los maestros\u2026 y a los alumnos.<\/p>\n\n\n\n<p>\ud83c\udfe5 SALUD: PROTESTAS MASIVAS Y BONOS RECORTADOS<\/p>\n\n\n\n<p>En hospitales y centros de salud, la narrativa gubernamental tampoco alcanza para tapar la crisis.<\/p>\n\n\n\n<p>\ud83d\udcca CIFRAS CLAVE<\/p>\n\n\n\n<p>M\u00e1s de 26 mil trabajadores del sector salud protestaron por el pago incompleto de su bono anual.<\/p>\n\n\n\n<p>TV Azteca Noticias, enero 2025.<\/p>\n\n\n\n<p>Movilizaciones constantes por falta de insumos y condiciones laborales dignas.<\/p>\n\n\n\n<p>Yahoo Noticias \/ medios regionales, 2025.<\/p>\n\n\n\n<p>\ud83d\udc49 La salud p\u00fablica no se cura con boletines, sino con presupuesto y gesti\u00f3n.<\/p>\n\n\n\n<p>\ud83d\ude8d TR\u00c1NSITO Y TRANSPORTE: EL GRAN SILENCIO<\/p>\n\n\n\n<p>Sobre movilidad, transporte p\u00fablico y tr\u00e1nsito, no existen informes claros ni evaluaciones p\u00fablicas recientes que respalden mejoras sustanciales.<\/p>\n\n\n\n<p>\ud83d\udc49 Cuando no hay datos, no es eficiencia: es opacidad.<\/p>\n\n\n\n<p>\ud83d\udcb0 HACIENDA, EMPLACAMIENTO Y FINANZAS: EL N\u00daMERO QUE S\u00cd PRESUMEN<\/p>\n\n\n\n<p>El gobierno presume una reducci\u00f3n del 42 % de la deuda estatal.<\/p>\n\n\n\n<p>\ud83d\udcca DATO OFICIAL<\/p>\n\n\n\n<p>Reducci\u00f3n de deuda total de Veracruz en el primer a\u00f1o de gobierno.<\/p>\n\n\n\n<p>El Financiero, noviembre 2025.<\/p>\n\n\n\n<p>\ud83d\udc49 El problema es que la mejora macro no se refleja en el bolsillo ciudadano, ni en servicios p\u00fablicos funcionales.<\/p>\n\n\n\n<p>\u270a SINDICATOS Y REPRESI\u00d3N ADMINISTRATIVA<\/p>\n\n\n\n<p>Lejos de un clima de di\u00e1logo, la conflictividad laboral va en aumento.<\/p>\n\n\n\n<p>\ud83d\udcca MOVILIZACIONES<\/p>\n\n\n\n<p>Marchas de bur\u00f3cratas contra reformas que afectan derechos laborales.<\/p>\n\n\n\n<p>La Jornada, noviembre 2025.<\/p>\n\n\n\n<p>Denuncias de incumplimientos contractuales en organismos educativos.<br>OEM, 2025.<\/p>\n\n\n\n<p>\ud83d\udc49 Gobernar no es imponer; es negociar. Y aqu\u00ed, claramente, no se est\u00e1 logrando.<\/p>\n\n\n\n<p>\ud83d\uddf3\ufe0f REVOCACI\u00d3N DE MANDATO: EL ELEFANTE EN LA HABITACI\u00d3N<\/p>\n\n\n\n<p>La evaluaci\u00f3n ciudadana es brutal.<\/p>\n\n\n\n<p>\ud83d\udcca OPINI\u00d3N P\u00daBLICA<\/p>\n\n\n\n<p>8 de cada 10 veracruzanos no quieren que Roc\u00edo Nahle contin\u00fae como gobernadora.<\/p>\n\n\n\n<p>84.9 % considera que no dice la verdad.<\/p>\n\n\n\n<p>Encuesta publicada por Claudia Guerrero Mart\u00ednez, 2025.<\/p>\n\n\n\n<p>\ud83d\udc49 La revocaci\u00f3n de mandato ya no es una amenaza pol\u00edtica: es una posibilidad real.<\/p>\n\n\n\n<p>\ud83e\udde0 CONCLUSI\u00d3N: \u201cAMOR CON AMOR SE PAGA\u201d\u2026 Y SE COBRA<\/p>\n\n\n\n<p>Roc\u00edo Nahle prometi\u00f3 continuidad, transformaci\u00f3n y resultados.<\/p>\n\n\n\n<p>Hoy, Veracruz muestra inseguridad persistente, crisis en salud y educaci\u00f3n, sindicatos inconformes y una ciudadan\u00eda cansada.<\/p>\n\n\n\n<p>Y como dicta la frase favorita de la 4T:<\/p>\n\n\n\n<p>\u201cAmor con amor se paga.\u201d<\/p>\n\n\n\n<p>Solo que esta vez, los veracruzanos parecen listos para cobrarle la factura, no solo a la zacatecana, sino tambi\u00e9n al ej\u00e9rcito de funcionarios for\u00e1neos \u2014poblanos incluidos\u2014 que llegaron a gobernar un estado que claramente no entienden.<\/p>\n\n\n\n<p>\u00abPorque el discurso aguanta todo.<br>La realidad, no.\u00bb<\/p>\n","protected":false},"excerpt":{"rendered":"<p>Mientras el gobierno de Roc\u00edo Nahle Garc\u00eda insiste en vender la idea de un Veracruz \u201cen paz y trabajando\u201d, la realidad \u2014respaldada por datos oficiales, encuestas p\u00fablicas y coberturas de medios nacionales\u2014 muestra un estado tensionado, inconforme y lejos de la narrativa triunfalista de la Cuarta Transformaci\u00f3n. Porque una cosa es el discurso\u2026 y otra, [&hellip;]<\/p>\n","protected":false},"author":2,"featured_media":158929,"comment_status":"closed","ping_status":"closed","sticky":false,"template":"","format":"standard","meta":{"tdm_status":"","tdm_grid_status":"","footnotes":""},"categories":[74],"tags":[1026,4386,195],"class_list":{"0":"post-158933","1":"post","2":"type-post","3":"status-publish","4":"format-standard","5":"has-post-thumbnail","7":"category-lavadero","8":"tag-morena","9":"tag-rocio-nahle-garcia","10":"tag-veracruz"},"yoast_head":"<!-- This site is optimized with the Yoast SEO plugin v27.4 - https:\/\/yoast.com\/product\/yoast-seo-wordpress\/ -->\n<title>LA PAZ IMAGINARIA DE NAHLE - Los pol\u00edticos Veracruz<\/title>\n<meta name=\"robots\" content=\"index, follow, max-snippet:-1, max-image-preview:large, max-video-preview:-1\" \/>\n<link rel=\"canonical\" href=\"https:\/\/lospoliticosveracruz.com\/?p=158933\" \/>\n<meta property=\"og:locale\" content=\"es_ES\" \/>\n<meta property=\"og:type\" content=\"article\" \/>\n<meta property=\"og:title\" content=\"LA PAZ IMAGINARIA DE NAHLE - Los pol\u00edticos Veracruz\" \/>\n<meta property=\"og:description\" content=\"Mientras el gobierno de Roc\u00edo Nahle Garc\u00eda insiste en vender la idea de un Veracruz \u201cen paz y trabajando\u201d, la realidad \u2014respaldada por datos oficiales, encuestas p\u00fablicas y coberturas de medios nacionales\u2014 muestra un estado tensionado, inconforme y lejos de la narrativa triunfalista de la Cuarta Transformaci\u00f3n. Porque una cosa es el discurso\u2026 y otra, [&hellip;]\" \/>\n<meta property=\"og:url\" content=\"https:\/\/lospoliticosveracruz.com\/?p=158933\" \/>\n<meta property=\"og:site_name\" content=\"Los pol\u00edticos Veracruz\" \/>\n<meta property=\"article:publisher\" content=\"https:\/\/www.facebook.com\/people\/Notimemes-de-los-Polticos\/61565672886568\/\" \/>\n<meta property=\"article:published_time\" content=\"2025-12-21T15:10:23+00:00\" \/>\n<meta property=\"article:modified_time\" content=\"2025-12-21T15:15:26+00:00\" \/>\n<meta property=\"og:image\" content=\"https:\/\/lospoliticosveracruz.com\/wp-content\/uploads\/2025\/12\/95ba501d-3f9b-4bd6-b01e-5e4127fed426-e1766325742814.jpeg\" \/>\n\t<meta property=\"og:image:width\" content=\"600\" \/>\n\t<meta property=\"og:image:height\" content=\"394\" \/>\n\t<meta property=\"og:image:type\" content=\"image\/jpeg\" \/>\n<meta name=\"author\" content=\"Lo viste en Los Pol\u00edticos\" \/>\n<meta name=\"twitter:card\" content=\"summary_large_image\" \/>\n<meta name=\"twitter:creator\" content=\"@LosPoliticosVer\" \/>\n<meta name=\"twitter:site\" content=\"@LosPoliticosVer\" \/>\n<meta name=\"twitter:label1\" content=\"Escrito por\" \/>\n\t<meta name=\"twitter:data1\" content=\"Lo viste en Los Pol\u00edticos\" \/>\n\t<meta name=\"twitter:label2\" content=\"Tiempo de lectura\" \/>\n\t<meta name=\"twitter:data2\" content=\"3 minutos\" \/>\n<script type=\"application\/ld+json\" class=\"yoast-schema-graph\">{\"@context\":\"https:\\\/\\\/schema.org\",\"@graph\":[{\"@type\":\"Article\",\"@id\":\"https:\\\/\\\/lospoliticosveracruz.com\\\/?p=158933#article\",\"isPartOf\":{\"@id\":\"https:\\\/\\\/lospoliticosveracruz.com\\\/?p=158933\"},\"author\":{\"name\":\"Lo viste en Los Pol\u00edticos\",\"@id\":\"https:\\\/\\\/lospoliticosveracruz.com\\\/#\\\/schema\\\/person\\\/b8702bb0e538456e6efd07080bf2a4a2\"},\"headline\":\"LA PAZ IMAGINARIA DE NAHLE\",\"datePublished\":\"2025-12-21T15:10:23+00:00\",\"dateModified\":\"2025-12-21T15:15:26+00:00\",\"mainEntityOfPage\":{\"@id\":\"https:\\\/\\\/lospoliticosveracruz.com\\\/?p=158933\"},\"wordCount\":635,\"publisher\":{\"@id\":\"https:\\\/\\\/lospoliticosveracruz.com\\\/#organization\"},\"image\":{\"@id\":\"https:\\\/\\\/lospoliticosveracruz.com\\\/?p=158933#primaryimage\"},\"thumbnailUrl\":\"https:\\\/\\\/lospoliticosveracruz.com\\\/wp-content\\\/uploads\\\/2025\\\/12\\\/95ba501d-3f9b-4bd6-b01e-5e4127fed426-e1766325742814.jpeg\",\"keywords\":[\"Morena\",\"Roc\u00edo Nahle Garc\u00eda\",\"Veracruz\"],\"articleSection\":[\"Lavadero\"],\"inLanguage\":\"es\"},{\"@type\":\"WebPage\",\"@id\":\"https:\\\/\\\/lospoliticosveracruz.com\\\/?p=158933\",\"url\":\"https:\\\/\\\/lospoliticosveracruz.com\\\/?p=158933\",\"name\":\"LA PAZ IMAGINARIA DE NAHLE - Los pol\u00edticos Veracruz\",\"isPartOf\":{\"@id\":\"https:\\\/\\\/lospoliticosveracruz.com\\\/#website\"},\"primaryImageOfPage\":{\"@id\":\"https:\\\/\\\/lospoliticosveracruz.com\\\/?p=158933#primaryimage\"},\"image\":{\"@id\":\"https:\\\/\\\/lospoliticosveracruz.com\\\/?p=158933#primaryimage\"},\"thumbnailUrl\":\"https:\\\/\\\/lospoliticosveracruz.com\\\/wp-content\\\/uploads\\\/2025\\\/12\\\/95ba501d-3f9b-4bd6-b01e-5e4127fed426-e1766325742814.jpeg\",\"datePublished\":\"2025-12-21T15:10:23+00:00\",\"dateModified\":\"2025-12-21T15:15:26+00:00\",\"breadcrumb\":{\"@id\":\"https:\\\/\\\/lospoliticosveracruz.com\\\/?p=158933#breadcrumb\"},\"inLanguage\":\"es\",\"potentialAction\":[{\"@type\":\"ReadAction\",\"target\":[\"https:\\\/\\\/lospoliticosveracruz.com\\\/?p=158933\"]}]},{\"@type\":\"ImageObject\",\"inLanguage\":\"es\",\"@id\":\"https:\\\/\\\/lospoliticosveracruz.com\\\/?p=158933#primaryimage\",\"url\":\"https:\\\/\\\/lospoliticosveracruz.com\\\/wp-content\\\/uploads\\\/2025\\\/12\\\/95ba501d-3f9b-4bd6-b01e-5e4127fed426-e1766325742814.jpeg\",\"contentUrl\":\"https:\\\/\\\/lospoliticosveracruz.com\\\/wp-content\\\/uploads\\\/2025\\\/12\\\/95ba501d-3f9b-4bd6-b01e-5e4127fed426-e1766325742814.jpeg\",\"width\":600,\"height\":394},{\"@type\":\"BreadcrumbList\",\"@id\":\"https:\\\/\\\/lospoliticosveracruz.com\\\/?p=158933#breadcrumb\",\"itemListElement\":[{\"@type\":\"ListItem\",\"position\":1,\"name\":\"Portada\",\"item\":\"https:\\\/\\\/lospoliticosveracruz.com\\\/\"},{\"@type\":\"ListItem\",\"position\":2,\"name\":\"LA PAZ IMAGINARIA DE NAHLE\"}]},{\"@type\":\"WebSite\",\"@id\":\"https:\\\/\\\/lospoliticosveracruz.com\\\/#website\",\"url\":\"https:\\\/\\\/lospoliticosveracruz.com\\\/\",\"name\":\"Los pol\u00edticos Veracruz\",\"description\":\"\",\"publisher\":{\"@id\":\"https:\\\/\\\/lospoliticosveracruz.com\\\/#organization\"},\"potentialAction\":[{\"@type\":\"SearchAction\",\"target\":{\"@type\":\"EntryPoint\",\"urlTemplate\":\"https:\\\/\\\/lospoliticosveracruz.com\\\/?s={search_term_string}\"},\"query-input\":{\"@type\":\"PropertyValueSpecification\",\"valueRequired\":true,\"valueName\":\"search_term_string\"}}],\"inLanguage\":\"es\"},{\"@type\":\"Organization\",\"@id\":\"https:\\\/\\\/lospoliticosveracruz.com\\\/#organization\",\"name\":\"Los pol\u00edticos Veracruz\",\"url\":\"https:\\\/\\\/lospoliticosveracruz.com\\\/\",\"logo\":{\"@type\":\"ImageObject\",\"inLanguage\":\"es\",\"@id\":\"https:\\\/\\\/lospoliticosveracruz.com\\\/#\\\/schema\\\/logo\\\/image\\\/\",\"url\":\"https:\\\/\\\/lospoliticosveracruz.com\\\/wp-content\\\/uploads\\\/2025\\\/12\\\/Logo-Nuevo-LOS-POLITICOS-1.jpg\",\"contentUrl\":\"https:\\\/\\\/lospoliticosveracruz.com\\\/wp-content\\\/uploads\\\/2025\\\/12\\\/Logo-Nuevo-LOS-POLITICOS-1.jpg\",\"width\":260,\"height\":70,\"caption\":\"Los pol\u00edticos Veracruz\"},\"image\":{\"@id\":\"https:\\\/\\\/lospoliticosveracruz.com\\\/#\\\/schema\\\/logo\\\/image\\\/\"},\"sameAs\":[\"https:\\\/\\\/www.facebook.com\\\/people\\\/Notimemes-de-los-Polticos\\\/61565672886568\\\/\",\"https:\\\/\\\/x.com\\\/LosPoliticosVer\"]},{\"@type\":\"Person\",\"@id\":\"https:\\\/\\\/lospoliticosveracruz.com\\\/#\\\/schema\\\/person\\\/b8702bb0e538456e6efd07080bf2a4a2\",\"name\":\"Lo viste en Los Pol\u00edticos\",\"image\":{\"@type\":\"ImageObject\",\"inLanguage\":\"es\",\"@id\":\"https:\\\/\\\/secure.gravatar.com\\\/avatar\\\/3a8de04a2656d44082be478bd6c086daa447c4651605818287b9532d3d0bd435?s=96&d=mm&r=g\",\"url\":\"https:\\\/\\\/secure.gravatar.com\\\/avatar\\\/3a8de04a2656d44082be478bd6c086daa447c4651605818287b9532d3d0bd435?s=96&d=mm&r=g\",\"contentUrl\":\"https:\\\/\\\/secure.gravatar.com\\\/avatar\\\/3a8de04a2656d44082be478bd6c086daa447c4651605818287b9532d3d0bd435?s=96&d=mm&r=g\",\"caption\":\"Lo viste en Los Pol\u00edticos\"},\"url\":\"https:\\\/\\\/lospoliticosveracruz.com\\\/?author=2\"}]}<\/script>\n<!-- \/ Yoast SEO plugin. -->","yoast_head_json":{"title":"LA PAZ IMAGINARIA DE NAHLE - Los pol\u00edticos Veracruz","robots":{"index":"index","follow":"follow","max-snippet":"max-snippet:-1","max-image-preview":"max-image-preview:large","max-video-preview":"max-video-preview:-1"},"canonical":"https:\/\/lospoliticosveracruz.com\/?p=158933","og_locale":"es_ES","og_type":"article","og_title":"LA PAZ IMAGINARIA DE NAHLE - Los pol\u00edticos Veracruz","og_description":"Mientras el gobierno de Roc\u00edo Nahle Garc\u00eda insiste en vender la idea de un Veracruz \u201cen paz y trabajando\u201d, la realidad \u2014respaldada por datos oficiales, encuestas p\u00fablicas y coberturas de medios nacionales\u2014 muestra un estado tensionado, inconforme y lejos de la narrativa triunfalista de la Cuarta Transformaci\u00f3n. Porque una cosa es el discurso\u2026 y otra, [&hellip;]","og_url":"https:\/\/lospoliticosveracruz.com\/?p=158933","og_site_name":"Los pol\u00edticos Veracruz","article_publisher":"https:\/\/www.facebook.com\/people\/Notimemes-de-los-Polticos\/61565672886568\/","article_published_time":"2025-12-21T15:10:23+00:00","article_modified_time":"2025-12-21T15:15:26+00:00","og_image":[{"width":600,"height":394,"url":"https:\/\/lospoliticosveracruz.com\/wp-content\/uploads\/2025\/12\/95ba501d-3f9b-4bd6-b01e-5e4127fed426-e1766325742814.jpeg","type":"image\/jpeg"}],"author":"Lo viste en Los Pol\u00edticos","twitter_card":"summary_large_image","twitter_creator":"@LosPoliticosVer","twitter_site":"@LosPoliticosVer","twitter_misc":{"Escrito por":"Lo viste en Los Pol\u00edticos","Tiempo de lectura":"3 minutos"},"schema":{"@context":"https:\/\/schema.org","@graph":[{"@type":"Article","@id":"https:\/\/lospoliticosveracruz.com\/?p=158933#article","isPartOf":{"@id":"https:\/\/lospoliticosveracruz.com\/?p=158933"},"author":{"name":"Lo viste en Los Pol\u00edticos","@id":"https:\/\/lospoliticosveracruz.com\/#\/schema\/person\/b8702bb0e538456e6efd07080bf2a4a2"},"headline":"LA PAZ IMAGINARIA DE NAHLE","datePublished":"2025-12-21T15:10:23+00:00","dateModified":"2025-12-21T15:15:26+00:00","mainEntityOfPage":{"@id":"https:\/\/lospoliticosveracruz.com\/?p=158933"},"wordCount":635,"publisher":{"@id":"https:\/\/lospoliticosveracruz.com\/#organization"},"image":{"@id":"https:\/\/lospoliticosveracruz.com\/?p=158933#primaryimage"},"thumbnailUrl":"https:\/\/lospoliticosveracruz.com\/wp-content\/uploads\/2025\/12\/95ba501d-3f9b-4bd6-b01e-5e4127fed426-e1766325742814.jpeg","keywords":["Morena","Roc\u00edo Nahle Garc\u00eda","Veracruz"],"articleSection":["Lavadero"],"inLanguage":"es"},{"@type":"WebPage","@id":"https:\/\/lospoliticosveracruz.com\/?p=158933","url":"https:\/\/lospoliticosveracruz.com\/?p=158933","name":"LA PAZ IMAGINARIA DE NAHLE - Los pol\u00edticos Veracruz","isPartOf":{"@id":"https:\/\/lospoliticosveracruz.com\/#website"},"primaryImageOfPage":{"@id":"https:\/\/lospoliticosveracruz.com\/?p=158933#primaryimage"},"image":{"@id":"https:\/\/lospoliticosveracruz.com\/?p=158933#primaryimage"},"thumbnailUrl":"https:\/\/lospoliticosveracruz.com\/wp-content\/uploads\/2025\/12\/95ba501d-3f9b-4bd6-b01e-5e4127fed426-e1766325742814.jpeg","datePublished":"2025-12-21T15:10:23+00:00","dateModified":"2025-12-21T15:15:26+00:00","breadcrumb":{"@id":"https:\/\/lospoliticosveracruz.com\/?p=158933#breadcrumb"},"inLanguage":"es","potentialAction":[{"@type":"ReadAction","target":["https:\/\/lospoliticosveracruz.com\/?p=158933"]}]},{"@type":"ImageObject","inLanguage":"es","@id":"https:\/\/lospoliticosveracruz.com\/?p=158933#primaryimage","url":"https:\/\/lospoliticosveracruz.com\/wp-content\/uploads\/2025\/12\/95ba501d-3f9b-4bd6-b01e-5e4127fed426-e1766325742814.jpeg","contentUrl":"https:\/\/lospoliticosveracruz.com\/wp-content\/uploads\/2025\/12\/95ba501d-3f9b-4bd6-b01e-5e4127fed426-e1766325742814.jpeg","width":600,"height":394},{"@type":"BreadcrumbList","@id":"https:\/\/lospoliticosveracruz.com\/?p=158933#breadcrumb","itemListElement":[{"@type":"ListItem","position":1,"name":"Portada","item":"https:\/\/lospoliticosveracruz.com\/"},{"@type":"ListItem","position":2,"name":"LA PAZ IMAGINARIA DE NAHLE"}]},{"@type":"WebSite","@id":"https:\/\/lospoliticosveracruz.com\/#website","url":"https:\/\/lospoliticosveracruz.com\/","name":"Los pol\u00edticos Veracruz","description":"","publisher":{"@id":"https:\/\/lospoliticosveracruz.com\/#organization"},"potentialAction":[{"@type":"SearchAction","target":{"@type":"EntryPoint","urlTemplate":"https:\/\/lospoliticosveracruz.com\/?s={search_term_string}"},"query-input":{"@type":"PropertyValueSpecification","valueRequired":true,"valueName":"search_term_string"}}],"inLanguage":"es"},{"@type":"Organization","@id":"https:\/\/lospoliticosveracruz.com\/#organization","name":"Los pol\u00edticos Veracruz","url":"https:\/\/lospoliticosveracruz.com\/","logo":{"@type":"ImageObject","inLanguage":"es","@id":"https:\/\/lospoliticosveracruz.com\/#\/schema\/logo\/image\/","url":"https:\/\/lospoliticosveracruz.com\/wp-content\/uploads\/2025\/12\/Logo-Nuevo-LOS-POLITICOS-1.jpg","contentUrl":"https:\/\/lospoliticosveracruz.com\/wp-content\/uploads\/2025\/12\/Logo-Nuevo-LOS-POLITICOS-1.jpg","width":260,"height":70,"caption":"Los pol\u00edticos Veracruz"},"image":{"@id":"https:\/\/lospoliticosveracruz.com\/#\/schema\/logo\/image\/"},"sameAs":["https:\/\/www.facebook.com\/people\/Notimemes-de-los-Polticos\/61565672886568\/","https:\/\/x.com\/LosPoliticosVer"]},{"@type":"Person","@id":"https:\/\/lospoliticosveracruz.com\/#\/schema\/person\/b8702bb0e538456e6efd07080bf2a4a2","name":"Lo viste en Los Pol\u00edticos","image":{"@type":"ImageObject","inLanguage":"es","@id":"https:\/\/secure.gravatar.com\/avatar\/3a8de04a2656d44082be478bd6c086daa447c4651605818287b9532d3d0bd435?s=96&d=mm&r=g","url":"https:\/\/secure.gravatar.com\/avatar\/3a8de04a2656d44082be478bd6c086daa447c4651605818287b9532d3d0bd435?s=96&d=mm&r=g","contentUrl":"https:\/\/secure.gravatar.com\/avatar\/3a8de04a2656d44082be478bd6c086daa447c4651605818287b9532d3d0bd435?s=96&d=mm&r=g","caption":"Lo viste en Los Pol\u00edticos"},"url":"https:\/\/lospoliticosveracruz.com\/?author=2"}]}},"_links":{"self":[{"href":"https:\/\/lospoliticosveracruz.com\/index.php?rest_route=\/wp\/v2\/posts\/158933","targetHints":{"allow":["GET"]}}],"collection":[{"href":"https:\/\/lospoliticosveracruz.com\/index.php?rest_route=\/wp\/v2\/posts"}],"about":[{"href":"https:\/\/lospoliticosveracruz.com\/index.php?rest_route=\/wp\/v2\/types\/post"}],"author":[{"embeddable":true,"href":"https:\/\/lospoliticosveracruz.com\/index.php?rest_route=\/wp\/v2\/users\/2"}],"replies":[{"embeddable":true,"href":"https:\/\/lospoliticosveracruz.com\/index.php?rest_route=%2Fwp%2Fv2%2Fcomments&post=158933"}],"version-history":[{"count":1,"href":"https:\/\/lospoliticosveracruz.com\/index.php?rest_route=\/wp\/v2\/posts\/158933\/revisions"}],"predecessor-version":[{"id":158934,"href":"https:\/\/lospoliticosveracruz.com\/index.php?rest_route=\/wp\/v2\/posts\/158933\/revisions\/158934"}],"wp:featuredmedia":[{"embeddable":true,"href":"https:\/\/lospoliticosveracruz.com\/index.php?rest_route=\/wp\/v2\/media\/158929"}],"wp:attachment":[{"href":"https:\/\/lospoliticosveracruz.com\/index.php?rest_route=%2Fwp%2Fv2%2Fmedia&parent=158933"}],"wp:term":[{"taxonomy":"category","embeddable":true,"href":"https:\/\/lospoliticosveracruz.com\/index.php?rest_route=%2Fwp%2Fv2%2Fcategories&post=158933"},{"taxonomy":"post_tag","embeddable":true,"href":"https:\/\/lospoliticosveracruz.com\/index.php?rest_route=%2Fwp%2Fv2%2Ftags&post=158933"}],"curies":[{"name":"wp","href":"https:\/\/api.w.org\/{rel}","templated":true}]}}