{"id":158969,"date":"2025-12-21T22:14:00","date_gmt":"2025-12-22T04:14:00","guid":{"rendered":"https:\/\/lospoliticosveracruz.com\/?p=158969"},"modified":"2025-12-21T22:14:01","modified_gmt":"2025-12-22T04:14:01","slug":"autocritica-el-precio-de-su-ausencia-iii","status":"publish","type":"post","link":"https:\/\/lospoliticosveracruz.com\/?p=158969","title":{"rendered":"AUTOCR\u00cdTICA: EL PRECIO DE SU AUSENCIA III"},"content":{"rendered":"\n<p><strong>Jos\u00e9 Luis Ortega Vidal<\/strong><br><em>Claroscuros<\/em><br>Dentro y alrededor de la idea de la autocr\u00edtica ausente en el universo pol\u00edtico mexicano \u2013el de siempre y el actual- coexiste una concatenaci\u00f3n de argumentos.<br>Escrib\u00ed en el CLAROSCUROS previo este p\u00e1rrafo:<\/p>\n\n\n\n\n\n<p>\u201cEl caos pol\u00edtico en el M\u00e9xico actual surge de una contradicci\u00f3n esencial en nuestra historia reciente: sacamos al PRI del poder por su vocaci\u00f3n antidemocr\u00e1tica; el PAN tom\u00f3 la estafeta v\u00eda los comicios democr\u00e1ticos del a\u00f1o 2000, y continu\u00f3 la elecci\u00f3n pol\u00e9mica del 2006.\u201d<\/p>\n\n\n\n<p>(2)<br>El priismo encabezado \u2013simb\u00f3licamente, en apego a su tradici\u00f3n hist\u00f3rica- por Enrique Pe\u00f1a Nieto, volvi\u00f3 a fallar; demostr\u00f3 al pa\u00eds durante el sexenio 2012-2018 que hijo de dinosaurio es dinosaurito\u2026<br>(3)<br>C\u00e9sar Duarte J\u00e1quez en Chihuahua y Javier Duarte de Ochoa en Veracruz, contribuyeron asquerosamente al hundimiento del priismo en su segunda oportunidad hist\u00f3rica\u2026<br>Nos demostraron que el ADN de la corrupci\u00f3n forma parte de la clase pol\u00edtica tricolor y hoy lo pagan con c\u00e1rcel.<br>Los Duarte son apenas dos ejemplos en una historia donde los nombres de Enrique Pe\u00f1a Nieto, Emilio Lozoya Austin, Luis Videgaray Caso, entre otros, conforman un listado de saqueo e impunidad que condujo al hartazgo y al Nunca M\u00e1s que la sociedad mexicana firm\u00f3 contra el PRI.<br>La mayor\u00eda de electores apost\u00f3 por el movimiento encabezado por Andr\u00e9s Manuel L\u00f3pez Obrador.<br>La lucha hist\u00f3rica de AMLO como l\u00edder nacido en el PRI de los a\u00f1os 70s del siglo pasado, para sumarse a la corriente democratizadora del partido tricolor encabezada por Cuauht\u00e9moc C\u00e1rdenas Sol\u00f3rzano, Porfirio Mu\u00f1oz Ledo, Ifigenia Mart\u00ednez y Hern\u00e1ndez, durante los a\u00f1os 80s e impulsar el nacimiento del Partido de la Revoluci\u00f3n Democr\u00e1tica (PRD), forma parte de antecedentes clave en el arribo de la izquierda al poder.<\/p>\n\n\n\n<p>(4)<br>Los siete a\u00f1os de MORENA al frente del gobierno federal constituyen un buen momento para reflexionar sobre la autocr\u00edtica ausente en nuestra nueva clase pol\u00edtica, pero tambi\u00e9n lejana de la sociedad civil de M\u00e9xico.<br>Va de nuevo la cita:<\/p>\n\n\n\n<p>\u201cEl caos pol\u00edtico en el M\u00e9xico actual surge de una contradicci\u00f3n esencial en nuestra historia reciente: sacamos al PRI del poder por su vocaci\u00f3n antidemocr\u00e1tica; el PAN tom\u00f3 la estafeta v\u00eda los comicios democr\u00e1ticos del a\u00f1o 2000, y continu\u00f3 la elecci\u00f3n pol\u00e9mica del 2006.\u201d<\/p>\n\n\n\n<p>(5)<br>\u00bfPor qu\u00e9 la insistencia en este p\u00e1rrafo?<br>A diferencia de los comicios del 2006, tras las elecciones del 2012 Enrique Pe\u00f1a Nieto lleg\u00f3 al poder legitimado por la mayor\u00eda de votos; mientras Andr\u00e9s Manuel L\u00f3pez Obrador se qued\u00f3 con el tercer sitio, a la zaga del PAN que perd\u00eda el poder luego de doce a\u00f1os de gobierno con Vicente Fox y Felipe Calder\u00f3n.<br>Tras el sexenio de Pe\u00f1a Nieto, AMLO volvi\u00f3 a tomar aliento como el l\u00edder de masas que fue en la elecci\u00f3n del presunto fraude (2 de julio 2006), para aplastar a todos, priistas y panistas, aquel hist\u00f3rico primero de julio del 2018.<br>(6)<br>He aqu\u00ed un punto medular para la reflexi\u00f3n y an\u00e1lisis: L\u00f3pez Obrador fue perseverante; Andr\u00e9s Manuel demostr\u00f3 una vez m\u00e1s ser un l\u00edder al m\u00e1s alto nivel y como pocos en el siglo XX mexicano\u2026<br>Creador de MORENA, condujo a masas diferentes a las dominadas por el PRI durante sus setenta a\u00f1os de poder, a un relevo democr\u00e1tico encabezado por un l\u00edder y no por una estructura partidista a\u00f1eja: \u00e9l mismo.<br>Ahora bien, esta descripci\u00f3n expone una ecuaci\u00f3n pol\u00edtica incompleta del M\u00e9xico del a\u00f1o 2018; porque la coyuntura del priismo sumido en su propia podredumbre permiti\u00f3 a Andr\u00e9s Manuel L\u00f3pez Obrador llegar a la meta en su tercer intento.<br>(7)<br>La lucha de AMLO fue hist\u00f3rica y obtuvo un triunfo leg\u00edtimo, s\u00ed\u2026<br>Pero el PRI corrupto, ineficaz, dividido, quebrado ideol\u00f3gicamente en su segunda oportunidad al frente del tim\u00f3n del Estado, puso su propia cabeza en bandeja de plata y la entreg\u00f3 a MORENA, un movimiento pol\u00edtico que al mes de diciembre del 2025 a\u00fan no termina de convertirse en partido pol\u00edtico pleno\u2026<br>(8)<br>MORENA, adem\u00e1s, no es un movimiento pol\u00edtico ni un partido autocr\u00edtico; lo que se traduce en su ausencia democr\u00e1tica; en su vocaci\u00f3n corrupta; en su control de masas v\u00eda el reparto de dinero \u2013BIENESTAR-, como el PRI lo hizo en su momento y lo operaron los priistas hoy vestidos de guinda y colocados en puestos esenciales de la maquinaria partidista y burocr\u00e1tica que nos gobierna\u2026<br>\u00bfY la sociedad civil y su autocr\u00edtica?<br>\u00bfSomos conscientes de nuestros errores como votantes una y otra y otra vez?<br>CONTINUAR\u00c1<\/p>\n","protected":false},"excerpt":{"rendered":"<p>Jos\u00e9 Luis Ortega VidalClaroscurosDentro y alrededor de la idea de la autocr\u00edtica ausente en el universo pol\u00edtico mexicano \u2013el de siempre y el actual- coexiste una concatenaci\u00f3n de argumentos.Escrib\u00ed en el CLAROSCUROS previo este p\u00e1rrafo: \u201cEl caos pol\u00edtico en el M\u00e9xico actual surge de una contradicci\u00f3n esencial en nuestra historia reciente: sacamos al PRI del [&hellip;]<\/p>\n","protected":false},"author":2,"featured_media":141392,"comment_status":"closed","ping_status":"closed","sticky":false,"template":"","format":"standard","meta":{"tdm_status":"","tdm_grid_status":"","footnotes":""},"categories":[70],"tags":[2769,1026,251,195],"class_list":{"0":"post-158969","1":"post","2":"type-post","3":"status-publish","4":"format-standard","5":"has-post-thumbnail","7":"category-de-opinion","8":"tag-jose-luis-ortega-vidal","9":"tag-morena","10":"tag-pri","11":"tag-veracruz"},"yoast_head":"<!-- This site is optimized with the Yoast SEO plugin v27.4 - https:\/\/yoast.com\/product\/yoast-seo-wordpress\/ -->\n<title>AUTOCR\u00cdTICA: EL PRECIO DE SU AUSENCIA III - Los pol\u00edticos Veracruz<\/title>\n<meta name=\"robots\" content=\"index, follow, max-snippet:-1, max-image-preview:large, max-video-preview:-1\" \/>\n<link rel=\"canonical\" href=\"https:\/\/lospoliticosveracruz.com\/?p=158969\" \/>\n<meta property=\"og:locale\" content=\"es_ES\" \/>\n<meta property=\"og:type\" content=\"article\" \/>\n<meta property=\"og:title\" content=\"AUTOCR\u00cdTICA: EL PRECIO DE SU AUSENCIA III - Los pol\u00edticos Veracruz\" \/>\n<meta property=\"og:description\" content=\"Jos\u00e9 Luis Ortega VidalClaroscurosDentro y alrededor de la idea de la autocr\u00edtica ausente en el universo pol\u00edtico mexicano \u2013el de siempre y el actual- coexiste una concatenaci\u00f3n de argumentos.Escrib\u00ed en el CLAROSCUROS previo este p\u00e1rrafo: \u201cEl caos pol\u00edtico en el M\u00e9xico actual surge de una contradicci\u00f3n esencial en nuestra historia reciente: sacamos al PRI del [&hellip;]\" \/>\n<meta property=\"og:url\" content=\"https:\/\/lospoliticosveracruz.com\/?p=158969\" \/>\n<meta property=\"og:site_name\" content=\"Los pol\u00edticos Veracruz\" \/>\n<meta property=\"article:publisher\" content=\"https:\/\/www.facebook.com\/people\/Notimemes-de-los-Polticos\/61565672886568\/\" \/>\n<meta property=\"article:published_time\" content=\"2025-12-22T04:14:00+00:00\" \/>\n<meta property=\"article:modified_time\" content=\"2025-12-22T04:14:01+00:00\" \/>\n<meta property=\"og:image\" content=\"https:\/\/lospoliticosveracruz.com\/wp-content\/uploads\/2025\/04\/Jose-Luis-Ortega-Vidal.jpg\" \/>\n\t<meta property=\"og:image:width\" content=\"1250\" \/>\n\t<meta property=\"og:image:height\" content=\"667\" \/>\n\t<meta property=\"og:image:type\" content=\"image\/jpeg\" \/>\n<meta name=\"author\" content=\"Lo viste en Los Pol\u00edticos\" \/>\n<meta name=\"twitter:card\" content=\"summary_large_image\" \/>\n<meta name=\"twitter:creator\" content=\"@LosPoliticosVer\" \/>\n<meta name=\"twitter:site\" content=\"@LosPoliticosVer\" \/>\n<meta name=\"twitter:label1\" content=\"Escrito por\" \/>\n\t<meta name=\"twitter:data1\" content=\"Lo viste en Los Pol\u00edticos\" \/>\n\t<meta name=\"twitter:label2\" content=\"Tiempo de lectura\" \/>\n\t<meta name=\"twitter:data2\" content=\"4 minutos\" \/>\n<script type=\"application\/ld+json\" class=\"yoast-schema-graph\">{\"@context\":\"https:\\\/\\\/schema.org\",\"@graph\":[{\"@type\":\"Article\",\"@id\":\"https:\\\/\\\/lospoliticosveracruz.com\\\/?p=158969#article\",\"isPartOf\":{\"@id\":\"https:\\\/\\\/lospoliticosveracruz.com\\\/?p=158969\"},\"author\":{\"name\":\"Lo viste en Los Pol\u00edticos\",\"@id\":\"https:\\\/\\\/lospoliticosveracruz.com\\\/#\\\/schema\\\/person\\\/b8702bb0e538456e6efd07080bf2a4a2\"},\"headline\":\"AUTOCR\u00cdTICA: EL PRECIO DE SU AUSENCIA III\",\"datePublished\":\"2025-12-22T04:14:00+00:00\",\"dateModified\":\"2025-12-22T04:14:01+00:00\",\"mainEntityOfPage\":{\"@id\":\"https:\\\/\\\/lospoliticosveracruz.com\\\/?p=158969\"},\"wordCount\":828,\"publisher\":{\"@id\":\"https:\\\/\\\/lospoliticosveracruz.com\\\/#organization\"},\"image\":{\"@id\":\"https:\\\/\\\/lospoliticosveracruz.com\\\/?p=158969#primaryimage\"},\"thumbnailUrl\":\"https:\\\/\\\/lospoliticosveracruz.com\\\/wp-content\\\/uploads\\\/2025\\\/04\\\/Jose-Luis-Ortega-Vidal.jpg\",\"keywords\":[\"Jos\u00e9 Luis Ortega Vidal\",\"Morena\",\"PRI\",\"Veracruz\"],\"articleSection\":[\"De Opini\u00f3n\"],\"inLanguage\":\"es\"},{\"@type\":\"WebPage\",\"@id\":\"https:\\\/\\\/lospoliticosveracruz.com\\\/?p=158969\",\"url\":\"https:\\\/\\\/lospoliticosveracruz.com\\\/?p=158969\",\"name\":\"AUTOCR\u00cdTICA: EL PRECIO DE SU AUSENCIA III - Los pol\u00edticos Veracruz\",\"isPartOf\":{\"@id\":\"https:\\\/\\\/lospoliticosveracruz.com\\\/#website\"},\"primaryImageOfPage\":{\"@id\":\"https:\\\/\\\/lospoliticosveracruz.com\\\/?p=158969#primaryimage\"},\"image\":{\"@id\":\"https:\\\/\\\/lospoliticosveracruz.com\\\/?p=158969#primaryimage\"},\"thumbnailUrl\":\"https:\\\/\\\/lospoliticosveracruz.com\\\/wp-content\\\/uploads\\\/2025\\\/04\\\/Jose-Luis-Ortega-Vidal.jpg\",\"datePublished\":\"2025-12-22T04:14:00+00:00\",\"dateModified\":\"2025-12-22T04:14:01+00:00\",\"breadcrumb\":{\"@id\":\"https:\\\/\\\/lospoliticosveracruz.com\\\/?p=158969#breadcrumb\"},\"inLanguage\":\"es\",\"potentialAction\":[{\"@type\":\"ReadAction\",\"target\":[\"https:\\\/\\\/lospoliticosveracruz.com\\\/?p=158969\"]}]},{\"@type\":\"ImageObject\",\"inLanguage\":\"es\",\"@id\":\"https:\\\/\\\/lospoliticosveracruz.com\\\/?p=158969#primaryimage\",\"url\":\"https:\\\/\\\/lospoliticosveracruz.com\\\/wp-content\\\/uploads\\\/2025\\\/04\\\/Jose-Luis-Ortega-Vidal.jpg\",\"contentUrl\":\"https:\\\/\\\/lospoliticosveracruz.com\\\/wp-content\\\/uploads\\\/2025\\\/04\\\/Jose-Luis-Ortega-Vidal.jpg\",\"width\":1250,\"height\":667},{\"@type\":\"BreadcrumbList\",\"@id\":\"https:\\\/\\\/lospoliticosveracruz.com\\\/?p=158969#breadcrumb\",\"itemListElement\":[{\"@type\":\"ListItem\",\"position\":1,\"name\":\"Portada\",\"item\":\"https:\\\/\\\/lospoliticosveracruz.com\\\/\"},{\"@type\":\"ListItem\",\"position\":2,\"name\":\"AUTOCR\u00cdTICA: EL PRECIO DE SU AUSENCIA III\"}]},{\"@type\":\"WebSite\",\"@id\":\"https:\\\/\\\/lospoliticosveracruz.com\\\/#website\",\"url\":\"https:\\\/\\\/lospoliticosveracruz.com\\\/\",\"name\":\"Los pol\u00edticos Veracruz\",\"description\":\"\",\"publisher\":{\"@id\":\"https:\\\/\\\/lospoliticosveracruz.com\\\/#organization\"},\"potentialAction\":[{\"@type\":\"SearchAction\",\"target\":{\"@type\":\"EntryPoint\",\"urlTemplate\":\"https:\\\/\\\/lospoliticosveracruz.com\\\/?s={search_term_string}\"},\"query-input\":{\"@type\":\"PropertyValueSpecification\",\"valueRequired\":true,\"valueName\":\"search_term_string\"}}],\"inLanguage\":\"es\"},{\"@type\":\"Organization\",\"@id\":\"https:\\\/\\\/lospoliticosveracruz.com\\\/#organization\",\"name\":\"Los pol\u00edticos Veracruz\",\"url\":\"https:\\\/\\\/lospoliticosveracruz.com\\\/\",\"logo\":{\"@type\":\"ImageObject\",\"inLanguage\":\"es\",\"@id\":\"https:\\\/\\\/lospoliticosveracruz.com\\\/#\\\/schema\\\/logo\\\/image\\\/\",\"url\":\"https:\\\/\\\/lospoliticosveracruz.com\\\/wp-content\\\/uploads\\\/2025\\\/12\\\/Logo-Nuevo-LOS-POLITICOS-1.jpg\",\"contentUrl\":\"https:\\\/\\\/lospoliticosveracruz.com\\\/wp-content\\\/uploads\\\/2025\\\/12\\\/Logo-Nuevo-LOS-POLITICOS-1.jpg\",\"width\":260,\"height\":70,\"caption\":\"Los pol\u00edticos Veracruz\"},\"image\":{\"@id\":\"https:\\\/\\\/lospoliticosveracruz.com\\\/#\\\/schema\\\/logo\\\/image\\\/\"},\"sameAs\":[\"https:\\\/\\\/www.facebook.com\\\/people\\\/Notimemes-de-los-Polticos\\\/61565672886568\\\/\",\"https:\\\/\\\/x.com\\\/LosPoliticosVer\"]},{\"@type\":\"Person\",\"@id\":\"https:\\\/\\\/lospoliticosveracruz.com\\\/#\\\/schema\\\/person\\\/b8702bb0e538456e6efd07080bf2a4a2\",\"name\":\"Lo viste en Los Pol\u00edticos\",\"image\":{\"@type\":\"ImageObject\",\"inLanguage\":\"es\",\"@id\":\"https:\\\/\\\/secure.gravatar.com\\\/avatar\\\/3a8de04a2656d44082be478bd6c086daa447c4651605818287b9532d3d0bd435?s=96&d=mm&r=g\",\"url\":\"https:\\\/\\\/secure.gravatar.com\\\/avatar\\\/3a8de04a2656d44082be478bd6c086daa447c4651605818287b9532d3d0bd435?s=96&d=mm&r=g\",\"contentUrl\":\"https:\\\/\\\/secure.gravatar.com\\\/avatar\\\/3a8de04a2656d44082be478bd6c086daa447c4651605818287b9532d3d0bd435?s=96&d=mm&r=g\",\"caption\":\"Lo viste en Los Pol\u00edticos\"},\"url\":\"https:\\\/\\\/lospoliticosveracruz.com\\\/?author=2\"}]}<\/script>\n<!-- \/ Yoast SEO plugin. -->","yoast_head_json":{"title":"AUTOCR\u00cdTICA: EL PRECIO DE SU AUSENCIA III - Los pol\u00edticos Veracruz","robots":{"index":"index","follow":"follow","max-snippet":"max-snippet:-1","max-image-preview":"max-image-preview:large","max-video-preview":"max-video-preview:-1"},"canonical":"https:\/\/lospoliticosveracruz.com\/?p=158969","og_locale":"es_ES","og_type":"article","og_title":"AUTOCR\u00cdTICA: EL PRECIO DE SU AUSENCIA III - Los pol\u00edticos Veracruz","og_description":"Jos\u00e9 Luis Ortega VidalClaroscurosDentro y alrededor de la idea de la autocr\u00edtica ausente en el universo pol\u00edtico mexicano \u2013el de siempre y el actual- coexiste una concatenaci\u00f3n de argumentos.Escrib\u00ed en el CLAROSCUROS previo este p\u00e1rrafo: \u201cEl caos pol\u00edtico en el M\u00e9xico actual surge de una contradicci\u00f3n esencial en nuestra historia reciente: sacamos al PRI del [&hellip;]","og_url":"https:\/\/lospoliticosveracruz.com\/?p=158969","og_site_name":"Los pol\u00edticos Veracruz","article_publisher":"https:\/\/www.facebook.com\/people\/Notimemes-de-los-Polticos\/61565672886568\/","article_published_time":"2025-12-22T04:14:00+00:00","article_modified_time":"2025-12-22T04:14:01+00:00","og_image":[{"width":1250,"height":667,"url":"https:\/\/lospoliticosveracruz.com\/wp-content\/uploads\/2025\/04\/Jose-Luis-Ortega-Vidal.jpg","type":"image\/jpeg"}],"author":"Lo viste en Los Pol\u00edticos","twitter_card":"summary_large_image","twitter_creator":"@LosPoliticosVer","twitter_site":"@LosPoliticosVer","twitter_misc":{"Escrito por":"Lo viste en Los Pol\u00edticos","Tiempo de lectura":"4 minutos"},"schema":{"@context":"https:\/\/schema.org","@graph":[{"@type":"Article","@id":"https:\/\/lospoliticosveracruz.com\/?p=158969#article","isPartOf":{"@id":"https:\/\/lospoliticosveracruz.com\/?p=158969"},"author":{"name":"Lo viste en Los Pol\u00edticos","@id":"https:\/\/lospoliticosveracruz.com\/#\/schema\/person\/b8702bb0e538456e6efd07080bf2a4a2"},"headline":"AUTOCR\u00cdTICA: EL PRECIO DE SU AUSENCIA III","datePublished":"2025-12-22T04:14:00+00:00","dateModified":"2025-12-22T04:14:01+00:00","mainEntityOfPage":{"@id":"https:\/\/lospoliticosveracruz.com\/?p=158969"},"wordCount":828,"publisher":{"@id":"https:\/\/lospoliticosveracruz.com\/#organization"},"image":{"@id":"https:\/\/lospoliticosveracruz.com\/?p=158969#primaryimage"},"thumbnailUrl":"https:\/\/lospoliticosveracruz.com\/wp-content\/uploads\/2025\/04\/Jose-Luis-Ortega-Vidal.jpg","keywords":["Jos\u00e9 Luis Ortega Vidal","Morena","PRI","Veracruz"],"articleSection":["De Opini\u00f3n"],"inLanguage":"es"},{"@type":"WebPage","@id":"https:\/\/lospoliticosveracruz.com\/?p=158969","url":"https:\/\/lospoliticosveracruz.com\/?p=158969","name":"AUTOCR\u00cdTICA: EL PRECIO DE SU AUSENCIA III - Los pol\u00edticos Veracruz","isPartOf":{"@id":"https:\/\/lospoliticosveracruz.com\/#website"},"primaryImageOfPage":{"@id":"https:\/\/lospoliticosveracruz.com\/?p=158969#primaryimage"},"image":{"@id":"https:\/\/lospoliticosveracruz.com\/?p=158969#primaryimage"},"thumbnailUrl":"https:\/\/lospoliticosveracruz.com\/wp-content\/uploads\/2025\/04\/Jose-Luis-Ortega-Vidal.jpg","datePublished":"2025-12-22T04:14:00+00:00","dateModified":"2025-12-22T04:14:01+00:00","breadcrumb":{"@id":"https:\/\/lospoliticosveracruz.com\/?p=158969#breadcrumb"},"inLanguage":"es","potentialAction":[{"@type":"ReadAction","target":["https:\/\/lospoliticosveracruz.com\/?p=158969"]}]},{"@type":"ImageObject","inLanguage":"es","@id":"https:\/\/lospoliticosveracruz.com\/?p=158969#primaryimage","url":"https:\/\/lospoliticosveracruz.com\/wp-content\/uploads\/2025\/04\/Jose-Luis-Ortega-Vidal.jpg","contentUrl":"https:\/\/lospoliticosveracruz.com\/wp-content\/uploads\/2025\/04\/Jose-Luis-Ortega-Vidal.jpg","width":1250,"height":667},{"@type":"BreadcrumbList","@id":"https:\/\/lospoliticosveracruz.com\/?p=158969#breadcrumb","itemListElement":[{"@type":"ListItem","position":1,"name":"Portada","item":"https:\/\/lospoliticosveracruz.com\/"},{"@type":"ListItem","position":2,"name":"AUTOCR\u00cdTICA: EL PRECIO DE SU AUSENCIA III"}]},{"@type":"WebSite","@id":"https:\/\/lospoliticosveracruz.com\/#website","url":"https:\/\/lospoliticosveracruz.com\/","name":"Los pol\u00edticos Veracruz","description":"","publisher":{"@id":"https:\/\/lospoliticosveracruz.com\/#organization"},"potentialAction":[{"@type":"SearchAction","target":{"@type":"EntryPoint","urlTemplate":"https:\/\/lospoliticosveracruz.com\/?s={search_term_string}"},"query-input":{"@type":"PropertyValueSpecification","valueRequired":true,"valueName":"search_term_string"}}],"inLanguage":"es"},{"@type":"Organization","@id":"https:\/\/lospoliticosveracruz.com\/#organization","name":"Los pol\u00edticos Veracruz","url":"https:\/\/lospoliticosveracruz.com\/","logo":{"@type":"ImageObject","inLanguage":"es","@id":"https:\/\/lospoliticosveracruz.com\/#\/schema\/logo\/image\/","url":"https:\/\/lospoliticosveracruz.com\/wp-content\/uploads\/2025\/12\/Logo-Nuevo-LOS-POLITICOS-1.jpg","contentUrl":"https:\/\/lospoliticosveracruz.com\/wp-content\/uploads\/2025\/12\/Logo-Nuevo-LOS-POLITICOS-1.jpg","width":260,"height":70,"caption":"Los pol\u00edticos Veracruz"},"image":{"@id":"https:\/\/lospoliticosveracruz.com\/#\/schema\/logo\/image\/"},"sameAs":["https:\/\/www.facebook.com\/people\/Notimemes-de-los-Polticos\/61565672886568\/","https:\/\/x.com\/LosPoliticosVer"]},{"@type":"Person","@id":"https:\/\/lospoliticosveracruz.com\/#\/schema\/person\/b8702bb0e538456e6efd07080bf2a4a2","name":"Lo viste en Los Pol\u00edticos","image":{"@type":"ImageObject","inLanguage":"es","@id":"https:\/\/secure.gravatar.com\/avatar\/3a8de04a2656d44082be478bd6c086daa447c4651605818287b9532d3d0bd435?s=96&d=mm&r=g","url":"https:\/\/secure.gravatar.com\/avatar\/3a8de04a2656d44082be478bd6c086daa447c4651605818287b9532d3d0bd435?s=96&d=mm&r=g","contentUrl":"https:\/\/secure.gravatar.com\/avatar\/3a8de04a2656d44082be478bd6c086daa447c4651605818287b9532d3d0bd435?s=96&d=mm&r=g","caption":"Lo viste en Los Pol\u00edticos"},"url":"https:\/\/lospoliticosveracruz.com\/?author=2"}]}},"_links":{"self":[{"href":"https:\/\/lospoliticosveracruz.com\/index.php?rest_route=\/wp\/v2\/posts\/158969","targetHints":{"allow":["GET"]}}],"collection":[{"href":"https:\/\/lospoliticosveracruz.com\/index.php?rest_route=\/wp\/v2\/posts"}],"about":[{"href":"https:\/\/lospoliticosveracruz.com\/index.php?rest_route=\/wp\/v2\/types\/post"}],"author":[{"embeddable":true,"href":"https:\/\/lospoliticosveracruz.com\/index.php?rest_route=\/wp\/v2\/users\/2"}],"replies":[{"embeddable":true,"href":"https:\/\/lospoliticosveracruz.com\/index.php?rest_route=%2Fwp%2Fv2%2Fcomments&post=158969"}],"version-history":[{"count":1,"href":"https:\/\/lospoliticosveracruz.com\/index.php?rest_route=\/wp\/v2\/posts\/158969\/revisions"}],"predecessor-version":[{"id":158970,"href":"https:\/\/lospoliticosveracruz.com\/index.php?rest_route=\/wp\/v2\/posts\/158969\/revisions\/158970"}],"wp:featuredmedia":[{"embeddable":true,"href":"https:\/\/lospoliticosveracruz.com\/index.php?rest_route=\/wp\/v2\/media\/141392"}],"wp:attachment":[{"href":"https:\/\/lospoliticosveracruz.com\/index.php?rest_route=%2Fwp%2Fv2%2Fmedia&parent=158969"}],"wp:term":[{"taxonomy":"category","embeddable":true,"href":"https:\/\/lospoliticosveracruz.com\/index.php?rest_route=%2Fwp%2Fv2%2Fcategories&post=158969"},{"taxonomy":"post_tag","embeddable":true,"href":"https:\/\/lospoliticosveracruz.com\/index.php?rest_route=%2Fwp%2Fv2%2Ftags&post=158969"}],"curies":[{"name":"wp","href":"https:\/\/api.w.org\/{rel}","templated":true}]}}