{"id":158971,"date":"2025-12-22T06:59:27","date_gmt":"2025-12-22T12:59:27","guid":{"rendered":"https:\/\/lospoliticosveracruz.com\/?p=158971"},"modified":"2025-12-22T06:59:28","modified_gmt":"2025-12-22T12:59:28","slug":"los-vales-de-la-sospecha","status":"publish","type":"post","link":"https:\/\/lospoliticosveracruz.com\/?p=158971","title":{"rendered":"LOS VALES DE LA SOSPECHA"},"content":{"rendered":"\n<p><strong>Fanny Y\u00e9pez<\/strong><br><em>La Columna<\/em><\/p>\n\n\n\n<p>La reciente entrega de vales de Chedraui en el estado de Veracruz, ha revelado un descontento significativo y acusaciones de posibles irregularidades y \u00abnegocios redondos\u00bb por parte de funcionarios gubernamentales.<br>Una oleada de protestas se levant\u00f3, trabajadores de salud airadamente demandaron el pago en efectivo de este bono anual.<\/p>\n\n\n\n\n\n<p><br>Los empleados de la Secretar\u00eda de Salud de Veracruz (SESVER) han protestado porque su bono navide\u00f1o, con un valor de 14,900 pesos, fue entregado en forma de vales o tarjetas (espec\u00edficamente la tarjeta SETPay) que solo pueden ser utilizados en tiendas Chedraui.<br>A diferencia de a\u00f1os anteriores, cuando los vales o tarjetas permit\u00edan comprar en m\u00faltiples tiendas o retirar efectivo, la tarjeta actual no permite el retiro de dinero ni su uso en otros establecimientos, condicionando a los trabajadores a gastar exclusivamente en la cadena Chedraui. Aunque la Gobernadora Roc\u00edo Nahle anuncio que a partir de este lunes 22 los trabajadores podr\u00e1n canjear los vales por dinero en efectivo en las tiendas indicadas.<br>Esta situaci\u00f3n ha generado sospechas y se\u00f1alamientos hacia funcionarios de Sesver y de Sefiplan, quienes supuestamente orquestaron un convenio exclusivo con Chedraui, lo que ha sido calificado como un posible \u00abnegocio redondo\u00bb o \u00abfraude\u00bb en el que habr\u00edan obtenido beneficios personales (\u00abuna buena tajada\u00bb).<br>La respuesta del gobierno, no se hizo esperar, fue el Secretario de Salud de Veracruz, Valent\u00edn Herrera, quien sali\u00f3 al paso, justific\u00f3 la situaci\u00f3n alegando haberse enterado apenas recientemente, mientras que el gobierno estatal ha asegurado posteriormente que la prestaci\u00f3n se respetar\u00e1 plenamente, aunque el m\u00e9todo de pago sigue siendo objeto de controversia.<br>En resumen, la entrega de estos vales ha puesto de manifiesto un problema de imposici\u00f3n y falta de libertad para los trabajadores sobre c\u00f3mo usar su prestaci\u00f3n, adem\u00e1s de las acusaciones de posibles manejos indebidos en la asignaci\u00f3n del contrato exclusivo a una sola cadena comercial.<br>En una nota que este s\u00e1bado, la periodista Isabel Ortega, en la Silla Rota precisa que el proceso de licitaci\u00f3n para la adquisici\u00f3n de bonos de fin de a\u00f1o destinados a trabajadores del sector salud de Veracruz, fue declarado desierto por falta de suficiencia presupuestal el pasado 10 de diciembre.<br>De acuerdo con informaci\u00f3n p\u00fablica disponible en el portal de la Secretar\u00eda de Salud de Veracruz, el procedimiento inici\u00f3 el 5 de noviembre, cuando se emiti\u00f3 una invitaci\u00f3n a cuando menos tres empresas para presentar propuestas econ\u00f3micas para la adquisici\u00f3n de entre 18 mil 400 y 19 mil 600 tarjetas o vales electr\u00f3nicos, destinados a igual n\u00famero de trabajadores.<br>En este trabajo de investigaci\u00f3n que realizo Isabel Ortega indica que durante el proceso se hizo constar que la dependencia contaba con disponibilidad presupuestal, seg\u00fan los oficios SESVER\/DA\/SRF\/4513\/2025 y SESVER\/DA\/SRF\/4579\/2025, ambos fechados el 5 de noviembre de 2025 y emitidos por la Subdirecci\u00f3n de Recursos Financieros de Servicios de Salud de Veracruz.<br>El fallo de la convocatoria n\u00famero ICTP-103T00000-018-2025, emitido el 2 de diciembre, se\u00f1ala que \u00fanicamente dos empresas presentaron propuestas econ\u00f3micas: Toka Internacional y Servicios Broxel, ambas para la compra de tarjetas con chip.<br>Toka Internacional propuso un costo de 296 millones 71 mil 320 pesos por la entrega del rango m\u00ednimo y m\u00e1ximo de tarjetas. En tanto, Servicios Broxel ofert\u00f3 un monto menor, de 265 millones 491 mil 180 pesos, adem\u00e1s de bonificar el 1 por ciento del valor total de la operaci\u00f3n a favor de la dependencia estatal.<br>La empresa Broxel se encuentra bajo escrutinio p\u00fablico luego de que el gobierno federal le otorgara un contrato por 10 mil millones de pesos para la adquisici\u00f3n de vales destinados a 100 dependencias federales.<br>El fallo fue firmado por Arianna Alarc\u00f3n Bueno, encargada del Departamento de<br>Adquisiciones de Sesver; Elsa Mar\u00eda Villaraux Cerv\u00f3n, representante de la Direcci\u00f3n Jur\u00eddica; Ana Victoria L\u00f3pez P\u00e9rez y Rosario Portilla Romero, de la Direcci\u00f3n de Recursos Humanos; as\u00ed como Luz Piza\u00f1a Hern\u00e1ndez, adscrita al \u00e1rea de Adquisiciones.<br>No obstante, el 10 de diciembre se public\u00f3 una fe de erratas en la que se inform\u00f3 que la Secretar\u00eda no contaba con suficiencia presupuestal para concretar la compra de los vales, por lo que el procedimiento fue declarado desierto.<br>Posteriormente, el Gobierno del Estado determin\u00f3 adquirir los vales de fin de a\u00f1o mediante<br>convenios con la empresa Chedraui y otras cadenas comerciales. Los apoyos otorgados<br>fueron de 14 mil 500 pesos para poco m\u00e1s de 19 mil trabajadores, lo que representa un monto estimado de al menos 275 millones de pesos, cifra superior a la propuesta<br>presentada por Servicios Broxel.<br>En conclusi\u00f3n, la decisi\u00f3n result\u00f3 en un costo pol\u00edtico significativo para el gobierno de Veracruz, y hasta para las tiendas Chedraui al generar un conflicto laboral importante y acusaciones de manejo discrecional de recursos. Sin embargo, una estela de sospechas, recelos y desconfianzas sobre que pudieran haberse dado una serie de componendas entre los participantes en la emisi\u00f3n y entrega de los tan polemizados vales.<\/p>\n\n\n\n<p><\/p>\n","protected":false},"excerpt":{"rendered":"<p>Fanny Y\u00e9pezLa Columna La reciente entrega de vales de Chedraui en el estado de Veracruz, ha revelado un descontento significativo y acusaciones de posibles irregularidades y \u00abnegocios redondos\u00bb por parte de funcionarios gubernamentales.Una oleada de protestas se levant\u00f3, trabajadores de salud airadamente demandaron el pago en efectivo de este bono anual. Los empleados de la [&hellip;]<\/p>\n","protected":false},"author":2,"featured_media":141383,"comment_status":"closed","ping_status":"closed","sticky":false,"template":"","format":"standard","meta":{"tdm_status":"","tdm_grid_status":"","footnotes":""},"categories":[70],"tags":[1026,3578,90,48001,195],"class_list":{"0":"post-158971","1":"post","2":"type-post","3":"status-publish","4":"format-standard","5":"has-post-thumbnail","7":"category-de-opinion","8":"tag-morena","9":"tag-rocio-nahle","10":"tag-salud","11":"tag-vales-de-chedraui","12":"tag-veracruz"},"yoast_head":"<!-- This site is optimized with the Yoast SEO plugin v27.4 - https:\/\/yoast.com\/product\/yoast-seo-wordpress\/ -->\n<title>LOS VALES DE LA SOSPECHA - Los pol\u00edticos Veracruz<\/title>\n<meta name=\"robots\" content=\"index, follow, max-snippet:-1, max-image-preview:large, max-video-preview:-1\" \/>\n<link rel=\"canonical\" href=\"https:\/\/lospoliticosveracruz.com\/?p=158971\" \/>\n<meta property=\"og:locale\" content=\"es_ES\" \/>\n<meta property=\"og:type\" content=\"article\" \/>\n<meta property=\"og:title\" content=\"LOS VALES DE LA SOSPECHA - Los pol\u00edticos Veracruz\" \/>\n<meta property=\"og:description\" content=\"Fanny Y\u00e9pezLa Columna La reciente entrega de vales de Chedraui en el estado de Veracruz, ha revelado un descontento significativo y acusaciones de posibles irregularidades y \u00abnegocios redondos\u00bb por parte de funcionarios gubernamentales.Una oleada de protestas se levant\u00f3, trabajadores de salud airadamente demandaron el pago en efectivo de este bono anual. Los empleados de la [&hellip;]\" \/>\n<meta property=\"og:url\" content=\"https:\/\/lospoliticosveracruz.com\/?p=158971\" \/>\n<meta property=\"og:site_name\" content=\"Los pol\u00edticos Veracruz\" \/>\n<meta property=\"article:publisher\" content=\"https:\/\/www.facebook.com\/people\/Notimemes-de-los-Polticos\/61565672886568\/\" \/>\n<meta property=\"article:published_time\" content=\"2025-12-22T12:59:27+00:00\" \/>\n<meta property=\"article:modified_time\" content=\"2025-12-22T12:59:28+00:00\" \/>\n<meta property=\"og:image\" content=\"https:\/\/lospoliticosveracruz.com\/wp-content\/uploads\/2025\/04\/Fanny-Yepez-Luna.jpg\" \/>\n\t<meta property=\"og:image:width\" content=\"1250\" \/>\n\t<meta property=\"og:image:height\" content=\"667\" \/>\n\t<meta property=\"og:image:type\" content=\"image\/jpeg\" \/>\n<meta name=\"author\" content=\"Lo viste en Los Pol\u00edticos\" \/>\n<meta name=\"twitter:card\" content=\"summary_large_image\" \/>\n<meta name=\"twitter:creator\" content=\"@LosPoliticosVer\" \/>\n<meta name=\"twitter:site\" content=\"@LosPoliticosVer\" \/>\n<meta name=\"twitter:label1\" content=\"Escrito por\" \/>\n\t<meta name=\"twitter:data1\" content=\"Lo viste en Los Pol\u00edticos\" \/>\n\t<meta name=\"twitter:label2\" content=\"Tiempo de lectura\" \/>\n\t<meta name=\"twitter:data2\" content=\"5 minutos\" \/>\n<script type=\"application\/ld+json\" class=\"yoast-schema-graph\">{\"@context\":\"https:\\\/\\\/schema.org\",\"@graph\":[{\"@type\":\"Article\",\"@id\":\"https:\\\/\\\/lospoliticosveracruz.com\\\/?p=158971#article\",\"isPartOf\":{\"@id\":\"https:\\\/\\\/lospoliticosveracruz.com\\\/?p=158971\"},\"author\":{\"name\":\"Lo viste en Los Pol\u00edticos\",\"@id\":\"https:\\\/\\\/lospoliticosveracruz.com\\\/#\\\/schema\\\/person\\\/b8702bb0e538456e6efd07080bf2a4a2\"},\"headline\":\"LOS VALES DE LA SOSPECHA\",\"datePublished\":\"2025-12-22T12:59:27+00:00\",\"dateModified\":\"2025-12-22T12:59:28+00:00\",\"mainEntityOfPage\":{\"@id\":\"https:\\\/\\\/lospoliticosveracruz.com\\\/?p=158971\"},\"wordCount\":852,\"publisher\":{\"@id\":\"https:\\\/\\\/lospoliticosveracruz.com\\\/#organization\"},\"image\":{\"@id\":\"https:\\\/\\\/lospoliticosveracruz.com\\\/?p=158971#primaryimage\"},\"thumbnailUrl\":\"https:\\\/\\\/lospoliticosveracruz.com\\\/wp-content\\\/uploads\\\/2025\\\/04\\\/Fanny-Yepez-Luna-e1768657334923.jpg\",\"keywords\":[\"Morena\",\"Roc\u00edo Nahle\",\"Salud\",\"Vales de Chedraui\",\"Veracruz\"],\"articleSection\":[\"De Opini\u00f3n\"],\"inLanguage\":\"es\"},{\"@type\":\"WebPage\",\"@id\":\"https:\\\/\\\/lospoliticosveracruz.com\\\/?p=158971\",\"url\":\"https:\\\/\\\/lospoliticosveracruz.com\\\/?p=158971\",\"name\":\"LOS VALES DE LA SOSPECHA - Los pol\u00edticos Veracruz\",\"isPartOf\":{\"@id\":\"https:\\\/\\\/lospoliticosveracruz.com\\\/#website\"},\"primaryImageOfPage\":{\"@id\":\"https:\\\/\\\/lospoliticosveracruz.com\\\/?p=158971#primaryimage\"},\"image\":{\"@id\":\"https:\\\/\\\/lospoliticosveracruz.com\\\/?p=158971#primaryimage\"},\"thumbnailUrl\":\"https:\\\/\\\/lospoliticosveracruz.com\\\/wp-content\\\/uploads\\\/2025\\\/04\\\/Fanny-Yepez-Luna-e1768657334923.jpg\",\"datePublished\":\"2025-12-22T12:59:27+00:00\",\"dateModified\":\"2025-12-22T12:59:28+00:00\",\"breadcrumb\":{\"@id\":\"https:\\\/\\\/lospoliticosveracruz.com\\\/?p=158971#breadcrumb\"},\"inLanguage\":\"es\",\"potentialAction\":[{\"@type\":\"ReadAction\",\"target\":[\"https:\\\/\\\/lospoliticosveracruz.com\\\/?p=158971\"]}]},{\"@type\":\"ImageObject\",\"inLanguage\":\"es\",\"@id\":\"https:\\\/\\\/lospoliticosveracruz.com\\\/?p=158971#primaryimage\",\"url\":\"https:\\\/\\\/lospoliticosveracruz.com\\\/wp-content\\\/uploads\\\/2025\\\/04\\\/Fanny-Yepez-Luna-e1768657334923.jpg\",\"contentUrl\":\"https:\\\/\\\/lospoliticosveracruz.com\\\/wp-content\\\/uploads\\\/2025\\\/04\\\/Fanny-Yepez-Luna-e1768657334923.jpg\",\"width\":600,\"height\":320},{\"@type\":\"BreadcrumbList\",\"@id\":\"https:\\\/\\\/lospoliticosveracruz.com\\\/?p=158971#breadcrumb\",\"itemListElement\":[{\"@type\":\"ListItem\",\"position\":1,\"name\":\"Portada\",\"item\":\"https:\\\/\\\/lospoliticosveracruz.com\\\/\"},{\"@type\":\"ListItem\",\"position\":2,\"name\":\"LOS VALES DE LA SOSPECHA\"}]},{\"@type\":\"WebSite\",\"@id\":\"https:\\\/\\\/lospoliticosveracruz.com\\\/#website\",\"url\":\"https:\\\/\\\/lospoliticosveracruz.com\\\/\",\"name\":\"Los pol\u00edticos Veracruz\",\"description\":\"\",\"publisher\":{\"@id\":\"https:\\\/\\\/lospoliticosveracruz.com\\\/#organization\"},\"potentialAction\":[{\"@type\":\"SearchAction\",\"target\":{\"@type\":\"EntryPoint\",\"urlTemplate\":\"https:\\\/\\\/lospoliticosveracruz.com\\\/?s={search_term_string}\"},\"query-input\":{\"@type\":\"PropertyValueSpecification\",\"valueRequired\":true,\"valueName\":\"search_term_string\"}}],\"inLanguage\":\"es\"},{\"@type\":\"Organization\",\"@id\":\"https:\\\/\\\/lospoliticosveracruz.com\\\/#organization\",\"name\":\"Los pol\u00edticos Veracruz\",\"url\":\"https:\\\/\\\/lospoliticosveracruz.com\\\/\",\"logo\":{\"@type\":\"ImageObject\",\"inLanguage\":\"es\",\"@id\":\"https:\\\/\\\/lospoliticosveracruz.com\\\/#\\\/schema\\\/logo\\\/image\\\/\",\"url\":\"https:\\\/\\\/lospoliticosveracruz.com\\\/wp-content\\\/uploads\\\/2025\\\/12\\\/Logo-Nuevo-LOS-POLITICOS-1.jpg\",\"contentUrl\":\"https:\\\/\\\/lospoliticosveracruz.com\\\/wp-content\\\/uploads\\\/2025\\\/12\\\/Logo-Nuevo-LOS-POLITICOS-1.jpg\",\"width\":260,\"height\":70,\"caption\":\"Los pol\u00edticos Veracruz\"},\"image\":{\"@id\":\"https:\\\/\\\/lospoliticosveracruz.com\\\/#\\\/schema\\\/logo\\\/image\\\/\"},\"sameAs\":[\"https:\\\/\\\/www.facebook.com\\\/people\\\/Notimemes-de-los-Polticos\\\/61565672886568\\\/\",\"https:\\\/\\\/x.com\\\/LosPoliticosVer\"]},{\"@type\":\"Person\",\"@id\":\"https:\\\/\\\/lospoliticosveracruz.com\\\/#\\\/schema\\\/person\\\/b8702bb0e538456e6efd07080bf2a4a2\",\"name\":\"Lo viste en Los Pol\u00edticos\",\"image\":{\"@type\":\"ImageObject\",\"inLanguage\":\"es\",\"@id\":\"https:\\\/\\\/secure.gravatar.com\\\/avatar\\\/3a8de04a2656d44082be478bd6c086daa447c4651605818287b9532d3d0bd435?s=96&d=mm&r=g\",\"url\":\"https:\\\/\\\/secure.gravatar.com\\\/avatar\\\/3a8de04a2656d44082be478bd6c086daa447c4651605818287b9532d3d0bd435?s=96&d=mm&r=g\",\"contentUrl\":\"https:\\\/\\\/secure.gravatar.com\\\/avatar\\\/3a8de04a2656d44082be478bd6c086daa447c4651605818287b9532d3d0bd435?s=96&d=mm&r=g\",\"caption\":\"Lo viste en Los Pol\u00edticos\"},\"url\":\"https:\\\/\\\/lospoliticosveracruz.com\\\/?author=2\"}]}<\/script>\n<!-- \/ Yoast SEO plugin. -->","yoast_head_json":{"title":"LOS VALES DE LA SOSPECHA - Los pol\u00edticos Veracruz","robots":{"index":"index","follow":"follow","max-snippet":"max-snippet:-1","max-image-preview":"max-image-preview:large","max-video-preview":"max-video-preview:-1"},"canonical":"https:\/\/lospoliticosveracruz.com\/?p=158971","og_locale":"es_ES","og_type":"article","og_title":"LOS VALES DE LA SOSPECHA - Los pol\u00edticos Veracruz","og_description":"Fanny Y\u00e9pezLa Columna La reciente entrega de vales de Chedraui en el estado de Veracruz, ha revelado un descontento significativo y acusaciones de posibles irregularidades y \u00abnegocios redondos\u00bb por parte de funcionarios gubernamentales.Una oleada de protestas se levant\u00f3, trabajadores de salud airadamente demandaron el pago en efectivo de este bono anual. Los empleados de la [&hellip;]","og_url":"https:\/\/lospoliticosveracruz.com\/?p=158971","og_site_name":"Los pol\u00edticos Veracruz","article_publisher":"https:\/\/www.facebook.com\/people\/Notimemes-de-los-Polticos\/61565672886568\/","article_published_time":"2025-12-22T12:59:27+00:00","article_modified_time":"2025-12-22T12:59:28+00:00","og_image":[{"width":1250,"height":667,"url":"https:\/\/lospoliticosveracruz.com\/wp-content\/uploads\/2025\/04\/Fanny-Yepez-Luna.jpg","type":"image\/jpeg"}],"author":"Lo viste en Los Pol\u00edticos","twitter_card":"summary_large_image","twitter_creator":"@LosPoliticosVer","twitter_site":"@LosPoliticosVer","twitter_misc":{"Escrito por":"Lo viste en Los Pol\u00edticos","Tiempo de lectura":"5 minutos"},"schema":{"@context":"https:\/\/schema.org","@graph":[{"@type":"Article","@id":"https:\/\/lospoliticosveracruz.com\/?p=158971#article","isPartOf":{"@id":"https:\/\/lospoliticosveracruz.com\/?p=158971"},"author":{"name":"Lo viste en Los Pol\u00edticos","@id":"https:\/\/lospoliticosveracruz.com\/#\/schema\/person\/b8702bb0e538456e6efd07080bf2a4a2"},"headline":"LOS VALES DE LA SOSPECHA","datePublished":"2025-12-22T12:59:27+00:00","dateModified":"2025-12-22T12:59:28+00:00","mainEntityOfPage":{"@id":"https:\/\/lospoliticosveracruz.com\/?p=158971"},"wordCount":852,"publisher":{"@id":"https:\/\/lospoliticosveracruz.com\/#organization"},"image":{"@id":"https:\/\/lospoliticosveracruz.com\/?p=158971#primaryimage"},"thumbnailUrl":"https:\/\/lospoliticosveracruz.com\/wp-content\/uploads\/2025\/04\/Fanny-Yepez-Luna-e1768657334923.jpg","keywords":["Morena","Roc\u00edo Nahle","Salud","Vales de Chedraui","Veracruz"],"articleSection":["De Opini\u00f3n"],"inLanguage":"es"},{"@type":"WebPage","@id":"https:\/\/lospoliticosveracruz.com\/?p=158971","url":"https:\/\/lospoliticosveracruz.com\/?p=158971","name":"LOS VALES DE LA SOSPECHA - Los pol\u00edticos Veracruz","isPartOf":{"@id":"https:\/\/lospoliticosveracruz.com\/#website"},"primaryImageOfPage":{"@id":"https:\/\/lospoliticosveracruz.com\/?p=158971#primaryimage"},"image":{"@id":"https:\/\/lospoliticosveracruz.com\/?p=158971#primaryimage"},"thumbnailUrl":"https:\/\/lospoliticosveracruz.com\/wp-content\/uploads\/2025\/04\/Fanny-Yepez-Luna-e1768657334923.jpg","datePublished":"2025-12-22T12:59:27+00:00","dateModified":"2025-12-22T12:59:28+00:00","breadcrumb":{"@id":"https:\/\/lospoliticosveracruz.com\/?p=158971#breadcrumb"},"inLanguage":"es","potentialAction":[{"@type":"ReadAction","target":["https:\/\/lospoliticosveracruz.com\/?p=158971"]}]},{"@type":"ImageObject","inLanguage":"es","@id":"https:\/\/lospoliticosveracruz.com\/?p=158971#primaryimage","url":"https:\/\/lospoliticosveracruz.com\/wp-content\/uploads\/2025\/04\/Fanny-Yepez-Luna-e1768657334923.jpg","contentUrl":"https:\/\/lospoliticosveracruz.com\/wp-content\/uploads\/2025\/04\/Fanny-Yepez-Luna-e1768657334923.jpg","width":600,"height":320},{"@type":"BreadcrumbList","@id":"https:\/\/lospoliticosveracruz.com\/?p=158971#breadcrumb","itemListElement":[{"@type":"ListItem","position":1,"name":"Portada","item":"https:\/\/lospoliticosveracruz.com\/"},{"@type":"ListItem","position":2,"name":"LOS VALES DE LA SOSPECHA"}]},{"@type":"WebSite","@id":"https:\/\/lospoliticosveracruz.com\/#website","url":"https:\/\/lospoliticosveracruz.com\/","name":"Los pol\u00edticos Veracruz","description":"","publisher":{"@id":"https:\/\/lospoliticosveracruz.com\/#organization"},"potentialAction":[{"@type":"SearchAction","target":{"@type":"EntryPoint","urlTemplate":"https:\/\/lospoliticosveracruz.com\/?s={search_term_string}"},"query-input":{"@type":"PropertyValueSpecification","valueRequired":true,"valueName":"search_term_string"}}],"inLanguage":"es"},{"@type":"Organization","@id":"https:\/\/lospoliticosveracruz.com\/#organization","name":"Los pol\u00edticos Veracruz","url":"https:\/\/lospoliticosveracruz.com\/","logo":{"@type":"ImageObject","inLanguage":"es","@id":"https:\/\/lospoliticosveracruz.com\/#\/schema\/logo\/image\/","url":"https:\/\/lospoliticosveracruz.com\/wp-content\/uploads\/2025\/12\/Logo-Nuevo-LOS-POLITICOS-1.jpg","contentUrl":"https:\/\/lospoliticosveracruz.com\/wp-content\/uploads\/2025\/12\/Logo-Nuevo-LOS-POLITICOS-1.jpg","width":260,"height":70,"caption":"Los pol\u00edticos Veracruz"},"image":{"@id":"https:\/\/lospoliticosveracruz.com\/#\/schema\/logo\/image\/"},"sameAs":["https:\/\/www.facebook.com\/people\/Notimemes-de-los-Polticos\/61565672886568\/","https:\/\/x.com\/LosPoliticosVer"]},{"@type":"Person","@id":"https:\/\/lospoliticosveracruz.com\/#\/schema\/person\/b8702bb0e538456e6efd07080bf2a4a2","name":"Lo viste en Los Pol\u00edticos","image":{"@type":"ImageObject","inLanguage":"es","@id":"https:\/\/secure.gravatar.com\/avatar\/3a8de04a2656d44082be478bd6c086daa447c4651605818287b9532d3d0bd435?s=96&d=mm&r=g","url":"https:\/\/secure.gravatar.com\/avatar\/3a8de04a2656d44082be478bd6c086daa447c4651605818287b9532d3d0bd435?s=96&d=mm&r=g","contentUrl":"https:\/\/secure.gravatar.com\/avatar\/3a8de04a2656d44082be478bd6c086daa447c4651605818287b9532d3d0bd435?s=96&d=mm&r=g","caption":"Lo viste en Los Pol\u00edticos"},"url":"https:\/\/lospoliticosveracruz.com\/?author=2"}]}},"_links":{"self":[{"href":"https:\/\/lospoliticosveracruz.com\/index.php?rest_route=\/wp\/v2\/posts\/158971","targetHints":{"allow":["GET"]}}],"collection":[{"href":"https:\/\/lospoliticosveracruz.com\/index.php?rest_route=\/wp\/v2\/posts"}],"about":[{"href":"https:\/\/lospoliticosveracruz.com\/index.php?rest_route=\/wp\/v2\/types\/post"}],"author":[{"embeddable":true,"href":"https:\/\/lospoliticosveracruz.com\/index.php?rest_route=\/wp\/v2\/users\/2"}],"replies":[{"embeddable":true,"href":"https:\/\/lospoliticosveracruz.com\/index.php?rest_route=%2Fwp%2Fv2%2Fcomments&post=158971"}],"version-history":[{"count":1,"href":"https:\/\/lospoliticosveracruz.com\/index.php?rest_route=\/wp\/v2\/posts\/158971\/revisions"}],"predecessor-version":[{"id":158972,"href":"https:\/\/lospoliticosveracruz.com\/index.php?rest_route=\/wp\/v2\/posts\/158971\/revisions\/158972"}],"wp:featuredmedia":[{"embeddable":true,"href":"https:\/\/lospoliticosveracruz.com\/index.php?rest_route=\/wp\/v2\/media\/141383"}],"wp:attachment":[{"href":"https:\/\/lospoliticosveracruz.com\/index.php?rest_route=%2Fwp%2Fv2%2Fmedia&parent=158971"}],"wp:term":[{"taxonomy":"category","embeddable":true,"href":"https:\/\/lospoliticosveracruz.com\/index.php?rest_route=%2Fwp%2Fv2%2Fcategories&post=158971"},{"taxonomy":"post_tag","embeddable":true,"href":"https:\/\/lospoliticosveracruz.com\/index.php?rest_route=%2Fwp%2Fv2%2Ftags&post=158971"}],"curies":[{"name":"wp","href":"https:\/\/api.w.org\/{rel}","templated":true}]}}