{"id":15899,"date":"2015-04-26T15:01:49","date_gmt":"2015-04-26T20:01:49","guid":{"rendered":"http:\/\/www.lospoliticosveracruz.com.mx\/?p=15899"},"modified":"2015-04-26T15:01:49","modified_gmt":"2015-04-26T20:01:49","slug":"veracruz-quiebra-y-debacle","status":"publish","type":"post","link":"https:\/\/lospoliticosveracruz.com\/?p=15899","title":{"rendered":"Veracruz, quiebra y debacle"},"content":{"rendered":"<p><strong><a href=\"http:\/\/www.lospoliticosveracruz.com.mx\/wp-content\/uploads\/2014\/10\/C\u00e1ncer.jpg\"><img loading=\"lazy\" decoding=\"async\" class=\"alignnone size-medium wp-image-12570\" src=\"http:\/\/www.lospoliticosveracruz.com.mx\/wp-content\/uploads\/2014\/10\/C\u00e1ncer-300x225.jpg\" alt=\"C\u00e1ncer\" width=\"300\" height=\"225\" \/><\/a><\/strong><\/p>\n<p><strong>M\u00f3nica Camarena Crespo<\/strong><\/p>\n<p><em>Parque Ju\u00e1rez<\/em><\/p>\n<p>Las noticias no son buenas, el estado de Veracruz por primera vez sufre la peor debacle pol\u00edtica, pero sobre todo econ\u00f3mica; lo que se dice, lo que muchos saben es que nadie ha podido amortiguar lo que ya se considera como una quiebra no aceptada oficialmente.<br \/>\nLas noticias del centro del pa\u00eds, apuntan a que llamar\u00e1n a cuentas a varios que son considerados los responsables de no entregar cuentas, pero que directamente fueron beneficiados de los quebrantos; son esos, que llegaron a Veracruz sin un peso en el bolsillo, rogando por una chamba y hoy en d\u00eda hasta elevadores instalaron en sus lujosas mansiones.<br \/>\nDe los excesos, ojala se encarguen las autoridades, den escarmiento, lo que todav\u00eda muchos creen no ser\u00e1 de la dimensi\u00f3n que merecen los groseramente ambiciosos que nos vinieron a caer.<br \/>\nPero lo que da mucha tristeza, es enterarse por ejemplo, que producto de una mala administraci\u00f3n, de funcionarios voraces e ineptos, hoy en d\u00eda aproximadamente 100 ni\u00f1os que requieren tratamiento para el c\u00e1ncer, no cuenten con los medicamentos desde el pasado mes de enero, espec\u00edficamente en el Hospital Regional de Veracruz.<br \/>\nLos padres desesperados, alzaron la voz como corresponde en estos casos y han denunciado la falta del tratamiento para sus hijos a los que deber\u00edan tener acceso.<br \/>\nPiden lo que seria justicia para ellos, que el dinero de las campa\u00f1as pol\u00edticas sea utilizado en la salud en lugar de la promoci\u00f3n de los poco fiables candidatos.<br \/>\nExigen a los Diputados que dejen de gastar tanto dinero y denuncian que por los grandes adeudos del estado con el mal llamado seguro popular, se dejen de distribuir los medicamentos que los ni\u00f1os con c\u00e1ncer requieren con urgencia.<br \/>\nEstos padres de familia desesperados, son solo una de las tantas voces de las ya incontables quejas de los ciudadanos veracruzanos que padecen la quiebra de un estado que antes fue, pujante y con grandes oportunidades.<br \/>\nHay que anexarle a todo ello, la debacle aun mayor que se espera, tomando en cuenta por ejemplo, que las cuotas al IMSS por parte del gobierno de Veracruz se dejaron de pagar hace ya 2 a\u00f1os, lo que prev\u00e9 otro grave boquete a la seguridad social de los trabajadores.<br \/>\nVeracruz es ahora ejemplo de lo que ning\u00fan gobierno debe hacer; de falta de pericia pol\u00edtica, de irresponsabilidad econ\u00f3mica y una excesiva y repetimos grosera ambici\u00f3n de los que heredaron una pesada deuda de la administraci\u00f3n estatal anterior.<br \/>\nLo m\u00e1s triste, que quienes peor padecen estas malas decisiones, son los que menos tienen; jubilados, ni\u00f1os enfermos, adultos mayores en situaci\u00f3n vulnerable, ind\u00edgenas, madres solteras, desempleados, j\u00f3venes sin empleo.<br \/>\nSon tiempos electorales, con campa\u00f1as grises y candidatos mentirosos, pues varios son popularmente conocidos, pero por enga\u00f1ar y utilizar los votos para brincar a un nuevo encargo que les va a engrosar sus ya de por si, fuertes fortunas.<br \/>\n\u00c1gora<br \/>\nEn la competencia convocada por el peri\u00f3dico Reforma para votar por \u201c La peor canci\u00f3n electoral \u201c son finalistas 2 candidatos por distritos veracruzanos. El oriundo del DF, Antonio Tarek Abdala y la ex alcaldesa de Xalapa, Elizabeth Morales.<br \/>\n\u00c1gora II<br \/>\nQue la deuda del gobierno del estado de Veracruz con Televisa no es de mil millones, es de casi lo doble se comenta por ah\u00ed.<br \/>\n@monicamarena<\/p>\n","protected":false},"excerpt":{"rendered":"<p>M\u00f3nica Camarena Crespo Parque Ju\u00e1rez Las noticias no son buenas, el estado de Veracruz por primera vez sufre la peor debacle pol\u00edtica, pero sobre todo econ\u00f3mica; lo que se dice, lo que muchos saben es que nadie ha podido amortiguar lo que ya se considera como una quiebra no aceptada oficialmente. Las noticias del centro [&hellip;]<\/p>\n","protected":false},"author":2,"featured_media":0,"comment_status":"open","ping_status":"open","sticky":false,"template":"","format":"standard","meta":{"tdm_status":"","tdm_grid_status":"","footnotes":""},"categories":[70],"tags":[2539,1989,2535,195],"class_list":{"0":"post-15899","1":"post","2":"type-post","3":"status-publish","4":"format-standard","6":"category-de-opinion","7":"tag-deuda-televisa","8":"tag-hospital-regional","9":"tag-ninos-con-cancer","10":"tag-veracruz"},"yoast_head":"<!-- This site is optimized with the Yoast SEO plugin v27.4 - https:\/\/yoast.com\/product\/yoast-seo-wordpress\/ -->\n<title>Veracruz, quiebra y debacle - Los pol\u00edticos Veracruz<\/title>\n<meta name=\"robots\" content=\"index, follow, max-snippet:-1, max-image-preview:large, max-video-preview:-1\" \/>\n<link rel=\"canonical\" href=\"https:\/\/lospoliticosveracruz.com\/?p=15899\" \/>\n<meta property=\"og:locale\" content=\"es_ES\" \/>\n<meta property=\"og:type\" content=\"article\" \/>\n<meta property=\"og:title\" content=\"Veracruz, quiebra y debacle - Los pol\u00edticos Veracruz\" \/>\n<meta property=\"og:description\" content=\"M\u00f3nica Camarena Crespo Parque Ju\u00e1rez Las noticias no son buenas, el estado de Veracruz por primera vez sufre la peor debacle pol\u00edtica, pero sobre todo econ\u00f3mica; lo que se dice, lo que muchos saben es que nadie ha podido amortiguar lo que ya se considera como una quiebra no aceptada oficialmente. Las noticias del centro [&hellip;]\" \/>\n<meta property=\"og:url\" content=\"https:\/\/lospoliticosveracruz.com\/?p=15899\" \/>\n<meta property=\"og:site_name\" content=\"Los pol\u00edticos Veracruz\" \/>\n<meta property=\"article:publisher\" content=\"https:\/\/www.facebook.com\/people\/Notimemes-de-los-Polticos\/61565672886568\/\" \/>\n<meta property=\"article:published_time\" content=\"2015-04-26T20:01:49+00:00\" \/>\n<meta property=\"og:image\" content=\"https:\/\/lospoliticosveracruz.com\/wp-content\/uploads\/2016\/07\/Logo-Dor.jpg\" \/>\n\t<meta property=\"og:image:width\" content=\"200\" \/>\n\t<meta property=\"og:image:height\" content=\"200\" \/>\n\t<meta property=\"og:image:type\" content=\"image\/jpeg\" \/>\n<meta name=\"author\" content=\"Lo viste en Los Pol\u00edticos\" \/>\n<meta name=\"twitter:card\" content=\"summary_large_image\" \/>\n<meta name=\"twitter:creator\" content=\"@LosPoliticosVer\" \/>\n<meta name=\"twitter:site\" content=\"@LosPoliticosVer\" \/>\n<meta name=\"twitter:label1\" content=\"Escrito por\" \/>\n\t<meta name=\"twitter:data1\" content=\"Lo viste en Los Pol\u00edticos\" \/>\n\t<meta name=\"twitter:label2\" content=\"Tiempo de lectura\" \/>\n\t<meta name=\"twitter:data2\" content=\"3 minutos\" \/>\n<script type=\"application\/ld+json\" class=\"yoast-schema-graph\">{\"@context\":\"https:\\\/\\\/schema.org\",\"@graph\":[{\"@type\":\"Article\",\"@id\":\"https:\\\/\\\/lospoliticosveracruz.com\\\/?p=15899#article\",\"isPartOf\":{\"@id\":\"https:\\\/\\\/lospoliticosveracruz.com\\\/?p=15899\"},\"author\":{\"name\":\"Lo viste en Los Pol\u00edticos\",\"@id\":\"https:\\\/\\\/lospoliticosveracruz.com\\\/#\\\/schema\\\/person\\\/b8702bb0e538456e6efd07080bf2a4a2\"},\"headline\":\"Veracruz, quiebra y debacle\",\"datePublished\":\"2015-04-26T20:01:49+00:00\",\"mainEntityOfPage\":{\"@id\":\"https:\\\/\\\/lospoliticosveracruz.com\\\/?p=15899\"},\"wordCount\":580,\"commentCount\":0,\"publisher\":{\"@id\":\"https:\\\/\\\/lospoliticosveracruz.com\\\/#organization\"},\"keywords\":[\"deuda Televisa\",\"Hospital Regional\",\"Ni\u00f1os con C\u00e1ncer\",\"Veracruz\"],\"articleSection\":[\"De Opini\u00f3n\"],\"inLanguage\":\"es\",\"potentialAction\":[{\"@type\":\"CommentAction\",\"name\":\"Comment\",\"target\":[\"https:\\\/\\\/lospoliticosveracruz.com\\\/?p=15899#respond\"]}]},{\"@type\":\"WebPage\",\"@id\":\"https:\\\/\\\/lospoliticosveracruz.com\\\/?p=15899\",\"url\":\"https:\\\/\\\/lospoliticosveracruz.com\\\/?p=15899\",\"name\":\"Veracruz, quiebra y debacle - Los pol\u00edticos Veracruz\",\"isPartOf\":{\"@id\":\"https:\\\/\\\/lospoliticosveracruz.com\\\/#website\"},\"datePublished\":\"2015-04-26T20:01:49+00:00\",\"breadcrumb\":{\"@id\":\"https:\\\/\\\/lospoliticosveracruz.com\\\/?p=15899#breadcrumb\"},\"inLanguage\":\"es\",\"potentialAction\":[{\"@type\":\"ReadAction\",\"target\":[\"https:\\\/\\\/lospoliticosveracruz.com\\\/?p=15899\"]}]},{\"@type\":\"BreadcrumbList\",\"@id\":\"https:\\\/\\\/lospoliticosveracruz.com\\\/?p=15899#breadcrumb\",\"itemListElement\":[{\"@type\":\"ListItem\",\"position\":1,\"name\":\"Portada\",\"item\":\"https:\\\/\\\/lospoliticosveracruz.com\\\/\"},{\"@type\":\"ListItem\",\"position\":2,\"name\":\"Veracruz, quiebra y debacle\"}]},{\"@type\":\"WebSite\",\"@id\":\"https:\\\/\\\/lospoliticosveracruz.com\\\/#website\",\"url\":\"https:\\\/\\\/lospoliticosveracruz.com\\\/\",\"name\":\"Los pol\u00edticos Veracruz\",\"description\":\"\",\"publisher\":{\"@id\":\"https:\\\/\\\/lospoliticosveracruz.com\\\/#organization\"},\"potentialAction\":[{\"@type\":\"SearchAction\",\"target\":{\"@type\":\"EntryPoint\",\"urlTemplate\":\"https:\\\/\\\/lospoliticosveracruz.com\\\/?s={search_term_string}\"},\"query-input\":{\"@type\":\"PropertyValueSpecification\",\"valueRequired\":true,\"valueName\":\"search_term_string\"}}],\"inLanguage\":\"es\"},{\"@type\":\"Organization\",\"@id\":\"https:\\\/\\\/lospoliticosveracruz.com\\\/#organization\",\"name\":\"Los pol\u00edticos Veracruz\",\"url\":\"https:\\\/\\\/lospoliticosveracruz.com\\\/\",\"logo\":{\"@type\":\"ImageObject\",\"inLanguage\":\"es\",\"@id\":\"https:\\\/\\\/lospoliticosveracruz.com\\\/#\\\/schema\\\/logo\\\/image\\\/\",\"url\":\"https:\\\/\\\/lospoliticosveracruz.com\\\/wp-content\\\/uploads\\\/2025\\\/12\\\/Logo-Nuevo-LOS-POLITICOS-1.jpg\",\"contentUrl\":\"https:\\\/\\\/lospoliticosveracruz.com\\\/wp-content\\\/uploads\\\/2025\\\/12\\\/Logo-Nuevo-LOS-POLITICOS-1.jpg\",\"width\":260,\"height\":70,\"caption\":\"Los pol\u00edticos Veracruz\"},\"image\":{\"@id\":\"https:\\\/\\\/lospoliticosveracruz.com\\\/#\\\/schema\\\/logo\\\/image\\\/\"},\"sameAs\":[\"https:\\\/\\\/www.facebook.com\\\/people\\\/Notimemes-de-los-Polticos\\\/61565672886568\\\/\",\"https:\\\/\\\/x.com\\\/LosPoliticosVer\"]},{\"@type\":\"Person\",\"@id\":\"https:\\\/\\\/lospoliticosveracruz.com\\\/#\\\/schema\\\/person\\\/b8702bb0e538456e6efd07080bf2a4a2\",\"name\":\"Lo viste en Los Pol\u00edticos\",\"image\":{\"@type\":\"ImageObject\",\"inLanguage\":\"es\",\"@id\":\"https:\\\/\\\/secure.gravatar.com\\\/avatar\\\/3a8de04a2656d44082be478bd6c086daa447c4651605818287b9532d3d0bd435?s=96&d=mm&r=g\",\"url\":\"https:\\\/\\\/secure.gravatar.com\\\/avatar\\\/3a8de04a2656d44082be478bd6c086daa447c4651605818287b9532d3d0bd435?s=96&d=mm&r=g\",\"contentUrl\":\"https:\\\/\\\/secure.gravatar.com\\\/avatar\\\/3a8de04a2656d44082be478bd6c086daa447c4651605818287b9532d3d0bd435?s=96&d=mm&r=g\",\"caption\":\"Lo viste en Los Pol\u00edticos\"},\"url\":\"https:\\\/\\\/lospoliticosveracruz.com\\\/?author=2\"}]}<\/script>\n<!-- \/ Yoast SEO plugin. -->","yoast_head_json":{"title":"Veracruz, quiebra y debacle - Los pol\u00edticos Veracruz","robots":{"index":"index","follow":"follow","max-snippet":"max-snippet:-1","max-image-preview":"max-image-preview:large","max-video-preview":"max-video-preview:-1"},"canonical":"https:\/\/lospoliticosveracruz.com\/?p=15899","og_locale":"es_ES","og_type":"article","og_title":"Veracruz, quiebra y debacle - Los pol\u00edticos Veracruz","og_description":"M\u00f3nica Camarena Crespo Parque Ju\u00e1rez Las noticias no son buenas, el estado de Veracruz por primera vez sufre la peor debacle pol\u00edtica, pero sobre todo econ\u00f3mica; lo que se dice, lo que muchos saben es que nadie ha podido amortiguar lo que ya se considera como una quiebra no aceptada oficialmente. Las noticias del centro [&hellip;]","og_url":"https:\/\/lospoliticosveracruz.com\/?p=15899","og_site_name":"Los pol\u00edticos Veracruz","article_publisher":"https:\/\/www.facebook.com\/people\/Notimemes-de-los-Polticos\/61565672886568\/","article_published_time":"2015-04-26T20:01:49+00:00","og_image":[{"width":200,"height":200,"url":"https:\/\/lospoliticosveracruz.com\/wp-content\/uploads\/2016\/07\/Logo-Dor.jpg","type":"image\/jpeg"}],"author":"Lo viste en Los Pol\u00edticos","twitter_card":"summary_large_image","twitter_creator":"@LosPoliticosVer","twitter_site":"@LosPoliticosVer","twitter_misc":{"Escrito por":"Lo viste en Los Pol\u00edticos","Tiempo de lectura":"3 minutos"},"schema":{"@context":"https:\/\/schema.org","@graph":[{"@type":"Article","@id":"https:\/\/lospoliticosveracruz.com\/?p=15899#article","isPartOf":{"@id":"https:\/\/lospoliticosveracruz.com\/?p=15899"},"author":{"name":"Lo viste en Los Pol\u00edticos","@id":"https:\/\/lospoliticosveracruz.com\/#\/schema\/person\/b8702bb0e538456e6efd07080bf2a4a2"},"headline":"Veracruz, quiebra y debacle","datePublished":"2015-04-26T20:01:49+00:00","mainEntityOfPage":{"@id":"https:\/\/lospoliticosveracruz.com\/?p=15899"},"wordCount":580,"commentCount":0,"publisher":{"@id":"https:\/\/lospoliticosveracruz.com\/#organization"},"keywords":["deuda Televisa","Hospital Regional","Ni\u00f1os con C\u00e1ncer","Veracruz"],"articleSection":["De Opini\u00f3n"],"inLanguage":"es","potentialAction":[{"@type":"CommentAction","name":"Comment","target":["https:\/\/lospoliticosveracruz.com\/?p=15899#respond"]}]},{"@type":"WebPage","@id":"https:\/\/lospoliticosveracruz.com\/?p=15899","url":"https:\/\/lospoliticosveracruz.com\/?p=15899","name":"Veracruz, quiebra y debacle - Los pol\u00edticos Veracruz","isPartOf":{"@id":"https:\/\/lospoliticosveracruz.com\/#website"},"datePublished":"2015-04-26T20:01:49+00:00","breadcrumb":{"@id":"https:\/\/lospoliticosveracruz.com\/?p=15899#breadcrumb"},"inLanguage":"es","potentialAction":[{"@type":"ReadAction","target":["https:\/\/lospoliticosveracruz.com\/?p=15899"]}]},{"@type":"BreadcrumbList","@id":"https:\/\/lospoliticosveracruz.com\/?p=15899#breadcrumb","itemListElement":[{"@type":"ListItem","position":1,"name":"Portada","item":"https:\/\/lospoliticosveracruz.com\/"},{"@type":"ListItem","position":2,"name":"Veracruz, quiebra y debacle"}]},{"@type":"WebSite","@id":"https:\/\/lospoliticosveracruz.com\/#website","url":"https:\/\/lospoliticosveracruz.com\/","name":"Los pol\u00edticos Veracruz","description":"","publisher":{"@id":"https:\/\/lospoliticosveracruz.com\/#organization"},"potentialAction":[{"@type":"SearchAction","target":{"@type":"EntryPoint","urlTemplate":"https:\/\/lospoliticosveracruz.com\/?s={search_term_string}"},"query-input":{"@type":"PropertyValueSpecification","valueRequired":true,"valueName":"search_term_string"}}],"inLanguage":"es"},{"@type":"Organization","@id":"https:\/\/lospoliticosveracruz.com\/#organization","name":"Los pol\u00edticos Veracruz","url":"https:\/\/lospoliticosveracruz.com\/","logo":{"@type":"ImageObject","inLanguage":"es","@id":"https:\/\/lospoliticosveracruz.com\/#\/schema\/logo\/image\/","url":"https:\/\/lospoliticosveracruz.com\/wp-content\/uploads\/2025\/12\/Logo-Nuevo-LOS-POLITICOS-1.jpg","contentUrl":"https:\/\/lospoliticosveracruz.com\/wp-content\/uploads\/2025\/12\/Logo-Nuevo-LOS-POLITICOS-1.jpg","width":260,"height":70,"caption":"Los pol\u00edticos Veracruz"},"image":{"@id":"https:\/\/lospoliticosveracruz.com\/#\/schema\/logo\/image\/"},"sameAs":["https:\/\/www.facebook.com\/people\/Notimemes-de-los-Polticos\/61565672886568\/","https:\/\/x.com\/LosPoliticosVer"]},{"@type":"Person","@id":"https:\/\/lospoliticosveracruz.com\/#\/schema\/person\/b8702bb0e538456e6efd07080bf2a4a2","name":"Lo viste en Los Pol\u00edticos","image":{"@type":"ImageObject","inLanguage":"es","@id":"https:\/\/secure.gravatar.com\/avatar\/3a8de04a2656d44082be478bd6c086daa447c4651605818287b9532d3d0bd435?s=96&d=mm&r=g","url":"https:\/\/secure.gravatar.com\/avatar\/3a8de04a2656d44082be478bd6c086daa447c4651605818287b9532d3d0bd435?s=96&d=mm&r=g","contentUrl":"https:\/\/secure.gravatar.com\/avatar\/3a8de04a2656d44082be478bd6c086daa447c4651605818287b9532d3d0bd435?s=96&d=mm&r=g","caption":"Lo viste en Los Pol\u00edticos"},"url":"https:\/\/lospoliticosveracruz.com\/?author=2"}]}},"_links":{"self":[{"href":"https:\/\/lospoliticosveracruz.com\/index.php?rest_route=\/wp\/v2\/posts\/15899","targetHints":{"allow":["GET"]}}],"collection":[{"href":"https:\/\/lospoliticosveracruz.com\/index.php?rest_route=\/wp\/v2\/posts"}],"about":[{"href":"https:\/\/lospoliticosveracruz.com\/index.php?rest_route=\/wp\/v2\/types\/post"}],"author":[{"embeddable":true,"href":"https:\/\/lospoliticosveracruz.com\/index.php?rest_route=\/wp\/v2\/users\/2"}],"replies":[{"embeddable":true,"href":"https:\/\/lospoliticosveracruz.com\/index.php?rest_route=%2Fwp%2Fv2%2Fcomments&post=15899"}],"version-history":[{"count":1,"href":"https:\/\/lospoliticosveracruz.com\/index.php?rest_route=\/wp\/v2\/posts\/15899\/revisions"}],"predecessor-version":[{"id":15900,"href":"https:\/\/lospoliticosveracruz.com\/index.php?rest_route=\/wp\/v2\/posts\/15899\/revisions\/15900"}],"wp:attachment":[{"href":"https:\/\/lospoliticosveracruz.com\/index.php?rest_route=%2Fwp%2Fv2%2Fmedia&parent=15899"}],"wp:term":[{"taxonomy":"category","embeddable":true,"href":"https:\/\/lospoliticosveracruz.com\/index.php?rest_route=%2Fwp%2Fv2%2Fcategories&post=15899"},{"taxonomy":"post_tag","embeddable":true,"href":"https:\/\/lospoliticosveracruz.com\/index.php?rest_route=%2Fwp%2Fv2%2Ftags&post=15899"}],"curies":[{"name":"wp","href":"https:\/\/api.w.org\/{rel}","templated":true}]}}