{"id":159024,"date":"2025-12-23T06:37:40","date_gmt":"2025-12-23T12:37:40","guid":{"rendered":"https:\/\/lospoliticosveracruz.com\/?p=159024"},"modified":"2025-12-23T06:37:41","modified_gmt":"2025-12-23T12:37:41","slug":"se-los-exigen","status":"publish","type":"post","link":"https:\/\/lospoliticosveracruz.com\/?p=159024","title":{"rendered":"SE LOS EXIGEN!"},"content":{"rendered":"\n<p><strong>Fanny Y\u00e9pez<\/strong><br><em>La Columna<\/em><\/p>\n\n\n\n<p>Despu\u00e9s de 7 meses de espera, que me parece un plazo demasiado largo, por fin llegar\u00e1n los 212 nuevos alcaldes, a igual n\u00famero de municipios del estado de Veracruz.<\/p>\n\n\n\n\n\n<p>Se vive y se siente el nerviosismo. En muchos casos se puede observar la alegr\u00eda de ver caras nuevas, con otros criterios y al mismo tiempo celebrar la salida de esos presidentes que no pudieron con el paquete, que solo vieron pasar el tiempo en esos cuatro a\u00f1os, sin que se pudieran reflejar los avances para esos municipios.<\/p>\n\n\n\n<p>Muchos alcaldes electos desde que supieron del triunfo que obtuvieron en las urnas, se pusieron a hacer reuniones con los l\u00edderes de colonias, profesores, amas de casa y otros sectores, para enriquecer su Plan Municipal de Desarrollo y eso fue muy saludable, porque fueron a conocer el fondo de los problemas que van a enfrentar.<\/p>\n\n\n\n<p>Solo faltan 8 d\u00edas para la celebraci\u00f3n de esas ceremonias y al menos en los municipios de Xalapa y Veracruz, se confirm\u00f3 la presencia de la gobernadora Roc\u00edo Nahle para apoyar a Daniela Griego y Rosa Mar\u00eda Hern\u00e1ndez Espejo, que estar\u00e1n al frente de esos ayuntamientos ic\u00f3nicos del estado.<\/p>\n\n\n\n<p>Seguramente, cada uno de los responsables de las diversas \u00e1reas de la administraci\u00f3n municipal, ya se est\u00e1n familiarizando con la problem\u00e1tica que les corresponde y desde el 1 de enero, comenzar a trabajar en serio, sin perder un solo d\u00eda, porque es lo que necesitamos para destacar y ser uno de los principales estados del pa\u00eds.<\/p>\n\n\n\n<p>Llama la atenci\u00f3n que algunos, de los que ser\u00e1n los pr\u00f3ximos jefes de prensa o de comunicaci\u00f3n social, desde ahora est\u00e9n descuidando a los reporteros que cubrir\u00e1n esa fuente, a los analistas que har\u00e1n la evaluaci\u00f3n de esas declaraciones o acciones que lleve a cabo la comuna.<\/p>\n\n\n\n<p>En muchos, pero muchos municipios, esos se\u00f1ores o se\u00f1oritas, no tuvieron la delicadeza de invitar formalmente a la toma de posesi\u00f3n, a los representantes de los medios de comunicaci\u00f3n; y eso dice mucho de esos personajes, que tambi\u00e9n, en muchos de los casos, ser\u00e1n nuevos en esas responsabilidades.<\/p>\n\n\n\n<p>Hay acciones que son muy f\u00e1ciles y sin costo alguno, pero solo es cuesti\u00f3n de que esos responsables del \u00e1rea de prensa tengan m\u00e1s sensibilidad y ayuden verdaderamente a sus jefes o jefas, porque de lo contrario predisponen la imagen de esas nuevas autoridades.<\/p>\n\n\n\n<p>Seguramente muchos van a decir \u201ces que el jefe no me dijo nada de eso\u201d, y me queda claro que as\u00ed podr\u00eda ser por la carga de trabajo que ya tienen los pr\u00f3ximos alcaldes, pero ah\u00ed es donde debe funcionar el jefe de prensa como asesor de imagen y tomar la iniciativa para hacer sus propuestas.<\/p>\n\n\n\n<p>Tras las elecciones municipales del 1 de junio de 2025 en Veracruz, el pueblo veracruzano espera que los alcaldes electos \u2014quienes asumir\u00e1n funciones el 1 de enero de 2026\u2014 enfoquen sus administraciones en la seguridad, la infraestructura b\u00e1sica y el desarrollo econ\u00f3mico regional.<\/p>\n\n\n\n<p>Las principales demandas y expectativas ciudadanas incluyen:<\/p>\n\n\n\n<p>1.Seguridad P\u00fablica y Justicia<\/p>\n\n\n\n<p>Dada la violencia registrada durante el proceso electoral y la presencia de grupos delictivos en diversas zonas, la ciudadan\u00eda demanda:<br>Resultados inmediatos en seguridad: Reducci\u00f3n de la incidencia delictiva y mayor protecci\u00f3n frente a amenazas.<br>Coordinaci\u00f3n con niveles superiores: Se espera una estrecha colaboraci\u00f3n entre los nuevos alcaldes y el gobierno estatal liderado por la gobernadora para pacificar las regiones.<\/p>\n\n\n\n<ol start=\"2\" class=\"wp-block-list\">\n<li>Infraestructura y Servicios P\u00fablicos<\/li>\n<\/ol>\n\n\n\n<p>La percepci\u00f3n de obras inconclusas y deficiencias en servicios b\u00e1sicos es un reto central para los pr\u00f3ximos ayuntamientos:<br>Conclusi\u00f3n de obras heredadas: Los ciudadanos esperan que se terminen los proyectos de infraestructura pendientes.<br>Mejora en servicios b\u00e1sicos: Existe una fuerte expectativa por la mejora en pavimentaci\u00f3n, alumbrado p\u00fablico y gesti\u00f3n de residuos, especialmente en municipios con baja aprobaci\u00f3n hist\u00f3rica.<\/p>\n\n\n\n<ol start=\"3\" class=\"wp-block-list\">\n<li>Desarrollo Econ\u00f3mico y Bienestar<br>Alineaci\u00f3n con Programas Federales: Se espera la integraci\u00f3n efectiva de los municipios en programas de bienestar como la \u00abPensi\u00f3n Mujeres Bienestar\u00bb y \u00abSalud Casa por Casa\u00bb.<\/li>\n<\/ol>\n\n\n\n<p>Turismo y prestigio local: En municipios espec\u00edficos, como Coatepec, existe la exigencia de cumplir con est\u00e1ndares administrativos para mantener certificaciones como la de \u00abPueblo M\u00e1gico\u00bb, crucial para la econom\u00eda local.<\/p>\n\n\n\n<ol start=\"4\" class=\"wp-block-list\">\n<li>Gobernanza y Transparencia<br>Gobernar para todos: Tras una contienda polarizada, la expectativa es que los alcaldes gobiernen de manera incluyente, sin distinci\u00f3n de colores partidistas.<br>Cuentas claras: Existe preocupaci\u00f3n por las deudas y recortes presupuestales que heredar\u00e1n las nuevas administraciones, por lo que se exige una gesti\u00f3n financiera responsable.<\/li>\n<\/ol>\n\n\n\n<p>Los alcaldes electos en Veracruz que asumir\u00e1n sus cargos el pr\u00f3ximo 1 de enero de 2026, provenientes de las elecciones de 2025, han enfrentado diversas controversias y desaf\u00edos, m\u00e1s relacionados con impugnaciones electorales, amenazas de seguridad y denuncias penales previas, que con tomas de posesi\u00f3n cuestionadas en s\u00ed mismas.<\/p>\n\n\n\n<p>Varios mun\u00edcipes, proceden de impugnaciones electorales<br>Varios municipios han tenido sus resultados electorales impugnados por diferentes partidos pol\u00edticos, principalmente Morena, estos presidentes municipales asumir\u00e1n las alcald\u00edas afectados por el desgaste pol\u00edtico ante tanto cuestionamiento y rechazos, ahora tienen la gran responsabilidad de limar asperezas, dejar a un lado las siglas partidistas y unir a pueblo.<br>San Andr\u00e9s Tuxtla, Tlanelhuayocan, Poza Rica, Chontla, Hidalgotitl\u00e1n, \u00darsulo Galv\u00e1n y Boca del R\u00edo, fueron algunos de las y los alcaldes electos sumamente cuestionados.<br>En total, se presentaron impugnaciones en aproximadamente 80 de los 212 municipios del estado, alegando diversas irregularidades.<br>Recordamos que un total de 6 alcaldes electos ganaron las elecciones en Veracruz con menos de 1,000 votos, los cuales fueron cuestionados y ganaron la elecci\u00f3n en los tribunales.<br>Acatl\u00e1n, alcaldesa electa Rosa Garc\u00eda Alarc\u00f3n del Partido Revolucionario Institucional obtuvo solo 611 votos; Aquila, ah\u00ed algunos pobladores intentaron quemar las oficinas del OPLE, donde result\u00f3 ganadora la candidata del Verde, Mar\u00eda Petra Alonso V\u00e1zquez, con 580 votos, dos m\u00e1s de los que mostraba el PREP.<br>Coetzala, el candidato ganador de las elecciones fue Geremias Nereo Apale Tehuintle de Movimiento Ciudadano con tan solo 664 votos.<br>Landero y Coss<br>El alcalde electo de este municipio fue Pedro Dom\u00ednguez Garc\u00eda del PRI, quien consigui\u00f3 ganar la elecci\u00f3n con 580 votos, del Partido Revolucionario Institucional.<br>Naranjal<br>El alcalde electo del Naranjal, Francisco Florentino Tepepa Miranda consigui\u00f3 960 votos que lo hicieron ganador de la contienda electoral, con una diferencia de 197 votos<br>San Andr\u00e9s Tenejapan, Domingo Cereso Cruz de Movimiento Ciudadano, consigui\u00f3 949 votos.<\/p>\n","protected":false},"excerpt":{"rendered":"<p>Fanny Y\u00e9pezLa Columna Despu\u00e9s de 7 meses de espera, que me parece un plazo demasiado largo, por fin llegar\u00e1n los 212 nuevos alcaldes, a igual n\u00famero de municipios del estado de Veracruz. Se vive y se siente el nerviosismo. En muchos casos se puede observar la alegr\u00eda de ver caras nuevas, con otros criterios y [&hellip;]<\/p>\n","protected":false},"author":2,"featured_media":141383,"comment_status":"closed","ping_status":"closed","sticky":false,"template":"","format":"standard","meta":{"tdm_status":"","tdm_grid_status":"","footnotes":""},"categories":[70],"tags":[47908,360,25629,195],"class_list":{"0":"post-159024","1":"post","2":"type-post","3":"status-publish","4":"format-standard","5":"has-post-thumbnail","7":"category-de-opinion","8":"tag-alcaldes","9":"tag-seguridad","10":"tag-servicios-publicos","11":"tag-veracruz"},"yoast_head":"<!-- This site is optimized with the Yoast SEO plugin v27.4 - https:\/\/yoast.com\/product\/yoast-seo-wordpress\/ -->\n<title>SE LOS EXIGEN! - Los pol\u00edticos Veracruz<\/title>\n<meta name=\"robots\" content=\"index, follow, max-snippet:-1, max-image-preview:large, max-video-preview:-1\" \/>\n<link rel=\"canonical\" href=\"https:\/\/lospoliticosveracruz.com\/?p=159024\" \/>\n<meta property=\"og:locale\" content=\"es_ES\" \/>\n<meta property=\"og:type\" content=\"article\" \/>\n<meta property=\"og:title\" content=\"SE LOS EXIGEN! - Los pol\u00edticos Veracruz\" \/>\n<meta property=\"og:description\" content=\"Fanny Y\u00e9pezLa Columna Despu\u00e9s de 7 meses de espera, que me parece un plazo demasiado largo, por fin llegar\u00e1n los 212 nuevos alcaldes, a igual n\u00famero de municipios del estado de Veracruz. Se vive y se siente el nerviosismo. En muchos casos se puede observar la alegr\u00eda de ver caras nuevas, con otros criterios y [&hellip;]\" \/>\n<meta property=\"og:url\" content=\"https:\/\/lospoliticosveracruz.com\/?p=159024\" \/>\n<meta property=\"og:site_name\" content=\"Los pol\u00edticos Veracruz\" \/>\n<meta property=\"article:publisher\" content=\"https:\/\/www.facebook.com\/people\/Notimemes-de-los-Polticos\/61565672886568\/\" \/>\n<meta property=\"article:published_time\" content=\"2025-12-23T12:37:40+00:00\" \/>\n<meta property=\"article:modified_time\" content=\"2025-12-23T12:37:41+00:00\" \/>\n<meta property=\"og:image\" content=\"https:\/\/lospoliticosveracruz.com\/wp-content\/uploads\/2025\/04\/Fanny-Yepez-Luna.jpg\" \/>\n\t<meta property=\"og:image:width\" content=\"1250\" \/>\n\t<meta property=\"og:image:height\" content=\"667\" \/>\n\t<meta property=\"og:image:type\" content=\"image\/jpeg\" \/>\n<meta name=\"author\" content=\"Lo viste en Los Pol\u00edticos\" \/>\n<meta name=\"twitter:card\" content=\"summary_large_image\" \/>\n<meta name=\"twitter:creator\" content=\"@LosPoliticosVer\" \/>\n<meta name=\"twitter:site\" content=\"@LosPoliticosVer\" \/>\n<meta name=\"twitter:label1\" content=\"Escrito por\" \/>\n\t<meta name=\"twitter:data1\" content=\"Lo viste en Los Pol\u00edticos\" \/>\n\t<meta name=\"twitter:label2\" content=\"Tiempo de lectura\" \/>\n\t<meta name=\"twitter:data2\" content=\"6 minutos\" \/>\n<script type=\"application\/ld+json\" class=\"yoast-schema-graph\">{\"@context\":\"https:\\\/\\\/schema.org\",\"@graph\":[{\"@type\":\"Article\",\"@id\":\"https:\\\/\\\/lospoliticosveracruz.com\\\/?p=159024#article\",\"isPartOf\":{\"@id\":\"https:\\\/\\\/lospoliticosveracruz.com\\\/?p=159024\"},\"author\":{\"name\":\"Lo viste en Los Pol\u00edticos\",\"@id\":\"https:\\\/\\\/lospoliticosveracruz.com\\\/#\\\/schema\\\/person\\\/b8702bb0e538456e6efd07080bf2a4a2\"},\"headline\":\"SE LOS EXIGEN!\",\"datePublished\":\"2025-12-23T12:37:40+00:00\",\"dateModified\":\"2025-12-23T12:37:41+00:00\",\"mainEntityOfPage\":{\"@id\":\"https:\\\/\\\/lospoliticosveracruz.com\\\/?p=159024\"},\"wordCount\":1108,\"publisher\":{\"@id\":\"https:\\\/\\\/lospoliticosveracruz.com\\\/#organization\"},\"image\":{\"@id\":\"https:\\\/\\\/lospoliticosveracruz.com\\\/?p=159024#primaryimage\"},\"thumbnailUrl\":\"https:\\\/\\\/lospoliticosveracruz.com\\\/wp-content\\\/uploads\\\/2025\\\/04\\\/Fanny-Yepez-Luna-e1768657334923.jpg\",\"keywords\":[\"Alcaldes\",\"Seguridad\",\"servicios p\u00fablicos\",\"Veracruz\"],\"articleSection\":[\"De Opini\u00f3n\"],\"inLanguage\":\"es\"},{\"@type\":\"WebPage\",\"@id\":\"https:\\\/\\\/lospoliticosveracruz.com\\\/?p=159024\",\"url\":\"https:\\\/\\\/lospoliticosveracruz.com\\\/?p=159024\",\"name\":\"SE LOS EXIGEN! - Los pol\u00edticos Veracruz\",\"isPartOf\":{\"@id\":\"https:\\\/\\\/lospoliticosveracruz.com\\\/#website\"},\"primaryImageOfPage\":{\"@id\":\"https:\\\/\\\/lospoliticosveracruz.com\\\/?p=159024#primaryimage\"},\"image\":{\"@id\":\"https:\\\/\\\/lospoliticosveracruz.com\\\/?p=159024#primaryimage\"},\"thumbnailUrl\":\"https:\\\/\\\/lospoliticosveracruz.com\\\/wp-content\\\/uploads\\\/2025\\\/04\\\/Fanny-Yepez-Luna-e1768657334923.jpg\",\"datePublished\":\"2025-12-23T12:37:40+00:00\",\"dateModified\":\"2025-12-23T12:37:41+00:00\",\"breadcrumb\":{\"@id\":\"https:\\\/\\\/lospoliticosveracruz.com\\\/?p=159024#breadcrumb\"},\"inLanguage\":\"es\",\"potentialAction\":[{\"@type\":\"ReadAction\",\"target\":[\"https:\\\/\\\/lospoliticosveracruz.com\\\/?p=159024\"]}]},{\"@type\":\"ImageObject\",\"inLanguage\":\"es\",\"@id\":\"https:\\\/\\\/lospoliticosveracruz.com\\\/?p=159024#primaryimage\",\"url\":\"https:\\\/\\\/lospoliticosveracruz.com\\\/wp-content\\\/uploads\\\/2025\\\/04\\\/Fanny-Yepez-Luna-e1768657334923.jpg\",\"contentUrl\":\"https:\\\/\\\/lospoliticosveracruz.com\\\/wp-content\\\/uploads\\\/2025\\\/04\\\/Fanny-Yepez-Luna-e1768657334923.jpg\",\"width\":600,\"height\":320},{\"@type\":\"BreadcrumbList\",\"@id\":\"https:\\\/\\\/lospoliticosveracruz.com\\\/?p=159024#breadcrumb\",\"itemListElement\":[{\"@type\":\"ListItem\",\"position\":1,\"name\":\"Portada\",\"item\":\"https:\\\/\\\/lospoliticosveracruz.com\\\/\"},{\"@type\":\"ListItem\",\"position\":2,\"name\":\"SE LOS EXIGEN!\"}]},{\"@type\":\"WebSite\",\"@id\":\"https:\\\/\\\/lospoliticosveracruz.com\\\/#website\",\"url\":\"https:\\\/\\\/lospoliticosveracruz.com\\\/\",\"name\":\"Los pol\u00edticos Veracruz\",\"description\":\"\",\"publisher\":{\"@id\":\"https:\\\/\\\/lospoliticosveracruz.com\\\/#organization\"},\"potentialAction\":[{\"@type\":\"SearchAction\",\"target\":{\"@type\":\"EntryPoint\",\"urlTemplate\":\"https:\\\/\\\/lospoliticosveracruz.com\\\/?s={search_term_string}\"},\"query-input\":{\"@type\":\"PropertyValueSpecification\",\"valueRequired\":true,\"valueName\":\"search_term_string\"}}],\"inLanguage\":\"es\"},{\"@type\":\"Organization\",\"@id\":\"https:\\\/\\\/lospoliticosveracruz.com\\\/#organization\",\"name\":\"Los pol\u00edticos Veracruz\",\"url\":\"https:\\\/\\\/lospoliticosveracruz.com\\\/\",\"logo\":{\"@type\":\"ImageObject\",\"inLanguage\":\"es\",\"@id\":\"https:\\\/\\\/lospoliticosveracruz.com\\\/#\\\/schema\\\/logo\\\/image\\\/\",\"url\":\"https:\\\/\\\/lospoliticosveracruz.com\\\/wp-content\\\/uploads\\\/2025\\\/12\\\/Logo-Nuevo-LOS-POLITICOS-1.jpg\",\"contentUrl\":\"https:\\\/\\\/lospoliticosveracruz.com\\\/wp-content\\\/uploads\\\/2025\\\/12\\\/Logo-Nuevo-LOS-POLITICOS-1.jpg\",\"width\":260,\"height\":70,\"caption\":\"Los pol\u00edticos Veracruz\"},\"image\":{\"@id\":\"https:\\\/\\\/lospoliticosveracruz.com\\\/#\\\/schema\\\/logo\\\/image\\\/\"},\"sameAs\":[\"https:\\\/\\\/www.facebook.com\\\/people\\\/Notimemes-de-los-Polticos\\\/61565672886568\\\/\",\"https:\\\/\\\/x.com\\\/LosPoliticosVer\"]},{\"@type\":\"Person\",\"@id\":\"https:\\\/\\\/lospoliticosveracruz.com\\\/#\\\/schema\\\/person\\\/b8702bb0e538456e6efd07080bf2a4a2\",\"name\":\"Lo viste en Los Pol\u00edticos\",\"image\":{\"@type\":\"ImageObject\",\"inLanguage\":\"es\",\"@id\":\"https:\\\/\\\/secure.gravatar.com\\\/avatar\\\/3a8de04a2656d44082be478bd6c086daa447c4651605818287b9532d3d0bd435?s=96&d=mm&r=g\",\"url\":\"https:\\\/\\\/secure.gravatar.com\\\/avatar\\\/3a8de04a2656d44082be478bd6c086daa447c4651605818287b9532d3d0bd435?s=96&d=mm&r=g\",\"contentUrl\":\"https:\\\/\\\/secure.gravatar.com\\\/avatar\\\/3a8de04a2656d44082be478bd6c086daa447c4651605818287b9532d3d0bd435?s=96&d=mm&r=g\",\"caption\":\"Lo viste en Los Pol\u00edticos\"},\"url\":\"https:\\\/\\\/lospoliticosveracruz.com\\\/?author=2\"}]}<\/script>\n<!-- \/ Yoast SEO plugin. -->","yoast_head_json":{"title":"SE LOS EXIGEN! - Los pol\u00edticos Veracruz","robots":{"index":"index","follow":"follow","max-snippet":"max-snippet:-1","max-image-preview":"max-image-preview:large","max-video-preview":"max-video-preview:-1"},"canonical":"https:\/\/lospoliticosveracruz.com\/?p=159024","og_locale":"es_ES","og_type":"article","og_title":"SE LOS EXIGEN! - Los pol\u00edticos Veracruz","og_description":"Fanny Y\u00e9pezLa Columna Despu\u00e9s de 7 meses de espera, que me parece un plazo demasiado largo, por fin llegar\u00e1n los 212 nuevos alcaldes, a igual n\u00famero de municipios del estado de Veracruz. Se vive y se siente el nerviosismo. En muchos casos se puede observar la alegr\u00eda de ver caras nuevas, con otros criterios y [&hellip;]","og_url":"https:\/\/lospoliticosveracruz.com\/?p=159024","og_site_name":"Los pol\u00edticos Veracruz","article_publisher":"https:\/\/www.facebook.com\/people\/Notimemes-de-los-Polticos\/61565672886568\/","article_published_time":"2025-12-23T12:37:40+00:00","article_modified_time":"2025-12-23T12:37:41+00:00","og_image":[{"width":1250,"height":667,"url":"https:\/\/lospoliticosveracruz.com\/wp-content\/uploads\/2025\/04\/Fanny-Yepez-Luna.jpg","type":"image\/jpeg"}],"author":"Lo viste en Los Pol\u00edticos","twitter_card":"summary_large_image","twitter_creator":"@LosPoliticosVer","twitter_site":"@LosPoliticosVer","twitter_misc":{"Escrito por":"Lo viste en Los Pol\u00edticos","Tiempo de lectura":"6 minutos"},"schema":{"@context":"https:\/\/schema.org","@graph":[{"@type":"Article","@id":"https:\/\/lospoliticosveracruz.com\/?p=159024#article","isPartOf":{"@id":"https:\/\/lospoliticosveracruz.com\/?p=159024"},"author":{"name":"Lo viste en Los Pol\u00edticos","@id":"https:\/\/lospoliticosveracruz.com\/#\/schema\/person\/b8702bb0e538456e6efd07080bf2a4a2"},"headline":"SE LOS EXIGEN!","datePublished":"2025-12-23T12:37:40+00:00","dateModified":"2025-12-23T12:37:41+00:00","mainEntityOfPage":{"@id":"https:\/\/lospoliticosveracruz.com\/?p=159024"},"wordCount":1108,"publisher":{"@id":"https:\/\/lospoliticosveracruz.com\/#organization"},"image":{"@id":"https:\/\/lospoliticosveracruz.com\/?p=159024#primaryimage"},"thumbnailUrl":"https:\/\/lospoliticosveracruz.com\/wp-content\/uploads\/2025\/04\/Fanny-Yepez-Luna-e1768657334923.jpg","keywords":["Alcaldes","Seguridad","servicios p\u00fablicos","Veracruz"],"articleSection":["De Opini\u00f3n"],"inLanguage":"es"},{"@type":"WebPage","@id":"https:\/\/lospoliticosveracruz.com\/?p=159024","url":"https:\/\/lospoliticosveracruz.com\/?p=159024","name":"SE LOS EXIGEN! - Los pol\u00edticos Veracruz","isPartOf":{"@id":"https:\/\/lospoliticosveracruz.com\/#website"},"primaryImageOfPage":{"@id":"https:\/\/lospoliticosveracruz.com\/?p=159024#primaryimage"},"image":{"@id":"https:\/\/lospoliticosveracruz.com\/?p=159024#primaryimage"},"thumbnailUrl":"https:\/\/lospoliticosveracruz.com\/wp-content\/uploads\/2025\/04\/Fanny-Yepez-Luna-e1768657334923.jpg","datePublished":"2025-12-23T12:37:40+00:00","dateModified":"2025-12-23T12:37:41+00:00","breadcrumb":{"@id":"https:\/\/lospoliticosveracruz.com\/?p=159024#breadcrumb"},"inLanguage":"es","potentialAction":[{"@type":"ReadAction","target":["https:\/\/lospoliticosveracruz.com\/?p=159024"]}]},{"@type":"ImageObject","inLanguage":"es","@id":"https:\/\/lospoliticosveracruz.com\/?p=159024#primaryimage","url":"https:\/\/lospoliticosveracruz.com\/wp-content\/uploads\/2025\/04\/Fanny-Yepez-Luna-e1768657334923.jpg","contentUrl":"https:\/\/lospoliticosveracruz.com\/wp-content\/uploads\/2025\/04\/Fanny-Yepez-Luna-e1768657334923.jpg","width":600,"height":320},{"@type":"BreadcrumbList","@id":"https:\/\/lospoliticosveracruz.com\/?p=159024#breadcrumb","itemListElement":[{"@type":"ListItem","position":1,"name":"Portada","item":"https:\/\/lospoliticosveracruz.com\/"},{"@type":"ListItem","position":2,"name":"SE LOS EXIGEN!"}]},{"@type":"WebSite","@id":"https:\/\/lospoliticosveracruz.com\/#website","url":"https:\/\/lospoliticosveracruz.com\/","name":"Los pol\u00edticos Veracruz","description":"","publisher":{"@id":"https:\/\/lospoliticosveracruz.com\/#organization"},"potentialAction":[{"@type":"SearchAction","target":{"@type":"EntryPoint","urlTemplate":"https:\/\/lospoliticosveracruz.com\/?s={search_term_string}"},"query-input":{"@type":"PropertyValueSpecification","valueRequired":true,"valueName":"search_term_string"}}],"inLanguage":"es"},{"@type":"Organization","@id":"https:\/\/lospoliticosveracruz.com\/#organization","name":"Los pol\u00edticos Veracruz","url":"https:\/\/lospoliticosveracruz.com\/","logo":{"@type":"ImageObject","inLanguage":"es","@id":"https:\/\/lospoliticosveracruz.com\/#\/schema\/logo\/image\/","url":"https:\/\/lospoliticosveracruz.com\/wp-content\/uploads\/2025\/12\/Logo-Nuevo-LOS-POLITICOS-1.jpg","contentUrl":"https:\/\/lospoliticosveracruz.com\/wp-content\/uploads\/2025\/12\/Logo-Nuevo-LOS-POLITICOS-1.jpg","width":260,"height":70,"caption":"Los pol\u00edticos Veracruz"},"image":{"@id":"https:\/\/lospoliticosveracruz.com\/#\/schema\/logo\/image\/"},"sameAs":["https:\/\/www.facebook.com\/people\/Notimemes-de-los-Polticos\/61565672886568\/","https:\/\/x.com\/LosPoliticosVer"]},{"@type":"Person","@id":"https:\/\/lospoliticosveracruz.com\/#\/schema\/person\/b8702bb0e538456e6efd07080bf2a4a2","name":"Lo viste en Los Pol\u00edticos","image":{"@type":"ImageObject","inLanguage":"es","@id":"https:\/\/secure.gravatar.com\/avatar\/3a8de04a2656d44082be478bd6c086daa447c4651605818287b9532d3d0bd435?s=96&d=mm&r=g","url":"https:\/\/secure.gravatar.com\/avatar\/3a8de04a2656d44082be478bd6c086daa447c4651605818287b9532d3d0bd435?s=96&d=mm&r=g","contentUrl":"https:\/\/secure.gravatar.com\/avatar\/3a8de04a2656d44082be478bd6c086daa447c4651605818287b9532d3d0bd435?s=96&d=mm&r=g","caption":"Lo viste en Los Pol\u00edticos"},"url":"https:\/\/lospoliticosveracruz.com\/?author=2"}]}},"_links":{"self":[{"href":"https:\/\/lospoliticosveracruz.com\/index.php?rest_route=\/wp\/v2\/posts\/159024","targetHints":{"allow":["GET"]}}],"collection":[{"href":"https:\/\/lospoliticosveracruz.com\/index.php?rest_route=\/wp\/v2\/posts"}],"about":[{"href":"https:\/\/lospoliticosveracruz.com\/index.php?rest_route=\/wp\/v2\/types\/post"}],"author":[{"embeddable":true,"href":"https:\/\/lospoliticosveracruz.com\/index.php?rest_route=\/wp\/v2\/users\/2"}],"replies":[{"embeddable":true,"href":"https:\/\/lospoliticosveracruz.com\/index.php?rest_route=%2Fwp%2Fv2%2Fcomments&post=159024"}],"version-history":[{"count":1,"href":"https:\/\/lospoliticosveracruz.com\/index.php?rest_route=\/wp\/v2\/posts\/159024\/revisions"}],"predecessor-version":[{"id":159025,"href":"https:\/\/lospoliticosveracruz.com\/index.php?rest_route=\/wp\/v2\/posts\/159024\/revisions\/159025"}],"wp:featuredmedia":[{"embeddable":true,"href":"https:\/\/lospoliticosveracruz.com\/index.php?rest_route=\/wp\/v2\/media\/141383"}],"wp:attachment":[{"href":"https:\/\/lospoliticosveracruz.com\/index.php?rest_route=%2Fwp%2Fv2%2Fmedia&parent=159024"}],"wp:term":[{"taxonomy":"category","embeddable":true,"href":"https:\/\/lospoliticosveracruz.com\/index.php?rest_route=%2Fwp%2Fv2%2Fcategories&post=159024"},{"taxonomy":"post_tag","embeddable":true,"href":"https:\/\/lospoliticosveracruz.com\/index.php?rest_route=%2Fwp%2Fv2%2Ftags&post=159024"}],"curies":[{"name":"wp","href":"https:\/\/api.w.org\/{rel}","templated":true}]}}