{"id":15907,"date":"2015-04-26T21:29:43","date_gmt":"2015-04-27T02:29:43","guid":{"rendered":"http:\/\/www.lospoliticosveracruz.com.mx\/?p=15907"},"modified":"2015-04-26T21:29:43","modified_gmt":"2015-04-27T02:29:43","slug":"la-alianza-de-los-yunes-sigue","status":"publish","type":"post","link":"https:\/\/lospoliticosveracruz.com\/?p=15907","title":{"rendered":"La alianza de los Yunes sigue"},"content":{"rendered":"<p><a href=\"http:\/\/www.lospoliticosveracruz.com.mx\/wp-content\/uploads\/2014\/12\/Pepe-H\u00e9ctor-Yunes.jpg\"><img loading=\"lazy\" decoding=\"async\" class=\"alignnone size-medium wp-image-14097\" src=\"http:\/\/www.lospoliticosveracruz.com.mx\/wp-content\/uploads\/2014\/12\/Pepe-H\u00e9ctor-Yunes-300x155.jpg\" alt=\"Pepe H\u00e9ctor Yunes\" width=\"300\" height=\"155\" \/><\/a><\/p>\n<p><strong>Marco Antonio Aguirre Rodr\u00edguez<\/strong><\/p>\n<p><em>M\u00edsticos y Terrenales<\/em><\/p>\n<p>La alianza entre los Yunes priistas, sigue firme.<br \/>\nY tiene un v\u00e9rtice de confluencia: No a la impunidad.<br \/>\nAmbos proclaman desde ya que el suyo ser\u00e1 un gobierno con una visi\u00f3n distinta, donde se buscar\u00e1 el crecimiento del estado y que se impedir\u00e1 que contin\u00faen los actos de mal uso de los fondos p\u00fablicos.<br \/>\nTanto Jos\u00e9 Yunes Zorrilla, como H\u00e9ctor Yunes Landa ratificaron su intenci\u00f3n de mantener la alianza, cada uno por su lado, pero tambi\u00e9n mostraron que no existe intenci\u00f3n de arriar la bandera en cuanto a la aplicaci\u00f3n de la justicia para quienes se aprovecharon de los recursos de Veracruz y se los apropiaron.<br \/>\nLas versiones sobre el fin de la alianza de los Yunes priistas se dejo correr tanto por el acercamiento que H\u00e9ctor Yunes tuvo con el gobierno de Javier Duarte, primero, como por la aparici\u00f3n en Veracruz y el nombramiento de Fidel Herrera como delegado del PRI en Oaxaca.<br \/>\nProbablemente H\u00e9ctor Yunes comprob\u00f3 que le es m\u00e1s costoso el mostrarse abiertamente como cercano a Javier Duarte, que mantener la posici\u00f3n de la alianza con el otro senador priista por Veracruz.<br \/>\nEn este panorama tambi\u00e9n se dej\u00f3 correr otra versi\u00f3n: El PRI en Veracruz, los candidatos de Fidel Herrera, arrasar\u00e1n en las elecciones del 7 de junio y esto le permitir\u00e1 al jefe de la Fidelidad designar candidato al gobierno del estado en el 2016.<br \/>\nDe hecho se ha buscado construir una imagen de alianza entre Fidel Herrera y Enrique Pe\u00f1a Nieto, para fortalecer esta visi\u00f3n.<br \/>\nPero el mismo C\u00e9sar Camacho, presidente del PRI nacional, en ese juego semi\u00f3tico al que son tan adeptos los pol\u00edticos mexicanos -sobre todo los formados en la escuela del priismo tradicional- tendi\u00f3 la l\u00ednea directa: A los \u00fanicos que tuvo a su lado en toda la gira que realiz\u00f3 en Veracruz, fue a los senadores Yunes, Jos\u00e9 y H\u00e9ctor.<br \/>\nA eso se le a\u00f1ade que la tendencia del PRI para sus candidatos a gobernador se basa en dos vertientes:<br \/>\n1. La colocaci\u00f3n en los \u00edndices de popularidad y aceptaci\u00f3n entre la poblaci\u00f3n del estado.<br \/>\n2. Tener una imagen positiva y que beneficie de entrada a este partido.<br \/>\nY los mejores posicionados son tanto H\u00e9ctor como Jos\u00e9; los dem\u00e1s nombres, en cualquier levantamiento, aparecen con \u00edndices tan bajos que apenas si figuran.<br \/>\nEn el tema de la impunidad incluso Jos\u00e9 Yunes puntualiz\u00f3 que ni siquiera el fuero de una diputaci\u00f3n debe ser escudo protector para quienes hayan tergiversado la funci\u00f3n p\u00fablica en Veracruz.<br \/>\nLa intenci\u00f3n de aplicar la justicia va m\u00e1s all\u00e1 y refiere que se debe luchar contra la impunidad de cualquier acto il\u00edcito, porque este es uno de los grandes males del estado y del pa\u00eds.<br \/>\nAs\u00ed pues, la alianza entre los Yunes sigue.<br \/>\nAmbos continuar\u00e1n apoyando a los candidatos a diputados del PRI, porque para ambos es inconveniente que su partido pierda las elecciones.<br \/>\nPero adem\u00e1s lo har\u00e1n ya con la seguridad de que a\u00fan cuando ganen los candidatos de Fidel Herrera, la intenci\u00f3n en el priismo nacional es que ser\u00e1 postulado en el 2016 quien est\u00e9 en mejores condiciones de propiciar el triunfo de \u00e9ste partido.<br \/>\nEn el PRI nacional saben que el panorama actual es propicio para que Miguel \u00e1ngel Yunes, patriarca de los Yunes azules, arrase en una elecci\u00f3n contra alg\u00fan candidato d\u00e9bil, sobre todo si est\u00e1 identificado con la desgastada y m\u00e1s que maltrecha imagen del gobernador Javier Duarte.<br \/>\nLas se\u00f1ales \u2013pues- siguen siendo de no quererle dejar a la Fidelidad (y sus hijos y nietos) la sucesi\u00f3n gubernamental en el estado\u2026 Y que al permanecer la alianza de los Yunes priistas, uno de ellos ser\u00e1 el candidato al gobierno del estado en el 2016.<\/p>\n<p>&nbsp;<\/p>\n<p><strong>UPAV, DEBE LLAMARSE GUILLERMO Z\u00da\u00d1IGA<\/strong><\/p>\n<p>El 23 de abril falleci\u00f3 Guillermo Z\u00fa\u00f1iga Mart\u00ednez, el creador de la Universidad Popular Aut\u00f3noma de Veracruz (UPAV), un esquema tan pr\u00e1ctico y pragm\u00e1tico de crear profesionistas en diferentes ramas, que a\u00fan siendo una instancia dependiente del gobierno del estado, pr\u00e1cticamente sobrevivi\u00f3 con sus propios recursos.<br \/>\nEl esquema inicial se puso en marcha con las preparatorias, las cuales proliferaron r\u00e1pidamente, por la facilidad para instalarlas ah\u00ed donde hubiera alumnos interesados en cursar estudios de este tipo.<br \/>\nVeracruz es un estado con bajos, muy bajos, \u00edndices de escolaridad y el esquema propuesto permit\u00eda tambi\u00e9n elevar estos con bajos costos.<br \/>\nDespu\u00e9s se cre\u00f3 el Instituto Veracruzano de Educaci\u00f3n Superior desde donde se impuls\u00f3 la impartici\u00f3n de carreras universitarias, para luego convertirse en la UPAV.<br \/>\nLa Universidad sobrevivi\u00f3 por el empuje de Guillermo Z\u00fa\u00f1iga, porque el presupuesto le fue retenido y escamoteado como a muchas otras instancias.<br \/>\nGuillermo Z\u00fa\u00f1iga particip\u00f3 en la creaci\u00f3n de muchas otras instituciones educativas en el estado, adem\u00e1s del papel pol\u00edtico que jugo en la vida de la entidad.<br \/>\nPor eso, siguiendo la propuesta de Felipe Bustos, ser\u00eda m\u00e1s que conveniente que se cree un grupo promotor para que a la UPAV se le agregue el nombre de Guillermo H\u00e9ctor Z\u00fa\u00f1iga Mart\u00ednez. Las miles de muestras de afecto llegadas de todo el estado y hasta del extranjero son muestra de que la intenci\u00f3n encontrar\u00e1 un camino liso.<\/p>\n","protected":false},"excerpt":{"rendered":"<p>Marco Antonio Aguirre Rodr\u00edguez M\u00edsticos y Terrenales La alianza entre los Yunes priistas, sigue firme. Y tiene un v\u00e9rtice de confluencia: No a la impunidad. Ambos proclaman desde ya que el suyo ser\u00e1 un gobierno con una visi\u00f3n distinta, donde se buscar\u00e1 el crecimiento del estado y que se impedir\u00e1 que contin\u00faen los actos de [&hellip;]<\/p>\n","protected":false},"author":2,"featured_media":0,"comment_status":"open","ping_status":"open","sticky":false,"template":"","format":"standard","meta":{"tdm_status":"","tdm_grid_status":"","footnotes":""},"categories":[70],"tags":[348,227],"class_list":{"0":"post-15907","1":"post","2":"type-post","3":"status-publish","4":"format-standard","6":"category-de-opinion","7":"tag-hector-yunes-landa","8":"tag-jose-yunes-zorrilla"},"yoast_head":"<!-- This site is optimized with the Yoast SEO plugin v27.4 - https:\/\/yoast.com\/product\/yoast-seo-wordpress\/ -->\n<title>La alianza de los Yunes sigue - Los pol\u00edticos Veracruz<\/title>\n<meta name=\"robots\" content=\"index, follow, max-snippet:-1, max-image-preview:large, max-video-preview:-1\" \/>\n<link rel=\"canonical\" href=\"https:\/\/lospoliticosveracruz.com\/?p=15907\" \/>\n<meta property=\"og:locale\" content=\"es_ES\" \/>\n<meta property=\"og:type\" content=\"article\" \/>\n<meta property=\"og:title\" content=\"La alianza de los Yunes sigue - Los pol\u00edticos Veracruz\" \/>\n<meta property=\"og:description\" content=\"Marco Antonio Aguirre Rodr\u00edguez M\u00edsticos y Terrenales La alianza entre los Yunes priistas, sigue firme. Y tiene un v\u00e9rtice de confluencia: No a la impunidad. Ambos proclaman desde ya que el suyo ser\u00e1 un gobierno con una visi\u00f3n distinta, donde se buscar\u00e1 el crecimiento del estado y que se impedir\u00e1 que contin\u00faen los actos de [&hellip;]\" \/>\n<meta property=\"og:url\" content=\"https:\/\/lospoliticosveracruz.com\/?p=15907\" \/>\n<meta property=\"og:site_name\" content=\"Los pol\u00edticos Veracruz\" \/>\n<meta property=\"article:publisher\" content=\"https:\/\/www.facebook.com\/people\/Notimemes-de-los-Polticos\/61565672886568\/\" \/>\n<meta property=\"article:published_time\" content=\"2015-04-27T02:29:43+00:00\" \/>\n<meta property=\"og:image\" content=\"https:\/\/lospoliticosveracruz.com\/wp-content\/uploads\/2016\/07\/Logo-Dor.jpg\" \/>\n\t<meta property=\"og:image:width\" content=\"200\" \/>\n\t<meta property=\"og:image:height\" content=\"200\" \/>\n\t<meta property=\"og:image:type\" content=\"image\/jpeg\" \/>\n<meta name=\"author\" content=\"Lo viste en Los Pol\u00edticos\" \/>\n<meta name=\"twitter:card\" content=\"summary_large_image\" \/>\n<meta name=\"twitter:creator\" content=\"@LosPoliticosVer\" \/>\n<meta name=\"twitter:site\" content=\"@LosPoliticosVer\" \/>\n<meta name=\"twitter:label1\" content=\"Escrito por\" \/>\n\t<meta name=\"twitter:data1\" content=\"Lo viste en Los Pol\u00edticos\" \/>\n\t<meta name=\"twitter:label2\" content=\"Tiempo de lectura\" \/>\n\t<meta name=\"twitter:data2\" content=\"5 minutos\" \/>\n<script type=\"application\/ld+json\" class=\"yoast-schema-graph\">{\"@context\":\"https:\\\/\\\/schema.org\",\"@graph\":[{\"@type\":\"Article\",\"@id\":\"https:\\\/\\\/lospoliticosveracruz.com\\\/?p=15907#article\",\"isPartOf\":{\"@id\":\"https:\\\/\\\/lospoliticosveracruz.com\\\/?p=15907\"},\"author\":{\"name\":\"Lo viste en Los Pol\u00edticos\",\"@id\":\"https:\\\/\\\/lospoliticosveracruz.com\\\/#\\\/schema\\\/person\\\/b8702bb0e538456e6efd07080bf2a4a2\"},\"headline\":\"La alianza de los Yunes sigue\",\"datePublished\":\"2015-04-27T02:29:43+00:00\",\"mainEntityOfPage\":{\"@id\":\"https:\\\/\\\/lospoliticosveracruz.com\\\/?p=15907\"},\"wordCount\":926,\"commentCount\":0,\"publisher\":{\"@id\":\"https:\\\/\\\/lospoliticosveracruz.com\\\/#organization\"},\"keywords\":[\"H\u00e9ctor Yunes Landa\",\"Jos\u00e9 Yunes Zorrilla\"],\"articleSection\":[\"De Opini\u00f3n\"],\"inLanguage\":\"es\",\"potentialAction\":[{\"@type\":\"CommentAction\",\"name\":\"Comment\",\"target\":[\"https:\\\/\\\/lospoliticosveracruz.com\\\/?p=15907#respond\"]}]},{\"@type\":\"WebPage\",\"@id\":\"https:\\\/\\\/lospoliticosveracruz.com\\\/?p=15907\",\"url\":\"https:\\\/\\\/lospoliticosveracruz.com\\\/?p=15907\",\"name\":\"La alianza de los Yunes sigue - Los pol\u00edticos Veracruz\",\"isPartOf\":{\"@id\":\"https:\\\/\\\/lospoliticosveracruz.com\\\/#website\"},\"datePublished\":\"2015-04-27T02:29:43+00:00\",\"breadcrumb\":{\"@id\":\"https:\\\/\\\/lospoliticosveracruz.com\\\/?p=15907#breadcrumb\"},\"inLanguage\":\"es\",\"potentialAction\":[{\"@type\":\"ReadAction\",\"target\":[\"https:\\\/\\\/lospoliticosveracruz.com\\\/?p=15907\"]}]},{\"@type\":\"BreadcrumbList\",\"@id\":\"https:\\\/\\\/lospoliticosveracruz.com\\\/?p=15907#breadcrumb\",\"itemListElement\":[{\"@type\":\"ListItem\",\"position\":1,\"name\":\"Portada\",\"item\":\"https:\\\/\\\/lospoliticosveracruz.com\\\/\"},{\"@type\":\"ListItem\",\"position\":2,\"name\":\"La alianza de los Yunes sigue\"}]},{\"@type\":\"WebSite\",\"@id\":\"https:\\\/\\\/lospoliticosveracruz.com\\\/#website\",\"url\":\"https:\\\/\\\/lospoliticosveracruz.com\\\/\",\"name\":\"Los pol\u00edticos Veracruz\",\"description\":\"\",\"publisher\":{\"@id\":\"https:\\\/\\\/lospoliticosveracruz.com\\\/#organization\"},\"potentialAction\":[{\"@type\":\"SearchAction\",\"target\":{\"@type\":\"EntryPoint\",\"urlTemplate\":\"https:\\\/\\\/lospoliticosveracruz.com\\\/?s={search_term_string}\"},\"query-input\":{\"@type\":\"PropertyValueSpecification\",\"valueRequired\":true,\"valueName\":\"search_term_string\"}}],\"inLanguage\":\"es\"},{\"@type\":\"Organization\",\"@id\":\"https:\\\/\\\/lospoliticosveracruz.com\\\/#organization\",\"name\":\"Los pol\u00edticos Veracruz\",\"url\":\"https:\\\/\\\/lospoliticosveracruz.com\\\/\",\"logo\":{\"@type\":\"ImageObject\",\"inLanguage\":\"es\",\"@id\":\"https:\\\/\\\/lospoliticosveracruz.com\\\/#\\\/schema\\\/logo\\\/image\\\/\",\"url\":\"https:\\\/\\\/lospoliticosveracruz.com\\\/wp-content\\\/uploads\\\/2025\\\/12\\\/Logo-Nuevo-LOS-POLITICOS-1.jpg\",\"contentUrl\":\"https:\\\/\\\/lospoliticosveracruz.com\\\/wp-content\\\/uploads\\\/2025\\\/12\\\/Logo-Nuevo-LOS-POLITICOS-1.jpg\",\"width\":260,\"height\":70,\"caption\":\"Los pol\u00edticos Veracruz\"},\"image\":{\"@id\":\"https:\\\/\\\/lospoliticosveracruz.com\\\/#\\\/schema\\\/logo\\\/image\\\/\"},\"sameAs\":[\"https:\\\/\\\/www.facebook.com\\\/people\\\/Notimemes-de-los-Polticos\\\/61565672886568\\\/\",\"https:\\\/\\\/x.com\\\/LosPoliticosVer\"]},{\"@type\":\"Person\",\"@id\":\"https:\\\/\\\/lospoliticosveracruz.com\\\/#\\\/schema\\\/person\\\/b8702bb0e538456e6efd07080bf2a4a2\",\"name\":\"Lo viste en Los Pol\u00edticos\",\"image\":{\"@type\":\"ImageObject\",\"inLanguage\":\"es\",\"@id\":\"https:\\\/\\\/secure.gravatar.com\\\/avatar\\\/3a8de04a2656d44082be478bd6c086daa447c4651605818287b9532d3d0bd435?s=96&d=mm&r=g\",\"url\":\"https:\\\/\\\/secure.gravatar.com\\\/avatar\\\/3a8de04a2656d44082be478bd6c086daa447c4651605818287b9532d3d0bd435?s=96&d=mm&r=g\",\"contentUrl\":\"https:\\\/\\\/secure.gravatar.com\\\/avatar\\\/3a8de04a2656d44082be478bd6c086daa447c4651605818287b9532d3d0bd435?s=96&d=mm&r=g\",\"caption\":\"Lo viste en Los Pol\u00edticos\"},\"url\":\"https:\\\/\\\/lospoliticosveracruz.com\\\/?author=2\"}]}<\/script>\n<!-- \/ Yoast SEO plugin. -->","yoast_head_json":{"title":"La alianza de los Yunes sigue - Los pol\u00edticos Veracruz","robots":{"index":"index","follow":"follow","max-snippet":"max-snippet:-1","max-image-preview":"max-image-preview:large","max-video-preview":"max-video-preview:-1"},"canonical":"https:\/\/lospoliticosveracruz.com\/?p=15907","og_locale":"es_ES","og_type":"article","og_title":"La alianza de los Yunes sigue - Los pol\u00edticos Veracruz","og_description":"Marco Antonio Aguirre Rodr\u00edguez M\u00edsticos y Terrenales La alianza entre los Yunes priistas, sigue firme. Y tiene un v\u00e9rtice de confluencia: No a la impunidad. Ambos proclaman desde ya que el suyo ser\u00e1 un gobierno con una visi\u00f3n distinta, donde se buscar\u00e1 el crecimiento del estado y que se impedir\u00e1 que contin\u00faen los actos de [&hellip;]","og_url":"https:\/\/lospoliticosveracruz.com\/?p=15907","og_site_name":"Los pol\u00edticos Veracruz","article_publisher":"https:\/\/www.facebook.com\/people\/Notimemes-de-los-Polticos\/61565672886568\/","article_published_time":"2015-04-27T02:29:43+00:00","og_image":[{"width":200,"height":200,"url":"https:\/\/lospoliticosveracruz.com\/wp-content\/uploads\/2016\/07\/Logo-Dor.jpg","type":"image\/jpeg"}],"author":"Lo viste en Los Pol\u00edticos","twitter_card":"summary_large_image","twitter_creator":"@LosPoliticosVer","twitter_site":"@LosPoliticosVer","twitter_misc":{"Escrito por":"Lo viste en Los Pol\u00edticos","Tiempo de lectura":"5 minutos"},"schema":{"@context":"https:\/\/schema.org","@graph":[{"@type":"Article","@id":"https:\/\/lospoliticosveracruz.com\/?p=15907#article","isPartOf":{"@id":"https:\/\/lospoliticosveracruz.com\/?p=15907"},"author":{"name":"Lo viste en Los Pol\u00edticos","@id":"https:\/\/lospoliticosveracruz.com\/#\/schema\/person\/b8702bb0e538456e6efd07080bf2a4a2"},"headline":"La alianza de los Yunes sigue","datePublished":"2015-04-27T02:29:43+00:00","mainEntityOfPage":{"@id":"https:\/\/lospoliticosveracruz.com\/?p=15907"},"wordCount":926,"commentCount":0,"publisher":{"@id":"https:\/\/lospoliticosveracruz.com\/#organization"},"keywords":["H\u00e9ctor Yunes Landa","Jos\u00e9 Yunes Zorrilla"],"articleSection":["De Opini\u00f3n"],"inLanguage":"es","potentialAction":[{"@type":"CommentAction","name":"Comment","target":["https:\/\/lospoliticosveracruz.com\/?p=15907#respond"]}]},{"@type":"WebPage","@id":"https:\/\/lospoliticosveracruz.com\/?p=15907","url":"https:\/\/lospoliticosveracruz.com\/?p=15907","name":"La alianza de los Yunes sigue - Los pol\u00edticos Veracruz","isPartOf":{"@id":"https:\/\/lospoliticosveracruz.com\/#website"},"datePublished":"2015-04-27T02:29:43+00:00","breadcrumb":{"@id":"https:\/\/lospoliticosveracruz.com\/?p=15907#breadcrumb"},"inLanguage":"es","potentialAction":[{"@type":"ReadAction","target":["https:\/\/lospoliticosveracruz.com\/?p=15907"]}]},{"@type":"BreadcrumbList","@id":"https:\/\/lospoliticosveracruz.com\/?p=15907#breadcrumb","itemListElement":[{"@type":"ListItem","position":1,"name":"Portada","item":"https:\/\/lospoliticosveracruz.com\/"},{"@type":"ListItem","position":2,"name":"La alianza de los Yunes sigue"}]},{"@type":"WebSite","@id":"https:\/\/lospoliticosveracruz.com\/#website","url":"https:\/\/lospoliticosveracruz.com\/","name":"Los pol\u00edticos Veracruz","description":"","publisher":{"@id":"https:\/\/lospoliticosveracruz.com\/#organization"},"potentialAction":[{"@type":"SearchAction","target":{"@type":"EntryPoint","urlTemplate":"https:\/\/lospoliticosveracruz.com\/?s={search_term_string}"},"query-input":{"@type":"PropertyValueSpecification","valueRequired":true,"valueName":"search_term_string"}}],"inLanguage":"es"},{"@type":"Organization","@id":"https:\/\/lospoliticosveracruz.com\/#organization","name":"Los pol\u00edticos Veracruz","url":"https:\/\/lospoliticosveracruz.com\/","logo":{"@type":"ImageObject","inLanguage":"es","@id":"https:\/\/lospoliticosveracruz.com\/#\/schema\/logo\/image\/","url":"https:\/\/lospoliticosveracruz.com\/wp-content\/uploads\/2025\/12\/Logo-Nuevo-LOS-POLITICOS-1.jpg","contentUrl":"https:\/\/lospoliticosveracruz.com\/wp-content\/uploads\/2025\/12\/Logo-Nuevo-LOS-POLITICOS-1.jpg","width":260,"height":70,"caption":"Los pol\u00edticos Veracruz"},"image":{"@id":"https:\/\/lospoliticosveracruz.com\/#\/schema\/logo\/image\/"},"sameAs":["https:\/\/www.facebook.com\/people\/Notimemes-de-los-Polticos\/61565672886568\/","https:\/\/x.com\/LosPoliticosVer"]},{"@type":"Person","@id":"https:\/\/lospoliticosveracruz.com\/#\/schema\/person\/b8702bb0e538456e6efd07080bf2a4a2","name":"Lo viste en Los Pol\u00edticos","image":{"@type":"ImageObject","inLanguage":"es","@id":"https:\/\/secure.gravatar.com\/avatar\/3a8de04a2656d44082be478bd6c086daa447c4651605818287b9532d3d0bd435?s=96&d=mm&r=g","url":"https:\/\/secure.gravatar.com\/avatar\/3a8de04a2656d44082be478bd6c086daa447c4651605818287b9532d3d0bd435?s=96&d=mm&r=g","contentUrl":"https:\/\/secure.gravatar.com\/avatar\/3a8de04a2656d44082be478bd6c086daa447c4651605818287b9532d3d0bd435?s=96&d=mm&r=g","caption":"Lo viste en Los Pol\u00edticos"},"url":"https:\/\/lospoliticosveracruz.com\/?author=2"}]}},"_links":{"self":[{"href":"https:\/\/lospoliticosveracruz.com\/index.php?rest_route=\/wp\/v2\/posts\/15907","targetHints":{"allow":["GET"]}}],"collection":[{"href":"https:\/\/lospoliticosveracruz.com\/index.php?rest_route=\/wp\/v2\/posts"}],"about":[{"href":"https:\/\/lospoliticosveracruz.com\/index.php?rest_route=\/wp\/v2\/types\/post"}],"author":[{"embeddable":true,"href":"https:\/\/lospoliticosveracruz.com\/index.php?rest_route=\/wp\/v2\/users\/2"}],"replies":[{"embeddable":true,"href":"https:\/\/lospoliticosveracruz.com\/index.php?rest_route=%2Fwp%2Fv2%2Fcomments&post=15907"}],"version-history":[{"count":1,"href":"https:\/\/lospoliticosveracruz.com\/index.php?rest_route=\/wp\/v2\/posts\/15907\/revisions"}],"predecessor-version":[{"id":15908,"href":"https:\/\/lospoliticosveracruz.com\/index.php?rest_route=\/wp\/v2\/posts\/15907\/revisions\/15908"}],"wp:attachment":[{"href":"https:\/\/lospoliticosveracruz.com\/index.php?rest_route=%2Fwp%2Fv2%2Fmedia&parent=15907"}],"wp:term":[{"taxonomy":"category","embeddable":true,"href":"https:\/\/lospoliticosveracruz.com\/index.php?rest_route=%2Fwp%2Fv2%2Fcategories&post=15907"},{"taxonomy":"post_tag","embeddable":true,"href":"https:\/\/lospoliticosveracruz.com\/index.php?rest_route=%2Fwp%2Fv2%2Ftags&post=15907"}],"curies":[{"name":"wp","href":"https:\/\/api.w.org\/{rel}","templated":true}]}}