{"id":159072,"date":"2025-12-24T07:33:40","date_gmt":"2025-12-24T13:33:40","guid":{"rendered":"https:\/\/lospoliticosveracruz.com\/?p=159072"},"modified":"2025-12-25T10:05:52","modified_gmt":"2025-12-25T16:05:52","slug":"respeto-a-trabajadores-de-limpia-publica","status":"publish","type":"post","link":"https:\/\/lospoliticosveracruz.com\/?p=159072","title":{"rendered":"RESPETO A TRABAJADORES DE LIMPIA P\u00daBLICA"},"content":{"rendered":"\n<p><strong>&nbsp;Fanny Y\u00e9pez<\/strong><\/p>\n\n\n\n<p><em>La Columna<\/em><\/p>\n\n\n\n<p>Hemos visto huelgas en diversas empresas e instituciones y muchas veces ni siquiera las tomamos en cuenta, porque a nosotros en lo particular no nos afectan, pero es muy elemental y de justicia voltear y ver que se trata de empleados que tienen familia, que de esos sueldos dependen y que, en alguno de esos casos, podr\u00edamos ser nosotros, sufriendo ese tipo de faltas al contrato.<\/p>\n\n\n\n\n\n<p>El problema que ha generado la huelga de los empleados del Ayuntamiento de Veracruz, dedicados a la limpia p\u00fablica, ya est\u00e1 causando muchos estragos sobre todo en materia de salud, porque se ha estado acumulando la basura en las calles y se van a generar moscas, ratas y otros bichos nocivos y se vuelve preocupante.<\/p>\n\n\n\n<p>Esa huelga es la respuesta del sindicato que dirige Antonino Baxin Mata, porque el patr\u00f3n ha faltado a diversas cl\u00e1usulas del contrato y, elementalmente, no han obtenido ning\u00fan incremento salarial en tres a\u00f1os consecutivos, despidos injustificados, falta de pago de tiempo extra y todo esto en el tiempo de la administraci\u00f3n municipal de la alcaldesa Patricia Lobeira.<\/p>\n\n\n\n<p>Este lunes el sindicato de trabajadores de la limpia del puerto de Veracruz, p\u00fablic\u00f3 un manifest\u00f3 donde puntualiza la serie de incumplimientos y violaciones al contrato colectivo de trabajo, en que ha incurrido el Ayuntamiento que encabeza Patricia Lobeira.<\/p>\n\n\n\n<p>\u201cDesde el inicio de la administraci\u00f3n actual, nuestra organizaci\u00f3n ha sido objeto de un trato injusto y discriminatorio.<\/p>\n\n\n\n<p>En 2022, el Ayuntamiento cerr\u00f3 las puertas al di\u00e1logo y, desde entonces, ha incurrido en m\u00faltiples violaciones a las Condiciones Generales de Trabajo que rigen nuestra relaci\u00f3n laboral, entre las que se incluyen:<\/p>\n\n\n\n<p>\u2022 Pagos por debajo del salario m\u00ednimo.<\/p>\n\n\n\n<p>\u2022 Despido injustificado de trabajadores sindicalizados.<\/p>\n\n\n\n<p>\u2022 Negativa al derecho de libre asociaci\u00f3n sindical.<\/p>\n\n\n\n<p>\u2022 Desplazamiento del personal sindicalizado.<\/p>\n\n\n\n<p>\u2022 Falta de herramientas para realizar nuestro trabajo (camiones recolectores).<\/p>\n\n\n\n<p>\u2022 Falta de pago de jubilaciones e incapacitados.<\/p>\n\n\n\n<p>\u2022 Falta de finiquitos por defunci\u00f3n y pago de seguros de vida<\/p>\n\n\n\n<p>LOS ATROPELLOS SUFRIDOS han sido documentados en juicios laborales tramitados ante el Tribunal de Conciliaci\u00f3n del Poder Judicial del Estado de Veracruz (Expediente 207\/2023-III) \u201c.&nbsp; &nbsp;<\/p>\n\n\n\n<p>Se continuar\u00e1 prestando el servicio de la recolecci\u00f3n de basura y ser\u00e1 hasta el 12 de enero del pr\u00f3ximo a\u00f1o, cuando se defina la situaci\u00f3n laboral de esos empleados que han sido marginados por la autoridad municipal.<\/p>\n\n\n\n<p>El comportamiento de Patricia Lobeira y de otros alcaldes, que dejan muchos pendientes en su administraci\u00f3n, podr\u00eda levantar \u00e1mpula en la nueva administraci\u00f3n municipal y provocarle problemas a los nuevos alcaldes o alcaldesas. Los diputados locales no lo debieran permitir, fincar responsabilidad a quien incurri\u00f3 en esas faltas.<\/p>\n\n\n\n<p>En Coatepec, de repente cuando faltaban 15 d\u00edas para concluir la administraci\u00f3n de Raymundo Andrade, este caballero decidi\u00f3 que se podr\u00edan colocar parqu\u00edmetros digitales en el primer cuadro del Pueblo M\u00e1gico, pero ah\u00ed la intervenci\u00f3n fue directa de la gobernadora Roc\u00edo Nahle, que encarg\u00f3 al alcalde electo Ignacio Luna, una exhaustiva revisi\u00f3n de ese acuerdo que tom\u00f3 el cabildo actual para dar ese servicio, que de ser necesario se cancele esa medida.<\/p>\n\n\n\n<p>En Xalapa, de \u00faltima hora, al alcalde Alberto Islas, se le ocurri\u00f3 poner a dos calles el nombre de los se\u00f1ores Chedraui, sin consultar a nadie y solo porque as\u00ed lo decidi\u00f3 de manera arbitraria. Procedi\u00f3 a pesar de que el prestigio de esos empresarios se puso en entredicho, por los famosos vales de los empleados del sector salud, cuya aplicaci\u00f3n cada d\u00eda se complica m\u00e1s y m\u00e1s.&nbsp;&nbsp;<\/p>\n\n\n\n<p>En Actopan, la alcaldesa Mar\u00eda Esther L\u00f3pez Callejas, tambi\u00e9n est\u00e1 dejando un gran problema a la siguiente administraci\u00f3n, porque hasta la fecha no ha pagado los aguinaldos a los empleados ni a los agentes municipales de 56 localidades. De igual forma tiene un gran adeudo con la Comisi\u00f3n Federal de Electricidad y se piensa ir muy tranquila, para que el cohete le explote en las manos al nuevo alcalde.<\/p>\n\n\n\n<p>El tema de ese tipo de comportamientos no es nuevo, desde hace muchos a\u00f1os hemos visto como los alcaldes que se van, se llevan hasta las puertas de las oficinas, los climas, los lavabos, las computadoras, las impresoras y otros equipos que se adquirieron con los recursos del Ayuntamiento, pero piensan que ya nadie se va a dar cuenta por la emoci\u00f3n de estrenar el nuevo cargo.<\/p>\n\n\n\n<p>No exagero, me toc\u00f3 ver el caso de un alcalde que no se quer\u00eda ir y por supuesto no quer\u00eda entregar el cargo, as\u00ed llegaron las 11 de la noche para que finalmente, con la intervenci\u00f3n de un representante del gobierno del estado tuviera que ceder para que tomara posesi\u00f3n el nuevo presidente municipal.<\/p>\n","protected":false},"excerpt":{"rendered":"<p>&nbsp;Fanny Y\u00e9pez La Columna Hemos visto huelgas en diversas empresas e instituciones y muchas veces ni siquiera las tomamos en cuenta, porque a nosotros en lo particular no nos afectan, pero es muy elemental y de justicia voltear y ver que se trata de empleados que tienen familia, que de esos sueldos dependen y que, [&hellip;]<\/p>\n","protected":false},"author":2,"featured_media":141383,"comment_status":"closed","ping_status":"closed","sticky":false,"template":"","format":"standard","meta":{"tdm_status":"","tdm_grid_status":"","footnotes":""},"categories":[70],"tags":[48105,48104,48106,48107],"class_list":{"0":"post-159072","1":"post","2":"type-post","3":"status-publish","4":"format-standard","5":"has-post-thumbnail","7":"category-de-opinion","8":"tag-conflictos-laborales-ayuntamientos-veracruz","9":"tag-huelga-limpia-publica-veracruz","10":"tag-patrica-lobeira-administracion-municipal","11":"tag-violaciones-al-contrato-colectivo-veracruz"},"yoast_head":"<!-- This site is optimized with the Yoast SEO plugin v27.4 - https:\/\/yoast.com\/product\/yoast-seo-wordpress\/ -->\n<title>RESPETO A TRABAJADORES DE LIMPIA P\u00daBLICA - Los pol\u00edticos Veracruz<\/title>\n<meta name=\"robots\" content=\"index, follow, max-snippet:-1, max-image-preview:large, max-video-preview:-1\" \/>\n<link rel=\"canonical\" href=\"https:\/\/lospoliticosveracruz.com\/?p=159072\" \/>\n<meta property=\"og:locale\" content=\"es_ES\" \/>\n<meta property=\"og:type\" content=\"article\" \/>\n<meta property=\"og:title\" content=\"RESPETO A TRABAJADORES DE LIMPIA P\u00daBLICA - Los pol\u00edticos Veracruz\" \/>\n<meta property=\"og:description\" content=\"&nbsp;Fanny Y\u00e9pez La Columna Hemos visto huelgas en diversas empresas e instituciones y muchas veces ni siquiera las tomamos en cuenta, porque a nosotros en lo particular no nos afectan, pero es muy elemental y de justicia voltear y ver que se trata de empleados que tienen familia, que de esos sueldos dependen y que, [&hellip;]\" \/>\n<meta property=\"og:url\" content=\"https:\/\/lospoliticosveracruz.com\/?p=159072\" \/>\n<meta property=\"og:site_name\" content=\"Los pol\u00edticos Veracruz\" \/>\n<meta property=\"article:publisher\" content=\"https:\/\/www.facebook.com\/people\/Notimemes-de-los-Polticos\/61565672886568\/\" \/>\n<meta property=\"article:published_time\" content=\"2025-12-24T13:33:40+00:00\" \/>\n<meta property=\"article:modified_time\" content=\"2025-12-25T16:05:52+00:00\" \/>\n<meta property=\"og:image\" content=\"https:\/\/lospoliticosveracruz.com\/wp-content\/uploads\/2025\/04\/Fanny-Yepez-Luna.jpg\" \/>\n\t<meta property=\"og:image:width\" content=\"1250\" \/>\n\t<meta property=\"og:image:height\" content=\"667\" \/>\n\t<meta property=\"og:image:type\" content=\"image\/jpeg\" \/>\n<meta name=\"author\" content=\"Lo viste en Los Pol\u00edticos\" \/>\n<meta name=\"twitter:card\" content=\"summary_large_image\" \/>\n<meta name=\"twitter:creator\" content=\"@LosPoliticosVer\" \/>\n<meta name=\"twitter:site\" content=\"@LosPoliticosVer\" \/>\n<meta name=\"twitter:label1\" content=\"Escrito por\" \/>\n\t<meta name=\"twitter:data1\" content=\"Lo viste en Los Pol\u00edticos\" \/>\n\t<meta name=\"twitter:label2\" content=\"Tiempo de lectura\" \/>\n\t<meta name=\"twitter:data2\" content=\"4 minutos\" \/>\n<script type=\"application\/ld+json\" class=\"yoast-schema-graph\">{\"@context\":\"https:\\\/\\\/schema.org\",\"@graph\":[{\"@type\":\"Article\",\"@id\":\"https:\\\/\\\/lospoliticosveracruz.com\\\/?p=159072#article\",\"isPartOf\":{\"@id\":\"https:\\\/\\\/lospoliticosveracruz.com\\\/?p=159072\"},\"author\":{\"name\":\"Lo viste en Los Pol\u00edticos\",\"@id\":\"https:\\\/\\\/lospoliticosveracruz.com\\\/#\\\/schema\\\/person\\\/b8702bb0e538456e6efd07080bf2a4a2\"},\"headline\":\"RESPETO A TRABAJADORES DE LIMPIA P\u00daBLICA\",\"datePublished\":\"2025-12-24T13:33:40+00:00\",\"dateModified\":\"2025-12-25T16:05:52+00:00\",\"mainEntityOfPage\":{\"@id\":\"https:\\\/\\\/lospoliticosveracruz.com\\\/?p=159072\"},\"wordCount\":816,\"publisher\":{\"@id\":\"https:\\\/\\\/lospoliticosveracruz.com\\\/#organization\"},\"image\":{\"@id\":\"https:\\\/\\\/lospoliticosveracruz.com\\\/?p=159072#primaryimage\"},\"thumbnailUrl\":\"https:\\\/\\\/lospoliticosveracruz.com\\\/wp-content\\\/uploads\\\/2025\\\/04\\\/Fanny-Yepez-Luna-e1768657334923.jpg\",\"keywords\":[\"Conflictos laborales ayuntamientos Veracruz\",\"Huelga limpia p\u00fablica Veracruz\",\"Patrica Lobeira administraci\u00f3n municipal\",\"Violaciones al contrato colectivo Veracruz\"],\"articleSection\":[\"De Opini\u00f3n\"],\"inLanguage\":\"es\"},{\"@type\":\"WebPage\",\"@id\":\"https:\\\/\\\/lospoliticosveracruz.com\\\/?p=159072\",\"url\":\"https:\\\/\\\/lospoliticosveracruz.com\\\/?p=159072\",\"name\":\"RESPETO A TRABAJADORES DE LIMPIA P\u00daBLICA - Los pol\u00edticos Veracruz\",\"isPartOf\":{\"@id\":\"https:\\\/\\\/lospoliticosveracruz.com\\\/#website\"},\"primaryImageOfPage\":{\"@id\":\"https:\\\/\\\/lospoliticosveracruz.com\\\/?p=159072#primaryimage\"},\"image\":{\"@id\":\"https:\\\/\\\/lospoliticosveracruz.com\\\/?p=159072#primaryimage\"},\"thumbnailUrl\":\"https:\\\/\\\/lospoliticosveracruz.com\\\/wp-content\\\/uploads\\\/2025\\\/04\\\/Fanny-Yepez-Luna-e1768657334923.jpg\",\"datePublished\":\"2025-12-24T13:33:40+00:00\",\"dateModified\":\"2025-12-25T16:05:52+00:00\",\"breadcrumb\":{\"@id\":\"https:\\\/\\\/lospoliticosveracruz.com\\\/?p=159072#breadcrumb\"},\"inLanguage\":\"es\",\"potentialAction\":[{\"@type\":\"ReadAction\",\"target\":[\"https:\\\/\\\/lospoliticosveracruz.com\\\/?p=159072\"]}]},{\"@type\":\"ImageObject\",\"inLanguage\":\"es\",\"@id\":\"https:\\\/\\\/lospoliticosveracruz.com\\\/?p=159072#primaryimage\",\"url\":\"https:\\\/\\\/lospoliticosveracruz.com\\\/wp-content\\\/uploads\\\/2025\\\/04\\\/Fanny-Yepez-Luna-e1768657334923.jpg\",\"contentUrl\":\"https:\\\/\\\/lospoliticosveracruz.com\\\/wp-content\\\/uploads\\\/2025\\\/04\\\/Fanny-Yepez-Luna-e1768657334923.jpg\",\"width\":600,\"height\":320},{\"@type\":\"BreadcrumbList\",\"@id\":\"https:\\\/\\\/lospoliticosveracruz.com\\\/?p=159072#breadcrumb\",\"itemListElement\":[{\"@type\":\"ListItem\",\"position\":1,\"name\":\"Portada\",\"item\":\"https:\\\/\\\/lospoliticosveracruz.com\\\/\"},{\"@type\":\"ListItem\",\"position\":2,\"name\":\"RESPETO A TRABAJADORES DE LIMPIA P\u00daBLICA\"}]},{\"@type\":\"WebSite\",\"@id\":\"https:\\\/\\\/lospoliticosveracruz.com\\\/#website\",\"url\":\"https:\\\/\\\/lospoliticosveracruz.com\\\/\",\"name\":\"Los pol\u00edticos Veracruz\",\"description\":\"\",\"publisher\":{\"@id\":\"https:\\\/\\\/lospoliticosveracruz.com\\\/#organization\"},\"potentialAction\":[{\"@type\":\"SearchAction\",\"target\":{\"@type\":\"EntryPoint\",\"urlTemplate\":\"https:\\\/\\\/lospoliticosveracruz.com\\\/?s={search_term_string}\"},\"query-input\":{\"@type\":\"PropertyValueSpecification\",\"valueRequired\":true,\"valueName\":\"search_term_string\"}}],\"inLanguage\":\"es\"},{\"@type\":\"Organization\",\"@id\":\"https:\\\/\\\/lospoliticosveracruz.com\\\/#organization\",\"name\":\"Los pol\u00edticos Veracruz\",\"url\":\"https:\\\/\\\/lospoliticosveracruz.com\\\/\",\"logo\":{\"@type\":\"ImageObject\",\"inLanguage\":\"es\",\"@id\":\"https:\\\/\\\/lospoliticosveracruz.com\\\/#\\\/schema\\\/logo\\\/image\\\/\",\"url\":\"https:\\\/\\\/lospoliticosveracruz.com\\\/wp-content\\\/uploads\\\/2025\\\/12\\\/Logo-Nuevo-LOS-POLITICOS-1.jpg\",\"contentUrl\":\"https:\\\/\\\/lospoliticosveracruz.com\\\/wp-content\\\/uploads\\\/2025\\\/12\\\/Logo-Nuevo-LOS-POLITICOS-1.jpg\",\"width\":260,\"height\":70,\"caption\":\"Los pol\u00edticos Veracruz\"},\"image\":{\"@id\":\"https:\\\/\\\/lospoliticosveracruz.com\\\/#\\\/schema\\\/logo\\\/image\\\/\"},\"sameAs\":[\"https:\\\/\\\/www.facebook.com\\\/people\\\/Notimemes-de-los-Polticos\\\/61565672886568\\\/\",\"https:\\\/\\\/x.com\\\/LosPoliticosVer\"]},{\"@type\":\"Person\",\"@id\":\"https:\\\/\\\/lospoliticosveracruz.com\\\/#\\\/schema\\\/person\\\/b8702bb0e538456e6efd07080bf2a4a2\",\"name\":\"Lo viste en Los Pol\u00edticos\",\"image\":{\"@type\":\"ImageObject\",\"inLanguage\":\"es\",\"@id\":\"https:\\\/\\\/secure.gravatar.com\\\/avatar\\\/3a8de04a2656d44082be478bd6c086daa447c4651605818287b9532d3d0bd435?s=96&d=mm&r=g\",\"url\":\"https:\\\/\\\/secure.gravatar.com\\\/avatar\\\/3a8de04a2656d44082be478bd6c086daa447c4651605818287b9532d3d0bd435?s=96&d=mm&r=g\",\"contentUrl\":\"https:\\\/\\\/secure.gravatar.com\\\/avatar\\\/3a8de04a2656d44082be478bd6c086daa447c4651605818287b9532d3d0bd435?s=96&d=mm&r=g\",\"caption\":\"Lo viste en Los Pol\u00edticos\"},\"url\":\"https:\\\/\\\/lospoliticosveracruz.com\\\/?author=2\"}]}<\/script>\n<!-- \/ Yoast SEO plugin. -->","yoast_head_json":{"title":"RESPETO A TRABAJADORES DE LIMPIA P\u00daBLICA - Los pol\u00edticos Veracruz","robots":{"index":"index","follow":"follow","max-snippet":"max-snippet:-1","max-image-preview":"max-image-preview:large","max-video-preview":"max-video-preview:-1"},"canonical":"https:\/\/lospoliticosveracruz.com\/?p=159072","og_locale":"es_ES","og_type":"article","og_title":"RESPETO A TRABAJADORES DE LIMPIA P\u00daBLICA - Los pol\u00edticos Veracruz","og_description":"&nbsp;Fanny Y\u00e9pez La Columna Hemos visto huelgas en diversas empresas e instituciones y muchas veces ni siquiera las tomamos en cuenta, porque a nosotros en lo particular no nos afectan, pero es muy elemental y de justicia voltear y ver que se trata de empleados que tienen familia, que de esos sueldos dependen y que, [&hellip;]","og_url":"https:\/\/lospoliticosveracruz.com\/?p=159072","og_site_name":"Los pol\u00edticos Veracruz","article_publisher":"https:\/\/www.facebook.com\/people\/Notimemes-de-los-Polticos\/61565672886568\/","article_published_time":"2025-12-24T13:33:40+00:00","article_modified_time":"2025-12-25T16:05:52+00:00","og_image":[{"width":1250,"height":667,"url":"https:\/\/lospoliticosveracruz.com\/wp-content\/uploads\/2025\/04\/Fanny-Yepez-Luna.jpg","type":"image\/jpeg"}],"author":"Lo viste en Los Pol\u00edticos","twitter_card":"summary_large_image","twitter_creator":"@LosPoliticosVer","twitter_site":"@LosPoliticosVer","twitter_misc":{"Escrito por":"Lo viste en Los Pol\u00edticos","Tiempo de lectura":"4 minutos"},"schema":{"@context":"https:\/\/schema.org","@graph":[{"@type":"Article","@id":"https:\/\/lospoliticosveracruz.com\/?p=159072#article","isPartOf":{"@id":"https:\/\/lospoliticosveracruz.com\/?p=159072"},"author":{"name":"Lo viste en Los Pol\u00edticos","@id":"https:\/\/lospoliticosveracruz.com\/#\/schema\/person\/b8702bb0e538456e6efd07080bf2a4a2"},"headline":"RESPETO A TRABAJADORES DE LIMPIA P\u00daBLICA","datePublished":"2025-12-24T13:33:40+00:00","dateModified":"2025-12-25T16:05:52+00:00","mainEntityOfPage":{"@id":"https:\/\/lospoliticosveracruz.com\/?p=159072"},"wordCount":816,"publisher":{"@id":"https:\/\/lospoliticosveracruz.com\/#organization"},"image":{"@id":"https:\/\/lospoliticosveracruz.com\/?p=159072#primaryimage"},"thumbnailUrl":"https:\/\/lospoliticosveracruz.com\/wp-content\/uploads\/2025\/04\/Fanny-Yepez-Luna-e1768657334923.jpg","keywords":["Conflictos laborales ayuntamientos Veracruz","Huelga limpia p\u00fablica Veracruz","Patrica Lobeira administraci\u00f3n municipal","Violaciones al contrato colectivo Veracruz"],"articleSection":["De Opini\u00f3n"],"inLanguage":"es"},{"@type":"WebPage","@id":"https:\/\/lospoliticosveracruz.com\/?p=159072","url":"https:\/\/lospoliticosveracruz.com\/?p=159072","name":"RESPETO A TRABAJADORES DE LIMPIA P\u00daBLICA - Los pol\u00edticos Veracruz","isPartOf":{"@id":"https:\/\/lospoliticosveracruz.com\/#website"},"primaryImageOfPage":{"@id":"https:\/\/lospoliticosveracruz.com\/?p=159072#primaryimage"},"image":{"@id":"https:\/\/lospoliticosveracruz.com\/?p=159072#primaryimage"},"thumbnailUrl":"https:\/\/lospoliticosveracruz.com\/wp-content\/uploads\/2025\/04\/Fanny-Yepez-Luna-e1768657334923.jpg","datePublished":"2025-12-24T13:33:40+00:00","dateModified":"2025-12-25T16:05:52+00:00","breadcrumb":{"@id":"https:\/\/lospoliticosveracruz.com\/?p=159072#breadcrumb"},"inLanguage":"es","potentialAction":[{"@type":"ReadAction","target":["https:\/\/lospoliticosveracruz.com\/?p=159072"]}]},{"@type":"ImageObject","inLanguage":"es","@id":"https:\/\/lospoliticosveracruz.com\/?p=159072#primaryimage","url":"https:\/\/lospoliticosveracruz.com\/wp-content\/uploads\/2025\/04\/Fanny-Yepez-Luna-e1768657334923.jpg","contentUrl":"https:\/\/lospoliticosveracruz.com\/wp-content\/uploads\/2025\/04\/Fanny-Yepez-Luna-e1768657334923.jpg","width":600,"height":320},{"@type":"BreadcrumbList","@id":"https:\/\/lospoliticosveracruz.com\/?p=159072#breadcrumb","itemListElement":[{"@type":"ListItem","position":1,"name":"Portada","item":"https:\/\/lospoliticosveracruz.com\/"},{"@type":"ListItem","position":2,"name":"RESPETO A TRABAJADORES DE LIMPIA P\u00daBLICA"}]},{"@type":"WebSite","@id":"https:\/\/lospoliticosveracruz.com\/#website","url":"https:\/\/lospoliticosveracruz.com\/","name":"Los pol\u00edticos Veracruz","description":"","publisher":{"@id":"https:\/\/lospoliticosveracruz.com\/#organization"},"potentialAction":[{"@type":"SearchAction","target":{"@type":"EntryPoint","urlTemplate":"https:\/\/lospoliticosveracruz.com\/?s={search_term_string}"},"query-input":{"@type":"PropertyValueSpecification","valueRequired":true,"valueName":"search_term_string"}}],"inLanguage":"es"},{"@type":"Organization","@id":"https:\/\/lospoliticosveracruz.com\/#organization","name":"Los pol\u00edticos Veracruz","url":"https:\/\/lospoliticosveracruz.com\/","logo":{"@type":"ImageObject","inLanguage":"es","@id":"https:\/\/lospoliticosveracruz.com\/#\/schema\/logo\/image\/","url":"https:\/\/lospoliticosveracruz.com\/wp-content\/uploads\/2025\/12\/Logo-Nuevo-LOS-POLITICOS-1.jpg","contentUrl":"https:\/\/lospoliticosveracruz.com\/wp-content\/uploads\/2025\/12\/Logo-Nuevo-LOS-POLITICOS-1.jpg","width":260,"height":70,"caption":"Los pol\u00edticos Veracruz"},"image":{"@id":"https:\/\/lospoliticosveracruz.com\/#\/schema\/logo\/image\/"},"sameAs":["https:\/\/www.facebook.com\/people\/Notimemes-de-los-Polticos\/61565672886568\/","https:\/\/x.com\/LosPoliticosVer"]},{"@type":"Person","@id":"https:\/\/lospoliticosveracruz.com\/#\/schema\/person\/b8702bb0e538456e6efd07080bf2a4a2","name":"Lo viste en Los Pol\u00edticos","image":{"@type":"ImageObject","inLanguage":"es","@id":"https:\/\/secure.gravatar.com\/avatar\/3a8de04a2656d44082be478bd6c086daa447c4651605818287b9532d3d0bd435?s=96&d=mm&r=g","url":"https:\/\/secure.gravatar.com\/avatar\/3a8de04a2656d44082be478bd6c086daa447c4651605818287b9532d3d0bd435?s=96&d=mm&r=g","contentUrl":"https:\/\/secure.gravatar.com\/avatar\/3a8de04a2656d44082be478bd6c086daa447c4651605818287b9532d3d0bd435?s=96&d=mm&r=g","caption":"Lo viste en Los Pol\u00edticos"},"url":"https:\/\/lospoliticosveracruz.com\/?author=2"}]}},"_links":{"self":[{"href":"https:\/\/lospoliticosveracruz.com\/index.php?rest_route=\/wp\/v2\/posts\/159072","targetHints":{"allow":["GET"]}}],"collection":[{"href":"https:\/\/lospoliticosveracruz.com\/index.php?rest_route=\/wp\/v2\/posts"}],"about":[{"href":"https:\/\/lospoliticosveracruz.com\/index.php?rest_route=\/wp\/v2\/types\/post"}],"author":[{"embeddable":true,"href":"https:\/\/lospoliticosveracruz.com\/index.php?rest_route=\/wp\/v2\/users\/2"}],"replies":[{"embeddable":true,"href":"https:\/\/lospoliticosveracruz.com\/index.php?rest_route=%2Fwp%2Fv2%2Fcomments&post=159072"}],"version-history":[{"count":2,"href":"https:\/\/lospoliticosveracruz.com\/index.php?rest_route=\/wp\/v2\/posts\/159072\/revisions"}],"predecessor-version":[{"id":159092,"href":"https:\/\/lospoliticosveracruz.com\/index.php?rest_route=\/wp\/v2\/posts\/159072\/revisions\/159092"}],"wp:featuredmedia":[{"embeddable":true,"href":"https:\/\/lospoliticosveracruz.com\/index.php?rest_route=\/wp\/v2\/media\/141383"}],"wp:attachment":[{"href":"https:\/\/lospoliticosveracruz.com\/index.php?rest_route=%2Fwp%2Fv2%2Fmedia&parent=159072"}],"wp:term":[{"taxonomy":"category","embeddable":true,"href":"https:\/\/lospoliticosveracruz.com\/index.php?rest_route=%2Fwp%2Fv2%2Fcategories&post=159072"},{"taxonomy":"post_tag","embeddable":true,"href":"https:\/\/lospoliticosveracruz.com\/index.php?rest_route=%2Fwp%2Fv2%2Ftags&post=159072"}],"curies":[{"name":"wp","href":"https:\/\/api.w.org\/{rel}","templated":true}]}}