{"id":159076,"date":"2025-12-24T08:34:15","date_gmt":"2025-12-24T14:34:15","guid":{"rendered":"https:\/\/lospoliticosveracruz.com\/?p=159076"},"modified":"2025-12-24T10:01:49","modified_gmt":"2025-12-24T16:01:49","slug":"con-monsenor-patron-wong","status":"publish","type":"post","link":"https:\/\/lospoliticosveracruz.com\/?p=159076","title":{"rendered":"CON MONSE\u00d1OR PATR\u00d3N WONG"},"content":{"rendered":"\n<p>S\u00edguenos ahora tambi\u00e9n en WhatsApp.\u00a0\u00a1<a href=\"https:\/\/whatsapp.com\/channel\/0029Va8zRWlEKyZIP3Z1dF0e\"><strong>Da clic aqu\u00ed<\/strong><\/a><strong>!<\/strong><\/p>\n\n\n\n<p><strong>Sergio Gonz\u00e1lez Levet<\/strong><\/p>\n\n\n\n<p><em>Sin tacto<\/em><\/p>\n\n\n\n<p>El arzobispo de Xalapa, monse\u00f1or Jorge Carlos Patr\u00f3n Wong, tuvo la gentileza de invitar a los periodistas del Grupo de los Diez a una reuni\u00f3n en la Curia de la Avenida \u00c1vila Camacho en la que tuvimos oportunidad, ayer a mediod\u00eda, de platicar largamente con \u00e9l, as\u00ed como de recibir sus mejores deseos y su bendici\u00f3n para el a\u00f1o que comienza.<\/p>\n\n\n\n\n\n<p>&nbsp;&nbsp; &nbsp;&nbsp;Don Jorge Carlos contest\u00f3 puntualmente nuestras preguntas y acept\u00f3 cordialmente nuestros reconocimientos de reporteros curtidos por su traro amable y cercano, as\u00ed como por su inclinaci\u00f3n pastoral hacia la comunicaci\u00f3n, que bien sabe interpretar el padre Juan Berist\u00e1in, puntual y diligente vocero de la arquidi\u00f3cesis.<\/p>\n\n\n\n<p>&nbsp;&nbsp; &nbsp;&nbsp;Fue una charla interesante y ben\u00e9fica la que tuvimos con el prelado, nacido en Yucat\u00e1n pero que ha hecho ya una larga carrera en el estado, del 1\u00ba de octubre de 2009 a septiembre de 2013 como obispo de Papantla, cuya di\u00f3cesis abarca 22 municipios veracruzanos, y desde el 8 de diciembre de 2021 como arzobispo de Xalapa, en donde tiene potestad sobre 36 municipios del estado.<\/p>\n\n\n\n<p>&nbsp;&nbsp; &nbsp;&nbsp;Monse\u00f1or Patr\u00f3n Wong habl\u00f3 con nosotros de pol\u00edtica un poco y mucho del amor al pr\u00f3jimo, ese sentimiento que es el motor de la humanidad y la prioridad de la Iglesia de Jes\u00fas. Y nos cont\u00f3 tambi\u00e9n como ha hecho \u00e9nfasis en las vocaciones de vida, que implican no solamente las sacerdotales sino el compromiso de todo ser humano con su desarrollo personal.<\/p>\n\n\n\n<p>&nbsp;&nbsp; &nbsp;&nbsp;\u201cUstedes como periodistas tienen una vocaci\u00f3n -nos explic\u00f3- y \u00e9sta los lleva a querer ejercer su carrera dentro de la verdad y con las mejores intenciones de hacer el bien. Si lo que comunican tiene como esencia el amor a nuestros semejantes, es bueno por naturaleza y sirve a la sociedad. Por eso su mensaje debe promover la unidad de los hombres, la uni\u00f3n de todos, la concordia como la mejor forma de la convivencia\u201d.<\/p>\n\n\n\n<p>&nbsp;&nbsp; &nbsp;&nbsp;2026 ser\u00e1 para la arquidi\u00f3cesis de Xalapa el a\u00f1o de la pastoral social, en el que se congregar\u00e1 a ni\u00f1os, j\u00f3venes y familias a trabajar por el equilibrio de la naturaleza y se promover\u00e1 el cuidado del agua, la tierra y el medio ambiente.<\/p>\n\n\n\n<p>&nbsp;&nbsp; &nbsp;&nbsp;Amable y atento, monse\u00f1or nos contagia su entusiasmo mientras nos comenta que \u201caprovecharemos el creciente inter\u00e9s de la grey xalape\u00f1a por asistir a la Iglesia para hacer conciencia y trasmitir el amor del pr\u00f3jimo hacia el cuidado del planeta y las especies que en \u00e9l habitan. Hay que amar a los humanos, pero tambi\u00e9n hay que cuidar a los animales y las plantas que nos acompa\u00f1an en la creaci\u00f3n\u201d.<\/p>\n\n\n\n<p>&nbsp;&nbsp; &nbsp;&nbsp;Sabias siempre las palabras las del arzobispo xalape\u00f1o, quien fuera amigo personal del papa Francisco y es reconocido por el papa Le\u00f3n XIV, con quien tuvo oportunidad de platicar y de contarle c\u00f3mo son estas tierras y su gente.<\/p>\n\n\n\n<p>&nbsp;&nbsp; &nbsp;&nbsp;Nos despedimos de \u00e9l con el agradecimiento por el don de su palabra y con las mejores intenciones de participar activamente en su pastoral.<\/p>\n\n\n\n<p>sglevet@gmail.com<\/p>\n","protected":false},"excerpt":{"rendered":"<p>Sergio Gonz\u00e1lez Levet Sin tacto El arzobispo de Xalapa, monse\u00f1or Jorge Carlos Patr\u00f3n Wong, tuvo la gentileza de invitar a los periodistas del Grupo de los Diez a una reuni\u00f3n en la Curia de la Avenida \u00c1vila Camacho en la que tuvimos oportunidad, ayer a mediod\u00eda, de platicar largamente con \u00e9l, as\u00ed como de recibir [&hellip;]<\/p>\n","protected":false},"author":2,"featured_media":141432,"comment_status":"closed","ping_status":"closed","sticky":false,"template":"","format":"standard","meta":{"tdm_status":"","tdm_grid_status":"","footnotes":""},"categories":[75],"tags":[1406,48093,7355,17913,48094,48095],"class_list":{"0":"post-159076","1":"post","2":"type-post","3":"status-publish","4":"format-standard","5":"has-post-thumbnail","7":"category-cine-libros-y-mas","8":"tag-arquidiocesis-de-xalapa","9":"tag-arzobispo-de-xalapa","10":"tag-grupo-de-los-diez","11":"tag-jorge-carlos-patron-wong","12":"tag-pastoral-social-2026","13":"tag-vocaciones-de-vida"},"yoast_head":"<!-- This site is optimized with the Yoast SEO plugin v27.4 - https:\/\/yoast.com\/product\/yoast-seo-wordpress\/ -->\n<title>CON MONSE\u00d1OR PATR\u00d3N WONG - Los pol\u00edticos Veracruz<\/title>\n<meta name=\"robots\" content=\"index, follow, max-snippet:-1, max-image-preview:large, max-video-preview:-1\" \/>\n<link rel=\"canonical\" href=\"https:\/\/lospoliticosveracruz.com\/?p=159076\" \/>\n<meta property=\"og:locale\" content=\"es_ES\" \/>\n<meta property=\"og:type\" content=\"article\" \/>\n<meta property=\"og:title\" content=\"CON MONSE\u00d1OR PATR\u00d3N WONG - Los pol\u00edticos Veracruz\" \/>\n<meta property=\"og:description\" content=\"Sergio Gonz\u00e1lez Levet Sin tacto El arzobispo de Xalapa, monse\u00f1or Jorge Carlos Patr\u00f3n Wong, tuvo la gentileza de invitar a los periodistas del Grupo de los Diez a una reuni\u00f3n en la Curia de la Avenida \u00c1vila Camacho en la que tuvimos oportunidad, ayer a mediod\u00eda, de platicar largamente con \u00e9l, as\u00ed como de recibir [&hellip;]\" \/>\n<meta property=\"og:url\" content=\"https:\/\/lospoliticosveracruz.com\/?p=159076\" \/>\n<meta property=\"og:site_name\" content=\"Los pol\u00edticos Veracruz\" \/>\n<meta property=\"article:publisher\" content=\"https:\/\/www.facebook.com\/people\/Notimemes-de-los-Polticos\/61565672886568\/\" \/>\n<meta property=\"article:published_time\" content=\"2025-12-24T14:34:15+00:00\" \/>\n<meta property=\"article:modified_time\" content=\"2025-12-24T16:01:49+00:00\" \/>\n<meta property=\"og:image\" content=\"https:\/\/lospoliticosveracruz.com\/wp-content\/uploads\/2025\/04\/Levet.jpg\" \/>\n\t<meta property=\"og:image:width\" content=\"1250\" \/>\n\t<meta property=\"og:image:height\" content=\"667\" \/>\n\t<meta property=\"og:image:type\" content=\"image\/jpeg\" \/>\n<meta name=\"author\" content=\"Lo viste en Los Pol\u00edticos\" \/>\n<meta name=\"twitter:card\" content=\"summary_large_image\" \/>\n<meta name=\"twitter:creator\" content=\"@LosPoliticosVer\" \/>\n<meta name=\"twitter:site\" content=\"@LosPoliticosVer\" \/>\n<meta name=\"twitter:label1\" content=\"Escrito por\" \/>\n\t<meta name=\"twitter:data1\" content=\"Lo viste en Los Pol\u00edticos\" \/>\n\t<meta name=\"twitter:label2\" content=\"Tiempo de lectura\" \/>\n\t<meta name=\"twitter:data2\" content=\"3 minutos\" \/>\n<script type=\"application\/ld+json\" class=\"yoast-schema-graph\">{\"@context\":\"https:\\\/\\\/schema.org\",\"@graph\":[{\"@type\":\"Article\",\"@id\":\"https:\\\/\\\/lospoliticosveracruz.com\\\/?p=159076#article\",\"isPartOf\":{\"@id\":\"https:\\\/\\\/lospoliticosveracruz.com\\\/?p=159076\"},\"author\":{\"name\":\"Lo viste en Los Pol\u00edticos\",\"@id\":\"https:\\\/\\\/lospoliticosveracruz.com\\\/#\\\/schema\\\/person\\\/b8702bb0e538456e6efd07080bf2a4a2\"},\"headline\":\"CON MONSE\u00d1OR PATR\u00d3N WONG\",\"datePublished\":\"2025-12-24T14:34:15+00:00\",\"dateModified\":\"2025-12-24T16:01:49+00:00\",\"mainEntityOfPage\":{\"@id\":\"https:\\\/\\\/lospoliticosveracruz.com\\\/?p=159076\"},\"wordCount\":562,\"publisher\":{\"@id\":\"https:\\\/\\\/lospoliticosveracruz.com\\\/#organization\"},\"image\":{\"@id\":\"https:\\\/\\\/lospoliticosveracruz.com\\\/?p=159076#primaryimage\"},\"thumbnailUrl\":\"https:\\\/\\\/lospoliticosveracruz.com\\\/wp-content\\\/uploads\\\/2025\\\/04\\\/Levet-e1773931000156.jpg\",\"keywords\":[\"Arquidi\u00f3cesis de Xalapa\",\"Arzobispo de Xalapa\",\"Grupo de los Diez\",\"Jorge Carlos Patr\u00f3n Wong\",\"Pastoral social 2026\",\"Vocaciones de vida\"],\"articleSection\":[\"Cine, Libros y m\u00e1s\"],\"inLanguage\":\"es\"},{\"@type\":\"WebPage\",\"@id\":\"https:\\\/\\\/lospoliticosveracruz.com\\\/?p=159076\",\"url\":\"https:\\\/\\\/lospoliticosveracruz.com\\\/?p=159076\",\"name\":\"CON MONSE\u00d1OR PATR\u00d3N WONG - Los pol\u00edticos Veracruz\",\"isPartOf\":{\"@id\":\"https:\\\/\\\/lospoliticosveracruz.com\\\/#website\"},\"primaryImageOfPage\":{\"@id\":\"https:\\\/\\\/lospoliticosveracruz.com\\\/?p=159076#primaryimage\"},\"image\":{\"@id\":\"https:\\\/\\\/lospoliticosveracruz.com\\\/?p=159076#primaryimage\"},\"thumbnailUrl\":\"https:\\\/\\\/lospoliticosveracruz.com\\\/wp-content\\\/uploads\\\/2025\\\/04\\\/Levet-e1773931000156.jpg\",\"datePublished\":\"2025-12-24T14:34:15+00:00\",\"dateModified\":\"2025-12-24T16:01:49+00:00\",\"breadcrumb\":{\"@id\":\"https:\\\/\\\/lospoliticosveracruz.com\\\/?p=159076#breadcrumb\"},\"inLanguage\":\"es\",\"potentialAction\":[{\"@type\":\"ReadAction\",\"target\":[\"https:\\\/\\\/lospoliticosveracruz.com\\\/?p=159076\"]}]},{\"@type\":\"ImageObject\",\"inLanguage\":\"es\",\"@id\":\"https:\\\/\\\/lospoliticosveracruz.com\\\/?p=159076#primaryimage\",\"url\":\"https:\\\/\\\/lospoliticosveracruz.com\\\/wp-content\\\/uploads\\\/2025\\\/04\\\/Levet-e1773931000156.jpg\",\"contentUrl\":\"https:\\\/\\\/lospoliticosveracruz.com\\\/wp-content\\\/uploads\\\/2025\\\/04\\\/Levet-e1773931000156.jpg\",\"width\":600,\"height\":320},{\"@type\":\"BreadcrumbList\",\"@id\":\"https:\\\/\\\/lospoliticosveracruz.com\\\/?p=159076#breadcrumb\",\"itemListElement\":[{\"@type\":\"ListItem\",\"position\":1,\"name\":\"Portada\",\"item\":\"https:\\\/\\\/lospoliticosveracruz.com\\\/\"},{\"@type\":\"ListItem\",\"position\":2,\"name\":\"CON MONSE\u00d1OR PATR\u00d3N WONG\"}]},{\"@type\":\"WebSite\",\"@id\":\"https:\\\/\\\/lospoliticosveracruz.com\\\/#website\",\"url\":\"https:\\\/\\\/lospoliticosveracruz.com\\\/\",\"name\":\"Los pol\u00edticos Veracruz\",\"description\":\"\",\"publisher\":{\"@id\":\"https:\\\/\\\/lospoliticosveracruz.com\\\/#organization\"},\"potentialAction\":[{\"@type\":\"SearchAction\",\"target\":{\"@type\":\"EntryPoint\",\"urlTemplate\":\"https:\\\/\\\/lospoliticosveracruz.com\\\/?s={search_term_string}\"},\"query-input\":{\"@type\":\"PropertyValueSpecification\",\"valueRequired\":true,\"valueName\":\"search_term_string\"}}],\"inLanguage\":\"es\"},{\"@type\":\"Organization\",\"@id\":\"https:\\\/\\\/lospoliticosveracruz.com\\\/#organization\",\"name\":\"Los pol\u00edticos Veracruz\",\"url\":\"https:\\\/\\\/lospoliticosveracruz.com\\\/\",\"logo\":{\"@type\":\"ImageObject\",\"inLanguage\":\"es\",\"@id\":\"https:\\\/\\\/lospoliticosveracruz.com\\\/#\\\/schema\\\/logo\\\/image\\\/\",\"url\":\"https:\\\/\\\/lospoliticosveracruz.com\\\/wp-content\\\/uploads\\\/2025\\\/12\\\/Logo-Nuevo-LOS-POLITICOS-1.jpg\",\"contentUrl\":\"https:\\\/\\\/lospoliticosveracruz.com\\\/wp-content\\\/uploads\\\/2025\\\/12\\\/Logo-Nuevo-LOS-POLITICOS-1.jpg\",\"width\":260,\"height\":70,\"caption\":\"Los pol\u00edticos Veracruz\"},\"image\":{\"@id\":\"https:\\\/\\\/lospoliticosveracruz.com\\\/#\\\/schema\\\/logo\\\/image\\\/\"},\"sameAs\":[\"https:\\\/\\\/www.facebook.com\\\/people\\\/Notimemes-de-los-Polticos\\\/61565672886568\\\/\",\"https:\\\/\\\/x.com\\\/LosPoliticosVer\"]},{\"@type\":\"Person\",\"@id\":\"https:\\\/\\\/lospoliticosveracruz.com\\\/#\\\/schema\\\/person\\\/b8702bb0e538456e6efd07080bf2a4a2\",\"name\":\"Lo viste en Los Pol\u00edticos\",\"image\":{\"@type\":\"ImageObject\",\"inLanguage\":\"es\",\"@id\":\"https:\\\/\\\/secure.gravatar.com\\\/avatar\\\/3a8de04a2656d44082be478bd6c086daa447c4651605818287b9532d3d0bd435?s=96&d=mm&r=g\",\"url\":\"https:\\\/\\\/secure.gravatar.com\\\/avatar\\\/3a8de04a2656d44082be478bd6c086daa447c4651605818287b9532d3d0bd435?s=96&d=mm&r=g\",\"contentUrl\":\"https:\\\/\\\/secure.gravatar.com\\\/avatar\\\/3a8de04a2656d44082be478bd6c086daa447c4651605818287b9532d3d0bd435?s=96&d=mm&r=g\",\"caption\":\"Lo viste en Los Pol\u00edticos\"},\"url\":\"https:\\\/\\\/lospoliticosveracruz.com\\\/?author=2\"}]}<\/script>\n<!-- \/ Yoast SEO plugin. -->","yoast_head_json":{"title":"CON MONSE\u00d1OR PATR\u00d3N WONG - Los pol\u00edticos Veracruz","robots":{"index":"index","follow":"follow","max-snippet":"max-snippet:-1","max-image-preview":"max-image-preview:large","max-video-preview":"max-video-preview:-1"},"canonical":"https:\/\/lospoliticosveracruz.com\/?p=159076","og_locale":"es_ES","og_type":"article","og_title":"CON MONSE\u00d1OR PATR\u00d3N WONG - Los pol\u00edticos Veracruz","og_description":"Sergio Gonz\u00e1lez Levet Sin tacto El arzobispo de Xalapa, monse\u00f1or Jorge Carlos Patr\u00f3n Wong, tuvo la gentileza de invitar a los periodistas del Grupo de los Diez a una reuni\u00f3n en la Curia de la Avenida \u00c1vila Camacho en la que tuvimos oportunidad, ayer a mediod\u00eda, de platicar largamente con \u00e9l, as\u00ed como de recibir [&hellip;]","og_url":"https:\/\/lospoliticosveracruz.com\/?p=159076","og_site_name":"Los pol\u00edticos Veracruz","article_publisher":"https:\/\/www.facebook.com\/people\/Notimemes-de-los-Polticos\/61565672886568\/","article_published_time":"2025-12-24T14:34:15+00:00","article_modified_time":"2025-12-24T16:01:49+00:00","og_image":[{"width":1250,"height":667,"url":"https:\/\/lospoliticosveracruz.com\/wp-content\/uploads\/2025\/04\/Levet.jpg","type":"image\/jpeg"}],"author":"Lo viste en Los Pol\u00edticos","twitter_card":"summary_large_image","twitter_creator":"@LosPoliticosVer","twitter_site":"@LosPoliticosVer","twitter_misc":{"Escrito por":"Lo viste en Los Pol\u00edticos","Tiempo de lectura":"3 minutos"},"schema":{"@context":"https:\/\/schema.org","@graph":[{"@type":"Article","@id":"https:\/\/lospoliticosveracruz.com\/?p=159076#article","isPartOf":{"@id":"https:\/\/lospoliticosveracruz.com\/?p=159076"},"author":{"name":"Lo viste en Los Pol\u00edticos","@id":"https:\/\/lospoliticosveracruz.com\/#\/schema\/person\/b8702bb0e538456e6efd07080bf2a4a2"},"headline":"CON MONSE\u00d1OR PATR\u00d3N WONG","datePublished":"2025-12-24T14:34:15+00:00","dateModified":"2025-12-24T16:01:49+00:00","mainEntityOfPage":{"@id":"https:\/\/lospoliticosveracruz.com\/?p=159076"},"wordCount":562,"publisher":{"@id":"https:\/\/lospoliticosveracruz.com\/#organization"},"image":{"@id":"https:\/\/lospoliticosveracruz.com\/?p=159076#primaryimage"},"thumbnailUrl":"https:\/\/lospoliticosveracruz.com\/wp-content\/uploads\/2025\/04\/Levet-e1773931000156.jpg","keywords":["Arquidi\u00f3cesis de Xalapa","Arzobispo de Xalapa","Grupo de los Diez","Jorge Carlos Patr\u00f3n Wong","Pastoral social 2026","Vocaciones de vida"],"articleSection":["Cine, Libros y m\u00e1s"],"inLanguage":"es"},{"@type":"WebPage","@id":"https:\/\/lospoliticosveracruz.com\/?p=159076","url":"https:\/\/lospoliticosveracruz.com\/?p=159076","name":"CON MONSE\u00d1OR PATR\u00d3N WONG - Los pol\u00edticos Veracruz","isPartOf":{"@id":"https:\/\/lospoliticosveracruz.com\/#website"},"primaryImageOfPage":{"@id":"https:\/\/lospoliticosveracruz.com\/?p=159076#primaryimage"},"image":{"@id":"https:\/\/lospoliticosveracruz.com\/?p=159076#primaryimage"},"thumbnailUrl":"https:\/\/lospoliticosveracruz.com\/wp-content\/uploads\/2025\/04\/Levet-e1773931000156.jpg","datePublished":"2025-12-24T14:34:15+00:00","dateModified":"2025-12-24T16:01:49+00:00","breadcrumb":{"@id":"https:\/\/lospoliticosveracruz.com\/?p=159076#breadcrumb"},"inLanguage":"es","potentialAction":[{"@type":"ReadAction","target":["https:\/\/lospoliticosveracruz.com\/?p=159076"]}]},{"@type":"ImageObject","inLanguage":"es","@id":"https:\/\/lospoliticosveracruz.com\/?p=159076#primaryimage","url":"https:\/\/lospoliticosveracruz.com\/wp-content\/uploads\/2025\/04\/Levet-e1773931000156.jpg","contentUrl":"https:\/\/lospoliticosveracruz.com\/wp-content\/uploads\/2025\/04\/Levet-e1773931000156.jpg","width":600,"height":320},{"@type":"BreadcrumbList","@id":"https:\/\/lospoliticosveracruz.com\/?p=159076#breadcrumb","itemListElement":[{"@type":"ListItem","position":1,"name":"Portada","item":"https:\/\/lospoliticosveracruz.com\/"},{"@type":"ListItem","position":2,"name":"CON MONSE\u00d1OR PATR\u00d3N WONG"}]},{"@type":"WebSite","@id":"https:\/\/lospoliticosveracruz.com\/#website","url":"https:\/\/lospoliticosveracruz.com\/","name":"Los pol\u00edticos Veracruz","description":"","publisher":{"@id":"https:\/\/lospoliticosveracruz.com\/#organization"},"potentialAction":[{"@type":"SearchAction","target":{"@type":"EntryPoint","urlTemplate":"https:\/\/lospoliticosveracruz.com\/?s={search_term_string}"},"query-input":{"@type":"PropertyValueSpecification","valueRequired":true,"valueName":"search_term_string"}}],"inLanguage":"es"},{"@type":"Organization","@id":"https:\/\/lospoliticosveracruz.com\/#organization","name":"Los pol\u00edticos Veracruz","url":"https:\/\/lospoliticosveracruz.com\/","logo":{"@type":"ImageObject","inLanguage":"es","@id":"https:\/\/lospoliticosveracruz.com\/#\/schema\/logo\/image\/","url":"https:\/\/lospoliticosveracruz.com\/wp-content\/uploads\/2025\/12\/Logo-Nuevo-LOS-POLITICOS-1.jpg","contentUrl":"https:\/\/lospoliticosveracruz.com\/wp-content\/uploads\/2025\/12\/Logo-Nuevo-LOS-POLITICOS-1.jpg","width":260,"height":70,"caption":"Los pol\u00edticos Veracruz"},"image":{"@id":"https:\/\/lospoliticosveracruz.com\/#\/schema\/logo\/image\/"},"sameAs":["https:\/\/www.facebook.com\/people\/Notimemes-de-los-Polticos\/61565672886568\/","https:\/\/x.com\/LosPoliticosVer"]},{"@type":"Person","@id":"https:\/\/lospoliticosveracruz.com\/#\/schema\/person\/b8702bb0e538456e6efd07080bf2a4a2","name":"Lo viste en Los Pol\u00edticos","image":{"@type":"ImageObject","inLanguage":"es","@id":"https:\/\/secure.gravatar.com\/avatar\/3a8de04a2656d44082be478bd6c086daa447c4651605818287b9532d3d0bd435?s=96&d=mm&r=g","url":"https:\/\/secure.gravatar.com\/avatar\/3a8de04a2656d44082be478bd6c086daa447c4651605818287b9532d3d0bd435?s=96&d=mm&r=g","contentUrl":"https:\/\/secure.gravatar.com\/avatar\/3a8de04a2656d44082be478bd6c086daa447c4651605818287b9532d3d0bd435?s=96&d=mm&r=g","caption":"Lo viste en Los Pol\u00edticos"},"url":"https:\/\/lospoliticosveracruz.com\/?author=2"}]}},"_links":{"self":[{"href":"https:\/\/lospoliticosveracruz.com\/index.php?rest_route=\/wp\/v2\/posts\/159076","targetHints":{"allow":["GET"]}}],"collection":[{"href":"https:\/\/lospoliticosveracruz.com\/index.php?rest_route=\/wp\/v2\/posts"}],"about":[{"href":"https:\/\/lospoliticosveracruz.com\/index.php?rest_route=\/wp\/v2\/types\/post"}],"author":[{"embeddable":true,"href":"https:\/\/lospoliticosveracruz.com\/index.php?rest_route=\/wp\/v2\/users\/2"}],"replies":[{"embeddable":true,"href":"https:\/\/lospoliticosveracruz.com\/index.php?rest_route=%2Fwp%2Fv2%2Fcomments&post=159076"}],"version-history":[{"count":2,"href":"https:\/\/lospoliticosveracruz.com\/index.php?rest_route=\/wp\/v2\/posts\/159076\/revisions"}],"predecessor-version":[{"id":159084,"href":"https:\/\/lospoliticosveracruz.com\/index.php?rest_route=\/wp\/v2\/posts\/159076\/revisions\/159084"}],"wp:featuredmedia":[{"embeddable":true,"href":"https:\/\/lospoliticosveracruz.com\/index.php?rest_route=\/wp\/v2\/media\/141432"}],"wp:attachment":[{"href":"https:\/\/lospoliticosveracruz.com\/index.php?rest_route=%2Fwp%2Fv2%2Fmedia&parent=159076"}],"wp:term":[{"taxonomy":"category","embeddable":true,"href":"https:\/\/lospoliticosveracruz.com\/index.php?rest_route=%2Fwp%2Fv2%2Fcategories&post=159076"},{"taxonomy":"post_tag","embeddable":true,"href":"https:\/\/lospoliticosveracruz.com\/index.php?rest_route=%2Fwp%2Fv2%2Ftags&post=159076"}],"curies":[{"name":"wp","href":"https:\/\/api.w.org\/{rel}","templated":true}]}}