{"id":159161,"date":"2025-12-28T18:42:13","date_gmt":"2025-12-29T00:42:13","guid":{"rendered":"https:\/\/lospoliticosveracruz.com\/?p=159161"},"modified":"2025-12-28T18:42:14","modified_gmt":"2025-12-29T00:42:14","slug":"tantoyuca-el-inicio","status":"publish","type":"post","link":"https:\/\/lospoliticosveracruz.com\/?p=159161","title":{"rendered":"TANTOYUCA, EL INICIO"},"content":{"rendered":"\n<p>S\u00edguenos ahora tambi\u00e9n en WhatsApp.\u00a0\u00a1<a href=\"https:\/\/whatsapp.com\/channel\/0029Va8zRWlEKyZIP3Z1dF0e\"><strong>Da clic aqu\u00ed<\/strong><\/a><strong>!<\/strong><\/p>\n\n\n\n<p><strong>Enrique Yasser Pompeyo<\/strong><\/p>\n\n\n\n<p><em>Mesa de Redacci\u00f3n<br><\/em><\/p>\n\n\n\n<p>En el municipio de Tantoyuca ya comenz\u00f3 la cuenta regresiva para la Transformaci\u00f3n.<\/p>\n\n\n\n<p>En tres d\u00edas, el presidente municipal electo, Roberto Francisco San Rom\u00e1n Solana rendir\u00e1 protesta de ley como alcalde constitucional.<\/p>\n\n\n\n<p>Por ello, ya se afinan detalles en el auditorio municipal \u201cLuis Donaldo Colosio\u201d que fungir\u00e1 como recinto oficial para la Sesi\u00f3n Solemne.<\/p>\n\n\n\n<p>El caso del Ayuntamiento de Tantoyuca cobra relevancia porque se dar\u00e1 una transici\u00f3n hist\u00f3rica.<\/p>\n\n\n\n\n\n<p>Luego de varias administraciones en las que el municipio fue gobernado por una sola familia y se pasaban el cargo de un hermano a otro, hoy llega el tan anhelado cambio.<\/p>\n\n\n\n<p>Adem\u00e1s, tras ser abanderado por un partido de derecha, hoy lo encabeza el Movimiento de Regeneraci\u00f3n Nacional.<\/p>\n\n\n\n<p>A partir del 1 de enero de 2026 se concretar\u00e1 el cambio verdadero por el cual vot\u00f3 la poblaci\u00f3n en los pasados comicios.<\/p>\n\n\n\n<p>De esta manera, la voluntad popular se reflejar\u00e1 en un gobierno del pueblo y para el pueblo.<\/p>\n\n\n\n<p>Ser\u00e1 el 31 de diciembre, a las 12 horas cuando se lleve a cabo la toma de protesta del alcalde Roberto San Rom\u00e1n.<\/p>\n\n\n\n<p>Los habitantes de Tantoyuca conf\u00edan en que la nueva administraci\u00f3n har\u00e1 justicia social para todas las comunidades y sus familias.<\/p>\n\n\n\n<p>Cabe destacar que el nuevo cabildo trabajar\u00e1 por el pueblo, sin distinci\u00f3n de colores, con un solo objetivo que los une: rescatar a Tantoyuca.<\/p>\n\n\n\n<p>El cabildo electo qued\u00f3 integrado de la siguiente manera: S\u00edndica: Lizbeth Fuentes Ram\u00edrez; Regidora 1: Isela Flores Serapio (MORENA); Regidor 2: Jos\u00e9 Alfredo Ruiz Le\u00f3n (MORENA); Regidora 3: Paula Vel\u00e1zquez del \u00c1ngel (MORENA); Regidora 4: Gissel Torres P\u00e9rez (MORENA); Regidora 5: Elodia Hern\u00e1ndez Medina (PAN); Regidor 6: Pedro Adalberto del \u00c1ngel Ju\u00e1rez (PAN); Regidora 7: Leonor Vera D\u00edaz (PAN); Regidora 8: Blanca Lilia Torres Rivera (PVEM).<\/p>\n\n\n\n<p>Cuando hay voluntad, di\u00e1logo y compromiso, se pueden construir acuerdos que pongan siempre al centro a la gente. Tantoyuca merece un gobierno cercano, responsable y que d\u00e9 resultados.<\/p>\n\n\n\n<p><strong>POLIC\u00cdA Y TR\u00c1NSITO<\/strong><\/p>\n\n\n\n<p>Por cierto, como alcalde electo de Tantoyuca, Roberto San Rom\u00e1n ya trabaja para fortalecer la seguridad y ordenar la movilidad del municipio, con corporaciones cercanas al pueblo, honestas y preparadas.<\/p>\n\n\n\n<p>Por ello, se abri\u00f3 la convocatoria para invitar a mujeres y hombres con vocaci\u00f3n de servicio a informarse y registrarse para integrarse a la Polic\u00eda y Tr\u00e1nsito Municipal para el periodo 2026-2029.<\/p>\n\n\n\n<p>Se ofrece sueldo competitivo, prestaciones superiores a la ley, capacitaci\u00f3n, as\u00ed como trabajo digno y estable.<\/p>\n\n\n\n<p>La convocatoria ya est\u00e1 abierta y hasta el inicio de funciones del nuevo Gobierno Municipal. Las y los interesados deben llevar su curriculum vitae a la oficina ubicada en la Plaza San Rom\u00e1n.<\/p>\n\n\n\n<p>enriquepompeyo@hotmail.com<\/p>\n","protected":false},"excerpt":{"rendered":"<p>Enrique Yasser Pompeyo Mesa de Redacci\u00f3n En el municipio de Tantoyuca ya comenz\u00f3 la cuenta regresiva para la Transformaci\u00f3n. En tres d\u00edas, el presidente municipal electo, Roberto Francisco San Rom\u00e1n Solana rendir\u00e1 protesta de ley como alcalde constitucional. Por ello, ya se afinan detalles en el auditorio municipal \u201cLuis Donaldo Colosio\u201d que fungir\u00e1 como recinto [&hellip;]<\/p>\n","protected":false},"author":2,"featured_media":141425,"comment_status":"closed","ping_status":"closed","sticky":false,"template":"","format":"standard","meta":{"tdm_status":"","tdm_grid_status":"","footnotes":""},"categories":[70],"tags":[48211,48210,25035,38294,48212,48209],"class_list":{"0":"post-159161","1":"post","2":"type-post","3":"status-publish","4":"format-standard","5":"has-post-thumbnail","7":"category-de-opinion","8":"tag-cabildo-2026","9":"tag-gobierno-municipal-veracruz","10":"tag-morena-veracruz","11":"tag-roberto-san-roman","12":"tag-seguridad-municipal","13":"tag-tantoyuca-transformacion"},"yoast_head":"<!-- This site is optimized with the Yoast SEO plugin v27.4 - https:\/\/yoast.com\/product\/yoast-seo-wordpress\/ -->\n<title>TANTOYUCA, EL INICIO - Los pol\u00edticos Veracruz<\/title>\n<meta name=\"robots\" content=\"index, follow, max-snippet:-1, max-image-preview:large, max-video-preview:-1\" \/>\n<link rel=\"canonical\" href=\"https:\/\/lospoliticosveracruz.com\/?p=159161\" \/>\n<meta property=\"og:locale\" content=\"es_ES\" \/>\n<meta property=\"og:type\" content=\"article\" \/>\n<meta property=\"og:title\" content=\"TANTOYUCA, EL INICIO - Los pol\u00edticos Veracruz\" \/>\n<meta property=\"og:description\" content=\"Enrique Yasser Pompeyo Mesa de Redacci\u00f3n En el municipio de Tantoyuca ya comenz\u00f3 la cuenta regresiva para la Transformaci\u00f3n. En tres d\u00edas, el presidente municipal electo, Roberto Francisco San Rom\u00e1n Solana rendir\u00e1 protesta de ley como alcalde constitucional. Por ello, ya se afinan detalles en el auditorio municipal \u201cLuis Donaldo Colosio\u201d que fungir\u00e1 como recinto [&hellip;]\" \/>\n<meta property=\"og:url\" content=\"https:\/\/lospoliticosveracruz.com\/?p=159161\" \/>\n<meta property=\"og:site_name\" content=\"Los pol\u00edticos Veracruz\" \/>\n<meta property=\"article:publisher\" content=\"https:\/\/www.facebook.com\/people\/Notimemes-de-los-Polticos\/61565672886568\/\" \/>\n<meta property=\"article:published_time\" content=\"2025-12-29T00:42:13+00:00\" \/>\n<meta property=\"article:modified_time\" content=\"2025-12-29T00:42:14+00:00\" \/>\n<meta property=\"og:image\" content=\"https:\/\/lospoliticosveracruz.com\/wp-content\/uploads\/2025\/04\/Pompeyo.jpg\" \/>\n\t<meta property=\"og:image:width\" content=\"1250\" \/>\n\t<meta property=\"og:image:height\" content=\"667\" \/>\n\t<meta property=\"og:image:type\" content=\"image\/jpeg\" \/>\n<meta name=\"author\" content=\"Lo viste en Los Pol\u00edticos\" \/>\n<meta name=\"twitter:card\" content=\"summary_large_image\" \/>\n<meta name=\"twitter:creator\" content=\"@LosPoliticosVer\" \/>\n<meta name=\"twitter:site\" content=\"@LosPoliticosVer\" \/>\n<meta name=\"twitter:label1\" content=\"Escrito por\" \/>\n\t<meta name=\"twitter:data1\" content=\"Lo viste en Los Pol\u00edticos\" \/>\n\t<meta name=\"twitter:label2\" content=\"Tiempo de lectura\" \/>\n\t<meta name=\"twitter:data2\" content=\"3 minutos\" \/>\n<script type=\"application\/ld+json\" class=\"yoast-schema-graph\">{\"@context\":\"https:\\\/\\\/schema.org\",\"@graph\":[{\"@type\":\"Article\",\"@id\":\"https:\\\/\\\/lospoliticosveracruz.com\\\/?p=159161#article\",\"isPartOf\":{\"@id\":\"https:\\\/\\\/lospoliticosveracruz.com\\\/?p=159161\"},\"author\":{\"name\":\"Lo viste en Los Pol\u00edticos\",\"@id\":\"https:\\\/\\\/lospoliticosveracruz.com\\\/#\\\/schema\\\/person\\\/b8702bb0e538456e6efd07080bf2a4a2\"},\"headline\":\"TANTOYUCA, EL INICIO\",\"datePublished\":\"2025-12-29T00:42:13+00:00\",\"dateModified\":\"2025-12-29T00:42:14+00:00\",\"mainEntityOfPage\":{\"@id\":\"https:\\\/\\\/lospoliticosveracruz.com\\\/?p=159161\"},\"wordCount\":462,\"publisher\":{\"@id\":\"https:\\\/\\\/lospoliticosveracruz.com\\\/#organization\"},\"image\":{\"@id\":\"https:\\\/\\\/lospoliticosveracruz.com\\\/?p=159161#primaryimage\"},\"thumbnailUrl\":\"https:\\\/\\\/lospoliticosveracruz.com\\\/wp-content\\\/uploads\\\/2025\\\/04\\\/Pompeyo-e1776307406459.jpg\",\"keywords\":[\"cabildo 2026\",\"gobierno municipal Veracruz\",\"Morena Veracruz\",\"Roberto San Rom\u00e1n\",\"seguridad municipal\",\"Tantoyuca transformaci\u00f3n\"],\"articleSection\":[\"De Opini\u00f3n\"],\"inLanguage\":\"es\"},{\"@type\":\"WebPage\",\"@id\":\"https:\\\/\\\/lospoliticosveracruz.com\\\/?p=159161\",\"url\":\"https:\\\/\\\/lospoliticosveracruz.com\\\/?p=159161\",\"name\":\"TANTOYUCA, EL INICIO - Los pol\u00edticos Veracruz\",\"isPartOf\":{\"@id\":\"https:\\\/\\\/lospoliticosveracruz.com\\\/#website\"},\"primaryImageOfPage\":{\"@id\":\"https:\\\/\\\/lospoliticosveracruz.com\\\/?p=159161#primaryimage\"},\"image\":{\"@id\":\"https:\\\/\\\/lospoliticosveracruz.com\\\/?p=159161#primaryimage\"},\"thumbnailUrl\":\"https:\\\/\\\/lospoliticosveracruz.com\\\/wp-content\\\/uploads\\\/2025\\\/04\\\/Pompeyo-e1776307406459.jpg\",\"datePublished\":\"2025-12-29T00:42:13+00:00\",\"dateModified\":\"2025-12-29T00:42:14+00:00\",\"breadcrumb\":{\"@id\":\"https:\\\/\\\/lospoliticosveracruz.com\\\/?p=159161#breadcrumb\"},\"inLanguage\":\"es\",\"potentialAction\":[{\"@type\":\"ReadAction\",\"target\":[\"https:\\\/\\\/lospoliticosveracruz.com\\\/?p=159161\"]}]},{\"@type\":\"ImageObject\",\"inLanguage\":\"es\",\"@id\":\"https:\\\/\\\/lospoliticosveracruz.com\\\/?p=159161#primaryimage\",\"url\":\"https:\\\/\\\/lospoliticosveracruz.com\\\/wp-content\\\/uploads\\\/2025\\\/04\\\/Pompeyo-e1776307406459.jpg\",\"contentUrl\":\"https:\\\/\\\/lospoliticosveracruz.com\\\/wp-content\\\/uploads\\\/2025\\\/04\\\/Pompeyo-e1776307406459.jpg\",\"width\":600,\"height\":320},{\"@type\":\"BreadcrumbList\",\"@id\":\"https:\\\/\\\/lospoliticosveracruz.com\\\/?p=159161#breadcrumb\",\"itemListElement\":[{\"@type\":\"ListItem\",\"position\":1,\"name\":\"Portada\",\"item\":\"https:\\\/\\\/lospoliticosveracruz.com\\\/\"},{\"@type\":\"ListItem\",\"position\":2,\"name\":\"TANTOYUCA, EL INICIO\"}]},{\"@type\":\"WebSite\",\"@id\":\"https:\\\/\\\/lospoliticosveracruz.com\\\/#website\",\"url\":\"https:\\\/\\\/lospoliticosveracruz.com\\\/\",\"name\":\"Los pol\u00edticos Veracruz\",\"description\":\"\",\"publisher\":{\"@id\":\"https:\\\/\\\/lospoliticosveracruz.com\\\/#organization\"},\"potentialAction\":[{\"@type\":\"SearchAction\",\"target\":{\"@type\":\"EntryPoint\",\"urlTemplate\":\"https:\\\/\\\/lospoliticosveracruz.com\\\/?s={search_term_string}\"},\"query-input\":{\"@type\":\"PropertyValueSpecification\",\"valueRequired\":true,\"valueName\":\"search_term_string\"}}],\"inLanguage\":\"es\"},{\"@type\":\"Organization\",\"@id\":\"https:\\\/\\\/lospoliticosveracruz.com\\\/#organization\",\"name\":\"Los pol\u00edticos Veracruz\",\"url\":\"https:\\\/\\\/lospoliticosveracruz.com\\\/\",\"logo\":{\"@type\":\"ImageObject\",\"inLanguage\":\"es\",\"@id\":\"https:\\\/\\\/lospoliticosveracruz.com\\\/#\\\/schema\\\/logo\\\/image\\\/\",\"url\":\"https:\\\/\\\/lospoliticosveracruz.com\\\/wp-content\\\/uploads\\\/2025\\\/12\\\/Logo-Nuevo-LOS-POLITICOS-1.jpg\",\"contentUrl\":\"https:\\\/\\\/lospoliticosveracruz.com\\\/wp-content\\\/uploads\\\/2025\\\/12\\\/Logo-Nuevo-LOS-POLITICOS-1.jpg\",\"width\":260,\"height\":70,\"caption\":\"Los pol\u00edticos Veracruz\"},\"image\":{\"@id\":\"https:\\\/\\\/lospoliticosveracruz.com\\\/#\\\/schema\\\/logo\\\/image\\\/\"},\"sameAs\":[\"https:\\\/\\\/www.facebook.com\\\/people\\\/Notimemes-de-los-Polticos\\\/61565672886568\\\/\",\"https:\\\/\\\/x.com\\\/LosPoliticosVer\"]},{\"@type\":\"Person\",\"@id\":\"https:\\\/\\\/lospoliticosveracruz.com\\\/#\\\/schema\\\/person\\\/b8702bb0e538456e6efd07080bf2a4a2\",\"name\":\"Lo viste en Los Pol\u00edticos\",\"image\":{\"@type\":\"ImageObject\",\"inLanguage\":\"es\",\"@id\":\"https:\\\/\\\/secure.gravatar.com\\\/avatar\\\/3a8de04a2656d44082be478bd6c086daa447c4651605818287b9532d3d0bd435?s=96&d=mm&r=g\",\"url\":\"https:\\\/\\\/secure.gravatar.com\\\/avatar\\\/3a8de04a2656d44082be478bd6c086daa447c4651605818287b9532d3d0bd435?s=96&d=mm&r=g\",\"contentUrl\":\"https:\\\/\\\/secure.gravatar.com\\\/avatar\\\/3a8de04a2656d44082be478bd6c086daa447c4651605818287b9532d3d0bd435?s=96&d=mm&r=g\",\"caption\":\"Lo viste en Los Pol\u00edticos\"},\"url\":\"https:\\\/\\\/lospoliticosveracruz.com\\\/?author=2\"}]}<\/script>\n<!-- \/ Yoast SEO plugin. -->","yoast_head_json":{"title":"TANTOYUCA, EL INICIO - Los pol\u00edticos Veracruz","robots":{"index":"index","follow":"follow","max-snippet":"max-snippet:-1","max-image-preview":"max-image-preview:large","max-video-preview":"max-video-preview:-1"},"canonical":"https:\/\/lospoliticosveracruz.com\/?p=159161","og_locale":"es_ES","og_type":"article","og_title":"TANTOYUCA, EL INICIO - Los pol\u00edticos Veracruz","og_description":"Enrique Yasser Pompeyo Mesa de Redacci\u00f3n En el municipio de Tantoyuca ya comenz\u00f3 la cuenta regresiva para la Transformaci\u00f3n. En tres d\u00edas, el presidente municipal electo, Roberto Francisco San Rom\u00e1n Solana rendir\u00e1 protesta de ley como alcalde constitucional. Por ello, ya se afinan detalles en el auditorio municipal \u201cLuis Donaldo Colosio\u201d que fungir\u00e1 como recinto [&hellip;]","og_url":"https:\/\/lospoliticosveracruz.com\/?p=159161","og_site_name":"Los pol\u00edticos Veracruz","article_publisher":"https:\/\/www.facebook.com\/people\/Notimemes-de-los-Polticos\/61565672886568\/","article_published_time":"2025-12-29T00:42:13+00:00","article_modified_time":"2025-12-29T00:42:14+00:00","og_image":[{"width":1250,"height":667,"url":"https:\/\/lospoliticosveracruz.com\/wp-content\/uploads\/2025\/04\/Pompeyo.jpg","type":"image\/jpeg"}],"author":"Lo viste en Los Pol\u00edticos","twitter_card":"summary_large_image","twitter_creator":"@LosPoliticosVer","twitter_site":"@LosPoliticosVer","twitter_misc":{"Escrito por":"Lo viste en Los Pol\u00edticos","Tiempo de lectura":"3 minutos"},"schema":{"@context":"https:\/\/schema.org","@graph":[{"@type":"Article","@id":"https:\/\/lospoliticosveracruz.com\/?p=159161#article","isPartOf":{"@id":"https:\/\/lospoliticosveracruz.com\/?p=159161"},"author":{"name":"Lo viste en Los Pol\u00edticos","@id":"https:\/\/lospoliticosveracruz.com\/#\/schema\/person\/b8702bb0e538456e6efd07080bf2a4a2"},"headline":"TANTOYUCA, EL INICIO","datePublished":"2025-12-29T00:42:13+00:00","dateModified":"2025-12-29T00:42:14+00:00","mainEntityOfPage":{"@id":"https:\/\/lospoliticosveracruz.com\/?p=159161"},"wordCount":462,"publisher":{"@id":"https:\/\/lospoliticosveracruz.com\/#organization"},"image":{"@id":"https:\/\/lospoliticosveracruz.com\/?p=159161#primaryimage"},"thumbnailUrl":"https:\/\/lospoliticosveracruz.com\/wp-content\/uploads\/2025\/04\/Pompeyo-e1776307406459.jpg","keywords":["cabildo 2026","gobierno municipal Veracruz","Morena Veracruz","Roberto San Rom\u00e1n","seguridad municipal","Tantoyuca transformaci\u00f3n"],"articleSection":["De Opini\u00f3n"],"inLanguage":"es"},{"@type":"WebPage","@id":"https:\/\/lospoliticosveracruz.com\/?p=159161","url":"https:\/\/lospoliticosveracruz.com\/?p=159161","name":"TANTOYUCA, EL INICIO - Los pol\u00edticos Veracruz","isPartOf":{"@id":"https:\/\/lospoliticosveracruz.com\/#website"},"primaryImageOfPage":{"@id":"https:\/\/lospoliticosveracruz.com\/?p=159161#primaryimage"},"image":{"@id":"https:\/\/lospoliticosveracruz.com\/?p=159161#primaryimage"},"thumbnailUrl":"https:\/\/lospoliticosveracruz.com\/wp-content\/uploads\/2025\/04\/Pompeyo-e1776307406459.jpg","datePublished":"2025-12-29T00:42:13+00:00","dateModified":"2025-12-29T00:42:14+00:00","breadcrumb":{"@id":"https:\/\/lospoliticosveracruz.com\/?p=159161#breadcrumb"},"inLanguage":"es","potentialAction":[{"@type":"ReadAction","target":["https:\/\/lospoliticosveracruz.com\/?p=159161"]}]},{"@type":"ImageObject","inLanguage":"es","@id":"https:\/\/lospoliticosveracruz.com\/?p=159161#primaryimage","url":"https:\/\/lospoliticosveracruz.com\/wp-content\/uploads\/2025\/04\/Pompeyo-e1776307406459.jpg","contentUrl":"https:\/\/lospoliticosveracruz.com\/wp-content\/uploads\/2025\/04\/Pompeyo-e1776307406459.jpg","width":600,"height":320},{"@type":"BreadcrumbList","@id":"https:\/\/lospoliticosveracruz.com\/?p=159161#breadcrumb","itemListElement":[{"@type":"ListItem","position":1,"name":"Portada","item":"https:\/\/lospoliticosveracruz.com\/"},{"@type":"ListItem","position":2,"name":"TANTOYUCA, EL INICIO"}]},{"@type":"WebSite","@id":"https:\/\/lospoliticosveracruz.com\/#website","url":"https:\/\/lospoliticosveracruz.com\/","name":"Los pol\u00edticos Veracruz","description":"","publisher":{"@id":"https:\/\/lospoliticosveracruz.com\/#organization"},"potentialAction":[{"@type":"SearchAction","target":{"@type":"EntryPoint","urlTemplate":"https:\/\/lospoliticosveracruz.com\/?s={search_term_string}"},"query-input":{"@type":"PropertyValueSpecification","valueRequired":true,"valueName":"search_term_string"}}],"inLanguage":"es"},{"@type":"Organization","@id":"https:\/\/lospoliticosveracruz.com\/#organization","name":"Los pol\u00edticos Veracruz","url":"https:\/\/lospoliticosveracruz.com\/","logo":{"@type":"ImageObject","inLanguage":"es","@id":"https:\/\/lospoliticosveracruz.com\/#\/schema\/logo\/image\/","url":"https:\/\/lospoliticosveracruz.com\/wp-content\/uploads\/2025\/12\/Logo-Nuevo-LOS-POLITICOS-1.jpg","contentUrl":"https:\/\/lospoliticosveracruz.com\/wp-content\/uploads\/2025\/12\/Logo-Nuevo-LOS-POLITICOS-1.jpg","width":260,"height":70,"caption":"Los pol\u00edticos Veracruz"},"image":{"@id":"https:\/\/lospoliticosveracruz.com\/#\/schema\/logo\/image\/"},"sameAs":["https:\/\/www.facebook.com\/people\/Notimemes-de-los-Polticos\/61565672886568\/","https:\/\/x.com\/LosPoliticosVer"]},{"@type":"Person","@id":"https:\/\/lospoliticosveracruz.com\/#\/schema\/person\/b8702bb0e538456e6efd07080bf2a4a2","name":"Lo viste en Los Pol\u00edticos","image":{"@type":"ImageObject","inLanguage":"es","@id":"https:\/\/secure.gravatar.com\/avatar\/3a8de04a2656d44082be478bd6c086daa447c4651605818287b9532d3d0bd435?s=96&d=mm&r=g","url":"https:\/\/secure.gravatar.com\/avatar\/3a8de04a2656d44082be478bd6c086daa447c4651605818287b9532d3d0bd435?s=96&d=mm&r=g","contentUrl":"https:\/\/secure.gravatar.com\/avatar\/3a8de04a2656d44082be478bd6c086daa447c4651605818287b9532d3d0bd435?s=96&d=mm&r=g","caption":"Lo viste en Los Pol\u00edticos"},"url":"https:\/\/lospoliticosveracruz.com\/?author=2"}]}},"_links":{"self":[{"href":"https:\/\/lospoliticosveracruz.com\/index.php?rest_route=\/wp\/v2\/posts\/159161","targetHints":{"allow":["GET"]}}],"collection":[{"href":"https:\/\/lospoliticosveracruz.com\/index.php?rest_route=\/wp\/v2\/posts"}],"about":[{"href":"https:\/\/lospoliticosveracruz.com\/index.php?rest_route=\/wp\/v2\/types\/post"}],"author":[{"embeddable":true,"href":"https:\/\/lospoliticosveracruz.com\/index.php?rest_route=\/wp\/v2\/users\/2"}],"replies":[{"embeddable":true,"href":"https:\/\/lospoliticosveracruz.com\/index.php?rest_route=%2Fwp%2Fv2%2Fcomments&post=159161"}],"version-history":[{"count":1,"href":"https:\/\/lospoliticosveracruz.com\/index.php?rest_route=\/wp\/v2\/posts\/159161\/revisions"}],"predecessor-version":[{"id":159162,"href":"https:\/\/lospoliticosveracruz.com\/index.php?rest_route=\/wp\/v2\/posts\/159161\/revisions\/159162"}],"wp:featuredmedia":[{"embeddable":true,"href":"https:\/\/lospoliticosveracruz.com\/index.php?rest_route=\/wp\/v2\/media\/141425"}],"wp:attachment":[{"href":"https:\/\/lospoliticosveracruz.com\/index.php?rest_route=%2Fwp%2Fv2%2Fmedia&parent=159161"}],"wp:term":[{"taxonomy":"category","embeddable":true,"href":"https:\/\/lospoliticosveracruz.com\/index.php?rest_route=%2Fwp%2Fv2%2Fcategories&post=159161"},{"taxonomy":"post_tag","embeddable":true,"href":"https:\/\/lospoliticosveracruz.com\/index.php?rest_route=%2Fwp%2Fv2%2Ftags&post=159161"}],"curies":[{"name":"wp","href":"https:\/\/api.w.org\/{rel}","templated":true}]}}