{"id":159171,"date":"2025-12-29T07:03:49","date_gmt":"2025-12-29T13:03:49","guid":{"rendered":"https:\/\/lospoliticosveracruz.com\/?p=159171"},"modified":"2025-12-29T07:03:50","modified_gmt":"2025-12-29T13:03:50","slug":"alito-candidato-a-un-imposible","status":"publish","type":"post","link":"https:\/\/lospoliticosveracruz.com\/?p=159171","title":{"rendered":"ALITO, CANDIDATO A UN IMPOSIBLE"},"content":{"rendered":"\n<p><br><strong>Bernardo Guti\u00e9rrez Parra<\/strong><\/p>\n\n\n\n<p><em>Desde el Caf\u00e9<\/em><br>Cuando a mediados de octubre el PAN anunci\u00f3 su refundaci\u00f3n con objeto de \u201cmodernizarse\u201d y \u201cabrirse a los ciudadanos\u201d pero sin colas, es decir sin el PRI, el primero (y \u00fanico) en respingar fue el dirigente del tricolor, Alejandro \u201cAlito\u201d Moreno, que dijo al periodista Ciro G\u00f3mez Leyva: \u201cNo entiendo esta posici\u00f3n\u2026 lo que necesitamos es impulsar un frente amplio con ciudadanos y partidos pol\u00edticos\u2026el PRI mantiene su vocaci\u00f3n aliancista\u201d.<\/p>\n\n\n\n\n\n<p>Pero qui\u00e9n sabe qu\u00e9 se meter\u00eda durante las posadas el simp\u00e1tico campechano que dio un giro de 180 grados al manifestar la semana anterior, que el PRI no elegir\u00e1 a nadie que no sea del partido para el 2030, \u201cporque ya fuimos con dos candidatos ciudadanos y nos fue de la fregada\u201d. Y es verdad.<\/p>\n\n\n\n<p>El primero fue Jos\u00e9 Antonio Meade que perdi\u00f3 en 2018 con L\u00f3pez Obrador y la segunda fue X\u00f3chitl G\u00e1lvez, derrotada por Claudia Sheinbaum. \u201cDos veces competimos sin candidato a la presidencia del pa\u00eds y 6.7 millones de mexicanos fueron a votar por el PRI. \u00bfUstedes creen que vamos a ir otra vez con otro invento en 2030 para que entonces s\u00ed se hunda el pa\u00eds? No compa\u00f1eros, aqu\u00ed se necesita una gente profesional\u201d, dijo. Y los priistas que lo escuchaban se prepararon para el impacto.<\/p>\n\n\n\n<p>\u201cYo he sido doce veces candidato en distintos espacios de mi vida, en la juvenil, universitario, cargos de elecci\u00f3n y todos los he ganado. Entonces si dicen que el PRI no tiene presencia, que ese pinche Alito no sirve \u00bfentonces por qu\u00e9 se preocupan por mi? \u00bfSaben por que se preocupan por mi? Porque el \u00fanico que tiene las dos cosas (se llev\u00f3 el \u00edndice a la sien y ahuec\u00f3 la mano derecha para dar a entender que tiene inteligencia y\u2026 pantalones) lo tienen aqu\u00ed en el partido\u201d, dijo mientras se se\u00f1alaba el pecho.<\/p>\n\n\n\n<p>\u201cQue me digan a mi que otros que est\u00e1n ah\u00ed son mejores que yo, n\u2019mbre, a las pruebas me remito. El compromiso de nosotros es regresar al gobierno, \u00bfcon qui\u00e9n? con quien le pueda ganar a Morena. Y yo creo que hay una gran oportunidad (de ganar)\u201d remat\u00f3 Alejandro, al que le falt\u00f3 agregar: \u201cconmigo como candidato\u201d. Aunque eso lo sobreentendieron todos los presentes.<\/p>\n\n\n\n<p>Futa\u2026<\/p>\n\n\n\n<p>Salvo tu mejor opini\u00f3n lector, creo que ya va siendo hora de que los consejeros, delegados, l\u00edderes estatales y todos aquellos priistas que le deben la chamba a Alito, le den un golpe de partido y lo tumben de la dirigencia porque de lo contrario tambi\u00e9n se los va a llevar entre las patas.<\/p>\n\n\n\n<p>Si al tipo le preocupa que en el 2030 se pueda hundir el pa\u00eds, los tricolores deben estar con el alma en un hilo porque su l\u00edder sigue empecinado en desgraciar al partido al que tantos le deben tanto.<\/p>\n\n\n\n<p>Once gubernaturas perdidas en menos de cinco a\u00f1os m\u00e1s el descr\u00e9dito de casi todo un pa\u00eds, dejaron al PRI con la soga al cuello y los pies sobre el tablado del cadalso. Ya nom\u00e1s para que alguien llegue, le d\u00e9 un puntapi\u00e9 a la trabe y\u2026 \u00a1bruuuum!, al valle del silencio pol\u00edtico.<\/p>\n\n\n\n<p>Que Alito no se quiera dar cuenta porque m\u00e1s que para la silla representativa de su partido est\u00e1 para el div\u00e1n de un siquiatra, es bronca de \u00e9l. Pero que por miedo a perder sus canonj\u00edas, los priistas se obstinen en sostenerlo y lo peor, aplaudan y apoyen su abanderamiento como candidato a un imposible, les costar\u00e1 caro. M\u00e1s que el derrumbe del tricolor que ya sin nada que perder, los arrastrar\u00e1 a todos en su ca\u00edda.<\/p>\n\n\n\n<p>bernagup28@gmail.com<\/p>\n","protected":false},"excerpt":{"rendered":"<p>Bernardo Guti\u00e9rrez Parra Desde el Caf\u00e9Cuando a mediados de octubre el PAN anunci\u00f3 su refundaci\u00f3n con objeto de \u201cmodernizarse\u201d y \u201cabrirse a los ciudadanos\u201d pero sin colas, es decir sin el PRI, el primero (y \u00fanico) en respingar fue el dirigente del tricolor, Alejandro \u201cAlito\u201d Moreno, que dijo al periodista Ciro G\u00f3mez Leyva: \u201cNo entiendo [&hellip;]<\/p>\n","protected":false},"author":2,"featured_media":141479,"comment_status":"closed","ping_status":"closed","sticky":false,"template":"","format":"standard","meta":{"tdm_status":"","tdm_grid_status":"","footnotes":""},"categories":[70],"tags":[24359,251],"class_list":{"0":"post-159171","1":"post","2":"type-post","3":"status-publish","4":"format-standard","5":"has-post-thumbnail","7":"category-de-opinion","8":"tag-alito-moreno","9":"tag-pri"},"yoast_head":"<!-- This site is optimized with the Yoast SEO plugin v27.4 - https:\/\/yoast.com\/product\/yoast-seo-wordpress\/ -->\n<title>ALITO, CANDIDATO A UN IMPOSIBLE - Los pol\u00edticos Veracruz<\/title>\n<meta name=\"robots\" content=\"index, follow, max-snippet:-1, max-image-preview:large, max-video-preview:-1\" \/>\n<link rel=\"canonical\" href=\"https:\/\/lospoliticosveracruz.com\/?p=159171\" \/>\n<meta property=\"og:locale\" content=\"es_ES\" \/>\n<meta property=\"og:type\" content=\"article\" \/>\n<meta property=\"og:title\" content=\"ALITO, CANDIDATO A UN IMPOSIBLE - Los pol\u00edticos Veracruz\" \/>\n<meta property=\"og:description\" content=\"Bernardo Guti\u00e9rrez Parra Desde el Caf\u00e9Cuando a mediados de octubre el PAN anunci\u00f3 su refundaci\u00f3n con objeto de \u201cmodernizarse\u201d y \u201cabrirse a los ciudadanos\u201d pero sin colas, es decir sin el PRI, el primero (y \u00fanico) en respingar fue el dirigente del tricolor, Alejandro \u201cAlito\u201d Moreno, que dijo al periodista Ciro G\u00f3mez Leyva: \u201cNo entiendo [&hellip;]\" \/>\n<meta property=\"og:url\" content=\"https:\/\/lospoliticosveracruz.com\/?p=159171\" \/>\n<meta property=\"og:site_name\" content=\"Los pol\u00edticos Veracruz\" \/>\n<meta property=\"article:publisher\" content=\"https:\/\/www.facebook.com\/people\/Notimemes-de-los-Polticos\/61565672886568\/\" \/>\n<meta property=\"article:published_time\" content=\"2025-12-29T13:03:49+00:00\" \/>\n<meta property=\"article:modified_time\" content=\"2025-12-29T13:03:50+00:00\" \/>\n<meta property=\"og:image\" content=\"https:\/\/lospoliticosveracruz.com\/wp-content\/uploads\/2025\/04\/Bernardo-Gutierrez-Parra.jpg\" \/>\n\t<meta property=\"og:image:width\" content=\"1250\" \/>\n\t<meta property=\"og:image:height\" content=\"667\" \/>\n\t<meta property=\"og:image:type\" content=\"image\/jpeg\" \/>\n<meta name=\"author\" content=\"Lo viste en Los Pol\u00edticos\" \/>\n<meta name=\"twitter:card\" content=\"summary_large_image\" \/>\n<meta name=\"twitter:creator\" content=\"@LosPoliticosVer\" \/>\n<meta name=\"twitter:site\" content=\"@LosPoliticosVer\" \/>\n<meta name=\"twitter:label1\" content=\"Escrito por\" \/>\n\t<meta name=\"twitter:data1\" content=\"Lo viste en Los Pol\u00edticos\" \/>\n\t<meta name=\"twitter:label2\" content=\"Tiempo de lectura\" \/>\n\t<meta name=\"twitter:data2\" content=\"4 minutos\" \/>\n<script type=\"application\/ld+json\" class=\"yoast-schema-graph\">{\"@context\":\"https:\\\/\\\/schema.org\",\"@graph\":[{\"@type\":\"Article\",\"@id\":\"https:\\\/\\\/lospoliticosveracruz.com\\\/?p=159171#article\",\"isPartOf\":{\"@id\":\"https:\\\/\\\/lospoliticosveracruz.com\\\/?p=159171\"},\"author\":{\"name\":\"Lo viste en Los Pol\u00edticos\",\"@id\":\"https:\\\/\\\/lospoliticosveracruz.com\\\/#\\\/schema\\\/person\\\/b8702bb0e538456e6efd07080bf2a4a2\"},\"headline\":\"ALITO, CANDIDATO A UN IMPOSIBLE\",\"datePublished\":\"2025-12-29T13:03:49+00:00\",\"dateModified\":\"2025-12-29T13:03:50+00:00\",\"mainEntityOfPage\":{\"@id\":\"https:\\\/\\\/lospoliticosveracruz.com\\\/?p=159171\"},\"wordCount\":636,\"publisher\":{\"@id\":\"https:\\\/\\\/lospoliticosveracruz.com\\\/#organization\"},\"image\":{\"@id\":\"https:\\\/\\\/lospoliticosveracruz.com\\\/?p=159171#primaryimage\"},\"thumbnailUrl\":\"https:\\\/\\\/lospoliticosveracruz.com\\\/wp-content\\\/uploads\\\/2025\\\/04\\\/Bernardo-Gutierrez-Parra.jpg\",\"keywords\":[\"Alito Moreno\",\"PRI\"],\"articleSection\":[\"De Opini\u00f3n\"],\"inLanguage\":\"es\"},{\"@type\":\"WebPage\",\"@id\":\"https:\\\/\\\/lospoliticosveracruz.com\\\/?p=159171\",\"url\":\"https:\\\/\\\/lospoliticosveracruz.com\\\/?p=159171\",\"name\":\"ALITO, CANDIDATO A UN IMPOSIBLE - Los pol\u00edticos Veracruz\",\"isPartOf\":{\"@id\":\"https:\\\/\\\/lospoliticosveracruz.com\\\/#website\"},\"primaryImageOfPage\":{\"@id\":\"https:\\\/\\\/lospoliticosveracruz.com\\\/?p=159171#primaryimage\"},\"image\":{\"@id\":\"https:\\\/\\\/lospoliticosveracruz.com\\\/?p=159171#primaryimage\"},\"thumbnailUrl\":\"https:\\\/\\\/lospoliticosveracruz.com\\\/wp-content\\\/uploads\\\/2025\\\/04\\\/Bernardo-Gutierrez-Parra.jpg\",\"datePublished\":\"2025-12-29T13:03:49+00:00\",\"dateModified\":\"2025-12-29T13:03:50+00:00\",\"breadcrumb\":{\"@id\":\"https:\\\/\\\/lospoliticosveracruz.com\\\/?p=159171#breadcrumb\"},\"inLanguage\":\"es\",\"potentialAction\":[{\"@type\":\"ReadAction\",\"target\":[\"https:\\\/\\\/lospoliticosveracruz.com\\\/?p=159171\"]}]},{\"@type\":\"ImageObject\",\"inLanguage\":\"es\",\"@id\":\"https:\\\/\\\/lospoliticosveracruz.com\\\/?p=159171#primaryimage\",\"url\":\"https:\\\/\\\/lospoliticosveracruz.com\\\/wp-content\\\/uploads\\\/2025\\\/04\\\/Bernardo-Gutierrez-Parra.jpg\",\"contentUrl\":\"https:\\\/\\\/lospoliticosveracruz.com\\\/wp-content\\\/uploads\\\/2025\\\/04\\\/Bernardo-Gutierrez-Parra.jpg\",\"width\":1250,\"height\":667},{\"@type\":\"BreadcrumbList\",\"@id\":\"https:\\\/\\\/lospoliticosveracruz.com\\\/?p=159171#breadcrumb\",\"itemListElement\":[{\"@type\":\"ListItem\",\"position\":1,\"name\":\"Portada\",\"item\":\"https:\\\/\\\/lospoliticosveracruz.com\\\/\"},{\"@type\":\"ListItem\",\"position\":2,\"name\":\"ALITO, CANDIDATO A UN IMPOSIBLE\"}]},{\"@type\":\"WebSite\",\"@id\":\"https:\\\/\\\/lospoliticosveracruz.com\\\/#website\",\"url\":\"https:\\\/\\\/lospoliticosveracruz.com\\\/\",\"name\":\"Los pol\u00edticos Veracruz\",\"description\":\"\",\"publisher\":{\"@id\":\"https:\\\/\\\/lospoliticosveracruz.com\\\/#organization\"},\"potentialAction\":[{\"@type\":\"SearchAction\",\"target\":{\"@type\":\"EntryPoint\",\"urlTemplate\":\"https:\\\/\\\/lospoliticosveracruz.com\\\/?s={search_term_string}\"},\"query-input\":{\"@type\":\"PropertyValueSpecification\",\"valueRequired\":true,\"valueName\":\"search_term_string\"}}],\"inLanguage\":\"es\"},{\"@type\":\"Organization\",\"@id\":\"https:\\\/\\\/lospoliticosveracruz.com\\\/#organization\",\"name\":\"Los pol\u00edticos Veracruz\",\"url\":\"https:\\\/\\\/lospoliticosveracruz.com\\\/\",\"logo\":{\"@type\":\"ImageObject\",\"inLanguage\":\"es\",\"@id\":\"https:\\\/\\\/lospoliticosveracruz.com\\\/#\\\/schema\\\/logo\\\/image\\\/\",\"url\":\"https:\\\/\\\/lospoliticosveracruz.com\\\/wp-content\\\/uploads\\\/2025\\\/12\\\/Logo-Nuevo-LOS-POLITICOS-1.jpg\",\"contentUrl\":\"https:\\\/\\\/lospoliticosveracruz.com\\\/wp-content\\\/uploads\\\/2025\\\/12\\\/Logo-Nuevo-LOS-POLITICOS-1.jpg\",\"width\":260,\"height\":70,\"caption\":\"Los pol\u00edticos Veracruz\"},\"image\":{\"@id\":\"https:\\\/\\\/lospoliticosveracruz.com\\\/#\\\/schema\\\/logo\\\/image\\\/\"},\"sameAs\":[\"https:\\\/\\\/www.facebook.com\\\/people\\\/Notimemes-de-los-Polticos\\\/61565672886568\\\/\",\"https:\\\/\\\/x.com\\\/LosPoliticosVer\"]},{\"@type\":\"Person\",\"@id\":\"https:\\\/\\\/lospoliticosveracruz.com\\\/#\\\/schema\\\/person\\\/b8702bb0e538456e6efd07080bf2a4a2\",\"name\":\"Lo viste en Los Pol\u00edticos\",\"image\":{\"@type\":\"ImageObject\",\"inLanguage\":\"es\",\"@id\":\"https:\\\/\\\/secure.gravatar.com\\\/avatar\\\/3a8de04a2656d44082be478bd6c086daa447c4651605818287b9532d3d0bd435?s=96&d=mm&r=g\",\"url\":\"https:\\\/\\\/secure.gravatar.com\\\/avatar\\\/3a8de04a2656d44082be478bd6c086daa447c4651605818287b9532d3d0bd435?s=96&d=mm&r=g\",\"contentUrl\":\"https:\\\/\\\/secure.gravatar.com\\\/avatar\\\/3a8de04a2656d44082be478bd6c086daa447c4651605818287b9532d3d0bd435?s=96&d=mm&r=g\",\"caption\":\"Lo viste en Los Pol\u00edticos\"},\"url\":\"https:\\\/\\\/lospoliticosveracruz.com\\\/?author=2\"}]}<\/script>\n<!-- \/ Yoast SEO plugin. -->","yoast_head_json":{"title":"ALITO, CANDIDATO A UN IMPOSIBLE - Los pol\u00edticos Veracruz","robots":{"index":"index","follow":"follow","max-snippet":"max-snippet:-1","max-image-preview":"max-image-preview:large","max-video-preview":"max-video-preview:-1"},"canonical":"https:\/\/lospoliticosveracruz.com\/?p=159171","og_locale":"es_ES","og_type":"article","og_title":"ALITO, CANDIDATO A UN IMPOSIBLE - Los pol\u00edticos Veracruz","og_description":"Bernardo Guti\u00e9rrez Parra Desde el Caf\u00e9Cuando a mediados de octubre el PAN anunci\u00f3 su refundaci\u00f3n con objeto de \u201cmodernizarse\u201d y \u201cabrirse a los ciudadanos\u201d pero sin colas, es decir sin el PRI, el primero (y \u00fanico) en respingar fue el dirigente del tricolor, Alejandro \u201cAlito\u201d Moreno, que dijo al periodista Ciro G\u00f3mez Leyva: \u201cNo entiendo [&hellip;]","og_url":"https:\/\/lospoliticosveracruz.com\/?p=159171","og_site_name":"Los pol\u00edticos Veracruz","article_publisher":"https:\/\/www.facebook.com\/people\/Notimemes-de-los-Polticos\/61565672886568\/","article_published_time":"2025-12-29T13:03:49+00:00","article_modified_time":"2025-12-29T13:03:50+00:00","og_image":[{"width":1250,"height":667,"url":"https:\/\/lospoliticosveracruz.com\/wp-content\/uploads\/2025\/04\/Bernardo-Gutierrez-Parra.jpg","type":"image\/jpeg"}],"author":"Lo viste en Los Pol\u00edticos","twitter_card":"summary_large_image","twitter_creator":"@LosPoliticosVer","twitter_site":"@LosPoliticosVer","twitter_misc":{"Escrito por":"Lo viste en Los Pol\u00edticos","Tiempo de lectura":"4 minutos"},"schema":{"@context":"https:\/\/schema.org","@graph":[{"@type":"Article","@id":"https:\/\/lospoliticosveracruz.com\/?p=159171#article","isPartOf":{"@id":"https:\/\/lospoliticosveracruz.com\/?p=159171"},"author":{"name":"Lo viste en Los Pol\u00edticos","@id":"https:\/\/lospoliticosveracruz.com\/#\/schema\/person\/b8702bb0e538456e6efd07080bf2a4a2"},"headline":"ALITO, CANDIDATO A UN IMPOSIBLE","datePublished":"2025-12-29T13:03:49+00:00","dateModified":"2025-12-29T13:03:50+00:00","mainEntityOfPage":{"@id":"https:\/\/lospoliticosveracruz.com\/?p=159171"},"wordCount":636,"publisher":{"@id":"https:\/\/lospoliticosveracruz.com\/#organization"},"image":{"@id":"https:\/\/lospoliticosveracruz.com\/?p=159171#primaryimage"},"thumbnailUrl":"https:\/\/lospoliticosveracruz.com\/wp-content\/uploads\/2025\/04\/Bernardo-Gutierrez-Parra.jpg","keywords":["Alito Moreno","PRI"],"articleSection":["De Opini\u00f3n"],"inLanguage":"es"},{"@type":"WebPage","@id":"https:\/\/lospoliticosveracruz.com\/?p=159171","url":"https:\/\/lospoliticosveracruz.com\/?p=159171","name":"ALITO, CANDIDATO A UN IMPOSIBLE - Los pol\u00edticos Veracruz","isPartOf":{"@id":"https:\/\/lospoliticosveracruz.com\/#website"},"primaryImageOfPage":{"@id":"https:\/\/lospoliticosveracruz.com\/?p=159171#primaryimage"},"image":{"@id":"https:\/\/lospoliticosveracruz.com\/?p=159171#primaryimage"},"thumbnailUrl":"https:\/\/lospoliticosveracruz.com\/wp-content\/uploads\/2025\/04\/Bernardo-Gutierrez-Parra.jpg","datePublished":"2025-12-29T13:03:49+00:00","dateModified":"2025-12-29T13:03:50+00:00","breadcrumb":{"@id":"https:\/\/lospoliticosveracruz.com\/?p=159171#breadcrumb"},"inLanguage":"es","potentialAction":[{"@type":"ReadAction","target":["https:\/\/lospoliticosveracruz.com\/?p=159171"]}]},{"@type":"ImageObject","inLanguage":"es","@id":"https:\/\/lospoliticosveracruz.com\/?p=159171#primaryimage","url":"https:\/\/lospoliticosveracruz.com\/wp-content\/uploads\/2025\/04\/Bernardo-Gutierrez-Parra.jpg","contentUrl":"https:\/\/lospoliticosveracruz.com\/wp-content\/uploads\/2025\/04\/Bernardo-Gutierrez-Parra.jpg","width":1250,"height":667},{"@type":"BreadcrumbList","@id":"https:\/\/lospoliticosveracruz.com\/?p=159171#breadcrumb","itemListElement":[{"@type":"ListItem","position":1,"name":"Portada","item":"https:\/\/lospoliticosveracruz.com\/"},{"@type":"ListItem","position":2,"name":"ALITO, CANDIDATO A UN IMPOSIBLE"}]},{"@type":"WebSite","@id":"https:\/\/lospoliticosveracruz.com\/#website","url":"https:\/\/lospoliticosveracruz.com\/","name":"Los pol\u00edticos Veracruz","description":"","publisher":{"@id":"https:\/\/lospoliticosveracruz.com\/#organization"},"potentialAction":[{"@type":"SearchAction","target":{"@type":"EntryPoint","urlTemplate":"https:\/\/lospoliticosveracruz.com\/?s={search_term_string}"},"query-input":{"@type":"PropertyValueSpecification","valueRequired":true,"valueName":"search_term_string"}}],"inLanguage":"es"},{"@type":"Organization","@id":"https:\/\/lospoliticosveracruz.com\/#organization","name":"Los pol\u00edticos Veracruz","url":"https:\/\/lospoliticosveracruz.com\/","logo":{"@type":"ImageObject","inLanguage":"es","@id":"https:\/\/lospoliticosveracruz.com\/#\/schema\/logo\/image\/","url":"https:\/\/lospoliticosveracruz.com\/wp-content\/uploads\/2025\/12\/Logo-Nuevo-LOS-POLITICOS-1.jpg","contentUrl":"https:\/\/lospoliticosveracruz.com\/wp-content\/uploads\/2025\/12\/Logo-Nuevo-LOS-POLITICOS-1.jpg","width":260,"height":70,"caption":"Los pol\u00edticos Veracruz"},"image":{"@id":"https:\/\/lospoliticosveracruz.com\/#\/schema\/logo\/image\/"},"sameAs":["https:\/\/www.facebook.com\/people\/Notimemes-de-los-Polticos\/61565672886568\/","https:\/\/x.com\/LosPoliticosVer"]},{"@type":"Person","@id":"https:\/\/lospoliticosveracruz.com\/#\/schema\/person\/b8702bb0e538456e6efd07080bf2a4a2","name":"Lo viste en Los Pol\u00edticos","image":{"@type":"ImageObject","inLanguage":"es","@id":"https:\/\/secure.gravatar.com\/avatar\/3a8de04a2656d44082be478bd6c086daa447c4651605818287b9532d3d0bd435?s=96&d=mm&r=g","url":"https:\/\/secure.gravatar.com\/avatar\/3a8de04a2656d44082be478bd6c086daa447c4651605818287b9532d3d0bd435?s=96&d=mm&r=g","contentUrl":"https:\/\/secure.gravatar.com\/avatar\/3a8de04a2656d44082be478bd6c086daa447c4651605818287b9532d3d0bd435?s=96&d=mm&r=g","caption":"Lo viste en Los Pol\u00edticos"},"url":"https:\/\/lospoliticosveracruz.com\/?author=2"}]}},"_links":{"self":[{"href":"https:\/\/lospoliticosveracruz.com\/index.php?rest_route=\/wp\/v2\/posts\/159171","targetHints":{"allow":["GET"]}}],"collection":[{"href":"https:\/\/lospoliticosveracruz.com\/index.php?rest_route=\/wp\/v2\/posts"}],"about":[{"href":"https:\/\/lospoliticosveracruz.com\/index.php?rest_route=\/wp\/v2\/types\/post"}],"author":[{"embeddable":true,"href":"https:\/\/lospoliticosveracruz.com\/index.php?rest_route=\/wp\/v2\/users\/2"}],"replies":[{"embeddable":true,"href":"https:\/\/lospoliticosveracruz.com\/index.php?rest_route=%2Fwp%2Fv2%2Fcomments&post=159171"}],"version-history":[{"count":1,"href":"https:\/\/lospoliticosveracruz.com\/index.php?rest_route=\/wp\/v2\/posts\/159171\/revisions"}],"predecessor-version":[{"id":159172,"href":"https:\/\/lospoliticosveracruz.com\/index.php?rest_route=\/wp\/v2\/posts\/159171\/revisions\/159172"}],"wp:featuredmedia":[{"embeddable":true,"href":"https:\/\/lospoliticosveracruz.com\/index.php?rest_route=\/wp\/v2\/media\/141479"}],"wp:attachment":[{"href":"https:\/\/lospoliticosveracruz.com\/index.php?rest_route=%2Fwp%2Fv2%2Fmedia&parent=159171"}],"wp:term":[{"taxonomy":"category","embeddable":true,"href":"https:\/\/lospoliticosveracruz.com\/index.php?rest_route=%2Fwp%2Fv2%2Fcategories&post=159171"},{"taxonomy":"post_tag","embeddable":true,"href":"https:\/\/lospoliticosveracruz.com\/index.php?rest_route=%2Fwp%2Fv2%2Ftags&post=159171"}],"curies":[{"name":"wp","href":"https:\/\/api.w.org\/{rel}","templated":true}]}}