{"id":159173,"date":"2025-12-29T07:08:50","date_gmt":"2025-12-29T13:08:50","guid":{"rendered":"https:\/\/lospoliticosveracruz.com\/?p=159173"},"modified":"2025-12-29T07:08:52","modified_gmt":"2025-12-29T13:08:52","slug":"se-acaba-el-ano-y-veracruz-no-levanta","status":"publish","type":"post","link":"https:\/\/lospoliticosveracruz.com\/?p=159173","title":{"rendered":"SE ACABA EL A\u00d1O Y VERACRUZ NO LEVANTA"},"content":{"rendered":"\n<p><strong>Fanny Y\u00e9pez<\/strong><br><em>La Columna<\/em><\/p>\n\n\n\n<p>El primer a\u00f1o de gesti\u00f3n de Roc\u00edo Nahle en Veracruz, se ha visto marcado por tensiones sociales, crisis de seguridad y conflictos internos. Varios organismos y grupos pol\u00edticos han mostrado su intenci\u00f3n de colaborar para destrabar la problem\u00e1tica que mantiene atorado el avance de la entidad, asegurando que, si le va bien a la Gobernadora, le va ir mucho mejor al pueblo veracruzano, pero parece que nadie escucha este clamor.<\/p>\n\n\n\n\n\n<p><br>Las propuestas que han hecho los propios funcionarios del gabinete han sido desechadas, y las crisis en el gobierno han sido recurrentes en distintos renglones de la administraci\u00f3n.<br>No acaban de salir de un problema, cuando ya est\u00e1n metidos en otro, situaciones que se podr\u00edan prever, no han sido consideradas por nadie y todo parece indicar que muchos est\u00e1n atados de manos y sin iniciativas, porque de inmediato son desechadas.<br>Veracruz debiera estar de moda, pero con obras y acciones positivas, con altos niveles de inversi\u00f3n, con la generaci\u00f3n de empleos bien remunerados, con las mejores v\u00edas de comunicaci\u00f3n y con la alegr\u00eda de sus empleados y no esas caras de tristeza que vimos en los \u00faltimos d\u00edas porque les han tomado el pelo con los famosos vales de las tiendas Chedraui.<br>A continuaci\u00f3n, se resumen los 12 puntos clave de crisis reportados:<br>Crisis de Seguridad y Justicia<br>Aumento de la violencia criminal, a pesar del discurso oficial, se han registrado picos de violencia como el asesinato de 10 personas en un lapso de 48 horas en diciembre.<br>Sin embargo, las estad\u00edsticas marcan que, el \u00edndice de criminalidad en Veracruz durante 2025 muestra una disminuci\u00f3n general en delitos de alto impacto, como homicidios (reportando su semestre m\u00e1s seguro en una d\u00e9cada en el primer semestre), pero la percepci\u00f3n ciudadana de inseguridad sigue alta, especialmente en Xalapa y Coatzacoalcos, con repuntes en delitos espec\u00edficos como extorsi\u00f3n y violencia pol\u00edtica, aunque las cifras oficiales de enero a junio reportan una baja general del 14.97% comparado con 2024.<br>Homicidios Dolosos:<br>Veracruz se ubic\u00f3 entre los estados con reducci\u00f3n, disminuyendo el promedio diario en un 3.5% y reportando su menor tasa de homicidios en una d\u00e9cada al cierre del primer semestre, seg\u00fan el [[Link: gobierno estatal Veracruz, entre los tres mejores con pr\u00e1cticas en h\u00e1bitos saludables: SEV logra su semestre m\u00e1s seguro en una d\u00e9cada gobierno del estado y el [[Link: INEGI www.oem.com.mx]].<\/p>\n\n\n\n<p>Crisis de feminicidios y desapariciones:<\/p>\n\n\n\n<p>Organizaciones civiles reportan un agravamiento en la violencia contra las mujeres, con un aumento en muertas y desaparecidas durante el primer a\u00f1o.<br>Hasta noviembre de 2025, el estado de Veracruz registr\u00f3 67 feminicidios, seg\u00fan datos del Observatorio Universitario de Violencias Contra las Mujeres de la Universidad Veracruzana (OUVMujeres-UV).<br>Este n\u00famero representa un aumento de siete casos en comparaci\u00f3n con el mismo periodo de 2023.<br>Contradicciones en casos de alto perfil, la gobernadora fue criticada por atribuir inicialmente a causas naturales la muerte de la maestra Irma (quien fue torturada y asesinada), contradiciendo los hallazgos de la Fiscal\u00eda.<br>Solicitud de auxilio federal: Ante la inseguridad en 10 municipios cr\u00edticos, Nahle solicit\u00f3 intervenci\u00f3n directa a la Secretar\u00eda de Seguridad federal.<br>Crisis Administrativa y Social<br>Rebeli\u00f3n del sector salud:<\/p>\n\n\n\n<p>Trabajadores de salud protestaron masivamente en todo el estado debido al intento de pagar bonos de fin de a\u00f1o con vales en lugar de efectivo.<br>Desatenci\u00f3n por desastres naturales:<br>Se denunci\u00f3 negligencia y tardanza en el apoyo a comunidades afectadas por lluvias intensas en octubre, as\u00ed como la ausencia de la mandataria en zonas siniestradas.<br>Falta de seguro contra desastres: La gobernadora confirm\u00f3 que su administraci\u00f3n no renov\u00f3 el seguro contra desastres naturales, dejando al estado sin esta protecci\u00f3n financiera.<br>Rezago educativo y salarial:<br>Se reportan deudas y falta de pagos a maestros de la Universidad Popular Aut\u00f3noma de Veracruz (UPAV) y de institutos tecnol\u00f3gicos.<br>Crisis Pol\u00edtica y de Imagen:<br>Conflicto con la prensa: Se se\u00f1ala un trato hostil y confrontativo hacia periodistas que cuestionan su administraci\u00f3n. Situaci\u00f3n que se agrav\u00f3 con la detenci\u00f3n del periodista de Coatzacoalcos, Rafael Le\u00f3n Segovia, este tema rebas\u00f3 las fronteras del estado de Veracruz, fue retomado por la mayor\u00eda de los medios nacionales y hasta periodistas y analistas internacionales retomaron la cuesti\u00f3n.<br>Este tema ha arrojado en costo pol\u00edtico para el gobierno morenista, aspecto que puede arrojar negativos resultados para la 4t en las elecciones intermedias del 2027.<br>Ruptura interna en Morena:<br>Nahle protagoniz\u00f3 un enfrentamiento p\u00fablico con el senador Manuel Huerta Ladr\u00f3n de Guevara, a ra\u00edz de la crisis de los vales de salud.<br>Subejercicios presupuestales:<br>Durante su comparecencia ante el Congreso, diputados denunciaron subejercicios en \u00e1reas cr\u00edticas como salud y educaci\u00f3n.<br>Crisis ganadera por plagas:<\/p>\n\n\n\n<p>En mayo de 2025, el estado enfrent\u00f3 una crisis por el gusano barrenador que paraliz\u00f3 las exportaciones de ganado bovino a Estados Unidos.<\/p>\n\n\n\n<p>Tenemos la confianza de que para el pr\u00f3ximo a\u00f1o el Estado de Veracruz podr\u00eda repuntar en muchos sectores, solo es cuesti\u00f3n de voluntad pol\u00edtica que se ha visto ausente desde hace muchos meses.<\/p>\n","protected":false},"excerpt":{"rendered":"<p>Fanny Y\u00e9pezLa Columna El primer a\u00f1o de gesti\u00f3n de Roc\u00edo Nahle en Veracruz, se ha visto marcado por tensiones sociales, crisis de seguridad y conflictos internos. Varios organismos y grupos pol\u00edticos han mostrado su intenci\u00f3n de colaborar para destrabar la problem\u00e1tica que mantiene atorado el avance de la entidad, asegurando que, si le va bien [&hellip;]<\/p>\n","protected":false},"author":2,"featured_media":141383,"comment_status":"closed","ping_status":"closed","sticky":false,"template":"","format":"standard","meta":{"tdm_status":"","tdm_grid_status":"","footnotes":""},"categories":[70],"tags":[826,43868,196,1026,3578,90,195],"class_list":{"0":"post-159173","1":"post","2":"type-post","3":"status-publish","4":"format-standard","5":"has-post-thumbnail","7":"category-de-opinion","8":"tag-feminicidios","9":"tag-gusano-barrenador","10":"tag-inseguridad","11":"tag-morena","12":"tag-rocio-nahle","13":"tag-salud","14":"tag-veracruz"},"yoast_head":"<!-- This site is optimized with the Yoast SEO plugin v27.4 - https:\/\/yoast.com\/product\/yoast-seo-wordpress\/ -->\n<title>SE ACABA EL A\u00d1O Y VERACRUZ NO LEVANTA - Los pol\u00edticos Veracruz<\/title>\n<meta name=\"robots\" content=\"index, follow, max-snippet:-1, max-image-preview:large, max-video-preview:-1\" \/>\n<link rel=\"canonical\" href=\"https:\/\/lospoliticosveracruz.com\/?p=159173\" \/>\n<meta property=\"og:locale\" content=\"es_ES\" \/>\n<meta property=\"og:type\" content=\"article\" \/>\n<meta property=\"og:title\" content=\"SE ACABA EL A\u00d1O Y VERACRUZ NO LEVANTA - Los pol\u00edticos Veracruz\" \/>\n<meta property=\"og:description\" content=\"Fanny Y\u00e9pezLa Columna El primer a\u00f1o de gesti\u00f3n de Roc\u00edo Nahle en Veracruz, se ha visto marcado por tensiones sociales, crisis de seguridad y conflictos internos. Varios organismos y grupos pol\u00edticos han mostrado su intenci\u00f3n de colaborar para destrabar la problem\u00e1tica que mantiene atorado el avance de la entidad, asegurando que, si le va bien [&hellip;]\" \/>\n<meta property=\"og:url\" content=\"https:\/\/lospoliticosveracruz.com\/?p=159173\" \/>\n<meta property=\"og:site_name\" content=\"Los pol\u00edticos Veracruz\" \/>\n<meta property=\"article:publisher\" content=\"https:\/\/www.facebook.com\/people\/Notimemes-de-los-Polticos\/61565672886568\/\" \/>\n<meta property=\"article:published_time\" content=\"2025-12-29T13:08:50+00:00\" \/>\n<meta property=\"article:modified_time\" content=\"2025-12-29T13:08:52+00:00\" \/>\n<meta property=\"og:image\" content=\"https:\/\/lospoliticosveracruz.com\/wp-content\/uploads\/2025\/04\/Fanny-Yepez-Luna.jpg\" \/>\n\t<meta property=\"og:image:width\" content=\"1250\" \/>\n\t<meta property=\"og:image:height\" content=\"667\" \/>\n\t<meta property=\"og:image:type\" content=\"image\/jpeg\" \/>\n<meta name=\"author\" content=\"Lo viste en Los Pol\u00edticos\" \/>\n<meta name=\"twitter:card\" content=\"summary_large_image\" \/>\n<meta name=\"twitter:creator\" content=\"@LosPoliticosVer\" \/>\n<meta name=\"twitter:site\" content=\"@LosPoliticosVer\" \/>\n<meta name=\"twitter:label1\" content=\"Escrito por\" \/>\n\t<meta name=\"twitter:data1\" content=\"Lo viste en Los Pol\u00edticos\" \/>\n\t<meta name=\"twitter:label2\" content=\"Tiempo de lectura\" \/>\n\t<meta name=\"twitter:data2\" content=\"5 minutos\" \/>\n<script type=\"application\/ld+json\" class=\"yoast-schema-graph\">{\"@context\":\"https:\\\/\\\/schema.org\",\"@graph\":[{\"@type\":\"Article\",\"@id\":\"https:\\\/\\\/lospoliticosveracruz.com\\\/?p=159173#article\",\"isPartOf\":{\"@id\":\"https:\\\/\\\/lospoliticosveracruz.com\\\/?p=159173\"},\"author\":{\"name\":\"Lo viste en Los Pol\u00edticos\",\"@id\":\"https:\\\/\\\/lospoliticosveracruz.com\\\/#\\\/schema\\\/person\\\/b8702bb0e538456e6efd07080bf2a4a2\"},\"headline\":\"SE ACABA EL A\u00d1O Y VERACRUZ NO LEVANTA\",\"datePublished\":\"2025-12-29T13:08:50+00:00\",\"dateModified\":\"2025-12-29T13:08:52+00:00\",\"mainEntityOfPage\":{\"@id\":\"https:\\\/\\\/lospoliticosveracruz.com\\\/?p=159173\"},\"wordCount\":887,\"publisher\":{\"@id\":\"https:\\\/\\\/lospoliticosveracruz.com\\\/#organization\"},\"image\":{\"@id\":\"https:\\\/\\\/lospoliticosveracruz.com\\\/?p=159173#primaryimage\"},\"thumbnailUrl\":\"https:\\\/\\\/lospoliticosveracruz.com\\\/wp-content\\\/uploads\\\/2025\\\/04\\\/Fanny-Yepez-Luna-e1768657334923.jpg\",\"keywords\":[\"feminicidios\",\"gusano barrenador\",\"inseguridad\",\"Morena\",\"Roc\u00edo Nahle\",\"Salud\",\"Veracruz\"],\"articleSection\":[\"De Opini\u00f3n\"],\"inLanguage\":\"es\"},{\"@type\":\"WebPage\",\"@id\":\"https:\\\/\\\/lospoliticosveracruz.com\\\/?p=159173\",\"url\":\"https:\\\/\\\/lospoliticosveracruz.com\\\/?p=159173\",\"name\":\"SE ACABA EL A\u00d1O Y VERACRUZ NO LEVANTA - Los pol\u00edticos Veracruz\",\"isPartOf\":{\"@id\":\"https:\\\/\\\/lospoliticosveracruz.com\\\/#website\"},\"primaryImageOfPage\":{\"@id\":\"https:\\\/\\\/lospoliticosveracruz.com\\\/?p=159173#primaryimage\"},\"image\":{\"@id\":\"https:\\\/\\\/lospoliticosveracruz.com\\\/?p=159173#primaryimage\"},\"thumbnailUrl\":\"https:\\\/\\\/lospoliticosveracruz.com\\\/wp-content\\\/uploads\\\/2025\\\/04\\\/Fanny-Yepez-Luna-e1768657334923.jpg\",\"datePublished\":\"2025-12-29T13:08:50+00:00\",\"dateModified\":\"2025-12-29T13:08:52+00:00\",\"breadcrumb\":{\"@id\":\"https:\\\/\\\/lospoliticosveracruz.com\\\/?p=159173#breadcrumb\"},\"inLanguage\":\"es\",\"potentialAction\":[{\"@type\":\"ReadAction\",\"target\":[\"https:\\\/\\\/lospoliticosveracruz.com\\\/?p=159173\"]}]},{\"@type\":\"ImageObject\",\"inLanguage\":\"es\",\"@id\":\"https:\\\/\\\/lospoliticosveracruz.com\\\/?p=159173#primaryimage\",\"url\":\"https:\\\/\\\/lospoliticosveracruz.com\\\/wp-content\\\/uploads\\\/2025\\\/04\\\/Fanny-Yepez-Luna-e1768657334923.jpg\",\"contentUrl\":\"https:\\\/\\\/lospoliticosveracruz.com\\\/wp-content\\\/uploads\\\/2025\\\/04\\\/Fanny-Yepez-Luna-e1768657334923.jpg\",\"width\":600,\"height\":320},{\"@type\":\"BreadcrumbList\",\"@id\":\"https:\\\/\\\/lospoliticosveracruz.com\\\/?p=159173#breadcrumb\",\"itemListElement\":[{\"@type\":\"ListItem\",\"position\":1,\"name\":\"Portada\",\"item\":\"https:\\\/\\\/lospoliticosveracruz.com\\\/\"},{\"@type\":\"ListItem\",\"position\":2,\"name\":\"SE ACABA EL A\u00d1O Y VERACRUZ NO LEVANTA\"}]},{\"@type\":\"WebSite\",\"@id\":\"https:\\\/\\\/lospoliticosveracruz.com\\\/#website\",\"url\":\"https:\\\/\\\/lospoliticosveracruz.com\\\/\",\"name\":\"Los pol\u00edticos Veracruz\",\"description\":\"\",\"publisher\":{\"@id\":\"https:\\\/\\\/lospoliticosveracruz.com\\\/#organization\"},\"potentialAction\":[{\"@type\":\"SearchAction\",\"target\":{\"@type\":\"EntryPoint\",\"urlTemplate\":\"https:\\\/\\\/lospoliticosveracruz.com\\\/?s={search_term_string}\"},\"query-input\":{\"@type\":\"PropertyValueSpecification\",\"valueRequired\":true,\"valueName\":\"search_term_string\"}}],\"inLanguage\":\"es\"},{\"@type\":\"Organization\",\"@id\":\"https:\\\/\\\/lospoliticosveracruz.com\\\/#organization\",\"name\":\"Los pol\u00edticos Veracruz\",\"url\":\"https:\\\/\\\/lospoliticosveracruz.com\\\/\",\"logo\":{\"@type\":\"ImageObject\",\"inLanguage\":\"es\",\"@id\":\"https:\\\/\\\/lospoliticosveracruz.com\\\/#\\\/schema\\\/logo\\\/image\\\/\",\"url\":\"https:\\\/\\\/lospoliticosveracruz.com\\\/wp-content\\\/uploads\\\/2025\\\/12\\\/Logo-Nuevo-LOS-POLITICOS-1.jpg\",\"contentUrl\":\"https:\\\/\\\/lospoliticosveracruz.com\\\/wp-content\\\/uploads\\\/2025\\\/12\\\/Logo-Nuevo-LOS-POLITICOS-1.jpg\",\"width\":260,\"height\":70,\"caption\":\"Los pol\u00edticos Veracruz\"},\"image\":{\"@id\":\"https:\\\/\\\/lospoliticosveracruz.com\\\/#\\\/schema\\\/logo\\\/image\\\/\"},\"sameAs\":[\"https:\\\/\\\/www.facebook.com\\\/people\\\/Notimemes-de-los-Polticos\\\/61565672886568\\\/\",\"https:\\\/\\\/x.com\\\/LosPoliticosVer\"]},{\"@type\":\"Person\",\"@id\":\"https:\\\/\\\/lospoliticosveracruz.com\\\/#\\\/schema\\\/person\\\/b8702bb0e538456e6efd07080bf2a4a2\",\"name\":\"Lo viste en Los Pol\u00edticos\",\"image\":{\"@type\":\"ImageObject\",\"inLanguage\":\"es\",\"@id\":\"https:\\\/\\\/secure.gravatar.com\\\/avatar\\\/3a8de04a2656d44082be478bd6c086daa447c4651605818287b9532d3d0bd435?s=96&d=mm&r=g\",\"url\":\"https:\\\/\\\/secure.gravatar.com\\\/avatar\\\/3a8de04a2656d44082be478bd6c086daa447c4651605818287b9532d3d0bd435?s=96&d=mm&r=g\",\"contentUrl\":\"https:\\\/\\\/secure.gravatar.com\\\/avatar\\\/3a8de04a2656d44082be478bd6c086daa447c4651605818287b9532d3d0bd435?s=96&d=mm&r=g\",\"caption\":\"Lo viste en Los Pol\u00edticos\"},\"url\":\"https:\\\/\\\/lospoliticosveracruz.com\\\/?author=2\"}]}<\/script>\n<!-- \/ Yoast SEO plugin. -->","yoast_head_json":{"title":"SE ACABA EL A\u00d1O Y VERACRUZ NO LEVANTA - Los pol\u00edticos Veracruz","robots":{"index":"index","follow":"follow","max-snippet":"max-snippet:-1","max-image-preview":"max-image-preview:large","max-video-preview":"max-video-preview:-1"},"canonical":"https:\/\/lospoliticosveracruz.com\/?p=159173","og_locale":"es_ES","og_type":"article","og_title":"SE ACABA EL A\u00d1O Y VERACRUZ NO LEVANTA - Los pol\u00edticos Veracruz","og_description":"Fanny Y\u00e9pezLa Columna El primer a\u00f1o de gesti\u00f3n de Roc\u00edo Nahle en Veracruz, se ha visto marcado por tensiones sociales, crisis de seguridad y conflictos internos. Varios organismos y grupos pol\u00edticos han mostrado su intenci\u00f3n de colaborar para destrabar la problem\u00e1tica que mantiene atorado el avance de la entidad, asegurando que, si le va bien [&hellip;]","og_url":"https:\/\/lospoliticosveracruz.com\/?p=159173","og_site_name":"Los pol\u00edticos Veracruz","article_publisher":"https:\/\/www.facebook.com\/people\/Notimemes-de-los-Polticos\/61565672886568\/","article_published_time":"2025-12-29T13:08:50+00:00","article_modified_time":"2025-12-29T13:08:52+00:00","og_image":[{"width":1250,"height":667,"url":"https:\/\/lospoliticosveracruz.com\/wp-content\/uploads\/2025\/04\/Fanny-Yepez-Luna.jpg","type":"image\/jpeg"}],"author":"Lo viste en Los Pol\u00edticos","twitter_card":"summary_large_image","twitter_creator":"@LosPoliticosVer","twitter_site":"@LosPoliticosVer","twitter_misc":{"Escrito por":"Lo viste en Los Pol\u00edticos","Tiempo de lectura":"5 minutos"},"schema":{"@context":"https:\/\/schema.org","@graph":[{"@type":"Article","@id":"https:\/\/lospoliticosveracruz.com\/?p=159173#article","isPartOf":{"@id":"https:\/\/lospoliticosveracruz.com\/?p=159173"},"author":{"name":"Lo viste en Los Pol\u00edticos","@id":"https:\/\/lospoliticosveracruz.com\/#\/schema\/person\/b8702bb0e538456e6efd07080bf2a4a2"},"headline":"SE ACABA EL A\u00d1O Y VERACRUZ NO LEVANTA","datePublished":"2025-12-29T13:08:50+00:00","dateModified":"2025-12-29T13:08:52+00:00","mainEntityOfPage":{"@id":"https:\/\/lospoliticosveracruz.com\/?p=159173"},"wordCount":887,"publisher":{"@id":"https:\/\/lospoliticosveracruz.com\/#organization"},"image":{"@id":"https:\/\/lospoliticosveracruz.com\/?p=159173#primaryimage"},"thumbnailUrl":"https:\/\/lospoliticosveracruz.com\/wp-content\/uploads\/2025\/04\/Fanny-Yepez-Luna-e1768657334923.jpg","keywords":["feminicidios","gusano barrenador","inseguridad","Morena","Roc\u00edo Nahle","Salud","Veracruz"],"articleSection":["De Opini\u00f3n"],"inLanguage":"es"},{"@type":"WebPage","@id":"https:\/\/lospoliticosveracruz.com\/?p=159173","url":"https:\/\/lospoliticosveracruz.com\/?p=159173","name":"SE ACABA EL A\u00d1O Y VERACRUZ NO LEVANTA - Los pol\u00edticos Veracruz","isPartOf":{"@id":"https:\/\/lospoliticosveracruz.com\/#website"},"primaryImageOfPage":{"@id":"https:\/\/lospoliticosveracruz.com\/?p=159173#primaryimage"},"image":{"@id":"https:\/\/lospoliticosveracruz.com\/?p=159173#primaryimage"},"thumbnailUrl":"https:\/\/lospoliticosveracruz.com\/wp-content\/uploads\/2025\/04\/Fanny-Yepez-Luna-e1768657334923.jpg","datePublished":"2025-12-29T13:08:50+00:00","dateModified":"2025-12-29T13:08:52+00:00","breadcrumb":{"@id":"https:\/\/lospoliticosveracruz.com\/?p=159173#breadcrumb"},"inLanguage":"es","potentialAction":[{"@type":"ReadAction","target":["https:\/\/lospoliticosveracruz.com\/?p=159173"]}]},{"@type":"ImageObject","inLanguage":"es","@id":"https:\/\/lospoliticosveracruz.com\/?p=159173#primaryimage","url":"https:\/\/lospoliticosveracruz.com\/wp-content\/uploads\/2025\/04\/Fanny-Yepez-Luna-e1768657334923.jpg","contentUrl":"https:\/\/lospoliticosveracruz.com\/wp-content\/uploads\/2025\/04\/Fanny-Yepez-Luna-e1768657334923.jpg","width":600,"height":320},{"@type":"BreadcrumbList","@id":"https:\/\/lospoliticosveracruz.com\/?p=159173#breadcrumb","itemListElement":[{"@type":"ListItem","position":1,"name":"Portada","item":"https:\/\/lospoliticosveracruz.com\/"},{"@type":"ListItem","position":2,"name":"SE ACABA EL A\u00d1O Y VERACRUZ NO LEVANTA"}]},{"@type":"WebSite","@id":"https:\/\/lospoliticosveracruz.com\/#website","url":"https:\/\/lospoliticosveracruz.com\/","name":"Los pol\u00edticos Veracruz","description":"","publisher":{"@id":"https:\/\/lospoliticosveracruz.com\/#organization"},"potentialAction":[{"@type":"SearchAction","target":{"@type":"EntryPoint","urlTemplate":"https:\/\/lospoliticosveracruz.com\/?s={search_term_string}"},"query-input":{"@type":"PropertyValueSpecification","valueRequired":true,"valueName":"search_term_string"}}],"inLanguage":"es"},{"@type":"Organization","@id":"https:\/\/lospoliticosveracruz.com\/#organization","name":"Los pol\u00edticos Veracruz","url":"https:\/\/lospoliticosveracruz.com\/","logo":{"@type":"ImageObject","inLanguage":"es","@id":"https:\/\/lospoliticosveracruz.com\/#\/schema\/logo\/image\/","url":"https:\/\/lospoliticosveracruz.com\/wp-content\/uploads\/2025\/12\/Logo-Nuevo-LOS-POLITICOS-1.jpg","contentUrl":"https:\/\/lospoliticosveracruz.com\/wp-content\/uploads\/2025\/12\/Logo-Nuevo-LOS-POLITICOS-1.jpg","width":260,"height":70,"caption":"Los pol\u00edticos Veracruz"},"image":{"@id":"https:\/\/lospoliticosveracruz.com\/#\/schema\/logo\/image\/"},"sameAs":["https:\/\/www.facebook.com\/people\/Notimemes-de-los-Polticos\/61565672886568\/","https:\/\/x.com\/LosPoliticosVer"]},{"@type":"Person","@id":"https:\/\/lospoliticosveracruz.com\/#\/schema\/person\/b8702bb0e538456e6efd07080bf2a4a2","name":"Lo viste en Los Pol\u00edticos","image":{"@type":"ImageObject","inLanguage":"es","@id":"https:\/\/secure.gravatar.com\/avatar\/3a8de04a2656d44082be478bd6c086daa447c4651605818287b9532d3d0bd435?s=96&d=mm&r=g","url":"https:\/\/secure.gravatar.com\/avatar\/3a8de04a2656d44082be478bd6c086daa447c4651605818287b9532d3d0bd435?s=96&d=mm&r=g","contentUrl":"https:\/\/secure.gravatar.com\/avatar\/3a8de04a2656d44082be478bd6c086daa447c4651605818287b9532d3d0bd435?s=96&d=mm&r=g","caption":"Lo viste en Los Pol\u00edticos"},"url":"https:\/\/lospoliticosveracruz.com\/?author=2"}]}},"_links":{"self":[{"href":"https:\/\/lospoliticosveracruz.com\/index.php?rest_route=\/wp\/v2\/posts\/159173","targetHints":{"allow":["GET"]}}],"collection":[{"href":"https:\/\/lospoliticosveracruz.com\/index.php?rest_route=\/wp\/v2\/posts"}],"about":[{"href":"https:\/\/lospoliticosveracruz.com\/index.php?rest_route=\/wp\/v2\/types\/post"}],"author":[{"embeddable":true,"href":"https:\/\/lospoliticosveracruz.com\/index.php?rest_route=\/wp\/v2\/users\/2"}],"replies":[{"embeddable":true,"href":"https:\/\/lospoliticosveracruz.com\/index.php?rest_route=%2Fwp%2Fv2%2Fcomments&post=159173"}],"version-history":[{"count":1,"href":"https:\/\/lospoliticosveracruz.com\/index.php?rest_route=\/wp\/v2\/posts\/159173\/revisions"}],"predecessor-version":[{"id":159174,"href":"https:\/\/lospoliticosveracruz.com\/index.php?rest_route=\/wp\/v2\/posts\/159173\/revisions\/159174"}],"wp:featuredmedia":[{"embeddable":true,"href":"https:\/\/lospoliticosveracruz.com\/index.php?rest_route=\/wp\/v2\/media\/141383"}],"wp:attachment":[{"href":"https:\/\/lospoliticosveracruz.com\/index.php?rest_route=%2Fwp%2Fv2%2Fmedia&parent=159173"}],"wp:term":[{"taxonomy":"category","embeddable":true,"href":"https:\/\/lospoliticosveracruz.com\/index.php?rest_route=%2Fwp%2Fv2%2Fcategories&post=159173"},{"taxonomy":"post_tag","embeddable":true,"href":"https:\/\/lospoliticosveracruz.com\/index.php?rest_route=%2Fwp%2Fv2%2Ftags&post=159173"}],"curies":[{"name":"wp","href":"https:\/\/api.w.org\/{rel}","templated":true}]}}