{"id":159175,"date":"2025-12-29T07:15:39","date_gmt":"2025-12-29T13:15:39","guid":{"rendered":"https:\/\/lospoliticosveracruz.com\/?p=159175"},"modified":"2025-12-29T07:15:40","modified_gmt":"2025-12-29T13:15:40","slug":"diran-misa-pero-es-la-mejor","status":"publish","type":"post","link":"https:\/\/lospoliticosveracruz.com\/?p=159175","title":{"rendered":"DIR\u00c1N MISA, PERO ES LA MEJOR!"},"content":{"rendered":"\n<p><em>Veracruz<\/em>: La alcaldesa del municipio de Veracruz, Paty Lobeira, se posicion\u00f3 como la mejor evaluada entre alcaldesas y alcaldes del estado, cerrando su administraci\u00f3n con una alta aprobaci\u00f3n ciudadana y destacando a nivel nacional.<\/p>\n\n\n<div class=\"wp-block-image\">\n<figure class=\"alignleft size-large is-resized\"><a href=\"https:\/\/lospoliticosveracruz.com\/wp-content\/uploads\/2025\/12\/324a8705-fd10-40c2-a69c-efcc7ced678b.jpeg\"><img loading=\"lazy\" decoding=\"async\" width=\"576\" height=\"1024\" src=\"https:\/\/lospoliticosveracruz.com\/wp-content\/uploads\/2025\/12\/324a8705-fd10-40c2-a69c-efcc7ced678b-576x1024.jpeg\" alt=\"\" class=\"wp-image-159176\" style=\"width:428px;height:auto\" srcset=\"https:\/\/lospoliticosveracruz.com\/wp-content\/uploads\/2025\/12\/324a8705-fd10-40c2-a69c-efcc7ced678b-576x1024.jpeg 576w, https:\/\/lospoliticosveracruz.com\/wp-content\/uploads\/2025\/12\/324a8705-fd10-40c2-a69c-efcc7ced678b-169x300.jpeg 169w, https:\/\/lospoliticosveracruz.com\/wp-content\/uploads\/2025\/12\/324a8705-fd10-40c2-a69c-efcc7ced678b-236x420.jpeg 236w, https:\/\/lospoliticosveracruz.com\/wp-content\/uploads\/2025\/12\/324a8705-fd10-40c2-a69c-efcc7ced678b-150x267.jpeg 150w, https:\/\/lospoliticosveracruz.com\/wp-content\/uploads\/2025\/12\/324a8705-fd10-40c2-a69c-efcc7ced678b-300x533.jpeg 300w, https:\/\/lospoliticosveracruz.com\/wp-content\/uploads\/2025\/12\/324a8705-fd10-40c2-a69c-efcc7ced678b-696x1237.jpeg 696w, https:\/\/lospoliticosveracruz.com\/wp-content\/uploads\/2025\/12\/324a8705-fd10-40c2-a69c-efcc7ced678b.jpeg 720w\" sizes=\"auto, (max-width: 576px) 100vw, 576px\" \/><\/a><\/figure>\n<\/div>\n\n\n<p>La casa encuestadora Mitofsky coloc\u00f3 a la presidenta municipal dentro de los primeros lugares de aprobaci\u00f3n junto con las y los alcaldes de municipios como Uruapan, Michoac\u00e1n; Benito Ju\u00e1rez, Quintana Roo; Hermosillo, Sonora; y Nuevo Laredo, Tamaulipas; reflejando el respaldo ciudadano al trabajo realizado durante su gesti\u00f3n.<\/p>\n\n\n\n<p>Asimismo, Paty Lobeira se mantiene con una destacada aprobaci\u00f3n dentro del listado de alcaldes del Partido Acci\u00f3n Nacional (PAN), consolid\u00e1ndose como la alcaldesa mejor evaluada de su partido a nivel nacional.<\/p>\n\n\n\n<p>Este reconocimiento es resultado del trabajo constante realizado a lo largo de su administraci\u00f3n municipal, que se distingui\u00f3 por obras en infraestructura, recuperaci\u00f3n de espacios p\u00fablicos, impulso al desarrollo tur\u00edstico y econ\u00f3mico, as\u00ed como programas sociales enfocados en el bienestar de las familias veracruzanas.<\/p>\n\n\n\n<p>Durante su gesti\u00f3n, la alcaldesa prioriz\u00f3 una administraci\u00f3n cercana a la ciudadan\u00eda, atendiendo de manera directa las necesidades de la gente y fortaleciendo la participaci\u00f3n ciudadana, lo que permiti\u00f3 generar confianza y mantener altos niveles de aprobaci\u00f3n entre los veracruzanos.<\/p>\n\n\n\n<p>Con estos resultados, Paty Lobeira cierra su administraci\u00f3n en lo alto de los rankings de evaluaci\u00f3n ciudadana, consolidando un gobierno municipal bien calificado, con resultados visibles y una gesti\u00f3n que deja bases s\u00f3lidas para el desarrollo del municipio de Veracruz.<\/p>\n","protected":false},"excerpt":{"rendered":"<p>Veracruz: La alcaldesa del municipio de Veracruz, Paty Lobeira, se posicion\u00f3 como la mejor evaluada entre alcaldesas y alcaldes del estado, cerrando su administraci\u00f3n con una alta aprobaci\u00f3n ciudadana y destacando a nivel nacional. La casa encuestadora Mitofsky coloc\u00f3 a la presidenta municipal dentro de los primeros lugares de aprobaci\u00f3n junto con las y los [&hellip;]<\/p>\n","protected":false},"author":2,"featured_media":141895,"comment_status":"closed","ping_status":"closed","sticky":false,"template":"","format":"standard","meta":{"tdm_status":"","tdm_grid_status":"","footnotes":""},"categories":[72],"tags":[3405,11919,195],"class_list":{"0":"post-159175","1":"post","2":"type-post","3":"status-publish","4":"format-standard","5":"has-post-thumbnail","7":"category-palomazos","8":"tag-mitofsky","9":"tag-paty-lobeira","10":"tag-veracruz"},"yoast_head":"<!-- This site is optimized with the Yoast SEO plugin v27.4 - https:\/\/yoast.com\/product\/yoast-seo-wordpress\/ -->\n<title>DIR\u00c1N MISA, PERO ES LA MEJOR! - Los pol\u00edticos Veracruz<\/title>\n<meta name=\"robots\" content=\"index, follow, max-snippet:-1, max-image-preview:large, max-video-preview:-1\" \/>\n<link rel=\"canonical\" href=\"https:\/\/lospoliticosveracruz.com\/?p=159175\" \/>\n<meta property=\"og:locale\" content=\"es_ES\" \/>\n<meta property=\"og:type\" content=\"article\" \/>\n<meta property=\"og:title\" content=\"DIR\u00c1N MISA, PERO ES LA MEJOR! - Los pol\u00edticos Veracruz\" \/>\n<meta property=\"og:description\" content=\"Veracruz: La alcaldesa del municipio de Veracruz, Paty Lobeira, se posicion\u00f3 como la mejor evaluada entre alcaldesas y alcaldes del estado, cerrando su administraci\u00f3n con una alta aprobaci\u00f3n ciudadana y destacando a nivel nacional. La casa encuestadora Mitofsky coloc\u00f3 a la presidenta municipal dentro de los primeros lugares de aprobaci\u00f3n junto con las y los [&hellip;]\" \/>\n<meta property=\"og:url\" content=\"https:\/\/lospoliticosveracruz.com\/?p=159175\" \/>\n<meta property=\"og:site_name\" content=\"Los pol\u00edticos Veracruz\" \/>\n<meta property=\"article:publisher\" content=\"https:\/\/www.facebook.com\/people\/Notimemes-de-los-Polticos\/61565672886568\/\" \/>\n<meta property=\"article:published_time\" content=\"2025-12-29T13:15:39+00:00\" \/>\n<meta property=\"article:modified_time\" content=\"2025-12-29T13:15:40+00:00\" \/>\n<meta property=\"og:image\" content=\"https:\/\/lospoliticosveracruz.com\/wp-content\/uploads\/2025\/04\/Paty-2.jpg\" \/>\n\t<meta property=\"og:image:width\" content=\"600\" \/>\n\t<meta property=\"og:image:height\" content=\"320\" \/>\n\t<meta property=\"og:image:type\" content=\"image\/jpeg\" \/>\n<meta name=\"author\" content=\"Lo viste en Los Pol\u00edticos\" \/>\n<meta name=\"twitter:card\" content=\"summary_large_image\" \/>\n<meta name=\"twitter:creator\" content=\"@LosPoliticosVer\" \/>\n<meta name=\"twitter:site\" content=\"@LosPoliticosVer\" \/>\n<meta name=\"twitter:label1\" content=\"Escrito por\" \/>\n\t<meta name=\"twitter:data1\" content=\"Lo viste en Los Pol\u00edticos\" \/>\n\t<meta name=\"twitter:label2\" content=\"Tiempo de lectura\" \/>\n\t<meta name=\"twitter:data2\" content=\"2 minutos\" \/>\n<script type=\"application\/ld+json\" class=\"yoast-schema-graph\">{\"@context\":\"https:\\\/\\\/schema.org\",\"@graph\":[{\"@type\":\"Article\",\"@id\":\"https:\\\/\\\/lospoliticosveracruz.com\\\/?p=159175#article\",\"isPartOf\":{\"@id\":\"https:\\\/\\\/lospoliticosveracruz.com\\\/?p=159175\"},\"author\":{\"name\":\"Lo viste en Los Pol\u00edticos\",\"@id\":\"https:\\\/\\\/lospoliticosveracruz.com\\\/#\\\/schema\\\/person\\\/b8702bb0e538456e6efd07080bf2a4a2\"},\"headline\":\"DIR\u00c1N MISA, PERO ES LA MEJOR!\",\"datePublished\":\"2025-12-29T13:15:39+00:00\",\"dateModified\":\"2025-12-29T13:15:40+00:00\",\"mainEntityOfPage\":{\"@id\":\"https:\\\/\\\/lospoliticosveracruz.com\\\/?p=159175\"},\"wordCount\":266,\"publisher\":{\"@id\":\"https:\\\/\\\/lospoliticosveracruz.com\\\/#organization\"},\"image\":{\"@id\":\"https:\\\/\\\/lospoliticosveracruz.com\\\/?p=159175#primaryimage\"},\"thumbnailUrl\":\"https:\\\/\\\/lospoliticosveracruz.com\\\/wp-content\\\/uploads\\\/2025\\\/04\\\/Paty-2.jpg\",\"keywords\":[\"Mitofsky\",\"Paty Lobeira\",\"Veracruz\"],\"articleSection\":[\"Palomazos\"],\"inLanguage\":\"es\"},{\"@type\":\"WebPage\",\"@id\":\"https:\\\/\\\/lospoliticosveracruz.com\\\/?p=159175\",\"url\":\"https:\\\/\\\/lospoliticosveracruz.com\\\/?p=159175\",\"name\":\"DIR\u00c1N MISA, PERO ES LA MEJOR! - Los pol\u00edticos Veracruz\",\"isPartOf\":{\"@id\":\"https:\\\/\\\/lospoliticosveracruz.com\\\/#website\"},\"primaryImageOfPage\":{\"@id\":\"https:\\\/\\\/lospoliticosveracruz.com\\\/?p=159175#primaryimage\"},\"image\":{\"@id\":\"https:\\\/\\\/lospoliticosveracruz.com\\\/?p=159175#primaryimage\"},\"thumbnailUrl\":\"https:\\\/\\\/lospoliticosveracruz.com\\\/wp-content\\\/uploads\\\/2025\\\/04\\\/Paty-2.jpg\",\"datePublished\":\"2025-12-29T13:15:39+00:00\",\"dateModified\":\"2025-12-29T13:15:40+00:00\",\"breadcrumb\":{\"@id\":\"https:\\\/\\\/lospoliticosveracruz.com\\\/?p=159175#breadcrumb\"},\"inLanguage\":\"es\",\"potentialAction\":[{\"@type\":\"ReadAction\",\"target\":[\"https:\\\/\\\/lospoliticosveracruz.com\\\/?p=159175\"]}]},{\"@type\":\"ImageObject\",\"inLanguage\":\"es\",\"@id\":\"https:\\\/\\\/lospoliticosveracruz.com\\\/?p=159175#primaryimage\",\"url\":\"https:\\\/\\\/lospoliticosveracruz.com\\\/wp-content\\\/uploads\\\/2025\\\/04\\\/Paty-2.jpg\",\"contentUrl\":\"https:\\\/\\\/lospoliticosveracruz.com\\\/wp-content\\\/uploads\\\/2025\\\/04\\\/Paty-2.jpg\",\"width\":600,\"height\":320},{\"@type\":\"BreadcrumbList\",\"@id\":\"https:\\\/\\\/lospoliticosveracruz.com\\\/?p=159175#breadcrumb\",\"itemListElement\":[{\"@type\":\"ListItem\",\"position\":1,\"name\":\"Portada\",\"item\":\"https:\\\/\\\/lospoliticosveracruz.com\\\/\"},{\"@type\":\"ListItem\",\"position\":2,\"name\":\"DIR\u00c1N MISA, PERO ES LA MEJOR!\"}]},{\"@type\":\"WebSite\",\"@id\":\"https:\\\/\\\/lospoliticosveracruz.com\\\/#website\",\"url\":\"https:\\\/\\\/lospoliticosveracruz.com\\\/\",\"name\":\"Los pol\u00edticos Veracruz\",\"description\":\"\",\"publisher\":{\"@id\":\"https:\\\/\\\/lospoliticosveracruz.com\\\/#organization\"},\"potentialAction\":[{\"@type\":\"SearchAction\",\"target\":{\"@type\":\"EntryPoint\",\"urlTemplate\":\"https:\\\/\\\/lospoliticosveracruz.com\\\/?s={search_term_string}\"},\"query-input\":{\"@type\":\"PropertyValueSpecification\",\"valueRequired\":true,\"valueName\":\"search_term_string\"}}],\"inLanguage\":\"es\"},{\"@type\":\"Organization\",\"@id\":\"https:\\\/\\\/lospoliticosveracruz.com\\\/#organization\",\"name\":\"Los pol\u00edticos Veracruz\",\"url\":\"https:\\\/\\\/lospoliticosveracruz.com\\\/\",\"logo\":{\"@type\":\"ImageObject\",\"inLanguage\":\"es\",\"@id\":\"https:\\\/\\\/lospoliticosveracruz.com\\\/#\\\/schema\\\/logo\\\/image\\\/\",\"url\":\"https:\\\/\\\/lospoliticosveracruz.com\\\/wp-content\\\/uploads\\\/2025\\\/12\\\/Logo-Nuevo-LOS-POLITICOS-1.jpg\",\"contentUrl\":\"https:\\\/\\\/lospoliticosveracruz.com\\\/wp-content\\\/uploads\\\/2025\\\/12\\\/Logo-Nuevo-LOS-POLITICOS-1.jpg\",\"width\":260,\"height\":70,\"caption\":\"Los pol\u00edticos Veracruz\"},\"image\":{\"@id\":\"https:\\\/\\\/lospoliticosveracruz.com\\\/#\\\/schema\\\/logo\\\/image\\\/\"},\"sameAs\":[\"https:\\\/\\\/www.facebook.com\\\/people\\\/Notimemes-de-los-Polticos\\\/61565672886568\\\/\",\"https:\\\/\\\/x.com\\\/LosPoliticosVer\"]},{\"@type\":\"Person\",\"@id\":\"https:\\\/\\\/lospoliticosveracruz.com\\\/#\\\/schema\\\/person\\\/b8702bb0e538456e6efd07080bf2a4a2\",\"name\":\"Lo viste en Los Pol\u00edticos\",\"image\":{\"@type\":\"ImageObject\",\"inLanguage\":\"es\",\"@id\":\"https:\\\/\\\/secure.gravatar.com\\\/avatar\\\/3a8de04a2656d44082be478bd6c086daa447c4651605818287b9532d3d0bd435?s=96&d=mm&r=g\",\"url\":\"https:\\\/\\\/secure.gravatar.com\\\/avatar\\\/3a8de04a2656d44082be478bd6c086daa447c4651605818287b9532d3d0bd435?s=96&d=mm&r=g\",\"contentUrl\":\"https:\\\/\\\/secure.gravatar.com\\\/avatar\\\/3a8de04a2656d44082be478bd6c086daa447c4651605818287b9532d3d0bd435?s=96&d=mm&r=g\",\"caption\":\"Lo viste en Los Pol\u00edticos\"},\"url\":\"https:\\\/\\\/lospoliticosveracruz.com\\\/?author=2\"}]}<\/script>\n<!-- \/ Yoast SEO plugin. -->","yoast_head_json":{"title":"DIR\u00c1N MISA, PERO ES LA MEJOR! - Los pol\u00edticos Veracruz","robots":{"index":"index","follow":"follow","max-snippet":"max-snippet:-1","max-image-preview":"max-image-preview:large","max-video-preview":"max-video-preview:-1"},"canonical":"https:\/\/lospoliticosveracruz.com\/?p=159175","og_locale":"es_ES","og_type":"article","og_title":"DIR\u00c1N MISA, PERO ES LA MEJOR! - Los pol\u00edticos Veracruz","og_description":"Veracruz: La alcaldesa del municipio de Veracruz, Paty Lobeira, se posicion\u00f3 como la mejor evaluada entre alcaldesas y alcaldes del estado, cerrando su administraci\u00f3n con una alta aprobaci\u00f3n ciudadana y destacando a nivel nacional. La casa encuestadora Mitofsky coloc\u00f3 a la presidenta municipal dentro de los primeros lugares de aprobaci\u00f3n junto con las y los [&hellip;]","og_url":"https:\/\/lospoliticosveracruz.com\/?p=159175","og_site_name":"Los pol\u00edticos Veracruz","article_publisher":"https:\/\/www.facebook.com\/people\/Notimemes-de-los-Polticos\/61565672886568\/","article_published_time":"2025-12-29T13:15:39+00:00","article_modified_time":"2025-12-29T13:15:40+00:00","og_image":[{"width":600,"height":320,"url":"https:\/\/lospoliticosveracruz.com\/wp-content\/uploads\/2025\/04\/Paty-2.jpg","type":"image\/jpeg"}],"author":"Lo viste en Los Pol\u00edticos","twitter_card":"summary_large_image","twitter_creator":"@LosPoliticosVer","twitter_site":"@LosPoliticosVer","twitter_misc":{"Escrito por":"Lo viste en Los Pol\u00edticos","Tiempo de lectura":"2 minutos"},"schema":{"@context":"https:\/\/schema.org","@graph":[{"@type":"Article","@id":"https:\/\/lospoliticosveracruz.com\/?p=159175#article","isPartOf":{"@id":"https:\/\/lospoliticosveracruz.com\/?p=159175"},"author":{"name":"Lo viste en Los Pol\u00edticos","@id":"https:\/\/lospoliticosveracruz.com\/#\/schema\/person\/b8702bb0e538456e6efd07080bf2a4a2"},"headline":"DIR\u00c1N MISA, PERO ES LA MEJOR!","datePublished":"2025-12-29T13:15:39+00:00","dateModified":"2025-12-29T13:15:40+00:00","mainEntityOfPage":{"@id":"https:\/\/lospoliticosveracruz.com\/?p=159175"},"wordCount":266,"publisher":{"@id":"https:\/\/lospoliticosveracruz.com\/#organization"},"image":{"@id":"https:\/\/lospoliticosveracruz.com\/?p=159175#primaryimage"},"thumbnailUrl":"https:\/\/lospoliticosveracruz.com\/wp-content\/uploads\/2025\/04\/Paty-2.jpg","keywords":["Mitofsky","Paty Lobeira","Veracruz"],"articleSection":["Palomazos"],"inLanguage":"es"},{"@type":"WebPage","@id":"https:\/\/lospoliticosveracruz.com\/?p=159175","url":"https:\/\/lospoliticosveracruz.com\/?p=159175","name":"DIR\u00c1N MISA, PERO ES LA MEJOR! - Los pol\u00edticos Veracruz","isPartOf":{"@id":"https:\/\/lospoliticosveracruz.com\/#website"},"primaryImageOfPage":{"@id":"https:\/\/lospoliticosveracruz.com\/?p=159175#primaryimage"},"image":{"@id":"https:\/\/lospoliticosveracruz.com\/?p=159175#primaryimage"},"thumbnailUrl":"https:\/\/lospoliticosveracruz.com\/wp-content\/uploads\/2025\/04\/Paty-2.jpg","datePublished":"2025-12-29T13:15:39+00:00","dateModified":"2025-12-29T13:15:40+00:00","breadcrumb":{"@id":"https:\/\/lospoliticosveracruz.com\/?p=159175#breadcrumb"},"inLanguage":"es","potentialAction":[{"@type":"ReadAction","target":["https:\/\/lospoliticosveracruz.com\/?p=159175"]}]},{"@type":"ImageObject","inLanguage":"es","@id":"https:\/\/lospoliticosveracruz.com\/?p=159175#primaryimage","url":"https:\/\/lospoliticosveracruz.com\/wp-content\/uploads\/2025\/04\/Paty-2.jpg","contentUrl":"https:\/\/lospoliticosveracruz.com\/wp-content\/uploads\/2025\/04\/Paty-2.jpg","width":600,"height":320},{"@type":"BreadcrumbList","@id":"https:\/\/lospoliticosveracruz.com\/?p=159175#breadcrumb","itemListElement":[{"@type":"ListItem","position":1,"name":"Portada","item":"https:\/\/lospoliticosveracruz.com\/"},{"@type":"ListItem","position":2,"name":"DIR\u00c1N MISA, PERO ES LA MEJOR!"}]},{"@type":"WebSite","@id":"https:\/\/lospoliticosveracruz.com\/#website","url":"https:\/\/lospoliticosveracruz.com\/","name":"Los pol\u00edticos Veracruz","description":"","publisher":{"@id":"https:\/\/lospoliticosveracruz.com\/#organization"},"potentialAction":[{"@type":"SearchAction","target":{"@type":"EntryPoint","urlTemplate":"https:\/\/lospoliticosveracruz.com\/?s={search_term_string}"},"query-input":{"@type":"PropertyValueSpecification","valueRequired":true,"valueName":"search_term_string"}}],"inLanguage":"es"},{"@type":"Organization","@id":"https:\/\/lospoliticosveracruz.com\/#organization","name":"Los pol\u00edticos Veracruz","url":"https:\/\/lospoliticosveracruz.com\/","logo":{"@type":"ImageObject","inLanguage":"es","@id":"https:\/\/lospoliticosveracruz.com\/#\/schema\/logo\/image\/","url":"https:\/\/lospoliticosveracruz.com\/wp-content\/uploads\/2025\/12\/Logo-Nuevo-LOS-POLITICOS-1.jpg","contentUrl":"https:\/\/lospoliticosveracruz.com\/wp-content\/uploads\/2025\/12\/Logo-Nuevo-LOS-POLITICOS-1.jpg","width":260,"height":70,"caption":"Los pol\u00edticos Veracruz"},"image":{"@id":"https:\/\/lospoliticosveracruz.com\/#\/schema\/logo\/image\/"},"sameAs":["https:\/\/www.facebook.com\/people\/Notimemes-de-los-Polticos\/61565672886568\/","https:\/\/x.com\/LosPoliticosVer"]},{"@type":"Person","@id":"https:\/\/lospoliticosveracruz.com\/#\/schema\/person\/b8702bb0e538456e6efd07080bf2a4a2","name":"Lo viste en Los Pol\u00edticos","image":{"@type":"ImageObject","inLanguage":"es","@id":"https:\/\/secure.gravatar.com\/avatar\/3a8de04a2656d44082be478bd6c086daa447c4651605818287b9532d3d0bd435?s=96&d=mm&r=g","url":"https:\/\/secure.gravatar.com\/avatar\/3a8de04a2656d44082be478bd6c086daa447c4651605818287b9532d3d0bd435?s=96&d=mm&r=g","contentUrl":"https:\/\/secure.gravatar.com\/avatar\/3a8de04a2656d44082be478bd6c086daa447c4651605818287b9532d3d0bd435?s=96&d=mm&r=g","caption":"Lo viste en Los Pol\u00edticos"},"url":"https:\/\/lospoliticosveracruz.com\/?author=2"}]}},"_links":{"self":[{"href":"https:\/\/lospoliticosveracruz.com\/index.php?rest_route=\/wp\/v2\/posts\/159175","targetHints":{"allow":["GET"]}}],"collection":[{"href":"https:\/\/lospoliticosveracruz.com\/index.php?rest_route=\/wp\/v2\/posts"}],"about":[{"href":"https:\/\/lospoliticosveracruz.com\/index.php?rest_route=\/wp\/v2\/types\/post"}],"author":[{"embeddable":true,"href":"https:\/\/lospoliticosveracruz.com\/index.php?rest_route=\/wp\/v2\/users\/2"}],"replies":[{"embeddable":true,"href":"https:\/\/lospoliticosveracruz.com\/index.php?rest_route=%2Fwp%2Fv2%2Fcomments&post=159175"}],"version-history":[{"count":1,"href":"https:\/\/lospoliticosveracruz.com\/index.php?rest_route=\/wp\/v2\/posts\/159175\/revisions"}],"predecessor-version":[{"id":159177,"href":"https:\/\/lospoliticosveracruz.com\/index.php?rest_route=\/wp\/v2\/posts\/159175\/revisions\/159177"}],"wp:featuredmedia":[{"embeddable":true,"href":"https:\/\/lospoliticosveracruz.com\/index.php?rest_route=\/wp\/v2\/media\/141895"}],"wp:attachment":[{"href":"https:\/\/lospoliticosveracruz.com\/index.php?rest_route=%2Fwp%2Fv2%2Fmedia&parent=159175"}],"wp:term":[{"taxonomy":"category","embeddable":true,"href":"https:\/\/lospoliticosveracruz.com\/index.php?rest_route=%2Fwp%2Fv2%2Fcategories&post=159175"},{"taxonomy":"post_tag","embeddable":true,"href":"https:\/\/lospoliticosveracruz.com\/index.php?rest_route=%2Fwp%2Fv2%2Ftags&post=159175"}],"curies":[{"name":"wp","href":"https:\/\/api.w.org\/{rel}","templated":true}]}}