{"id":159185,"date":"2025-12-29T09:29:32","date_gmt":"2025-12-29T15:29:32","guid":{"rendered":"https:\/\/lospoliticosveracruz.com\/?p=159185"},"modified":"2025-12-29T09:29:33","modified_gmt":"2025-12-29T15:29:33","slug":"2026-panorama-sombrio","status":"publish","type":"post","link":"https:\/\/lospoliticosveracruz.com\/?p=159185","title":{"rendered":"2026, PANORAMA SOMBR\u00cdO"},"content":{"rendered":"\n<p><strong>Miguel Valera<\/strong><\/p>\n\n\n\n<p>Contrase\u00f1as<\/p>\n\n\n\n<p>Aunque el ambiente festivo \u2014y las grandes cantidades de az\u00facar que consumimos en estos d\u00edas\u2014 nos mantienen en un estado de exultaci\u00f3n; es decir, de alegr\u00eda, satisfacci\u00f3n, regocijo, j\u00fabilo, euforia, alegr\u00eda, gozo, alborozo, entusiasmo y felicidad, lo cierto es que estamos cerrando un a\u00f1o dif\u00edcil y el escenario para el 2026 lo ser\u00e1 a\u00fan m\u00e1s.<\/p>\n\n\n\n\n\n<p>Seg\u00fan un an\u00e1lisis que nos comparte <strong>Juan Jos\u00e9 Sierra \u00c1lvarez<\/strong>, presidente nacional de la COPARMEX, el 2025 est\u00e1 cerrando en un contexto complejo para M\u00e9xico. \u201cLa econom\u00eda permanece pr\u00e1cticamente estancada, la inversi\u00f3n enfrenta alta incertidumbre, el clima institucional debilita la confianza y la seguridad sigue limitando la actividad productiva y la atracci\u00f3n de capital\u201d.<\/p>\n\n\n\n<p>\u201cEste cierre confirma que el principal desaf\u00edo no es financiero, sino la falta de certidumbre, Estado de Derecho y condiciones que generen confianza para invertir y generar empleo formal\u201d, indica la Confederaci\u00f3n Patronal de la Rep\u00fablica Mexicana en este documento de an\u00e1lisis que circularon el domingo 28 de diciembre de 2025.<\/p>\n\n\n\n<p>\u201cDesde COPARMEX analizamos este momento con visi\u00f3n de largo plazo. Los datos muestran un crecimiento insuficiente, menor dinamismo del empleo formal y la urgencia de reenfocar las decisiones p\u00fablicas hacia el fortalecimiento de capacidades productivas, reglas claras y condiciones b\u00e1sicas de seguridad para personas y empresas, principalmente las micro, peque\u00f1as y medianas\u201d, indica el estudio del organismo que preside el veracruzano Juan Jos\u00e9 Sierra el cual puede ser le\u00eddo completo en esta liga: <a href=\"https:\/\/t.co\/66S1lTTsDc\" target=\"_blank\" rel=\"noreferrer noopener\">https:\/\/cpmx.me\/SC_17_2025<\/a><\/p>\n\n\n\n<p>\u201cEl crecimiento no despega\u201d, insiste el organismo empresarial. \u201cEn los primeros nueve meses de 2025, el PIB creci\u00f3 apenas 0.4% anual. En el tercer trimestre cay\u00f3 0.3% trimestral y 0.2% anual, confirmando un desempe\u00f1o d\u00e9bil. El Indicador Global de la Actividad Econ\u00f3mica present\u00f3 una contracci\u00f3n anual de 0.6% en septiembre, mientras que el Indicador Oportuno de la Actividad Econ\u00f3mica anticipa crecimiento nulo\u201d.<\/p>\n\n\n\n<p>\u201cLa inversi\u00f3n fija bruta cay\u00f3 8.4% anual en septiembre, acumulando 13 meses con ca\u00eddas, y la confianza empresarial se mantuvo en 48.6 puntos en octubre, hilando ocho meses en terreno pesimista. Estos indicadores confirman que el principal freno al crecimiento es la falta de certidumbre para invertir\u201d.<\/p>\n\n\n\n<p>Adem\u00e1s, el contexto pol\u00edtico ha generado incertidumbre y riesgos para la inversi\u00f3n. \u201cEl entorno pol\u00edtico de 2025 estuvo marcado por reformas estructurales que incrementaron la incertidumbre institucional, particularmente en materia judicial, defensa de los derechos y debilitamiento de las instituciones electorales. El proceso electoral y, en consecuencia, la implementaci\u00f3n de la reforma del Poder Judicial generaron alertas sobre la experiencia e independencia de jueces y la certeza jur\u00eddica\u201d.<\/p>\n\n\n\n<p>\u201cEstas decisiones incrementan la percepci\u00f3n de riesgo, lo que se traduce en menor inversi\u00f3n y menor crecimiento. Adem\u00e1s, el debate p\u00fablico se concentr\u00f3 en disputas pol\u00edticas, dejando en segundo plano la construcci\u00f3n de acuerdos de largo plazo en temas estrat\u00e9gicos como seguridad, Estado de Derecho, competitividad y desarrollo regional, limitando el aprovechamiento del nearshoring\u201d.<\/p>\n\n\n\n<p>Hay que analizar con detalle la informaci\u00f3n que ofrece el documento sobre el contexto social: salario m\u00ednimo, empleo formal y presi\u00f3n sobre la informalidad y c\u00f3mo se confeccion\u00f3 el presupuesto 2026, el cual puso \u00e9nfasis en la pol\u00edtica asistencial y limit\u00f3 las capacidades productivas. Tambi\u00e9n, el fen\u00f3meno de la inseguridad, que sigue siendo un freno persistente al desarrollo.<\/p>\n\n\n\n<p>\u201cDesde COPARMEX afirmamos que el cierre de 2025 deja lecciones claras: M\u00e9xico requiere certidumbre institucional, pleno respeto al Estado de Derecho y condiciones efectivas de seguridad para impulsar inversi\u00f3n, crecimiento y empleo formal. El bajo dinamismo econ\u00f3mico, la ca\u00edda de la inversi\u00f3n y la insuficiente generaci\u00f3n del empleo formal, confirman la necesidad de reorientar las decisiones p\u00fablicas hacia el fortalecimiento de capacidades productivas\u201d, asienta el documento.<\/p>\n\n\n\n<p>\u201cCelebramos que el salario m\u00ednimo haya alcanzado la l\u00ednea de bienestar familiar. Sostenemos que ahora la pol\u00edtica laboral debe concentrarse en impulsar la productividad, formalidad y capacitaci\u00f3n; sin empresas s\u00f3lidas y formales, el incremento de los costos laborales enfrenta l\u00edmites estructurales\u201d.<\/p>\n\n\n\n<p>\u201cAdvertimos que los recortes en salud, educaci\u00f3n y seguridad debilitan el capital humano y la cohesi\u00f3n social, por lo que es indispensable una reasignaci\u00f3n del gasto que priorice estos rubros, fortalezca instituciones y genere condiciones para un crecimiento incluyente y sostenido\u201d.<\/p>\n\n\n\n<p>\u201cFinalmente, afirmamos que la seguridad sigue siendo el principal desaf\u00edo ciudadano y empresarial. Fortalecer a las polic\u00edas locales, mejorar la coordinaci\u00f3n institucional y atender de manera decidida delitos como la extorsi\u00f3n (que contin\u00faa en ascenso) es indispensable para recuperar la confianza, proteger a quienes generan empleo\u201d.<\/p>\n\n\n\n<p>\u201cCOPARMEX ha mantenido y mantendr\u00e1 una participaci\u00f3n activa y responsable con funcionarios p\u00fablicos, legisladores y gobiernos estatales, impulsando el di\u00e1logo y la construcci\u00f3n de acuerdos que permitan atender estos retos y sentar bases s\u00f3lidas para el desarrollo del pa\u00eds\u201d.<\/p>\n\n\n\n<p>Tan tan.<\/p>\n\n\n\n<p><strong>@MValeraH<\/strong><\/p>\n","protected":false},"excerpt":{"rendered":"<p>Miguel Valera Contrase\u00f1as Aunque el ambiente festivo \u2014y las grandes cantidades de az\u00facar que consumimos en estos d\u00edas\u2014 nos mantienen en un estado de exultaci\u00f3n; es decir, de alegr\u00eda, satisfacci\u00f3n, regocijo, j\u00fabilo, euforia, alegr\u00eda, gozo, alborozo, entusiasmo y felicidad, lo cierto es que estamos cerrando un a\u00f1o dif\u00edcil y el escenario para el 2026 lo [&hellip;]<\/p>\n","protected":false},"author":2,"featured_media":141429,"comment_status":"closed","ping_status":"closed","sticky":false,"template":"","format":"standard","meta":{"tdm_status":"","tdm_grid_status":"","footnotes":""},"categories":[70],"tags":[48229,6293,11467],"class_list":{"0":"post-159185","1":"post","2":"type-post","3":"status-publish","4":"format-standard","5":"has-post-thumbnail","7":"category-de-opinion","8":"tag-48229","9":"tag-coparmex","10":"tag-juan-jose-sierra-alvarez"},"yoast_head":"<!-- This site is optimized with the Yoast SEO plugin v27.4 - https:\/\/yoast.com\/product\/yoast-seo-wordpress\/ -->\n<title>2026, PANORAMA SOMBR\u00cdO - Los pol\u00edticos Veracruz<\/title>\n<meta name=\"robots\" content=\"index, follow, max-snippet:-1, max-image-preview:large, max-video-preview:-1\" \/>\n<link rel=\"canonical\" href=\"https:\/\/lospoliticosveracruz.com\/?p=159185\" \/>\n<meta property=\"og:locale\" content=\"es_ES\" \/>\n<meta property=\"og:type\" content=\"article\" \/>\n<meta property=\"og:title\" content=\"2026, PANORAMA SOMBR\u00cdO - Los pol\u00edticos Veracruz\" \/>\n<meta property=\"og:description\" content=\"Miguel Valera Contrase\u00f1as Aunque el ambiente festivo \u2014y las grandes cantidades de az\u00facar que consumimos en estos d\u00edas\u2014 nos mantienen en un estado de exultaci\u00f3n; es decir, de alegr\u00eda, satisfacci\u00f3n, regocijo, j\u00fabilo, euforia, alegr\u00eda, gozo, alborozo, entusiasmo y felicidad, lo cierto es que estamos cerrando un a\u00f1o dif\u00edcil y el escenario para el 2026 lo [&hellip;]\" \/>\n<meta property=\"og:url\" content=\"https:\/\/lospoliticosveracruz.com\/?p=159185\" \/>\n<meta property=\"og:site_name\" content=\"Los pol\u00edticos Veracruz\" \/>\n<meta property=\"article:publisher\" content=\"https:\/\/www.facebook.com\/people\/Notimemes-de-los-Polticos\/61565672886568\/\" \/>\n<meta property=\"article:published_time\" content=\"2025-12-29T15:29:32+00:00\" \/>\n<meta property=\"article:modified_time\" content=\"2025-12-29T15:29:33+00:00\" \/>\n<meta property=\"og:image\" content=\"https:\/\/lospoliticosveracruz.com\/wp-content\/uploads\/2025\/04\/Miguel-Valera.jpg\" \/>\n\t<meta property=\"og:image:width\" content=\"1250\" \/>\n\t<meta property=\"og:image:height\" content=\"667\" \/>\n\t<meta property=\"og:image:type\" content=\"image\/jpeg\" \/>\n<meta name=\"author\" content=\"Lo viste en Los Pol\u00edticos\" \/>\n<meta name=\"twitter:card\" content=\"summary_large_image\" \/>\n<meta name=\"twitter:creator\" content=\"@LosPoliticosVer\" \/>\n<meta name=\"twitter:site\" content=\"@LosPoliticosVer\" \/>\n<meta name=\"twitter:label1\" content=\"Escrito por\" \/>\n\t<meta name=\"twitter:data1\" content=\"Lo viste en Los Pol\u00edticos\" \/>\n\t<meta name=\"twitter:label2\" content=\"Tiempo de lectura\" \/>\n\t<meta name=\"twitter:data2\" content=\"4 minutos\" \/>\n<script type=\"application\/ld+json\" class=\"yoast-schema-graph\">{\"@context\":\"https:\\\/\\\/schema.org\",\"@graph\":[{\"@type\":\"Article\",\"@id\":\"https:\\\/\\\/lospoliticosveracruz.com\\\/?p=159185#article\",\"isPartOf\":{\"@id\":\"https:\\\/\\\/lospoliticosveracruz.com\\\/?p=159185\"},\"author\":{\"name\":\"Lo viste en Los Pol\u00edticos\",\"@id\":\"https:\\\/\\\/lospoliticosveracruz.com\\\/#\\\/schema\\\/person\\\/b8702bb0e538456e6efd07080bf2a4a2\"},\"headline\":\"2026, PANORAMA SOMBR\u00cdO\",\"datePublished\":\"2025-12-29T15:29:32+00:00\",\"dateModified\":\"2025-12-29T15:29:33+00:00\",\"mainEntityOfPage\":{\"@id\":\"https:\\\/\\\/lospoliticosveracruz.com\\\/?p=159185\"},\"wordCount\":835,\"publisher\":{\"@id\":\"https:\\\/\\\/lospoliticosveracruz.com\\\/#organization\"},\"image\":{\"@id\":\"https:\\\/\\\/lospoliticosveracruz.com\\\/?p=159185#primaryimage\"},\"thumbnailUrl\":\"https:\\\/\\\/lospoliticosveracruz.com\\\/wp-content\\\/uploads\\\/2025\\\/04\\\/Miguel-Valera.jpg\",\"keywords\":[\"2025\",\"Coparmex\",\"Juan Jos\u00e9 Sierra \u00c1lvarez\"],\"articleSection\":[\"De Opini\u00f3n\"],\"inLanguage\":\"es\"},{\"@type\":\"WebPage\",\"@id\":\"https:\\\/\\\/lospoliticosveracruz.com\\\/?p=159185\",\"url\":\"https:\\\/\\\/lospoliticosveracruz.com\\\/?p=159185\",\"name\":\"2026, PANORAMA SOMBR\u00cdO - Los pol\u00edticos Veracruz\",\"isPartOf\":{\"@id\":\"https:\\\/\\\/lospoliticosveracruz.com\\\/#website\"},\"primaryImageOfPage\":{\"@id\":\"https:\\\/\\\/lospoliticosveracruz.com\\\/?p=159185#primaryimage\"},\"image\":{\"@id\":\"https:\\\/\\\/lospoliticosveracruz.com\\\/?p=159185#primaryimage\"},\"thumbnailUrl\":\"https:\\\/\\\/lospoliticosveracruz.com\\\/wp-content\\\/uploads\\\/2025\\\/04\\\/Miguel-Valera.jpg\",\"datePublished\":\"2025-12-29T15:29:32+00:00\",\"dateModified\":\"2025-12-29T15:29:33+00:00\",\"breadcrumb\":{\"@id\":\"https:\\\/\\\/lospoliticosveracruz.com\\\/?p=159185#breadcrumb\"},\"inLanguage\":\"es\",\"potentialAction\":[{\"@type\":\"ReadAction\",\"target\":[\"https:\\\/\\\/lospoliticosveracruz.com\\\/?p=159185\"]}]},{\"@type\":\"ImageObject\",\"inLanguage\":\"es\",\"@id\":\"https:\\\/\\\/lospoliticosveracruz.com\\\/?p=159185#primaryimage\",\"url\":\"https:\\\/\\\/lospoliticosveracruz.com\\\/wp-content\\\/uploads\\\/2025\\\/04\\\/Miguel-Valera.jpg\",\"contentUrl\":\"https:\\\/\\\/lospoliticosveracruz.com\\\/wp-content\\\/uploads\\\/2025\\\/04\\\/Miguel-Valera.jpg\",\"width\":1250,\"height\":667},{\"@type\":\"BreadcrumbList\",\"@id\":\"https:\\\/\\\/lospoliticosveracruz.com\\\/?p=159185#breadcrumb\",\"itemListElement\":[{\"@type\":\"ListItem\",\"position\":1,\"name\":\"Portada\",\"item\":\"https:\\\/\\\/lospoliticosveracruz.com\\\/\"},{\"@type\":\"ListItem\",\"position\":2,\"name\":\"2026, PANORAMA SOMBR\u00cdO\"}]},{\"@type\":\"WebSite\",\"@id\":\"https:\\\/\\\/lospoliticosveracruz.com\\\/#website\",\"url\":\"https:\\\/\\\/lospoliticosveracruz.com\\\/\",\"name\":\"Los pol\u00edticos Veracruz\",\"description\":\"\",\"publisher\":{\"@id\":\"https:\\\/\\\/lospoliticosveracruz.com\\\/#organization\"},\"potentialAction\":[{\"@type\":\"SearchAction\",\"target\":{\"@type\":\"EntryPoint\",\"urlTemplate\":\"https:\\\/\\\/lospoliticosveracruz.com\\\/?s={search_term_string}\"},\"query-input\":{\"@type\":\"PropertyValueSpecification\",\"valueRequired\":true,\"valueName\":\"search_term_string\"}}],\"inLanguage\":\"es\"},{\"@type\":\"Organization\",\"@id\":\"https:\\\/\\\/lospoliticosveracruz.com\\\/#organization\",\"name\":\"Los pol\u00edticos Veracruz\",\"url\":\"https:\\\/\\\/lospoliticosveracruz.com\\\/\",\"logo\":{\"@type\":\"ImageObject\",\"inLanguage\":\"es\",\"@id\":\"https:\\\/\\\/lospoliticosveracruz.com\\\/#\\\/schema\\\/logo\\\/image\\\/\",\"url\":\"https:\\\/\\\/lospoliticosveracruz.com\\\/wp-content\\\/uploads\\\/2025\\\/12\\\/Logo-Nuevo-LOS-POLITICOS-1.jpg\",\"contentUrl\":\"https:\\\/\\\/lospoliticosveracruz.com\\\/wp-content\\\/uploads\\\/2025\\\/12\\\/Logo-Nuevo-LOS-POLITICOS-1.jpg\",\"width\":260,\"height\":70,\"caption\":\"Los pol\u00edticos Veracruz\"},\"image\":{\"@id\":\"https:\\\/\\\/lospoliticosveracruz.com\\\/#\\\/schema\\\/logo\\\/image\\\/\"},\"sameAs\":[\"https:\\\/\\\/www.facebook.com\\\/people\\\/Notimemes-de-los-Polticos\\\/61565672886568\\\/\",\"https:\\\/\\\/x.com\\\/LosPoliticosVer\"]},{\"@type\":\"Person\",\"@id\":\"https:\\\/\\\/lospoliticosveracruz.com\\\/#\\\/schema\\\/person\\\/b8702bb0e538456e6efd07080bf2a4a2\",\"name\":\"Lo viste en Los Pol\u00edticos\",\"image\":{\"@type\":\"ImageObject\",\"inLanguage\":\"es\",\"@id\":\"https:\\\/\\\/secure.gravatar.com\\\/avatar\\\/3a8de04a2656d44082be478bd6c086daa447c4651605818287b9532d3d0bd435?s=96&d=mm&r=g\",\"url\":\"https:\\\/\\\/secure.gravatar.com\\\/avatar\\\/3a8de04a2656d44082be478bd6c086daa447c4651605818287b9532d3d0bd435?s=96&d=mm&r=g\",\"contentUrl\":\"https:\\\/\\\/secure.gravatar.com\\\/avatar\\\/3a8de04a2656d44082be478bd6c086daa447c4651605818287b9532d3d0bd435?s=96&d=mm&r=g\",\"caption\":\"Lo viste en Los Pol\u00edticos\"},\"url\":\"https:\\\/\\\/lospoliticosveracruz.com\\\/?author=2\"}]}<\/script>\n<!-- \/ Yoast SEO plugin. -->","yoast_head_json":{"title":"2026, PANORAMA SOMBR\u00cdO - Los pol\u00edticos Veracruz","robots":{"index":"index","follow":"follow","max-snippet":"max-snippet:-1","max-image-preview":"max-image-preview:large","max-video-preview":"max-video-preview:-1"},"canonical":"https:\/\/lospoliticosveracruz.com\/?p=159185","og_locale":"es_ES","og_type":"article","og_title":"2026, PANORAMA SOMBR\u00cdO - Los pol\u00edticos Veracruz","og_description":"Miguel Valera Contrase\u00f1as Aunque el ambiente festivo \u2014y las grandes cantidades de az\u00facar que consumimos en estos d\u00edas\u2014 nos mantienen en un estado de exultaci\u00f3n; es decir, de alegr\u00eda, satisfacci\u00f3n, regocijo, j\u00fabilo, euforia, alegr\u00eda, gozo, alborozo, entusiasmo y felicidad, lo cierto es que estamos cerrando un a\u00f1o dif\u00edcil y el escenario para el 2026 lo [&hellip;]","og_url":"https:\/\/lospoliticosveracruz.com\/?p=159185","og_site_name":"Los pol\u00edticos Veracruz","article_publisher":"https:\/\/www.facebook.com\/people\/Notimemes-de-los-Polticos\/61565672886568\/","article_published_time":"2025-12-29T15:29:32+00:00","article_modified_time":"2025-12-29T15:29:33+00:00","og_image":[{"width":1250,"height":667,"url":"https:\/\/lospoliticosveracruz.com\/wp-content\/uploads\/2025\/04\/Miguel-Valera.jpg","type":"image\/jpeg"}],"author":"Lo viste en Los Pol\u00edticos","twitter_card":"summary_large_image","twitter_creator":"@LosPoliticosVer","twitter_site":"@LosPoliticosVer","twitter_misc":{"Escrito por":"Lo viste en Los Pol\u00edticos","Tiempo de lectura":"4 minutos"},"schema":{"@context":"https:\/\/schema.org","@graph":[{"@type":"Article","@id":"https:\/\/lospoliticosveracruz.com\/?p=159185#article","isPartOf":{"@id":"https:\/\/lospoliticosveracruz.com\/?p=159185"},"author":{"name":"Lo viste en Los Pol\u00edticos","@id":"https:\/\/lospoliticosveracruz.com\/#\/schema\/person\/b8702bb0e538456e6efd07080bf2a4a2"},"headline":"2026, PANORAMA SOMBR\u00cdO","datePublished":"2025-12-29T15:29:32+00:00","dateModified":"2025-12-29T15:29:33+00:00","mainEntityOfPage":{"@id":"https:\/\/lospoliticosveracruz.com\/?p=159185"},"wordCount":835,"publisher":{"@id":"https:\/\/lospoliticosveracruz.com\/#organization"},"image":{"@id":"https:\/\/lospoliticosveracruz.com\/?p=159185#primaryimage"},"thumbnailUrl":"https:\/\/lospoliticosveracruz.com\/wp-content\/uploads\/2025\/04\/Miguel-Valera.jpg","keywords":["2025","Coparmex","Juan Jos\u00e9 Sierra \u00c1lvarez"],"articleSection":["De Opini\u00f3n"],"inLanguage":"es"},{"@type":"WebPage","@id":"https:\/\/lospoliticosveracruz.com\/?p=159185","url":"https:\/\/lospoliticosveracruz.com\/?p=159185","name":"2026, PANORAMA SOMBR\u00cdO - Los pol\u00edticos Veracruz","isPartOf":{"@id":"https:\/\/lospoliticosveracruz.com\/#website"},"primaryImageOfPage":{"@id":"https:\/\/lospoliticosveracruz.com\/?p=159185#primaryimage"},"image":{"@id":"https:\/\/lospoliticosveracruz.com\/?p=159185#primaryimage"},"thumbnailUrl":"https:\/\/lospoliticosveracruz.com\/wp-content\/uploads\/2025\/04\/Miguel-Valera.jpg","datePublished":"2025-12-29T15:29:32+00:00","dateModified":"2025-12-29T15:29:33+00:00","breadcrumb":{"@id":"https:\/\/lospoliticosveracruz.com\/?p=159185#breadcrumb"},"inLanguage":"es","potentialAction":[{"@type":"ReadAction","target":["https:\/\/lospoliticosveracruz.com\/?p=159185"]}]},{"@type":"ImageObject","inLanguage":"es","@id":"https:\/\/lospoliticosveracruz.com\/?p=159185#primaryimage","url":"https:\/\/lospoliticosveracruz.com\/wp-content\/uploads\/2025\/04\/Miguel-Valera.jpg","contentUrl":"https:\/\/lospoliticosveracruz.com\/wp-content\/uploads\/2025\/04\/Miguel-Valera.jpg","width":1250,"height":667},{"@type":"BreadcrumbList","@id":"https:\/\/lospoliticosveracruz.com\/?p=159185#breadcrumb","itemListElement":[{"@type":"ListItem","position":1,"name":"Portada","item":"https:\/\/lospoliticosveracruz.com\/"},{"@type":"ListItem","position":2,"name":"2026, PANORAMA SOMBR\u00cdO"}]},{"@type":"WebSite","@id":"https:\/\/lospoliticosveracruz.com\/#website","url":"https:\/\/lospoliticosveracruz.com\/","name":"Los pol\u00edticos Veracruz","description":"","publisher":{"@id":"https:\/\/lospoliticosveracruz.com\/#organization"},"potentialAction":[{"@type":"SearchAction","target":{"@type":"EntryPoint","urlTemplate":"https:\/\/lospoliticosveracruz.com\/?s={search_term_string}"},"query-input":{"@type":"PropertyValueSpecification","valueRequired":true,"valueName":"search_term_string"}}],"inLanguage":"es"},{"@type":"Organization","@id":"https:\/\/lospoliticosveracruz.com\/#organization","name":"Los pol\u00edticos Veracruz","url":"https:\/\/lospoliticosveracruz.com\/","logo":{"@type":"ImageObject","inLanguage":"es","@id":"https:\/\/lospoliticosveracruz.com\/#\/schema\/logo\/image\/","url":"https:\/\/lospoliticosveracruz.com\/wp-content\/uploads\/2025\/12\/Logo-Nuevo-LOS-POLITICOS-1.jpg","contentUrl":"https:\/\/lospoliticosveracruz.com\/wp-content\/uploads\/2025\/12\/Logo-Nuevo-LOS-POLITICOS-1.jpg","width":260,"height":70,"caption":"Los pol\u00edticos Veracruz"},"image":{"@id":"https:\/\/lospoliticosveracruz.com\/#\/schema\/logo\/image\/"},"sameAs":["https:\/\/www.facebook.com\/people\/Notimemes-de-los-Polticos\/61565672886568\/","https:\/\/x.com\/LosPoliticosVer"]},{"@type":"Person","@id":"https:\/\/lospoliticosveracruz.com\/#\/schema\/person\/b8702bb0e538456e6efd07080bf2a4a2","name":"Lo viste en Los Pol\u00edticos","image":{"@type":"ImageObject","inLanguage":"es","@id":"https:\/\/secure.gravatar.com\/avatar\/3a8de04a2656d44082be478bd6c086daa447c4651605818287b9532d3d0bd435?s=96&d=mm&r=g","url":"https:\/\/secure.gravatar.com\/avatar\/3a8de04a2656d44082be478bd6c086daa447c4651605818287b9532d3d0bd435?s=96&d=mm&r=g","contentUrl":"https:\/\/secure.gravatar.com\/avatar\/3a8de04a2656d44082be478bd6c086daa447c4651605818287b9532d3d0bd435?s=96&d=mm&r=g","caption":"Lo viste en Los Pol\u00edticos"},"url":"https:\/\/lospoliticosveracruz.com\/?author=2"}]}},"_links":{"self":[{"href":"https:\/\/lospoliticosveracruz.com\/index.php?rest_route=\/wp\/v2\/posts\/159185","targetHints":{"allow":["GET"]}}],"collection":[{"href":"https:\/\/lospoliticosveracruz.com\/index.php?rest_route=\/wp\/v2\/posts"}],"about":[{"href":"https:\/\/lospoliticosveracruz.com\/index.php?rest_route=\/wp\/v2\/types\/post"}],"author":[{"embeddable":true,"href":"https:\/\/lospoliticosveracruz.com\/index.php?rest_route=\/wp\/v2\/users\/2"}],"replies":[{"embeddable":true,"href":"https:\/\/lospoliticosveracruz.com\/index.php?rest_route=%2Fwp%2Fv2%2Fcomments&post=159185"}],"version-history":[{"count":1,"href":"https:\/\/lospoliticosveracruz.com\/index.php?rest_route=\/wp\/v2\/posts\/159185\/revisions"}],"predecessor-version":[{"id":159186,"href":"https:\/\/lospoliticosveracruz.com\/index.php?rest_route=\/wp\/v2\/posts\/159185\/revisions\/159186"}],"wp:featuredmedia":[{"embeddable":true,"href":"https:\/\/lospoliticosveracruz.com\/index.php?rest_route=\/wp\/v2\/media\/141429"}],"wp:attachment":[{"href":"https:\/\/lospoliticosveracruz.com\/index.php?rest_route=%2Fwp%2Fv2%2Fmedia&parent=159185"}],"wp:term":[{"taxonomy":"category","embeddable":true,"href":"https:\/\/lospoliticosveracruz.com\/index.php?rest_route=%2Fwp%2Fv2%2Fcategories&post=159185"},{"taxonomy":"post_tag","embeddable":true,"href":"https:\/\/lospoliticosveracruz.com\/index.php?rest_route=%2Fwp%2Fv2%2Ftags&post=159185"}],"curies":[{"name":"wp","href":"https:\/\/api.w.org\/{rel}","templated":true}]}}