{"id":159187,"date":"2025-12-29T09:33:37","date_gmt":"2025-12-29T15:33:37","guid":{"rendered":"https:\/\/lospoliticosveracruz.com\/?p=159187"},"modified":"2025-12-29T09:33:38","modified_gmt":"2025-12-29T15:33:38","slug":"el-agonizante-priismo-veracruzano","status":"publish","type":"post","link":"https:\/\/lospoliticosveracruz.com\/?p=159187","title":{"rendered":"EL AGONIZANTE PRI\u00cdSMO VERACRUZANO"},"content":{"rendered":"\n<p><strong>Yamiri Rodr\u00edguez Madrid<\/strong><\/p>\n\n\n\n<p><em>La vuelta a Veracruz en un teclazo<\/em><\/p>\n\n\n\n<p>Con m\u00e1s pena que gloria, este s\u00e1bado se efectu\u00f3 la toma de protesta de la nueva dirigencia estatal del Partido Revolucionario Institucional (PRI).&nbsp;&nbsp; Sin m\u00e1s aspirantes que Adolfo Ram\u00edrez Arana y Carolina Gudi\u00f1o Corro, un pu\u00f1ado de militantes se reuni\u00f3 en la sede en Xalapa para que no pasara el hecho como desapercibido. Muy atr\u00e1s quedaron esos a\u00f1os en los que la b\u00fasqueda de la dirigencia era una lucha intestina; en que no cab\u00eda ni un alfiler en el auditorio, en la periferia del edificio, cuando todos quer\u00edan ver y ser vistos.&nbsp;&nbsp; Ser el l\u00edder del tricolor pesaba; hoy, es una figura por dem\u00e1s desdibujada.&nbsp;<\/p>\n\n\n\n\n\n<p>Adolfo Ram\u00edrez, quien en su haber pol\u00edtico fue nada m\u00e1s y nada menos que presidente municipal de Paso de Ovejas, l\u00edder del Frente Juvenil Revolucionario y diputado local -la \u00fanica elecci\u00f3n que ha ganado-, repite como presidente del partido por otros tres a\u00f1os, pese a sus catastr\u00f3ficos resultados. En octubre de 2023 recibi\u00f3 su nombramiento, junto con Lorena Pi\u00f1\u00f3n, de manos de Alito Moreno. De esa fecha a ahora, se le fueron del partido centenares de militantes que hoy, en su mayor\u00eda, est\u00e1n bien acomodados en Morena, pero lo m\u00e1s importante es que perdi\u00f3 en las elecciones pasadas.<\/p>\n\n\n\n<p>Carolina Gudi\u00f1o viene de perder otra elecci\u00f3n, pues en junio fue derrotada estrepitosamente en la presidencia municipal porte\u00f1a ante la morenista Rosa Mar\u00eda Hern\u00e1ndez Espejo. La flamante secretaria del partido, ya fue presidenta municipal, diputada federal y local, pero en el a\u00f1o de la cachucha, en los tiempos del fidelato y el duartismo.<\/p>\n\n\n\n<p>El reto que tienen ante s\u00ed para 2027 es may\u00fasculo.&nbsp;&nbsp; Habr\u00e1 elecciones para renovar la C\u00e1mara de Diputados.&nbsp; En la actual Legislatura federal no tienen una solo curul ganada por el voto directo. Lorena Pi\u00f1\u00f3n lleg\u00f3 ah\u00ed por la v\u00eda plurinominal.&nbsp; El \u00faltimo diputado federal que tuvieron, el \u00fanico, fue en la pasada C\u00e1mara, con Pepe Yunes.<\/p>\n\n\n\n<p>Adolfo no solo perdi\u00f3 la gubernatura precisamente con Pepe Yunes, tambi\u00e9n perdi\u00f3 el Senado, y las dos presidencias municipales importantes que tienen en 2026 -Orizaba y Cosoleacaque-, no se ganaron por su operaci\u00f3n, sino a pesar de \u00e9l. En las urnas se llevaron solo 23 ayuntamientos, muy lejos de esos d\u00edas cuando ganaban con carro completo.<\/p>\n\n\n\n<p>Cada vez hay menos militancia priista en Veracruz; cada vez pesa menos lo que hagan o digan en el tablero pol\u00edtico-electoral. Movimiento Ciudadano le ha comido votos y, a como van, se van a quedar muy bien asentados, pero en el quinto lugar. Si Reyes Heroles viera a lo que ha llegado al PRI, se retorcer\u00eda en su tumba.<\/p>\n\n\n\n<p>@YamiriRodriguez<\/p>\n","protected":false},"excerpt":{"rendered":"<p>Yamiri Rodr\u00edguez Madrid La vuelta a Veracruz en un teclazo Con m\u00e1s pena que gloria, este s\u00e1bado se efectu\u00f3 la toma de protesta de la nueva dirigencia estatal del Partido Revolucionario Institucional (PRI).&nbsp;&nbsp; Sin m\u00e1s aspirantes que Adolfo Ram\u00edrez Arana y Carolina Gudi\u00f1o Corro, un pu\u00f1ado de militantes se reuni\u00f3 en la sede en Xalapa [&hellip;]<\/p>\n","protected":false},"author":2,"featured_media":141413,"comment_status":"closed","ping_status":"closed","sticky":false,"template":"","format":"standard","meta":{"tdm_status":"","tdm_grid_status":"","footnotes":""},"categories":[70],"tags":[47902,3952,251,195],"class_list":{"0":"post-159187","1":"post","2":"type-post","3":"status-publish","4":"format-standard","5":"has-post-thumbnail","7":"category-de-opinion","8":"tag-adolfo-ramirez-arana","9":"tag-carolina-gudino-corro","10":"tag-pri","11":"tag-veracruz"},"yoast_head":"<!-- This site is optimized with the Yoast SEO plugin v27.4 - https:\/\/yoast.com\/product\/yoast-seo-wordpress\/ -->\n<title>EL AGONIZANTE PRI\u00cdSMO VERACRUZANO - Los pol\u00edticos Veracruz<\/title>\n<meta name=\"robots\" content=\"index, follow, max-snippet:-1, max-image-preview:large, max-video-preview:-1\" \/>\n<link rel=\"canonical\" href=\"https:\/\/lospoliticosveracruz.com\/?p=159187\" \/>\n<meta property=\"og:locale\" content=\"es_ES\" \/>\n<meta property=\"og:type\" content=\"article\" \/>\n<meta property=\"og:title\" content=\"EL AGONIZANTE PRI\u00cdSMO VERACRUZANO - Los pol\u00edticos Veracruz\" \/>\n<meta property=\"og:description\" content=\"Yamiri Rodr\u00edguez Madrid La vuelta a Veracruz en un teclazo Con m\u00e1s pena que gloria, este s\u00e1bado se efectu\u00f3 la toma de protesta de la nueva dirigencia estatal del Partido Revolucionario Institucional (PRI).&nbsp;&nbsp; Sin m\u00e1s aspirantes que Adolfo Ram\u00edrez Arana y Carolina Gudi\u00f1o Corro, un pu\u00f1ado de militantes se reuni\u00f3 en la sede en Xalapa [&hellip;]\" \/>\n<meta property=\"og:url\" content=\"https:\/\/lospoliticosveracruz.com\/?p=159187\" \/>\n<meta property=\"og:site_name\" content=\"Los pol\u00edticos Veracruz\" \/>\n<meta property=\"article:publisher\" content=\"https:\/\/www.facebook.com\/people\/Notimemes-de-los-Polticos\/61565672886568\/\" \/>\n<meta property=\"article:published_time\" content=\"2025-12-29T15:33:37+00:00\" \/>\n<meta property=\"article:modified_time\" content=\"2025-12-29T15:33:38+00:00\" \/>\n<meta property=\"og:image\" content=\"https:\/\/lospoliticosveracruz.com\/wp-content\/uploads\/2025\/04\/Yamiri-Rodriguez-Madrid-e1768315710241.jpg\" \/>\n\t<meta property=\"og:image:width\" content=\"600\" \/>\n\t<meta property=\"og:image:height\" content=\"320\" \/>\n\t<meta property=\"og:image:type\" content=\"image\/jpeg\" \/>\n<meta name=\"author\" content=\"Lo viste en Los Pol\u00edticos\" \/>\n<meta name=\"twitter:card\" content=\"summary_large_image\" \/>\n<meta name=\"twitter:creator\" content=\"@LosPoliticosVer\" \/>\n<meta name=\"twitter:site\" content=\"@LosPoliticosVer\" \/>\n<meta name=\"twitter:label1\" content=\"Escrito por\" \/>\n\t<meta name=\"twitter:data1\" content=\"Lo viste en Los Pol\u00edticos\" \/>\n\t<meta name=\"twitter:label2\" content=\"Tiempo de lectura\" \/>\n\t<meta name=\"twitter:data2\" content=\"3 minutos\" \/>\n<script type=\"application\/ld+json\" class=\"yoast-schema-graph\">{\"@context\":\"https:\\\/\\\/schema.org\",\"@graph\":[{\"@type\":\"Article\",\"@id\":\"https:\\\/\\\/lospoliticosveracruz.com\\\/?p=159187#article\",\"isPartOf\":{\"@id\":\"https:\\\/\\\/lospoliticosveracruz.com\\\/?p=159187\"},\"author\":{\"name\":\"Lo viste en Los Pol\u00edticos\",\"@id\":\"https:\\\/\\\/lospoliticosveracruz.com\\\/#\\\/schema\\\/person\\\/b8702bb0e538456e6efd07080bf2a4a2\"},\"headline\":\"EL AGONIZANTE PRI\u00cdSMO VERACRUZANO\",\"datePublished\":\"2025-12-29T15:33:37+00:00\",\"dateModified\":\"2025-12-29T15:33:38+00:00\",\"mainEntityOfPage\":{\"@id\":\"https:\\\/\\\/lospoliticosveracruz.com\\\/?p=159187\"},\"wordCount\":490,\"publisher\":{\"@id\":\"https:\\\/\\\/lospoliticosveracruz.com\\\/#organization\"},\"image\":{\"@id\":\"https:\\\/\\\/lospoliticosveracruz.com\\\/?p=159187#primaryimage\"},\"thumbnailUrl\":\"https:\\\/\\\/lospoliticosveracruz.com\\\/wp-content\\\/uploads\\\/2025\\\/04\\\/Yamiri-Rodriguez-Madrid-e1768315710241.jpg\",\"keywords\":[\"Adolfo Ram\u00edrez Arana\",\"Carolina Gudi\u00f1o Corro\",\"PRI\",\"Veracruz\"],\"articleSection\":[\"De Opini\u00f3n\"],\"inLanguage\":\"es\"},{\"@type\":\"WebPage\",\"@id\":\"https:\\\/\\\/lospoliticosveracruz.com\\\/?p=159187\",\"url\":\"https:\\\/\\\/lospoliticosveracruz.com\\\/?p=159187\",\"name\":\"EL AGONIZANTE PRI\u00cdSMO VERACRUZANO - Los pol\u00edticos Veracruz\",\"isPartOf\":{\"@id\":\"https:\\\/\\\/lospoliticosveracruz.com\\\/#website\"},\"primaryImageOfPage\":{\"@id\":\"https:\\\/\\\/lospoliticosveracruz.com\\\/?p=159187#primaryimage\"},\"image\":{\"@id\":\"https:\\\/\\\/lospoliticosveracruz.com\\\/?p=159187#primaryimage\"},\"thumbnailUrl\":\"https:\\\/\\\/lospoliticosveracruz.com\\\/wp-content\\\/uploads\\\/2025\\\/04\\\/Yamiri-Rodriguez-Madrid-e1768315710241.jpg\",\"datePublished\":\"2025-12-29T15:33:37+00:00\",\"dateModified\":\"2025-12-29T15:33:38+00:00\",\"breadcrumb\":{\"@id\":\"https:\\\/\\\/lospoliticosveracruz.com\\\/?p=159187#breadcrumb\"},\"inLanguage\":\"es\",\"potentialAction\":[{\"@type\":\"ReadAction\",\"target\":[\"https:\\\/\\\/lospoliticosveracruz.com\\\/?p=159187\"]}]},{\"@type\":\"ImageObject\",\"inLanguage\":\"es\",\"@id\":\"https:\\\/\\\/lospoliticosveracruz.com\\\/?p=159187#primaryimage\",\"url\":\"https:\\\/\\\/lospoliticosveracruz.com\\\/wp-content\\\/uploads\\\/2025\\\/04\\\/Yamiri-Rodriguez-Madrid-e1768315710241.jpg\",\"contentUrl\":\"https:\\\/\\\/lospoliticosveracruz.com\\\/wp-content\\\/uploads\\\/2025\\\/04\\\/Yamiri-Rodriguez-Madrid-e1768315710241.jpg\",\"width\":600,\"height\":320},{\"@type\":\"BreadcrumbList\",\"@id\":\"https:\\\/\\\/lospoliticosveracruz.com\\\/?p=159187#breadcrumb\",\"itemListElement\":[{\"@type\":\"ListItem\",\"position\":1,\"name\":\"Portada\",\"item\":\"https:\\\/\\\/lospoliticosveracruz.com\\\/\"},{\"@type\":\"ListItem\",\"position\":2,\"name\":\"EL AGONIZANTE PRI\u00cdSMO VERACRUZANO\"}]},{\"@type\":\"WebSite\",\"@id\":\"https:\\\/\\\/lospoliticosveracruz.com\\\/#website\",\"url\":\"https:\\\/\\\/lospoliticosveracruz.com\\\/\",\"name\":\"Los pol\u00edticos Veracruz\",\"description\":\"\",\"publisher\":{\"@id\":\"https:\\\/\\\/lospoliticosveracruz.com\\\/#organization\"},\"potentialAction\":[{\"@type\":\"SearchAction\",\"target\":{\"@type\":\"EntryPoint\",\"urlTemplate\":\"https:\\\/\\\/lospoliticosveracruz.com\\\/?s={search_term_string}\"},\"query-input\":{\"@type\":\"PropertyValueSpecification\",\"valueRequired\":true,\"valueName\":\"search_term_string\"}}],\"inLanguage\":\"es\"},{\"@type\":\"Organization\",\"@id\":\"https:\\\/\\\/lospoliticosveracruz.com\\\/#organization\",\"name\":\"Los pol\u00edticos Veracruz\",\"url\":\"https:\\\/\\\/lospoliticosveracruz.com\\\/\",\"logo\":{\"@type\":\"ImageObject\",\"inLanguage\":\"es\",\"@id\":\"https:\\\/\\\/lospoliticosveracruz.com\\\/#\\\/schema\\\/logo\\\/image\\\/\",\"url\":\"https:\\\/\\\/lospoliticosveracruz.com\\\/wp-content\\\/uploads\\\/2025\\\/12\\\/Logo-Nuevo-LOS-POLITICOS-1.jpg\",\"contentUrl\":\"https:\\\/\\\/lospoliticosveracruz.com\\\/wp-content\\\/uploads\\\/2025\\\/12\\\/Logo-Nuevo-LOS-POLITICOS-1.jpg\",\"width\":260,\"height\":70,\"caption\":\"Los pol\u00edticos Veracruz\"},\"image\":{\"@id\":\"https:\\\/\\\/lospoliticosveracruz.com\\\/#\\\/schema\\\/logo\\\/image\\\/\"},\"sameAs\":[\"https:\\\/\\\/www.facebook.com\\\/people\\\/Notimemes-de-los-Polticos\\\/61565672886568\\\/\",\"https:\\\/\\\/x.com\\\/LosPoliticosVer\"]},{\"@type\":\"Person\",\"@id\":\"https:\\\/\\\/lospoliticosveracruz.com\\\/#\\\/schema\\\/person\\\/b8702bb0e538456e6efd07080bf2a4a2\",\"name\":\"Lo viste en Los Pol\u00edticos\",\"image\":{\"@type\":\"ImageObject\",\"inLanguage\":\"es\",\"@id\":\"https:\\\/\\\/secure.gravatar.com\\\/avatar\\\/3a8de04a2656d44082be478bd6c086daa447c4651605818287b9532d3d0bd435?s=96&d=mm&r=g\",\"url\":\"https:\\\/\\\/secure.gravatar.com\\\/avatar\\\/3a8de04a2656d44082be478bd6c086daa447c4651605818287b9532d3d0bd435?s=96&d=mm&r=g\",\"contentUrl\":\"https:\\\/\\\/secure.gravatar.com\\\/avatar\\\/3a8de04a2656d44082be478bd6c086daa447c4651605818287b9532d3d0bd435?s=96&d=mm&r=g\",\"caption\":\"Lo viste en Los Pol\u00edticos\"},\"url\":\"https:\\\/\\\/lospoliticosveracruz.com\\\/?author=2\"}]}<\/script>\n<!-- \/ Yoast SEO plugin. -->","yoast_head_json":{"title":"EL AGONIZANTE PRI\u00cdSMO VERACRUZANO - Los pol\u00edticos Veracruz","robots":{"index":"index","follow":"follow","max-snippet":"max-snippet:-1","max-image-preview":"max-image-preview:large","max-video-preview":"max-video-preview:-1"},"canonical":"https:\/\/lospoliticosveracruz.com\/?p=159187","og_locale":"es_ES","og_type":"article","og_title":"EL AGONIZANTE PRI\u00cdSMO VERACRUZANO - Los pol\u00edticos Veracruz","og_description":"Yamiri Rodr\u00edguez Madrid La vuelta a Veracruz en un teclazo Con m\u00e1s pena que gloria, este s\u00e1bado se efectu\u00f3 la toma de protesta de la nueva dirigencia estatal del Partido Revolucionario Institucional (PRI).&nbsp;&nbsp; Sin m\u00e1s aspirantes que Adolfo Ram\u00edrez Arana y Carolina Gudi\u00f1o Corro, un pu\u00f1ado de militantes se reuni\u00f3 en la sede en Xalapa [&hellip;]","og_url":"https:\/\/lospoliticosveracruz.com\/?p=159187","og_site_name":"Los pol\u00edticos Veracruz","article_publisher":"https:\/\/www.facebook.com\/people\/Notimemes-de-los-Polticos\/61565672886568\/","article_published_time":"2025-12-29T15:33:37+00:00","article_modified_time":"2025-12-29T15:33:38+00:00","og_image":[{"width":600,"height":320,"url":"https:\/\/lospoliticosveracruz.com\/wp-content\/uploads\/2025\/04\/Yamiri-Rodriguez-Madrid-e1768315710241.jpg","type":"image\/jpeg"}],"author":"Lo viste en Los Pol\u00edticos","twitter_card":"summary_large_image","twitter_creator":"@LosPoliticosVer","twitter_site":"@LosPoliticosVer","twitter_misc":{"Escrito por":"Lo viste en Los Pol\u00edticos","Tiempo de lectura":"3 minutos"},"schema":{"@context":"https:\/\/schema.org","@graph":[{"@type":"Article","@id":"https:\/\/lospoliticosveracruz.com\/?p=159187#article","isPartOf":{"@id":"https:\/\/lospoliticosveracruz.com\/?p=159187"},"author":{"name":"Lo viste en Los Pol\u00edticos","@id":"https:\/\/lospoliticosveracruz.com\/#\/schema\/person\/b8702bb0e538456e6efd07080bf2a4a2"},"headline":"EL AGONIZANTE PRI\u00cdSMO VERACRUZANO","datePublished":"2025-12-29T15:33:37+00:00","dateModified":"2025-12-29T15:33:38+00:00","mainEntityOfPage":{"@id":"https:\/\/lospoliticosveracruz.com\/?p=159187"},"wordCount":490,"publisher":{"@id":"https:\/\/lospoliticosveracruz.com\/#organization"},"image":{"@id":"https:\/\/lospoliticosveracruz.com\/?p=159187#primaryimage"},"thumbnailUrl":"https:\/\/lospoliticosveracruz.com\/wp-content\/uploads\/2025\/04\/Yamiri-Rodriguez-Madrid-e1768315710241.jpg","keywords":["Adolfo Ram\u00edrez Arana","Carolina Gudi\u00f1o Corro","PRI","Veracruz"],"articleSection":["De Opini\u00f3n"],"inLanguage":"es"},{"@type":"WebPage","@id":"https:\/\/lospoliticosveracruz.com\/?p=159187","url":"https:\/\/lospoliticosveracruz.com\/?p=159187","name":"EL AGONIZANTE PRI\u00cdSMO VERACRUZANO - Los pol\u00edticos Veracruz","isPartOf":{"@id":"https:\/\/lospoliticosveracruz.com\/#website"},"primaryImageOfPage":{"@id":"https:\/\/lospoliticosveracruz.com\/?p=159187#primaryimage"},"image":{"@id":"https:\/\/lospoliticosveracruz.com\/?p=159187#primaryimage"},"thumbnailUrl":"https:\/\/lospoliticosveracruz.com\/wp-content\/uploads\/2025\/04\/Yamiri-Rodriguez-Madrid-e1768315710241.jpg","datePublished":"2025-12-29T15:33:37+00:00","dateModified":"2025-12-29T15:33:38+00:00","breadcrumb":{"@id":"https:\/\/lospoliticosveracruz.com\/?p=159187#breadcrumb"},"inLanguage":"es","potentialAction":[{"@type":"ReadAction","target":["https:\/\/lospoliticosveracruz.com\/?p=159187"]}]},{"@type":"ImageObject","inLanguage":"es","@id":"https:\/\/lospoliticosveracruz.com\/?p=159187#primaryimage","url":"https:\/\/lospoliticosveracruz.com\/wp-content\/uploads\/2025\/04\/Yamiri-Rodriguez-Madrid-e1768315710241.jpg","contentUrl":"https:\/\/lospoliticosveracruz.com\/wp-content\/uploads\/2025\/04\/Yamiri-Rodriguez-Madrid-e1768315710241.jpg","width":600,"height":320},{"@type":"BreadcrumbList","@id":"https:\/\/lospoliticosveracruz.com\/?p=159187#breadcrumb","itemListElement":[{"@type":"ListItem","position":1,"name":"Portada","item":"https:\/\/lospoliticosveracruz.com\/"},{"@type":"ListItem","position":2,"name":"EL AGONIZANTE PRI\u00cdSMO VERACRUZANO"}]},{"@type":"WebSite","@id":"https:\/\/lospoliticosveracruz.com\/#website","url":"https:\/\/lospoliticosveracruz.com\/","name":"Los pol\u00edticos Veracruz","description":"","publisher":{"@id":"https:\/\/lospoliticosveracruz.com\/#organization"},"potentialAction":[{"@type":"SearchAction","target":{"@type":"EntryPoint","urlTemplate":"https:\/\/lospoliticosveracruz.com\/?s={search_term_string}"},"query-input":{"@type":"PropertyValueSpecification","valueRequired":true,"valueName":"search_term_string"}}],"inLanguage":"es"},{"@type":"Organization","@id":"https:\/\/lospoliticosveracruz.com\/#organization","name":"Los pol\u00edticos Veracruz","url":"https:\/\/lospoliticosveracruz.com\/","logo":{"@type":"ImageObject","inLanguage":"es","@id":"https:\/\/lospoliticosveracruz.com\/#\/schema\/logo\/image\/","url":"https:\/\/lospoliticosveracruz.com\/wp-content\/uploads\/2025\/12\/Logo-Nuevo-LOS-POLITICOS-1.jpg","contentUrl":"https:\/\/lospoliticosveracruz.com\/wp-content\/uploads\/2025\/12\/Logo-Nuevo-LOS-POLITICOS-1.jpg","width":260,"height":70,"caption":"Los pol\u00edticos Veracruz"},"image":{"@id":"https:\/\/lospoliticosveracruz.com\/#\/schema\/logo\/image\/"},"sameAs":["https:\/\/www.facebook.com\/people\/Notimemes-de-los-Polticos\/61565672886568\/","https:\/\/x.com\/LosPoliticosVer"]},{"@type":"Person","@id":"https:\/\/lospoliticosveracruz.com\/#\/schema\/person\/b8702bb0e538456e6efd07080bf2a4a2","name":"Lo viste en Los Pol\u00edticos","image":{"@type":"ImageObject","inLanguage":"es","@id":"https:\/\/secure.gravatar.com\/avatar\/3a8de04a2656d44082be478bd6c086daa447c4651605818287b9532d3d0bd435?s=96&d=mm&r=g","url":"https:\/\/secure.gravatar.com\/avatar\/3a8de04a2656d44082be478bd6c086daa447c4651605818287b9532d3d0bd435?s=96&d=mm&r=g","contentUrl":"https:\/\/secure.gravatar.com\/avatar\/3a8de04a2656d44082be478bd6c086daa447c4651605818287b9532d3d0bd435?s=96&d=mm&r=g","caption":"Lo viste en Los Pol\u00edticos"},"url":"https:\/\/lospoliticosveracruz.com\/?author=2"}]}},"_links":{"self":[{"href":"https:\/\/lospoliticosveracruz.com\/index.php?rest_route=\/wp\/v2\/posts\/159187","targetHints":{"allow":["GET"]}}],"collection":[{"href":"https:\/\/lospoliticosveracruz.com\/index.php?rest_route=\/wp\/v2\/posts"}],"about":[{"href":"https:\/\/lospoliticosveracruz.com\/index.php?rest_route=\/wp\/v2\/types\/post"}],"author":[{"embeddable":true,"href":"https:\/\/lospoliticosveracruz.com\/index.php?rest_route=\/wp\/v2\/users\/2"}],"replies":[{"embeddable":true,"href":"https:\/\/lospoliticosveracruz.com\/index.php?rest_route=%2Fwp%2Fv2%2Fcomments&post=159187"}],"version-history":[{"count":1,"href":"https:\/\/lospoliticosveracruz.com\/index.php?rest_route=\/wp\/v2\/posts\/159187\/revisions"}],"predecessor-version":[{"id":159188,"href":"https:\/\/lospoliticosveracruz.com\/index.php?rest_route=\/wp\/v2\/posts\/159187\/revisions\/159188"}],"wp:featuredmedia":[{"embeddable":true,"href":"https:\/\/lospoliticosveracruz.com\/index.php?rest_route=\/wp\/v2\/media\/141413"}],"wp:attachment":[{"href":"https:\/\/lospoliticosveracruz.com\/index.php?rest_route=%2Fwp%2Fv2%2Fmedia&parent=159187"}],"wp:term":[{"taxonomy":"category","embeddable":true,"href":"https:\/\/lospoliticosveracruz.com\/index.php?rest_route=%2Fwp%2Fv2%2Fcategories&post=159187"},{"taxonomy":"post_tag","embeddable":true,"href":"https:\/\/lospoliticosveracruz.com\/index.php?rest_route=%2Fwp%2Fv2%2Ftags&post=159187"}],"curies":[{"name":"wp","href":"https:\/\/api.w.org\/{rel}","templated":true}]}}