{"id":15919,"date":"2015-04-26T21:54:32","date_gmt":"2015-04-27T02:54:32","guid":{"rendered":"http:\/\/www.lospoliticosveracruz.com.mx\/?p=15919"},"modified":"2015-04-26T21:54:32","modified_gmt":"2015-04-27T02:54:32","slug":"la-boda-de-anahi-y-el-poder","status":"publish","type":"post","link":"https:\/\/lospoliticosveracruz.com\/?p=15919","title":{"rendered":"La boda de Anah\u00ed y el poder"},"content":{"rendered":"<p><a href=\"http:\/\/www.lospoliticosveracruz.com.mx\/wp-content\/uploads\/2015\/04\/Anah\u00ed-Velasco-Coello.jpeg\"><img loading=\"lazy\" decoding=\"async\" class=\"alignnone size-medium wp-image-15920\" src=\"http:\/\/www.lospoliticosveracruz.com.mx\/wp-content\/uploads\/2015\/04\/Anah\u00ed-Velasco-Coello-300x203.jpeg\" alt=\"Anah\u00ed Velasco Coello\" width=\"300\" height=\"203\" \/><\/a><\/p>\n<p><strong>Salvador Mu\u00f1oz<\/strong><\/p>\n<p><em>Los Pol\u00edticos<\/em><\/p>\n<p>La boda de Manuel \u201cEl G\u00fcero\u201d Velasco con la actriz Anah\u00ed pone al Gobernador de Chiapas en la carrera presidencial rumbo al 2018, por supuesto, gracias al imaginario de un sector de la poblaci\u00f3n, y que conste, no tanto por m\u00e9ritos sino quiz\u00e1s motivado por esa rara y extra\u00f1a relaci\u00f3n del poder pol\u00edtico con la far\u00e1ndula que, al menos en este gobierno federal, vive el pa\u00eds en carne propia con Ang\u00e9lica Rivera (La Gaviota) y Enrique Pe\u00f1a Nieto.<br \/>\nEse amasiato entre pol\u00edtica y far\u00e1ndula no es nuevo\u2026 ni exclusivo de M\u00e9xico\u2026 \u201cremember\u201d Marilyn Monroe y John F. Kennedy, aunque pareciera que en esas \u00e9pocas, un \u201caffaire\u201d de esta naturaleza bien podr\u00eda ser considerado como una \u201caventurilla\u201d a la que no hab\u00eda que tomar tan en serio, ni en Estados Unidos ni en nuestro pa\u00eds\u2026 hasta que Irma Serrano pas\u00f3 de la Rec\u00e1mara con el Presidente Gustavo D\u00edaz Ordaz, a la C\u00e1mara Baja y Alta, con diputados y senadores.<br \/>\nLos mexicanos bien debemos estar agradecidos con Jos\u00e9 L\u00f3pez Portillo porque tuvo la decencia de formalizar su relaci\u00f3n con Sasha Montenegro despu\u00e9s de la presidencia\u2026 hubiera sido muy feo haberla conocido como \u201cLa Primera Fichera de M\u00e9xico\u201d, en alusi\u00f3n a su participaci\u00f3n en esa famosa \u00e9poca del cine nacional relacionado al batacl\u00e1n y al burlesque.<br \/>\nY hablando de batacl\u00e1n, c\u00f3mo no recordar \u201cBatacl\u00e1n Mexicano\u201d y \u201cAd\u00e1n y Eva\u201d, las famosas pel\u00edculas que durante d\u00e9cadas, fueron censuradas en nuestro pa\u00eds, no s\u00e9 a ciencia cierta si por \u00f3rdenes del presidente Miguel Alem\u00e1n Vald\u00e9s o a petici\u00f3n de su hijo, Miguel Alem\u00e1n Velasco, casado con la bella actriz Christiane Martell, quien al desposarse con este veracruzano, volvi\u00f3 a usar su apellido (Magnani) y as\u00ed, en nuestro Palacio de Gobierno, no s\u00f3lo tuvimos como primera dama del estado a una actriz de renombre internacional, sino a una Miss Universo.<br \/>\nHistorias entorno a nuestros pol\u00edticos y nuestras estrellas del canal de las estrellas son muchas que tendr\u00edamos que recordar a Silvia Pinal, Victoria Ruffo y Mariagna Pratts en el pasado reciente y por supuesto, Ang\u00e9lica Rivera en nuestro presente inmediato, \u00a1pero qu\u00e9 chinga ser\u00eda tener a la RBD Anah\u00ed en nuestro futuro! aunque afortunadamente, la f\u00f3rmula \u201cpol\u00edtica y far\u00e1ndula\u201d se desgast\u00f3 en menos de dos a\u00f1os de sexenio. As\u00ed que, yo al menos, no le veo perfil a la grande al Charro Velasco\u2026 al menos que los mexicanos digan lo contrario.<\/p>\n<p>smcainito@gmail.com<\/p>\n","protected":false},"excerpt":{"rendered":"<p>Salvador Mu\u00f1oz Los Pol\u00edticos La boda de Manuel \u201cEl G\u00fcero\u201d Velasco con la actriz Anah\u00ed pone al Gobernador de Chiapas en la carrera presidencial rumbo al 2018, por supuesto, gracias al imaginario de un sector de la poblaci\u00f3n, y que conste, no tanto por m\u00e9ritos sino quiz\u00e1s motivado por esa rara y extra\u00f1a relaci\u00f3n del [&hellip;]<\/p>\n","protected":false},"author":2,"featured_media":0,"comment_status":"open","ping_status":"open","sticky":false,"template":"","format":"standard","meta":{"tdm_status":"","tdm_grid_status":"","footnotes":""},"categories":[70],"tags":[212,164,281,2548,2547,2549,2550,964,2546,215],"class_list":{"0":"post-15919","1":"post","2":"type-post","3":"status-publish","4":"format-standard","6":"category-de-opinion","7":"tag-angelica-rivera","8":"tag-diaz-ordaz","9":"tag-enrique-pena-nieto","10":"tag-irma-serrano","11":"tag-john-f-kennedy","12":"tag-lopez-portillo","13":"tag-magnani","14":"tag-manuel-velasco-coello","15":"tag-marilyn-monroe","16":"tag-sasha-montenegro"},"yoast_head":"<!-- This site is optimized with the Yoast SEO plugin v27.4 - https:\/\/yoast.com\/product\/yoast-seo-wordpress\/ -->\n<title>La boda de Anah\u00ed y el poder - Los pol\u00edticos Veracruz<\/title>\n<meta name=\"robots\" content=\"index, follow, max-snippet:-1, max-image-preview:large, max-video-preview:-1\" \/>\n<link rel=\"canonical\" href=\"https:\/\/lospoliticosveracruz.com\/?p=15919\" \/>\n<meta property=\"og:locale\" content=\"es_ES\" \/>\n<meta property=\"og:type\" content=\"article\" \/>\n<meta property=\"og:title\" content=\"La boda de Anah\u00ed y el poder - Los pol\u00edticos Veracruz\" \/>\n<meta property=\"og:description\" content=\"Salvador Mu\u00f1oz Los Pol\u00edticos La boda de Manuel \u201cEl G\u00fcero\u201d Velasco con la actriz Anah\u00ed pone al Gobernador de Chiapas en la carrera presidencial rumbo al 2018, por supuesto, gracias al imaginario de un sector de la poblaci\u00f3n, y que conste, no tanto por m\u00e9ritos sino quiz\u00e1s motivado por esa rara y extra\u00f1a relaci\u00f3n del [&hellip;]\" \/>\n<meta property=\"og:url\" content=\"https:\/\/lospoliticosveracruz.com\/?p=15919\" \/>\n<meta property=\"og:site_name\" content=\"Los pol\u00edticos Veracruz\" \/>\n<meta property=\"article:publisher\" content=\"https:\/\/www.facebook.com\/people\/Notimemes-de-los-Polticos\/61565672886568\/\" \/>\n<meta property=\"article:published_time\" content=\"2015-04-27T02:54:32+00:00\" \/>\n<meta property=\"og:image\" content=\"https:\/\/lospoliticosveracruz.com\/wp-content\/uploads\/2016\/07\/Logo-Dor.jpg\" \/>\n\t<meta property=\"og:image:width\" content=\"200\" \/>\n\t<meta property=\"og:image:height\" content=\"200\" \/>\n\t<meta property=\"og:image:type\" content=\"image\/jpeg\" \/>\n<meta name=\"author\" content=\"Lo viste en Los Pol\u00edticos\" \/>\n<meta name=\"twitter:card\" content=\"summary_large_image\" \/>\n<meta name=\"twitter:creator\" content=\"@LosPoliticosVer\" \/>\n<meta name=\"twitter:site\" content=\"@LosPoliticosVer\" \/>\n<meta name=\"twitter:label1\" content=\"Escrito por\" \/>\n\t<meta name=\"twitter:data1\" content=\"Lo viste en Los Pol\u00edticos\" \/>\n\t<meta name=\"twitter:label2\" content=\"Tiempo de lectura\" \/>\n\t<meta name=\"twitter:data2\" content=\"2 minutos\" \/>\n<script type=\"application\/ld+json\" class=\"yoast-schema-graph\">{\"@context\":\"https:\\\/\\\/schema.org\",\"@graph\":[{\"@type\":\"Article\",\"@id\":\"https:\\\/\\\/lospoliticosveracruz.com\\\/?p=15919#article\",\"isPartOf\":{\"@id\":\"https:\\\/\\\/lospoliticosveracruz.com\\\/?p=15919\"},\"author\":{\"name\":\"Lo viste en Los Pol\u00edticos\",\"@id\":\"https:\\\/\\\/lospoliticosveracruz.com\\\/#\\\/schema\\\/person\\\/b8702bb0e538456e6efd07080bf2a4a2\"},\"headline\":\"La boda de Anah\u00ed y el poder\",\"datePublished\":\"2015-04-27T02:54:32+00:00\",\"mainEntityOfPage\":{\"@id\":\"https:\\\/\\\/lospoliticosveracruz.com\\\/?p=15919\"},\"wordCount\":457,\"commentCount\":0,\"publisher\":{\"@id\":\"https:\\\/\\\/lospoliticosveracruz.com\\\/#organization\"},\"keywords\":[\"Ang\u00e9lica Rivera\",\"D\u00edaz Ordaz\",\"Enrique Pe\u00f1a Nieto\",\"Irma Serrano\",\"John F. Kennedy\",\"L\u00f3pez Portillo\",\"Magnani\",\"Manuel Velasco Coello\",\"Marilyn Monroe\",\"Sasha Montenegro\"],\"articleSection\":[\"De Opini\u00f3n\"],\"inLanguage\":\"es\",\"potentialAction\":[{\"@type\":\"CommentAction\",\"name\":\"Comment\",\"target\":[\"https:\\\/\\\/lospoliticosveracruz.com\\\/?p=15919#respond\"]}]},{\"@type\":\"WebPage\",\"@id\":\"https:\\\/\\\/lospoliticosveracruz.com\\\/?p=15919\",\"url\":\"https:\\\/\\\/lospoliticosveracruz.com\\\/?p=15919\",\"name\":\"La boda de Anah\u00ed y el poder - Los pol\u00edticos Veracruz\",\"isPartOf\":{\"@id\":\"https:\\\/\\\/lospoliticosveracruz.com\\\/#website\"},\"datePublished\":\"2015-04-27T02:54:32+00:00\",\"breadcrumb\":{\"@id\":\"https:\\\/\\\/lospoliticosveracruz.com\\\/?p=15919#breadcrumb\"},\"inLanguage\":\"es\",\"potentialAction\":[{\"@type\":\"ReadAction\",\"target\":[\"https:\\\/\\\/lospoliticosveracruz.com\\\/?p=15919\"]}]},{\"@type\":\"BreadcrumbList\",\"@id\":\"https:\\\/\\\/lospoliticosveracruz.com\\\/?p=15919#breadcrumb\",\"itemListElement\":[{\"@type\":\"ListItem\",\"position\":1,\"name\":\"Portada\",\"item\":\"https:\\\/\\\/lospoliticosveracruz.com\\\/\"},{\"@type\":\"ListItem\",\"position\":2,\"name\":\"La boda de Anah\u00ed y el poder\"}]},{\"@type\":\"WebSite\",\"@id\":\"https:\\\/\\\/lospoliticosveracruz.com\\\/#website\",\"url\":\"https:\\\/\\\/lospoliticosveracruz.com\\\/\",\"name\":\"Los pol\u00edticos Veracruz\",\"description\":\"\",\"publisher\":{\"@id\":\"https:\\\/\\\/lospoliticosveracruz.com\\\/#organization\"},\"potentialAction\":[{\"@type\":\"SearchAction\",\"target\":{\"@type\":\"EntryPoint\",\"urlTemplate\":\"https:\\\/\\\/lospoliticosveracruz.com\\\/?s={search_term_string}\"},\"query-input\":{\"@type\":\"PropertyValueSpecification\",\"valueRequired\":true,\"valueName\":\"search_term_string\"}}],\"inLanguage\":\"es\"},{\"@type\":\"Organization\",\"@id\":\"https:\\\/\\\/lospoliticosveracruz.com\\\/#organization\",\"name\":\"Los pol\u00edticos Veracruz\",\"url\":\"https:\\\/\\\/lospoliticosveracruz.com\\\/\",\"logo\":{\"@type\":\"ImageObject\",\"inLanguage\":\"es\",\"@id\":\"https:\\\/\\\/lospoliticosveracruz.com\\\/#\\\/schema\\\/logo\\\/image\\\/\",\"url\":\"https:\\\/\\\/lospoliticosveracruz.com\\\/wp-content\\\/uploads\\\/2025\\\/12\\\/Logo-Nuevo-LOS-POLITICOS-1.jpg\",\"contentUrl\":\"https:\\\/\\\/lospoliticosveracruz.com\\\/wp-content\\\/uploads\\\/2025\\\/12\\\/Logo-Nuevo-LOS-POLITICOS-1.jpg\",\"width\":260,\"height\":70,\"caption\":\"Los pol\u00edticos Veracruz\"},\"image\":{\"@id\":\"https:\\\/\\\/lospoliticosveracruz.com\\\/#\\\/schema\\\/logo\\\/image\\\/\"},\"sameAs\":[\"https:\\\/\\\/www.facebook.com\\\/people\\\/Notimemes-de-los-Polticos\\\/61565672886568\\\/\",\"https:\\\/\\\/x.com\\\/LosPoliticosVer\"]},{\"@type\":\"Person\",\"@id\":\"https:\\\/\\\/lospoliticosveracruz.com\\\/#\\\/schema\\\/person\\\/b8702bb0e538456e6efd07080bf2a4a2\",\"name\":\"Lo viste en Los Pol\u00edticos\",\"image\":{\"@type\":\"ImageObject\",\"inLanguage\":\"es\",\"@id\":\"https:\\\/\\\/secure.gravatar.com\\\/avatar\\\/3a8de04a2656d44082be478bd6c086daa447c4651605818287b9532d3d0bd435?s=96&d=mm&r=g\",\"url\":\"https:\\\/\\\/secure.gravatar.com\\\/avatar\\\/3a8de04a2656d44082be478bd6c086daa447c4651605818287b9532d3d0bd435?s=96&d=mm&r=g\",\"contentUrl\":\"https:\\\/\\\/secure.gravatar.com\\\/avatar\\\/3a8de04a2656d44082be478bd6c086daa447c4651605818287b9532d3d0bd435?s=96&d=mm&r=g\",\"caption\":\"Lo viste en Los Pol\u00edticos\"},\"url\":\"https:\\\/\\\/lospoliticosveracruz.com\\\/?author=2\"}]}<\/script>\n<!-- \/ Yoast SEO plugin. -->","yoast_head_json":{"title":"La boda de Anah\u00ed y el poder - Los pol\u00edticos Veracruz","robots":{"index":"index","follow":"follow","max-snippet":"max-snippet:-1","max-image-preview":"max-image-preview:large","max-video-preview":"max-video-preview:-1"},"canonical":"https:\/\/lospoliticosveracruz.com\/?p=15919","og_locale":"es_ES","og_type":"article","og_title":"La boda de Anah\u00ed y el poder - Los pol\u00edticos Veracruz","og_description":"Salvador Mu\u00f1oz Los Pol\u00edticos La boda de Manuel \u201cEl G\u00fcero\u201d Velasco con la actriz Anah\u00ed pone al Gobernador de Chiapas en la carrera presidencial rumbo al 2018, por supuesto, gracias al imaginario de un sector de la poblaci\u00f3n, y que conste, no tanto por m\u00e9ritos sino quiz\u00e1s motivado por esa rara y extra\u00f1a relaci\u00f3n del [&hellip;]","og_url":"https:\/\/lospoliticosveracruz.com\/?p=15919","og_site_name":"Los pol\u00edticos Veracruz","article_publisher":"https:\/\/www.facebook.com\/people\/Notimemes-de-los-Polticos\/61565672886568\/","article_published_time":"2015-04-27T02:54:32+00:00","og_image":[{"width":200,"height":200,"url":"https:\/\/lospoliticosveracruz.com\/wp-content\/uploads\/2016\/07\/Logo-Dor.jpg","type":"image\/jpeg"}],"author":"Lo viste en Los Pol\u00edticos","twitter_card":"summary_large_image","twitter_creator":"@LosPoliticosVer","twitter_site":"@LosPoliticosVer","twitter_misc":{"Escrito por":"Lo viste en Los Pol\u00edticos","Tiempo de lectura":"2 minutos"},"schema":{"@context":"https:\/\/schema.org","@graph":[{"@type":"Article","@id":"https:\/\/lospoliticosveracruz.com\/?p=15919#article","isPartOf":{"@id":"https:\/\/lospoliticosveracruz.com\/?p=15919"},"author":{"name":"Lo viste en Los Pol\u00edticos","@id":"https:\/\/lospoliticosveracruz.com\/#\/schema\/person\/b8702bb0e538456e6efd07080bf2a4a2"},"headline":"La boda de Anah\u00ed y el poder","datePublished":"2015-04-27T02:54:32+00:00","mainEntityOfPage":{"@id":"https:\/\/lospoliticosveracruz.com\/?p=15919"},"wordCount":457,"commentCount":0,"publisher":{"@id":"https:\/\/lospoliticosveracruz.com\/#organization"},"keywords":["Ang\u00e9lica Rivera","D\u00edaz Ordaz","Enrique Pe\u00f1a Nieto","Irma Serrano","John F. Kennedy","L\u00f3pez Portillo","Magnani","Manuel Velasco Coello","Marilyn Monroe","Sasha Montenegro"],"articleSection":["De Opini\u00f3n"],"inLanguage":"es","potentialAction":[{"@type":"CommentAction","name":"Comment","target":["https:\/\/lospoliticosveracruz.com\/?p=15919#respond"]}]},{"@type":"WebPage","@id":"https:\/\/lospoliticosveracruz.com\/?p=15919","url":"https:\/\/lospoliticosveracruz.com\/?p=15919","name":"La boda de Anah\u00ed y el poder - Los pol\u00edticos Veracruz","isPartOf":{"@id":"https:\/\/lospoliticosveracruz.com\/#website"},"datePublished":"2015-04-27T02:54:32+00:00","breadcrumb":{"@id":"https:\/\/lospoliticosveracruz.com\/?p=15919#breadcrumb"},"inLanguage":"es","potentialAction":[{"@type":"ReadAction","target":["https:\/\/lospoliticosveracruz.com\/?p=15919"]}]},{"@type":"BreadcrumbList","@id":"https:\/\/lospoliticosveracruz.com\/?p=15919#breadcrumb","itemListElement":[{"@type":"ListItem","position":1,"name":"Portada","item":"https:\/\/lospoliticosveracruz.com\/"},{"@type":"ListItem","position":2,"name":"La boda de Anah\u00ed y el poder"}]},{"@type":"WebSite","@id":"https:\/\/lospoliticosveracruz.com\/#website","url":"https:\/\/lospoliticosveracruz.com\/","name":"Los pol\u00edticos Veracruz","description":"","publisher":{"@id":"https:\/\/lospoliticosveracruz.com\/#organization"},"potentialAction":[{"@type":"SearchAction","target":{"@type":"EntryPoint","urlTemplate":"https:\/\/lospoliticosveracruz.com\/?s={search_term_string}"},"query-input":{"@type":"PropertyValueSpecification","valueRequired":true,"valueName":"search_term_string"}}],"inLanguage":"es"},{"@type":"Organization","@id":"https:\/\/lospoliticosveracruz.com\/#organization","name":"Los pol\u00edticos Veracruz","url":"https:\/\/lospoliticosveracruz.com\/","logo":{"@type":"ImageObject","inLanguage":"es","@id":"https:\/\/lospoliticosveracruz.com\/#\/schema\/logo\/image\/","url":"https:\/\/lospoliticosveracruz.com\/wp-content\/uploads\/2025\/12\/Logo-Nuevo-LOS-POLITICOS-1.jpg","contentUrl":"https:\/\/lospoliticosveracruz.com\/wp-content\/uploads\/2025\/12\/Logo-Nuevo-LOS-POLITICOS-1.jpg","width":260,"height":70,"caption":"Los pol\u00edticos Veracruz"},"image":{"@id":"https:\/\/lospoliticosveracruz.com\/#\/schema\/logo\/image\/"},"sameAs":["https:\/\/www.facebook.com\/people\/Notimemes-de-los-Polticos\/61565672886568\/","https:\/\/x.com\/LosPoliticosVer"]},{"@type":"Person","@id":"https:\/\/lospoliticosveracruz.com\/#\/schema\/person\/b8702bb0e538456e6efd07080bf2a4a2","name":"Lo viste en Los Pol\u00edticos","image":{"@type":"ImageObject","inLanguage":"es","@id":"https:\/\/secure.gravatar.com\/avatar\/3a8de04a2656d44082be478bd6c086daa447c4651605818287b9532d3d0bd435?s=96&d=mm&r=g","url":"https:\/\/secure.gravatar.com\/avatar\/3a8de04a2656d44082be478bd6c086daa447c4651605818287b9532d3d0bd435?s=96&d=mm&r=g","contentUrl":"https:\/\/secure.gravatar.com\/avatar\/3a8de04a2656d44082be478bd6c086daa447c4651605818287b9532d3d0bd435?s=96&d=mm&r=g","caption":"Lo viste en Los Pol\u00edticos"},"url":"https:\/\/lospoliticosveracruz.com\/?author=2"}]}},"_links":{"self":[{"href":"https:\/\/lospoliticosveracruz.com\/index.php?rest_route=\/wp\/v2\/posts\/15919","targetHints":{"allow":["GET"]}}],"collection":[{"href":"https:\/\/lospoliticosveracruz.com\/index.php?rest_route=\/wp\/v2\/posts"}],"about":[{"href":"https:\/\/lospoliticosveracruz.com\/index.php?rest_route=\/wp\/v2\/types\/post"}],"author":[{"embeddable":true,"href":"https:\/\/lospoliticosveracruz.com\/index.php?rest_route=\/wp\/v2\/users\/2"}],"replies":[{"embeddable":true,"href":"https:\/\/lospoliticosveracruz.com\/index.php?rest_route=%2Fwp%2Fv2%2Fcomments&post=15919"}],"version-history":[{"count":1,"href":"https:\/\/lospoliticosveracruz.com\/index.php?rest_route=\/wp\/v2\/posts\/15919\/revisions"}],"predecessor-version":[{"id":15921,"href":"https:\/\/lospoliticosveracruz.com\/index.php?rest_route=\/wp\/v2\/posts\/15919\/revisions\/15921"}],"wp:attachment":[{"href":"https:\/\/lospoliticosveracruz.com\/index.php?rest_route=%2Fwp%2Fv2%2Fmedia&parent=15919"}],"wp:term":[{"taxonomy":"category","embeddable":true,"href":"https:\/\/lospoliticosveracruz.com\/index.php?rest_route=%2Fwp%2Fv2%2Fcategories&post=15919"},{"taxonomy":"post_tag","embeddable":true,"href":"https:\/\/lospoliticosveracruz.com\/index.php?rest_route=%2Fwp%2Fv2%2Ftags&post=15919"}],"curies":[{"name":"wp","href":"https:\/\/api.w.org\/{rel}","templated":true}]}}