{"id":159201,"date":"2025-12-29T14:08:00","date_gmt":"2025-12-29T20:08:00","guid":{"rendered":"https:\/\/lospoliticosveracruz.com\/?p=159201"},"modified":"2025-12-29T14:08:01","modified_gmt":"2025-12-29T20:08:01","slug":"fracaso-anunciado-2","status":"publish","type":"post","link":"https:\/\/lospoliticosveracruz.com\/?p=159201","title":{"rendered":"FRACASO ANUNCIADO"},"content":{"rendered":"\n<p>A escasas horas de concluir el a\u00f1o 2025, el Sistema de Recaudaci\u00f3n del Estado de Veracruz presenta fallas graves, intermitencias constantes y ca\u00eddas prolongadas que paralizaron tr\u00e1mites y saturaron oficinas de Hacienda el d\u00eda de hoy.<\/p>\n\n\n\n<p>El mensaje que todos los dias escuchan los contribuyentes \u201c\u00a1Se cayo el sistema!\u201d<\/p>\n\n\n\n<p>Lo que deb\u00eda ser un proceso administrativo controlado, como el canje de placas de motocicletas, termin\u00f3 por colapsar un sistema que presume modernizaci\u00f3n, pero opera peor que en administraciones anteriores; pese a que durante las ultimas semanas del a\u00f1o la SEFIPLAN suspendi\u00f3 la expedici\u00f3n de placas de autom\u00f3viles y camiones, con la finalidad de mantener \u00fanicamente la atenci\u00f3n para el canje de placas de motocicletas y tramites de Transporte Publico; y ni aun as\u00ed fue suficiente.<\/p>\n\n\n\n<p>El resultado es claro: contribuyentes molestos, trabajadores rebasados y una administraci\u00f3n estatal exhibida por su falta de planeaci\u00f3n y liderazgo y los usuarios han denunciador en redes sociales que los retrasos y fallas del sistema han ido m\u00e1s all\u00e1 de todo limite soportable.<\/p>\n\n\n\n<p>La saturaci\u00f3n en las Oficinas de Hacienda en semanas recientes, ha llevado a incluso a contribuyentes a pernoctar para intentar obtener un turno, seg\u00fan reportes de asociaciones del sector automotriz, las medidas de suspensi\u00f3n de tramites de alta de veh\u00edculos nuevos y seminuevos disminuyo en la temporada alta, algunos vi\u00e9ndose obligados a cancelar compras o elegir en comprar en Puebla y Tlaxcala donde los tramites de emplacamiento son m\u00e1s flexibles.<\/p>\n\n\n\n<p><strong>SIN LIDERAZGO, EL FRACASO ERA INEVITABLE<\/strong><\/p>\n\n\n\n<p>Si bien no hay un reconocimiento oficial de un \u201ccolapso total\u201d del sistema de recaudaci\u00f3n, las pruebas acumuladas sugieren que la atenci\u00f3n este lejos de funcionar con normalidad, y que el retraso y suspensi\u00f3n de tramites esenciales alimentan la percepci\u00f3n de un sistema rezagado y mal dise\u00f1ado.<\/p>\n\n\n\n<p>El canje de motocicletas, que apenas representa alrededor del 15% del parque vehicular estatal, result\u00f3 demasiado para una estructura administrativa debilitada y mal dirigida.<\/p>\n\n\n\n<p>El Sistema de Recaudaci\u00f3n, vigente desde 2003, nunca hab\u00eda fallado de esta forma ni siquiera durante canjes masivos en 2006, 2009, 2011, 2017, 2019 o 2023.<\/p>\n\n\n\n<p>Hoy, bajo el discurso del \u201cnuevo sistema\u201d que ser\u00eda la joya de la recaudaci\u00f3n, la realidad es un servicio m\u00e1s lento, m\u00e1s fr\u00e1gil y menos confiable.<\/p>\n\n\n\n<p><strong>HOSTIGAMIENTO INTERNO Y DESMANTELAMIENTO OPERATIVO.<\/strong><\/p>\n\n\n\n<p>Lejos de fortalecer \u00e1reas clave con personal experimentado, la Direcci\u00f3n de Recaudaci\u00f3n opt\u00f3 por perseguir y acosar a trabajadores mediante actas administrativas y sanciones constantes.<\/p>\n\n\n\n<p>La consecuencia fue inmediata: desmotivaci\u00f3n, fuga de personal con experiencia y oficinas operando con m\u00ednimos recursos en el periodo m\u00e1s cr\u00edtico del a\u00f1o.<\/p>\n\n\n\n<p>El discurso oficial de \u201camor con amor se paga\u201d se estrell\u00f3 contra la realidad de maltrato laboral y caos operativo.<\/p>\n\n\n\n<p><strong>EL CONTRIBUYENTE, REH\u00c9N DE LA INCOMPETENCIA.<\/strong><\/p>\n\n\n\n<p>Quien termin\u00f3 pagando el precio fue el ciudadano cumplido, enfrentando tr\u00e1mites inconclusos, pagos sin concluir procesos y horas perdidas frente a sistemas ca\u00eddos.<\/p>\n\n\n\n<p>Las fallas diarias del sistema generaron filas interminables, enojo social y una imagen de total desorden administrativo.<\/p>\n\n\n\n<p>El cierre de a\u00f1o se convirti\u00f3 en un viacrucis para miles de veracruzanos que solo buscaban cumplir con sus obligaciones fiscales.<\/p>\n\n\n\n<p><strong>CONTRATOS, CAJEROS IN\u00daTILES Y SISTEMAS QUE NO FUNCIONAN.<\/strong><\/p>\n\n\n\n<p>Surgen preguntas inevitables sobre qui\u00e9n autoriz\u00f3 el pago de cajeros para cobro de impuestos que hoy permanecen inactivos y acumulando polvo.<\/p>\n\n\n\n<p>Tambi\u00e9n qui\u00e9n aval\u00f3 contratos para un sistema de canje vehicular y recaudaci\u00f3n que, pese a ser \u201cnuevo\u201d, funciona peor que el anterior.<\/p>\n\n\n\n<p>Si hubo modernizaci\u00f3n, \u00bfqui\u00e9n meti\u00f3 mano y qui\u00e9n se enriqueci\u00f3 en el proceso?<\/p>\n\n\n\n<p>Es urgente que comience un rescate de los sistemas tecnol\u00f3gicos y que dicha transici\u00f3n de sistemas se lleve a cabo antes de un canje masivo de placas; porque de seguir por el mismo rumbo solo ser\u00e1 m\u00e1s visible la ineptitud de la actual administraci\u00f3n.<\/p>\n\n\n\n<p>Urge la modernizaci\u00f3n de los procesos de registro vehicular, recaudaci\u00f3n, dignificaci\u00f3n de oficinas de hacienda con imagen y equipamiento; pero sobre todo la dignificaci\u00f3n de los empleados con mejores salarios y trato; ya que son quienes al d\u00eda de hoy est\u00e1n sacando este barco a flote, pero el descontento es claro; y no creo que le soporten mucho los malos tratos del Director de Recaudaci\u00f3n.<\/p>\n\n\n\n<p><strong>ADVERTENCIA PARA 2026: EL RIESGO ES MAYOR.<\/strong><\/p>\n\n\n\n<p>Lo ocurrido en 2025 es una se\u00f1al clara de lo que puede suceder en el canje masivo vehicular previsto para 2026.<\/p>\n\n\n\n<p>Si la administraci\u00f3n no pudo con el canje de motocicletas, el escenario futuro apunta a un colapso de mayores dimensiones.<\/p>\n\n\n\n<p>La falta de capacidad demostrada hoy anticipa un problema mucho m\u00e1s grave ma\u00f1ana.<\/p>\n\n\n\n<p><strong>O CORRIGEN EL RUMBO O EL BARCO SE HUNDE.<\/strong><\/p>\n\n\n\n<p>Roc\u00edo Nahle a\u00fan puede dar un golpe de tim\u00f3n y hacer los ajustes necesarios en su equipo de recaudaci\u00f3n; pues a todas luces queda muy mal la capacidad de operaci\u00f3n recaudatoria bajo esta administracion presente encabezada por un Director de Recaudaci\u00f3n que no recauda.<\/p>\n\n\n\n<p>Ser\u00e1 inevitable remover a funcionarios que han demostrado incapacidad y recomponer la relaci\u00f3n con el personal operativo; \u00bfHabr\u00e1 responsabilidades pol\u00edticas y administrativas por las deficiencias registradas?<\/p>\n\n\n\n<p>De no hacerlo, el gobierno estatal avanza como el Titanic: con m\u00fasica, discurso y rumbo directo al iceberg.<\/p>\n","protected":false},"excerpt":{"rendered":"<p>A escasas horas de concluir el a\u00f1o 2025, el Sistema de Recaudaci\u00f3n del Estado de Veracruz presenta fallas graves, intermitencias constantes y ca\u00eddas prolongadas que paralizaron tr\u00e1mites y saturaron oficinas de Hacienda el d\u00eda de hoy. El mensaje que todos los dias escuchan los contribuyentes \u201c\u00a1Se cayo el sistema!\u201d Lo que deb\u00eda ser un proceso [&hellip;]<\/p>\n","protected":false},"author":2,"featured_media":159202,"comment_status":"closed","ping_status":"closed","sticky":false,"template":"","format":"standard","meta":{"tdm_status":"","tdm_grid_status":"","footnotes":""},"categories":[74],"tags":[48249,48248,48247,48251,48252,48250],"class_list":{"0":"post-159201","1":"post","2":"type-post","3":"status-publish","4":"format-standard","5":"has-post-thumbnail","7":"category-lavadero","8":"tag-canje-placas-motocicletas","9":"tag-colapso-administrativo-estatal","10":"tag-crisis-recaudacion-veracruz","11":"tag-fallas-sefiplan","12":"tag-gestion-rocio-nahle","13":"tag-modernizacion-fallida-veracruz"},"yoast_head":"<!-- This site is optimized with the Yoast SEO plugin v27.4 - https:\/\/yoast.com\/product\/yoast-seo-wordpress\/ -->\n<title>FRACASO ANUNCIADO - Los pol\u00edticos Veracruz<\/title>\n<meta name=\"robots\" content=\"index, follow, max-snippet:-1, max-image-preview:large, max-video-preview:-1\" \/>\n<link rel=\"canonical\" href=\"https:\/\/lospoliticosveracruz.com\/?p=159201\" \/>\n<meta property=\"og:locale\" content=\"es_ES\" \/>\n<meta property=\"og:type\" content=\"article\" \/>\n<meta property=\"og:title\" content=\"FRACASO ANUNCIADO - Los pol\u00edticos Veracruz\" \/>\n<meta property=\"og:description\" content=\"A escasas horas de concluir el a\u00f1o 2025, el Sistema de Recaudaci\u00f3n del Estado de Veracruz presenta fallas graves, intermitencias constantes y ca\u00eddas prolongadas que paralizaron tr\u00e1mites y saturaron oficinas de Hacienda el d\u00eda de hoy. El mensaje que todos los dias escuchan los contribuyentes \u201c\u00a1Se cayo el sistema!\u201d Lo que deb\u00eda ser un proceso [&hellip;]\" \/>\n<meta property=\"og:url\" content=\"https:\/\/lospoliticosveracruz.com\/?p=159201\" \/>\n<meta property=\"og:site_name\" content=\"Los pol\u00edticos Veracruz\" \/>\n<meta property=\"article:publisher\" content=\"https:\/\/www.facebook.com\/people\/Notimemes-de-los-Polticos\/61565672886568\/\" \/>\n<meta property=\"article:published_time\" content=\"2025-12-29T20:08:00+00:00\" \/>\n<meta property=\"article:modified_time\" content=\"2025-12-29T20:08:01+00:00\" \/>\n<meta property=\"og:image\" content=\"https:\/\/lospoliticosveracruz.com\/wp-content\/uploads\/2025\/12\/IMG_7100.jpeg\" \/>\n\t<meta property=\"og:image:width\" content=\"600\" \/>\n\t<meta property=\"og:image:height\" content=\"320\" \/>\n\t<meta property=\"og:image:type\" content=\"image\/jpeg\" \/>\n<meta name=\"author\" content=\"Lo viste en Los Pol\u00edticos\" \/>\n<meta name=\"twitter:card\" content=\"summary_large_image\" \/>\n<meta name=\"twitter:creator\" content=\"@LosPoliticosVer\" \/>\n<meta name=\"twitter:site\" content=\"@LosPoliticosVer\" \/>\n<meta name=\"twitter:label1\" content=\"Escrito por\" \/>\n\t<meta name=\"twitter:data1\" content=\"Lo viste en Los Pol\u00edticos\" \/>\n\t<meta name=\"twitter:label2\" content=\"Tiempo de lectura\" \/>\n\t<meta name=\"twitter:data2\" content=\"5 minutos\" \/>\n<script type=\"application\/ld+json\" class=\"yoast-schema-graph\">{\"@context\":\"https:\\\/\\\/schema.org\",\"@graph\":[{\"@type\":\"Article\",\"@id\":\"https:\\\/\\\/lospoliticosveracruz.com\\\/?p=159201#article\",\"isPartOf\":{\"@id\":\"https:\\\/\\\/lospoliticosveracruz.com\\\/?p=159201\"},\"author\":{\"name\":\"Lo viste en Los Pol\u00edticos\",\"@id\":\"https:\\\/\\\/lospoliticosveracruz.com\\\/#\\\/schema\\\/person\\\/b8702bb0e538456e6efd07080bf2a4a2\"},\"headline\":\"FRACASO ANUNCIADO\",\"datePublished\":\"2025-12-29T20:08:00+00:00\",\"dateModified\":\"2025-12-29T20:08:01+00:00\",\"mainEntityOfPage\":{\"@id\":\"https:\\\/\\\/lospoliticosveracruz.com\\\/?p=159201\"},\"wordCount\":903,\"publisher\":{\"@id\":\"https:\\\/\\\/lospoliticosveracruz.com\\\/#organization\"},\"image\":{\"@id\":\"https:\\\/\\\/lospoliticosveracruz.com\\\/?p=159201#primaryimage\"},\"thumbnailUrl\":\"https:\\\/\\\/lospoliticosveracruz.com\\\/wp-content\\\/uploads\\\/2025\\\/12\\\/IMG_7100.jpeg\",\"keywords\":[\"canje placas motocicletas\",\"colapso administrativo estatal\",\"crisis recaudaci\u00f3n Veracruz\",\"fallas SEFIPLAN\",\"gesti\u00f3n Roc\u00edo Nahle\",\"modernizaci\u00f3n fallida Veracruz\"],\"articleSection\":[\"Lavadero\"],\"inLanguage\":\"es\"},{\"@type\":\"WebPage\",\"@id\":\"https:\\\/\\\/lospoliticosveracruz.com\\\/?p=159201\",\"url\":\"https:\\\/\\\/lospoliticosveracruz.com\\\/?p=159201\",\"name\":\"FRACASO ANUNCIADO - Los pol\u00edticos Veracruz\",\"isPartOf\":{\"@id\":\"https:\\\/\\\/lospoliticosveracruz.com\\\/#website\"},\"primaryImageOfPage\":{\"@id\":\"https:\\\/\\\/lospoliticosveracruz.com\\\/?p=159201#primaryimage\"},\"image\":{\"@id\":\"https:\\\/\\\/lospoliticosveracruz.com\\\/?p=159201#primaryimage\"},\"thumbnailUrl\":\"https:\\\/\\\/lospoliticosveracruz.com\\\/wp-content\\\/uploads\\\/2025\\\/12\\\/IMG_7100.jpeg\",\"datePublished\":\"2025-12-29T20:08:00+00:00\",\"dateModified\":\"2025-12-29T20:08:01+00:00\",\"breadcrumb\":{\"@id\":\"https:\\\/\\\/lospoliticosveracruz.com\\\/?p=159201#breadcrumb\"},\"inLanguage\":\"es\",\"potentialAction\":[{\"@type\":\"ReadAction\",\"target\":[\"https:\\\/\\\/lospoliticosveracruz.com\\\/?p=159201\"]}]},{\"@type\":\"ImageObject\",\"inLanguage\":\"es\",\"@id\":\"https:\\\/\\\/lospoliticosveracruz.com\\\/?p=159201#primaryimage\",\"url\":\"https:\\\/\\\/lospoliticosveracruz.com\\\/wp-content\\\/uploads\\\/2025\\\/12\\\/IMG_7100.jpeg\",\"contentUrl\":\"https:\\\/\\\/lospoliticosveracruz.com\\\/wp-content\\\/uploads\\\/2025\\\/12\\\/IMG_7100.jpeg\",\"width\":600,\"height\":320},{\"@type\":\"BreadcrumbList\",\"@id\":\"https:\\\/\\\/lospoliticosveracruz.com\\\/?p=159201#breadcrumb\",\"itemListElement\":[{\"@type\":\"ListItem\",\"position\":1,\"name\":\"Portada\",\"item\":\"https:\\\/\\\/lospoliticosveracruz.com\\\/\"},{\"@type\":\"ListItem\",\"position\":2,\"name\":\"FRACASO ANUNCIADO\"}]},{\"@type\":\"WebSite\",\"@id\":\"https:\\\/\\\/lospoliticosveracruz.com\\\/#website\",\"url\":\"https:\\\/\\\/lospoliticosveracruz.com\\\/\",\"name\":\"Los pol\u00edticos Veracruz\",\"description\":\"\",\"publisher\":{\"@id\":\"https:\\\/\\\/lospoliticosveracruz.com\\\/#organization\"},\"potentialAction\":[{\"@type\":\"SearchAction\",\"target\":{\"@type\":\"EntryPoint\",\"urlTemplate\":\"https:\\\/\\\/lospoliticosveracruz.com\\\/?s={search_term_string}\"},\"query-input\":{\"@type\":\"PropertyValueSpecification\",\"valueRequired\":true,\"valueName\":\"search_term_string\"}}],\"inLanguage\":\"es\"},{\"@type\":\"Organization\",\"@id\":\"https:\\\/\\\/lospoliticosveracruz.com\\\/#organization\",\"name\":\"Los pol\u00edticos Veracruz\",\"url\":\"https:\\\/\\\/lospoliticosveracruz.com\\\/\",\"logo\":{\"@type\":\"ImageObject\",\"inLanguage\":\"es\",\"@id\":\"https:\\\/\\\/lospoliticosveracruz.com\\\/#\\\/schema\\\/logo\\\/image\\\/\",\"url\":\"https:\\\/\\\/lospoliticosveracruz.com\\\/wp-content\\\/uploads\\\/2025\\\/12\\\/Logo-Nuevo-LOS-POLITICOS-1.jpg\",\"contentUrl\":\"https:\\\/\\\/lospoliticosveracruz.com\\\/wp-content\\\/uploads\\\/2025\\\/12\\\/Logo-Nuevo-LOS-POLITICOS-1.jpg\",\"width\":260,\"height\":70,\"caption\":\"Los pol\u00edticos Veracruz\"},\"image\":{\"@id\":\"https:\\\/\\\/lospoliticosveracruz.com\\\/#\\\/schema\\\/logo\\\/image\\\/\"},\"sameAs\":[\"https:\\\/\\\/www.facebook.com\\\/people\\\/Notimemes-de-los-Polticos\\\/61565672886568\\\/\",\"https:\\\/\\\/x.com\\\/LosPoliticosVer\"]},{\"@type\":\"Person\",\"@id\":\"https:\\\/\\\/lospoliticosveracruz.com\\\/#\\\/schema\\\/person\\\/b8702bb0e538456e6efd07080bf2a4a2\",\"name\":\"Lo viste en Los Pol\u00edticos\",\"image\":{\"@type\":\"ImageObject\",\"inLanguage\":\"es\",\"@id\":\"https:\\\/\\\/secure.gravatar.com\\\/avatar\\\/3a8de04a2656d44082be478bd6c086daa447c4651605818287b9532d3d0bd435?s=96&d=mm&r=g\",\"url\":\"https:\\\/\\\/secure.gravatar.com\\\/avatar\\\/3a8de04a2656d44082be478bd6c086daa447c4651605818287b9532d3d0bd435?s=96&d=mm&r=g\",\"contentUrl\":\"https:\\\/\\\/secure.gravatar.com\\\/avatar\\\/3a8de04a2656d44082be478bd6c086daa447c4651605818287b9532d3d0bd435?s=96&d=mm&r=g\",\"caption\":\"Lo viste en Los Pol\u00edticos\"},\"url\":\"https:\\\/\\\/lospoliticosveracruz.com\\\/?author=2\"}]}<\/script>\n<!-- \/ Yoast SEO plugin. -->","yoast_head_json":{"title":"FRACASO ANUNCIADO - Los pol\u00edticos Veracruz","robots":{"index":"index","follow":"follow","max-snippet":"max-snippet:-1","max-image-preview":"max-image-preview:large","max-video-preview":"max-video-preview:-1"},"canonical":"https:\/\/lospoliticosveracruz.com\/?p=159201","og_locale":"es_ES","og_type":"article","og_title":"FRACASO ANUNCIADO - Los pol\u00edticos Veracruz","og_description":"A escasas horas de concluir el a\u00f1o 2025, el Sistema de Recaudaci\u00f3n del Estado de Veracruz presenta fallas graves, intermitencias constantes y ca\u00eddas prolongadas que paralizaron tr\u00e1mites y saturaron oficinas de Hacienda el d\u00eda de hoy. El mensaje que todos los dias escuchan los contribuyentes \u201c\u00a1Se cayo el sistema!\u201d Lo que deb\u00eda ser un proceso [&hellip;]","og_url":"https:\/\/lospoliticosveracruz.com\/?p=159201","og_site_name":"Los pol\u00edticos Veracruz","article_publisher":"https:\/\/www.facebook.com\/people\/Notimemes-de-los-Polticos\/61565672886568\/","article_published_time":"2025-12-29T20:08:00+00:00","article_modified_time":"2025-12-29T20:08:01+00:00","og_image":[{"width":600,"height":320,"url":"https:\/\/lospoliticosveracruz.com\/wp-content\/uploads\/2025\/12\/IMG_7100.jpeg","type":"image\/jpeg"}],"author":"Lo viste en Los Pol\u00edticos","twitter_card":"summary_large_image","twitter_creator":"@LosPoliticosVer","twitter_site":"@LosPoliticosVer","twitter_misc":{"Escrito por":"Lo viste en Los Pol\u00edticos","Tiempo de lectura":"5 minutos"},"schema":{"@context":"https:\/\/schema.org","@graph":[{"@type":"Article","@id":"https:\/\/lospoliticosveracruz.com\/?p=159201#article","isPartOf":{"@id":"https:\/\/lospoliticosveracruz.com\/?p=159201"},"author":{"name":"Lo viste en Los Pol\u00edticos","@id":"https:\/\/lospoliticosveracruz.com\/#\/schema\/person\/b8702bb0e538456e6efd07080bf2a4a2"},"headline":"FRACASO ANUNCIADO","datePublished":"2025-12-29T20:08:00+00:00","dateModified":"2025-12-29T20:08:01+00:00","mainEntityOfPage":{"@id":"https:\/\/lospoliticosveracruz.com\/?p=159201"},"wordCount":903,"publisher":{"@id":"https:\/\/lospoliticosveracruz.com\/#organization"},"image":{"@id":"https:\/\/lospoliticosveracruz.com\/?p=159201#primaryimage"},"thumbnailUrl":"https:\/\/lospoliticosveracruz.com\/wp-content\/uploads\/2025\/12\/IMG_7100.jpeg","keywords":["canje placas motocicletas","colapso administrativo estatal","crisis recaudaci\u00f3n Veracruz","fallas SEFIPLAN","gesti\u00f3n Roc\u00edo Nahle","modernizaci\u00f3n fallida Veracruz"],"articleSection":["Lavadero"],"inLanguage":"es"},{"@type":"WebPage","@id":"https:\/\/lospoliticosveracruz.com\/?p=159201","url":"https:\/\/lospoliticosveracruz.com\/?p=159201","name":"FRACASO ANUNCIADO - Los pol\u00edticos Veracruz","isPartOf":{"@id":"https:\/\/lospoliticosveracruz.com\/#website"},"primaryImageOfPage":{"@id":"https:\/\/lospoliticosveracruz.com\/?p=159201#primaryimage"},"image":{"@id":"https:\/\/lospoliticosveracruz.com\/?p=159201#primaryimage"},"thumbnailUrl":"https:\/\/lospoliticosveracruz.com\/wp-content\/uploads\/2025\/12\/IMG_7100.jpeg","datePublished":"2025-12-29T20:08:00+00:00","dateModified":"2025-12-29T20:08:01+00:00","breadcrumb":{"@id":"https:\/\/lospoliticosveracruz.com\/?p=159201#breadcrumb"},"inLanguage":"es","potentialAction":[{"@type":"ReadAction","target":["https:\/\/lospoliticosveracruz.com\/?p=159201"]}]},{"@type":"ImageObject","inLanguage":"es","@id":"https:\/\/lospoliticosveracruz.com\/?p=159201#primaryimage","url":"https:\/\/lospoliticosveracruz.com\/wp-content\/uploads\/2025\/12\/IMG_7100.jpeg","contentUrl":"https:\/\/lospoliticosveracruz.com\/wp-content\/uploads\/2025\/12\/IMG_7100.jpeg","width":600,"height":320},{"@type":"BreadcrumbList","@id":"https:\/\/lospoliticosveracruz.com\/?p=159201#breadcrumb","itemListElement":[{"@type":"ListItem","position":1,"name":"Portada","item":"https:\/\/lospoliticosveracruz.com\/"},{"@type":"ListItem","position":2,"name":"FRACASO ANUNCIADO"}]},{"@type":"WebSite","@id":"https:\/\/lospoliticosveracruz.com\/#website","url":"https:\/\/lospoliticosveracruz.com\/","name":"Los pol\u00edticos Veracruz","description":"","publisher":{"@id":"https:\/\/lospoliticosveracruz.com\/#organization"},"potentialAction":[{"@type":"SearchAction","target":{"@type":"EntryPoint","urlTemplate":"https:\/\/lospoliticosveracruz.com\/?s={search_term_string}"},"query-input":{"@type":"PropertyValueSpecification","valueRequired":true,"valueName":"search_term_string"}}],"inLanguage":"es"},{"@type":"Organization","@id":"https:\/\/lospoliticosveracruz.com\/#organization","name":"Los pol\u00edticos Veracruz","url":"https:\/\/lospoliticosveracruz.com\/","logo":{"@type":"ImageObject","inLanguage":"es","@id":"https:\/\/lospoliticosveracruz.com\/#\/schema\/logo\/image\/","url":"https:\/\/lospoliticosveracruz.com\/wp-content\/uploads\/2025\/12\/Logo-Nuevo-LOS-POLITICOS-1.jpg","contentUrl":"https:\/\/lospoliticosveracruz.com\/wp-content\/uploads\/2025\/12\/Logo-Nuevo-LOS-POLITICOS-1.jpg","width":260,"height":70,"caption":"Los pol\u00edticos Veracruz"},"image":{"@id":"https:\/\/lospoliticosveracruz.com\/#\/schema\/logo\/image\/"},"sameAs":["https:\/\/www.facebook.com\/people\/Notimemes-de-los-Polticos\/61565672886568\/","https:\/\/x.com\/LosPoliticosVer"]},{"@type":"Person","@id":"https:\/\/lospoliticosveracruz.com\/#\/schema\/person\/b8702bb0e538456e6efd07080bf2a4a2","name":"Lo viste en Los Pol\u00edticos","image":{"@type":"ImageObject","inLanguage":"es","@id":"https:\/\/secure.gravatar.com\/avatar\/3a8de04a2656d44082be478bd6c086daa447c4651605818287b9532d3d0bd435?s=96&d=mm&r=g","url":"https:\/\/secure.gravatar.com\/avatar\/3a8de04a2656d44082be478bd6c086daa447c4651605818287b9532d3d0bd435?s=96&d=mm&r=g","contentUrl":"https:\/\/secure.gravatar.com\/avatar\/3a8de04a2656d44082be478bd6c086daa447c4651605818287b9532d3d0bd435?s=96&d=mm&r=g","caption":"Lo viste en Los Pol\u00edticos"},"url":"https:\/\/lospoliticosveracruz.com\/?author=2"}]}},"_links":{"self":[{"href":"https:\/\/lospoliticosveracruz.com\/index.php?rest_route=\/wp\/v2\/posts\/159201","targetHints":{"allow":["GET"]}}],"collection":[{"href":"https:\/\/lospoliticosveracruz.com\/index.php?rest_route=\/wp\/v2\/posts"}],"about":[{"href":"https:\/\/lospoliticosveracruz.com\/index.php?rest_route=\/wp\/v2\/types\/post"}],"author":[{"embeddable":true,"href":"https:\/\/lospoliticosveracruz.com\/index.php?rest_route=\/wp\/v2\/users\/2"}],"replies":[{"embeddable":true,"href":"https:\/\/lospoliticosveracruz.com\/index.php?rest_route=%2Fwp%2Fv2%2Fcomments&post=159201"}],"version-history":[{"count":1,"href":"https:\/\/lospoliticosveracruz.com\/index.php?rest_route=\/wp\/v2\/posts\/159201\/revisions"}],"predecessor-version":[{"id":159203,"href":"https:\/\/lospoliticosveracruz.com\/index.php?rest_route=\/wp\/v2\/posts\/159201\/revisions\/159203"}],"wp:featuredmedia":[{"embeddable":true,"href":"https:\/\/lospoliticosveracruz.com\/index.php?rest_route=\/wp\/v2\/media\/159202"}],"wp:attachment":[{"href":"https:\/\/lospoliticosveracruz.com\/index.php?rest_route=%2Fwp%2Fv2%2Fmedia&parent=159201"}],"wp:term":[{"taxonomy":"category","embeddable":true,"href":"https:\/\/lospoliticosveracruz.com\/index.php?rest_route=%2Fwp%2Fv2%2Fcategories&post=159201"},{"taxonomy":"post_tag","embeddable":true,"href":"https:\/\/lospoliticosveracruz.com\/index.php?rest_route=%2Fwp%2Fv2%2Ftags&post=159201"}],"curies":[{"name":"wp","href":"https:\/\/api.w.org\/{rel}","templated":true}]}}