{"id":159230,"date":"2025-12-29T19:01:44","date_gmt":"2025-12-30T01:01:44","guid":{"rendered":"https:\/\/lospoliticosveracruz.com\/?p=159230"},"modified":"2025-12-29T19:01:45","modified_gmt":"2025-12-30T01:01:45","slug":"san-andres-tuxtla-el-equipo","status":"publish","type":"post","link":"https:\/\/lospoliticosveracruz.com\/?p=159230","title":{"rendered":"SAN ANDR\u00c9S TUXTLA, EL EQUIPO"},"content":{"rendered":"\n<p><strong>Enrique Yasser Pompeyo<\/strong><\/p>\n\n\n\n<p><em>Mesa de Redacci\u00f3n<\/em><\/p>\n\n\n\n<p>El alcalde electo de San Andr\u00e9s Tuxtla, Rafael Gustavo Fararoni Maga\u00f1a, conform\u00f3 un equipo de trabajo, mujeres y hombres, honestos, profesionales, pero, sobre todo, con un profundo amor al municipio.<\/p>\n\n\n\n\n\n<p>Como parte de la nueva din\u00e1mica de trabajo, la administraci\u00f3n que viene cre\u00f3 la Direcci\u00f3n de Impulso Econ\u00f3mico que, como su nombre lo dice, establecer\u00e1 las directrices a los diferentes sectores productivos.<\/p>\n\n\n\n<p>Estar\u00e1 al frente Nidia Hern\u00e1ndez, con experiencia en el sector gastron\u00f3mico y de prestaci\u00f3n de servicios.<\/p>\n\n\n\n<p>Alejandra Ferman ser\u00e1 la Jefa de Oficina, quien brindar\u00e1 calidad en la atenci\u00f3n a los sanandrescanos, pero tambi\u00e9n fungir\u00e1 como enlace con las dem\u00e1s direcciones del Ayuntamiento.<\/p>\n\n\n\n<p>En la Direcci\u00f3n de Desarrollo Urbano estar\u00e1 el ingeniero Villarreal, quien aportar\u00e1 su experiencia para el buen ordenamiento territorial y en la Direcci\u00f3n de Catastro estar\u00e1 Joel Chipol, quien ayudar\u00e1 en el aspecto t\u00e9cnico.<\/p>\n\n\n\n<p>La educaci\u00f3n en los ni\u00f1os y j\u00f3venes es importante, por lo que se cre\u00f3 la Direcci\u00f3n de Identidad y Convivencia que unificar\u00e1 la educaci\u00f3n, el deporte y la cultura, para que haya una coordinaci\u00f3n en las acciones.<\/p>\n\n\n\n<p>Al frente estar\u00e1 V\u00edctor Hugo G\u00f3mez, maestro con amplia experiencia en el ramo quien buscar\u00e1 crear nuevas oportunidades para estos sectores.<\/p>\n\n\n\n<p>La nataci\u00f3n es un deporte fundamental en el municipio, por lo que se le dar\u00e1 m\u00e1s impulso y para ello, el maestro Cuitl\u00e1huac Pretel\u00edn tendr\u00e1 la responsabilidad de llevarla a todas las comunidades.<\/p>\n\n\n\n<p>En la Tesorer\u00eda Municipal estar\u00e1 al frente la contadora Mariana Pineda; en el Departamento de Obras P\u00fablicas tendr\u00e1 la responsabilidad Antonio Chontal, constructor local, quien tendr\u00e1 el reto de eliminar vicios y la corrupci\u00f3n, para que las obras sean de calidad.<\/p>\n\n\n\n<p>La Direcci\u00f3n de Pueblo y Territorio contar\u00e1 con enlaces en las 116 comunidades; se encargar\u00e1 de atender a los comisariados ejidales, agentes municipales y a la poblaci\u00f3n en general. Estar\u00e1 a cargo Abril G\u00f3mez.<\/p>\n\n\n\n<p>La Direcci\u00f3n que antes se conoc\u00eda como Gobernaci\u00f3n se convierte en Gesti\u00f3n Urbana, cuyo titular ser\u00e1 \u00d3scar Torres.<\/p>\n\n\n\n<p>El director de Medio Ambiente ser\u00e1 Samuel Flores, quien buscar\u00e1 que el \u00e1rea sea operativa y atienda las zonas naturales del municipio.<\/p>\n\n\n\n<p>En la Comisi\u00f3n Municipal de Agua Potable estar\u00e1 Jes\u00fas Vera, quien tendr\u00e1 el reto de sacarla de los n\u00fameros rojos, darle un sacudida y mejorar no s\u00f3lo la atenci\u00f3n, sino tambi\u00e9n la infraestructura hidr\u00e1ulica, adem\u00e1s de que haya n\u00fameros negros.<\/p>\n\n\n\n<p>En la Contralor\u00eda estar\u00e1 la contadora Ana Iris Hern\u00e1ndez, mientras que en la Secretar\u00eda del Ayuntamiento asumir\u00e1 el cargo Jos\u00e9 David Hern\u00e1ndez.<\/p>\n\n\n\n<p>Como se observa, una nueva historia transformar\u00e1 San Andr\u00e9s Tuxtla. La ceremonia de toma de protesta ser\u00e1 el d\u00eda 31 en los bajos del Palacio Municipal, a las 13 horas.<\/p>\n\n\n\n<p>enriquepompeyo@hotmail.com<\/p>\n","protected":false},"excerpt":{"rendered":"<p>Enrique Yasser Pompeyo Mesa de Redacci\u00f3n El alcalde electo de San Andr\u00e9s Tuxtla, Rafael Gustavo Fararoni Maga\u00f1a, conform\u00f3 un equipo de trabajo, mujeres y hombres, honestos, profesionales, pero, sobre todo, con un profundo amor al municipio. Como parte de la nueva din\u00e1mica de trabajo, la administraci\u00f3n que viene cre\u00f3 la Direcci\u00f3n de Impulso Econ\u00f3mico que, [&hellip;]<\/p>\n","protected":false},"author":2,"featured_media":141425,"comment_status":"closed","ping_status":"closed","sticky":false,"template":"","format":"standard","meta":{"tdm_status":"","tdm_grid_status":"","footnotes":""},"categories":[70],"tags":[48271,48272,28725,48273,48274,48270],"class_list":{"0":"post-159230","1":"post","2":"type-post","3":"status-publish","4":"format-standard","5":"has-post-thumbnail","7":"category-de-opinion","8":"tag-direcciones-municipales-veracruz","9":"tag-gabinete-municipal-2026","10":"tag-rafael-fararoni-magana","11":"tag-san-andres-tuxtla-gobierno","12":"tag-toma-de-protesta-san-andres","13":"tag-transformacion-municipal-veracruz"},"yoast_head":"<!-- This site is optimized with the Yoast SEO plugin v27.4 - https:\/\/yoast.com\/product\/yoast-seo-wordpress\/ -->\n<title>SAN ANDR\u00c9S TUXTLA, EL EQUIPO - Los pol\u00edticos Veracruz<\/title>\n<meta name=\"robots\" content=\"index, follow, max-snippet:-1, max-image-preview:large, max-video-preview:-1\" \/>\n<link rel=\"canonical\" href=\"https:\/\/lospoliticosveracruz.com\/?p=159230\" \/>\n<meta property=\"og:locale\" content=\"es_ES\" \/>\n<meta property=\"og:type\" content=\"article\" \/>\n<meta property=\"og:title\" content=\"SAN ANDR\u00c9S TUXTLA, EL EQUIPO - Los pol\u00edticos Veracruz\" \/>\n<meta property=\"og:description\" content=\"Enrique Yasser Pompeyo Mesa de Redacci\u00f3n El alcalde electo de San Andr\u00e9s Tuxtla, Rafael Gustavo Fararoni Maga\u00f1a, conform\u00f3 un equipo de trabajo, mujeres y hombres, honestos, profesionales, pero, sobre todo, con un profundo amor al municipio. Como parte de la nueva din\u00e1mica de trabajo, la administraci\u00f3n que viene cre\u00f3 la Direcci\u00f3n de Impulso Econ\u00f3mico que, [&hellip;]\" \/>\n<meta property=\"og:url\" content=\"https:\/\/lospoliticosveracruz.com\/?p=159230\" \/>\n<meta property=\"og:site_name\" content=\"Los pol\u00edticos Veracruz\" \/>\n<meta property=\"article:publisher\" content=\"https:\/\/www.facebook.com\/people\/Notimemes-de-los-Polticos\/61565672886568\/\" \/>\n<meta property=\"article:published_time\" content=\"2025-12-30T01:01:44+00:00\" \/>\n<meta property=\"article:modified_time\" content=\"2025-12-30T01:01:45+00:00\" \/>\n<meta property=\"og:image\" content=\"https:\/\/lospoliticosveracruz.com\/wp-content\/uploads\/2025\/04\/Pompeyo.jpg\" \/>\n\t<meta property=\"og:image:width\" content=\"1250\" \/>\n\t<meta property=\"og:image:height\" content=\"667\" \/>\n\t<meta property=\"og:image:type\" content=\"image\/jpeg\" \/>\n<meta name=\"author\" content=\"Lo viste en Los Pol\u00edticos\" \/>\n<meta name=\"twitter:card\" content=\"summary_large_image\" \/>\n<meta name=\"twitter:creator\" content=\"@LosPoliticosVer\" \/>\n<meta name=\"twitter:site\" content=\"@LosPoliticosVer\" \/>\n<meta name=\"twitter:label1\" content=\"Escrito por\" \/>\n\t<meta name=\"twitter:data1\" content=\"Lo viste en Los Pol\u00edticos\" \/>\n\t<meta name=\"twitter:label2\" content=\"Tiempo de lectura\" \/>\n\t<meta name=\"twitter:data2\" content=\"3 minutos\" \/>\n<script type=\"application\/ld+json\" class=\"yoast-schema-graph\">{\"@context\":\"https:\\\/\\\/schema.org\",\"@graph\":[{\"@type\":\"Article\",\"@id\":\"https:\\\/\\\/lospoliticosveracruz.com\\\/?p=159230#article\",\"isPartOf\":{\"@id\":\"https:\\\/\\\/lospoliticosveracruz.com\\\/?p=159230\"},\"author\":{\"name\":\"Lo viste en Los Pol\u00edticos\",\"@id\":\"https:\\\/\\\/lospoliticosveracruz.com\\\/#\\\/schema\\\/person\\\/b8702bb0e538456e6efd07080bf2a4a2\"},\"headline\":\"SAN ANDR\u00c9S TUXTLA, EL EQUIPO\",\"datePublished\":\"2025-12-30T01:01:44+00:00\",\"dateModified\":\"2025-12-30T01:01:45+00:00\",\"mainEntityOfPage\":{\"@id\":\"https:\\\/\\\/lospoliticosveracruz.com\\\/?p=159230\"},\"wordCount\":502,\"publisher\":{\"@id\":\"https:\\\/\\\/lospoliticosveracruz.com\\\/#organization\"},\"image\":{\"@id\":\"https:\\\/\\\/lospoliticosveracruz.com\\\/?p=159230#primaryimage\"},\"thumbnailUrl\":\"https:\\\/\\\/lospoliticosveracruz.com\\\/wp-content\\\/uploads\\\/2025\\\/04\\\/Pompeyo-e1776307406459.jpg\",\"keywords\":[\"direcciones municipales Veracruz\",\"gabinete municipal 2026\",\"Rafael Fararoni Maga\u00f1a\",\"San Andr\u00e9s Tuxtla gobierno\",\"toma de protesta San Andr\u00e9s\",\"transformaci\u00f3n municipal Veracruz\"],\"articleSection\":[\"De Opini\u00f3n\"],\"inLanguage\":\"es\"},{\"@type\":\"WebPage\",\"@id\":\"https:\\\/\\\/lospoliticosveracruz.com\\\/?p=159230\",\"url\":\"https:\\\/\\\/lospoliticosveracruz.com\\\/?p=159230\",\"name\":\"SAN ANDR\u00c9S TUXTLA, EL EQUIPO - Los pol\u00edticos Veracruz\",\"isPartOf\":{\"@id\":\"https:\\\/\\\/lospoliticosveracruz.com\\\/#website\"},\"primaryImageOfPage\":{\"@id\":\"https:\\\/\\\/lospoliticosveracruz.com\\\/?p=159230#primaryimage\"},\"image\":{\"@id\":\"https:\\\/\\\/lospoliticosveracruz.com\\\/?p=159230#primaryimage\"},\"thumbnailUrl\":\"https:\\\/\\\/lospoliticosveracruz.com\\\/wp-content\\\/uploads\\\/2025\\\/04\\\/Pompeyo-e1776307406459.jpg\",\"datePublished\":\"2025-12-30T01:01:44+00:00\",\"dateModified\":\"2025-12-30T01:01:45+00:00\",\"breadcrumb\":{\"@id\":\"https:\\\/\\\/lospoliticosveracruz.com\\\/?p=159230#breadcrumb\"},\"inLanguage\":\"es\",\"potentialAction\":[{\"@type\":\"ReadAction\",\"target\":[\"https:\\\/\\\/lospoliticosveracruz.com\\\/?p=159230\"]}]},{\"@type\":\"ImageObject\",\"inLanguage\":\"es\",\"@id\":\"https:\\\/\\\/lospoliticosveracruz.com\\\/?p=159230#primaryimage\",\"url\":\"https:\\\/\\\/lospoliticosveracruz.com\\\/wp-content\\\/uploads\\\/2025\\\/04\\\/Pompeyo-e1776307406459.jpg\",\"contentUrl\":\"https:\\\/\\\/lospoliticosveracruz.com\\\/wp-content\\\/uploads\\\/2025\\\/04\\\/Pompeyo-e1776307406459.jpg\",\"width\":600,\"height\":320},{\"@type\":\"BreadcrumbList\",\"@id\":\"https:\\\/\\\/lospoliticosveracruz.com\\\/?p=159230#breadcrumb\",\"itemListElement\":[{\"@type\":\"ListItem\",\"position\":1,\"name\":\"Portada\",\"item\":\"https:\\\/\\\/lospoliticosveracruz.com\\\/\"},{\"@type\":\"ListItem\",\"position\":2,\"name\":\"SAN ANDR\u00c9S TUXTLA, EL EQUIPO\"}]},{\"@type\":\"WebSite\",\"@id\":\"https:\\\/\\\/lospoliticosveracruz.com\\\/#website\",\"url\":\"https:\\\/\\\/lospoliticosveracruz.com\\\/\",\"name\":\"Los pol\u00edticos Veracruz\",\"description\":\"\",\"publisher\":{\"@id\":\"https:\\\/\\\/lospoliticosveracruz.com\\\/#organization\"},\"potentialAction\":[{\"@type\":\"SearchAction\",\"target\":{\"@type\":\"EntryPoint\",\"urlTemplate\":\"https:\\\/\\\/lospoliticosveracruz.com\\\/?s={search_term_string}\"},\"query-input\":{\"@type\":\"PropertyValueSpecification\",\"valueRequired\":true,\"valueName\":\"search_term_string\"}}],\"inLanguage\":\"es\"},{\"@type\":\"Organization\",\"@id\":\"https:\\\/\\\/lospoliticosveracruz.com\\\/#organization\",\"name\":\"Los pol\u00edticos Veracruz\",\"url\":\"https:\\\/\\\/lospoliticosveracruz.com\\\/\",\"logo\":{\"@type\":\"ImageObject\",\"inLanguage\":\"es\",\"@id\":\"https:\\\/\\\/lospoliticosveracruz.com\\\/#\\\/schema\\\/logo\\\/image\\\/\",\"url\":\"https:\\\/\\\/lospoliticosveracruz.com\\\/wp-content\\\/uploads\\\/2025\\\/12\\\/Logo-Nuevo-LOS-POLITICOS-1.jpg\",\"contentUrl\":\"https:\\\/\\\/lospoliticosveracruz.com\\\/wp-content\\\/uploads\\\/2025\\\/12\\\/Logo-Nuevo-LOS-POLITICOS-1.jpg\",\"width\":260,\"height\":70,\"caption\":\"Los pol\u00edticos Veracruz\"},\"image\":{\"@id\":\"https:\\\/\\\/lospoliticosveracruz.com\\\/#\\\/schema\\\/logo\\\/image\\\/\"},\"sameAs\":[\"https:\\\/\\\/www.facebook.com\\\/people\\\/Notimemes-de-los-Polticos\\\/61565672886568\\\/\",\"https:\\\/\\\/x.com\\\/LosPoliticosVer\"]},{\"@type\":\"Person\",\"@id\":\"https:\\\/\\\/lospoliticosveracruz.com\\\/#\\\/schema\\\/person\\\/b8702bb0e538456e6efd07080bf2a4a2\",\"name\":\"Lo viste en Los Pol\u00edticos\",\"image\":{\"@type\":\"ImageObject\",\"inLanguage\":\"es\",\"@id\":\"https:\\\/\\\/secure.gravatar.com\\\/avatar\\\/3a8de04a2656d44082be478bd6c086daa447c4651605818287b9532d3d0bd435?s=96&d=mm&r=g\",\"url\":\"https:\\\/\\\/secure.gravatar.com\\\/avatar\\\/3a8de04a2656d44082be478bd6c086daa447c4651605818287b9532d3d0bd435?s=96&d=mm&r=g\",\"contentUrl\":\"https:\\\/\\\/secure.gravatar.com\\\/avatar\\\/3a8de04a2656d44082be478bd6c086daa447c4651605818287b9532d3d0bd435?s=96&d=mm&r=g\",\"caption\":\"Lo viste en Los Pol\u00edticos\"},\"url\":\"https:\\\/\\\/lospoliticosveracruz.com\\\/?author=2\"}]}<\/script>\n<!-- \/ Yoast SEO plugin. -->","yoast_head_json":{"title":"SAN ANDR\u00c9S TUXTLA, EL EQUIPO - Los pol\u00edticos Veracruz","robots":{"index":"index","follow":"follow","max-snippet":"max-snippet:-1","max-image-preview":"max-image-preview:large","max-video-preview":"max-video-preview:-1"},"canonical":"https:\/\/lospoliticosveracruz.com\/?p=159230","og_locale":"es_ES","og_type":"article","og_title":"SAN ANDR\u00c9S TUXTLA, EL EQUIPO - Los pol\u00edticos Veracruz","og_description":"Enrique Yasser Pompeyo Mesa de Redacci\u00f3n El alcalde electo de San Andr\u00e9s Tuxtla, Rafael Gustavo Fararoni Maga\u00f1a, conform\u00f3 un equipo de trabajo, mujeres y hombres, honestos, profesionales, pero, sobre todo, con un profundo amor al municipio. Como parte de la nueva din\u00e1mica de trabajo, la administraci\u00f3n que viene cre\u00f3 la Direcci\u00f3n de Impulso Econ\u00f3mico que, [&hellip;]","og_url":"https:\/\/lospoliticosveracruz.com\/?p=159230","og_site_name":"Los pol\u00edticos Veracruz","article_publisher":"https:\/\/www.facebook.com\/people\/Notimemes-de-los-Polticos\/61565672886568\/","article_published_time":"2025-12-30T01:01:44+00:00","article_modified_time":"2025-12-30T01:01:45+00:00","og_image":[{"width":1250,"height":667,"url":"https:\/\/lospoliticosveracruz.com\/wp-content\/uploads\/2025\/04\/Pompeyo.jpg","type":"image\/jpeg"}],"author":"Lo viste en Los Pol\u00edticos","twitter_card":"summary_large_image","twitter_creator":"@LosPoliticosVer","twitter_site":"@LosPoliticosVer","twitter_misc":{"Escrito por":"Lo viste en Los Pol\u00edticos","Tiempo de lectura":"3 minutos"},"schema":{"@context":"https:\/\/schema.org","@graph":[{"@type":"Article","@id":"https:\/\/lospoliticosveracruz.com\/?p=159230#article","isPartOf":{"@id":"https:\/\/lospoliticosveracruz.com\/?p=159230"},"author":{"name":"Lo viste en Los Pol\u00edticos","@id":"https:\/\/lospoliticosveracruz.com\/#\/schema\/person\/b8702bb0e538456e6efd07080bf2a4a2"},"headline":"SAN ANDR\u00c9S TUXTLA, EL EQUIPO","datePublished":"2025-12-30T01:01:44+00:00","dateModified":"2025-12-30T01:01:45+00:00","mainEntityOfPage":{"@id":"https:\/\/lospoliticosveracruz.com\/?p=159230"},"wordCount":502,"publisher":{"@id":"https:\/\/lospoliticosveracruz.com\/#organization"},"image":{"@id":"https:\/\/lospoliticosveracruz.com\/?p=159230#primaryimage"},"thumbnailUrl":"https:\/\/lospoliticosveracruz.com\/wp-content\/uploads\/2025\/04\/Pompeyo-e1776307406459.jpg","keywords":["direcciones municipales Veracruz","gabinete municipal 2026","Rafael Fararoni Maga\u00f1a","San Andr\u00e9s Tuxtla gobierno","toma de protesta San Andr\u00e9s","transformaci\u00f3n municipal Veracruz"],"articleSection":["De Opini\u00f3n"],"inLanguage":"es"},{"@type":"WebPage","@id":"https:\/\/lospoliticosveracruz.com\/?p=159230","url":"https:\/\/lospoliticosveracruz.com\/?p=159230","name":"SAN ANDR\u00c9S TUXTLA, EL EQUIPO - Los pol\u00edticos Veracruz","isPartOf":{"@id":"https:\/\/lospoliticosveracruz.com\/#website"},"primaryImageOfPage":{"@id":"https:\/\/lospoliticosveracruz.com\/?p=159230#primaryimage"},"image":{"@id":"https:\/\/lospoliticosveracruz.com\/?p=159230#primaryimage"},"thumbnailUrl":"https:\/\/lospoliticosveracruz.com\/wp-content\/uploads\/2025\/04\/Pompeyo-e1776307406459.jpg","datePublished":"2025-12-30T01:01:44+00:00","dateModified":"2025-12-30T01:01:45+00:00","breadcrumb":{"@id":"https:\/\/lospoliticosveracruz.com\/?p=159230#breadcrumb"},"inLanguage":"es","potentialAction":[{"@type":"ReadAction","target":["https:\/\/lospoliticosveracruz.com\/?p=159230"]}]},{"@type":"ImageObject","inLanguage":"es","@id":"https:\/\/lospoliticosveracruz.com\/?p=159230#primaryimage","url":"https:\/\/lospoliticosveracruz.com\/wp-content\/uploads\/2025\/04\/Pompeyo-e1776307406459.jpg","contentUrl":"https:\/\/lospoliticosveracruz.com\/wp-content\/uploads\/2025\/04\/Pompeyo-e1776307406459.jpg","width":600,"height":320},{"@type":"BreadcrumbList","@id":"https:\/\/lospoliticosveracruz.com\/?p=159230#breadcrumb","itemListElement":[{"@type":"ListItem","position":1,"name":"Portada","item":"https:\/\/lospoliticosveracruz.com\/"},{"@type":"ListItem","position":2,"name":"SAN ANDR\u00c9S TUXTLA, EL EQUIPO"}]},{"@type":"WebSite","@id":"https:\/\/lospoliticosveracruz.com\/#website","url":"https:\/\/lospoliticosveracruz.com\/","name":"Los pol\u00edticos Veracruz","description":"","publisher":{"@id":"https:\/\/lospoliticosveracruz.com\/#organization"},"potentialAction":[{"@type":"SearchAction","target":{"@type":"EntryPoint","urlTemplate":"https:\/\/lospoliticosveracruz.com\/?s={search_term_string}"},"query-input":{"@type":"PropertyValueSpecification","valueRequired":true,"valueName":"search_term_string"}}],"inLanguage":"es"},{"@type":"Organization","@id":"https:\/\/lospoliticosveracruz.com\/#organization","name":"Los pol\u00edticos Veracruz","url":"https:\/\/lospoliticosveracruz.com\/","logo":{"@type":"ImageObject","inLanguage":"es","@id":"https:\/\/lospoliticosveracruz.com\/#\/schema\/logo\/image\/","url":"https:\/\/lospoliticosveracruz.com\/wp-content\/uploads\/2025\/12\/Logo-Nuevo-LOS-POLITICOS-1.jpg","contentUrl":"https:\/\/lospoliticosveracruz.com\/wp-content\/uploads\/2025\/12\/Logo-Nuevo-LOS-POLITICOS-1.jpg","width":260,"height":70,"caption":"Los pol\u00edticos Veracruz"},"image":{"@id":"https:\/\/lospoliticosveracruz.com\/#\/schema\/logo\/image\/"},"sameAs":["https:\/\/www.facebook.com\/people\/Notimemes-de-los-Polticos\/61565672886568\/","https:\/\/x.com\/LosPoliticosVer"]},{"@type":"Person","@id":"https:\/\/lospoliticosveracruz.com\/#\/schema\/person\/b8702bb0e538456e6efd07080bf2a4a2","name":"Lo viste en Los Pol\u00edticos","image":{"@type":"ImageObject","inLanguage":"es","@id":"https:\/\/secure.gravatar.com\/avatar\/3a8de04a2656d44082be478bd6c086daa447c4651605818287b9532d3d0bd435?s=96&d=mm&r=g","url":"https:\/\/secure.gravatar.com\/avatar\/3a8de04a2656d44082be478bd6c086daa447c4651605818287b9532d3d0bd435?s=96&d=mm&r=g","contentUrl":"https:\/\/secure.gravatar.com\/avatar\/3a8de04a2656d44082be478bd6c086daa447c4651605818287b9532d3d0bd435?s=96&d=mm&r=g","caption":"Lo viste en Los Pol\u00edticos"},"url":"https:\/\/lospoliticosveracruz.com\/?author=2"}]}},"_links":{"self":[{"href":"https:\/\/lospoliticosveracruz.com\/index.php?rest_route=\/wp\/v2\/posts\/159230","targetHints":{"allow":["GET"]}}],"collection":[{"href":"https:\/\/lospoliticosveracruz.com\/index.php?rest_route=\/wp\/v2\/posts"}],"about":[{"href":"https:\/\/lospoliticosveracruz.com\/index.php?rest_route=\/wp\/v2\/types\/post"}],"author":[{"embeddable":true,"href":"https:\/\/lospoliticosveracruz.com\/index.php?rest_route=\/wp\/v2\/users\/2"}],"replies":[{"embeddable":true,"href":"https:\/\/lospoliticosveracruz.com\/index.php?rest_route=%2Fwp%2Fv2%2Fcomments&post=159230"}],"version-history":[{"count":1,"href":"https:\/\/lospoliticosveracruz.com\/index.php?rest_route=\/wp\/v2\/posts\/159230\/revisions"}],"predecessor-version":[{"id":159231,"href":"https:\/\/lospoliticosveracruz.com\/index.php?rest_route=\/wp\/v2\/posts\/159230\/revisions\/159231"}],"wp:featuredmedia":[{"embeddable":true,"href":"https:\/\/lospoliticosveracruz.com\/index.php?rest_route=\/wp\/v2\/media\/141425"}],"wp:attachment":[{"href":"https:\/\/lospoliticosveracruz.com\/index.php?rest_route=%2Fwp%2Fv2%2Fmedia&parent=159230"}],"wp:term":[{"taxonomy":"category","embeddable":true,"href":"https:\/\/lospoliticosveracruz.com\/index.php?rest_route=%2Fwp%2Fv2%2Fcategories&post=159230"},{"taxonomy":"post_tag","embeddable":true,"href":"https:\/\/lospoliticosveracruz.com\/index.php?rest_route=%2Fwp%2Fv2%2Ftags&post=159230"}],"curies":[{"name":"wp","href":"https:\/\/api.w.org\/{rel}","templated":true}]}}