{"id":159232,"date":"2025-12-29T19:23:21","date_gmt":"2025-12-30T01:23:21","guid":{"rendered":"https:\/\/lospoliticosveracruz.com\/?p=159232"},"modified":"2025-12-29T19:23:22","modified_gmt":"2025-12-30T01:23:22","slug":"esperanza-mexico-es-tu-casa","status":"publish","type":"post","link":"https:\/\/lospoliticosveracruz.com\/?p=159232","title":{"rendered":"ESPERANZA: M\u00c9XICO ES TU CASA"},"content":{"rendered":"\n<p><strong>Vicente Luna Hern\u00e1ndez&nbsp;<\/strong><\/p>\n\n\n\n<p>Se va un a\u00f1o m\u00e1s de la vida institucional del pa\u00eds, un a\u00f1o para unos de consolidaci\u00f3n de una Transformaci\u00f3n y para otros del debilitamiento de nuestra Democracia,&nbsp;&nbsp;m\u00e1s all\u00e1 del debate sobre ambos pensamientos, lo cierto es que la violencia es la que \u2013 lamentablemente -\u2026no se va.<\/p>\n\n\n\n<p>Los programas sociales son el alma, coraz\u00f3n y esp\u00edritu del gobierno encabezado por el partido pol\u00edtico Morena, hay que reconocer el impacto positivo en la vida diaria de millones de ciudadanos, no se puede ocultar ni hay que minimizar, esa decisi\u00f3n de pol\u00edtica p\u00fablica en beneficios de todos aquellos que cumplen los requisitos es digna de reconocer,&nbsp;&nbsp;no se trat\u00f3 solo de apoyar a los pobres con un derecho Constitucional universal, esto es, todos los estratos sociales se ven beneficiados, estratos sociales medios- altos y altos tambi\u00e9n van cada 2 meses al cajero a retirar lo que el gobierno les manda de los impuestos de todas y todos los mexicanos.<\/p>\n\n\n\n<p>\u00bfC\u00f3mo explicar la alta aprobaci\u00f3n popular de la presidenta y la baja calificaci\u00f3n de los dem\u00e1s integrantes de su gobierno? La respuesta es sencilla,&nbsp;&nbsp;el pueblo bueno y sabio piensa que el dinero que reciben es por la buena voluntad de la Titular del Poder Ejecutivo y a ella por ning\u00fan motivo le dan baja calificaci\u00f3n, el dep\u00f3sito que se recibe bien vale la pena un 8 o un 9 de calificaci\u00f3n,&nbsp;&nbsp;\u00bfy los dem\u00e1s resultados en acciones de gobierno? \u00bfla distribuci\u00f3n de medicinas, los conflictos al interior de la SEP, la violencia, la impunidad, la corrupci\u00f3n en altos dirigentes del partido en el poder o en dependencias de gobierno? Eso es culpa de otros no de quien \u201cme hace el dep\u00f3sito\u201d.<\/p>\n\n\n\n<p>Lo curioso es que en los c\u00edrculos pol\u00edticos se hable de la sucesi\u00f3n 2030 sin respeto alguno a la presidenta de la republica, se saquen encuestas \u2013 tal vez impulsadas por intereses de la llamada 4 transformaci\u00f3n &#8211; -y se hable del impulso a la creaci\u00f3n de un nuevo partido desde al interior de las esferas del poder presidencial, es cierto, toda \u201cTransformaci\u00f3n\u201d puede ser para bien \u2026y para mal de la Rep\u00fablica.<\/p>\n\n\n\n<p>2025 ha sido un a\u00f1o de negociaciones permanentes con Estados Unidos, m\u00e1s all\u00e1 de tener \u201ccabeza fr\u00eda\u201d o de ceder a los reclamos del presidente Trump, lo cierto es que poco a poco M\u00e9xico se va a alinear a los intereses econ\u00f3micos y pol\u00edticos del vecino del norte y distanciarse de los aliados de morena \u2013 Cuba, China y Venezuela principalmente &#8211; en aras de cuidar los intereses econ\u00f3micos de la naci\u00f3n, \u00bfAcaso estar\u00e1 la ideolog\u00eda por encima de los intereses de M\u00e9xico? \u00bfPor qu\u00e9 confrontarse con el gigante del norte en defender lo indefendible?<\/p>\n\n\n\n<p>El proceso electoral 2027 est\u00e1 a la vuelta de la esquina, \u00bfqu\u00e9 pasar\u00eda si la oposici\u00f3n logra tener una mayor\u00eda en la C\u00e1mara de Diputados o un n\u00famero importante de legisladores? \u00bfQu\u00e9 pasar\u00eda si la oposici\u00f3n gana m\u00e1s all\u00e1 de las gubernaturas que tiene hoy? Sabemos que en pol\u00edtica lo \u00fanico seguro es que no hay nada seguro y la fiesta entre los aliados en el poder \u2013 sin alcohol de por medio &#8211; tiene sus discusiones y reclamos a flor de piel.<\/p>\n\n\n\n<p>Se va un a\u00f1o m\u00e1s y M\u00e9xico tiene los mismos \u201creclamos\u201d de ayer: un mejor sistema de salud, una mejor educaci\u00f3n, mayor y mejor seguridad p\u00fablica, menos impunidad y m\u00e1s eficiencia en la impartici\u00f3n de justicia, mejores carreteras, un manejo eficiente de las finanzas p\u00fablicas, m\u00e1s humildad y menos soberbia en el ejercicio del poder y una verdadera transformaci\u00f3n del pa\u00eds mas all\u00e1 del discurso triunfalista, y ante todo esto\u2026la Esperanza asoma la nariz.<\/p>\n\n\n\n<p>Un mejor pa\u00eds no es tarea exclusiva del gobierno en turno, \u00bfqu\u00e9 participaci\u00f3n tiene el pueblo bueno y sabio en la gobernabilidad? \u00bfEst\u00e1 decidido el pueblo bueno y sabio a contribuir a a integrar una mejor sociedad? \u00bfEs el respeto a la Ley una premisa esencial en la cultura social de M\u00e9xico? \u00bfQu\u00e9 tan dispuesto est\u00e1 el pueblo bueno y sabio en lograr una sana convivencia social con nuestros semejantes? \u00bfQu\u00e9 est\u00e1&nbsp;&nbsp;dispuesto a dar el pueblo bueno y sabio para lograr un desarrollo social m\u00e1s all\u00e1 de cantar \u2013 con las lagrimas a flor de piel \u2013 el Himno Nacional?<\/p>\n\n\n\n<p>Es hora que tambi\u00e9n &#8211; en la soledad con nuestros pensamientos &#8211; se haga una autocritica propia, esto es, \u00bfes cierto que los gobiernos son el reflejo de la sociedad de cada pa\u00eds? Y si as\u00ed fuera \u00bfM\u00e9xico merece y ha merecido los gobiernos que ha tenido?<\/p>\n\n\n\n<p>La Esperanza se pasea por el territorio nacional, la Esperanza nunca baja la guardia, la Esperanza nos deja ver las cosas buenas de la vida, la Esperanza nos da palmadas de apoyo cuando sentimos desfallecer, la Esperanza tambi\u00e9n debe ser \u201calimentada\u201d con buenas acciones como ciudadanos, el cumplimiento de la ley y contribuir a un mejor tejido social donde el respeto, la solidaridad, la empat\u00eda y sobre todo, la conciencia que formamos parte de una sociedad que aspira a ser mejor &#8211; m\u00e1s all\u00e1 del color de gobierno &#8211; en un municipio, en un Estado y en el pa\u00eds debe ser \u2013 como Liverpool \u2013 \u201cparte de nuestra vida\u201d.<\/p>\n\n\n\n<p>Por una sociedad mejor informada, m\u00e1s participativa en los temas de inter\u00e9s p\u00fablico y m\u00e1s honesta con los dem\u00e1s pero sobre todo consigo misma es mi mejor deseo para este pr\u00f3ximo a\u00f1o 2026.<\/p>\n\n\n\n<p>Reconozcamos nuestras debilidades y multipliquemos nuestras fortalezas como una sociedad digna de los anhelos que tenemos&nbsp;&nbsp;como pa\u00eds.<\/p>\n\n\n\n<p>Ya lo dijo Federico I de Prusia: \u201cEl sue\u00f1o y la esperanza son los dos calmantes que concede la naturaleza al hombre\u201d\u2026 y yo tengo ambos.<\/p>\n\n\n\n<p>Reconozcamos nuestras debilidades como sociedad pero mjltiplewu3mos nuestras fortalezas co o Naci\u00f3n. Nueces del 2025<\/p>\n\n\n\n<p>P.D.- Con el \u00e1nimo que se tenga presente que \u201cNo solo de Mundial de F\u00fatbol vive el hombre\u201d\u2026Escribir\u00e9 otro d\u00eda<\/p>\n","protected":false},"excerpt":{"rendered":"<p>Vicente Luna Hern\u00e1ndez&nbsp; Se va un a\u00f1o m\u00e1s de la vida institucional del pa\u00eds, un a\u00f1o para unos de consolidaci\u00f3n de una Transformaci\u00f3n y para otros del debilitamiento de nuestra Democracia,&nbsp;&nbsp;m\u00e1s all\u00e1 del debate sobre ambos pensamientos, lo cierto es que la violencia es la que \u2013 lamentablemente -\u2026no se va. Los programas sociales son [&hellip;]<\/p>\n","protected":false},"author":2,"featured_media":141415,"comment_status":"closed","ping_status":"closed","sticky":false,"template":"","format":"standard","meta":{"tdm_status":"","tdm_grid_status":"","footnotes":""},"categories":[70],"tags":[48275,48277,48280,48276,48279,48278],"class_list":{"0":"post-159232","1":"post","2":"type-post","3":"status-publish","4":"format-standard","5":"has-post-thumbnail","7":"category-de-opinion","8":"tag-desafios-gobierno-federal","9":"tag-esperanza-mexico-analisis","10":"tag-futuro-democratico-2026","11":"tag-politica-nacional-2025","12":"tag-programas-sociales-morena","13":"tag-reflexion-ciudadana-mexico"},"yoast_head":"<!-- This site is optimized with the Yoast SEO plugin v27.4 - https:\/\/yoast.com\/product\/yoast-seo-wordpress\/ -->\n<title>ESPERANZA: M\u00c9XICO ES TU CASA - Los pol\u00edticos Veracruz<\/title>\n<meta name=\"robots\" content=\"index, follow, max-snippet:-1, max-image-preview:large, max-video-preview:-1\" \/>\n<link rel=\"canonical\" href=\"https:\/\/lospoliticosveracruz.com\/?p=159232\" \/>\n<meta property=\"og:locale\" content=\"es_ES\" \/>\n<meta property=\"og:type\" content=\"article\" \/>\n<meta property=\"og:title\" content=\"ESPERANZA: M\u00c9XICO ES TU CASA - Los pol\u00edticos Veracruz\" \/>\n<meta property=\"og:description\" content=\"Vicente Luna Hern\u00e1ndez&nbsp; Se va un a\u00f1o m\u00e1s de la vida institucional del pa\u00eds, un a\u00f1o para unos de consolidaci\u00f3n de una Transformaci\u00f3n y para otros del debilitamiento de nuestra Democracia,&nbsp;&nbsp;m\u00e1s all\u00e1 del debate sobre ambos pensamientos, lo cierto es que la violencia es la que \u2013 lamentablemente -\u2026no se va. Los programas sociales son [&hellip;]\" \/>\n<meta property=\"og:url\" content=\"https:\/\/lospoliticosveracruz.com\/?p=159232\" \/>\n<meta property=\"og:site_name\" content=\"Los pol\u00edticos Veracruz\" \/>\n<meta property=\"article:publisher\" content=\"https:\/\/www.facebook.com\/people\/Notimemes-de-los-Polticos\/61565672886568\/\" \/>\n<meta property=\"article:published_time\" content=\"2025-12-30T01:23:21+00:00\" \/>\n<meta property=\"article:modified_time\" content=\"2025-12-30T01:23:22+00:00\" \/>\n<meta property=\"og:image\" content=\"https:\/\/lospoliticosveracruz.com\/wp-content\/uploads\/2025\/04\/Vicente-Luna-Hernandez.jpg\" \/>\n\t<meta property=\"og:image:width\" content=\"1250\" \/>\n\t<meta property=\"og:image:height\" content=\"667\" \/>\n\t<meta property=\"og:image:type\" content=\"image\/jpeg\" \/>\n<meta name=\"author\" content=\"Lo viste en Los Pol\u00edticos\" \/>\n<meta name=\"twitter:card\" content=\"summary_large_image\" \/>\n<meta name=\"twitter:creator\" content=\"@LosPoliticosVer\" \/>\n<meta name=\"twitter:site\" content=\"@LosPoliticosVer\" \/>\n<meta name=\"twitter:label1\" content=\"Escrito por\" \/>\n\t<meta name=\"twitter:data1\" content=\"Lo viste en Los Pol\u00edticos\" \/>\n\t<meta name=\"twitter:label2\" content=\"Tiempo de lectura\" \/>\n\t<meta name=\"twitter:data2\" content=\"5 minutos\" \/>\n<script type=\"application\/ld+json\" class=\"yoast-schema-graph\">{\"@context\":\"https:\\\/\\\/schema.org\",\"@graph\":[{\"@type\":\"Article\",\"@id\":\"https:\\\/\\\/lospoliticosveracruz.com\\\/?p=159232#article\",\"isPartOf\":{\"@id\":\"https:\\\/\\\/lospoliticosveracruz.com\\\/?p=159232\"},\"author\":{\"name\":\"Lo viste en Los Pol\u00edticos\",\"@id\":\"https:\\\/\\\/lospoliticosveracruz.com\\\/#\\\/schema\\\/person\\\/b8702bb0e538456e6efd07080bf2a4a2\"},\"headline\":\"ESPERANZA: M\u00c9XICO ES TU CASA\",\"datePublished\":\"2025-12-30T01:23:21+00:00\",\"dateModified\":\"2025-12-30T01:23:22+00:00\",\"mainEntityOfPage\":{\"@id\":\"https:\\\/\\\/lospoliticosveracruz.com\\\/?p=159232\"},\"wordCount\":1073,\"publisher\":{\"@id\":\"https:\\\/\\\/lospoliticosveracruz.com\\\/#organization\"},\"image\":{\"@id\":\"https:\\\/\\\/lospoliticosveracruz.com\\\/?p=159232#primaryimage\"},\"thumbnailUrl\":\"https:\\\/\\\/lospoliticosveracruz.com\\\/wp-content\\\/uploads\\\/2025\\\/04\\\/Vicente-Luna-Hernandez.jpg\",\"keywords\":[\"desaf\u00edos gobierno federal\",\"esperanza M\u00e9xico an\u00e1lisis\",\"futuro democr\u00e1tico 2026\",\"pol\u00edtica nacional 2025\",\"programas sociales Morena\",\"reflexi\u00f3n ciudadana M\u00e9xico\"],\"articleSection\":[\"De Opini\u00f3n\"],\"inLanguage\":\"es\"},{\"@type\":\"WebPage\",\"@id\":\"https:\\\/\\\/lospoliticosveracruz.com\\\/?p=159232\",\"url\":\"https:\\\/\\\/lospoliticosveracruz.com\\\/?p=159232\",\"name\":\"ESPERANZA: M\u00c9XICO ES TU CASA - Los pol\u00edticos Veracruz\",\"isPartOf\":{\"@id\":\"https:\\\/\\\/lospoliticosveracruz.com\\\/#website\"},\"primaryImageOfPage\":{\"@id\":\"https:\\\/\\\/lospoliticosveracruz.com\\\/?p=159232#primaryimage\"},\"image\":{\"@id\":\"https:\\\/\\\/lospoliticosveracruz.com\\\/?p=159232#primaryimage\"},\"thumbnailUrl\":\"https:\\\/\\\/lospoliticosveracruz.com\\\/wp-content\\\/uploads\\\/2025\\\/04\\\/Vicente-Luna-Hernandez.jpg\",\"datePublished\":\"2025-12-30T01:23:21+00:00\",\"dateModified\":\"2025-12-30T01:23:22+00:00\",\"breadcrumb\":{\"@id\":\"https:\\\/\\\/lospoliticosveracruz.com\\\/?p=159232#breadcrumb\"},\"inLanguage\":\"es\",\"potentialAction\":[{\"@type\":\"ReadAction\",\"target\":[\"https:\\\/\\\/lospoliticosveracruz.com\\\/?p=159232\"]}]},{\"@type\":\"ImageObject\",\"inLanguage\":\"es\",\"@id\":\"https:\\\/\\\/lospoliticosveracruz.com\\\/?p=159232#primaryimage\",\"url\":\"https:\\\/\\\/lospoliticosveracruz.com\\\/wp-content\\\/uploads\\\/2025\\\/04\\\/Vicente-Luna-Hernandez.jpg\",\"contentUrl\":\"https:\\\/\\\/lospoliticosveracruz.com\\\/wp-content\\\/uploads\\\/2025\\\/04\\\/Vicente-Luna-Hernandez.jpg\",\"width\":1250,\"height\":667},{\"@type\":\"BreadcrumbList\",\"@id\":\"https:\\\/\\\/lospoliticosveracruz.com\\\/?p=159232#breadcrumb\",\"itemListElement\":[{\"@type\":\"ListItem\",\"position\":1,\"name\":\"Portada\",\"item\":\"https:\\\/\\\/lospoliticosveracruz.com\\\/\"},{\"@type\":\"ListItem\",\"position\":2,\"name\":\"ESPERANZA: M\u00c9XICO ES TU CASA\"}]},{\"@type\":\"WebSite\",\"@id\":\"https:\\\/\\\/lospoliticosveracruz.com\\\/#website\",\"url\":\"https:\\\/\\\/lospoliticosveracruz.com\\\/\",\"name\":\"Los pol\u00edticos Veracruz\",\"description\":\"\",\"publisher\":{\"@id\":\"https:\\\/\\\/lospoliticosveracruz.com\\\/#organization\"},\"potentialAction\":[{\"@type\":\"SearchAction\",\"target\":{\"@type\":\"EntryPoint\",\"urlTemplate\":\"https:\\\/\\\/lospoliticosveracruz.com\\\/?s={search_term_string}\"},\"query-input\":{\"@type\":\"PropertyValueSpecification\",\"valueRequired\":true,\"valueName\":\"search_term_string\"}}],\"inLanguage\":\"es\"},{\"@type\":\"Organization\",\"@id\":\"https:\\\/\\\/lospoliticosveracruz.com\\\/#organization\",\"name\":\"Los pol\u00edticos Veracruz\",\"url\":\"https:\\\/\\\/lospoliticosveracruz.com\\\/\",\"logo\":{\"@type\":\"ImageObject\",\"inLanguage\":\"es\",\"@id\":\"https:\\\/\\\/lospoliticosveracruz.com\\\/#\\\/schema\\\/logo\\\/image\\\/\",\"url\":\"https:\\\/\\\/lospoliticosveracruz.com\\\/wp-content\\\/uploads\\\/2025\\\/12\\\/Logo-Nuevo-LOS-POLITICOS-1.jpg\",\"contentUrl\":\"https:\\\/\\\/lospoliticosveracruz.com\\\/wp-content\\\/uploads\\\/2025\\\/12\\\/Logo-Nuevo-LOS-POLITICOS-1.jpg\",\"width\":260,\"height\":70,\"caption\":\"Los pol\u00edticos Veracruz\"},\"image\":{\"@id\":\"https:\\\/\\\/lospoliticosveracruz.com\\\/#\\\/schema\\\/logo\\\/image\\\/\"},\"sameAs\":[\"https:\\\/\\\/www.facebook.com\\\/people\\\/Notimemes-de-los-Polticos\\\/61565672886568\\\/\",\"https:\\\/\\\/x.com\\\/LosPoliticosVer\"]},{\"@type\":\"Person\",\"@id\":\"https:\\\/\\\/lospoliticosveracruz.com\\\/#\\\/schema\\\/person\\\/b8702bb0e538456e6efd07080bf2a4a2\",\"name\":\"Lo viste en Los Pol\u00edticos\",\"image\":{\"@type\":\"ImageObject\",\"inLanguage\":\"es\",\"@id\":\"https:\\\/\\\/secure.gravatar.com\\\/avatar\\\/3a8de04a2656d44082be478bd6c086daa447c4651605818287b9532d3d0bd435?s=96&d=mm&r=g\",\"url\":\"https:\\\/\\\/secure.gravatar.com\\\/avatar\\\/3a8de04a2656d44082be478bd6c086daa447c4651605818287b9532d3d0bd435?s=96&d=mm&r=g\",\"contentUrl\":\"https:\\\/\\\/secure.gravatar.com\\\/avatar\\\/3a8de04a2656d44082be478bd6c086daa447c4651605818287b9532d3d0bd435?s=96&d=mm&r=g\",\"caption\":\"Lo viste en Los Pol\u00edticos\"},\"url\":\"https:\\\/\\\/lospoliticosveracruz.com\\\/?author=2\"}]}<\/script>\n<!-- \/ Yoast SEO plugin. -->","yoast_head_json":{"title":"ESPERANZA: M\u00c9XICO ES TU CASA - Los pol\u00edticos Veracruz","robots":{"index":"index","follow":"follow","max-snippet":"max-snippet:-1","max-image-preview":"max-image-preview:large","max-video-preview":"max-video-preview:-1"},"canonical":"https:\/\/lospoliticosveracruz.com\/?p=159232","og_locale":"es_ES","og_type":"article","og_title":"ESPERANZA: M\u00c9XICO ES TU CASA - Los pol\u00edticos Veracruz","og_description":"Vicente Luna Hern\u00e1ndez&nbsp; Se va un a\u00f1o m\u00e1s de la vida institucional del pa\u00eds, un a\u00f1o para unos de consolidaci\u00f3n de una Transformaci\u00f3n y para otros del debilitamiento de nuestra Democracia,&nbsp;&nbsp;m\u00e1s all\u00e1 del debate sobre ambos pensamientos, lo cierto es que la violencia es la que \u2013 lamentablemente -\u2026no se va. Los programas sociales son [&hellip;]","og_url":"https:\/\/lospoliticosveracruz.com\/?p=159232","og_site_name":"Los pol\u00edticos Veracruz","article_publisher":"https:\/\/www.facebook.com\/people\/Notimemes-de-los-Polticos\/61565672886568\/","article_published_time":"2025-12-30T01:23:21+00:00","article_modified_time":"2025-12-30T01:23:22+00:00","og_image":[{"width":1250,"height":667,"url":"https:\/\/lospoliticosveracruz.com\/wp-content\/uploads\/2025\/04\/Vicente-Luna-Hernandez.jpg","type":"image\/jpeg"}],"author":"Lo viste en Los Pol\u00edticos","twitter_card":"summary_large_image","twitter_creator":"@LosPoliticosVer","twitter_site":"@LosPoliticosVer","twitter_misc":{"Escrito por":"Lo viste en Los Pol\u00edticos","Tiempo de lectura":"5 minutos"},"schema":{"@context":"https:\/\/schema.org","@graph":[{"@type":"Article","@id":"https:\/\/lospoliticosveracruz.com\/?p=159232#article","isPartOf":{"@id":"https:\/\/lospoliticosveracruz.com\/?p=159232"},"author":{"name":"Lo viste en Los Pol\u00edticos","@id":"https:\/\/lospoliticosveracruz.com\/#\/schema\/person\/b8702bb0e538456e6efd07080bf2a4a2"},"headline":"ESPERANZA: M\u00c9XICO ES TU CASA","datePublished":"2025-12-30T01:23:21+00:00","dateModified":"2025-12-30T01:23:22+00:00","mainEntityOfPage":{"@id":"https:\/\/lospoliticosveracruz.com\/?p=159232"},"wordCount":1073,"publisher":{"@id":"https:\/\/lospoliticosveracruz.com\/#organization"},"image":{"@id":"https:\/\/lospoliticosveracruz.com\/?p=159232#primaryimage"},"thumbnailUrl":"https:\/\/lospoliticosveracruz.com\/wp-content\/uploads\/2025\/04\/Vicente-Luna-Hernandez.jpg","keywords":["desaf\u00edos gobierno federal","esperanza M\u00e9xico an\u00e1lisis","futuro democr\u00e1tico 2026","pol\u00edtica nacional 2025","programas sociales Morena","reflexi\u00f3n ciudadana M\u00e9xico"],"articleSection":["De Opini\u00f3n"],"inLanguage":"es"},{"@type":"WebPage","@id":"https:\/\/lospoliticosveracruz.com\/?p=159232","url":"https:\/\/lospoliticosveracruz.com\/?p=159232","name":"ESPERANZA: M\u00c9XICO ES TU CASA - Los pol\u00edticos Veracruz","isPartOf":{"@id":"https:\/\/lospoliticosveracruz.com\/#website"},"primaryImageOfPage":{"@id":"https:\/\/lospoliticosveracruz.com\/?p=159232#primaryimage"},"image":{"@id":"https:\/\/lospoliticosveracruz.com\/?p=159232#primaryimage"},"thumbnailUrl":"https:\/\/lospoliticosveracruz.com\/wp-content\/uploads\/2025\/04\/Vicente-Luna-Hernandez.jpg","datePublished":"2025-12-30T01:23:21+00:00","dateModified":"2025-12-30T01:23:22+00:00","breadcrumb":{"@id":"https:\/\/lospoliticosveracruz.com\/?p=159232#breadcrumb"},"inLanguage":"es","potentialAction":[{"@type":"ReadAction","target":["https:\/\/lospoliticosveracruz.com\/?p=159232"]}]},{"@type":"ImageObject","inLanguage":"es","@id":"https:\/\/lospoliticosveracruz.com\/?p=159232#primaryimage","url":"https:\/\/lospoliticosveracruz.com\/wp-content\/uploads\/2025\/04\/Vicente-Luna-Hernandez.jpg","contentUrl":"https:\/\/lospoliticosveracruz.com\/wp-content\/uploads\/2025\/04\/Vicente-Luna-Hernandez.jpg","width":1250,"height":667},{"@type":"BreadcrumbList","@id":"https:\/\/lospoliticosveracruz.com\/?p=159232#breadcrumb","itemListElement":[{"@type":"ListItem","position":1,"name":"Portada","item":"https:\/\/lospoliticosveracruz.com\/"},{"@type":"ListItem","position":2,"name":"ESPERANZA: M\u00c9XICO ES TU CASA"}]},{"@type":"WebSite","@id":"https:\/\/lospoliticosveracruz.com\/#website","url":"https:\/\/lospoliticosveracruz.com\/","name":"Los pol\u00edticos Veracruz","description":"","publisher":{"@id":"https:\/\/lospoliticosveracruz.com\/#organization"},"potentialAction":[{"@type":"SearchAction","target":{"@type":"EntryPoint","urlTemplate":"https:\/\/lospoliticosveracruz.com\/?s={search_term_string}"},"query-input":{"@type":"PropertyValueSpecification","valueRequired":true,"valueName":"search_term_string"}}],"inLanguage":"es"},{"@type":"Organization","@id":"https:\/\/lospoliticosveracruz.com\/#organization","name":"Los pol\u00edticos Veracruz","url":"https:\/\/lospoliticosveracruz.com\/","logo":{"@type":"ImageObject","inLanguage":"es","@id":"https:\/\/lospoliticosveracruz.com\/#\/schema\/logo\/image\/","url":"https:\/\/lospoliticosveracruz.com\/wp-content\/uploads\/2025\/12\/Logo-Nuevo-LOS-POLITICOS-1.jpg","contentUrl":"https:\/\/lospoliticosveracruz.com\/wp-content\/uploads\/2025\/12\/Logo-Nuevo-LOS-POLITICOS-1.jpg","width":260,"height":70,"caption":"Los pol\u00edticos Veracruz"},"image":{"@id":"https:\/\/lospoliticosveracruz.com\/#\/schema\/logo\/image\/"},"sameAs":["https:\/\/www.facebook.com\/people\/Notimemes-de-los-Polticos\/61565672886568\/","https:\/\/x.com\/LosPoliticosVer"]},{"@type":"Person","@id":"https:\/\/lospoliticosveracruz.com\/#\/schema\/person\/b8702bb0e538456e6efd07080bf2a4a2","name":"Lo viste en Los Pol\u00edticos","image":{"@type":"ImageObject","inLanguage":"es","@id":"https:\/\/secure.gravatar.com\/avatar\/3a8de04a2656d44082be478bd6c086daa447c4651605818287b9532d3d0bd435?s=96&d=mm&r=g","url":"https:\/\/secure.gravatar.com\/avatar\/3a8de04a2656d44082be478bd6c086daa447c4651605818287b9532d3d0bd435?s=96&d=mm&r=g","contentUrl":"https:\/\/secure.gravatar.com\/avatar\/3a8de04a2656d44082be478bd6c086daa447c4651605818287b9532d3d0bd435?s=96&d=mm&r=g","caption":"Lo viste en Los Pol\u00edticos"},"url":"https:\/\/lospoliticosveracruz.com\/?author=2"}]}},"_links":{"self":[{"href":"https:\/\/lospoliticosveracruz.com\/index.php?rest_route=\/wp\/v2\/posts\/159232","targetHints":{"allow":["GET"]}}],"collection":[{"href":"https:\/\/lospoliticosveracruz.com\/index.php?rest_route=\/wp\/v2\/posts"}],"about":[{"href":"https:\/\/lospoliticosveracruz.com\/index.php?rest_route=\/wp\/v2\/types\/post"}],"author":[{"embeddable":true,"href":"https:\/\/lospoliticosveracruz.com\/index.php?rest_route=\/wp\/v2\/users\/2"}],"replies":[{"embeddable":true,"href":"https:\/\/lospoliticosveracruz.com\/index.php?rest_route=%2Fwp%2Fv2%2Fcomments&post=159232"}],"version-history":[{"count":1,"href":"https:\/\/lospoliticosveracruz.com\/index.php?rest_route=\/wp\/v2\/posts\/159232\/revisions"}],"predecessor-version":[{"id":159233,"href":"https:\/\/lospoliticosveracruz.com\/index.php?rest_route=\/wp\/v2\/posts\/159232\/revisions\/159233"}],"wp:featuredmedia":[{"embeddable":true,"href":"https:\/\/lospoliticosveracruz.com\/index.php?rest_route=\/wp\/v2\/media\/141415"}],"wp:attachment":[{"href":"https:\/\/lospoliticosveracruz.com\/index.php?rest_route=%2Fwp%2Fv2%2Fmedia&parent=159232"}],"wp:term":[{"taxonomy":"category","embeddable":true,"href":"https:\/\/lospoliticosveracruz.com\/index.php?rest_route=%2Fwp%2Fv2%2Fcategories&post=159232"},{"taxonomy":"post_tag","embeddable":true,"href":"https:\/\/lospoliticosveracruz.com\/index.php?rest_route=%2Fwp%2Fv2%2Ftags&post=159232"}],"curies":[{"name":"wp","href":"https:\/\/api.w.org\/{rel}","templated":true}]}}