{"id":159242,"date":"2025-12-30T06:49:31","date_gmt":"2025-12-30T12:49:31","guid":{"rendered":"https:\/\/lospoliticosveracruz.com\/?p=159242"},"modified":"2025-12-30T06:49:32","modified_gmt":"2025-12-30T12:49:32","slug":"libertad-de-expresion-por-encima-de-todo-sheinbaum","status":"publish","type":"post","link":"https:\/\/lospoliticosveracruz.com\/?p=159242","title":{"rendered":"LIBERTAD DE EXPRESI\u00d3N, POR ENCIMA DE TODO: SHEINBAUM"},"content":{"rendered":"\n<p><strong> Fanny Y\u00e9pez<\/strong><\/p>\n\n\n\n<p><em>La Columna<\/em><br>La respuesta que dio la presidenta Claudia Sheinbaum, acerca del caso del periodista Rafael Le\u00f3n, a muchos compa\u00f1eros de los medios de comunicaci\u00f3n nos cay\u00f3 como bocanada de aire, porque, aunque no hay nada resuelto, parece que la puerta de la justicia se abre m\u00e1s a favor del periodista de Coatzacoalcos.<\/p>\n\n\n\n\n\n<div class=\"wp-block-group is-nowrap is-layout-flex wp-container-core-group-is-layout-ad2f72ca wp-block-group-is-layout-flex\">\n<p><br>El 24 de diciembre fue detenido el colega y de inmediato trascendi\u00f3 que lo acusaban de terrorismo, fue un tema de mucho impacto en el gremio porque hasta donde sab\u00edamos, este reportero solo se dedica a cubrir la nota roja y a hacer algunos comentarios anexos acerca de lo que sucede en esos delitos que casi son diarios en el sur del estado.<br>A partir de ese d\u00eda se desat\u00f3 una serie de comentarios, columnas y notas relacionadas con el tema, incluso pudimos ver algunos manifiestos de organizaciones de periodistas del Estado que demandaban su libertad o que se aclarara que delito hab\u00eda cometido, tan grave que fuera se\u00f1alado de esa forma.<br>En la conferencia del pueblo de este lunes se present\u00f3 la oportunidad de preguntar a la presidenta y as\u00ed es como se dieron las cosas:<br>Reportera: \u201cGracias, presidenta. Laura \u00c1vila, de Posta, Ciudad de M\u00e9xico. Mi primera pregunta ser\u00eda relacionada con esta imputaci\u00f3n que se le hizo al periodista Rafael Le\u00f3n por terrorismo en Veracruz.<br>-Preguntarle su opini\u00f3n, si sigue en curso esta investigaci\u00f3n y qu\u00e9 podemos esperar justamente. El cubre nota roja, \u00bfno? Entonces, se tiene dicho que esta imputaci\u00f3n viene directamente relacionada con su \u00e1mbito period\u00edstico, vaya.<br>Presidenta: Yo dir\u00eda tres temas.<br>El primero, no s\u00e9 por qu\u00e9 la fiscal\u00eda usa el delito de terrorismo y en su caso, tendr\u00eda que explicarlo la fiscal\u00eda de Veracruz, porque no ha habido una acusaci\u00f3n por terrorismo en M\u00e9xico, yo creo que nunca.<br>Entonces, tiene que explicar la fiscal\u00eda por qu\u00e9 usa este delito.<br>Segundo, libertad de expresi\u00f3n por encima de todo, la libertad de expresi\u00f3n.<br>Y tercero, si hay un delito que haya cometido esta persona, aun cuando sea periodista, un delito probado, real, pues en todo caso tiene que explicarlo tambi\u00e9n la fiscal\u00eda, que no tenga que ver evidentemente con su trabajo de periodismo.<br>Entonces, pienso yo que la fiscal\u00eda de Veracruz tiene que aclarar, primero, por qu\u00e9 usa este delito que nunca se ha usado en M\u00e9xico. Segundo, garantizar la libertad de expresi\u00f3n por encima de todo.<br>Y tercero, si esta persona est\u00e1 detenida por alg\u00fan delito que cometi\u00f3, pues tiene que aclararlo tambi\u00e9n la fiscal\u00eda.<br>Entonces\u2026 escuch\u00e9 la declaraci\u00f3n de la gobernadora, estuvo en contacto con ella la secretaria de Gobernaci\u00f3n y estamos esperando a que la fiscal\u00eda de Veracruz pueda dar m\u00e1s informaci\u00f3n sobre este caso.<br>-\u2002\u00bfQu\u00e9 informaci\u00f3n le dio la gobernadora?<br>Lo que dijo p\u00fablicamente, que tiene que explicar la fiscal\u00eda.<br>Entonces, s\u00ed ser\u00eda muy bueno que mientras m\u00e1s pronto mejor explique la fiscal\u00eda del Estado\u201d.<br>La opini\u00f3n de la gobernadora Roc\u00edo Nahle<br>Por su parte, la gobernadora Roc\u00edo Nahle, en su conferencia de prensa ante las preguntas insistentes de los reporteros, acerca de este caso, dijo \u201cEn la ma\u00f1ana la presidenta hizo una declaraci\u00f3n, la cual comparto al cien por ciento y como est\u00e1 en proceso de vinculaci\u00f3n, no puedo opinar hasta que esto pase\u201d.<br>En esas respuestas destac\u00f3 que en Veracruz no existe el delito de terrorismo, pero aclar\u00f3 que sea un juez quien determine esa situaci\u00f3n.<br>La opini\u00f3n de los dirigentes de organizaciones de periodistas<br>Las reacciones despu\u00e9s de las declaraciones de la presidenta de M\u00e9xico se multiplicaron, pero fueron muy importantes las de los presidentes de la Amecope y de Acover, Juan De Dios S\u00e1nchez Abreu y Melit\u00f3n Morales Dom\u00ednguez, respectivamente.<br>S\u00e1nchez Abreu dijo que es necesario que se descorra el velo y que la fiscal declare, acerca de las acusaciones y de las personas que acusan al periodista, al tiempo que celebr\u00f3 que la intervenci\u00f3n de la mandataria nacional marca el antes y el despu\u00e9s de esa detenci\u00f3n de un compa\u00f1ero.<br>E insisti\u00f3 en que afortunadamente en M\u00e9xico no existe el delito de terrorismo, por lo que resulta incongruente que se le haya calificado de esa forma a quien solo utiliza un lapicero y una libreta para desempe\u00f1ar su trabajo.<br>Melit\u00f3n Morales felicit\u00f3 a la presidenta por su contundencia, al afirmar que se debe garantizar la libertad de expresi\u00f3n para los periodistas y para todos los ciudadanos.<br>Reconoci\u00f3 que, desde el principio de este caso, la gobernadora insisti\u00f3 en que todo estar\u00eda en manos de la Fiscal\u00eda General del Estado, por lo que ahora se espera que esa instancia rinda el informe que detalle el procedimiento y el avance que tenga.<br>La represi\u00f3n contra los periodistas la conocemos<br>La represi\u00f3n en contra de los periodistas y otros l\u00edderes de opini\u00f3n en M\u00e9xico, no es nueva, pero los periodistas elegimos esta profesi\u00f3n y as\u00ed seguimos. Afortunadamente se ha ido superando este ejercicio a trav\u00e9s de las escuelas y facultades de periodismo primero, y ahora de comunicaci\u00f3n, utilizando las nuevas tecnolog\u00edas.<br>Muchos recordamos a Jes\u00fas Mart\u00ednez Renter\u00eda, mejor conocido como \u201cPalillo\u201d, de quien se dijo que en cada una de sus actuaciones se presentaba con un amparo en la mano, para evitar ser detenido o quedar en libertad en pocas horas.<br>Y es que fue uno de los cr\u00edticos que no perd\u00eda oportunidad para exhibir los errores y arbitrariedades que comet\u00edan los pol\u00edticos de esos a\u00f1os, como Ernesto P. Uruchurtu, apodado \u00abEl Regente de Hierro\u00bb, quien fue regente del Distrito Federal durante 14 a\u00f1os (1952-1966) y a quien \u00abPalillo\u00bb critic\u00f3 frecuentemente, lo que le vali\u00f3 varias detenciones.<br>Las detenciones y amenazas no fueron suficientes para limitar el trabajo de este comediante, porque en la siguiente actuaci\u00f3n arreciaba la cr\u00edtica, que finalmente serv\u00eda de desahogo al pueblo de M\u00e9xico. Era el tap\u00f3n de la olla de presi\u00f3n social.<br>Otros pol\u00edticos que tambi\u00e9n fueron su objetivo en esa \u00e9poca, fueron Adolfo Ruiz Cortines, Adolfo L\u00f3pez Mateos, Gustavo D\u00edaz Ordaz, Luis Echeverr\u00eda y Jos\u00e9 L\u00f3pez Portillo.<br>El periodismo no busca enemigos, solo cumple con su funci\u00f3n social de informar y, aunque parezca exagerado, trata de ayudar a los funcionarios p\u00fablicos, orient\u00e1ndolos y mostrando sus errores para que los corrijan, al menos as\u00ed lo reconoci\u00f3 el ex gobernador Fernando Guti\u00e9rrez Barrios, quien dijo que el periodismo era como un espejo, porque refleja la imagen del pol\u00edtico tal cual es y esa es la oportunidad para corregirse.<\/p>\n<\/div>\n","protected":false},"excerpt":{"rendered":"<p>Fanny Y\u00e9pez La ColumnaLa respuesta que dio la presidenta Claudia Sheinbaum, acerca del caso del periodista Rafael Le\u00f3n, a muchos compa\u00f1eros de los medios de comunicaci\u00f3n nos cay\u00f3 como bocanada de aire, porque, aunque no hay nada resuelto, parece que la puerta de la justicia se abre m\u00e1s a favor del periodista de Coatzacoalcos. El [&hellip;]<\/p>\n","protected":false},"author":2,"featured_media":141383,"comment_status":"closed","ping_status":"closed","sticky":false,"template":"","format":"standard","meta":{"tdm_status":"","tdm_grid_status":"","footnotes":""},"categories":[70],"tags":[9627,48178,36463,3578,4140,195],"class_list":{"0":"post-159242","1":"post","2":"type-post","3":"status-publish","4":"format-standard","5":"has-post-thumbnail","7":"category-de-opinion","8":"tag-claudia-sheinbaum","9":"tag-lafita-leon","10":"tag-lisbeth-aurelia-jimenez-aguirre","11":"tag-rocio-nahle","12":"tag-terrorismo","13":"tag-veracruz"},"yoast_head":"<!-- This site is optimized with the Yoast SEO plugin v27.4 - https:\/\/yoast.com\/product\/yoast-seo-wordpress\/ -->\n<title>LIBERTAD DE EXPRESI\u00d3N, POR ENCIMA DE TODO: SHEINBAUM - Los pol\u00edticos Veracruz<\/title>\n<meta name=\"robots\" content=\"index, follow, max-snippet:-1, max-image-preview:large, max-video-preview:-1\" \/>\n<link rel=\"canonical\" href=\"https:\/\/lospoliticosveracruz.com\/?p=159242\" \/>\n<meta property=\"og:locale\" content=\"es_ES\" \/>\n<meta property=\"og:type\" content=\"article\" \/>\n<meta property=\"og:title\" content=\"LIBERTAD DE EXPRESI\u00d3N, POR ENCIMA DE TODO: SHEINBAUM - Los pol\u00edticos Veracruz\" \/>\n<meta property=\"og:description\" content=\"Fanny Y\u00e9pez La ColumnaLa respuesta que dio la presidenta Claudia Sheinbaum, acerca del caso del periodista Rafael Le\u00f3n, a muchos compa\u00f1eros de los medios de comunicaci\u00f3n nos cay\u00f3 como bocanada de aire, porque, aunque no hay nada resuelto, parece que la puerta de la justicia se abre m\u00e1s a favor del periodista de Coatzacoalcos. El [&hellip;]\" \/>\n<meta property=\"og:url\" content=\"https:\/\/lospoliticosveracruz.com\/?p=159242\" \/>\n<meta property=\"og:site_name\" content=\"Los pol\u00edticos Veracruz\" \/>\n<meta property=\"article:publisher\" content=\"https:\/\/www.facebook.com\/people\/Notimemes-de-los-Polticos\/61565672886568\/\" \/>\n<meta property=\"article:published_time\" content=\"2025-12-30T12:49:31+00:00\" \/>\n<meta property=\"article:modified_time\" content=\"2025-12-30T12:49:32+00:00\" \/>\n<meta property=\"og:image\" content=\"https:\/\/lospoliticosveracruz.com\/wp-content\/uploads\/2025\/04\/Fanny-Yepez-Luna.jpg\" \/>\n\t<meta property=\"og:image:width\" content=\"1250\" \/>\n\t<meta property=\"og:image:height\" content=\"667\" \/>\n\t<meta property=\"og:image:type\" content=\"image\/jpeg\" \/>\n<meta name=\"author\" content=\"Lo viste en Los Pol\u00edticos\" \/>\n<meta name=\"twitter:card\" content=\"summary_large_image\" \/>\n<meta name=\"twitter:creator\" content=\"@LosPoliticosVer\" \/>\n<meta name=\"twitter:site\" content=\"@LosPoliticosVer\" \/>\n<meta name=\"twitter:label1\" content=\"Escrito por\" \/>\n\t<meta name=\"twitter:data1\" content=\"Lo viste en Los Pol\u00edticos\" \/>\n\t<meta name=\"twitter:label2\" content=\"Tiempo de lectura\" \/>\n\t<meta name=\"twitter:data2\" content=\"6 minutos\" \/>\n<script type=\"application\/ld+json\" class=\"yoast-schema-graph\">{\"@context\":\"https:\\\/\\\/schema.org\",\"@graph\":[{\"@type\":\"Article\",\"@id\":\"https:\\\/\\\/lospoliticosveracruz.com\\\/?p=159242#article\",\"isPartOf\":{\"@id\":\"https:\\\/\\\/lospoliticosveracruz.com\\\/?p=159242\"},\"author\":{\"name\":\"Lo viste en Los Pol\u00edticos\",\"@id\":\"https:\\\/\\\/lospoliticosveracruz.com\\\/#\\\/schema\\\/person\\\/b8702bb0e538456e6efd07080bf2a4a2\"},\"headline\":\"LIBERTAD DE EXPRESI\u00d3N, POR ENCIMA DE TODO: SHEINBAUM\",\"datePublished\":\"2025-12-30T12:49:31+00:00\",\"dateModified\":\"2025-12-30T12:49:32+00:00\",\"mainEntityOfPage\":{\"@id\":\"https:\\\/\\\/lospoliticosveracruz.com\\\/?p=159242\"},\"wordCount\":1166,\"publisher\":{\"@id\":\"https:\\\/\\\/lospoliticosveracruz.com\\\/#organization\"},\"image\":{\"@id\":\"https:\\\/\\\/lospoliticosveracruz.com\\\/?p=159242#primaryimage\"},\"thumbnailUrl\":\"https:\\\/\\\/lospoliticosveracruz.com\\\/wp-content\\\/uploads\\\/2025\\\/04\\\/Fanny-Yepez-Luna-e1768657334923.jpg\",\"keywords\":[\"Claudia Sheinbaum\",\"Lafita Le\u00f3n\",\"Lisbeth Aurelia Jim\u00e9nez Aguirre\",\"Roc\u00edo Nahle\",\"terrorismo\",\"Veracruz\"],\"articleSection\":[\"De Opini\u00f3n\"],\"inLanguage\":\"es\"},{\"@type\":\"WebPage\",\"@id\":\"https:\\\/\\\/lospoliticosveracruz.com\\\/?p=159242\",\"url\":\"https:\\\/\\\/lospoliticosveracruz.com\\\/?p=159242\",\"name\":\"LIBERTAD DE EXPRESI\u00d3N, POR ENCIMA DE TODO: SHEINBAUM - Los pol\u00edticos Veracruz\",\"isPartOf\":{\"@id\":\"https:\\\/\\\/lospoliticosveracruz.com\\\/#website\"},\"primaryImageOfPage\":{\"@id\":\"https:\\\/\\\/lospoliticosveracruz.com\\\/?p=159242#primaryimage\"},\"image\":{\"@id\":\"https:\\\/\\\/lospoliticosveracruz.com\\\/?p=159242#primaryimage\"},\"thumbnailUrl\":\"https:\\\/\\\/lospoliticosveracruz.com\\\/wp-content\\\/uploads\\\/2025\\\/04\\\/Fanny-Yepez-Luna-e1768657334923.jpg\",\"datePublished\":\"2025-12-30T12:49:31+00:00\",\"dateModified\":\"2025-12-30T12:49:32+00:00\",\"breadcrumb\":{\"@id\":\"https:\\\/\\\/lospoliticosveracruz.com\\\/?p=159242#breadcrumb\"},\"inLanguage\":\"es\",\"potentialAction\":[{\"@type\":\"ReadAction\",\"target\":[\"https:\\\/\\\/lospoliticosveracruz.com\\\/?p=159242\"]}]},{\"@type\":\"ImageObject\",\"inLanguage\":\"es\",\"@id\":\"https:\\\/\\\/lospoliticosveracruz.com\\\/?p=159242#primaryimage\",\"url\":\"https:\\\/\\\/lospoliticosveracruz.com\\\/wp-content\\\/uploads\\\/2025\\\/04\\\/Fanny-Yepez-Luna-e1768657334923.jpg\",\"contentUrl\":\"https:\\\/\\\/lospoliticosveracruz.com\\\/wp-content\\\/uploads\\\/2025\\\/04\\\/Fanny-Yepez-Luna-e1768657334923.jpg\",\"width\":600,\"height\":320},{\"@type\":\"BreadcrumbList\",\"@id\":\"https:\\\/\\\/lospoliticosveracruz.com\\\/?p=159242#breadcrumb\",\"itemListElement\":[{\"@type\":\"ListItem\",\"position\":1,\"name\":\"Portada\",\"item\":\"https:\\\/\\\/lospoliticosveracruz.com\\\/\"},{\"@type\":\"ListItem\",\"position\":2,\"name\":\"LIBERTAD DE EXPRESI\u00d3N, POR ENCIMA DE TODO: SHEINBAUM\"}]},{\"@type\":\"WebSite\",\"@id\":\"https:\\\/\\\/lospoliticosveracruz.com\\\/#website\",\"url\":\"https:\\\/\\\/lospoliticosveracruz.com\\\/\",\"name\":\"Los pol\u00edticos Veracruz\",\"description\":\"\",\"publisher\":{\"@id\":\"https:\\\/\\\/lospoliticosveracruz.com\\\/#organization\"},\"potentialAction\":[{\"@type\":\"SearchAction\",\"target\":{\"@type\":\"EntryPoint\",\"urlTemplate\":\"https:\\\/\\\/lospoliticosveracruz.com\\\/?s={search_term_string}\"},\"query-input\":{\"@type\":\"PropertyValueSpecification\",\"valueRequired\":true,\"valueName\":\"search_term_string\"}}],\"inLanguage\":\"es\"},{\"@type\":\"Organization\",\"@id\":\"https:\\\/\\\/lospoliticosveracruz.com\\\/#organization\",\"name\":\"Los pol\u00edticos Veracruz\",\"url\":\"https:\\\/\\\/lospoliticosveracruz.com\\\/\",\"logo\":{\"@type\":\"ImageObject\",\"inLanguage\":\"es\",\"@id\":\"https:\\\/\\\/lospoliticosveracruz.com\\\/#\\\/schema\\\/logo\\\/image\\\/\",\"url\":\"https:\\\/\\\/lospoliticosveracruz.com\\\/wp-content\\\/uploads\\\/2025\\\/12\\\/Logo-Nuevo-LOS-POLITICOS-1.jpg\",\"contentUrl\":\"https:\\\/\\\/lospoliticosveracruz.com\\\/wp-content\\\/uploads\\\/2025\\\/12\\\/Logo-Nuevo-LOS-POLITICOS-1.jpg\",\"width\":260,\"height\":70,\"caption\":\"Los pol\u00edticos Veracruz\"},\"image\":{\"@id\":\"https:\\\/\\\/lospoliticosveracruz.com\\\/#\\\/schema\\\/logo\\\/image\\\/\"},\"sameAs\":[\"https:\\\/\\\/www.facebook.com\\\/people\\\/Notimemes-de-los-Polticos\\\/61565672886568\\\/\",\"https:\\\/\\\/x.com\\\/LosPoliticosVer\"]},{\"@type\":\"Person\",\"@id\":\"https:\\\/\\\/lospoliticosveracruz.com\\\/#\\\/schema\\\/person\\\/b8702bb0e538456e6efd07080bf2a4a2\",\"name\":\"Lo viste en Los Pol\u00edticos\",\"image\":{\"@type\":\"ImageObject\",\"inLanguage\":\"es\",\"@id\":\"https:\\\/\\\/secure.gravatar.com\\\/avatar\\\/3a8de04a2656d44082be478bd6c086daa447c4651605818287b9532d3d0bd435?s=96&d=mm&r=g\",\"url\":\"https:\\\/\\\/secure.gravatar.com\\\/avatar\\\/3a8de04a2656d44082be478bd6c086daa447c4651605818287b9532d3d0bd435?s=96&d=mm&r=g\",\"contentUrl\":\"https:\\\/\\\/secure.gravatar.com\\\/avatar\\\/3a8de04a2656d44082be478bd6c086daa447c4651605818287b9532d3d0bd435?s=96&d=mm&r=g\",\"caption\":\"Lo viste en Los Pol\u00edticos\"},\"url\":\"https:\\\/\\\/lospoliticosveracruz.com\\\/?author=2\"}]}<\/script>\n<!-- \/ Yoast SEO plugin. -->","yoast_head_json":{"title":"LIBERTAD DE EXPRESI\u00d3N, POR ENCIMA DE TODO: SHEINBAUM - Los pol\u00edticos Veracruz","robots":{"index":"index","follow":"follow","max-snippet":"max-snippet:-1","max-image-preview":"max-image-preview:large","max-video-preview":"max-video-preview:-1"},"canonical":"https:\/\/lospoliticosveracruz.com\/?p=159242","og_locale":"es_ES","og_type":"article","og_title":"LIBERTAD DE EXPRESI\u00d3N, POR ENCIMA DE TODO: SHEINBAUM - Los pol\u00edticos Veracruz","og_description":"Fanny Y\u00e9pez La ColumnaLa respuesta que dio la presidenta Claudia Sheinbaum, acerca del caso del periodista Rafael Le\u00f3n, a muchos compa\u00f1eros de los medios de comunicaci\u00f3n nos cay\u00f3 como bocanada de aire, porque, aunque no hay nada resuelto, parece que la puerta de la justicia se abre m\u00e1s a favor del periodista de Coatzacoalcos. El [&hellip;]","og_url":"https:\/\/lospoliticosveracruz.com\/?p=159242","og_site_name":"Los pol\u00edticos Veracruz","article_publisher":"https:\/\/www.facebook.com\/people\/Notimemes-de-los-Polticos\/61565672886568\/","article_published_time":"2025-12-30T12:49:31+00:00","article_modified_time":"2025-12-30T12:49:32+00:00","og_image":[{"width":1250,"height":667,"url":"https:\/\/lospoliticosveracruz.com\/wp-content\/uploads\/2025\/04\/Fanny-Yepez-Luna.jpg","type":"image\/jpeg"}],"author":"Lo viste en Los Pol\u00edticos","twitter_card":"summary_large_image","twitter_creator":"@LosPoliticosVer","twitter_site":"@LosPoliticosVer","twitter_misc":{"Escrito por":"Lo viste en Los Pol\u00edticos","Tiempo de lectura":"6 minutos"},"schema":{"@context":"https:\/\/schema.org","@graph":[{"@type":"Article","@id":"https:\/\/lospoliticosveracruz.com\/?p=159242#article","isPartOf":{"@id":"https:\/\/lospoliticosveracruz.com\/?p=159242"},"author":{"name":"Lo viste en Los Pol\u00edticos","@id":"https:\/\/lospoliticosveracruz.com\/#\/schema\/person\/b8702bb0e538456e6efd07080bf2a4a2"},"headline":"LIBERTAD DE EXPRESI\u00d3N, POR ENCIMA DE TODO: SHEINBAUM","datePublished":"2025-12-30T12:49:31+00:00","dateModified":"2025-12-30T12:49:32+00:00","mainEntityOfPage":{"@id":"https:\/\/lospoliticosveracruz.com\/?p=159242"},"wordCount":1166,"publisher":{"@id":"https:\/\/lospoliticosveracruz.com\/#organization"},"image":{"@id":"https:\/\/lospoliticosveracruz.com\/?p=159242#primaryimage"},"thumbnailUrl":"https:\/\/lospoliticosveracruz.com\/wp-content\/uploads\/2025\/04\/Fanny-Yepez-Luna-e1768657334923.jpg","keywords":["Claudia Sheinbaum","Lafita Le\u00f3n","Lisbeth Aurelia Jim\u00e9nez Aguirre","Roc\u00edo Nahle","terrorismo","Veracruz"],"articleSection":["De Opini\u00f3n"],"inLanguage":"es"},{"@type":"WebPage","@id":"https:\/\/lospoliticosveracruz.com\/?p=159242","url":"https:\/\/lospoliticosveracruz.com\/?p=159242","name":"LIBERTAD DE EXPRESI\u00d3N, POR ENCIMA DE TODO: SHEINBAUM - Los pol\u00edticos Veracruz","isPartOf":{"@id":"https:\/\/lospoliticosveracruz.com\/#website"},"primaryImageOfPage":{"@id":"https:\/\/lospoliticosveracruz.com\/?p=159242#primaryimage"},"image":{"@id":"https:\/\/lospoliticosveracruz.com\/?p=159242#primaryimage"},"thumbnailUrl":"https:\/\/lospoliticosveracruz.com\/wp-content\/uploads\/2025\/04\/Fanny-Yepez-Luna-e1768657334923.jpg","datePublished":"2025-12-30T12:49:31+00:00","dateModified":"2025-12-30T12:49:32+00:00","breadcrumb":{"@id":"https:\/\/lospoliticosveracruz.com\/?p=159242#breadcrumb"},"inLanguage":"es","potentialAction":[{"@type":"ReadAction","target":["https:\/\/lospoliticosveracruz.com\/?p=159242"]}]},{"@type":"ImageObject","inLanguage":"es","@id":"https:\/\/lospoliticosveracruz.com\/?p=159242#primaryimage","url":"https:\/\/lospoliticosveracruz.com\/wp-content\/uploads\/2025\/04\/Fanny-Yepez-Luna-e1768657334923.jpg","contentUrl":"https:\/\/lospoliticosveracruz.com\/wp-content\/uploads\/2025\/04\/Fanny-Yepez-Luna-e1768657334923.jpg","width":600,"height":320},{"@type":"BreadcrumbList","@id":"https:\/\/lospoliticosveracruz.com\/?p=159242#breadcrumb","itemListElement":[{"@type":"ListItem","position":1,"name":"Portada","item":"https:\/\/lospoliticosveracruz.com\/"},{"@type":"ListItem","position":2,"name":"LIBERTAD DE EXPRESI\u00d3N, POR ENCIMA DE TODO: SHEINBAUM"}]},{"@type":"WebSite","@id":"https:\/\/lospoliticosveracruz.com\/#website","url":"https:\/\/lospoliticosveracruz.com\/","name":"Los pol\u00edticos Veracruz","description":"","publisher":{"@id":"https:\/\/lospoliticosveracruz.com\/#organization"},"potentialAction":[{"@type":"SearchAction","target":{"@type":"EntryPoint","urlTemplate":"https:\/\/lospoliticosveracruz.com\/?s={search_term_string}"},"query-input":{"@type":"PropertyValueSpecification","valueRequired":true,"valueName":"search_term_string"}}],"inLanguage":"es"},{"@type":"Organization","@id":"https:\/\/lospoliticosveracruz.com\/#organization","name":"Los pol\u00edticos Veracruz","url":"https:\/\/lospoliticosveracruz.com\/","logo":{"@type":"ImageObject","inLanguage":"es","@id":"https:\/\/lospoliticosveracruz.com\/#\/schema\/logo\/image\/","url":"https:\/\/lospoliticosveracruz.com\/wp-content\/uploads\/2025\/12\/Logo-Nuevo-LOS-POLITICOS-1.jpg","contentUrl":"https:\/\/lospoliticosveracruz.com\/wp-content\/uploads\/2025\/12\/Logo-Nuevo-LOS-POLITICOS-1.jpg","width":260,"height":70,"caption":"Los pol\u00edticos Veracruz"},"image":{"@id":"https:\/\/lospoliticosveracruz.com\/#\/schema\/logo\/image\/"},"sameAs":["https:\/\/www.facebook.com\/people\/Notimemes-de-los-Polticos\/61565672886568\/","https:\/\/x.com\/LosPoliticosVer"]},{"@type":"Person","@id":"https:\/\/lospoliticosveracruz.com\/#\/schema\/person\/b8702bb0e538456e6efd07080bf2a4a2","name":"Lo viste en Los Pol\u00edticos","image":{"@type":"ImageObject","inLanguage":"es","@id":"https:\/\/secure.gravatar.com\/avatar\/3a8de04a2656d44082be478bd6c086daa447c4651605818287b9532d3d0bd435?s=96&d=mm&r=g","url":"https:\/\/secure.gravatar.com\/avatar\/3a8de04a2656d44082be478bd6c086daa447c4651605818287b9532d3d0bd435?s=96&d=mm&r=g","contentUrl":"https:\/\/secure.gravatar.com\/avatar\/3a8de04a2656d44082be478bd6c086daa447c4651605818287b9532d3d0bd435?s=96&d=mm&r=g","caption":"Lo viste en Los Pol\u00edticos"},"url":"https:\/\/lospoliticosveracruz.com\/?author=2"}]}},"_links":{"self":[{"href":"https:\/\/lospoliticosveracruz.com\/index.php?rest_route=\/wp\/v2\/posts\/159242","targetHints":{"allow":["GET"]}}],"collection":[{"href":"https:\/\/lospoliticosveracruz.com\/index.php?rest_route=\/wp\/v2\/posts"}],"about":[{"href":"https:\/\/lospoliticosveracruz.com\/index.php?rest_route=\/wp\/v2\/types\/post"}],"author":[{"embeddable":true,"href":"https:\/\/lospoliticosveracruz.com\/index.php?rest_route=\/wp\/v2\/users\/2"}],"replies":[{"embeddable":true,"href":"https:\/\/lospoliticosveracruz.com\/index.php?rest_route=%2Fwp%2Fv2%2Fcomments&post=159242"}],"version-history":[{"count":1,"href":"https:\/\/lospoliticosveracruz.com\/index.php?rest_route=\/wp\/v2\/posts\/159242\/revisions"}],"predecessor-version":[{"id":159243,"href":"https:\/\/lospoliticosveracruz.com\/index.php?rest_route=\/wp\/v2\/posts\/159242\/revisions\/159243"}],"wp:featuredmedia":[{"embeddable":true,"href":"https:\/\/lospoliticosveracruz.com\/index.php?rest_route=\/wp\/v2\/media\/141383"}],"wp:attachment":[{"href":"https:\/\/lospoliticosveracruz.com\/index.php?rest_route=%2Fwp%2Fv2%2Fmedia&parent=159242"}],"wp:term":[{"taxonomy":"category","embeddable":true,"href":"https:\/\/lospoliticosveracruz.com\/index.php?rest_route=%2Fwp%2Fv2%2Fcategories&post=159242"},{"taxonomy":"post_tag","embeddable":true,"href":"https:\/\/lospoliticosveracruz.com\/index.php?rest_route=%2Fwp%2Fv2%2Ftags&post=159242"}],"curies":[{"name":"wp","href":"https:\/\/api.w.org\/{rel}","templated":true}]}}