{"id":159274,"date":"2025-12-30T15:04:06","date_gmt":"2025-12-30T21:04:06","guid":{"rendered":"https:\/\/lospoliticosveracruz.com\/?p=159274"},"modified":"2025-12-30T15:26:31","modified_gmt":"2025-12-30T21:26:31","slug":"acatamos-pero-compartimos-criterio","status":"publish","type":"post","link":"https:\/\/lospoliticosveracruz.com\/?p=159274","title":{"rendered":"ACATAMOS PERO NO COMPARTIMOS CRITERIO!"},"content":{"rendered":"\n<p>En relaci\u00f3n con la resoluci\u00f3n tomada por la Sala Superior en el sentido de anular la elecci\u00f3n en Tamiahua, con lo que se abre la puerta a una elecci\u00f3n extraordinaria, el dirigente estatal del Partido Verde Ecologista de Mexico en Veracruz, manifest\u00f3 la posici\u00f3n de esa instituci\u00f3n: \u201csomos respetuosos de la decisi\u00f3n tomada por los integrantes de la Sala Superior del Tribunal Electoral pero como Abogado y Ciudadano disiento de que la contundente votaci\u00f3n que dio el triunfo electoral a nuestra abanderada, Citlali Medell\u00edn, sea suplantada por criterios que contradicen lo establecido por esa misma instancia. 16% de diferencia con el segundo lugar hace m\u00e1s que evidente que Tamiahua vot\u00f3 por Citlali Medell\u00edn de manera democr\u00e1tica y sin presi\u00f3n alguna\u201d.<\/p>\n\n\n\n<p>Por lo que hace a la elecci\u00f3n extraordinaria que habr\u00e1 de celebrarse, consider\u00f3 que con Citlali Medell\u00edn tienen garantizado el triunfo una vez m\u00e1s y \u201ccomo buen futbolero se los digo, ser\u00e1 por goliza\u201d.&nbsp;<\/p>\n\n\n\n<p>Consider\u00f3 que la Legislatura del Estado habr\u00e1 de realizar la designaci\u00f3n de un Consejo Municipal con \u201cciudadanos y ciudadanas de reconocida probidad y que reciban minuciosamente la administraci\u00f3n municipal sin contubernios ni enjuagues. Para nosotros, el bienestar de Tamiahua es trascendental\u201d.<\/p>\n","protected":false},"excerpt":{"rendered":"<p>En relaci\u00f3n con la resoluci\u00f3n tomada por la Sala Superior en el sentido de anular la elecci\u00f3n en Tamiahua, con lo que se abre la puerta a una elecci\u00f3n extraordinaria, el dirigente estatal del Partido Verde Ecologista de Mexico en Veracruz, manifest\u00f3 la posici\u00f3n de esa instituci\u00f3n: \u201csomos respetuosos de la decisi\u00f3n tomada por los [&hellip;]<\/p>\n","protected":false},"author":2,"featured_media":153904,"comment_status":"closed","ping_status":"closed","sticky":false,"template":"","format":"standard","meta":{"tdm_status":"","tdm_grid_status":"","footnotes":""},"categories":[73],"tags":[48339,48336,48338,48340,48337,43344,48341],"class_list":{"0":"post-159274","1":"post","2":"type-post","3":"status-publish","4":"format-standard","5":"has-post-thumbnail","7":"category-de-boleto","8":"tag-anulacion-eleccion-tamiahua","9":"tag-citlali-medellin-tamiahua","10":"tag-consejo-municipal-tamiahua","11":"tag-eleccion-extraordinaria-tamiahua","12":"tag-gary-herrera-partido-verde","13":"tag-pvem-veracruz","14":"tag-tribunal-electoral-sala-superior"},"yoast_head":"<!-- This site is optimized with the Yoast SEO plugin v27.4 - https:\/\/yoast.com\/product\/yoast-seo-wordpress\/ -->\n<title>ACATAMOS PERO NO COMPARTIMOS CRITERIO! - Los pol\u00edticos Veracruz<\/title>\n<meta name=\"robots\" content=\"index, follow, max-snippet:-1, max-image-preview:large, max-video-preview:-1\" \/>\n<link rel=\"canonical\" href=\"https:\/\/lospoliticosveracruz.com\/?p=159274\" \/>\n<meta property=\"og:locale\" content=\"es_ES\" \/>\n<meta property=\"og:type\" content=\"article\" \/>\n<meta property=\"og:title\" content=\"ACATAMOS PERO NO COMPARTIMOS CRITERIO! - Los pol\u00edticos Veracruz\" \/>\n<meta property=\"og:description\" content=\"En relaci\u00f3n con la resoluci\u00f3n tomada por la Sala Superior en el sentido de anular la elecci\u00f3n en Tamiahua, con lo que se abre la puerta a una elecci\u00f3n extraordinaria, el dirigente estatal del Partido Verde Ecologista de Mexico en Veracruz, manifest\u00f3 la posici\u00f3n de esa instituci\u00f3n: \u201csomos respetuosos de la decisi\u00f3n tomada por los [&hellip;]\" \/>\n<meta property=\"og:url\" content=\"https:\/\/lospoliticosveracruz.com\/?p=159274\" \/>\n<meta property=\"og:site_name\" content=\"Los pol\u00edticos Veracruz\" \/>\n<meta property=\"article:publisher\" content=\"https:\/\/www.facebook.com\/people\/Notimemes-de-los-Polticos\/61565672886568\/\" \/>\n<meta property=\"article:published_time\" content=\"2025-12-30T21:04:06+00:00\" \/>\n<meta property=\"article:modified_time\" content=\"2025-12-30T21:26:31+00:00\" \/>\n<meta property=\"og:image\" content=\"https:\/\/lospoliticosveracruz.com\/wp-content\/uploads\/2025\/10\/Edgar-Herrera-Lendechy.jpeg\" \/>\n\t<meta property=\"og:image:width\" content=\"600\" \/>\n\t<meta property=\"og:image:height\" content=\"320\" \/>\n\t<meta property=\"og:image:type\" content=\"image\/jpeg\" \/>\n<meta name=\"author\" content=\"Lo viste en Los Pol\u00edticos\" \/>\n<meta name=\"twitter:card\" content=\"summary_large_image\" \/>\n<meta name=\"twitter:creator\" content=\"@LosPoliticosVer\" \/>\n<meta name=\"twitter:site\" content=\"@LosPoliticosVer\" \/>\n<meta name=\"twitter:label1\" content=\"Escrito por\" \/>\n\t<meta name=\"twitter:data1\" content=\"Lo viste en Los Pol\u00edticos\" \/>\n\t<meta name=\"twitter:label2\" content=\"Tiempo de lectura\" \/>\n\t<meta name=\"twitter:data2\" content=\"2 minutos\" \/>\n<script type=\"application\/ld+json\" class=\"yoast-schema-graph\">{\"@context\":\"https:\\\/\\\/schema.org\",\"@graph\":[{\"@type\":\"Article\",\"@id\":\"https:\\\/\\\/lospoliticosveracruz.com\\\/?p=159274#article\",\"isPartOf\":{\"@id\":\"https:\\\/\\\/lospoliticosveracruz.com\\\/?p=159274\"},\"author\":{\"name\":\"Lo viste en Los Pol\u00edticos\",\"@id\":\"https:\\\/\\\/lospoliticosveracruz.com\\\/#\\\/schema\\\/person\\\/b8702bb0e538456e6efd07080bf2a4a2\"},\"headline\":\"ACATAMOS PERO NO COMPARTIMOS CRITERIO!\",\"datePublished\":\"2025-12-30T21:04:06+00:00\",\"dateModified\":\"2025-12-30T21:26:31+00:00\",\"mainEntityOfPage\":{\"@id\":\"https:\\\/\\\/lospoliticosveracruz.com\\\/?p=159274\"},\"wordCount\":218,\"publisher\":{\"@id\":\"https:\\\/\\\/lospoliticosveracruz.com\\\/#organization\"},\"image\":{\"@id\":\"https:\\\/\\\/lospoliticosveracruz.com\\\/?p=159274#primaryimage\"},\"thumbnailUrl\":\"https:\\\/\\\/lospoliticosveracruz.com\\\/wp-content\\\/uploads\\\/2025\\\/10\\\/Edgar-Herrera-Lendechy.jpeg\",\"keywords\":[\"Anulaci\u00f3n elecci\u00f3n Tamiahua\",\"Citlali Medell\u00edn Tamiahua\",\"Consejo Municipal Tamiahua\",\"Elecci\u00f3n extraordinaria Tamiahua\",\"Gary Herrera Partido Verde\",\"PVEM Veracruz\",\"Tribunal Electoral Sala Superior\"],\"articleSection\":[\"De Boleto\"],\"inLanguage\":\"es\"},{\"@type\":\"WebPage\",\"@id\":\"https:\\\/\\\/lospoliticosveracruz.com\\\/?p=159274\",\"url\":\"https:\\\/\\\/lospoliticosveracruz.com\\\/?p=159274\",\"name\":\"ACATAMOS PERO NO COMPARTIMOS CRITERIO! - Los pol\u00edticos Veracruz\",\"isPartOf\":{\"@id\":\"https:\\\/\\\/lospoliticosveracruz.com\\\/#website\"},\"primaryImageOfPage\":{\"@id\":\"https:\\\/\\\/lospoliticosveracruz.com\\\/?p=159274#primaryimage\"},\"image\":{\"@id\":\"https:\\\/\\\/lospoliticosveracruz.com\\\/?p=159274#primaryimage\"},\"thumbnailUrl\":\"https:\\\/\\\/lospoliticosveracruz.com\\\/wp-content\\\/uploads\\\/2025\\\/10\\\/Edgar-Herrera-Lendechy.jpeg\",\"datePublished\":\"2025-12-30T21:04:06+00:00\",\"dateModified\":\"2025-12-30T21:26:31+00:00\",\"breadcrumb\":{\"@id\":\"https:\\\/\\\/lospoliticosveracruz.com\\\/?p=159274#breadcrumb\"},\"inLanguage\":\"es\",\"potentialAction\":[{\"@type\":\"ReadAction\",\"target\":[\"https:\\\/\\\/lospoliticosveracruz.com\\\/?p=159274\"]}]},{\"@type\":\"ImageObject\",\"inLanguage\":\"es\",\"@id\":\"https:\\\/\\\/lospoliticosveracruz.com\\\/?p=159274#primaryimage\",\"url\":\"https:\\\/\\\/lospoliticosveracruz.com\\\/wp-content\\\/uploads\\\/2025\\\/10\\\/Edgar-Herrera-Lendechy.jpeg\",\"contentUrl\":\"https:\\\/\\\/lospoliticosveracruz.com\\\/wp-content\\\/uploads\\\/2025\\\/10\\\/Edgar-Herrera-Lendechy.jpeg\",\"width\":600,\"height\":320},{\"@type\":\"BreadcrumbList\",\"@id\":\"https:\\\/\\\/lospoliticosveracruz.com\\\/?p=159274#breadcrumb\",\"itemListElement\":[{\"@type\":\"ListItem\",\"position\":1,\"name\":\"Portada\",\"item\":\"https:\\\/\\\/lospoliticosveracruz.com\\\/\"},{\"@type\":\"ListItem\",\"position\":2,\"name\":\"ACATAMOS PERO NO COMPARTIMOS CRITERIO!\"}]},{\"@type\":\"WebSite\",\"@id\":\"https:\\\/\\\/lospoliticosveracruz.com\\\/#website\",\"url\":\"https:\\\/\\\/lospoliticosveracruz.com\\\/\",\"name\":\"Los pol\u00edticos Veracruz\",\"description\":\"\",\"publisher\":{\"@id\":\"https:\\\/\\\/lospoliticosveracruz.com\\\/#organization\"},\"potentialAction\":[{\"@type\":\"SearchAction\",\"target\":{\"@type\":\"EntryPoint\",\"urlTemplate\":\"https:\\\/\\\/lospoliticosveracruz.com\\\/?s={search_term_string}\"},\"query-input\":{\"@type\":\"PropertyValueSpecification\",\"valueRequired\":true,\"valueName\":\"search_term_string\"}}],\"inLanguage\":\"es\"},{\"@type\":\"Organization\",\"@id\":\"https:\\\/\\\/lospoliticosveracruz.com\\\/#organization\",\"name\":\"Los pol\u00edticos Veracruz\",\"url\":\"https:\\\/\\\/lospoliticosveracruz.com\\\/\",\"logo\":{\"@type\":\"ImageObject\",\"inLanguage\":\"es\",\"@id\":\"https:\\\/\\\/lospoliticosveracruz.com\\\/#\\\/schema\\\/logo\\\/image\\\/\",\"url\":\"https:\\\/\\\/lospoliticosveracruz.com\\\/wp-content\\\/uploads\\\/2025\\\/12\\\/Logo-Nuevo-LOS-POLITICOS-1.jpg\",\"contentUrl\":\"https:\\\/\\\/lospoliticosveracruz.com\\\/wp-content\\\/uploads\\\/2025\\\/12\\\/Logo-Nuevo-LOS-POLITICOS-1.jpg\",\"width\":260,\"height\":70,\"caption\":\"Los pol\u00edticos Veracruz\"},\"image\":{\"@id\":\"https:\\\/\\\/lospoliticosveracruz.com\\\/#\\\/schema\\\/logo\\\/image\\\/\"},\"sameAs\":[\"https:\\\/\\\/www.facebook.com\\\/people\\\/Notimemes-de-los-Polticos\\\/61565672886568\\\/\",\"https:\\\/\\\/x.com\\\/LosPoliticosVer\"]},{\"@type\":\"Person\",\"@id\":\"https:\\\/\\\/lospoliticosveracruz.com\\\/#\\\/schema\\\/person\\\/b8702bb0e538456e6efd07080bf2a4a2\",\"name\":\"Lo viste en Los Pol\u00edticos\",\"image\":{\"@type\":\"ImageObject\",\"inLanguage\":\"es\",\"@id\":\"https:\\\/\\\/secure.gravatar.com\\\/avatar\\\/3a8de04a2656d44082be478bd6c086daa447c4651605818287b9532d3d0bd435?s=96&d=mm&r=g\",\"url\":\"https:\\\/\\\/secure.gravatar.com\\\/avatar\\\/3a8de04a2656d44082be478bd6c086daa447c4651605818287b9532d3d0bd435?s=96&d=mm&r=g\",\"contentUrl\":\"https:\\\/\\\/secure.gravatar.com\\\/avatar\\\/3a8de04a2656d44082be478bd6c086daa447c4651605818287b9532d3d0bd435?s=96&d=mm&r=g\",\"caption\":\"Lo viste en Los Pol\u00edticos\"},\"url\":\"https:\\\/\\\/lospoliticosveracruz.com\\\/?author=2\"}]}<\/script>\n<!-- \/ Yoast SEO plugin. -->","yoast_head_json":{"title":"ACATAMOS PERO NO COMPARTIMOS CRITERIO! - Los pol\u00edticos Veracruz","robots":{"index":"index","follow":"follow","max-snippet":"max-snippet:-1","max-image-preview":"max-image-preview:large","max-video-preview":"max-video-preview:-1"},"canonical":"https:\/\/lospoliticosveracruz.com\/?p=159274","og_locale":"es_ES","og_type":"article","og_title":"ACATAMOS PERO NO COMPARTIMOS CRITERIO! - Los pol\u00edticos Veracruz","og_description":"En relaci\u00f3n con la resoluci\u00f3n tomada por la Sala Superior en el sentido de anular la elecci\u00f3n en Tamiahua, con lo que se abre la puerta a una elecci\u00f3n extraordinaria, el dirigente estatal del Partido Verde Ecologista de Mexico en Veracruz, manifest\u00f3 la posici\u00f3n de esa instituci\u00f3n: \u201csomos respetuosos de la decisi\u00f3n tomada por los [&hellip;]","og_url":"https:\/\/lospoliticosveracruz.com\/?p=159274","og_site_name":"Los pol\u00edticos Veracruz","article_publisher":"https:\/\/www.facebook.com\/people\/Notimemes-de-los-Polticos\/61565672886568\/","article_published_time":"2025-12-30T21:04:06+00:00","article_modified_time":"2025-12-30T21:26:31+00:00","og_image":[{"width":600,"height":320,"url":"https:\/\/lospoliticosveracruz.com\/wp-content\/uploads\/2025\/10\/Edgar-Herrera-Lendechy.jpeg","type":"image\/jpeg"}],"author":"Lo viste en Los Pol\u00edticos","twitter_card":"summary_large_image","twitter_creator":"@LosPoliticosVer","twitter_site":"@LosPoliticosVer","twitter_misc":{"Escrito por":"Lo viste en Los Pol\u00edticos","Tiempo de lectura":"2 minutos"},"schema":{"@context":"https:\/\/schema.org","@graph":[{"@type":"Article","@id":"https:\/\/lospoliticosveracruz.com\/?p=159274#article","isPartOf":{"@id":"https:\/\/lospoliticosveracruz.com\/?p=159274"},"author":{"name":"Lo viste en Los Pol\u00edticos","@id":"https:\/\/lospoliticosveracruz.com\/#\/schema\/person\/b8702bb0e538456e6efd07080bf2a4a2"},"headline":"ACATAMOS PERO NO COMPARTIMOS CRITERIO!","datePublished":"2025-12-30T21:04:06+00:00","dateModified":"2025-12-30T21:26:31+00:00","mainEntityOfPage":{"@id":"https:\/\/lospoliticosveracruz.com\/?p=159274"},"wordCount":218,"publisher":{"@id":"https:\/\/lospoliticosveracruz.com\/#organization"},"image":{"@id":"https:\/\/lospoliticosveracruz.com\/?p=159274#primaryimage"},"thumbnailUrl":"https:\/\/lospoliticosveracruz.com\/wp-content\/uploads\/2025\/10\/Edgar-Herrera-Lendechy.jpeg","keywords":["Anulaci\u00f3n elecci\u00f3n Tamiahua","Citlali Medell\u00edn Tamiahua","Consejo Municipal Tamiahua","Elecci\u00f3n extraordinaria Tamiahua","Gary Herrera Partido Verde","PVEM Veracruz","Tribunal Electoral Sala Superior"],"articleSection":["De Boleto"],"inLanguage":"es"},{"@type":"WebPage","@id":"https:\/\/lospoliticosveracruz.com\/?p=159274","url":"https:\/\/lospoliticosveracruz.com\/?p=159274","name":"ACATAMOS PERO NO COMPARTIMOS CRITERIO! - Los pol\u00edticos Veracruz","isPartOf":{"@id":"https:\/\/lospoliticosveracruz.com\/#website"},"primaryImageOfPage":{"@id":"https:\/\/lospoliticosveracruz.com\/?p=159274#primaryimage"},"image":{"@id":"https:\/\/lospoliticosveracruz.com\/?p=159274#primaryimage"},"thumbnailUrl":"https:\/\/lospoliticosveracruz.com\/wp-content\/uploads\/2025\/10\/Edgar-Herrera-Lendechy.jpeg","datePublished":"2025-12-30T21:04:06+00:00","dateModified":"2025-12-30T21:26:31+00:00","breadcrumb":{"@id":"https:\/\/lospoliticosveracruz.com\/?p=159274#breadcrumb"},"inLanguage":"es","potentialAction":[{"@type":"ReadAction","target":["https:\/\/lospoliticosveracruz.com\/?p=159274"]}]},{"@type":"ImageObject","inLanguage":"es","@id":"https:\/\/lospoliticosveracruz.com\/?p=159274#primaryimage","url":"https:\/\/lospoliticosveracruz.com\/wp-content\/uploads\/2025\/10\/Edgar-Herrera-Lendechy.jpeg","contentUrl":"https:\/\/lospoliticosveracruz.com\/wp-content\/uploads\/2025\/10\/Edgar-Herrera-Lendechy.jpeg","width":600,"height":320},{"@type":"BreadcrumbList","@id":"https:\/\/lospoliticosveracruz.com\/?p=159274#breadcrumb","itemListElement":[{"@type":"ListItem","position":1,"name":"Portada","item":"https:\/\/lospoliticosveracruz.com\/"},{"@type":"ListItem","position":2,"name":"ACATAMOS PERO NO COMPARTIMOS CRITERIO!"}]},{"@type":"WebSite","@id":"https:\/\/lospoliticosveracruz.com\/#website","url":"https:\/\/lospoliticosveracruz.com\/","name":"Los pol\u00edticos Veracruz","description":"","publisher":{"@id":"https:\/\/lospoliticosveracruz.com\/#organization"},"potentialAction":[{"@type":"SearchAction","target":{"@type":"EntryPoint","urlTemplate":"https:\/\/lospoliticosveracruz.com\/?s={search_term_string}"},"query-input":{"@type":"PropertyValueSpecification","valueRequired":true,"valueName":"search_term_string"}}],"inLanguage":"es"},{"@type":"Organization","@id":"https:\/\/lospoliticosveracruz.com\/#organization","name":"Los pol\u00edticos Veracruz","url":"https:\/\/lospoliticosveracruz.com\/","logo":{"@type":"ImageObject","inLanguage":"es","@id":"https:\/\/lospoliticosveracruz.com\/#\/schema\/logo\/image\/","url":"https:\/\/lospoliticosveracruz.com\/wp-content\/uploads\/2025\/12\/Logo-Nuevo-LOS-POLITICOS-1.jpg","contentUrl":"https:\/\/lospoliticosveracruz.com\/wp-content\/uploads\/2025\/12\/Logo-Nuevo-LOS-POLITICOS-1.jpg","width":260,"height":70,"caption":"Los pol\u00edticos Veracruz"},"image":{"@id":"https:\/\/lospoliticosveracruz.com\/#\/schema\/logo\/image\/"},"sameAs":["https:\/\/www.facebook.com\/people\/Notimemes-de-los-Polticos\/61565672886568\/","https:\/\/x.com\/LosPoliticosVer"]},{"@type":"Person","@id":"https:\/\/lospoliticosveracruz.com\/#\/schema\/person\/b8702bb0e538456e6efd07080bf2a4a2","name":"Lo viste en Los Pol\u00edticos","image":{"@type":"ImageObject","inLanguage":"es","@id":"https:\/\/secure.gravatar.com\/avatar\/3a8de04a2656d44082be478bd6c086daa447c4651605818287b9532d3d0bd435?s=96&d=mm&r=g","url":"https:\/\/secure.gravatar.com\/avatar\/3a8de04a2656d44082be478bd6c086daa447c4651605818287b9532d3d0bd435?s=96&d=mm&r=g","contentUrl":"https:\/\/secure.gravatar.com\/avatar\/3a8de04a2656d44082be478bd6c086daa447c4651605818287b9532d3d0bd435?s=96&d=mm&r=g","caption":"Lo viste en Los Pol\u00edticos"},"url":"https:\/\/lospoliticosveracruz.com\/?author=2"}]}},"_links":{"self":[{"href":"https:\/\/lospoliticosveracruz.com\/index.php?rest_route=\/wp\/v2\/posts\/159274","targetHints":{"allow":["GET"]}}],"collection":[{"href":"https:\/\/lospoliticosveracruz.com\/index.php?rest_route=\/wp\/v2\/posts"}],"about":[{"href":"https:\/\/lospoliticosveracruz.com\/index.php?rest_route=\/wp\/v2\/types\/post"}],"author":[{"embeddable":true,"href":"https:\/\/lospoliticosveracruz.com\/index.php?rest_route=\/wp\/v2\/users\/2"}],"replies":[{"embeddable":true,"href":"https:\/\/lospoliticosveracruz.com\/index.php?rest_route=%2Fwp%2Fv2%2Fcomments&post=159274"}],"version-history":[{"count":3,"href":"https:\/\/lospoliticosveracruz.com\/index.php?rest_route=\/wp\/v2\/posts\/159274\/revisions"}],"predecessor-version":[{"id":159278,"href":"https:\/\/lospoliticosveracruz.com\/index.php?rest_route=\/wp\/v2\/posts\/159274\/revisions\/159278"}],"wp:featuredmedia":[{"embeddable":true,"href":"https:\/\/lospoliticosveracruz.com\/index.php?rest_route=\/wp\/v2\/media\/153904"}],"wp:attachment":[{"href":"https:\/\/lospoliticosveracruz.com\/index.php?rest_route=%2Fwp%2Fv2%2Fmedia&parent=159274"}],"wp:term":[{"taxonomy":"category","embeddable":true,"href":"https:\/\/lospoliticosveracruz.com\/index.php?rest_route=%2Fwp%2Fv2%2Fcategories&post=159274"},{"taxonomy":"post_tag","embeddable":true,"href":"https:\/\/lospoliticosveracruz.com\/index.php?rest_route=%2Fwp%2Fv2%2Ftags&post=159274"}],"curies":[{"name":"wp","href":"https:\/\/api.w.org\/{rel}","templated":true}]}}