{"id":159299,"date":"2025-12-31T06:55:56","date_gmt":"2025-12-31T12:55:56","guid":{"rendered":"https:\/\/lospoliticosveracruz.com\/?p=159299"},"modified":"2025-12-31T06:55:57","modified_gmt":"2025-12-31T12:55:57","slug":"bibiana-usurpacion-de-funciones","status":"publish","type":"post","link":"https:\/\/lospoliticosveracruz.com\/?p=159299","title":{"rendered":"BIBIANA, \u00bfUSURPACI\u00d3N DE FUNCIONES?"},"content":{"rendered":"\n<p><strong>Omar Z\u00fa\u00f1iga<\/strong><\/p>\n\n\n\n<p><em>De Primera Mano<\/em><\/p>\n\n\n\n<p>Muchas situaciones sucedieron este 30 de diciembre.<\/p>\n\n\n\n<p>La reversi\u00f3n en el fallo de la Sala Superior&nbsp;del TEPJF en la elecci\u00f3n de J\u00e1ltipan le devuelve, (como le adelantamos en este espacio) la alcald\u00eda a Movimiento Ciudadano en la persona de&nbsp;<strong>Gildardo Maldonado Guzm\u00e1n&nbsp;<\/strong><strong><em>el parcero<\/em><\/strong>, por lo que no habr\u00e1 elecci\u00f3n extraordinaria.<\/p>\n\n\n\n\n\n<p>Sin embargo, la sorpresa fue la anulaci\u00f3n en Tamiahua, donde&nbsp;<strong>Citlali Medell\u00edn<\/strong>&nbsp;ya&nbsp;ten\u00eda&nbsp;todo dispuesto para la toma de posesi\u00f3n este mi\u00e9rcoles 31 de diciembre, como lo marca la ley.<\/p>\n\n\n\n<p>Ahora deber\u00e1 esperar a la elecci\u00f3n extraordinaria\u2026y los tiempos.<\/p>\n\n\n\n<p>*****<\/p>\n\n\n\n<p>Y en ese tema, en a\u00fan no se decide si Citlali tomar\u00e1 protesta como diputada suplente en el distrito de Tuxpan o bien -de acuerdo a como se presenten los tiempos- si espera&nbsp;y se va directo por la alcald\u00eda de Tamiahua.<\/p>\n\n\n\n<p>Ya se ver\u00e1 en los primeros d\u00edas de este a\u00f1o 2026 que empieza ma\u00f1ana.<\/p>\n\n\n\n<p>*****<\/p>\n\n\n\n<p>De regreso a los ayuntamientos que hoy 31 de diciembre,&nbsp;toman protesta de ley para asumir funciones el primer minuto del 1 de enero de 2026, est\u00e1n por ejemplo Xalapa, Poza Rica, Veracruz (donde hay alternancia) y Coatzacoalcos, son ejemplos, m\u00e1s all\u00e1 de que sean de determinado partido pol\u00edtico, de que las cosas se pueden hacer bien cuando hay madurez y civilidad pol\u00edtica(Veracruz).<\/p>\n\n\n\n<p>La transici\u00f3n ha sido como debe ser, apegada a derecho y cada quien con su cada cual, es decir, directores de \u00e1rea con sus hom\u00f3logos, regidores con regidores, presidentes con presidentes y obvio, s\u00edndicos con s\u00edndicos.<\/p>\n\n\n\n<p>*****<\/p>\n\n\n\n<p>Caso contrario, sigue dando de qu\u00e9 hablar el peque\u00f1o municipio de Puente Nacional, en una campa\u00f1a en la que gan\u00f3 Movimiento Ciudadano en la persona de&nbsp;<strong>Bibiana S\u00e1nchez B\u00e1ez<\/strong>, joven mujer, maestra de grado, que sin embargo ha dado muestras de que la unidad no es lo suyo.<\/p>\n\n\n\n<p>Aqu\u00ed le dimos cuenta de irregularidades en las que incurri\u00f3 con el hasta&nbsp;este 30 de diciembre&nbsp;s\u00edndico electo,&nbsp;<strong>Francisco Palmeros<\/strong>, irregularidades que parec\u00edan haber sido zanjadas,&nbsp;que hasta foto hubo en la capacitaci\u00f3n impartida por el&nbsp;Orfis&nbsp;en Boca del R\u00edo.<\/p>\n\n\n\n<p>Sin embargo, documentaci\u00f3n en nuestro poder, revela lo contrario.<\/p>\n\n\n\n<p>En una grave irregularidad,&nbsp;<strong>Bibiana S\u00e1nchez B\u00e1ez<\/strong>, en su calidad de \u201cpresidenta del Comit\u00e9 de Recepci\u00f3n\u201d, mediante&nbsp;oficio&nbsp;dirigido al alcalde&nbsp;saliente&nbsp;<strong>Roberto Montiel&nbsp;<\/strong><strong>Montiel<\/strong>, salido de su \u201ccorrespondencia particular\u201d, da a conocer, el 30 dediciembre, es decir ayer, al equipo de entrega-recepci\u00f3n.<\/p>\n\n\n\n<p>Hasta ah\u00ed, pues nada m\u00e1s que el retraso en la comunicaci\u00f3n y que la Oficial del Registro Civil debe ser designada por la Direcci\u00f3n General que depende a su vez de la Secretar\u00eda de Gobierno, no del Ayuntamiento, pero ah\u00ed se encargar\u00e1n de ponerla en su lugar las autoridades estatales.<\/p>\n\n\n\n<p>Sin embargo, lo grave es que para la sindicatura, se design\u00f3 ella misma; as\u00ed es, lo que pareciera una locura, es una an\u00e9cdota, no es chiste.<\/p>\n\n\n\n<p><strong>Bibiana S\u00e1nchez B\u00e1ez<\/strong>&nbsp;se design\u00f3 a ella misma para recibir la oficina del s\u00edndico, pas\u00e1ndose por el arco del triunfo, que exista un s\u00edndico electo.<\/p>\n\n\n\n<p>Deber\u00eda recordar que tanto alcaldesa, s\u00edndico y regidora \u00fanica, son puestos de elecci\u00f3n popular, su designaci\u00f3n NO depende del humor del presidente municipal en turno, ellos tambi\u00e9n son autoridad.<\/p>\n\n\n\n<p>Y en el caso del s\u00edndico, mucho m\u00e1s, al ser por ley, el apoderado legal del Ayuntamiento, nada m\u00e1s.&nbsp;<\/p>\n\n\n\n<p>*****<\/p>\n\n\n\n<p>No sabemos hasta d\u00f3nde va a&nbsp;llegar&nbsp;<strong>Bibiana S\u00e1nchez B\u00e1ez<\/strong>&nbsp;en su intento de querer controlartodo lo que pasa en el Ayuntamiento, sin siquiera ceder lo que por ley no le compete.<\/p>\n\n\n\n<p>Sin embargo, sabemos&nbsp;<strong>De Primera Mano<\/strong>, que&nbsp;<strong>Francisco Palmeros<\/strong>&nbsp;est\u00e1 muy bien asesorado, incluso&nbsp;se reuni\u00f3 ya con&nbsp;actores que han llamado a la mesura y a la civilidad, como el diputado&nbsp;<strong>Esteban Bautista<\/strong>, presidente de la&nbsp;Jucopo.<\/p>\n\n\n\n<p>Adem\u00e1s,&nbsp;especialistas consultados sostienen que&nbsp;Bibi&nbsp;podr\u00eda estar incurriendo en usurpaci\u00f3n de funciones, lo que ya&nbsp;incluye&nbsp;un proceso penal.Uuuffff.<\/p>\n\n\n\n<p>Mal empieza la semana a quien ahorcan en lunes\u2026, lo dijo el famoso fil\u00f3sofo de Ciudad Ju\u00e1rez: \u00a1pero qu\u00e9 necesidad!<\/p>\n\n\n\n<p>*****<\/p>\n\n\n\n<p>Feliz a\u00f1o 2026 para todos ustedes. Que el pr\u00f3ximo traiga toda clase de \u00e9xitos, prosperidad y sobre todo \u00a1mucha salud!<\/p>\n\n\n\n<p>Nos leemos el pr\u00f3ximo a\u00f1o.<\/p>\n\n\n\n<p>\u00a1Qu\u00e9 barbaridad!<\/p>\n\n\n\n<p>deprimera.mano2020@gmail.com<\/p>\n\n\n\n<p><\/p>\n","protected":false},"excerpt":{"rendered":"<p>Omar Z\u00fa\u00f1iga De Primera Mano Muchas situaciones sucedieron este 30 de diciembre. La reversi\u00f3n en el fallo de la Sala Superior&nbsp;del TEPJF en la elecci\u00f3n de J\u00e1ltipan le devuelve, (como le adelantamos en este espacio) la alcald\u00eda a Movimiento Ciudadano en la persona de&nbsp;Gildardo Maldonado Guzm\u00e1n&nbsp;el parcero, por lo que no habr\u00e1 elecci\u00f3n extraordinaria. Sin [&hellip;]<\/p>\n","protected":false},"author":2,"featured_media":141427,"comment_status":"closed","ping_status":"closed","sticky":false,"template":"","format":"standard","meta":{"tdm_status":"","tdm_grid_status":"","footnotes":""},"categories":[70],"tags":[48366,30924,47237,10510,28705,32293,2837],"class_list":{"0":"post-159299","1":"post","2":"type-post","3":"status-publish","4":"format-standard","5":"has-post-thumbnail","7":"category-de-opinion","8":"tag-bibiana-sanchez-baez","9":"tag-citlalli-medellin-careaga","10":"tag-gildardo-maldonado-guzman","11":"tag-jaltipan","12":"tag-omar-zuniga","13":"tag-roberto-montiel-montiel","14":"tag-tamiahua"},"yoast_head":"<!-- This site is optimized with the Yoast SEO plugin v27.4 - https:\/\/yoast.com\/product\/yoast-seo-wordpress\/ -->\n<title>BIBIANA, \u00bfUSURPACI\u00d3N DE FUNCIONES? - Los pol\u00edticos Veracruz<\/title>\n<meta name=\"robots\" content=\"index, follow, max-snippet:-1, max-image-preview:large, max-video-preview:-1\" \/>\n<link rel=\"canonical\" href=\"https:\/\/lospoliticosveracruz.com\/?p=159299\" \/>\n<meta property=\"og:locale\" content=\"es_ES\" \/>\n<meta property=\"og:type\" content=\"article\" \/>\n<meta property=\"og:title\" content=\"BIBIANA, \u00bfUSURPACI\u00d3N DE FUNCIONES? - Los pol\u00edticos Veracruz\" \/>\n<meta property=\"og:description\" content=\"Omar Z\u00fa\u00f1iga De Primera Mano Muchas situaciones sucedieron este 30 de diciembre. La reversi\u00f3n en el fallo de la Sala Superior&nbsp;del TEPJF en la elecci\u00f3n de J\u00e1ltipan le devuelve, (como le adelantamos en este espacio) la alcald\u00eda a Movimiento Ciudadano en la persona de&nbsp;Gildardo Maldonado Guzm\u00e1n&nbsp;el parcero, por lo que no habr\u00e1 elecci\u00f3n extraordinaria. Sin [&hellip;]\" \/>\n<meta property=\"og:url\" content=\"https:\/\/lospoliticosveracruz.com\/?p=159299\" \/>\n<meta property=\"og:site_name\" content=\"Los pol\u00edticos Veracruz\" \/>\n<meta property=\"article:publisher\" content=\"https:\/\/www.facebook.com\/people\/Notimemes-de-los-Polticos\/61565672886568\/\" \/>\n<meta property=\"article:published_time\" content=\"2025-12-31T12:55:56+00:00\" \/>\n<meta property=\"article:modified_time\" content=\"2025-12-31T12:55:57+00:00\" \/>\n<meta property=\"og:image\" content=\"https:\/\/lospoliticosveracruz.com\/wp-content\/uploads\/2025\/04\/Omar-Zuniga.jpg\" \/>\n\t<meta property=\"og:image:width\" content=\"1250\" \/>\n\t<meta property=\"og:image:height\" content=\"667\" \/>\n\t<meta property=\"og:image:type\" content=\"image\/jpeg\" \/>\n<meta name=\"author\" content=\"Lo viste en Los Pol\u00edticos\" \/>\n<meta name=\"twitter:card\" content=\"summary_large_image\" \/>\n<meta name=\"twitter:creator\" content=\"@LosPoliticosVer\" \/>\n<meta name=\"twitter:site\" content=\"@LosPoliticosVer\" \/>\n<meta name=\"twitter:label1\" content=\"Escrito por\" \/>\n\t<meta name=\"twitter:data1\" content=\"Lo viste en Los Pol\u00edticos\" \/>\n\t<meta name=\"twitter:label2\" content=\"Tiempo de lectura\" \/>\n\t<meta name=\"twitter:data2\" content=\"4 minutos\" \/>\n<script type=\"application\/ld+json\" class=\"yoast-schema-graph\">{\"@context\":\"https:\\\/\\\/schema.org\",\"@graph\":[{\"@type\":\"Article\",\"@id\":\"https:\\\/\\\/lospoliticosveracruz.com\\\/?p=159299#article\",\"isPartOf\":{\"@id\":\"https:\\\/\\\/lospoliticosveracruz.com\\\/?p=159299\"},\"author\":{\"name\":\"Lo viste en Los Pol\u00edticos\",\"@id\":\"https:\\\/\\\/lospoliticosveracruz.com\\\/#\\\/schema\\\/person\\\/b8702bb0e538456e6efd07080bf2a4a2\"},\"headline\":\"BIBIANA, \u00bfUSURPACI\u00d3N DE FUNCIONES?\",\"datePublished\":\"2025-12-31T12:55:56+00:00\",\"dateModified\":\"2025-12-31T12:55:57+00:00\",\"mainEntityOfPage\":{\"@id\":\"https:\\\/\\\/lospoliticosveracruz.com\\\/?p=159299\"},\"wordCount\":792,\"publisher\":{\"@id\":\"https:\\\/\\\/lospoliticosveracruz.com\\\/#organization\"},\"image\":{\"@id\":\"https:\\\/\\\/lospoliticosveracruz.com\\\/?p=159299#primaryimage\"},\"thumbnailUrl\":\"https:\\\/\\\/lospoliticosveracruz.com\\\/wp-content\\\/uploads\\\/2025\\\/04\\\/Omar-Zuniga.jpg\",\"keywords\":[\"Bibiana S\u00e1nchez B\u00e1ez\",\"Citlalli Medell\u00edn Careaga\",\"Gildardo Maldonado Guzm\u00e1n\",\"J\u00e1ltipan\",\"Omar Z\u00fa\u00f1iga\",\"Roberto Montiel Montiel\",\"Tamiahua\"],\"articleSection\":[\"De Opini\u00f3n\"],\"inLanguage\":\"es\"},{\"@type\":\"WebPage\",\"@id\":\"https:\\\/\\\/lospoliticosveracruz.com\\\/?p=159299\",\"url\":\"https:\\\/\\\/lospoliticosveracruz.com\\\/?p=159299\",\"name\":\"BIBIANA, \u00bfUSURPACI\u00d3N DE FUNCIONES? - Los pol\u00edticos Veracruz\",\"isPartOf\":{\"@id\":\"https:\\\/\\\/lospoliticosveracruz.com\\\/#website\"},\"primaryImageOfPage\":{\"@id\":\"https:\\\/\\\/lospoliticosveracruz.com\\\/?p=159299#primaryimage\"},\"image\":{\"@id\":\"https:\\\/\\\/lospoliticosveracruz.com\\\/?p=159299#primaryimage\"},\"thumbnailUrl\":\"https:\\\/\\\/lospoliticosveracruz.com\\\/wp-content\\\/uploads\\\/2025\\\/04\\\/Omar-Zuniga.jpg\",\"datePublished\":\"2025-12-31T12:55:56+00:00\",\"dateModified\":\"2025-12-31T12:55:57+00:00\",\"breadcrumb\":{\"@id\":\"https:\\\/\\\/lospoliticosveracruz.com\\\/?p=159299#breadcrumb\"},\"inLanguage\":\"es\",\"potentialAction\":[{\"@type\":\"ReadAction\",\"target\":[\"https:\\\/\\\/lospoliticosveracruz.com\\\/?p=159299\"]}]},{\"@type\":\"ImageObject\",\"inLanguage\":\"es\",\"@id\":\"https:\\\/\\\/lospoliticosveracruz.com\\\/?p=159299#primaryimage\",\"url\":\"https:\\\/\\\/lospoliticosveracruz.com\\\/wp-content\\\/uploads\\\/2025\\\/04\\\/Omar-Zuniga.jpg\",\"contentUrl\":\"https:\\\/\\\/lospoliticosveracruz.com\\\/wp-content\\\/uploads\\\/2025\\\/04\\\/Omar-Zuniga.jpg\",\"width\":1250,\"height\":667},{\"@type\":\"BreadcrumbList\",\"@id\":\"https:\\\/\\\/lospoliticosveracruz.com\\\/?p=159299#breadcrumb\",\"itemListElement\":[{\"@type\":\"ListItem\",\"position\":1,\"name\":\"Portada\",\"item\":\"https:\\\/\\\/lospoliticosveracruz.com\\\/\"},{\"@type\":\"ListItem\",\"position\":2,\"name\":\"BIBIANA, \u00bfUSURPACI\u00d3N DE FUNCIONES?\"}]},{\"@type\":\"WebSite\",\"@id\":\"https:\\\/\\\/lospoliticosveracruz.com\\\/#website\",\"url\":\"https:\\\/\\\/lospoliticosveracruz.com\\\/\",\"name\":\"Los pol\u00edticos Veracruz\",\"description\":\"\",\"publisher\":{\"@id\":\"https:\\\/\\\/lospoliticosveracruz.com\\\/#organization\"},\"potentialAction\":[{\"@type\":\"SearchAction\",\"target\":{\"@type\":\"EntryPoint\",\"urlTemplate\":\"https:\\\/\\\/lospoliticosveracruz.com\\\/?s={search_term_string}\"},\"query-input\":{\"@type\":\"PropertyValueSpecification\",\"valueRequired\":true,\"valueName\":\"search_term_string\"}}],\"inLanguage\":\"es\"},{\"@type\":\"Organization\",\"@id\":\"https:\\\/\\\/lospoliticosveracruz.com\\\/#organization\",\"name\":\"Los pol\u00edticos Veracruz\",\"url\":\"https:\\\/\\\/lospoliticosveracruz.com\\\/\",\"logo\":{\"@type\":\"ImageObject\",\"inLanguage\":\"es\",\"@id\":\"https:\\\/\\\/lospoliticosveracruz.com\\\/#\\\/schema\\\/logo\\\/image\\\/\",\"url\":\"https:\\\/\\\/lospoliticosveracruz.com\\\/wp-content\\\/uploads\\\/2025\\\/12\\\/Logo-Nuevo-LOS-POLITICOS-1.jpg\",\"contentUrl\":\"https:\\\/\\\/lospoliticosveracruz.com\\\/wp-content\\\/uploads\\\/2025\\\/12\\\/Logo-Nuevo-LOS-POLITICOS-1.jpg\",\"width\":260,\"height\":70,\"caption\":\"Los pol\u00edticos Veracruz\"},\"image\":{\"@id\":\"https:\\\/\\\/lospoliticosveracruz.com\\\/#\\\/schema\\\/logo\\\/image\\\/\"},\"sameAs\":[\"https:\\\/\\\/www.facebook.com\\\/people\\\/Notimemes-de-los-Polticos\\\/61565672886568\\\/\",\"https:\\\/\\\/x.com\\\/LosPoliticosVer\"]},{\"@type\":\"Person\",\"@id\":\"https:\\\/\\\/lospoliticosveracruz.com\\\/#\\\/schema\\\/person\\\/b8702bb0e538456e6efd07080bf2a4a2\",\"name\":\"Lo viste en Los Pol\u00edticos\",\"image\":{\"@type\":\"ImageObject\",\"inLanguage\":\"es\",\"@id\":\"https:\\\/\\\/secure.gravatar.com\\\/avatar\\\/3a8de04a2656d44082be478bd6c086daa447c4651605818287b9532d3d0bd435?s=96&d=mm&r=g\",\"url\":\"https:\\\/\\\/secure.gravatar.com\\\/avatar\\\/3a8de04a2656d44082be478bd6c086daa447c4651605818287b9532d3d0bd435?s=96&d=mm&r=g\",\"contentUrl\":\"https:\\\/\\\/secure.gravatar.com\\\/avatar\\\/3a8de04a2656d44082be478bd6c086daa447c4651605818287b9532d3d0bd435?s=96&d=mm&r=g\",\"caption\":\"Lo viste en Los Pol\u00edticos\"},\"url\":\"https:\\\/\\\/lospoliticosveracruz.com\\\/?author=2\"}]}<\/script>\n<!-- \/ Yoast SEO plugin. -->","yoast_head_json":{"title":"BIBIANA, \u00bfUSURPACI\u00d3N DE FUNCIONES? - Los pol\u00edticos Veracruz","robots":{"index":"index","follow":"follow","max-snippet":"max-snippet:-1","max-image-preview":"max-image-preview:large","max-video-preview":"max-video-preview:-1"},"canonical":"https:\/\/lospoliticosveracruz.com\/?p=159299","og_locale":"es_ES","og_type":"article","og_title":"BIBIANA, \u00bfUSURPACI\u00d3N DE FUNCIONES? - Los pol\u00edticos Veracruz","og_description":"Omar Z\u00fa\u00f1iga De Primera Mano Muchas situaciones sucedieron este 30 de diciembre. La reversi\u00f3n en el fallo de la Sala Superior&nbsp;del TEPJF en la elecci\u00f3n de J\u00e1ltipan le devuelve, (como le adelantamos en este espacio) la alcald\u00eda a Movimiento Ciudadano en la persona de&nbsp;Gildardo Maldonado Guzm\u00e1n&nbsp;el parcero, por lo que no habr\u00e1 elecci\u00f3n extraordinaria. Sin [&hellip;]","og_url":"https:\/\/lospoliticosveracruz.com\/?p=159299","og_site_name":"Los pol\u00edticos Veracruz","article_publisher":"https:\/\/www.facebook.com\/people\/Notimemes-de-los-Polticos\/61565672886568\/","article_published_time":"2025-12-31T12:55:56+00:00","article_modified_time":"2025-12-31T12:55:57+00:00","og_image":[{"width":1250,"height":667,"url":"https:\/\/lospoliticosveracruz.com\/wp-content\/uploads\/2025\/04\/Omar-Zuniga.jpg","type":"image\/jpeg"}],"author":"Lo viste en Los Pol\u00edticos","twitter_card":"summary_large_image","twitter_creator":"@LosPoliticosVer","twitter_site":"@LosPoliticosVer","twitter_misc":{"Escrito por":"Lo viste en Los Pol\u00edticos","Tiempo de lectura":"4 minutos"},"schema":{"@context":"https:\/\/schema.org","@graph":[{"@type":"Article","@id":"https:\/\/lospoliticosveracruz.com\/?p=159299#article","isPartOf":{"@id":"https:\/\/lospoliticosveracruz.com\/?p=159299"},"author":{"name":"Lo viste en Los Pol\u00edticos","@id":"https:\/\/lospoliticosveracruz.com\/#\/schema\/person\/b8702bb0e538456e6efd07080bf2a4a2"},"headline":"BIBIANA, \u00bfUSURPACI\u00d3N DE FUNCIONES?","datePublished":"2025-12-31T12:55:56+00:00","dateModified":"2025-12-31T12:55:57+00:00","mainEntityOfPage":{"@id":"https:\/\/lospoliticosveracruz.com\/?p=159299"},"wordCount":792,"publisher":{"@id":"https:\/\/lospoliticosveracruz.com\/#organization"},"image":{"@id":"https:\/\/lospoliticosveracruz.com\/?p=159299#primaryimage"},"thumbnailUrl":"https:\/\/lospoliticosveracruz.com\/wp-content\/uploads\/2025\/04\/Omar-Zuniga.jpg","keywords":["Bibiana S\u00e1nchez B\u00e1ez","Citlalli Medell\u00edn Careaga","Gildardo Maldonado Guzm\u00e1n","J\u00e1ltipan","Omar Z\u00fa\u00f1iga","Roberto Montiel Montiel","Tamiahua"],"articleSection":["De Opini\u00f3n"],"inLanguage":"es"},{"@type":"WebPage","@id":"https:\/\/lospoliticosveracruz.com\/?p=159299","url":"https:\/\/lospoliticosveracruz.com\/?p=159299","name":"BIBIANA, \u00bfUSURPACI\u00d3N DE FUNCIONES? - Los pol\u00edticos Veracruz","isPartOf":{"@id":"https:\/\/lospoliticosveracruz.com\/#website"},"primaryImageOfPage":{"@id":"https:\/\/lospoliticosveracruz.com\/?p=159299#primaryimage"},"image":{"@id":"https:\/\/lospoliticosveracruz.com\/?p=159299#primaryimage"},"thumbnailUrl":"https:\/\/lospoliticosveracruz.com\/wp-content\/uploads\/2025\/04\/Omar-Zuniga.jpg","datePublished":"2025-12-31T12:55:56+00:00","dateModified":"2025-12-31T12:55:57+00:00","breadcrumb":{"@id":"https:\/\/lospoliticosveracruz.com\/?p=159299#breadcrumb"},"inLanguage":"es","potentialAction":[{"@type":"ReadAction","target":["https:\/\/lospoliticosveracruz.com\/?p=159299"]}]},{"@type":"ImageObject","inLanguage":"es","@id":"https:\/\/lospoliticosveracruz.com\/?p=159299#primaryimage","url":"https:\/\/lospoliticosveracruz.com\/wp-content\/uploads\/2025\/04\/Omar-Zuniga.jpg","contentUrl":"https:\/\/lospoliticosveracruz.com\/wp-content\/uploads\/2025\/04\/Omar-Zuniga.jpg","width":1250,"height":667},{"@type":"BreadcrumbList","@id":"https:\/\/lospoliticosveracruz.com\/?p=159299#breadcrumb","itemListElement":[{"@type":"ListItem","position":1,"name":"Portada","item":"https:\/\/lospoliticosveracruz.com\/"},{"@type":"ListItem","position":2,"name":"BIBIANA, \u00bfUSURPACI\u00d3N DE FUNCIONES?"}]},{"@type":"WebSite","@id":"https:\/\/lospoliticosveracruz.com\/#website","url":"https:\/\/lospoliticosveracruz.com\/","name":"Los pol\u00edticos Veracruz","description":"","publisher":{"@id":"https:\/\/lospoliticosveracruz.com\/#organization"},"potentialAction":[{"@type":"SearchAction","target":{"@type":"EntryPoint","urlTemplate":"https:\/\/lospoliticosveracruz.com\/?s={search_term_string}"},"query-input":{"@type":"PropertyValueSpecification","valueRequired":true,"valueName":"search_term_string"}}],"inLanguage":"es"},{"@type":"Organization","@id":"https:\/\/lospoliticosveracruz.com\/#organization","name":"Los pol\u00edticos Veracruz","url":"https:\/\/lospoliticosveracruz.com\/","logo":{"@type":"ImageObject","inLanguage":"es","@id":"https:\/\/lospoliticosveracruz.com\/#\/schema\/logo\/image\/","url":"https:\/\/lospoliticosveracruz.com\/wp-content\/uploads\/2025\/12\/Logo-Nuevo-LOS-POLITICOS-1.jpg","contentUrl":"https:\/\/lospoliticosveracruz.com\/wp-content\/uploads\/2025\/12\/Logo-Nuevo-LOS-POLITICOS-1.jpg","width":260,"height":70,"caption":"Los pol\u00edticos Veracruz"},"image":{"@id":"https:\/\/lospoliticosveracruz.com\/#\/schema\/logo\/image\/"},"sameAs":["https:\/\/www.facebook.com\/people\/Notimemes-de-los-Polticos\/61565672886568\/","https:\/\/x.com\/LosPoliticosVer"]},{"@type":"Person","@id":"https:\/\/lospoliticosveracruz.com\/#\/schema\/person\/b8702bb0e538456e6efd07080bf2a4a2","name":"Lo viste en Los Pol\u00edticos","image":{"@type":"ImageObject","inLanguage":"es","@id":"https:\/\/secure.gravatar.com\/avatar\/3a8de04a2656d44082be478bd6c086daa447c4651605818287b9532d3d0bd435?s=96&d=mm&r=g","url":"https:\/\/secure.gravatar.com\/avatar\/3a8de04a2656d44082be478bd6c086daa447c4651605818287b9532d3d0bd435?s=96&d=mm&r=g","contentUrl":"https:\/\/secure.gravatar.com\/avatar\/3a8de04a2656d44082be478bd6c086daa447c4651605818287b9532d3d0bd435?s=96&d=mm&r=g","caption":"Lo viste en Los Pol\u00edticos"},"url":"https:\/\/lospoliticosveracruz.com\/?author=2"}]}},"_links":{"self":[{"href":"https:\/\/lospoliticosveracruz.com\/index.php?rest_route=\/wp\/v2\/posts\/159299","targetHints":{"allow":["GET"]}}],"collection":[{"href":"https:\/\/lospoliticosveracruz.com\/index.php?rest_route=\/wp\/v2\/posts"}],"about":[{"href":"https:\/\/lospoliticosveracruz.com\/index.php?rest_route=\/wp\/v2\/types\/post"}],"author":[{"embeddable":true,"href":"https:\/\/lospoliticosveracruz.com\/index.php?rest_route=\/wp\/v2\/users\/2"}],"replies":[{"embeddable":true,"href":"https:\/\/lospoliticosveracruz.com\/index.php?rest_route=%2Fwp%2Fv2%2Fcomments&post=159299"}],"version-history":[{"count":1,"href":"https:\/\/lospoliticosveracruz.com\/index.php?rest_route=\/wp\/v2\/posts\/159299\/revisions"}],"predecessor-version":[{"id":159300,"href":"https:\/\/lospoliticosveracruz.com\/index.php?rest_route=\/wp\/v2\/posts\/159299\/revisions\/159300"}],"wp:featuredmedia":[{"embeddable":true,"href":"https:\/\/lospoliticosveracruz.com\/index.php?rest_route=\/wp\/v2\/media\/141427"}],"wp:attachment":[{"href":"https:\/\/lospoliticosveracruz.com\/index.php?rest_route=%2Fwp%2Fv2%2Fmedia&parent=159299"}],"wp:term":[{"taxonomy":"category","embeddable":true,"href":"https:\/\/lospoliticosveracruz.com\/index.php?rest_route=%2Fwp%2Fv2%2Fcategories&post=159299"},{"taxonomy":"post_tag","embeddable":true,"href":"https:\/\/lospoliticosveracruz.com\/index.php?rest_route=%2Fwp%2Fv2%2Ftags&post=159299"}],"curies":[{"name":"wp","href":"https:\/\/api.w.org\/{rel}","templated":true}]}}