{"id":159327,"date":"2025-12-31T11:27:34","date_gmt":"2025-12-31T17:27:34","guid":{"rendered":"https:\/\/lospoliticosveracruz.com\/?p=159327"},"modified":"2025-12-31T11:27:35","modified_gmt":"2025-12-31T17:27:35","slug":"estamos-hartos-de-los-politicos","status":"publish","type":"post","link":"https:\/\/lospoliticosveracruz.com\/?p=159327","title":{"rendered":"\u00a1ESTAMOS HARTOS DE LOS POL\u00cdTICOS!"},"content":{"rendered":"\n<p>Isla: Partiendo del sentir generalizado de la poblaci\u00f3n, marcado por el cansancio, la desconfianza y el hartazgo hacia los pol\u00edticos de siempre, Ram\u00f3n Mart\u00ednez Tress afirm\u00f3 que ha llegado el momento de dar el paso hacia lo nuevo: gobiernos municipales ciudadanos, donde la gente deje de ser espectadora y se convierta en protagonista de la vida p\u00fablica.<\/p>\n\n\n\n<p>\u201cEstamos hartos de los pol\u00edticos que prometen y no cumplen. Hoy es tiempo de gobiernos donde la ciudadan\u00eda participe, decida y construya junto con su gobierno\u201d, se\u00f1al\u00f3, al presentar la visi\u00f3n que guiar\u00e1 su administraci\u00f3n en el municipio de Isla durante el periodo 2026\u20132029.<\/p>\n\n\n\n<p>El proyecto de gobierno que encabezar\u00e1 Ram\u00f3n Mart\u00ednez Tress se plantea como pionero en Veracruz y en el pa\u00eds, al romper con esquemas tradicionales y colocar a la ciudadan\u00eda en el centro de la toma de decisiones. Este enfoque ciudadano se traducir\u00e1 en acciones concretas y soluciones reales a los problemas cotidianos del municipio.<\/p>\n\n\n\n<p>Entre los ejes prioritarios de gobierno destacan:<\/p>\n\n\n\n<p>\u25cf La recolecci\u00f3n eficiente de basura, iniciando con la separaci\u00f3n de residuos y la construcci\u00f3n de una nueva cultura ambiental en el municipio.<\/p>\n\n\n\n<p>\u25cf La pavimentaci\u00f3n de calles y la rehabilitaci\u00f3n de caminos saca cosechas, fundamentales para la movilidad, la seguridad y el desarrollo econ\u00f3mico local.<\/p>\n\n\n\n<p>\u25cf La implementaci\u00f3n de una cultura vial que ordene el tr\u00e1nsito, prevenga accidentes y fomente el respeto entre peatones y conductores.<\/p>\n\n\n\n<p>\u25cf La garant\u00eda del abasto de agua potable como un derecho b\u00e1sico para todas las familias.<\/p>\n\n\n\n<p>\u25cf La puesta en marcha de un programa pionero de sistemas de captaci\u00f3n de agua de lluvia, como soluci\u00f3n sostenible y de largo plazo ante la escasez del recurso.<\/p>\n\n\n\n<p>Ram\u00f3n Mart\u00ednez Tress record\u00f3 que lleg\u00f3 a la presidencia municipal como candidato de Movimiento Ciudadano, por lo que su administraci\u00f3n ser\u00e1 identificada como un gobierno naranja, enfocado en la innovaci\u00f3n, la cercan\u00eda con la gente y la participaci\u00f3n ciudadana activa.<\/p>\n\n\n\n<p>\u201cEl cambio no vendr\u00e1 de un solo hombre ni de un partido. Vendr\u00e1 de una ciudadan\u00eda organizada, informada y participativa. Este gobierno no le pertenece a los pol\u00edticos, le pertenece a la gente de Isla\u201d, afirm\u00f3.<\/p>\n\n\n\n<p>Con este enfoque, el gobierno municipal de Isla busca marcar un antes y un despu\u00e9s en la forma de gobernar, demostrando que cuando la ciudadan\u00eda se involucra, los municipios avanzan, se ordenan y prosperan.<\/p>\n\n\n\n<p>Porque cuando la gente toma parte en las decisiones p\u00fablicas, el gobierno deja de ser de unos cuantos y se convierte en un verdadero gobierno ciudadano.<\/p>\n","protected":false},"excerpt":{"rendered":"<p>Isla: Partiendo del sentir generalizado de la poblaci\u00f3n, marcado por el cansancio, la desconfianza y el hartazgo hacia los pol\u00edticos de siempre, Ram\u00f3n Mart\u00ednez Tress afirm\u00f3 que ha llegado el momento de dar el paso hacia lo nuevo: gobiernos municipales ciudadanos, donde la gente deje de ser espectadora y se convierta en protagonista de la [&hellip;]<\/p>\n","protected":false},"author":2,"featured_media":159328,"comment_status":"closed","ping_status":"closed","sticky":false,"template":"","format":"standard","meta":{"tdm_status":"","tdm_grid_status":"","footnotes":""},"categories":[73],"tags":[48425,48428,48426,48427,48429,38166,48424],"class_list":{"0":"post-159327","1":"post","2":"type-post","3":"status-publish","4":"format-standard","5":"has-post-thumbnail","7":"category-de-boleto","8":"tag-ayuntamiento-de-isla-2026-2029","9":"tag-caminos-saca-cosechas-veracruz","10":"tag-captacion-de-agua-de-lluvia-isla","11":"tag-gobierno-ciudadano-isla","12":"tag-movilidad-y-cultura-vial-isla","13":"tag-movimiento-ciudadano-veracruz","14":"tag-ramon-martinez-tress"},"yoast_head":"<!-- This site is optimized with the Yoast SEO plugin v27.4 - https:\/\/yoast.com\/product\/yoast-seo-wordpress\/ -->\n<title>\u00a1ESTAMOS HARTOS DE LOS POL\u00cdTICOS! - Los pol\u00edticos Veracruz<\/title>\n<meta name=\"robots\" content=\"index, follow, max-snippet:-1, max-image-preview:large, max-video-preview:-1\" \/>\n<link rel=\"canonical\" href=\"https:\/\/lospoliticosveracruz.com\/?p=159327\" \/>\n<meta property=\"og:locale\" content=\"es_ES\" \/>\n<meta property=\"og:type\" content=\"article\" \/>\n<meta property=\"og:title\" content=\"\u00a1ESTAMOS HARTOS DE LOS POL\u00cdTICOS! - Los pol\u00edticos Veracruz\" \/>\n<meta property=\"og:description\" content=\"Isla: Partiendo del sentir generalizado de la poblaci\u00f3n, marcado por el cansancio, la desconfianza y el hartazgo hacia los pol\u00edticos de siempre, Ram\u00f3n Mart\u00ednez Tress afirm\u00f3 que ha llegado el momento de dar el paso hacia lo nuevo: gobiernos municipales ciudadanos, donde la gente deje de ser espectadora y se convierta en protagonista de la [&hellip;]\" \/>\n<meta property=\"og:url\" content=\"https:\/\/lospoliticosveracruz.com\/?p=159327\" \/>\n<meta property=\"og:site_name\" content=\"Los pol\u00edticos Veracruz\" \/>\n<meta property=\"article:publisher\" content=\"https:\/\/www.facebook.com\/people\/Notimemes-de-los-Polticos\/61565672886568\/\" \/>\n<meta property=\"article:published_time\" content=\"2025-12-31T17:27:34+00:00\" \/>\n<meta property=\"article:modified_time\" content=\"2025-12-31T17:27:35+00:00\" \/>\n<meta property=\"og:image\" content=\"https:\/\/lospoliticosveracruz.com\/wp-content\/uploads\/2025\/12\/Ramon-Martinez-Tress.jpg\" \/>\n\t<meta property=\"og:image:width\" content=\"600\" \/>\n\t<meta property=\"og:image:height\" content=\"320\" \/>\n\t<meta property=\"og:image:type\" content=\"image\/jpeg\" \/>\n<meta name=\"author\" content=\"Lo viste en Los Pol\u00edticos\" \/>\n<meta name=\"twitter:card\" content=\"summary_large_image\" \/>\n<meta name=\"twitter:creator\" content=\"@LosPoliticosVer\" \/>\n<meta name=\"twitter:site\" content=\"@LosPoliticosVer\" \/>\n<meta name=\"twitter:label1\" content=\"Escrito por\" \/>\n\t<meta name=\"twitter:data1\" content=\"Lo viste en Los Pol\u00edticos\" \/>\n\t<meta name=\"twitter:label2\" content=\"Tiempo de lectura\" \/>\n\t<meta name=\"twitter:data2\" content=\"3 minutos\" \/>\n<script type=\"application\/ld+json\" class=\"yoast-schema-graph\">{\"@context\":\"https:\\\/\\\/schema.org\",\"@graph\":[{\"@type\":\"Article\",\"@id\":\"https:\\\/\\\/lospoliticosveracruz.com\\\/?p=159327#article\",\"isPartOf\":{\"@id\":\"https:\\\/\\\/lospoliticosveracruz.com\\\/?p=159327\"},\"author\":{\"name\":\"Lo viste en Los Pol\u00edticos\",\"@id\":\"https:\\\/\\\/lospoliticosveracruz.com\\\/#\\\/schema\\\/person\\\/b8702bb0e538456e6efd07080bf2a4a2\"},\"headline\":\"\u00a1ESTAMOS HARTOS DE LOS POL\u00cdTICOS!\",\"datePublished\":\"2025-12-31T17:27:34+00:00\",\"dateModified\":\"2025-12-31T17:27:35+00:00\",\"mainEntityOfPage\":{\"@id\":\"https:\\\/\\\/lospoliticosveracruz.com\\\/?p=159327\"},\"wordCount\":447,\"publisher\":{\"@id\":\"https:\\\/\\\/lospoliticosveracruz.com\\\/#organization\"},\"image\":{\"@id\":\"https:\\\/\\\/lospoliticosveracruz.com\\\/?p=159327#primaryimage\"},\"thumbnailUrl\":\"https:\\\/\\\/lospoliticosveracruz.com\\\/wp-content\\\/uploads\\\/2025\\\/12\\\/Ramon-Martinez-Tress.jpg\",\"keywords\":[\"Ayuntamiento de Isla 2026-2029\",\"Caminos saca cosechas Veracruz\",\"Captaci\u00f3n de agua de lluvia Isla\",\"Gobierno Ciudadano Isla\",\"Movilidad y cultura vial Isla\",\"Movimiento Ciudadano Veracruz\",\"Ram\u00f3n Mart\u00ednez Tress\"],\"articleSection\":[\"De Boleto\"],\"inLanguage\":\"es\"},{\"@type\":\"WebPage\",\"@id\":\"https:\\\/\\\/lospoliticosveracruz.com\\\/?p=159327\",\"url\":\"https:\\\/\\\/lospoliticosveracruz.com\\\/?p=159327\",\"name\":\"\u00a1ESTAMOS HARTOS DE LOS POL\u00cdTICOS! - Los pol\u00edticos Veracruz\",\"isPartOf\":{\"@id\":\"https:\\\/\\\/lospoliticosveracruz.com\\\/#website\"},\"primaryImageOfPage\":{\"@id\":\"https:\\\/\\\/lospoliticosveracruz.com\\\/?p=159327#primaryimage\"},\"image\":{\"@id\":\"https:\\\/\\\/lospoliticosveracruz.com\\\/?p=159327#primaryimage\"},\"thumbnailUrl\":\"https:\\\/\\\/lospoliticosveracruz.com\\\/wp-content\\\/uploads\\\/2025\\\/12\\\/Ramon-Martinez-Tress.jpg\",\"datePublished\":\"2025-12-31T17:27:34+00:00\",\"dateModified\":\"2025-12-31T17:27:35+00:00\",\"breadcrumb\":{\"@id\":\"https:\\\/\\\/lospoliticosveracruz.com\\\/?p=159327#breadcrumb\"},\"inLanguage\":\"es\",\"potentialAction\":[{\"@type\":\"ReadAction\",\"target\":[\"https:\\\/\\\/lospoliticosveracruz.com\\\/?p=159327\"]}]},{\"@type\":\"ImageObject\",\"inLanguage\":\"es\",\"@id\":\"https:\\\/\\\/lospoliticosveracruz.com\\\/?p=159327#primaryimage\",\"url\":\"https:\\\/\\\/lospoliticosveracruz.com\\\/wp-content\\\/uploads\\\/2025\\\/12\\\/Ramon-Martinez-Tress.jpg\",\"contentUrl\":\"https:\\\/\\\/lospoliticosveracruz.com\\\/wp-content\\\/uploads\\\/2025\\\/12\\\/Ramon-Martinez-Tress.jpg\",\"width\":600,\"height\":320},{\"@type\":\"BreadcrumbList\",\"@id\":\"https:\\\/\\\/lospoliticosveracruz.com\\\/?p=159327#breadcrumb\",\"itemListElement\":[{\"@type\":\"ListItem\",\"position\":1,\"name\":\"Portada\",\"item\":\"https:\\\/\\\/lospoliticosveracruz.com\\\/\"},{\"@type\":\"ListItem\",\"position\":2,\"name\":\"\u00a1ESTAMOS HARTOS DE LOS POL\u00cdTICOS!\"}]},{\"@type\":\"WebSite\",\"@id\":\"https:\\\/\\\/lospoliticosveracruz.com\\\/#website\",\"url\":\"https:\\\/\\\/lospoliticosveracruz.com\\\/\",\"name\":\"Los pol\u00edticos Veracruz\",\"description\":\"\",\"publisher\":{\"@id\":\"https:\\\/\\\/lospoliticosveracruz.com\\\/#organization\"},\"potentialAction\":[{\"@type\":\"SearchAction\",\"target\":{\"@type\":\"EntryPoint\",\"urlTemplate\":\"https:\\\/\\\/lospoliticosveracruz.com\\\/?s={search_term_string}\"},\"query-input\":{\"@type\":\"PropertyValueSpecification\",\"valueRequired\":true,\"valueName\":\"search_term_string\"}}],\"inLanguage\":\"es\"},{\"@type\":\"Organization\",\"@id\":\"https:\\\/\\\/lospoliticosveracruz.com\\\/#organization\",\"name\":\"Los pol\u00edticos Veracruz\",\"url\":\"https:\\\/\\\/lospoliticosveracruz.com\\\/\",\"logo\":{\"@type\":\"ImageObject\",\"inLanguage\":\"es\",\"@id\":\"https:\\\/\\\/lospoliticosveracruz.com\\\/#\\\/schema\\\/logo\\\/image\\\/\",\"url\":\"https:\\\/\\\/lospoliticosveracruz.com\\\/wp-content\\\/uploads\\\/2025\\\/12\\\/Logo-Nuevo-LOS-POLITICOS-1.jpg\",\"contentUrl\":\"https:\\\/\\\/lospoliticosveracruz.com\\\/wp-content\\\/uploads\\\/2025\\\/12\\\/Logo-Nuevo-LOS-POLITICOS-1.jpg\",\"width\":260,\"height\":70,\"caption\":\"Los pol\u00edticos Veracruz\"},\"image\":{\"@id\":\"https:\\\/\\\/lospoliticosveracruz.com\\\/#\\\/schema\\\/logo\\\/image\\\/\"},\"sameAs\":[\"https:\\\/\\\/www.facebook.com\\\/people\\\/Notimemes-de-los-Polticos\\\/61565672886568\\\/\",\"https:\\\/\\\/x.com\\\/LosPoliticosVer\"]},{\"@type\":\"Person\",\"@id\":\"https:\\\/\\\/lospoliticosveracruz.com\\\/#\\\/schema\\\/person\\\/b8702bb0e538456e6efd07080bf2a4a2\",\"name\":\"Lo viste en Los Pol\u00edticos\",\"image\":{\"@type\":\"ImageObject\",\"inLanguage\":\"es\",\"@id\":\"https:\\\/\\\/secure.gravatar.com\\\/avatar\\\/3a8de04a2656d44082be478bd6c086daa447c4651605818287b9532d3d0bd435?s=96&d=mm&r=g\",\"url\":\"https:\\\/\\\/secure.gravatar.com\\\/avatar\\\/3a8de04a2656d44082be478bd6c086daa447c4651605818287b9532d3d0bd435?s=96&d=mm&r=g\",\"contentUrl\":\"https:\\\/\\\/secure.gravatar.com\\\/avatar\\\/3a8de04a2656d44082be478bd6c086daa447c4651605818287b9532d3d0bd435?s=96&d=mm&r=g\",\"caption\":\"Lo viste en Los Pol\u00edticos\"},\"url\":\"https:\\\/\\\/lospoliticosveracruz.com\\\/?author=2\"}]}<\/script>\n<!-- \/ Yoast SEO plugin. -->","yoast_head_json":{"title":"\u00a1ESTAMOS HARTOS DE LOS POL\u00cdTICOS! - Los pol\u00edticos Veracruz","robots":{"index":"index","follow":"follow","max-snippet":"max-snippet:-1","max-image-preview":"max-image-preview:large","max-video-preview":"max-video-preview:-1"},"canonical":"https:\/\/lospoliticosveracruz.com\/?p=159327","og_locale":"es_ES","og_type":"article","og_title":"\u00a1ESTAMOS HARTOS DE LOS POL\u00cdTICOS! - Los pol\u00edticos Veracruz","og_description":"Isla: Partiendo del sentir generalizado de la poblaci\u00f3n, marcado por el cansancio, la desconfianza y el hartazgo hacia los pol\u00edticos de siempre, Ram\u00f3n Mart\u00ednez Tress afirm\u00f3 que ha llegado el momento de dar el paso hacia lo nuevo: gobiernos municipales ciudadanos, donde la gente deje de ser espectadora y se convierta en protagonista de la [&hellip;]","og_url":"https:\/\/lospoliticosveracruz.com\/?p=159327","og_site_name":"Los pol\u00edticos Veracruz","article_publisher":"https:\/\/www.facebook.com\/people\/Notimemes-de-los-Polticos\/61565672886568\/","article_published_time":"2025-12-31T17:27:34+00:00","article_modified_time":"2025-12-31T17:27:35+00:00","og_image":[{"width":600,"height":320,"url":"https:\/\/lospoliticosveracruz.com\/wp-content\/uploads\/2025\/12\/Ramon-Martinez-Tress.jpg","type":"image\/jpeg"}],"author":"Lo viste en Los Pol\u00edticos","twitter_card":"summary_large_image","twitter_creator":"@LosPoliticosVer","twitter_site":"@LosPoliticosVer","twitter_misc":{"Escrito por":"Lo viste en Los Pol\u00edticos","Tiempo de lectura":"3 minutos"},"schema":{"@context":"https:\/\/schema.org","@graph":[{"@type":"Article","@id":"https:\/\/lospoliticosveracruz.com\/?p=159327#article","isPartOf":{"@id":"https:\/\/lospoliticosveracruz.com\/?p=159327"},"author":{"name":"Lo viste en Los Pol\u00edticos","@id":"https:\/\/lospoliticosveracruz.com\/#\/schema\/person\/b8702bb0e538456e6efd07080bf2a4a2"},"headline":"\u00a1ESTAMOS HARTOS DE LOS POL\u00cdTICOS!","datePublished":"2025-12-31T17:27:34+00:00","dateModified":"2025-12-31T17:27:35+00:00","mainEntityOfPage":{"@id":"https:\/\/lospoliticosveracruz.com\/?p=159327"},"wordCount":447,"publisher":{"@id":"https:\/\/lospoliticosveracruz.com\/#organization"},"image":{"@id":"https:\/\/lospoliticosveracruz.com\/?p=159327#primaryimage"},"thumbnailUrl":"https:\/\/lospoliticosveracruz.com\/wp-content\/uploads\/2025\/12\/Ramon-Martinez-Tress.jpg","keywords":["Ayuntamiento de Isla 2026-2029","Caminos saca cosechas Veracruz","Captaci\u00f3n de agua de lluvia Isla","Gobierno Ciudadano Isla","Movilidad y cultura vial Isla","Movimiento Ciudadano Veracruz","Ram\u00f3n Mart\u00ednez Tress"],"articleSection":["De Boleto"],"inLanguage":"es"},{"@type":"WebPage","@id":"https:\/\/lospoliticosveracruz.com\/?p=159327","url":"https:\/\/lospoliticosveracruz.com\/?p=159327","name":"\u00a1ESTAMOS HARTOS DE LOS POL\u00cdTICOS! - Los pol\u00edticos Veracruz","isPartOf":{"@id":"https:\/\/lospoliticosveracruz.com\/#website"},"primaryImageOfPage":{"@id":"https:\/\/lospoliticosveracruz.com\/?p=159327#primaryimage"},"image":{"@id":"https:\/\/lospoliticosveracruz.com\/?p=159327#primaryimage"},"thumbnailUrl":"https:\/\/lospoliticosveracruz.com\/wp-content\/uploads\/2025\/12\/Ramon-Martinez-Tress.jpg","datePublished":"2025-12-31T17:27:34+00:00","dateModified":"2025-12-31T17:27:35+00:00","breadcrumb":{"@id":"https:\/\/lospoliticosveracruz.com\/?p=159327#breadcrumb"},"inLanguage":"es","potentialAction":[{"@type":"ReadAction","target":["https:\/\/lospoliticosveracruz.com\/?p=159327"]}]},{"@type":"ImageObject","inLanguage":"es","@id":"https:\/\/lospoliticosveracruz.com\/?p=159327#primaryimage","url":"https:\/\/lospoliticosveracruz.com\/wp-content\/uploads\/2025\/12\/Ramon-Martinez-Tress.jpg","contentUrl":"https:\/\/lospoliticosveracruz.com\/wp-content\/uploads\/2025\/12\/Ramon-Martinez-Tress.jpg","width":600,"height":320},{"@type":"BreadcrumbList","@id":"https:\/\/lospoliticosveracruz.com\/?p=159327#breadcrumb","itemListElement":[{"@type":"ListItem","position":1,"name":"Portada","item":"https:\/\/lospoliticosveracruz.com\/"},{"@type":"ListItem","position":2,"name":"\u00a1ESTAMOS HARTOS DE LOS POL\u00cdTICOS!"}]},{"@type":"WebSite","@id":"https:\/\/lospoliticosveracruz.com\/#website","url":"https:\/\/lospoliticosveracruz.com\/","name":"Los pol\u00edticos Veracruz","description":"","publisher":{"@id":"https:\/\/lospoliticosveracruz.com\/#organization"},"potentialAction":[{"@type":"SearchAction","target":{"@type":"EntryPoint","urlTemplate":"https:\/\/lospoliticosveracruz.com\/?s={search_term_string}"},"query-input":{"@type":"PropertyValueSpecification","valueRequired":true,"valueName":"search_term_string"}}],"inLanguage":"es"},{"@type":"Organization","@id":"https:\/\/lospoliticosveracruz.com\/#organization","name":"Los pol\u00edticos Veracruz","url":"https:\/\/lospoliticosveracruz.com\/","logo":{"@type":"ImageObject","inLanguage":"es","@id":"https:\/\/lospoliticosveracruz.com\/#\/schema\/logo\/image\/","url":"https:\/\/lospoliticosveracruz.com\/wp-content\/uploads\/2025\/12\/Logo-Nuevo-LOS-POLITICOS-1.jpg","contentUrl":"https:\/\/lospoliticosveracruz.com\/wp-content\/uploads\/2025\/12\/Logo-Nuevo-LOS-POLITICOS-1.jpg","width":260,"height":70,"caption":"Los pol\u00edticos Veracruz"},"image":{"@id":"https:\/\/lospoliticosveracruz.com\/#\/schema\/logo\/image\/"},"sameAs":["https:\/\/www.facebook.com\/people\/Notimemes-de-los-Polticos\/61565672886568\/","https:\/\/x.com\/LosPoliticosVer"]},{"@type":"Person","@id":"https:\/\/lospoliticosveracruz.com\/#\/schema\/person\/b8702bb0e538456e6efd07080bf2a4a2","name":"Lo viste en Los Pol\u00edticos","image":{"@type":"ImageObject","inLanguage":"es","@id":"https:\/\/secure.gravatar.com\/avatar\/3a8de04a2656d44082be478bd6c086daa447c4651605818287b9532d3d0bd435?s=96&d=mm&r=g","url":"https:\/\/secure.gravatar.com\/avatar\/3a8de04a2656d44082be478bd6c086daa447c4651605818287b9532d3d0bd435?s=96&d=mm&r=g","contentUrl":"https:\/\/secure.gravatar.com\/avatar\/3a8de04a2656d44082be478bd6c086daa447c4651605818287b9532d3d0bd435?s=96&d=mm&r=g","caption":"Lo viste en Los Pol\u00edticos"},"url":"https:\/\/lospoliticosveracruz.com\/?author=2"}]}},"_links":{"self":[{"href":"https:\/\/lospoliticosveracruz.com\/index.php?rest_route=\/wp\/v2\/posts\/159327","targetHints":{"allow":["GET"]}}],"collection":[{"href":"https:\/\/lospoliticosveracruz.com\/index.php?rest_route=\/wp\/v2\/posts"}],"about":[{"href":"https:\/\/lospoliticosveracruz.com\/index.php?rest_route=\/wp\/v2\/types\/post"}],"author":[{"embeddable":true,"href":"https:\/\/lospoliticosveracruz.com\/index.php?rest_route=\/wp\/v2\/users\/2"}],"replies":[{"embeddable":true,"href":"https:\/\/lospoliticosveracruz.com\/index.php?rest_route=%2Fwp%2Fv2%2Fcomments&post=159327"}],"version-history":[{"count":1,"href":"https:\/\/lospoliticosveracruz.com\/index.php?rest_route=\/wp\/v2\/posts\/159327\/revisions"}],"predecessor-version":[{"id":159329,"href":"https:\/\/lospoliticosveracruz.com\/index.php?rest_route=\/wp\/v2\/posts\/159327\/revisions\/159329"}],"wp:featuredmedia":[{"embeddable":true,"href":"https:\/\/lospoliticosveracruz.com\/index.php?rest_route=\/wp\/v2\/media\/159328"}],"wp:attachment":[{"href":"https:\/\/lospoliticosveracruz.com\/index.php?rest_route=%2Fwp%2Fv2%2Fmedia&parent=159327"}],"wp:term":[{"taxonomy":"category","embeddable":true,"href":"https:\/\/lospoliticosveracruz.com\/index.php?rest_route=%2Fwp%2Fv2%2Fcategories&post=159327"},{"taxonomy":"post_tag","embeddable":true,"href":"https:\/\/lospoliticosveracruz.com\/index.php?rest_route=%2Fwp%2Fv2%2Ftags&post=159327"}],"curies":[{"name":"wp","href":"https:\/\/api.w.org\/{rel}","templated":true}]}}