{"id":159336,"date":"2025-12-31T12:56:55","date_gmt":"2025-12-31T18:56:55","guid":{"rendered":"https:\/\/lospoliticosveracruz.com\/?p=159336"},"modified":"2025-12-31T12:56:56","modified_gmt":"2025-12-31T18:56:56","slug":"hacer-de-boca-del-rio-ciudad-ejemplo","status":"publish","type":"post","link":"https:\/\/lospoliticosveracruz.com\/?p=159336","title":{"rendered":"HACER DE BOCA DEL R\u00cdO, CIUDAD EJEMPLO"},"content":{"rendered":"\n<p><\/p>\n\n\n\n<p><em>Boca del R\u00edo<\/em>: Maryjose Gamboa Torales tom\u00f3 protesta este mi\u00e9rcoles como Presidenta Municipal constitucional de Boca del R\u00edo por el periodo que comprende los a\u00f1os 2026-2029.<br>Ante cientos de asistentes al acto protocolario, realizado en el Foro Boca, Gamboa Torales dijo que el eje rector de su administraci\u00f3n ser\u00e1 muy claro: hacer de Boca del Rio una Ciudad Ejemplo.<\/p>\n\n\n\n<p>\u201cEjemplo de buen gobierno.<br>Ejemplo de responsabilidad financiera.<br>Ejemplo de cercan\u00eda con la ciudadan\u00eda.<br>Ejemplo de honestidad.<br>Ejemplo de c\u00f3mo se gobierna poniendo al centro de las decisiones a las personas.<\/p>\n\n\n\n<p>Seremos una ciudad ejemplo en calidad de vida, en servicios p\u00fablicos, en seguridad, en desarrollo social y en participaci\u00f3n ciudadana.<\/p>\n\n\n\n<p>Un gobierno que camina las calles y las colonias, que escucha y que resuelve\u201d, detall\u00f3.<\/p>\n\n\n\n<p>Maryjose Gamboa expres\u00f3 que honrar\u00e1 el legado de los buenos gobiernos que nos anteceden, pero tambi\u00e9n asumir\u00e1 la responsabilidad de escribir un nuevo cap\u00edtulo, con identidad propia y con visi\u00f3n de futuro.<\/p>\n\n\n\n<p>\u201cGobernar\u00e9 con orden, con principios y con resultados. Pero, sobre todo, gobernar\u00e9 con el coraz\u00f3n puesto en Boca del R\u00edo y en sus familias\u201d dijo.<br>Anticip\u00f3 adem\u00e1s que gobernar\u00e1 para todos por igual, \u201cporque la voluntad de la gente nos compromete a actuar con responsabilidad, sin distinciones, sin etiquetas y sin colores\u201d.<\/p>\n\n\n\n<p>Maryjose Gamboa se\u00f1al\u00f3 tambi\u00e9n que la administraci\u00f3n municipal que encabezar\u00e1 ser\u00e1 de apertura, firmeza institucional y sobre todo voluntad para construir.<\/p>\n\n\n\n<p>\u201cPoniendo siempre al bien com\u00fan por encima de cualquier diferencia. Para quienes no confiaron en este proyecto, mi compromiso es el mismo: ser\u00e1n escuchados, atendidos y respetados. Porque gobernar tambi\u00e9n significa demostrar, con hechos, que sabemos cumplir, que sabemos conciliar y desde luego, que sabemos dar resultados\u201d, agreg\u00f3.<\/p>\n\n\n\n<p>Maryjose Gamboa dijo que Boca del R\u00edo es una ciudad con historia. Es un referente nacional de buenos gobiernos, de administraciones responsables y de una visi\u00f3n clara de desarrollo y calidad de vida y reconoci\u00f3 el trabajo realizado y los resultados obtenidos por el gobierno municipal que encabez\u00f3 Juan Manuel de Un\u00e1nue Abascal.<\/p>\n\n\n\n<p>\u201cBoca del R\u00edo es hoy una ciudad que destaca, que avanza y que es ejemplo, no por improvisaci\u00f3n, sino por convicci\u00f3n. Por ello, reconozco el trabajo y la visi\u00f3n del alcalde Juan Manuel de Un\u00e1nue, quien con responsabilidad, resultados y amor real por Boca del R\u00edo, logr\u00f3 consolidar a esta ciudad como lo mejor de<br>Veracruz\u201d, se\u00f1al\u00f3.<\/p>\n\n\n\n<p>Maryjose Gamboa resalt\u00f3 que el Partido Acci\u00f3n Nacional en donde gobierna, gobierna bien y que los gobiernos emanados del PAN son sin\u00f3nimo de buenos resultados para los ciudadanos.<\/p>\n\n\n\n<p>\u201cAcci\u00f3n Nacional ha sabido gobernar esta ciudad y lo ha demostrado con hechos. Ese legado nos inspira, pero tambi\u00e9n nos compromete. Aqu\u00ed se han construido gobiernos que piensan a largo plazo, gobiernos que entienden que el desarrollo no es casualidad, es resultado del trabajo, del orden, de la cercan\u00eda con la gente y de decisiones responsables\u201d, afirm\u00f3.<\/p>\n\n\n\n<p>En su discurso, dijo adem\u00e1s estar segura de que el nuevo cabildo ser\u00e1 un espacio de di\u00e1logo, de respeto y de trabajo conjunto, porque las distintas fuerzas pol\u00edticas que lo integran representan a los boque\u00f1os que esperan resultados, no confrontaciones.<\/p>\n\n\n\n<p>\u201cEstoy convencida de que incluso desde las diferencias se pueden construir grandes acuerdos y grandes proyectos, siempre que al centro de cada decisi\u00f3n est\u00e9n las personas y sus familias\u201d, explic\u00f3.<\/p>\n\n\n\n<p>Maryjose Gamboa asegur\u00f3 que cree profundamente en la familia como base de nuestra sociedad, por ello agradeci\u00f3 el respaldo permanente de su familia que la ha acompa\u00f1ado en cada paso de este camino.<\/p>\n\n\n\n<p>\u201cA mi mam\u00e1, a mi hija Pao, a mis hermanos, a mi cu\u00f1ada, a mis sobrinos, gracias por su amor y por su apoyo, han sido mi mayor fortaleza en los momentos m\u00e1s dif\u00edciles, en los que se requer\u00eda una mayor exigencia de m\u00ed misma, una mayor templanza y una mayor responsabilidad\u201d, expres\u00f3.<br>Concluy\u00f3 diciendo que cree en Dios como gu\u00eda y fortaleza en los momentos de mayor responsabilidad.<\/p>\n\n\n\n<p>\u201cCreo en los valores universales que nos unen, en la responsabilidad social y en la libertad como principio fundamental\u201d, expres\u00f3.<\/p>\n\n\n\n<p><\/p>\n","protected":false},"excerpt":{"rendered":"<p>Boca del R\u00edo: Maryjose Gamboa Torales tom\u00f3 protesta este mi\u00e9rcoles como Presidenta Municipal constitucional de Boca del R\u00edo por el periodo que comprende los a\u00f1os 2026-2029.Ante cientos de asistentes al acto protocolario, realizado en el Foro Boca, Gamboa Torales dijo que el eje rector de su administraci\u00f3n ser\u00e1 muy claro: hacer de Boca del Rio [&hellip;]<\/p>\n","protected":false},"author":2,"featured_media":159337,"comment_status":"closed","ping_status":"closed","sticky":false,"template":"","format":"standard","meta":{"tdm_status":"","tdm_grid_status":"","footnotes":""},"categories":[73,1],"tags":[601,1937],"class_list":{"0":"post-159336","1":"post","2":"type-post","3":"status-publish","4":"format-standard","5":"has-post-thumbnail","7":"category-de-boleto","8":"category-sin-categoria","9":"tag-boca-del-rio","10":"tag-maryjose-gamboa"},"yoast_head":"<!-- This site is optimized with the Yoast SEO plugin v27.4 - https:\/\/yoast.com\/product\/yoast-seo-wordpress\/ -->\n<title>HACER DE BOCA DEL R\u00cdO, CIUDAD EJEMPLO - Los pol\u00edticos Veracruz<\/title>\n<meta name=\"robots\" content=\"index, follow, max-snippet:-1, max-image-preview:large, max-video-preview:-1\" \/>\n<link rel=\"canonical\" href=\"https:\/\/lospoliticosveracruz.com\/?p=159336\" \/>\n<meta property=\"og:locale\" content=\"es_ES\" \/>\n<meta property=\"og:type\" content=\"article\" \/>\n<meta property=\"og:title\" content=\"HACER DE BOCA DEL R\u00cdO, CIUDAD EJEMPLO - Los pol\u00edticos Veracruz\" \/>\n<meta property=\"og:description\" content=\"Boca del R\u00edo: Maryjose Gamboa Torales tom\u00f3 protesta este mi\u00e9rcoles como Presidenta Municipal constitucional de Boca del R\u00edo por el periodo que comprende los a\u00f1os 2026-2029.Ante cientos de asistentes al acto protocolario, realizado en el Foro Boca, Gamboa Torales dijo que el eje rector de su administraci\u00f3n ser\u00e1 muy claro: hacer de Boca del Rio [&hellip;]\" \/>\n<meta property=\"og:url\" content=\"https:\/\/lospoliticosveracruz.com\/?p=159336\" \/>\n<meta property=\"og:site_name\" content=\"Los pol\u00edticos Veracruz\" \/>\n<meta property=\"article:publisher\" content=\"https:\/\/www.facebook.com\/people\/Notimemes-de-los-Polticos\/61565672886568\/\" \/>\n<meta property=\"article:published_time\" content=\"2025-12-31T18:56:55+00:00\" \/>\n<meta property=\"article:modified_time\" content=\"2025-12-31T18:56:56+00:00\" \/>\n<meta property=\"og:image\" content=\"https:\/\/lospoliticosveracruz.com\/wp-content\/uploads\/2025\/12\/05b6eecf-5844-4a07-a9cf-458a685ad4e8.jpeg\" \/>\n\t<meta property=\"og:image:width\" content=\"837\" \/>\n\t<meta property=\"og:image:height\" content=\"499\" \/>\n\t<meta property=\"og:image:type\" content=\"image\/jpeg\" \/>\n<meta name=\"author\" content=\"Lo viste en Los Pol\u00edticos\" \/>\n<meta name=\"twitter:card\" content=\"summary_large_image\" \/>\n<meta name=\"twitter:creator\" content=\"@LosPoliticosVer\" \/>\n<meta name=\"twitter:site\" content=\"@LosPoliticosVer\" \/>\n<meta name=\"twitter:label1\" content=\"Escrito por\" \/>\n\t<meta name=\"twitter:data1\" content=\"Lo viste en Los Pol\u00edticos\" \/>\n\t<meta name=\"twitter:label2\" content=\"Tiempo de lectura\" \/>\n\t<meta name=\"twitter:data2\" content=\"4 minutos\" \/>\n<script type=\"application\/ld+json\" class=\"yoast-schema-graph\">{\"@context\":\"https:\\\/\\\/schema.org\",\"@graph\":[{\"@type\":\"Article\",\"@id\":\"https:\\\/\\\/lospoliticosveracruz.com\\\/?p=159336#article\",\"isPartOf\":{\"@id\":\"https:\\\/\\\/lospoliticosveracruz.com\\\/?p=159336\"},\"author\":{\"name\":\"Lo viste en Los Pol\u00edticos\",\"@id\":\"https:\\\/\\\/lospoliticosveracruz.com\\\/#\\\/schema\\\/person\\\/b8702bb0e538456e6efd07080bf2a4a2\"},\"headline\":\"HACER DE BOCA DEL R\u00cdO, CIUDAD EJEMPLO\",\"datePublished\":\"2025-12-31T18:56:55+00:00\",\"dateModified\":\"2025-12-31T18:56:56+00:00\",\"mainEntityOfPage\":{\"@id\":\"https:\\\/\\\/lospoliticosveracruz.com\\\/?p=159336\"},\"wordCount\":721,\"publisher\":{\"@id\":\"https:\\\/\\\/lospoliticosveracruz.com\\\/#organization\"},\"image\":{\"@id\":\"https:\\\/\\\/lospoliticosveracruz.com\\\/?p=159336#primaryimage\"},\"thumbnailUrl\":\"https:\\\/\\\/lospoliticosveracruz.com\\\/wp-content\\\/uploads\\\/2025\\\/12\\\/05b6eecf-5844-4a07-a9cf-458a685ad4e8.jpeg\",\"keywords\":[\"Boca del R\u00edo\",\"Maryjose Gamboa\"],\"articleSection\":[\"De Boleto\"],\"inLanguage\":\"es\"},{\"@type\":\"WebPage\",\"@id\":\"https:\\\/\\\/lospoliticosveracruz.com\\\/?p=159336\",\"url\":\"https:\\\/\\\/lospoliticosveracruz.com\\\/?p=159336\",\"name\":\"HACER DE BOCA DEL R\u00cdO, CIUDAD EJEMPLO - Los pol\u00edticos Veracruz\",\"isPartOf\":{\"@id\":\"https:\\\/\\\/lospoliticosveracruz.com\\\/#website\"},\"primaryImageOfPage\":{\"@id\":\"https:\\\/\\\/lospoliticosveracruz.com\\\/?p=159336#primaryimage\"},\"image\":{\"@id\":\"https:\\\/\\\/lospoliticosveracruz.com\\\/?p=159336#primaryimage\"},\"thumbnailUrl\":\"https:\\\/\\\/lospoliticosveracruz.com\\\/wp-content\\\/uploads\\\/2025\\\/12\\\/05b6eecf-5844-4a07-a9cf-458a685ad4e8.jpeg\",\"datePublished\":\"2025-12-31T18:56:55+00:00\",\"dateModified\":\"2025-12-31T18:56:56+00:00\",\"breadcrumb\":{\"@id\":\"https:\\\/\\\/lospoliticosveracruz.com\\\/?p=159336#breadcrumb\"},\"inLanguage\":\"es\",\"potentialAction\":[{\"@type\":\"ReadAction\",\"target\":[\"https:\\\/\\\/lospoliticosveracruz.com\\\/?p=159336\"]}]},{\"@type\":\"ImageObject\",\"inLanguage\":\"es\",\"@id\":\"https:\\\/\\\/lospoliticosveracruz.com\\\/?p=159336#primaryimage\",\"url\":\"https:\\\/\\\/lospoliticosveracruz.com\\\/wp-content\\\/uploads\\\/2025\\\/12\\\/05b6eecf-5844-4a07-a9cf-458a685ad4e8.jpeg\",\"contentUrl\":\"https:\\\/\\\/lospoliticosveracruz.com\\\/wp-content\\\/uploads\\\/2025\\\/12\\\/05b6eecf-5844-4a07-a9cf-458a685ad4e8.jpeg\",\"width\":837,\"height\":499},{\"@type\":\"BreadcrumbList\",\"@id\":\"https:\\\/\\\/lospoliticosveracruz.com\\\/?p=159336#breadcrumb\",\"itemListElement\":[{\"@type\":\"ListItem\",\"position\":1,\"name\":\"Portada\",\"item\":\"https:\\\/\\\/lospoliticosveracruz.com\\\/\"},{\"@type\":\"ListItem\",\"position\":2,\"name\":\"HACER DE BOCA DEL R\u00cdO, CIUDAD EJEMPLO\"}]},{\"@type\":\"WebSite\",\"@id\":\"https:\\\/\\\/lospoliticosveracruz.com\\\/#website\",\"url\":\"https:\\\/\\\/lospoliticosveracruz.com\\\/\",\"name\":\"Los pol\u00edticos Veracruz\",\"description\":\"\",\"publisher\":{\"@id\":\"https:\\\/\\\/lospoliticosveracruz.com\\\/#organization\"},\"potentialAction\":[{\"@type\":\"SearchAction\",\"target\":{\"@type\":\"EntryPoint\",\"urlTemplate\":\"https:\\\/\\\/lospoliticosveracruz.com\\\/?s={search_term_string}\"},\"query-input\":{\"@type\":\"PropertyValueSpecification\",\"valueRequired\":true,\"valueName\":\"search_term_string\"}}],\"inLanguage\":\"es\"},{\"@type\":\"Organization\",\"@id\":\"https:\\\/\\\/lospoliticosveracruz.com\\\/#organization\",\"name\":\"Los pol\u00edticos Veracruz\",\"url\":\"https:\\\/\\\/lospoliticosveracruz.com\\\/\",\"logo\":{\"@type\":\"ImageObject\",\"inLanguage\":\"es\",\"@id\":\"https:\\\/\\\/lospoliticosveracruz.com\\\/#\\\/schema\\\/logo\\\/image\\\/\",\"url\":\"https:\\\/\\\/lospoliticosveracruz.com\\\/wp-content\\\/uploads\\\/2025\\\/12\\\/Logo-Nuevo-LOS-POLITICOS-1.jpg\",\"contentUrl\":\"https:\\\/\\\/lospoliticosveracruz.com\\\/wp-content\\\/uploads\\\/2025\\\/12\\\/Logo-Nuevo-LOS-POLITICOS-1.jpg\",\"width\":260,\"height\":70,\"caption\":\"Los pol\u00edticos Veracruz\"},\"image\":{\"@id\":\"https:\\\/\\\/lospoliticosveracruz.com\\\/#\\\/schema\\\/logo\\\/image\\\/\"},\"sameAs\":[\"https:\\\/\\\/www.facebook.com\\\/people\\\/Notimemes-de-los-Polticos\\\/61565672886568\\\/\",\"https:\\\/\\\/x.com\\\/LosPoliticosVer\"]},{\"@type\":\"Person\",\"@id\":\"https:\\\/\\\/lospoliticosveracruz.com\\\/#\\\/schema\\\/person\\\/b8702bb0e538456e6efd07080bf2a4a2\",\"name\":\"Lo viste en Los Pol\u00edticos\",\"image\":{\"@type\":\"ImageObject\",\"inLanguage\":\"es\",\"@id\":\"https:\\\/\\\/secure.gravatar.com\\\/avatar\\\/3a8de04a2656d44082be478bd6c086daa447c4651605818287b9532d3d0bd435?s=96&d=mm&r=g\",\"url\":\"https:\\\/\\\/secure.gravatar.com\\\/avatar\\\/3a8de04a2656d44082be478bd6c086daa447c4651605818287b9532d3d0bd435?s=96&d=mm&r=g\",\"contentUrl\":\"https:\\\/\\\/secure.gravatar.com\\\/avatar\\\/3a8de04a2656d44082be478bd6c086daa447c4651605818287b9532d3d0bd435?s=96&d=mm&r=g\",\"caption\":\"Lo viste en Los Pol\u00edticos\"},\"url\":\"https:\\\/\\\/lospoliticosveracruz.com\\\/?author=2\"}]}<\/script>\n<!-- \/ Yoast SEO plugin. -->","yoast_head_json":{"title":"HACER DE BOCA DEL R\u00cdO, CIUDAD EJEMPLO - Los pol\u00edticos Veracruz","robots":{"index":"index","follow":"follow","max-snippet":"max-snippet:-1","max-image-preview":"max-image-preview:large","max-video-preview":"max-video-preview:-1"},"canonical":"https:\/\/lospoliticosveracruz.com\/?p=159336","og_locale":"es_ES","og_type":"article","og_title":"HACER DE BOCA DEL R\u00cdO, CIUDAD EJEMPLO - Los pol\u00edticos Veracruz","og_description":"Boca del R\u00edo: Maryjose Gamboa Torales tom\u00f3 protesta este mi\u00e9rcoles como Presidenta Municipal constitucional de Boca del R\u00edo por el periodo que comprende los a\u00f1os 2026-2029.Ante cientos de asistentes al acto protocolario, realizado en el Foro Boca, Gamboa Torales dijo que el eje rector de su administraci\u00f3n ser\u00e1 muy claro: hacer de Boca del Rio [&hellip;]","og_url":"https:\/\/lospoliticosveracruz.com\/?p=159336","og_site_name":"Los pol\u00edticos Veracruz","article_publisher":"https:\/\/www.facebook.com\/people\/Notimemes-de-los-Polticos\/61565672886568\/","article_published_time":"2025-12-31T18:56:55+00:00","article_modified_time":"2025-12-31T18:56:56+00:00","og_image":[{"width":837,"height":499,"url":"https:\/\/lospoliticosveracruz.com\/wp-content\/uploads\/2025\/12\/05b6eecf-5844-4a07-a9cf-458a685ad4e8.jpeg","type":"image\/jpeg"}],"author":"Lo viste en Los Pol\u00edticos","twitter_card":"summary_large_image","twitter_creator":"@LosPoliticosVer","twitter_site":"@LosPoliticosVer","twitter_misc":{"Escrito por":"Lo viste en Los Pol\u00edticos","Tiempo de lectura":"4 minutos"},"schema":{"@context":"https:\/\/schema.org","@graph":[{"@type":"Article","@id":"https:\/\/lospoliticosveracruz.com\/?p=159336#article","isPartOf":{"@id":"https:\/\/lospoliticosveracruz.com\/?p=159336"},"author":{"name":"Lo viste en Los Pol\u00edticos","@id":"https:\/\/lospoliticosveracruz.com\/#\/schema\/person\/b8702bb0e538456e6efd07080bf2a4a2"},"headline":"HACER DE BOCA DEL R\u00cdO, CIUDAD EJEMPLO","datePublished":"2025-12-31T18:56:55+00:00","dateModified":"2025-12-31T18:56:56+00:00","mainEntityOfPage":{"@id":"https:\/\/lospoliticosveracruz.com\/?p=159336"},"wordCount":721,"publisher":{"@id":"https:\/\/lospoliticosveracruz.com\/#organization"},"image":{"@id":"https:\/\/lospoliticosveracruz.com\/?p=159336#primaryimage"},"thumbnailUrl":"https:\/\/lospoliticosveracruz.com\/wp-content\/uploads\/2025\/12\/05b6eecf-5844-4a07-a9cf-458a685ad4e8.jpeg","keywords":["Boca del R\u00edo","Maryjose Gamboa"],"articleSection":["De Boleto"],"inLanguage":"es"},{"@type":"WebPage","@id":"https:\/\/lospoliticosveracruz.com\/?p=159336","url":"https:\/\/lospoliticosveracruz.com\/?p=159336","name":"HACER DE BOCA DEL R\u00cdO, CIUDAD EJEMPLO - Los pol\u00edticos Veracruz","isPartOf":{"@id":"https:\/\/lospoliticosveracruz.com\/#website"},"primaryImageOfPage":{"@id":"https:\/\/lospoliticosveracruz.com\/?p=159336#primaryimage"},"image":{"@id":"https:\/\/lospoliticosveracruz.com\/?p=159336#primaryimage"},"thumbnailUrl":"https:\/\/lospoliticosveracruz.com\/wp-content\/uploads\/2025\/12\/05b6eecf-5844-4a07-a9cf-458a685ad4e8.jpeg","datePublished":"2025-12-31T18:56:55+00:00","dateModified":"2025-12-31T18:56:56+00:00","breadcrumb":{"@id":"https:\/\/lospoliticosveracruz.com\/?p=159336#breadcrumb"},"inLanguage":"es","potentialAction":[{"@type":"ReadAction","target":["https:\/\/lospoliticosveracruz.com\/?p=159336"]}]},{"@type":"ImageObject","inLanguage":"es","@id":"https:\/\/lospoliticosveracruz.com\/?p=159336#primaryimage","url":"https:\/\/lospoliticosveracruz.com\/wp-content\/uploads\/2025\/12\/05b6eecf-5844-4a07-a9cf-458a685ad4e8.jpeg","contentUrl":"https:\/\/lospoliticosveracruz.com\/wp-content\/uploads\/2025\/12\/05b6eecf-5844-4a07-a9cf-458a685ad4e8.jpeg","width":837,"height":499},{"@type":"BreadcrumbList","@id":"https:\/\/lospoliticosveracruz.com\/?p=159336#breadcrumb","itemListElement":[{"@type":"ListItem","position":1,"name":"Portada","item":"https:\/\/lospoliticosveracruz.com\/"},{"@type":"ListItem","position":2,"name":"HACER DE BOCA DEL R\u00cdO, CIUDAD EJEMPLO"}]},{"@type":"WebSite","@id":"https:\/\/lospoliticosveracruz.com\/#website","url":"https:\/\/lospoliticosveracruz.com\/","name":"Los pol\u00edticos Veracruz","description":"","publisher":{"@id":"https:\/\/lospoliticosveracruz.com\/#organization"},"potentialAction":[{"@type":"SearchAction","target":{"@type":"EntryPoint","urlTemplate":"https:\/\/lospoliticosveracruz.com\/?s={search_term_string}"},"query-input":{"@type":"PropertyValueSpecification","valueRequired":true,"valueName":"search_term_string"}}],"inLanguage":"es"},{"@type":"Organization","@id":"https:\/\/lospoliticosveracruz.com\/#organization","name":"Los pol\u00edticos Veracruz","url":"https:\/\/lospoliticosveracruz.com\/","logo":{"@type":"ImageObject","inLanguage":"es","@id":"https:\/\/lospoliticosveracruz.com\/#\/schema\/logo\/image\/","url":"https:\/\/lospoliticosveracruz.com\/wp-content\/uploads\/2025\/12\/Logo-Nuevo-LOS-POLITICOS-1.jpg","contentUrl":"https:\/\/lospoliticosveracruz.com\/wp-content\/uploads\/2025\/12\/Logo-Nuevo-LOS-POLITICOS-1.jpg","width":260,"height":70,"caption":"Los pol\u00edticos Veracruz"},"image":{"@id":"https:\/\/lospoliticosveracruz.com\/#\/schema\/logo\/image\/"},"sameAs":["https:\/\/www.facebook.com\/people\/Notimemes-de-los-Polticos\/61565672886568\/","https:\/\/x.com\/LosPoliticosVer"]},{"@type":"Person","@id":"https:\/\/lospoliticosveracruz.com\/#\/schema\/person\/b8702bb0e538456e6efd07080bf2a4a2","name":"Lo viste en Los Pol\u00edticos","image":{"@type":"ImageObject","inLanguage":"es","@id":"https:\/\/secure.gravatar.com\/avatar\/3a8de04a2656d44082be478bd6c086daa447c4651605818287b9532d3d0bd435?s=96&d=mm&r=g","url":"https:\/\/secure.gravatar.com\/avatar\/3a8de04a2656d44082be478bd6c086daa447c4651605818287b9532d3d0bd435?s=96&d=mm&r=g","contentUrl":"https:\/\/secure.gravatar.com\/avatar\/3a8de04a2656d44082be478bd6c086daa447c4651605818287b9532d3d0bd435?s=96&d=mm&r=g","caption":"Lo viste en Los Pol\u00edticos"},"url":"https:\/\/lospoliticosveracruz.com\/?author=2"}]}},"_links":{"self":[{"href":"https:\/\/lospoliticosveracruz.com\/index.php?rest_route=\/wp\/v2\/posts\/159336","targetHints":{"allow":["GET"]}}],"collection":[{"href":"https:\/\/lospoliticosveracruz.com\/index.php?rest_route=\/wp\/v2\/posts"}],"about":[{"href":"https:\/\/lospoliticosveracruz.com\/index.php?rest_route=\/wp\/v2\/types\/post"}],"author":[{"embeddable":true,"href":"https:\/\/lospoliticosveracruz.com\/index.php?rest_route=\/wp\/v2\/users\/2"}],"replies":[{"embeddable":true,"href":"https:\/\/lospoliticosveracruz.com\/index.php?rest_route=%2Fwp%2Fv2%2Fcomments&post=159336"}],"version-history":[{"count":1,"href":"https:\/\/lospoliticosveracruz.com\/index.php?rest_route=\/wp\/v2\/posts\/159336\/revisions"}],"predecessor-version":[{"id":159338,"href":"https:\/\/lospoliticosveracruz.com\/index.php?rest_route=\/wp\/v2\/posts\/159336\/revisions\/159338"}],"wp:featuredmedia":[{"embeddable":true,"href":"https:\/\/lospoliticosveracruz.com\/index.php?rest_route=\/wp\/v2\/media\/159337"}],"wp:attachment":[{"href":"https:\/\/lospoliticosveracruz.com\/index.php?rest_route=%2Fwp%2Fv2%2Fmedia&parent=159336"}],"wp:term":[{"taxonomy":"category","embeddable":true,"href":"https:\/\/lospoliticosveracruz.com\/index.php?rest_route=%2Fwp%2Fv2%2Fcategories&post=159336"},{"taxonomy":"post_tag","embeddable":true,"href":"https:\/\/lospoliticosveracruz.com\/index.php?rest_route=%2Fwp%2Fv2%2Ftags&post=159336"}],"curies":[{"name":"wp","href":"https:\/\/api.w.org\/{rel}","templated":true}]}}