{"id":159352,"date":"2026-01-01T08:45:44","date_gmt":"2026-01-01T14:45:44","guid":{"rendered":"https:\/\/lospoliticosveracruz.com\/?p=159352"},"modified":"2026-01-01T08:45:45","modified_gmt":"2026-01-01T14:45:45","slug":"una-nueva-era-en-poza-rica","status":"publish","type":"post","link":"https:\/\/lospoliticosveracruz.com\/?p=159352","title":{"rendered":"UNA NUEVA ERA EN POZA RICA"},"content":{"rendered":"\n<p><em>Poza Rica: <\/em>Con el respaldo pleno del Gobierno del Estado y el impulso del Gobierno de M\u00e9xico, Poza Rica inicia una nueva etapa de transformaci\u00f3n con la toma de protesta de Adanely Rodr\u00edguez como Presidenta Municipal Constitucional para el periodo 2026\u20132029.<\/p>\n\n\n\n<p>Durante el acto protocolario realizado frente al Palacio Municipal, la Gobernadora de Veracruz, Roc\u00edo Nahle Garc\u00eda, afirm\u00f3 que Poza Rica contar\u00e1 con todo el apoyo del Gobierno del Estado para consolidar su desarrollo econ\u00f3mico, fortalecer la inversi\u00f3n y mejorar las condiciones de vida de sus habitantes.<\/p>\n\n\n\n<p>\u201cPoza Rica y Adanely Rodr\u00edguez contar\u00e1 con todo nuestro respaldo. La Presidenta de la Rep\u00fablica, Claudia Sheinbaum Pardo, nos ha instruido a impulsar este municipio y as\u00ed lo haremos, trabajando de manera coordinada con el gobierno municipal\u201d, expres\u00f3 la mandataria estatal.<\/p>\n\n\n\n<p>Ante una explanada llena, Adanely Rodr\u00edguez, tom\u00f3 protesta a las y los integrantes del Cabildo que conformar\u00e1n el Gobierno Constitucional 2026-2029.<\/p>\n\n\n\n<p>En su mensaje, la Presidenta Municipal subray\u00f3 que su administraci\u00f3n ser\u00e1 cercana a la gente, orientada a resultados y comprometida con la rendici\u00f3n de cuentas.<\/p>\n\n\n\n<p>\u201cNo venimos a administrar inercias ni a gobernar desde el escritorio; venimos a cumplir un encargo del pueblo: transformar la confianza ciudadana en hechos concretos\u201d, afirm\u00f3.<\/p>\n\n\n\n<p>Adanely Rodr\u00edguez destac\u00f3 que su gobierno priorizar\u00e1 calles seguras y transitables, servicios p\u00fablicos eficientes, acceso al agua potable, alumbrado, atenci\u00f3n digna en salud y pol\u00edticas p\u00fablicas centradas en las familias trabajadoras, as\u00ed como el uso de la tecnolog\u00eda para transparentar procesos y optimizar recursos.<\/p>\n\n\n\n<p>\u201cVamos por empleo bien pagado, por una econom\u00eda con justicia y por un gobierno que facilite la inversi\u00f3n sin corrupci\u00f3n y con reglas claras. Poza Rica ser\u00e1 la capital del norte de Veracruz\u201d, sostuvo.<\/p>\n\n\n\n<p>La alcaldesa reconoci\u00f3 el liderazgo de la Presidenta de M\u00e9xico, Claudia Sheinbaum Pardo, y el acompa\u00f1amiento permanente de la Gobernadora Roc\u00edo Nahle Garc\u00eda, como factores clave para el desarrollo del municipio.<\/p>\n\n\n\n<p>Finalmente, hizo un llamado a la unidad y a la participaci\u00f3n ciudadana para construir un gobierno eficiente, honesto y cercano, que permita posicionar a Poza Rica como una ciudad ordenada, segura y con futuro.<\/p>\n\n\n\n<p>\u201cPoza Rica merece vivir con dignidad, justicia y esperanza. Este es un proyecto colectivo que construiremos con el pueblo con la Esperanza hecha Gobierno\u201d, concluy\u00f3.<\/p>\n","protected":false},"excerpt":{"rendered":"<p>Poza Rica: Con el respaldo pleno del Gobierno del Estado y el impulso del Gobierno de M\u00e9xico, Poza Rica inicia una nueva etapa de transformaci\u00f3n con la toma de protesta de Adanely Rodr\u00edguez como Presidenta Municipal Constitucional para el periodo 2026\u20132029. Durante el acto protocolario realizado frente al Palacio Municipal, la Gobernadora de Veracruz, Roc\u00edo [&hellip;]<\/p>\n","protected":false},"author":2,"featured_media":159353,"comment_status":"closed","ping_status":"closed","sticky":false,"template":"","format":"standard","meta":{"tdm_status":"","tdm_grid_status":"","footnotes":""},"categories":[73],"tags":[47880,1267,3578],"class_list":{"0":"post-159352","1":"post","2":"type-post","3":"status-publish","4":"format-standard","5":"has-post-thumbnail","7":"category-de-boleto","8":"tag-adanely-rodriguez","9":"tag-poza-rica","10":"tag-rocio-nahle"},"yoast_head":"<!-- This site is optimized with the Yoast SEO plugin v27.4 - https:\/\/yoast.com\/product\/yoast-seo-wordpress\/ -->\n<title>UNA NUEVA ERA EN POZA RICA - Los pol\u00edticos Veracruz<\/title>\n<meta name=\"robots\" content=\"index, follow, max-snippet:-1, max-image-preview:large, max-video-preview:-1\" \/>\n<link rel=\"canonical\" href=\"https:\/\/lospoliticosveracruz.com\/?p=159352\" \/>\n<meta property=\"og:locale\" content=\"es_ES\" \/>\n<meta property=\"og:type\" content=\"article\" \/>\n<meta property=\"og:title\" content=\"UNA NUEVA ERA EN POZA RICA - Los pol\u00edticos Veracruz\" \/>\n<meta property=\"og:description\" content=\"Poza Rica: Con el respaldo pleno del Gobierno del Estado y el impulso del Gobierno de M\u00e9xico, Poza Rica inicia una nueva etapa de transformaci\u00f3n con la toma de protesta de Adanely Rodr\u00edguez como Presidenta Municipal Constitucional para el periodo 2026\u20132029. Durante el acto protocolario realizado frente al Palacio Municipal, la Gobernadora de Veracruz, Roc\u00edo [&hellip;]\" \/>\n<meta property=\"og:url\" content=\"https:\/\/lospoliticosveracruz.com\/?p=159352\" \/>\n<meta property=\"og:site_name\" content=\"Los pol\u00edticos Veracruz\" \/>\n<meta property=\"article:publisher\" content=\"https:\/\/www.facebook.com\/people\/Notimemes-de-los-Polticos\/61565672886568\/\" \/>\n<meta property=\"article:published_time\" content=\"2026-01-01T14:45:44+00:00\" \/>\n<meta property=\"article:modified_time\" content=\"2026-01-01T14:45:45+00:00\" \/>\n<meta property=\"og:image\" content=\"https:\/\/lospoliticosveracruz.com\/wp-content\/uploads\/2026\/01\/Adanely-Nahle.jpg\" \/>\n\t<meta property=\"og:image:width\" content=\"600\" \/>\n\t<meta property=\"og:image:height\" content=\"320\" \/>\n\t<meta property=\"og:image:type\" content=\"image\/jpeg\" \/>\n<meta name=\"author\" content=\"Lo viste en Los Pol\u00edticos\" \/>\n<meta name=\"twitter:card\" content=\"summary_large_image\" \/>\n<meta name=\"twitter:creator\" content=\"@LosPoliticosVer\" \/>\n<meta name=\"twitter:site\" content=\"@LosPoliticosVer\" \/>\n<meta name=\"twitter:label1\" content=\"Escrito por\" \/>\n\t<meta name=\"twitter:data1\" content=\"Lo viste en Los Pol\u00edticos\" \/>\n\t<meta name=\"twitter:label2\" content=\"Tiempo de lectura\" \/>\n\t<meta name=\"twitter:data2\" content=\"2 minutos\" \/>\n<script type=\"application\/ld+json\" class=\"yoast-schema-graph\">{\"@context\":\"https:\\\/\\\/schema.org\",\"@graph\":[{\"@type\":\"Article\",\"@id\":\"https:\\\/\\\/lospoliticosveracruz.com\\\/?p=159352#article\",\"isPartOf\":{\"@id\":\"https:\\\/\\\/lospoliticosveracruz.com\\\/?p=159352\"},\"author\":{\"name\":\"Lo viste en Los Pol\u00edticos\",\"@id\":\"https:\\\/\\\/lospoliticosveracruz.com\\\/#\\\/schema\\\/person\\\/b8702bb0e538456e6efd07080bf2a4a2\"},\"headline\":\"UNA NUEVA ERA EN POZA RICA\",\"datePublished\":\"2026-01-01T14:45:44+00:00\",\"dateModified\":\"2026-01-01T14:45:45+00:00\",\"mainEntityOfPage\":{\"@id\":\"https:\\\/\\\/lospoliticosveracruz.com\\\/?p=159352\"},\"wordCount\":400,\"publisher\":{\"@id\":\"https:\\\/\\\/lospoliticosveracruz.com\\\/#organization\"},\"image\":{\"@id\":\"https:\\\/\\\/lospoliticosveracruz.com\\\/?p=159352#primaryimage\"},\"thumbnailUrl\":\"https:\\\/\\\/lospoliticosveracruz.com\\\/wp-content\\\/uploads\\\/2026\\\/01\\\/Adanely-Nahle.jpg\",\"keywords\":[\"Adanely Rodr\u00edguez\",\"Poza Rica\",\"Roc\u00edo Nahle\"],\"articleSection\":[\"De Boleto\"],\"inLanguage\":\"es\"},{\"@type\":\"WebPage\",\"@id\":\"https:\\\/\\\/lospoliticosveracruz.com\\\/?p=159352\",\"url\":\"https:\\\/\\\/lospoliticosveracruz.com\\\/?p=159352\",\"name\":\"UNA NUEVA ERA EN POZA RICA - Los pol\u00edticos Veracruz\",\"isPartOf\":{\"@id\":\"https:\\\/\\\/lospoliticosveracruz.com\\\/#website\"},\"primaryImageOfPage\":{\"@id\":\"https:\\\/\\\/lospoliticosveracruz.com\\\/?p=159352#primaryimage\"},\"image\":{\"@id\":\"https:\\\/\\\/lospoliticosveracruz.com\\\/?p=159352#primaryimage\"},\"thumbnailUrl\":\"https:\\\/\\\/lospoliticosveracruz.com\\\/wp-content\\\/uploads\\\/2026\\\/01\\\/Adanely-Nahle.jpg\",\"datePublished\":\"2026-01-01T14:45:44+00:00\",\"dateModified\":\"2026-01-01T14:45:45+00:00\",\"breadcrumb\":{\"@id\":\"https:\\\/\\\/lospoliticosveracruz.com\\\/?p=159352#breadcrumb\"},\"inLanguage\":\"es\",\"potentialAction\":[{\"@type\":\"ReadAction\",\"target\":[\"https:\\\/\\\/lospoliticosveracruz.com\\\/?p=159352\"]}]},{\"@type\":\"ImageObject\",\"inLanguage\":\"es\",\"@id\":\"https:\\\/\\\/lospoliticosveracruz.com\\\/?p=159352#primaryimage\",\"url\":\"https:\\\/\\\/lospoliticosveracruz.com\\\/wp-content\\\/uploads\\\/2026\\\/01\\\/Adanely-Nahle.jpg\",\"contentUrl\":\"https:\\\/\\\/lospoliticosveracruz.com\\\/wp-content\\\/uploads\\\/2026\\\/01\\\/Adanely-Nahle.jpg\",\"width\":600,\"height\":320},{\"@type\":\"BreadcrumbList\",\"@id\":\"https:\\\/\\\/lospoliticosveracruz.com\\\/?p=159352#breadcrumb\",\"itemListElement\":[{\"@type\":\"ListItem\",\"position\":1,\"name\":\"Portada\",\"item\":\"https:\\\/\\\/lospoliticosveracruz.com\\\/\"},{\"@type\":\"ListItem\",\"position\":2,\"name\":\"UNA NUEVA ERA EN POZA RICA\"}]},{\"@type\":\"WebSite\",\"@id\":\"https:\\\/\\\/lospoliticosveracruz.com\\\/#website\",\"url\":\"https:\\\/\\\/lospoliticosveracruz.com\\\/\",\"name\":\"Los pol\u00edticos Veracruz\",\"description\":\"\",\"publisher\":{\"@id\":\"https:\\\/\\\/lospoliticosveracruz.com\\\/#organization\"},\"potentialAction\":[{\"@type\":\"SearchAction\",\"target\":{\"@type\":\"EntryPoint\",\"urlTemplate\":\"https:\\\/\\\/lospoliticosveracruz.com\\\/?s={search_term_string}\"},\"query-input\":{\"@type\":\"PropertyValueSpecification\",\"valueRequired\":true,\"valueName\":\"search_term_string\"}}],\"inLanguage\":\"es\"},{\"@type\":\"Organization\",\"@id\":\"https:\\\/\\\/lospoliticosveracruz.com\\\/#organization\",\"name\":\"Los pol\u00edticos Veracruz\",\"url\":\"https:\\\/\\\/lospoliticosveracruz.com\\\/\",\"logo\":{\"@type\":\"ImageObject\",\"inLanguage\":\"es\",\"@id\":\"https:\\\/\\\/lospoliticosveracruz.com\\\/#\\\/schema\\\/logo\\\/image\\\/\",\"url\":\"https:\\\/\\\/lospoliticosveracruz.com\\\/wp-content\\\/uploads\\\/2025\\\/12\\\/Logo-Nuevo-LOS-POLITICOS-1.jpg\",\"contentUrl\":\"https:\\\/\\\/lospoliticosveracruz.com\\\/wp-content\\\/uploads\\\/2025\\\/12\\\/Logo-Nuevo-LOS-POLITICOS-1.jpg\",\"width\":260,\"height\":70,\"caption\":\"Los pol\u00edticos Veracruz\"},\"image\":{\"@id\":\"https:\\\/\\\/lospoliticosveracruz.com\\\/#\\\/schema\\\/logo\\\/image\\\/\"},\"sameAs\":[\"https:\\\/\\\/www.facebook.com\\\/people\\\/Notimemes-de-los-Polticos\\\/61565672886568\\\/\",\"https:\\\/\\\/x.com\\\/LosPoliticosVer\"]},{\"@type\":\"Person\",\"@id\":\"https:\\\/\\\/lospoliticosveracruz.com\\\/#\\\/schema\\\/person\\\/b8702bb0e538456e6efd07080bf2a4a2\",\"name\":\"Lo viste en Los Pol\u00edticos\",\"image\":{\"@type\":\"ImageObject\",\"inLanguage\":\"es\",\"@id\":\"https:\\\/\\\/secure.gravatar.com\\\/avatar\\\/3a8de04a2656d44082be478bd6c086daa447c4651605818287b9532d3d0bd435?s=96&d=mm&r=g\",\"url\":\"https:\\\/\\\/secure.gravatar.com\\\/avatar\\\/3a8de04a2656d44082be478bd6c086daa447c4651605818287b9532d3d0bd435?s=96&d=mm&r=g\",\"contentUrl\":\"https:\\\/\\\/secure.gravatar.com\\\/avatar\\\/3a8de04a2656d44082be478bd6c086daa447c4651605818287b9532d3d0bd435?s=96&d=mm&r=g\",\"caption\":\"Lo viste en Los Pol\u00edticos\"},\"url\":\"https:\\\/\\\/lospoliticosveracruz.com\\\/?author=2\"}]}<\/script>\n<!-- \/ Yoast SEO plugin. -->","yoast_head_json":{"title":"UNA NUEVA ERA EN POZA RICA - Los pol\u00edticos Veracruz","robots":{"index":"index","follow":"follow","max-snippet":"max-snippet:-1","max-image-preview":"max-image-preview:large","max-video-preview":"max-video-preview:-1"},"canonical":"https:\/\/lospoliticosveracruz.com\/?p=159352","og_locale":"es_ES","og_type":"article","og_title":"UNA NUEVA ERA EN POZA RICA - Los pol\u00edticos Veracruz","og_description":"Poza Rica: Con el respaldo pleno del Gobierno del Estado y el impulso del Gobierno de M\u00e9xico, Poza Rica inicia una nueva etapa de transformaci\u00f3n con la toma de protesta de Adanely Rodr\u00edguez como Presidenta Municipal Constitucional para el periodo 2026\u20132029. Durante el acto protocolario realizado frente al Palacio Municipal, la Gobernadora de Veracruz, Roc\u00edo [&hellip;]","og_url":"https:\/\/lospoliticosveracruz.com\/?p=159352","og_site_name":"Los pol\u00edticos Veracruz","article_publisher":"https:\/\/www.facebook.com\/people\/Notimemes-de-los-Polticos\/61565672886568\/","article_published_time":"2026-01-01T14:45:44+00:00","article_modified_time":"2026-01-01T14:45:45+00:00","og_image":[{"width":600,"height":320,"url":"https:\/\/lospoliticosveracruz.com\/wp-content\/uploads\/2026\/01\/Adanely-Nahle.jpg","type":"image\/jpeg"}],"author":"Lo viste en Los Pol\u00edticos","twitter_card":"summary_large_image","twitter_creator":"@LosPoliticosVer","twitter_site":"@LosPoliticosVer","twitter_misc":{"Escrito por":"Lo viste en Los Pol\u00edticos","Tiempo de lectura":"2 minutos"},"schema":{"@context":"https:\/\/schema.org","@graph":[{"@type":"Article","@id":"https:\/\/lospoliticosveracruz.com\/?p=159352#article","isPartOf":{"@id":"https:\/\/lospoliticosveracruz.com\/?p=159352"},"author":{"name":"Lo viste en Los Pol\u00edticos","@id":"https:\/\/lospoliticosveracruz.com\/#\/schema\/person\/b8702bb0e538456e6efd07080bf2a4a2"},"headline":"UNA NUEVA ERA EN POZA RICA","datePublished":"2026-01-01T14:45:44+00:00","dateModified":"2026-01-01T14:45:45+00:00","mainEntityOfPage":{"@id":"https:\/\/lospoliticosveracruz.com\/?p=159352"},"wordCount":400,"publisher":{"@id":"https:\/\/lospoliticosveracruz.com\/#organization"},"image":{"@id":"https:\/\/lospoliticosveracruz.com\/?p=159352#primaryimage"},"thumbnailUrl":"https:\/\/lospoliticosveracruz.com\/wp-content\/uploads\/2026\/01\/Adanely-Nahle.jpg","keywords":["Adanely Rodr\u00edguez","Poza Rica","Roc\u00edo Nahle"],"articleSection":["De Boleto"],"inLanguage":"es"},{"@type":"WebPage","@id":"https:\/\/lospoliticosveracruz.com\/?p=159352","url":"https:\/\/lospoliticosveracruz.com\/?p=159352","name":"UNA NUEVA ERA EN POZA RICA - Los pol\u00edticos Veracruz","isPartOf":{"@id":"https:\/\/lospoliticosveracruz.com\/#website"},"primaryImageOfPage":{"@id":"https:\/\/lospoliticosveracruz.com\/?p=159352#primaryimage"},"image":{"@id":"https:\/\/lospoliticosveracruz.com\/?p=159352#primaryimage"},"thumbnailUrl":"https:\/\/lospoliticosveracruz.com\/wp-content\/uploads\/2026\/01\/Adanely-Nahle.jpg","datePublished":"2026-01-01T14:45:44+00:00","dateModified":"2026-01-01T14:45:45+00:00","breadcrumb":{"@id":"https:\/\/lospoliticosveracruz.com\/?p=159352#breadcrumb"},"inLanguage":"es","potentialAction":[{"@type":"ReadAction","target":["https:\/\/lospoliticosveracruz.com\/?p=159352"]}]},{"@type":"ImageObject","inLanguage":"es","@id":"https:\/\/lospoliticosveracruz.com\/?p=159352#primaryimage","url":"https:\/\/lospoliticosveracruz.com\/wp-content\/uploads\/2026\/01\/Adanely-Nahle.jpg","contentUrl":"https:\/\/lospoliticosveracruz.com\/wp-content\/uploads\/2026\/01\/Adanely-Nahle.jpg","width":600,"height":320},{"@type":"BreadcrumbList","@id":"https:\/\/lospoliticosveracruz.com\/?p=159352#breadcrumb","itemListElement":[{"@type":"ListItem","position":1,"name":"Portada","item":"https:\/\/lospoliticosveracruz.com\/"},{"@type":"ListItem","position":2,"name":"UNA NUEVA ERA EN POZA RICA"}]},{"@type":"WebSite","@id":"https:\/\/lospoliticosveracruz.com\/#website","url":"https:\/\/lospoliticosveracruz.com\/","name":"Los pol\u00edticos Veracruz","description":"","publisher":{"@id":"https:\/\/lospoliticosveracruz.com\/#organization"},"potentialAction":[{"@type":"SearchAction","target":{"@type":"EntryPoint","urlTemplate":"https:\/\/lospoliticosveracruz.com\/?s={search_term_string}"},"query-input":{"@type":"PropertyValueSpecification","valueRequired":true,"valueName":"search_term_string"}}],"inLanguage":"es"},{"@type":"Organization","@id":"https:\/\/lospoliticosveracruz.com\/#organization","name":"Los pol\u00edticos Veracruz","url":"https:\/\/lospoliticosveracruz.com\/","logo":{"@type":"ImageObject","inLanguage":"es","@id":"https:\/\/lospoliticosveracruz.com\/#\/schema\/logo\/image\/","url":"https:\/\/lospoliticosveracruz.com\/wp-content\/uploads\/2025\/12\/Logo-Nuevo-LOS-POLITICOS-1.jpg","contentUrl":"https:\/\/lospoliticosveracruz.com\/wp-content\/uploads\/2025\/12\/Logo-Nuevo-LOS-POLITICOS-1.jpg","width":260,"height":70,"caption":"Los pol\u00edticos Veracruz"},"image":{"@id":"https:\/\/lospoliticosveracruz.com\/#\/schema\/logo\/image\/"},"sameAs":["https:\/\/www.facebook.com\/people\/Notimemes-de-los-Polticos\/61565672886568\/","https:\/\/x.com\/LosPoliticosVer"]},{"@type":"Person","@id":"https:\/\/lospoliticosveracruz.com\/#\/schema\/person\/b8702bb0e538456e6efd07080bf2a4a2","name":"Lo viste en Los Pol\u00edticos","image":{"@type":"ImageObject","inLanguage":"es","@id":"https:\/\/secure.gravatar.com\/avatar\/3a8de04a2656d44082be478bd6c086daa447c4651605818287b9532d3d0bd435?s=96&d=mm&r=g","url":"https:\/\/secure.gravatar.com\/avatar\/3a8de04a2656d44082be478bd6c086daa447c4651605818287b9532d3d0bd435?s=96&d=mm&r=g","contentUrl":"https:\/\/secure.gravatar.com\/avatar\/3a8de04a2656d44082be478bd6c086daa447c4651605818287b9532d3d0bd435?s=96&d=mm&r=g","caption":"Lo viste en Los Pol\u00edticos"},"url":"https:\/\/lospoliticosveracruz.com\/?author=2"}]}},"_links":{"self":[{"href":"https:\/\/lospoliticosveracruz.com\/index.php?rest_route=\/wp\/v2\/posts\/159352","targetHints":{"allow":["GET"]}}],"collection":[{"href":"https:\/\/lospoliticosveracruz.com\/index.php?rest_route=\/wp\/v2\/posts"}],"about":[{"href":"https:\/\/lospoliticosveracruz.com\/index.php?rest_route=\/wp\/v2\/types\/post"}],"author":[{"embeddable":true,"href":"https:\/\/lospoliticosveracruz.com\/index.php?rest_route=\/wp\/v2\/users\/2"}],"replies":[{"embeddable":true,"href":"https:\/\/lospoliticosveracruz.com\/index.php?rest_route=%2Fwp%2Fv2%2Fcomments&post=159352"}],"version-history":[{"count":1,"href":"https:\/\/lospoliticosveracruz.com\/index.php?rest_route=\/wp\/v2\/posts\/159352\/revisions"}],"predecessor-version":[{"id":159354,"href":"https:\/\/lospoliticosveracruz.com\/index.php?rest_route=\/wp\/v2\/posts\/159352\/revisions\/159354"}],"wp:featuredmedia":[{"embeddable":true,"href":"https:\/\/lospoliticosveracruz.com\/index.php?rest_route=\/wp\/v2\/media\/159353"}],"wp:attachment":[{"href":"https:\/\/lospoliticosveracruz.com\/index.php?rest_route=%2Fwp%2Fv2%2Fmedia&parent=159352"}],"wp:term":[{"taxonomy":"category","embeddable":true,"href":"https:\/\/lospoliticosveracruz.com\/index.php?rest_route=%2Fwp%2Fv2%2Fcategories&post=159352"},{"taxonomy":"post_tag","embeddable":true,"href":"https:\/\/lospoliticosveracruz.com\/index.php?rest_route=%2Fwp%2Fv2%2Ftags&post=159352"}],"curies":[{"name":"wp","href":"https:\/\/api.w.org\/{rel}","templated":true}]}}