{"id":159355,"date":"2026-01-01T08:53:10","date_gmt":"2026-01-01T14:53:10","guid":{"rendered":"https:\/\/lospoliticosveracruz.com\/?p=159355"},"modified":"2026-01-01T08:53:11","modified_gmt":"2026-01-01T14:53:11","slug":"2026-nos-da-una-nina","status":"publish","type":"post","link":"https:\/\/lospoliticosveracruz.com\/?p=159355","title":{"rendered":"2026 NOS DA UNA NI\u00d1A!"},"content":{"rendered":"\n<p>Con la llegada del a\u00f1o nuevo, m\u00e9dicos del\u00a0Hospital\u00a0Chicontepec del Instituto Mexicano del Seguro Social (IMSS) en\u00a0Veracruz Norte,\u00a0recibieron al primer beb\u00e9 nacido el 1 de enero de 2026 en la\u00a0regi\u00f3n,\u00a0a las\u00a000:00\u00a0horas.<\/p>\n\n\n\n<p>Tanto la madre como&nbsp;la&nbsp;reci\u00e9n nacida, quien alcanz\u00f3&nbsp;un peso de3&nbsp;kilogramos&nbsp;con 220 gramos&nbsp;y talla de&nbsp;53&nbsp;cent\u00edmetros,&nbsp;se encuentran&nbsp;en perfectas condiciones de salud.<\/p>\n\n\n\n<p>Con la finalidad de salvaguardar el bienestar materno-infantil,&nbsp;el IMSS recuerdan&nbsp;a todas las mujeres que cursan por un embarazo&nbsp;la importancia de un adecuado control prenatal,&nbsp;mediante el cual se puedan&nbsp;detectar a tiempo posibles complicaciones antes, durante y despu\u00e9s del parto, que pongan en riesgo la vida de&nbsp;ellas&nbsp;y&nbsp;de su&nbsp;beb\u00e9.<\/p>\n\n\n\n<p>Los especialistas del Instituto reiteran a este grupo de la poblaci\u00f3n que, ante cualquier&nbsp;signo de alerta, como: hinchaz\u00f3n excesiva de la cara, manos o pies, dolor de cabeza constante, zumbido en los o\u00eddos, contracciones prematuras, disminuci\u00f3n o ausencia de los movimientos fetales y cualquier tipo de sangrado, es importante acudir&nbsp;de inmediato al servicio de Urgencias.<\/p>\n\n\n\n<p>El IMSS en&nbsp;Veracruz Norte&nbsp;cuenta con \u00e1reas de Urgencias, Atenci\u00f3n M\u00e9dica Continua y hospitalizaci\u00f3n las 24 horas del d\u00eda, los 365 d\u00edas del a\u00f1o,&nbsp;para atender las emergencias obst\u00e9tricas.&nbsp;<\/p>\n","protected":false},"excerpt":{"rendered":"<p>Con la llegada del a\u00f1o nuevo, m\u00e9dicos del\u00a0Hospital\u00a0Chicontepec del Instituto Mexicano del Seguro Social (IMSS) en\u00a0Veracruz Norte,\u00a0recibieron al primer beb\u00e9 nacido el 1 de enero de 2026 en la\u00a0regi\u00f3n,\u00a0a las\u00a000:00\u00a0horas. Tanto la madre como&nbsp;la&nbsp;reci\u00e9n nacida, quien alcanz\u00f3&nbsp;un peso de3&nbsp;kilogramos&nbsp;con 220 gramos&nbsp;y talla de&nbsp;53&nbsp;cent\u00edmetros,&nbsp;se encuentran&nbsp;en perfectas condiciones de salud. Con la finalidad de salvaguardar el bienestar [&hellip;]<\/p>\n","protected":false},"author":2,"featured_media":159356,"comment_status":"closed","ping_status":"closed","sticky":false,"template":"","format":"standard","meta":{"tdm_status":"","tdm_grid_status":"","footnotes":""},"categories":[73],"tags":[48440,11364,48439,12338],"class_list":{"0":"post-159355","1":"post","2":"type-post","3":"status-publish","4":"format-standard","5":"has-post-thumbnail","7":"category-de-boleto","8":"tag-48440","9":"tag-bebe","10":"tag-hospital-chicontepec","11":"tag-imss-veracruz-norte"},"yoast_head":"<!-- This site is optimized with the Yoast SEO plugin v27.4 - https:\/\/yoast.com\/product\/yoast-seo-wordpress\/ -->\n<title>2026 NOS DA UNA NI\u00d1A! - Los pol\u00edticos Veracruz<\/title>\n<meta name=\"robots\" content=\"index, follow, max-snippet:-1, max-image-preview:large, max-video-preview:-1\" \/>\n<link rel=\"canonical\" href=\"https:\/\/lospoliticosveracruz.com\/?p=159355\" \/>\n<meta property=\"og:locale\" content=\"es_ES\" \/>\n<meta property=\"og:type\" content=\"article\" \/>\n<meta property=\"og:title\" content=\"2026 NOS DA UNA NI\u00d1A! - Los pol\u00edticos Veracruz\" \/>\n<meta property=\"og:description\" content=\"Con la llegada del a\u00f1o nuevo, m\u00e9dicos del\u00a0Hospital\u00a0Chicontepec del Instituto Mexicano del Seguro Social (IMSS) en\u00a0Veracruz Norte,\u00a0recibieron al primer beb\u00e9 nacido el 1 de enero de 2026 en la\u00a0regi\u00f3n,\u00a0a las\u00a000:00\u00a0horas. Tanto la madre como&nbsp;la&nbsp;reci\u00e9n nacida, quien alcanz\u00f3&nbsp;un peso de3&nbsp;kilogramos&nbsp;con 220 gramos&nbsp;y talla de&nbsp;53&nbsp;cent\u00edmetros,&nbsp;se encuentran&nbsp;en perfectas condiciones de salud. Con la finalidad de salvaguardar el bienestar [&hellip;]\" \/>\n<meta property=\"og:url\" content=\"https:\/\/lospoliticosveracruz.com\/?p=159355\" \/>\n<meta property=\"og:site_name\" content=\"Los pol\u00edticos Veracruz\" \/>\n<meta property=\"article:publisher\" content=\"https:\/\/www.facebook.com\/people\/Notimemes-de-los-Polticos\/61565672886568\/\" \/>\n<meta property=\"article:published_time\" content=\"2026-01-01T14:53:10+00:00\" \/>\n<meta property=\"article:modified_time\" content=\"2026-01-01T14:53:11+00:00\" \/>\n<meta property=\"og:image\" content=\"https:\/\/lospoliticosveracruz.com\/wp-content\/uploads\/2026\/01\/IMSS-bebe.jpg\" \/>\n\t<meta property=\"og:image:width\" content=\"600\" \/>\n\t<meta property=\"og:image:height\" content=\"320\" \/>\n\t<meta property=\"og:image:type\" content=\"image\/jpeg\" \/>\n<meta name=\"author\" content=\"Lo viste en Los Pol\u00edticos\" \/>\n<meta name=\"twitter:card\" content=\"summary_large_image\" \/>\n<meta name=\"twitter:creator\" content=\"@LosPoliticosVer\" \/>\n<meta name=\"twitter:site\" content=\"@LosPoliticosVer\" \/>\n<meta name=\"twitter:label1\" content=\"Escrito por\" \/>\n\t<meta name=\"twitter:data1\" content=\"Lo viste en Los Pol\u00edticos\" \/>\n\t<meta name=\"twitter:label2\" content=\"Tiempo de lectura\" \/>\n\t<meta name=\"twitter:data2\" content=\"2 minutos\" \/>\n<script type=\"application\/ld+json\" class=\"yoast-schema-graph\">{\"@context\":\"https:\\\/\\\/schema.org\",\"@graph\":[{\"@type\":\"Article\",\"@id\":\"https:\\\/\\\/lospoliticosveracruz.com\\\/?p=159355#article\",\"isPartOf\":{\"@id\":\"https:\\\/\\\/lospoliticosveracruz.com\\\/?p=159355\"},\"author\":{\"name\":\"Lo viste en Los Pol\u00edticos\",\"@id\":\"https:\\\/\\\/lospoliticosveracruz.com\\\/#\\\/schema\\\/person\\\/b8702bb0e538456e6efd07080bf2a4a2\"},\"headline\":\"2026 NOS DA UNA NI\u00d1A!\",\"datePublished\":\"2026-01-01T14:53:10+00:00\",\"dateModified\":\"2026-01-01T14:53:11+00:00\",\"mainEntityOfPage\":{\"@id\":\"https:\\\/\\\/lospoliticosveracruz.com\\\/?p=159355\"},\"wordCount\":248,\"publisher\":{\"@id\":\"https:\\\/\\\/lospoliticosveracruz.com\\\/#organization\"},\"image\":{\"@id\":\"https:\\\/\\\/lospoliticosveracruz.com\\\/?p=159355#primaryimage\"},\"thumbnailUrl\":\"https:\\\/\\\/lospoliticosveracruz.com\\\/wp-content\\\/uploads\\\/2026\\\/01\\\/IMSS-bebe.jpg\",\"keywords\":[\"2026\",\"beb\u00e9\",\"Hospital\u00a0Chicontepec\",\"IMSS Veracruz Norte\"],\"articleSection\":[\"De Boleto\"],\"inLanguage\":\"es\"},{\"@type\":\"WebPage\",\"@id\":\"https:\\\/\\\/lospoliticosveracruz.com\\\/?p=159355\",\"url\":\"https:\\\/\\\/lospoliticosveracruz.com\\\/?p=159355\",\"name\":\"2026 NOS DA UNA NI\u00d1A! - Los pol\u00edticos Veracruz\",\"isPartOf\":{\"@id\":\"https:\\\/\\\/lospoliticosveracruz.com\\\/#website\"},\"primaryImageOfPage\":{\"@id\":\"https:\\\/\\\/lospoliticosveracruz.com\\\/?p=159355#primaryimage\"},\"image\":{\"@id\":\"https:\\\/\\\/lospoliticosveracruz.com\\\/?p=159355#primaryimage\"},\"thumbnailUrl\":\"https:\\\/\\\/lospoliticosveracruz.com\\\/wp-content\\\/uploads\\\/2026\\\/01\\\/IMSS-bebe.jpg\",\"datePublished\":\"2026-01-01T14:53:10+00:00\",\"dateModified\":\"2026-01-01T14:53:11+00:00\",\"breadcrumb\":{\"@id\":\"https:\\\/\\\/lospoliticosveracruz.com\\\/?p=159355#breadcrumb\"},\"inLanguage\":\"es\",\"potentialAction\":[{\"@type\":\"ReadAction\",\"target\":[\"https:\\\/\\\/lospoliticosveracruz.com\\\/?p=159355\"]}]},{\"@type\":\"ImageObject\",\"inLanguage\":\"es\",\"@id\":\"https:\\\/\\\/lospoliticosveracruz.com\\\/?p=159355#primaryimage\",\"url\":\"https:\\\/\\\/lospoliticosveracruz.com\\\/wp-content\\\/uploads\\\/2026\\\/01\\\/IMSS-bebe.jpg\",\"contentUrl\":\"https:\\\/\\\/lospoliticosveracruz.com\\\/wp-content\\\/uploads\\\/2026\\\/01\\\/IMSS-bebe.jpg\",\"width\":600,\"height\":320},{\"@type\":\"BreadcrumbList\",\"@id\":\"https:\\\/\\\/lospoliticosveracruz.com\\\/?p=159355#breadcrumb\",\"itemListElement\":[{\"@type\":\"ListItem\",\"position\":1,\"name\":\"Portada\",\"item\":\"https:\\\/\\\/lospoliticosveracruz.com\\\/\"},{\"@type\":\"ListItem\",\"position\":2,\"name\":\"2026 NOS DA UNA NI\u00d1A!\"}]},{\"@type\":\"WebSite\",\"@id\":\"https:\\\/\\\/lospoliticosveracruz.com\\\/#website\",\"url\":\"https:\\\/\\\/lospoliticosveracruz.com\\\/\",\"name\":\"Los pol\u00edticos Veracruz\",\"description\":\"\",\"publisher\":{\"@id\":\"https:\\\/\\\/lospoliticosveracruz.com\\\/#organization\"},\"potentialAction\":[{\"@type\":\"SearchAction\",\"target\":{\"@type\":\"EntryPoint\",\"urlTemplate\":\"https:\\\/\\\/lospoliticosveracruz.com\\\/?s={search_term_string}\"},\"query-input\":{\"@type\":\"PropertyValueSpecification\",\"valueRequired\":true,\"valueName\":\"search_term_string\"}}],\"inLanguage\":\"es\"},{\"@type\":\"Organization\",\"@id\":\"https:\\\/\\\/lospoliticosveracruz.com\\\/#organization\",\"name\":\"Los pol\u00edticos Veracruz\",\"url\":\"https:\\\/\\\/lospoliticosveracruz.com\\\/\",\"logo\":{\"@type\":\"ImageObject\",\"inLanguage\":\"es\",\"@id\":\"https:\\\/\\\/lospoliticosveracruz.com\\\/#\\\/schema\\\/logo\\\/image\\\/\",\"url\":\"https:\\\/\\\/lospoliticosveracruz.com\\\/wp-content\\\/uploads\\\/2025\\\/12\\\/Logo-Nuevo-LOS-POLITICOS-1.jpg\",\"contentUrl\":\"https:\\\/\\\/lospoliticosveracruz.com\\\/wp-content\\\/uploads\\\/2025\\\/12\\\/Logo-Nuevo-LOS-POLITICOS-1.jpg\",\"width\":260,\"height\":70,\"caption\":\"Los pol\u00edticos Veracruz\"},\"image\":{\"@id\":\"https:\\\/\\\/lospoliticosveracruz.com\\\/#\\\/schema\\\/logo\\\/image\\\/\"},\"sameAs\":[\"https:\\\/\\\/www.facebook.com\\\/people\\\/Notimemes-de-los-Polticos\\\/61565672886568\\\/\",\"https:\\\/\\\/x.com\\\/LosPoliticosVer\"]},{\"@type\":\"Person\",\"@id\":\"https:\\\/\\\/lospoliticosveracruz.com\\\/#\\\/schema\\\/person\\\/b8702bb0e538456e6efd07080bf2a4a2\",\"name\":\"Lo viste en Los Pol\u00edticos\",\"image\":{\"@type\":\"ImageObject\",\"inLanguage\":\"es\",\"@id\":\"https:\\\/\\\/secure.gravatar.com\\\/avatar\\\/3a8de04a2656d44082be478bd6c086daa447c4651605818287b9532d3d0bd435?s=96&d=mm&r=g\",\"url\":\"https:\\\/\\\/secure.gravatar.com\\\/avatar\\\/3a8de04a2656d44082be478bd6c086daa447c4651605818287b9532d3d0bd435?s=96&d=mm&r=g\",\"contentUrl\":\"https:\\\/\\\/secure.gravatar.com\\\/avatar\\\/3a8de04a2656d44082be478bd6c086daa447c4651605818287b9532d3d0bd435?s=96&d=mm&r=g\",\"caption\":\"Lo viste en Los Pol\u00edticos\"},\"url\":\"https:\\\/\\\/lospoliticosveracruz.com\\\/?author=2\"}]}<\/script>\n<!-- \/ Yoast SEO plugin. -->","yoast_head_json":{"title":"2026 NOS DA UNA NI\u00d1A! - Los pol\u00edticos Veracruz","robots":{"index":"index","follow":"follow","max-snippet":"max-snippet:-1","max-image-preview":"max-image-preview:large","max-video-preview":"max-video-preview:-1"},"canonical":"https:\/\/lospoliticosveracruz.com\/?p=159355","og_locale":"es_ES","og_type":"article","og_title":"2026 NOS DA UNA NI\u00d1A! - Los pol\u00edticos Veracruz","og_description":"Con la llegada del a\u00f1o nuevo, m\u00e9dicos del\u00a0Hospital\u00a0Chicontepec del Instituto Mexicano del Seguro Social (IMSS) en\u00a0Veracruz Norte,\u00a0recibieron al primer beb\u00e9 nacido el 1 de enero de 2026 en la\u00a0regi\u00f3n,\u00a0a las\u00a000:00\u00a0horas. Tanto la madre como&nbsp;la&nbsp;reci\u00e9n nacida, quien alcanz\u00f3&nbsp;un peso de3&nbsp;kilogramos&nbsp;con 220 gramos&nbsp;y talla de&nbsp;53&nbsp;cent\u00edmetros,&nbsp;se encuentran&nbsp;en perfectas condiciones de salud. Con la finalidad de salvaguardar el bienestar [&hellip;]","og_url":"https:\/\/lospoliticosveracruz.com\/?p=159355","og_site_name":"Los pol\u00edticos Veracruz","article_publisher":"https:\/\/www.facebook.com\/people\/Notimemes-de-los-Polticos\/61565672886568\/","article_published_time":"2026-01-01T14:53:10+00:00","article_modified_time":"2026-01-01T14:53:11+00:00","og_image":[{"width":600,"height":320,"url":"https:\/\/lospoliticosveracruz.com\/wp-content\/uploads\/2026\/01\/IMSS-bebe.jpg","type":"image\/jpeg"}],"author":"Lo viste en Los Pol\u00edticos","twitter_card":"summary_large_image","twitter_creator":"@LosPoliticosVer","twitter_site":"@LosPoliticosVer","twitter_misc":{"Escrito por":"Lo viste en Los Pol\u00edticos","Tiempo de lectura":"2 minutos"},"schema":{"@context":"https:\/\/schema.org","@graph":[{"@type":"Article","@id":"https:\/\/lospoliticosveracruz.com\/?p=159355#article","isPartOf":{"@id":"https:\/\/lospoliticosveracruz.com\/?p=159355"},"author":{"name":"Lo viste en Los Pol\u00edticos","@id":"https:\/\/lospoliticosveracruz.com\/#\/schema\/person\/b8702bb0e538456e6efd07080bf2a4a2"},"headline":"2026 NOS DA UNA NI\u00d1A!","datePublished":"2026-01-01T14:53:10+00:00","dateModified":"2026-01-01T14:53:11+00:00","mainEntityOfPage":{"@id":"https:\/\/lospoliticosveracruz.com\/?p=159355"},"wordCount":248,"publisher":{"@id":"https:\/\/lospoliticosveracruz.com\/#organization"},"image":{"@id":"https:\/\/lospoliticosveracruz.com\/?p=159355#primaryimage"},"thumbnailUrl":"https:\/\/lospoliticosveracruz.com\/wp-content\/uploads\/2026\/01\/IMSS-bebe.jpg","keywords":["2026","beb\u00e9","Hospital\u00a0Chicontepec","IMSS Veracruz Norte"],"articleSection":["De Boleto"],"inLanguage":"es"},{"@type":"WebPage","@id":"https:\/\/lospoliticosveracruz.com\/?p=159355","url":"https:\/\/lospoliticosveracruz.com\/?p=159355","name":"2026 NOS DA UNA NI\u00d1A! - Los pol\u00edticos Veracruz","isPartOf":{"@id":"https:\/\/lospoliticosveracruz.com\/#website"},"primaryImageOfPage":{"@id":"https:\/\/lospoliticosveracruz.com\/?p=159355#primaryimage"},"image":{"@id":"https:\/\/lospoliticosveracruz.com\/?p=159355#primaryimage"},"thumbnailUrl":"https:\/\/lospoliticosveracruz.com\/wp-content\/uploads\/2026\/01\/IMSS-bebe.jpg","datePublished":"2026-01-01T14:53:10+00:00","dateModified":"2026-01-01T14:53:11+00:00","breadcrumb":{"@id":"https:\/\/lospoliticosveracruz.com\/?p=159355#breadcrumb"},"inLanguage":"es","potentialAction":[{"@type":"ReadAction","target":["https:\/\/lospoliticosveracruz.com\/?p=159355"]}]},{"@type":"ImageObject","inLanguage":"es","@id":"https:\/\/lospoliticosveracruz.com\/?p=159355#primaryimage","url":"https:\/\/lospoliticosveracruz.com\/wp-content\/uploads\/2026\/01\/IMSS-bebe.jpg","contentUrl":"https:\/\/lospoliticosveracruz.com\/wp-content\/uploads\/2026\/01\/IMSS-bebe.jpg","width":600,"height":320},{"@type":"BreadcrumbList","@id":"https:\/\/lospoliticosveracruz.com\/?p=159355#breadcrumb","itemListElement":[{"@type":"ListItem","position":1,"name":"Portada","item":"https:\/\/lospoliticosveracruz.com\/"},{"@type":"ListItem","position":2,"name":"2026 NOS DA UNA NI\u00d1A!"}]},{"@type":"WebSite","@id":"https:\/\/lospoliticosveracruz.com\/#website","url":"https:\/\/lospoliticosveracruz.com\/","name":"Los pol\u00edticos Veracruz","description":"","publisher":{"@id":"https:\/\/lospoliticosveracruz.com\/#organization"},"potentialAction":[{"@type":"SearchAction","target":{"@type":"EntryPoint","urlTemplate":"https:\/\/lospoliticosveracruz.com\/?s={search_term_string}"},"query-input":{"@type":"PropertyValueSpecification","valueRequired":true,"valueName":"search_term_string"}}],"inLanguage":"es"},{"@type":"Organization","@id":"https:\/\/lospoliticosveracruz.com\/#organization","name":"Los pol\u00edticos Veracruz","url":"https:\/\/lospoliticosveracruz.com\/","logo":{"@type":"ImageObject","inLanguage":"es","@id":"https:\/\/lospoliticosveracruz.com\/#\/schema\/logo\/image\/","url":"https:\/\/lospoliticosveracruz.com\/wp-content\/uploads\/2025\/12\/Logo-Nuevo-LOS-POLITICOS-1.jpg","contentUrl":"https:\/\/lospoliticosveracruz.com\/wp-content\/uploads\/2025\/12\/Logo-Nuevo-LOS-POLITICOS-1.jpg","width":260,"height":70,"caption":"Los pol\u00edticos Veracruz"},"image":{"@id":"https:\/\/lospoliticosveracruz.com\/#\/schema\/logo\/image\/"},"sameAs":["https:\/\/www.facebook.com\/people\/Notimemes-de-los-Polticos\/61565672886568\/","https:\/\/x.com\/LosPoliticosVer"]},{"@type":"Person","@id":"https:\/\/lospoliticosveracruz.com\/#\/schema\/person\/b8702bb0e538456e6efd07080bf2a4a2","name":"Lo viste en Los Pol\u00edticos","image":{"@type":"ImageObject","inLanguage":"es","@id":"https:\/\/secure.gravatar.com\/avatar\/3a8de04a2656d44082be478bd6c086daa447c4651605818287b9532d3d0bd435?s=96&d=mm&r=g","url":"https:\/\/secure.gravatar.com\/avatar\/3a8de04a2656d44082be478bd6c086daa447c4651605818287b9532d3d0bd435?s=96&d=mm&r=g","contentUrl":"https:\/\/secure.gravatar.com\/avatar\/3a8de04a2656d44082be478bd6c086daa447c4651605818287b9532d3d0bd435?s=96&d=mm&r=g","caption":"Lo viste en Los Pol\u00edticos"},"url":"https:\/\/lospoliticosveracruz.com\/?author=2"}]}},"_links":{"self":[{"href":"https:\/\/lospoliticosveracruz.com\/index.php?rest_route=\/wp\/v2\/posts\/159355","targetHints":{"allow":["GET"]}}],"collection":[{"href":"https:\/\/lospoliticosveracruz.com\/index.php?rest_route=\/wp\/v2\/posts"}],"about":[{"href":"https:\/\/lospoliticosveracruz.com\/index.php?rest_route=\/wp\/v2\/types\/post"}],"author":[{"embeddable":true,"href":"https:\/\/lospoliticosveracruz.com\/index.php?rest_route=\/wp\/v2\/users\/2"}],"replies":[{"embeddable":true,"href":"https:\/\/lospoliticosveracruz.com\/index.php?rest_route=%2Fwp%2Fv2%2Fcomments&post=159355"}],"version-history":[{"count":1,"href":"https:\/\/lospoliticosveracruz.com\/index.php?rest_route=\/wp\/v2\/posts\/159355\/revisions"}],"predecessor-version":[{"id":159357,"href":"https:\/\/lospoliticosveracruz.com\/index.php?rest_route=\/wp\/v2\/posts\/159355\/revisions\/159357"}],"wp:featuredmedia":[{"embeddable":true,"href":"https:\/\/lospoliticosveracruz.com\/index.php?rest_route=\/wp\/v2\/media\/159356"}],"wp:attachment":[{"href":"https:\/\/lospoliticosveracruz.com\/index.php?rest_route=%2Fwp%2Fv2%2Fmedia&parent=159355"}],"wp:term":[{"taxonomy":"category","embeddable":true,"href":"https:\/\/lospoliticosveracruz.com\/index.php?rest_route=%2Fwp%2Fv2%2Fcategories&post=159355"},{"taxonomy":"post_tag","embeddable":true,"href":"https:\/\/lospoliticosveracruz.com\/index.php?rest_route=%2Fwp%2Fv2%2Ftags&post=159355"}],"curies":[{"name":"wp","href":"https:\/\/api.w.org\/{rel}","templated":true}]}}