{"id":159362,"date":"2026-01-01T10:13:58","date_gmt":"2026-01-01T16:13:58","guid":{"rendered":"https:\/\/lospoliticosveracruz.com\/?p=159362"},"modified":"2026-01-01T10:13:59","modified_gmt":"2026-01-01T16:13:59","slug":"ano-nuevo-nuevas-alternativas","status":"publish","type":"post","link":"https:\/\/lospoliticosveracruz.com\/?p=159362","title":{"rendered":"A\u00d1O NUEVO, NUEVAS ALTERNATIVAS"},"content":{"rendered":"\n<p><strong>Agust\u00edn Torres Delgado<\/strong><\/p>\n\n\n\n<p><em>Pa&#8217; Vivir a Gusto<\/em><\/p>\n\n\n\n<p>Finaliza el a\u00f1o y es \u00e9poca de reflexi\u00f3n, de mirar lo que hemos hecho y esperar lo que viene con \u00e1nimo. Llega un a\u00f1o nuevo y para todas y todos es momento de planear, dar continuidad a lo que hemos hecho bien y hacer cambios en aquello que creemos que podemos mejorar.<\/p>\n\n\n\n<p>El a\u00f1o nuevo es una oportunidad: para intentar cosas nuevas, aprender otras, conocer, es tiempo concedido para hacerlo mejor o volver a intentarlo. Los inicios nos dan retos nuevos, unos tienen claridad, otros sabemos que pueden ocurrir sin aviso y queremos estar listos para enfrentarlos.<\/p>\n\n\n\n<p>En medio de todo, como individuos, en el centro, est\u00e1 la familia, no se trata de idealizar la palabra sino de entenderla como el espacio m\u00e1s real que tenemos, ese donde aprendemos resistencia, manejar discusiones, reconciliaci\u00f3n, aceptaci\u00f3n, siempre desde el respeto y el amor. La familia es espejo, muchas veces es el ancla que nos mantiene en pie. En \u00e9pocas de ruido y polarizaci\u00f3n es nuestro lugar, donde la vida se puede explicar sin necesidad de discursos o palabras rimbombantes, el a\u00f1o nuevo es momento tambi\u00e9n para dar gracias por nuestras familias.<\/p>\n\n\n\n<p>As\u00ed como a nivel personal es v\u00e1lido proponerse nuevos retos y caminos, como sociedad son momentos para reflexionar en colectivo y buscar alternativas. Proponernos hacer algo distinto. Nuestro pa\u00eds llega a fin de a\u00f1o cargando con cansancio, desconfianza y necesidad de cambios. No se trata de palabras sino de formas.<\/p>\n\n\n\n<p>Proponerle a la vida hacia el 2026 en lo personal se vale, pero, as\u00ed como una persona puede reinventarse en los cambios de ciclo, un pa\u00eds tambi\u00e9n puede hacerlo si se atreve a elegir cosas diferentes, a probar experiencias nuevas.<\/p>\n\n\n\n<p>Para nuestro pa\u00eds en un momento en que el poder se ha concentrado y los problemas se han dispersado, tambi\u00e9n hay opciones de nuevas formas, de nuevos inicios. Hoy se gobierna mucho desde la narrativa, desde el s\u00edmbolo, sin autocr\u00edtica y sin di\u00e1logo.<\/p>\n\n\n\n<p>No normalicemos el desencuentro, disentir no es sin\u00f3nimo de traici\u00f3n. La cr\u00edtica es un insumo necesario para la democracia no un estorbo. Las f\u00f3rmulas de imposici\u00f3n, de mayoriteo, del poder sin contrapesos, son arcaicas, las experiencias internacionales as\u00ed lo prueban.<\/p>\n\n\n\n<p>De cara a lo que viene, la expectativa debe de ser la de aceptar que el pa\u00eds ha cambiado y que se defiende con propuestas y no con nostalgia. Al final ya nadie quiere fe ciega, sino conversaciones pol\u00edticas maduras, firmes, responsables. En Movimiento Ciudadano lo tenemos claro y nos hemos ido perfilando en esa l\u00ednea, somos la alternativa real, una opci\u00f3n que no naci\u00f3 del enojo, sino de la convicci\u00f3n de muchas personas de que podemos hacer pol\u00edtica sin repetir los vicios de siempre.<\/p>\n\n\n\n<p>Y as\u00ed como en lo personal tenemos retos en el a\u00f1o que llega y buenos prop\u00f3sitos, en colectivo pensamos igual: vamos por un M\u00e9xico Nuevo.<\/p>\n\n\n\n<p><strong>Agust\u00edn Torres Delgado<\/strong><\/p>\n\n\n\n<p><strong>Secretario Nacional de Acuerdos<\/strong><\/p>\n\n\n\n<p><strong>Movimiento Ciudadano<\/strong><\/p>\n","protected":false},"excerpt":{"rendered":"<p>Agust\u00edn Torres Delgado Pa&#8217; Vivir a Gusto Finaliza el a\u00f1o y es \u00e9poca de reflexi\u00f3n, de mirar lo que hemos hecho y esperar lo que viene con \u00e1nimo. Llega un a\u00f1o nuevo y para todas y todos es momento de planear, dar continuidad a lo que hemos hecho bien y hacer cambios en aquello que [&hellip;]<\/p>\n","protected":false},"author":2,"featured_media":151473,"comment_status":"closed","ping_status":"closed","sticky":false,"template":"","format":"standard","meta":{"tdm_status":"","tdm_grid_status":"","footnotes":""},"categories":[70],"tags":[48440,47220,48442],"class_list":{"0":"post-159362","1":"post","2":"type-post","3":"status-publish","4":"format-standard","5":"has-post-thumbnail","7":"category-de-opinion","8":"tag-48440","9":"tag-agustin-torres-delgado","10":"tag-nuevo-ano"},"yoast_head":"<!-- This site is optimized with the Yoast SEO plugin v27.4 - https:\/\/yoast.com\/product\/yoast-seo-wordpress\/ -->\n<title>A\u00d1O NUEVO, NUEVAS ALTERNATIVAS - Los pol\u00edticos Veracruz<\/title>\n<meta name=\"robots\" content=\"index, follow, max-snippet:-1, max-image-preview:large, max-video-preview:-1\" \/>\n<link rel=\"canonical\" href=\"https:\/\/lospoliticosveracruz.com\/?p=159362\" \/>\n<meta property=\"og:locale\" content=\"es_ES\" \/>\n<meta property=\"og:type\" content=\"article\" \/>\n<meta property=\"og:title\" content=\"A\u00d1O NUEVO, NUEVAS ALTERNATIVAS - Los pol\u00edticos Veracruz\" \/>\n<meta property=\"og:description\" content=\"Agust\u00edn Torres Delgado Pa&#8217; Vivir a Gusto Finaliza el a\u00f1o y es \u00e9poca de reflexi\u00f3n, de mirar lo que hemos hecho y esperar lo que viene con \u00e1nimo. Llega un a\u00f1o nuevo y para todas y todos es momento de planear, dar continuidad a lo que hemos hecho bien y hacer cambios en aquello que [&hellip;]\" \/>\n<meta property=\"og:url\" content=\"https:\/\/lospoliticosveracruz.com\/?p=159362\" \/>\n<meta property=\"og:site_name\" content=\"Los pol\u00edticos Veracruz\" \/>\n<meta property=\"article:publisher\" content=\"https:\/\/www.facebook.com\/people\/Notimemes-de-los-Polticos\/61565672886568\/\" \/>\n<meta property=\"article:published_time\" content=\"2026-01-01T16:13:58+00:00\" \/>\n<meta property=\"article:modified_time\" content=\"2026-01-01T16:13:59+00:00\" \/>\n<meta property=\"og:image\" content=\"https:\/\/lospoliticosveracruz.com\/wp-content\/uploads\/2025\/08\/Agustin-Torres-Delgado.jpg\" \/>\n\t<meta property=\"og:image:width\" content=\"1250\" \/>\n\t<meta property=\"og:image:height\" content=\"667\" \/>\n\t<meta property=\"og:image:type\" content=\"image\/jpeg\" \/>\n<meta name=\"author\" content=\"Lo viste en Los Pol\u00edticos\" \/>\n<meta name=\"twitter:card\" content=\"summary_large_image\" \/>\n<meta name=\"twitter:creator\" content=\"@LosPoliticosVer\" \/>\n<meta name=\"twitter:site\" content=\"@LosPoliticosVer\" \/>\n<meta name=\"twitter:label1\" content=\"Escrito por\" \/>\n\t<meta name=\"twitter:data1\" content=\"Lo viste en Los Pol\u00edticos\" \/>\n\t<meta name=\"twitter:label2\" content=\"Tiempo de lectura\" \/>\n\t<meta name=\"twitter:data2\" content=\"3 minutos\" \/>\n<script type=\"application\/ld+json\" class=\"yoast-schema-graph\">{\"@context\":\"https:\\\/\\\/schema.org\",\"@graph\":[{\"@type\":\"Article\",\"@id\":\"https:\\\/\\\/lospoliticosveracruz.com\\\/?p=159362#article\",\"isPartOf\":{\"@id\":\"https:\\\/\\\/lospoliticosveracruz.com\\\/?p=159362\"},\"author\":{\"name\":\"Lo viste en Los Pol\u00edticos\",\"@id\":\"https:\\\/\\\/lospoliticosveracruz.com\\\/#\\\/schema\\\/person\\\/b8702bb0e538456e6efd07080bf2a4a2\"},\"headline\":\"A\u00d1O NUEVO, NUEVAS ALTERNATIVAS\",\"datePublished\":\"2026-01-01T16:13:58+00:00\",\"dateModified\":\"2026-01-01T16:13:59+00:00\",\"mainEntityOfPage\":{\"@id\":\"https:\\\/\\\/lospoliticosveracruz.com\\\/?p=159362\"},\"wordCount\":528,\"publisher\":{\"@id\":\"https:\\\/\\\/lospoliticosveracruz.com\\\/#organization\"},\"image\":{\"@id\":\"https:\\\/\\\/lospoliticosveracruz.com\\\/?p=159362#primaryimage\"},\"thumbnailUrl\":\"https:\\\/\\\/lospoliticosveracruz.com\\\/wp-content\\\/uploads\\\/2025\\\/08\\\/Agustin-Torres-Delgado.jpg\",\"keywords\":[\"2026\",\"Agust\u00edn Torres Delgado\",\"Nuevo A\u00f1o\"],\"articleSection\":[\"De Opini\u00f3n\"],\"inLanguage\":\"es\"},{\"@type\":\"WebPage\",\"@id\":\"https:\\\/\\\/lospoliticosveracruz.com\\\/?p=159362\",\"url\":\"https:\\\/\\\/lospoliticosveracruz.com\\\/?p=159362\",\"name\":\"A\u00d1O NUEVO, NUEVAS ALTERNATIVAS - Los pol\u00edticos Veracruz\",\"isPartOf\":{\"@id\":\"https:\\\/\\\/lospoliticosveracruz.com\\\/#website\"},\"primaryImageOfPage\":{\"@id\":\"https:\\\/\\\/lospoliticosveracruz.com\\\/?p=159362#primaryimage\"},\"image\":{\"@id\":\"https:\\\/\\\/lospoliticosveracruz.com\\\/?p=159362#primaryimage\"},\"thumbnailUrl\":\"https:\\\/\\\/lospoliticosveracruz.com\\\/wp-content\\\/uploads\\\/2025\\\/08\\\/Agustin-Torres-Delgado.jpg\",\"datePublished\":\"2026-01-01T16:13:58+00:00\",\"dateModified\":\"2026-01-01T16:13:59+00:00\",\"breadcrumb\":{\"@id\":\"https:\\\/\\\/lospoliticosveracruz.com\\\/?p=159362#breadcrumb\"},\"inLanguage\":\"es\",\"potentialAction\":[{\"@type\":\"ReadAction\",\"target\":[\"https:\\\/\\\/lospoliticosveracruz.com\\\/?p=159362\"]}]},{\"@type\":\"ImageObject\",\"inLanguage\":\"es\",\"@id\":\"https:\\\/\\\/lospoliticosveracruz.com\\\/?p=159362#primaryimage\",\"url\":\"https:\\\/\\\/lospoliticosveracruz.com\\\/wp-content\\\/uploads\\\/2025\\\/08\\\/Agustin-Torres-Delgado.jpg\",\"contentUrl\":\"https:\\\/\\\/lospoliticosveracruz.com\\\/wp-content\\\/uploads\\\/2025\\\/08\\\/Agustin-Torres-Delgado.jpg\",\"width\":1250,\"height\":667},{\"@type\":\"BreadcrumbList\",\"@id\":\"https:\\\/\\\/lospoliticosveracruz.com\\\/?p=159362#breadcrumb\",\"itemListElement\":[{\"@type\":\"ListItem\",\"position\":1,\"name\":\"Portada\",\"item\":\"https:\\\/\\\/lospoliticosveracruz.com\\\/\"},{\"@type\":\"ListItem\",\"position\":2,\"name\":\"A\u00d1O NUEVO, NUEVAS ALTERNATIVAS\"}]},{\"@type\":\"WebSite\",\"@id\":\"https:\\\/\\\/lospoliticosveracruz.com\\\/#website\",\"url\":\"https:\\\/\\\/lospoliticosveracruz.com\\\/\",\"name\":\"Los pol\u00edticos Veracruz\",\"description\":\"\",\"publisher\":{\"@id\":\"https:\\\/\\\/lospoliticosveracruz.com\\\/#organization\"},\"potentialAction\":[{\"@type\":\"SearchAction\",\"target\":{\"@type\":\"EntryPoint\",\"urlTemplate\":\"https:\\\/\\\/lospoliticosveracruz.com\\\/?s={search_term_string}\"},\"query-input\":{\"@type\":\"PropertyValueSpecification\",\"valueRequired\":true,\"valueName\":\"search_term_string\"}}],\"inLanguage\":\"es\"},{\"@type\":\"Organization\",\"@id\":\"https:\\\/\\\/lospoliticosveracruz.com\\\/#organization\",\"name\":\"Los pol\u00edticos Veracruz\",\"url\":\"https:\\\/\\\/lospoliticosveracruz.com\\\/\",\"logo\":{\"@type\":\"ImageObject\",\"inLanguage\":\"es\",\"@id\":\"https:\\\/\\\/lospoliticosveracruz.com\\\/#\\\/schema\\\/logo\\\/image\\\/\",\"url\":\"https:\\\/\\\/lospoliticosveracruz.com\\\/wp-content\\\/uploads\\\/2025\\\/12\\\/Logo-Nuevo-LOS-POLITICOS-1.jpg\",\"contentUrl\":\"https:\\\/\\\/lospoliticosveracruz.com\\\/wp-content\\\/uploads\\\/2025\\\/12\\\/Logo-Nuevo-LOS-POLITICOS-1.jpg\",\"width\":260,\"height\":70,\"caption\":\"Los pol\u00edticos Veracruz\"},\"image\":{\"@id\":\"https:\\\/\\\/lospoliticosveracruz.com\\\/#\\\/schema\\\/logo\\\/image\\\/\"},\"sameAs\":[\"https:\\\/\\\/www.facebook.com\\\/people\\\/Notimemes-de-los-Polticos\\\/61565672886568\\\/\",\"https:\\\/\\\/x.com\\\/LosPoliticosVer\"]},{\"@type\":\"Person\",\"@id\":\"https:\\\/\\\/lospoliticosveracruz.com\\\/#\\\/schema\\\/person\\\/b8702bb0e538456e6efd07080bf2a4a2\",\"name\":\"Lo viste en Los Pol\u00edticos\",\"image\":{\"@type\":\"ImageObject\",\"inLanguage\":\"es\",\"@id\":\"https:\\\/\\\/secure.gravatar.com\\\/avatar\\\/3a8de04a2656d44082be478bd6c086daa447c4651605818287b9532d3d0bd435?s=96&d=mm&r=g\",\"url\":\"https:\\\/\\\/secure.gravatar.com\\\/avatar\\\/3a8de04a2656d44082be478bd6c086daa447c4651605818287b9532d3d0bd435?s=96&d=mm&r=g\",\"contentUrl\":\"https:\\\/\\\/secure.gravatar.com\\\/avatar\\\/3a8de04a2656d44082be478bd6c086daa447c4651605818287b9532d3d0bd435?s=96&d=mm&r=g\",\"caption\":\"Lo viste en Los Pol\u00edticos\"},\"url\":\"https:\\\/\\\/lospoliticosveracruz.com\\\/?author=2\"}]}<\/script>\n<!-- \/ Yoast SEO plugin. -->","yoast_head_json":{"title":"A\u00d1O NUEVO, NUEVAS ALTERNATIVAS - Los pol\u00edticos Veracruz","robots":{"index":"index","follow":"follow","max-snippet":"max-snippet:-1","max-image-preview":"max-image-preview:large","max-video-preview":"max-video-preview:-1"},"canonical":"https:\/\/lospoliticosveracruz.com\/?p=159362","og_locale":"es_ES","og_type":"article","og_title":"A\u00d1O NUEVO, NUEVAS ALTERNATIVAS - Los pol\u00edticos Veracruz","og_description":"Agust\u00edn Torres Delgado Pa&#8217; Vivir a Gusto Finaliza el a\u00f1o y es \u00e9poca de reflexi\u00f3n, de mirar lo que hemos hecho y esperar lo que viene con \u00e1nimo. Llega un a\u00f1o nuevo y para todas y todos es momento de planear, dar continuidad a lo que hemos hecho bien y hacer cambios en aquello que [&hellip;]","og_url":"https:\/\/lospoliticosveracruz.com\/?p=159362","og_site_name":"Los pol\u00edticos Veracruz","article_publisher":"https:\/\/www.facebook.com\/people\/Notimemes-de-los-Polticos\/61565672886568\/","article_published_time":"2026-01-01T16:13:58+00:00","article_modified_time":"2026-01-01T16:13:59+00:00","og_image":[{"width":1250,"height":667,"url":"https:\/\/lospoliticosveracruz.com\/wp-content\/uploads\/2025\/08\/Agustin-Torres-Delgado.jpg","type":"image\/jpeg"}],"author":"Lo viste en Los Pol\u00edticos","twitter_card":"summary_large_image","twitter_creator":"@LosPoliticosVer","twitter_site":"@LosPoliticosVer","twitter_misc":{"Escrito por":"Lo viste en Los Pol\u00edticos","Tiempo de lectura":"3 minutos"},"schema":{"@context":"https:\/\/schema.org","@graph":[{"@type":"Article","@id":"https:\/\/lospoliticosveracruz.com\/?p=159362#article","isPartOf":{"@id":"https:\/\/lospoliticosveracruz.com\/?p=159362"},"author":{"name":"Lo viste en Los Pol\u00edticos","@id":"https:\/\/lospoliticosveracruz.com\/#\/schema\/person\/b8702bb0e538456e6efd07080bf2a4a2"},"headline":"A\u00d1O NUEVO, NUEVAS ALTERNATIVAS","datePublished":"2026-01-01T16:13:58+00:00","dateModified":"2026-01-01T16:13:59+00:00","mainEntityOfPage":{"@id":"https:\/\/lospoliticosveracruz.com\/?p=159362"},"wordCount":528,"publisher":{"@id":"https:\/\/lospoliticosveracruz.com\/#organization"},"image":{"@id":"https:\/\/lospoliticosveracruz.com\/?p=159362#primaryimage"},"thumbnailUrl":"https:\/\/lospoliticosveracruz.com\/wp-content\/uploads\/2025\/08\/Agustin-Torres-Delgado.jpg","keywords":["2026","Agust\u00edn Torres Delgado","Nuevo A\u00f1o"],"articleSection":["De Opini\u00f3n"],"inLanguage":"es"},{"@type":"WebPage","@id":"https:\/\/lospoliticosveracruz.com\/?p=159362","url":"https:\/\/lospoliticosveracruz.com\/?p=159362","name":"A\u00d1O NUEVO, NUEVAS ALTERNATIVAS - Los pol\u00edticos Veracruz","isPartOf":{"@id":"https:\/\/lospoliticosveracruz.com\/#website"},"primaryImageOfPage":{"@id":"https:\/\/lospoliticosveracruz.com\/?p=159362#primaryimage"},"image":{"@id":"https:\/\/lospoliticosveracruz.com\/?p=159362#primaryimage"},"thumbnailUrl":"https:\/\/lospoliticosveracruz.com\/wp-content\/uploads\/2025\/08\/Agustin-Torres-Delgado.jpg","datePublished":"2026-01-01T16:13:58+00:00","dateModified":"2026-01-01T16:13:59+00:00","breadcrumb":{"@id":"https:\/\/lospoliticosveracruz.com\/?p=159362#breadcrumb"},"inLanguage":"es","potentialAction":[{"@type":"ReadAction","target":["https:\/\/lospoliticosveracruz.com\/?p=159362"]}]},{"@type":"ImageObject","inLanguage":"es","@id":"https:\/\/lospoliticosveracruz.com\/?p=159362#primaryimage","url":"https:\/\/lospoliticosveracruz.com\/wp-content\/uploads\/2025\/08\/Agustin-Torres-Delgado.jpg","contentUrl":"https:\/\/lospoliticosveracruz.com\/wp-content\/uploads\/2025\/08\/Agustin-Torres-Delgado.jpg","width":1250,"height":667},{"@type":"BreadcrumbList","@id":"https:\/\/lospoliticosveracruz.com\/?p=159362#breadcrumb","itemListElement":[{"@type":"ListItem","position":1,"name":"Portada","item":"https:\/\/lospoliticosveracruz.com\/"},{"@type":"ListItem","position":2,"name":"A\u00d1O NUEVO, NUEVAS ALTERNATIVAS"}]},{"@type":"WebSite","@id":"https:\/\/lospoliticosveracruz.com\/#website","url":"https:\/\/lospoliticosveracruz.com\/","name":"Los pol\u00edticos Veracruz","description":"","publisher":{"@id":"https:\/\/lospoliticosveracruz.com\/#organization"},"potentialAction":[{"@type":"SearchAction","target":{"@type":"EntryPoint","urlTemplate":"https:\/\/lospoliticosveracruz.com\/?s={search_term_string}"},"query-input":{"@type":"PropertyValueSpecification","valueRequired":true,"valueName":"search_term_string"}}],"inLanguage":"es"},{"@type":"Organization","@id":"https:\/\/lospoliticosveracruz.com\/#organization","name":"Los pol\u00edticos Veracruz","url":"https:\/\/lospoliticosveracruz.com\/","logo":{"@type":"ImageObject","inLanguage":"es","@id":"https:\/\/lospoliticosveracruz.com\/#\/schema\/logo\/image\/","url":"https:\/\/lospoliticosveracruz.com\/wp-content\/uploads\/2025\/12\/Logo-Nuevo-LOS-POLITICOS-1.jpg","contentUrl":"https:\/\/lospoliticosveracruz.com\/wp-content\/uploads\/2025\/12\/Logo-Nuevo-LOS-POLITICOS-1.jpg","width":260,"height":70,"caption":"Los pol\u00edticos Veracruz"},"image":{"@id":"https:\/\/lospoliticosveracruz.com\/#\/schema\/logo\/image\/"},"sameAs":["https:\/\/www.facebook.com\/people\/Notimemes-de-los-Polticos\/61565672886568\/","https:\/\/x.com\/LosPoliticosVer"]},{"@type":"Person","@id":"https:\/\/lospoliticosveracruz.com\/#\/schema\/person\/b8702bb0e538456e6efd07080bf2a4a2","name":"Lo viste en Los Pol\u00edticos","image":{"@type":"ImageObject","inLanguage":"es","@id":"https:\/\/secure.gravatar.com\/avatar\/3a8de04a2656d44082be478bd6c086daa447c4651605818287b9532d3d0bd435?s=96&d=mm&r=g","url":"https:\/\/secure.gravatar.com\/avatar\/3a8de04a2656d44082be478bd6c086daa447c4651605818287b9532d3d0bd435?s=96&d=mm&r=g","contentUrl":"https:\/\/secure.gravatar.com\/avatar\/3a8de04a2656d44082be478bd6c086daa447c4651605818287b9532d3d0bd435?s=96&d=mm&r=g","caption":"Lo viste en Los Pol\u00edticos"},"url":"https:\/\/lospoliticosveracruz.com\/?author=2"}]}},"_links":{"self":[{"href":"https:\/\/lospoliticosveracruz.com\/index.php?rest_route=\/wp\/v2\/posts\/159362","targetHints":{"allow":["GET"]}}],"collection":[{"href":"https:\/\/lospoliticosveracruz.com\/index.php?rest_route=\/wp\/v2\/posts"}],"about":[{"href":"https:\/\/lospoliticosveracruz.com\/index.php?rest_route=\/wp\/v2\/types\/post"}],"author":[{"embeddable":true,"href":"https:\/\/lospoliticosveracruz.com\/index.php?rest_route=\/wp\/v2\/users\/2"}],"replies":[{"embeddable":true,"href":"https:\/\/lospoliticosveracruz.com\/index.php?rest_route=%2Fwp%2Fv2%2Fcomments&post=159362"}],"version-history":[{"count":1,"href":"https:\/\/lospoliticosveracruz.com\/index.php?rest_route=\/wp\/v2\/posts\/159362\/revisions"}],"predecessor-version":[{"id":159363,"href":"https:\/\/lospoliticosveracruz.com\/index.php?rest_route=\/wp\/v2\/posts\/159362\/revisions\/159363"}],"wp:featuredmedia":[{"embeddable":true,"href":"https:\/\/lospoliticosveracruz.com\/index.php?rest_route=\/wp\/v2\/media\/151473"}],"wp:attachment":[{"href":"https:\/\/lospoliticosveracruz.com\/index.php?rest_route=%2Fwp%2Fv2%2Fmedia&parent=159362"}],"wp:term":[{"taxonomy":"category","embeddable":true,"href":"https:\/\/lospoliticosveracruz.com\/index.php?rest_route=%2Fwp%2Fv2%2Fcategories&post=159362"},{"taxonomy":"post_tag","embeddable":true,"href":"https:\/\/lospoliticosveracruz.com\/index.php?rest_route=%2Fwp%2Fv2%2Ftags&post=159362"}],"curies":[{"name":"wp","href":"https:\/\/api.w.org\/{rel}","templated":true}]}}