{"id":159364,"date":"2026-01-01T10:19:04","date_gmt":"2026-01-01T16:19:04","guid":{"rendered":"https:\/\/lospoliticosveracruz.com\/?p=159364"},"modified":"2026-01-01T10:19:05","modified_gmt":"2026-01-01T16:19:05","slug":"el-descarrilamiento-anunciado","status":"publish","type":"post","link":"https:\/\/lospoliticosveracruz.com\/?p=159364","title":{"rendered":"EL DESCARRILAMIENTO ANUNCIADO"},"content":{"rendered":"\n<p><strong>Agust\u00edn Basilio de la Vega<\/strong><br>M\u00e9xico, a diferencia de varios pa\u00edses europeos y de los Estados Unidos, construy\u00f3 la mayor\u00eda de sus ferrocarriles entre mediados del siglo XIX y hasta la Revoluci\u00f3n Mexicana. Con el uso creciente del autom\u00f3vil, a partir de la etapa constructiva iniciada en los a\u00f1os veinte, las carreteras (para carretas, de all\u00ed el nombre) se adaptaron a los neum\u00e1ticos de los veh\u00edculos automotores.<br>En cambio, los pa\u00edses pr\u00f3speros como Jap\u00f3n, Estados Unidos y los europeos tuvieron la oportunidad de construir intrincadas redes de ferrov\u00edas antes de que los autom\u00f3viles y camiones aparecieran. En todas las grandes ciudades y en la mayor\u00eda de los pueblos las estaciones de trenes est\u00e1n a la mano y en algunos casos son enormes y est\u00e1n c\u00e9ntricas.<br>El presidente L\u00f3pez Obrador, que pertenece a una generaci\u00f3n que a\u00f1ora el uso del ferrocarril de pasajeros, no comprende que deben hacerse estudios t\u00e9cnicos, ambientales y financieros para conocer si es viable su construcci\u00f3n y operaci\u00f3n. Un pa\u00eds extenso como M\u00e9xico con una topograf\u00eda accidentada requiere de enormes cantidades de recursos y conectividad (terminales, patios de maniobra, puentes, viaductos, t\u00faneles etc.) para realizar eficientes rutas de trenes de pasajeros.<br>Don Porfirio Diaz construy\u00f3 la mayor parte de la red existente de v\u00edas (80%) y su trazo (alineamiento horizontal y vertical) corresponde a equipos que pueden circular con seguridad a menos de 40 km\/hora. Personas mayores a los 70 a\u00f1os recuerdan con alegr\u00eda sus primeros viajes en tren, aunque hayan sido lentos y de muchas horas.<br>Los actuales trenes de carga que est\u00e1n concesionados a la iniciativa privada (Kansas City Southern de M\u00e9xico, Ferromex-Ferrosur, Baja California Railroad y la L\u00ednea Coahuila-Durango) son altamente eficientes y transportan cerca del 20% de la carga total de todos los modos de transporte (barco, camiones y aviones tienen el resto). Estas v\u00edas concesionadas a los particulares reciben diariamente mantenimiento, tienen controladores con est\u00e1ndares internacionales y se han modernizado aumentando su capacidad y seguridad.<br>En M\u00e9xico no est\u00e1 prohibido que los particulares construyan y operen ferrocarriles de pasajeros, pero los estudios t\u00e9cnicos y financieros arrojan que no hay demanda, infraestructura ni condiciones t\u00e9cnicas para construir ferrocarriles que compitan con el autom\u00f3vil y los autobuses para que sean m\u00e1s econ\u00f3mico, r\u00e1pido y confortable el transporte de pasajeros.<br>Al presidente pasado se le \u201cocurri\u00f3\u201d que era una buena idea construir el Tren Maya y el Trans\u00edstmico sin estudios financieros, t\u00e9cnicos ni ambientales. Como consecuencia de esta decisi\u00f3n, se descarrilan los trenes, son deficitarios y est\u00e1n en manos del gobierno por lo que nos cuestan a todos. Al momento de escribir estas l\u00edneas tambi\u00e9n ya costaron la vida de 13 personas y m\u00e1s de 90 heridos. Ambos trenes ya superan los 600 mil millones de pesos.<br>Los trenes del gobierno pierden dinero como ocurre con CFE y PEMEX y a todos nos cuestan, en cambio, las concesiones de carreteras y ferrocarriles est\u00e1n bien planeadas y administradas, son rentables, mejoran la vida de las personas, ahorran recursos y se financian con los peajes y contraprestaciones que pagan los usuarios, adem\u00e1s pagan impuestos que el gobierno los usa para subsidios entre otras cosas.<br>El gobierno es un p\u00e9simo constructor y administrador y si es populista es peor a\u00fan. Si de verdad se quieren trenes de pasajeros para mejorar las comunicaciones en M\u00e9xico primero se tienen que hacer estudios de factibilidad antes de ordenarle al ej\u00e9rcito o a la Marina su construcci\u00f3n. Los ingenieros civiles y financieros de la extinta SCT est\u00e1n capacitados para ello, un buen ejemplo es el tren M\u00e9xico-Toluca que fue planeado con paciencia e inici\u00f3 su construcci\u00f3n durante el gobierno de Pe\u00f1a Nieto.<br>Aprovecho la oportunidad para desearle a todos mis amables lectores que tengan un pr\u00f3spero y feliz a\u00f1o 2026.<br>X @basiliodelavega<\/p>\n","protected":false},"excerpt":{"rendered":"<p>Agust\u00edn Basilio de la VegaM\u00e9xico, a diferencia de varios pa\u00edses europeos y de los Estados Unidos, construy\u00f3 la mayor\u00eda de sus ferrocarriles entre mediados del siglo XIX y hasta la Revoluci\u00f3n Mexicana. Con el uso creciente del autom\u00f3vil, a partir de la etapa constructiva iniciada en los a\u00f1os veinte, las carreteras (para carretas, de all\u00ed [&hellip;]<\/p>\n","protected":false},"author":2,"featured_media":141477,"comment_status":"closed","ping_status":"closed","sticky":false,"template":"","format":"standard","meta":{"tdm_status":"","tdm_grid_status":"","footnotes":""},"categories":[70],"tags":[618,48443,912,13466,21077,48444],"class_list":{"0":"post-159364","1":"post","2":"type-post","3":"status-publish","4":"format-standard","5":"has-post-thumbnail","7":"category-de-opinion","8":"tag-andres-manuel-lopez-obrador","9":"tag-ferrocarriles","10":"tag-revolucion-mexicana","11":"tag-tren-maya","12":"tag-tren-transistmico","13":"tag-trenes-de-carga"},"yoast_head":"<!-- This site is optimized with the Yoast SEO plugin v27.4 - https:\/\/yoast.com\/product\/yoast-seo-wordpress\/ -->\n<title>EL DESCARRILAMIENTO ANUNCIADO - Los pol\u00edticos Veracruz<\/title>\n<meta name=\"robots\" content=\"index, follow, max-snippet:-1, max-image-preview:large, max-video-preview:-1\" \/>\n<link rel=\"canonical\" href=\"https:\/\/lospoliticosveracruz.com\/?p=159364\" \/>\n<meta property=\"og:locale\" content=\"es_ES\" \/>\n<meta property=\"og:type\" content=\"article\" \/>\n<meta property=\"og:title\" content=\"EL DESCARRILAMIENTO ANUNCIADO - Los pol\u00edticos Veracruz\" \/>\n<meta property=\"og:description\" content=\"Agust\u00edn Basilio de la VegaM\u00e9xico, a diferencia de varios pa\u00edses europeos y de los Estados Unidos, construy\u00f3 la mayor\u00eda de sus ferrocarriles entre mediados del siglo XIX y hasta la Revoluci\u00f3n Mexicana. Con el uso creciente del autom\u00f3vil, a partir de la etapa constructiva iniciada en los a\u00f1os veinte, las carreteras (para carretas, de all\u00ed [&hellip;]\" \/>\n<meta property=\"og:url\" content=\"https:\/\/lospoliticosveracruz.com\/?p=159364\" \/>\n<meta property=\"og:site_name\" content=\"Los pol\u00edticos Veracruz\" \/>\n<meta property=\"article:publisher\" content=\"https:\/\/www.facebook.com\/people\/Notimemes-de-los-Polticos\/61565672886568\/\" \/>\n<meta property=\"article:published_time\" content=\"2026-01-01T16:19:04+00:00\" \/>\n<meta property=\"article:modified_time\" content=\"2026-01-01T16:19:05+00:00\" \/>\n<meta property=\"og:image\" content=\"https:\/\/lospoliticosveracruz.com\/wp-content\/uploads\/2025\/04\/Agustn-Basilio-de-la-Vega.jpg\" \/>\n\t<meta property=\"og:image:width\" content=\"1250\" \/>\n\t<meta property=\"og:image:height\" content=\"667\" \/>\n\t<meta property=\"og:image:type\" content=\"image\/jpeg\" \/>\n<meta name=\"author\" content=\"Lo viste en Los Pol\u00edticos\" \/>\n<meta name=\"twitter:card\" content=\"summary_large_image\" \/>\n<meta name=\"twitter:creator\" content=\"@LosPoliticosVer\" \/>\n<meta name=\"twitter:site\" content=\"@LosPoliticosVer\" \/>\n<meta name=\"twitter:label1\" content=\"Escrito por\" \/>\n\t<meta name=\"twitter:data1\" content=\"Lo viste en Los Pol\u00edticos\" \/>\n\t<meta name=\"twitter:label2\" content=\"Tiempo de lectura\" \/>\n\t<meta name=\"twitter:data2\" content=\"4 minutos\" \/>\n<script type=\"application\/ld+json\" class=\"yoast-schema-graph\">{\"@context\":\"https:\\\/\\\/schema.org\",\"@graph\":[{\"@type\":\"Article\",\"@id\":\"https:\\\/\\\/lospoliticosveracruz.com\\\/?p=159364#article\",\"isPartOf\":{\"@id\":\"https:\\\/\\\/lospoliticosveracruz.com\\\/?p=159364\"},\"author\":{\"name\":\"Lo viste en Los Pol\u00edticos\",\"@id\":\"https:\\\/\\\/lospoliticosveracruz.com\\\/#\\\/schema\\\/person\\\/b8702bb0e538456e6efd07080bf2a4a2\"},\"headline\":\"EL DESCARRILAMIENTO ANUNCIADO\",\"datePublished\":\"2026-01-01T16:19:04+00:00\",\"dateModified\":\"2026-01-01T16:19:05+00:00\",\"mainEntityOfPage\":{\"@id\":\"https:\\\/\\\/lospoliticosveracruz.com\\\/?p=159364\"},\"wordCount\":679,\"publisher\":{\"@id\":\"https:\\\/\\\/lospoliticosveracruz.com\\\/#organization\"},\"image\":{\"@id\":\"https:\\\/\\\/lospoliticosveracruz.com\\\/?p=159364#primaryimage\"},\"thumbnailUrl\":\"https:\\\/\\\/lospoliticosveracruz.com\\\/wp-content\\\/uploads\\\/2025\\\/04\\\/Agustn-Basilio-de-la-Vega-e1775850704178.jpg\",\"keywords\":[\"Andr\u00e9s Manuel L\u00f3pez Obrador\",\"Ferrocarriles\",\"Revoluci\u00f3n Mexicana\",\"Tren Maya\",\"Tren Trans\u00edstmico\",\"Trenes de Carga\"],\"articleSection\":[\"De Opini\u00f3n\"],\"inLanguage\":\"es\"},{\"@type\":\"WebPage\",\"@id\":\"https:\\\/\\\/lospoliticosveracruz.com\\\/?p=159364\",\"url\":\"https:\\\/\\\/lospoliticosveracruz.com\\\/?p=159364\",\"name\":\"EL DESCARRILAMIENTO ANUNCIADO - Los pol\u00edticos Veracruz\",\"isPartOf\":{\"@id\":\"https:\\\/\\\/lospoliticosveracruz.com\\\/#website\"},\"primaryImageOfPage\":{\"@id\":\"https:\\\/\\\/lospoliticosveracruz.com\\\/?p=159364#primaryimage\"},\"image\":{\"@id\":\"https:\\\/\\\/lospoliticosveracruz.com\\\/?p=159364#primaryimage\"},\"thumbnailUrl\":\"https:\\\/\\\/lospoliticosveracruz.com\\\/wp-content\\\/uploads\\\/2025\\\/04\\\/Agustn-Basilio-de-la-Vega-e1775850704178.jpg\",\"datePublished\":\"2026-01-01T16:19:04+00:00\",\"dateModified\":\"2026-01-01T16:19:05+00:00\",\"breadcrumb\":{\"@id\":\"https:\\\/\\\/lospoliticosveracruz.com\\\/?p=159364#breadcrumb\"},\"inLanguage\":\"es\",\"potentialAction\":[{\"@type\":\"ReadAction\",\"target\":[\"https:\\\/\\\/lospoliticosveracruz.com\\\/?p=159364\"]}]},{\"@type\":\"ImageObject\",\"inLanguage\":\"es\",\"@id\":\"https:\\\/\\\/lospoliticosveracruz.com\\\/?p=159364#primaryimage\",\"url\":\"https:\\\/\\\/lospoliticosveracruz.com\\\/wp-content\\\/uploads\\\/2025\\\/04\\\/Agustn-Basilio-de-la-Vega-e1775850704178.jpg\",\"contentUrl\":\"https:\\\/\\\/lospoliticosveracruz.com\\\/wp-content\\\/uploads\\\/2025\\\/04\\\/Agustn-Basilio-de-la-Vega-e1775850704178.jpg\",\"width\":600,\"height\":320},{\"@type\":\"BreadcrumbList\",\"@id\":\"https:\\\/\\\/lospoliticosveracruz.com\\\/?p=159364#breadcrumb\",\"itemListElement\":[{\"@type\":\"ListItem\",\"position\":1,\"name\":\"Portada\",\"item\":\"https:\\\/\\\/lospoliticosveracruz.com\\\/\"},{\"@type\":\"ListItem\",\"position\":2,\"name\":\"EL DESCARRILAMIENTO ANUNCIADO\"}]},{\"@type\":\"WebSite\",\"@id\":\"https:\\\/\\\/lospoliticosveracruz.com\\\/#website\",\"url\":\"https:\\\/\\\/lospoliticosveracruz.com\\\/\",\"name\":\"Los pol\u00edticos Veracruz\",\"description\":\"\",\"publisher\":{\"@id\":\"https:\\\/\\\/lospoliticosveracruz.com\\\/#organization\"},\"potentialAction\":[{\"@type\":\"SearchAction\",\"target\":{\"@type\":\"EntryPoint\",\"urlTemplate\":\"https:\\\/\\\/lospoliticosveracruz.com\\\/?s={search_term_string}\"},\"query-input\":{\"@type\":\"PropertyValueSpecification\",\"valueRequired\":true,\"valueName\":\"search_term_string\"}}],\"inLanguage\":\"es\"},{\"@type\":\"Organization\",\"@id\":\"https:\\\/\\\/lospoliticosveracruz.com\\\/#organization\",\"name\":\"Los pol\u00edticos Veracruz\",\"url\":\"https:\\\/\\\/lospoliticosveracruz.com\\\/\",\"logo\":{\"@type\":\"ImageObject\",\"inLanguage\":\"es\",\"@id\":\"https:\\\/\\\/lospoliticosveracruz.com\\\/#\\\/schema\\\/logo\\\/image\\\/\",\"url\":\"https:\\\/\\\/lospoliticosveracruz.com\\\/wp-content\\\/uploads\\\/2025\\\/12\\\/Logo-Nuevo-LOS-POLITICOS-1.jpg\",\"contentUrl\":\"https:\\\/\\\/lospoliticosveracruz.com\\\/wp-content\\\/uploads\\\/2025\\\/12\\\/Logo-Nuevo-LOS-POLITICOS-1.jpg\",\"width\":260,\"height\":70,\"caption\":\"Los pol\u00edticos Veracruz\"},\"image\":{\"@id\":\"https:\\\/\\\/lospoliticosveracruz.com\\\/#\\\/schema\\\/logo\\\/image\\\/\"},\"sameAs\":[\"https:\\\/\\\/www.facebook.com\\\/people\\\/Notimemes-de-los-Polticos\\\/61565672886568\\\/\",\"https:\\\/\\\/x.com\\\/LosPoliticosVer\"]},{\"@type\":\"Person\",\"@id\":\"https:\\\/\\\/lospoliticosveracruz.com\\\/#\\\/schema\\\/person\\\/b8702bb0e538456e6efd07080bf2a4a2\",\"name\":\"Lo viste en Los Pol\u00edticos\",\"image\":{\"@type\":\"ImageObject\",\"inLanguage\":\"es\",\"@id\":\"https:\\\/\\\/secure.gravatar.com\\\/avatar\\\/3a8de04a2656d44082be478bd6c086daa447c4651605818287b9532d3d0bd435?s=96&d=mm&r=g\",\"url\":\"https:\\\/\\\/secure.gravatar.com\\\/avatar\\\/3a8de04a2656d44082be478bd6c086daa447c4651605818287b9532d3d0bd435?s=96&d=mm&r=g\",\"contentUrl\":\"https:\\\/\\\/secure.gravatar.com\\\/avatar\\\/3a8de04a2656d44082be478bd6c086daa447c4651605818287b9532d3d0bd435?s=96&d=mm&r=g\",\"caption\":\"Lo viste en Los Pol\u00edticos\"},\"url\":\"https:\\\/\\\/lospoliticosveracruz.com\\\/?author=2\"}]}<\/script>\n<!-- \/ Yoast SEO plugin. -->","yoast_head_json":{"title":"EL DESCARRILAMIENTO ANUNCIADO - Los pol\u00edticos Veracruz","robots":{"index":"index","follow":"follow","max-snippet":"max-snippet:-1","max-image-preview":"max-image-preview:large","max-video-preview":"max-video-preview:-1"},"canonical":"https:\/\/lospoliticosveracruz.com\/?p=159364","og_locale":"es_ES","og_type":"article","og_title":"EL DESCARRILAMIENTO ANUNCIADO - Los pol\u00edticos Veracruz","og_description":"Agust\u00edn Basilio de la VegaM\u00e9xico, a diferencia de varios pa\u00edses europeos y de los Estados Unidos, construy\u00f3 la mayor\u00eda de sus ferrocarriles entre mediados del siglo XIX y hasta la Revoluci\u00f3n Mexicana. Con el uso creciente del autom\u00f3vil, a partir de la etapa constructiva iniciada en los a\u00f1os veinte, las carreteras (para carretas, de all\u00ed [&hellip;]","og_url":"https:\/\/lospoliticosveracruz.com\/?p=159364","og_site_name":"Los pol\u00edticos Veracruz","article_publisher":"https:\/\/www.facebook.com\/people\/Notimemes-de-los-Polticos\/61565672886568\/","article_published_time":"2026-01-01T16:19:04+00:00","article_modified_time":"2026-01-01T16:19:05+00:00","og_image":[{"width":1250,"height":667,"url":"https:\/\/lospoliticosveracruz.com\/wp-content\/uploads\/2025\/04\/Agustn-Basilio-de-la-Vega.jpg","type":"image\/jpeg"}],"author":"Lo viste en Los Pol\u00edticos","twitter_card":"summary_large_image","twitter_creator":"@LosPoliticosVer","twitter_site":"@LosPoliticosVer","twitter_misc":{"Escrito por":"Lo viste en Los Pol\u00edticos","Tiempo de lectura":"4 minutos"},"schema":{"@context":"https:\/\/schema.org","@graph":[{"@type":"Article","@id":"https:\/\/lospoliticosveracruz.com\/?p=159364#article","isPartOf":{"@id":"https:\/\/lospoliticosveracruz.com\/?p=159364"},"author":{"name":"Lo viste en Los Pol\u00edticos","@id":"https:\/\/lospoliticosveracruz.com\/#\/schema\/person\/b8702bb0e538456e6efd07080bf2a4a2"},"headline":"EL DESCARRILAMIENTO ANUNCIADO","datePublished":"2026-01-01T16:19:04+00:00","dateModified":"2026-01-01T16:19:05+00:00","mainEntityOfPage":{"@id":"https:\/\/lospoliticosveracruz.com\/?p=159364"},"wordCount":679,"publisher":{"@id":"https:\/\/lospoliticosveracruz.com\/#organization"},"image":{"@id":"https:\/\/lospoliticosveracruz.com\/?p=159364#primaryimage"},"thumbnailUrl":"https:\/\/lospoliticosveracruz.com\/wp-content\/uploads\/2025\/04\/Agustn-Basilio-de-la-Vega-e1775850704178.jpg","keywords":["Andr\u00e9s Manuel L\u00f3pez Obrador","Ferrocarriles","Revoluci\u00f3n Mexicana","Tren Maya","Tren Trans\u00edstmico","Trenes de Carga"],"articleSection":["De Opini\u00f3n"],"inLanguage":"es"},{"@type":"WebPage","@id":"https:\/\/lospoliticosveracruz.com\/?p=159364","url":"https:\/\/lospoliticosveracruz.com\/?p=159364","name":"EL DESCARRILAMIENTO ANUNCIADO - Los pol\u00edticos Veracruz","isPartOf":{"@id":"https:\/\/lospoliticosveracruz.com\/#website"},"primaryImageOfPage":{"@id":"https:\/\/lospoliticosveracruz.com\/?p=159364#primaryimage"},"image":{"@id":"https:\/\/lospoliticosveracruz.com\/?p=159364#primaryimage"},"thumbnailUrl":"https:\/\/lospoliticosveracruz.com\/wp-content\/uploads\/2025\/04\/Agustn-Basilio-de-la-Vega-e1775850704178.jpg","datePublished":"2026-01-01T16:19:04+00:00","dateModified":"2026-01-01T16:19:05+00:00","breadcrumb":{"@id":"https:\/\/lospoliticosveracruz.com\/?p=159364#breadcrumb"},"inLanguage":"es","potentialAction":[{"@type":"ReadAction","target":["https:\/\/lospoliticosveracruz.com\/?p=159364"]}]},{"@type":"ImageObject","inLanguage":"es","@id":"https:\/\/lospoliticosveracruz.com\/?p=159364#primaryimage","url":"https:\/\/lospoliticosveracruz.com\/wp-content\/uploads\/2025\/04\/Agustn-Basilio-de-la-Vega-e1775850704178.jpg","contentUrl":"https:\/\/lospoliticosveracruz.com\/wp-content\/uploads\/2025\/04\/Agustn-Basilio-de-la-Vega-e1775850704178.jpg","width":600,"height":320},{"@type":"BreadcrumbList","@id":"https:\/\/lospoliticosveracruz.com\/?p=159364#breadcrumb","itemListElement":[{"@type":"ListItem","position":1,"name":"Portada","item":"https:\/\/lospoliticosveracruz.com\/"},{"@type":"ListItem","position":2,"name":"EL DESCARRILAMIENTO ANUNCIADO"}]},{"@type":"WebSite","@id":"https:\/\/lospoliticosveracruz.com\/#website","url":"https:\/\/lospoliticosveracruz.com\/","name":"Los pol\u00edticos Veracruz","description":"","publisher":{"@id":"https:\/\/lospoliticosveracruz.com\/#organization"},"potentialAction":[{"@type":"SearchAction","target":{"@type":"EntryPoint","urlTemplate":"https:\/\/lospoliticosveracruz.com\/?s={search_term_string}"},"query-input":{"@type":"PropertyValueSpecification","valueRequired":true,"valueName":"search_term_string"}}],"inLanguage":"es"},{"@type":"Organization","@id":"https:\/\/lospoliticosveracruz.com\/#organization","name":"Los pol\u00edticos Veracruz","url":"https:\/\/lospoliticosveracruz.com\/","logo":{"@type":"ImageObject","inLanguage":"es","@id":"https:\/\/lospoliticosveracruz.com\/#\/schema\/logo\/image\/","url":"https:\/\/lospoliticosveracruz.com\/wp-content\/uploads\/2025\/12\/Logo-Nuevo-LOS-POLITICOS-1.jpg","contentUrl":"https:\/\/lospoliticosveracruz.com\/wp-content\/uploads\/2025\/12\/Logo-Nuevo-LOS-POLITICOS-1.jpg","width":260,"height":70,"caption":"Los pol\u00edticos Veracruz"},"image":{"@id":"https:\/\/lospoliticosveracruz.com\/#\/schema\/logo\/image\/"},"sameAs":["https:\/\/www.facebook.com\/people\/Notimemes-de-los-Polticos\/61565672886568\/","https:\/\/x.com\/LosPoliticosVer"]},{"@type":"Person","@id":"https:\/\/lospoliticosveracruz.com\/#\/schema\/person\/b8702bb0e538456e6efd07080bf2a4a2","name":"Lo viste en Los Pol\u00edticos","image":{"@type":"ImageObject","inLanguage":"es","@id":"https:\/\/secure.gravatar.com\/avatar\/3a8de04a2656d44082be478bd6c086daa447c4651605818287b9532d3d0bd435?s=96&d=mm&r=g","url":"https:\/\/secure.gravatar.com\/avatar\/3a8de04a2656d44082be478bd6c086daa447c4651605818287b9532d3d0bd435?s=96&d=mm&r=g","contentUrl":"https:\/\/secure.gravatar.com\/avatar\/3a8de04a2656d44082be478bd6c086daa447c4651605818287b9532d3d0bd435?s=96&d=mm&r=g","caption":"Lo viste en Los Pol\u00edticos"},"url":"https:\/\/lospoliticosveracruz.com\/?author=2"}]}},"_links":{"self":[{"href":"https:\/\/lospoliticosveracruz.com\/index.php?rest_route=\/wp\/v2\/posts\/159364","targetHints":{"allow":["GET"]}}],"collection":[{"href":"https:\/\/lospoliticosveracruz.com\/index.php?rest_route=\/wp\/v2\/posts"}],"about":[{"href":"https:\/\/lospoliticosveracruz.com\/index.php?rest_route=\/wp\/v2\/types\/post"}],"author":[{"embeddable":true,"href":"https:\/\/lospoliticosveracruz.com\/index.php?rest_route=\/wp\/v2\/users\/2"}],"replies":[{"embeddable":true,"href":"https:\/\/lospoliticosveracruz.com\/index.php?rest_route=%2Fwp%2Fv2%2Fcomments&post=159364"}],"version-history":[{"count":1,"href":"https:\/\/lospoliticosveracruz.com\/index.php?rest_route=\/wp\/v2\/posts\/159364\/revisions"}],"predecessor-version":[{"id":159365,"href":"https:\/\/lospoliticosveracruz.com\/index.php?rest_route=\/wp\/v2\/posts\/159364\/revisions\/159365"}],"wp:featuredmedia":[{"embeddable":true,"href":"https:\/\/lospoliticosveracruz.com\/index.php?rest_route=\/wp\/v2\/media\/141477"}],"wp:attachment":[{"href":"https:\/\/lospoliticosveracruz.com\/index.php?rest_route=%2Fwp%2Fv2%2Fmedia&parent=159364"}],"wp:term":[{"taxonomy":"category","embeddable":true,"href":"https:\/\/lospoliticosveracruz.com\/index.php?rest_route=%2Fwp%2Fv2%2Fcategories&post=159364"},{"taxonomy":"post_tag","embeddable":true,"href":"https:\/\/lospoliticosveracruz.com\/index.php?rest_route=%2Fwp%2Fv2%2Ftags&post=159364"}],"curies":[{"name":"wp","href":"https:\/\/api.w.org\/{rel}","templated":true}]}}