{"id":159397,"date":"2026-01-02T06:33:25","date_gmt":"2026-01-02T12:33:25","guid":{"rendered":"https:\/\/lospoliticosveracruz.com\/?p=159397"},"modified":"2026-01-02T06:33:27","modified_gmt":"2026-01-02T12:33:27","slug":"van-por-grupo-mas","status":"publish","type":"post","link":"https:\/\/lospoliticosveracruz.com\/?p=159397","title":{"rendered":"VAN POR GRUPO M\u00c1S"},"content":{"rendered":"\n<p><strong>Fanny Y\u00e9pez<\/strong><br><em>La Columna<\/em><\/p>\n\n\n\n<p>En su primer d\u00eda de trabajo, la alcaldesa de Veracruz, Rosa Mar\u00eda Hern\u00e1ndez Espejo, hizo un anuncio espectacular que el pueblo veracruzano esperaba desde hace muchos a\u00f1os: Se va a practicar una auditor\u00eda al Grupo MAS y una revisi\u00f3n a la asociaci\u00f3n p\u00fablico-privada del servicio de alumbrado, que est\u00e1 en el mismo estatus desde el a\u00f1o 2017.<\/p>\n\n\n\n<p>No se trat\u00f3 de una declaraci\u00f3n m\u00e1s, fue un acuerdo de cabildo y se va a proceder en consecuencia, porque tambi\u00e9n advirti\u00f3 que, no se trata de una cuesti\u00f3n ideol\u00f3gica, sino un mandato ciudadano, asegurando que no tiene compromisos ni arreglos previos, no acepta presiones de ning\u00fan tipo y cada decisi\u00f3n se tomar\u00e1 de forma p\u00fablica, legal y transparente.<\/p>\n\n\n\n<p>El Grupo Metropolitano de Agua y Saneamiento, desde su llegada se convirti\u00f3 en un dolor de cabeza de los habitantes del municipio, porque en vez de mejorar el servicio y la calidad de agua, las cosas empeoraron, al grado de que el agua sal\u00eda sucia, contaminada y cuando se registraban fuertes inundaciones las alcantarillas se revienta, arrojando aguas negras por las calles.<\/p>\n\n\n\n<p>Era evidente el contubernio de las autoridades anteriores con esa empresa, que en uno de los p\u00e1rrafos de su presentaci\u00f3n sostiene que, \u201cNuestro compromiso es con los veracruzanos, con los miles de familias que conf\u00edan en nosotros, realizando las inversiones y obras necesarias para garantizar un servicio de calidad, en cumplimiento de las normas regulatorias mexicanas y con los altos est\u00e1ndares que la comunidad merece, sentando as\u00ed las bases del desarrollo sustentable de nuestra sociedad\u201d.<\/p>\n\n\n\n<p>Sin embargo, no se pudieron ver de ninguna forma las inversiones a las que se refiere en esos p\u00e1rrafos, porque la infraestructura que utilizaron siempre fue la ya instalada propiedad del Ayuntamiento de Veracruz.<\/p>\n\n\n\n<p>Tan solo en el centro de la ciudad, cuando los trabajadores del municipio trataron de corregir algunos desperfectos, se encontraron tuber\u00edas de asbesto con m\u00e1s de cien a\u00f1os de instaladas, que por el paso de los a\u00f1os y el peso de los veh\u00edculos que por ah\u00ed transitan, estaban muy fracturadas, provocando fugas de agua y una terrible contaminaci\u00f3n a los mantos fre\u00e1ticos y al agua entubada.<\/p>\n\n\n\n<p>En su intervenci\u00f3n, Rosa Mar\u00eda Hern\u00e1ndez Espejo dijo que, \u00abDurante a\u00f1os y hasta hoy la ciudadan\u00eda ha expresado molestias, cansancio y frustraci\u00f3n por las deficiencias en ambos servicios; lo sabemos todos, elevadas tarifas de agua, cortes arbitrarios, contaminaci\u00f3n y mala calidad del suministro, ausencia de certificaciones sanitarias, falta de claridad sobre las inversiones comprometidas y un alumbrado p\u00fablico insuficiente con zonas enteras en penumbras\u00bb.<\/p>\n\n\n\n<p>Ceremonia de la toma de posesi\u00f3n<\/p>\n\n\n\n<p>El 31 de diciembre en punto de las 11 de la ma\u00f1ana llegaron juntas al teatro Reforma de la ciudad de Veracruz, la gobernadora Roc\u00edo Nahle Garc\u00eda y Rosa Mar\u00eda Hern\u00e1ndez Espejo. De inmediato todos los asistentes que hab\u00edan abarrotado esas instalaciones, se pusieron de pie para dar la bienvenida a las dos mujeres mandatarias.<\/p>\n\n\n\n<p>Fue un d\u00eda de fiesta pol\u00edtica, porque la respuesta del p\u00fablico as\u00ed lo demostr\u00f3 \u201cGobernadora, gobernadora, gobernadora\u201d fueron los primeros gritos que se escucharon, ante la complacencia de la alcaldesa que rendir\u00eda protesta de inmediato.<\/p>\n\n\n\n<p>Los aplausos, las porras y las vivas de los distintos sectores, retumbaron al interior del imponente edificio del teatro Reforma, sede de este importante evento que por las condiciones climatol\u00f3gicas se convirti\u00f3 en sede, porque primero se hab\u00eda considerado que la ceremonia se llevara a cabo en la Plaza del Hero\u00edsmo, pero en nada se alter\u00f3 el orden y todo se cumpli\u00f3 en tiempo y forma.<\/p>\n\n\n\n<p>Llegaron los ex alcaldes, los profesores, los trabajadores de la zona portuaria, los comerciantes, los empresarios y muchos j\u00f3venes que participaron en la organizaci\u00f3n. Designaron un \u00e1rea especial para los representantes de la prensa, donde tuve la oportunidad de saludar a las amigas y amigos despu\u00e9s de muchos a\u00f1os de no vernos.<\/p>\n\n\n\n<p>Despu\u00e9s de la ceremonia la alcaldesa se traslad\u00f3 a la zona de mercados, donde se registr\u00f3 el 31 de diciembre de 2002 un terrible incendio, que cobr\u00f3 muchas vidas, donde expres\u00f3: \u201cHoy el recuerdo duele. El incendio del Mercado Hidalgo marc\u00f3 vidas, familias y a toda nuestra #CiudadDeVeracruz. Abrazo con el coraz\u00f3n a quienes perdieron a alguien aquel d\u00eda. Que la memoria nos una, que el recuerdo sea un acto de amor y de respeto\u201d.<\/p>\n\n\n\n<p>El a\u00f1o 2026 es un a\u00f1o de muy positivos pron\u00f3sticos y coincide con el cambio de las autoridades municipales, por lo que es alentador ver que, algunos alcaldes ya comenzaron a desarrollar sus respectivas agendas de trabajo.<\/p>\n\n\n\n<p>Ejes de Desarrollo Municipal en Xalapa<\/p>\n\n\n\n<p>En tanto, en la capital del estado, para su administraci\u00f3n como alcaldesa de Xalapa (periodo 2026-2029), Daniela Griego Ceballos ha establecido un plan de gobierno estructurado en ocho ejes estrat\u00e9gicos fundamentales:<\/p>\n\n\n\n<p>Participaci\u00f3n ciudadana: Fomento de un gobierno abierto y cercano a la gente.<\/p>\n\n\n\n<p>Movilidad integral: Implementaci\u00f3n de transporte p\u00fablico accesible y gesti\u00f3n eficiente del tr\u00e1fico.<\/p>\n\n\n\n<p>Cuidado del medio ambiente: Gesti\u00f3n sostenible de recursos y residuos.<\/p>\n\n\n\n<p>Impulso a la cultura: Promoci\u00f3n de las artes y fortalecimiento de la identidad local.<\/p>\n\n\n\n<p>Desarrollo urbano sostenible: Crecimiento ordenado de la infraestructura municipal.<\/p>\n\n\n\n<p>Fortalecimiento de la econom\u00eda local: Apoyo a comerciantes y sectores productivos de Xalapa.<\/p>\n\n\n\n<p>Reactivaci\u00f3n tur\u00edstica: Potenciar la capital como destino cultural y recreativo.<\/p>\n\n\n\n<p>Seguridad con perspectiva de g\u00e9nero: Pol\u00edticas de prevenci\u00f3n y protecci\u00f3n con enfoque inclusivo.<\/p>\n\n\n\n<p>La administraci\u00f3n municipal son algo as\u00ed como una carrera con obst\u00e1culos, todos los ediles iniciaron al mismo tiempo y conforme vaya transcurriendo el tiempo, observaremos quienes sortearon las dificultades y lograron mejorar las condiciones de vida de la poblaci\u00f3n.<\/p>\n\n\n\n<p>Las y los alcaldes de Veracruz que iniciaron su gesti\u00f3n el 1 de enero de 2026, para el periodo 2026-2029, enfrentan retos cr\u00edticos en seguridad, finanzas p\u00fablicas y servicios b\u00e1sicos. Tras rendir protesta en los 212 ayuntamientos del estado el 31 de diciembre de 2025, las nuevas administraciones deben priorizar las siguientes \u00e1reas:<\/p>\n\n\n\n<ol class=\"wp-block-list\">\n<li>Seguridad e Inseguridad Cr\u00edtica<\/li>\n<\/ol>\n\n\n\n<p>Violencia y Crimen Organizado: El proceso de transici\u00f3n estuvo marcado por un entorno de alta peligrosidad, con amenazas que provocaron la renuncia de m\u00e1s de 400 candidatos durante 2025.<\/p>\n\n\n\n<p>Focos Rojos: Al menos 58 municipios fueron catalogados como zonas de alta prioridad por inseguridad, donde los ediles deben coordinarse con fuerzas estatales y federales para abatir delitos como el cobro de piso, secuestros y homicidios.<\/p>\n\n\n\n<p>Protecci\u00f3n Institucional: Algunos alcaldes electos solicitaron medidas de seguridad personal incluso antes de asumir el cargo.<\/p>\n\n\n\n<ol start=\"2\" class=\"wp-block-list\">\n<li>Finanzas P\u00fablicas y Fiscalizaci\u00f3n<\/li>\n<\/ol>\n\n\n\n<p>Recortes Presupuestales: El presupuesto estatal de 2026 contempla una reducci\u00f3n de recursos directos para los ayuntamientos, lo que obliga a las administraciones a operar bajo esquemas de estricta austeridad.<\/p>\n\n\n\n<p>Rendici\u00f3n de Cuentas: Los nuevos gobiernos heredan un da\u00f1o patrimonial acumulado superior a los 1,476 millones de pesos en 171 municipios (Cuenta P\u00fablica 2024), lo que exige una fiscalizaci\u00f3n rigurosa desde el inicio de su gesti\u00f3n para evitar sanciones del ORFIS.<\/p>\n\n\n\n<p>Presupuestos Inflados: El Congreso local detect\u00f3 que entre 30 y 40 municipios presentaron proyectos de presupuesto \u00abinflados\u00bb para 2026, lo que pone a estas administraciones bajo vigilancia especial.<\/p>\n\n\n\n<ol start=\"3\" class=\"wp-block-list\">\n<li>Servicios P\u00fablicos e Infraestructura<\/li>\n<\/ol>\n\n\n\n<p>Gesti\u00f3n del Agua y Saneamiento: Es una de las demandas ciudadanas m\u00e1s urgentes, especialmente en zonas metropolitanas como Veracruz y Boca del R\u00edo, donde la regularizaci\u00f3n del servicio y el mantenimiento del drenaje son prioridades cr\u00edticas.<\/p>\n\n\n\n<p>Gesti\u00f3n de Residuos: Municipios como Veracruz puerto han iniciado planes para ampliar rutas de recolecci\u00f3n de basura con el fin de garantizar un servicio diario eficiente.<\/p>\n\n\n\n<p>Rezago Urbano: Los alcaldes enfrentan el reto de regularizar colonias y predios que actualmente carecen de servicios b\u00e1sicos, buscando el respaldo de los gobiernos estatal y federal.<\/p>\n\n\n\n<p>Tiempo de mujeres y lo estamos viendo, confiando en sus capacidades sin menospreciar el intenso trabajo que van a realizar los hombres, porque todos queremos lo mejor para el estado de Veracruz y as\u00ed es como iniciamos el a\u00f1o.<\/p>\n","protected":false},"excerpt":{"rendered":"<p>Fanny Y\u00e9pezLa Columna En su primer d\u00eda de trabajo, la alcaldesa de Veracruz, Rosa Mar\u00eda Hern\u00e1ndez Espejo, hizo un anuncio espectacular que el pueblo veracruzano esperaba desde hace muchos a\u00f1os: Se va a practicar una auditor\u00eda al Grupo MAS y una revisi\u00f3n a la asociaci\u00f3n p\u00fablico-privada del servicio de alumbrado, que est\u00e1 en el mismo [&hellip;]<\/p>\n","protected":false},"author":2,"featured_media":141383,"comment_status":"closed","ping_status":"closed","sticky":false,"template":"","format":"standard","meta":{"tdm_status":"","tdm_grid_status":"","footnotes":""},"categories":[70],"tags":[5622,31782,1026,11900,195,96],"class_list":{"0":"post-159397","1":"post","2":"type-post","3":"status-publish","4":"format-standard","5":"has-post-thumbnail","7":"category-de-opinion","8":"tag-daniela-griego","9":"tag-grupo-mas-3","10":"tag-morena","11":"tag-rosa-maria-hernandez-espejo","12":"tag-veracruz","13":"tag-xalapa"},"yoast_head":"<!-- This site is optimized with the Yoast SEO plugin v27.4 - https:\/\/yoast.com\/product\/yoast-seo-wordpress\/ -->\n<title>VAN POR GRUPO M\u00c1S - Los pol\u00edticos Veracruz<\/title>\n<meta name=\"robots\" content=\"index, follow, max-snippet:-1, max-image-preview:large, max-video-preview:-1\" \/>\n<link rel=\"canonical\" href=\"https:\/\/lospoliticosveracruz.com\/?p=159397\" \/>\n<meta property=\"og:locale\" content=\"es_ES\" \/>\n<meta property=\"og:type\" content=\"article\" \/>\n<meta property=\"og:title\" content=\"VAN POR GRUPO M\u00c1S - Los pol\u00edticos Veracruz\" \/>\n<meta property=\"og:description\" content=\"Fanny Y\u00e9pezLa Columna En su primer d\u00eda de trabajo, la alcaldesa de Veracruz, Rosa Mar\u00eda Hern\u00e1ndez Espejo, hizo un anuncio espectacular que el pueblo veracruzano esperaba desde hace muchos a\u00f1os: Se va a practicar una auditor\u00eda al Grupo MAS y una revisi\u00f3n a la asociaci\u00f3n p\u00fablico-privada del servicio de alumbrado, que est\u00e1 en el mismo [&hellip;]\" \/>\n<meta property=\"og:url\" content=\"https:\/\/lospoliticosveracruz.com\/?p=159397\" \/>\n<meta property=\"og:site_name\" content=\"Los pol\u00edticos Veracruz\" \/>\n<meta property=\"article:publisher\" content=\"https:\/\/www.facebook.com\/people\/Notimemes-de-los-Polticos\/61565672886568\/\" \/>\n<meta property=\"article:published_time\" content=\"2026-01-02T12:33:25+00:00\" \/>\n<meta property=\"article:modified_time\" content=\"2026-01-02T12:33:27+00:00\" \/>\n<meta property=\"og:image\" content=\"https:\/\/lospoliticosveracruz.com\/wp-content\/uploads\/2025\/04\/Fanny-Yepez-Luna.jpg\" \/>\n\t<meta property=\"og:image:width\" content=\"1250\" \/>\n\t<meta property=\"og:image:height\" content=\"667\" \/>\n\t<meta property=\"og:image:type\" content=\"image\/jpeg\" \/>\n<meta name=\"author\" content=\"Lo viste en Los Pol\u00edticos\" \/>\n<meta name=\"twitter:card\" content=\"summary_large_image\" \/>\n<meta name=\"twitter:creator\" content=\"@LosPoliticosVer\" \/>\n<meta name=\"twitter:site\" content=\"@LosPoliticosVer\" \/>\n<meta name=\"twitter:label1\" content=\"Escrito por\" \/>\n\t<meta name=\"twitter:data1\" content=\"Lo viste en Los Pol\u00edticos\" \/>\n\t<meta name=\"twitter:label2\" content=\"Tiempo de lectura\" \/>\n\t<meta name=\"twitter:data2\" content=\"7 minutos\" \/>\n<script type=\"application\/ld+json\" class=\"yoast-schema-graph\">{\"@context\":\"https:\\\/\\\/schema.org\",\"@graph\":[{\"@type\":\"Article\",\"@id\":\"https:\\\/\\\/lospoliticosveracruz.com\\\/?p=159397#article\",\"isPartOf\":{\"@id\":\"https:\\\/\\\/lospoliticosveracruz.com\\\/?p=159397\"},\"author\":{\"name\":\"Lo viste en Los Pol\u00edticos\",\"@id\":\"https:\\\/\\\/lospoliticosveracruz.com\\\/#\\\/schema\\\/person\\\/b8702bb0e538456e6efd07080bf2a4a2\"},\"headline\":\"VAN POR GRUPO M\u00c1S\",\"datePublished\":\"2026-01-02T12:33:25+00:00\",\"dateModified\":\"2026-01-02T12:33:27+00:00\",\"mainEntityOfPage\":{\"@id\":\"https:\\\/\\\/lospoliticosveracruz.com\\\/?p=159397\"},\"wordCount\":1380,\"publisher\":{\"@id\":\"https:\\\/\\\/lospoliticosveracruz.com\\\/#organization\"},\"image\":{\"@id\":\"https:\\\/\\\/lospoliticosveracruz.com\\\/?p=159397#primaryimage\"},\"thumbnailUrl\":\"https:\\\/\\\/lospoliticosveracruz.com\\\/wp-content\\\/uploads\\\/2025\\\/04\\\/Fanny-Yepez-Luna-e1768657334923.jpg\",\"keywords\":[\"Daniela Griego\",\"Grupo M\u00c1S\",\"Morena\",\"Rosa Mar\u00eda Hern\u00e1ndez Espejo\",\"Veracruz\",\"Xalapa\"],\"articleSection\":[\"De Opini\u00f3n\"],\"inLanguage\":\"es\"},{\"@type\":\"WebPage\",\"@id\":\"https:\\\/\\\/lospoliticosveracruz.com\\\/?p=159397\",\"url\":\"https:\\\/\\\/lospoliticosveracruz.com\\\/?p=159397\",\"name\":\"VAN POR GRUPO M\u00c1S - Los pol\u00edticos Veracruz\",\"isPartOf\":{\"@id\":\"https:\\\/\\\/lospoliticosveracruz.com\\\/#website\"},\"primaryImageOfPage\":{\"@id\":\"https:\\\/\\\/lospoliticosveracruz.com\\\/?p=159397#primaryimage\"},\"image\":{\"@id\":\"https:\\\/\\\/lospoliticosveracruz.com\\\/?p=159397#primaryimage\"},\"thumbnailUrl\":\"https:\\\/\\\/lospoliticosveracruz.com\\\/wp-content\\\/uploads\\\/2025\\\/04\\\/Fanny-Yepez-Luna-e1768657334923.jpg\",\"datePublished\":\"2026-01-02T12:33:25+00:00\",\"dateModified\":\"2026-01-02T12:33:27+00:00\",\"breadcrumb\":{\"@id\":\"https:\\\/\\\/lospoliticosveracruz.com\\\/?p=159397#breadcrumb\"},\"inLanguage\":\"es\",\"potentialAction\":[{\"@type\":\"ReadAction\",\"target\":[\"https:\\\/\\\/lospoliticosveracruz.com\\\/?p=159397\"]}]},{\"@type\":\"ImageObject\",\"inLanguage\":\"es\",\"@id\":\"https:\\\/\\\/lospoliticosveracruz.com\\\/?p=159397#primaryimage\",\"url\":\"https:\\\/\\\/lospoliticosveracruz.com\\\/wp-content\\\/uploads\\\/2025\\\/04\\\/Fanny-Yepez-Luna-e1768657334923.jpg\",\"contentUrl\":\"https:\\\/\\\/lospoliticosveracruz.com\\\/wp-content\\\/uploads\\\/2025\\\/04\\\/Fanny-Yepez-Luna-e1768657334923.jpg\",\"width\":600,\"height\":320},{\"@type\":\"BreadcrumbList\",\"@id\":\"https:\\\/\\\/lospoliticosveracruz.com\\\/?p=159397#breadcrumb\",\"itemListElement\":[{\"@type\":\"ListItem\",\"position\":1,\"name\":\"Portada\",\"item\":\"https:\\\/\\\/lospoliticosveracruz.com\\\/\"},{\"@type\":\"ListItem\",\"position\":2,\"name\":\"VAN POR GRUPO M\u00c1S\"}]},{\"@type\":\"WebSite\",\"@id\":\"https:\\\/\\\/lospoliticosveracruz.com\\\/#website\",\"url\":\"https:\\\/\\\/lospoliticosveracruz.com\\\/\",\"name\":\"Los pol\u00edticos Veracruz\",\"description\":\"\",\"publisher\":{\"@id\":\"https:\\\/\\\/lospoliticosveracruz.com\\\/#organization\"},\"potentialAction\":[{\"@type\":\"SearchAction\",\"target\":{\"@type\":\"EntryPoint\",\"urlTemplate\":\"https:\\\/\\\/lospoliticosveracruz.com\\\/?s={search_term_string}\"},\"query-input\":{\"@type\":\"PropertyValueSpecification\",\"valueRequired\":true,\"valueName\":\"search_term_string\"}}],\"inLanguage\":\"es\"},{\"@type\":\"Organization\",\"@id\":\"https:\\\/\\\/lospoliticosveracruz.com\\\/#organization\",\"name\":\"Los pol\u00edticos Veracruz\",\"url\":\"https:\\\/\\\/lospoliticosveracruz.com\\\/\",\"logo\":{\"@type\":\"ImageObject\",\"inLanguage\":\"es\",\"@id\":\"https:\\\/\\\/lospoliticosveracruz.com\\\/#\\\/schema\\\/logo\\\/image\\\/\",\"url\":\"https:\\\/\\\/lospoliticosveracruz.com\\\/wp-content\\\/uploads\\\/2025\\\/12\\\/Logo-Nuevo-LOS-POLITICOS-1.jpg\",\"contentUrl\":\"https:\\\/\\\/lospoliticosveracruz.com\\\/wp-content\\\/uploads\\\/2025\\\/12\\\/Logo-Nuevo-LOS-POLITICOS-1.jpg\",\"width\":260,\"height\":70,\"caption\":\"Los pol\u00edticos Veracruz\"},\"image\":{\"@id\":\"https:\\\/\\\/lospoliticosveracruz.com\\\/#\\\/schema\\\/logo\\\/image\\\/\"},\"sameAs\":[\"https:\\\/\\\/www.facebook.com\\\/people\\\/Notimemes-de-los-Polticos\\\/61565672886568\\\/\",\"https:\\\/\\\/x.com\\\/LosPoliticosVer\"]},{\"@type\":\"Person\",\"@id\":\"https:\\\/\\\/lospoliticosveracruz.com\\\/#\\\/schema\\\/person\\\/b8702bb0e538456e6efd07080bf2a4a2\",\"name\":\"Lo viste en Los Pol\u00edticos\",\"image\":{\"@type\":\"ImageObject\",\"inLanguage\":\"es\",\"@id\":\"https:\\\/\\\/secure.gravatar.com\\\/avatar\\\/3a8de04a2656d44082be478bd6c086daa447c4651605818287b9532d3d0bd435?s=96&d=mm&r=g\",\"url\":\"https:\\\/\\\/secure.gravatar.com\\\/avatar\\\/3a8de04a2656d44082be478bd6c086daa447c4651605818287b9532d3d0bd435?s=96&d=mm&r=g\",\"contentUrl\":\"https:\\\/\\\/secure.gravatar.com\\\/avatar\\\/3a8de04a2656d44082be478bd6c086daa447c4651605818287b9532d3d0bd435?s=96&d=mm&r=g\",\"caption\":\"Lo viste en Los Pol\u00edticos\"},\"url\":\"https:\\\/\\\/lospoliticosveracruz.com\\\/?author=2\"}]}<\/script>\n<!-- \/ Yoast SEO plugin. -->","yoast_head_json":{"title":"VAN POR GRUPO M\u00c1S - Los pol\u00edticos Veracruz","robots":{"index":"index","follow":"follow","max-snippet":"max-snippet:-1","max-image-preview":"max-image-preview:large","max-video-preview":"max-video-preview:-1"},"canonical":"https:\/\/lospoliticosveracruz.com\/?p=159397","og_locale":"es_ES","og_type":"article","og_title":"VAN POR GRUPO M\u00c1S - Los pol\u00edticos Veracruz","og_description":"Fanny Y\u00e9pezLa Columna En su primer d\u00eda de trabajo, la alcaldesa de Veracruz, Rosa Mar\u00eda Hern\u00e1ndez Espejo, hizo un anuncio espectacular que el pueblo veracruzano esperaba desde hace muchos a\u00f1os: Se va a practicar una auditor\u00eda al Grupo MAS y una revisi\u00f3n a la asociaci\u00f3n p\u00fablico-privada del servicio de alumbrado, que est\u00e1 en el mismo [&hellip;]","og_url":"https:\/\/lospoliticosveracruz.com\/?p=159397","og_site_name":"Los pol\u00edticos Veracruz","article_publisher":"https:\/\/www.facebook.com\/people\/Notimemes-de-los-Polticos\/61565672886568\/","article_published_time":"2026-01-02T12:33:25+00:00","article_modified_time":"2026-01-02T12:33:27+00:00","og_image":[{"width":1250,"height":667,"url":"https:\/\/lospoliticosveracruz.com\/wp-content\/uploads\/2025\/04\/Fanny-Yepez-Luna.jpg","type":"image\/jpeg"}],"author":"Lo viste en Los Pol\u00edticos","twitter_card":"summary_large_image","twitter_creator":"@LosPoliticosVer","twitter_site":"@LosPoliticosVer","twitter_misc":{"Escrito por":"Lo viste en Los Pol\u00edticos","Tiempo de lectura":"7 minutos"},"schema":{"@context":"https:\/\/schema.org","@graph":[{"@type":"Article","@id":"https:\/\/lospoliticosveracruz.com\/?p=159397#article","isPartOf":{"@id":"https:\/\/lospoliticosveracruz.com\/?p=159397"},"author":{"name":"Lo viste en Los Pol\u00edticos","@id":"https:\/\/lospoliticosveracruz.com\/#\/schema\/person\/b8702bb0e538456e6efd07080bf2a4a2"},"headline":"VAN POR GRUPO M\u00c1S","datePublished":"2026-01-02T12:33:25+00:00","dateModified":"2026-01-02T12:33:27+00:00","mainEntityOfPage":{"@id":"https:\/\/lospoliticosveracruz.com\/?p=159397"},"wordCount":1380,"publisher":{"@id":"https:\/\/lospoliticosveracruz.com\/#organization"},"image":{"@id":"https:\/\/lospoliticosveracruz.com\/?p=159397#primaryimage"},"thumbnailUrl":"https:\/\/lospoliticosveracruz.com\/wp-content\/uploads\/2025\/04\/Fanny-Yepez-Luna-e1768657334923.jpg","keywords":["Daniela Griego","Grupo M\u00c1S","Morena","Rosa Mar\u00eda Hern\u00e1ndez Espejo","Veracruz","Xalapa"],"articleSection":["De Opini\u00f3n"],"inLanguage":"es"},{"@type":"WebPage","@id":"https:\/\/lospoliticosveracruz.com\/?p=159397","url":"https:\/\/lospoliticosveracruz.com\/?p=159397","name":"VAN POR GRUPO M\u00c1S - Los pol\u00edticos Veracruz","isPartOf":{"@id":"https:\/\/lospoliticosveracruz.com\/#website"},"primaryImageOfPage":{"@id":"https:\/\/lospoliticosveracruz.com\/?p=159397#primaryimage"},"image":{"@id":"https:\/\/lospoliticosveracruz.com\/?p=159397#primaryimage"},"thumbnailUrl":"https:\/\/lospoliticosveracruz.com\/wp-content\/uploads\/2025\/04\/Fanny-Yepez-Luna-e1768657334923.jpg","datePublished":"2026-01-02T12:33:25+00:00","dateModified":"2026-01-02T12:33:27+00:00","breadcrumb":{"@id":"https:\/\/lospoliticosveracruz.com\/?p=159397#breadcrumb"},"inLanguage":"es","potentialAction":[{"@type":"ReadAction","target":["https:\/\/lospoliticosveracruz.com\/?p=159397"]}]},{"@type":"ImageObject","inLanguage":"es","@id":"https:\/\/lospoliticosveracruz.com\/?p=159397#primaryimage","url":"https:\/\/lospoliticosveracruz.com\/wp-content\/uploads\/2025\/04\/Fanny-Yepez-Luna-e1768657334923.jpg","contentUrl":"https:\/\/lospoliticosveracruz.com\/wp-content\/uploads\/2025\/04\/Fanny-Yepez-Luna-e1768657334923.jpg","width":600,"height":320},{"@type":"BreadcrumbList","@id":"https:\/\/lospoliticosveracruz.com\/?p=159397#breadcrumb","itemListElement":[{"@type":"ListItem","position":1,"name":"Portada","item":"https:\/\/lospoliticosveracruz.com\/"},{"@type":"ListItem","position":2,"name":"VAN POR GRUPO M\u00c1S"}]},{"@type":"WebSite","@id":"https:\/\/lospoliticosveracruz.com\/#website","url":"https:\/\/lospoliticosveracruz.com\/","name":"Los pol\u00edticos Veracruz","description":"","publisher":{"@id":"https:\/\/lospoliticosveracruz.com\/#organization"},"potentialAction":[{"@type":"SearchAction","target":{"@type":"EntryPoint","urlTemplate":"https:\/\/lospoliticosveracruz.com\/?s={search_term_string}"},"query-input":{"@type":"PropertyValueSpecification","valueRequired":true,"valueName":"search_term_string"}}],"inLanguage":"es"},{"@type":"Organization","@id":"https:\/\/lospoliticosveracruz.com\/#organization","name":"Los pol\u00edticos Veracruz","url":"https:\/\/lospoliticosveracruz.com\/","logo":{"@type":"ImageObject","inLanguage":"es","@id":"https:\/\/lospoliticosveracruz.com\/#\/schema\/logo\/image\/","url":"https:\/\/lospoliticosveracruz.com\/wp-content\/uploads\/2025\/12\/Logo-Nuevo-LOS-POLITICOS-1.jpg","contentUrl":"https:\/\/lospoliticosveracruz.com\/wp-content\/uploads\/2025\/12\/Logo-Nuevo-LOS-POLITICOS-1.jpg","width":260,"height":70,"caption":"Los pol\u00edticos Veracruz"},"image":{"@id":"https:\/\/lospoliticosveracruz.com\/#\/schema\/logo\/image\/"},"sameAs":["https:\/\/www.facebook.com\/people\/Notimemes-de-los-Polticos\/61565672886568\/","https:\/\/x.com\/LosPoliticosVer"]},{"@type":"Person","@id":"https:\/\/lospoliticosveracruz.com\/#\/schema\/person\/b8702bb0e538456e6efd07080bf2a4a2","name":"Lo viste en Los Pol\u00edticos","image":{"@type":"ImageObject","inLanguage":"es","@id":"https:\/\/secure.gravatar.com\/avatar\/3a8de04a2656d44082be478bd6c086daa447c4651605818287b9532d3d0bd435?s=96&d=mm&r=g","url":"https:\/\/secure.gravatar.com\/avatar\/3a8de04a2656d44082be478bd6c086daa447c4651605818287b9532d3d0bd435?s=96&d=mm&r=g","contentUrl":"https:\/\/secure.gravatar.com\/avatar\/3a8de04a2656d44082be478bd6c086daa447c4651605818287b9532d3d0bd435?s=96&d=mm&r=g","caption":"Lo viste en Los Pol\u00edticos"},"url":"https:\/\/lospoliticosveracruz.com\/?author=2"}]}},"_links":{"self":[{"href":"https:\/\/lospoliticosveracruz.com\/index.php?rest_route=\/wp\/v2\/posts\/159397","targetHints":{"allow":["GET"]}}],"collection":[{"href":"https:\/\/lospoliticosveracruz.com\/index.php?rest_route=\/wp\/v2\/posts"}],"about":[{"href":"https:\/\/lospoliticosveracruz.com\/index.php?rest_route=\/wp\/v2\/types\/post"}],"author":[{"embeddable":true,"href":"https:\/\/lospoliticosveracruz.com\/index.php?rest_route=\/wp\/v2\/users\/2"}],"replies":[{"embeddable":true,"href":"https:\/\/lospoliticosveracruz.com\/index.php?rest_route=%2Fwp%2Fv2%2Fcomments&post=159397"}],"version-history":[{"count":1,"href":"https:\/\/lospoliticosveracruz.com\/index.php?rest_route=\/wp\/v2\/posts\/159397\/revisions"}],"predecessor-version":[{"id":159398,"href":"https:\/\/lospoliticosveracruz.com\/index.php?rest_route=\/wp\/v2\/posts\/159397\/revisions\/159398"}],"wp:featuredmedia":[{"embeddable":true,"href":"https:\/\/lospoliticosveracruz.com\/index.php?rest_route=\/wp\/v2\/media\/141383"}],"wp:attachment":[{"href":"https:\/\/lospoliticosveracruz.com\/index.php?rest_route=%2Fwp%2Fv2%2Fmedia&parent=159397"}],"wp:term":[{"taxonomy":"category","embeddable":true,"href":"https:\/\/lospoliticosveracruz.com\/index.php?rest_route=%2Fwp%2Fv2%2Fcategories&post=159397"},{"taxonomy":"post_tag","embeddable":true,"href":"https:\/\/lospoliticosveracruz.com\/index.php?rest_route=%2Fwp%2Fv2%2Ftags&post=159397"}],"curies":[{"name":"wp","href":"https:\/\/api.w.org\/{rel}","templated":true}]}}