{"id":159400,"date":"2026-01-02T08:43:59","date_gmt":"2026-01-02T14:43:59","guid":{"rendered":"https:\/\/lospoliticosveracruz.com\/?p=159400"},"modified":"2026-01-02T08:44:00","modified_gmt":"2026-01-02T14:44:00","slug":"daniela-griego","status":"publish","type":"post","link":"https:\/\/lospoliticosveracruz.com\/?p=159400","title":{"rendered":"DANIELA GRIEGO"},"content":{"rendered":"\n<p><strong>Yamiri Rodr\u00edguez Madrid<\/strong><\/p>\n\n\n\n<p><em>La vuelta a Veracruz en un teclazo<\/em><\/p>\n\n\n\n<p>No hay fecha que no se cumpla, ni plazo que no llegue: finalmente el pasado mi\u00e9rcoles 31 de diciembre, en un acto protocolario sobrio, ordenado y muy ejecutivo, Daniela Griego Ceballos rindi\u00f3 protesta como la primera mujer de izquierda en gobernar la capital veracruzana; la segunda en ser presidenta municipal y la tercera administraci\u00f3n de Morena al hilo.<\/p>\n\n\n\n\n\n<p>Su primer discurso, en el que estuvo presente la gobernadora Roc\u00edo Nahle Garc\u00eda, fue plagado de buenas noticias para Xalapa y sus habitantes: ha reiterado que su cuatrienio se caracterizar\u00e1 con cercan\u00eda en territorio, con un cabildo abierto, con un gobierno municipal itinerante y un presupuesto participativo. Lo anterior se traduce en que, por ejemplo, habr\u00e1 audiencias p\u00fablicas semanales en el Palacio Municipal, que se denominar\u00e1n el D\u00eda del Pueblo, pero tambi\u00e9n habr\u00e1 brigadas en las colonias.<\/p>\n\n\n\n<p>A la par anunci\u00f3 su Plan de Trabajo de 100 d\u00edas, que incluye acciones como iniciar con el cobro del predial este viernes 2 de enero, y con el que pretende recaudar 100 millones de pesos; del domingo 4 al martes 6, efectuar\u00e1 el Festival de Reyes con sedes en comunidades, el Parque Ju\u00e1rez, pero tambi\u00e9n en el Fovissste, donde est\u00e1 su hogar, cumpliendo con eso de que el buen juez, por su casa empieza. Ser\u00e1n 10 mil juguetes los que ayude a repartir a los Magos de Oriente, muchos de estos donados.<\/p>\n\n\n\n<p>Para febrero, dijo, se realizar\u00e1 el Plan de Consulta Ciudadana, adem\u00e1s de que arrancar\u00e1n los trabajos de pavimentaci\u00f3n en tres calles donadas por empresarios y otras 10 con recursos propios. A esto se suman cuatro jornadas de esterilizaci\u00f3n de perros y gatos, la rehabilitaci\u00f3n de tres canchas deportivas, como parte de su programa Xalapa en el Mundial y la entrega de 100 apoyos funcionales.<\/p>\n\n\n\n<p>Despu\u00e9s del triunfo, lo dec\u00edamos hace unos d\u00edas en este mismo espacio, Daniela Griego se dedic\u00f3 a caminar por colonias de todos los niveles socioecon\u00f3micos, por las comunidades y tras recoger todo un c\u00famulo de peticiones y opiniones, en el centro de la administraci\u00f3n estar\u00e1 la introducci\u00f3n y rehabilitaci\u00f3n de la red de agua potable y de drenaje pluvial, la construcci\u00f3n de muros de contenci\u00f3n, la rehabilitaci\u00f3n de parques y espacios deportivos, pero tambi\u00e9n, la promoci\u00f3n tur\u00edstica, realizar eventos culturales, gastron\u00f3micos y deportivos; un programa de apoyo a negocios, brigadas m\u00e9dicas, desayunos en 7 escuelas atendidas por el DIF municipal y una nueva etapa de reciclaje y recolecci\u00f3n de basura.<\/p>\n\n\n\n<p>Por supuesto, estuvieron tambi\u00e9n los mensajes pol\u00edticos: que al igual que a Veracruz, pondr\u00e1 a la capital de moda; que le gusta hablar de Xalapa en femenino por ser, insisto, la primera mujer de izquierda en gobernarla, porque es la primera vez que hay una mujer gobernadora en el estado y porque hay una mayor\u00eda de mujeres en el Cabildo y una representante con discapacidad. Habl\u00f3 de trabajar con perspectiva metropolitana, de vivir en una Xalapa con equilibro ambiental, segura para las mujeres; en una ciudad festiva y alegre porque en pol\u00edtica, dijo, todo es posible.<\/p>\n\n\n\n<p>A la hoy presidenta municipal la respaldan 30 a\u00f1os de trabajo, desde que estaba en el Movimiento Agrario Independiente Zapatista (MAIZ).&nbsp;&nbsp;Fue consejera del IFE, diputada local en el primer Grupo Legislativo de Morena y directora del Instituto de Pensiones del Estado (IPE). De cada encomienda ha dejado una huella positiva; ah\u00ed est\u00e1 precisamente el IPE, el cual rescat\u00f3 financieramente despu\u00e9s de m\u00e1s de una d\u00e9cada de saqueos.<\/p>\n\n\n\n<p>Como dice el lema de su administraci\u00f3n, por el bien de Xalapa, que sean cuatro a\u00f1os muy provechosos que le permitan recuperar, con orden y humanismo, su lugar en el plano nacional y en la historia.<\/p>\n\n\n\n<p>@YamiriRodriguez<\/p>\n","protected":false},"excerpt":{"rendered":"<p>Yamiri Rodr\u00edguez Madrid La vuelta a Veracruz en un teclazo No hay fecha que no se cumpla, ni plazo que no llegue: finalmente el pasado mi\u00e9rcoles 31 de diciembre, en un acto protocolario sobrio, ordenado y muy ejecutivo, Daniela Griego Ceballos rindi\u00f3 protesta como la primera mujer de izquierda en gobernar la capital veracruzana; la [&hellip;]<\/p>\n","protected":false},"author":2,"featured_media":141413,"comment_status":"closed","ping_status":"closed","sticky":false,"template":"","format":"standard","meta":{"tdm_status":"","tdm_grid_status":"","footnotes":""},"categories":[70],"tags":[48458,48460,6657,23419,48457,48461,48459],"class_list":{"0":"post-159400","1":"post","2":"type-post","3":"status-publish","4":"format-standard","5":"has-post-thumbnail","7":"category-de-opinion","8":"tag-alcaldesa-de-xalapa-2026","9":"tag-ayuntamiento-de-xalapa-morena","10":"tag-daniela-griego-ceballos","11":"tag-gobierno-municipal-de-xalapa","12":"tag-plan-de-100-dias-xalapa","13":"tag-predial-xalapa-2026","14":"tag-rocio-nahle-en-xalapa"},"yoast_head":"<!-- This site is optimized with the Yoast SEO plugin v27.4 - https:\/\/yoast.com\/product\/yoast-seo-wordpress\/ -->\n<title>DANIELA GRIEGO - Los pol\u00edticos Veracruz<\/title>\n<meta name=\"robots\" content=\"index, follow, max-snippet:-1, max-image-preview:large, max-video-preview:-1\" \/>\n<link rel=\"canonical\" href=\"https:\/\/lospoliticosveracruz.com\/?p=159400\" \/>\n<meta property=\"og:locale\" content=\"es_ES\" \/>\n<meta property=\"og:type\" content=\"article\" \/>\n<meta property=\"og:title\" content=\"DANIELA GRIEGO - Los pol\u00edticos Veracruz\" \/>\n<meta property=\"og:description\" content=\"Yamiri Rodr\u00edguez Madrid La vuelta a Veracruz en un teclazo No hay fecha que no se cumpla, ni plazo que no llegue: finalmente el pasado mi\u00e9rcoles 31 de diciembre, en un acto protocolario sobrio, ordenado y muy ejecutivo, Daniela Griego Ceballos rindi\u00f3 protesta como la primera mujer de izquierda en gobernar la capital veracruzana; la [&hellip;]\" \/>\n<meta property=\"og:url\" content=\"https:\/\/lospoliticosveracruz.com\/?p=159400\" \/>\n<meta property=\"og:site_name\" content=\"Los pol\u00edticos Veracruz\" \/>\n<meta property=\"article:publisher\" content=\"https:\/\/www.facebook.com\/people\/Notimemes-de-los-Polticos\/61565672886568\/\" \/>\n<meta property=\"article:published_time\" content=\"2026-01-02T14:43:59+00:00\" \/>\n<meta property=\"article:modified_time\" content=\"2026-01-02T14:44:00+00:00\" \/>\n<meta property=\"og:image\" content=\"https:\/\/lospoliticosveracruz.com\/wp-content\/uploads\/2025\/04\/Yamiri-Rodriguez-Madrid.jpg\" \/>\n\t<meta property=\"og:image:width\" content=\"1250\" \/>\n\t<meta property=\"og:image:height\" content=\"667\" \/>\n\t<meta property=\"og:image:type\" content=\"image\/jpeg\" \/>\n<meta name=\"author\" content=\"Lo viste en Los Pol\u00edticos\" \/>\n<meta name=\"twitter:card\" content=\"summary_large_image\" \/>\n<meta name=\"twitter:creator\" content=\"@LosPoliticosVer\" \/>\n<meta name=\"twitter:site\" content=\"@LosPoliticosVer\" \/>\n<meta name=\"twitter:label1\" content=\"Escrito por\" \/>\n\t<meta name=\"twitter:data1\" content=\"Lo viste en Los Pol\u00edticos\" \/>\n\t<meta name=\"twitter:label2\" content=\"Tiempo de lectura\" \/>\n\t<meta name=\"twitter:data2\" content=\"6 minutos\" \/>\n<script type=\"application\/ld+json\" class=\"yoast-schema-graph\">{\"@context\":\"https:\\\/\\\/schema.org\",\"@graph\":[{\"@type\":\"Article\",\"@id\":\"https:\\\/\\\/lospoliticosveracruz.com\\\/?p=159400#article\",\"isPartOf\":{\"@id\":\"https:\\\/\\\/lospoliticosveracruz.com\\\/?p=159400\"},\"author\":{\"name\":\"Lo viste en Los Pol\u00edticos\",\"@id\":\"https:\\\/\\\/lospoliticosveracruz.com\\\/#\\\/schema\\\/person\\\/b8702bb0e538456e6efd07080bf2a4a2\"},\"headline\":\"DANIELA GRIEGO\",\"datePublished\":\"2026-01-02T14:43:59+00:00\",\"dateModified\":\"2026-01-02T14:44:00+00:00\",\"mainEntityOfPage\":{\"@id\":\"https:\\\/\\\/lospoliticosveracruz.com\\\/?p=159400\"},\"wordCount\":652,\"publisher\":{\"@id\":\"https:\\\/\\\/lospoliticosveracruz.com\\\/#organization\"},\"image\":{\"@id\":\"https:\\\/\\\/lospoliticosveracruz.com\\\/?p=159400#primaryimage\"},\"thumbnailUrl\":\"https:\\\/\\\/lospoliticosveracruz.com\\\/wp-content\\\/uploads\\\/2025\\\/04\\\/Yamiri-Rodriguez-Madrid-e1768315710241.jpg\",\"keywords\":[\"Alcaldesa de Xalapa 2026\",\"Ayuntamiento de Xalapa Morena\",\"Daniela Griego Ceballos\",\"Gobierno municipal de Xalapa\",\"Plan de 100 d\u00edas Xalapa\",\"Predial Xalapa 2026\",\"Roc\u00edo Nahle en Xalapa\"],\"articleSection\":[\"De Opini\u00f3n\"],\"inLanguage\":\"es\"},{\"@type\":\"WebPage\",\"@id\":\"https:\\\/\\\/lospoliticosveracruz.com\\\/?p=159400\",\"url\":\"https:\\\/\\\/lospoliticosveracruz.com\\\/?p=159400\",\"name\":\"DANIELA GRIEGO - Los pol\u00edticos Veracruz\",\"isPartOf\":{\"@id\":\"https:\\\/\\\/lospoliticosveracruz.com\\\/#website\"},\"primaryImageOfPage\":{\"@id\":\"https:\\\/\\\/lospoliticosveracruz.com\\\/?p=159400#primaryimage\"},\"image\":{\"@id\":\"https:\\\/\\\/lospoliticosveracruz.com\\\/?p=159400#primaryimage\"},\"thumbnailUrl\":\"https:\\\/\\\/lospoliticosveracruz.com\\\/wp-content\\\/uploads\\\/2025\\\/04\\\/Yamiri-Rodriguez-Madrid-e1768315710241.jpg\",\"datePublished\":\"2026-01-02T14:43:59+00:00\",\"dateModified\":\"2026-01-02T14:44:00+00:00\",\"breadcrumb\":{\"@id\":\"https:\\\/\\\/lospoliticosveracruz.com\\\/?p=159400#breadcrumb\"},\"inLanguage\":\"es\",\"potentialAction\":[{\"@type\":\"ReadAction\",\"target\":[\"https:\\\/\\\/lospoliticosveracruz.com\\\/?p=159400\"]}]},{\"@type\":\"ImageObject\",\"inLanguage\":\"es\",\"@id\":\"https:\\\/\\\/lospoliticosveracruz.com\\\/?p=159400#primaryimage\",\"url\":\"https:\\\/\\\/lospoliticosveracruz.com\\\/wp-content\\\/uploads\\\/2025\\\/04\\\/Yamiri-Rodriguez-Madrid-e1768315710241.jpg\",\"contentUrl\":\"https:\\\/\\\/lospoliticosveracruz.com\\\/wp-content\\\/uploads\\\/2025\\\/04\\\/Yamiri-Rodriguez-Madrid-e1768315710241.jpg\",\"width\":600,\"height\":320},{\"@type\":\"BreadcrumbList\",\"@id\":\"https:\\\/\\\/lospoliticosveracruz.com\\\/?p=159400#breadcrumb\",\"itemListElement\":[{\"@type\":\"ListItem\",\"position\":1,\"name\":\"Portada\",\"item\":\"https:\\\/\\\/lospoliticosveracruz.com\\\/\"},{\"@type\":\"ListItem\",\"position\":2,\"name\":\"DANIELA GRIEGO\"}]},{\"@type\":\"WebSite\",\"@id\":\"https:\\\/\\\/lospoliticosveracruz.com\\\/#website\",\"url\":\"https:\\\/\\\/lospoliticosveracruz.com\\\/\",\"name\":\"Los pol\u00edticos Veracruz\",\"description\":\"\",\"publisher\":{\"@id\":\"https:\\\/\\\/lospoliticosveracruz.com\\\/#organization\"},\"potentialAction\":[{\"@type\":\"SearchAction\",\"target\":{\"@type\":\"EntryPoint\",\"urlTemplate\":\"https:\\\/\\\/lospoliticosveracruz.com\\\/?s={search_term_string}\"},\"query-input\":{\"@type\":\"PropertyValueSpecification\",\"valueRequired\":true,\"valueName\":\"search_term_string\"}}],\"inLanguage\":\"es\"},{\"@type\":\"Organization\",\"@id\":\"https:\\\/\\\/lospoliticosveracruz.com\\\/#organization\",\"name\":\"Los pol\u00edticos Veracruz\",\"url\":\"https:\\\/\\\/lospoliticosveracruz.com\\\/\",\"logo\":{\"@type\":\"ImageObject\",\"inLanguage\":\"es\",\"@id\":\"https:\\\/\\\/lospoliticosveracruz.com\\\/#\\\/schema\\\/logo\\\/image\\\/\",\"url\":\"https:\\\/\\\/lospoliticosveracruz.com\\\/wp-content\\\/uploads\\\/2025\\\/12\\\/Logo-Nuevo-LOS-POLITICOS-1.jpg\",\"contentUrl\":\"https:\\\/\\\/lospoliticosveracruz.com\\\/wp-content\\\/uploads\\\/2025\\\/12\\\/Logo-Nuevo-LOS-POLITICOS-1.jpg\",\"width\":260,\"height\":70,\"caption\":\"Los pol\u00edticos Veracruz\"},\"image\":{\"@id\":\"https:\\\/\\\/lospoliticosveracruz.com\\\/#\\\/schema\\\/logo\\\/image\\\/\"},\"sameAs\":[\"https:\\\/\\\/www.facebook.com\\\/people\\\/Notimemes-de-los-Polticos\\\/61565672886568\\\/\",\"https:\\\/\\\/x.com\\\/LosPoliticosVer\"]},{\"@type\":\"Person\",\"@id\":\"https:\\\/\\\/lospoliticosveracruz.com\\\/#\\\/schema\\\/person\\\/b8702bb0e538456e6efd07080bf2a4a2\",\"name\":\"Lo viste en Los Pol\u00edticos\",\"image\":{\"@type\":\"ImageObject\",\"inLanguage\":\"es\",\"@id\":\"https:\\\/\\\/secure.gravatar.com\\\/avatar\\\/3a8de04a2656d44082be478bd6c086daa447c4651605818287b9532d3d0bd435?s=96&d=mm&r=g\",\"url\":\"https:\\\/\\\/secure.gravatar.com\\\/avatar\\\/3a8de04a2656d44082be478bd6c086daa447c4651605818287b9532d3d0bd435?s=96&d=mm&r=g\",\"contentUrl\":\"https:\\\/\\\/secure.gravatar.com\\\/avatar\\\/3a8de04a2656d44082be478bd6c086daa447c4651605818287b9532d3d0bd435?s=96&d=mm&r=g\",\"caption\":\"Lo viste en Los Pol\u00edticos\"},\"url\":\"https:\\\/\\\/lospoliticosveracruz.com\\\/?author=2\"}]}<\/script>\n<!-- \/ Yoast SEO plugin. -->","yoast_head_json":{"title":"DANIELA GRIEGO - Los pol\u00edticos Veracruz","robots":{"index":"index","follow":"follow","max-snippet":"max-snippet:-1","max-image-preview":"max-image-preview:large","max-video-preview":"max-video-preview:-1"},"canonical":"https:\/\/lospoliticosveracruz.com\/?p=159400","og_locale":"es_ES","og_type":"article","og_title":"DANIELA GRIEGO - Los pol\u00edticos Veracruz","og_description":"Yamiri Rodr\u00edguez Madrid La vuelta a Veracruz en un teclazo No hay fecha que no se cumpla, ni plazo que no llegue: finalmente el pasado mi\u00e9rcoles 31 de diciembre, en un acto protocolario sobrio, ordenado y muy ejecutivo, Daniela Griego Ceballos rindi\u00f3 protesta como la primera mujer de izquierda en gobernar la capital veracruzana; la [&hellip;]","og_url":"https:\/\/lospoliticosveracruz.com\/?p=159400","og_site_name":"Los pol\u00edticos Veracruz","article_publisher":"https:\/\/www.facebook.com\/people\/Notimemes-de-los-Polticos\/61565672886568\/","article_published_time":"2026-01-02T14:43:59+00:00","article_modified_time":"2026-01-02T14:44:00+00:00","og_image":[{"width":1250,"height":667,"url":"https:\/\/lospoliticosveracruz.com\/wp-content\/uploads\/2025\/04\/Yamiri-Rodriguez-Madrid.jpg","type":"image\/jpeg"}],"author":"Lo viste en Los Pol\u00edticos","twitter_card":"summary_large_image","twitter_creator":"@LosPoliticosVer","twitter_site":"@LosPoliticosVer","twitter_misc":{"Escrito por":"Lo viste en Los Pol\u00edticos","Tiempo de lectura":"6 minutos"},"schema":{"@context":"https:\/\/schema.org","@graph":[{"@type":"Article","@id":"https:\/\/lospoliticosveracruz.com\/?p=159400#article","isPartOf":{"@id":"https:\/\/lospoliticosveracruz.com\/?p=159400"},"author":{"name":"Lo viste en Los Pol\u00edticos","@id":"https:\/\/lospoliticosveracruz.com\/#\/schema\/person\/b8702bb0e538456e6efd07080bf2a4a2"},"headline":"DANIELA GRIEGO","datePublished":"2026-01-02T14:43:59+00:00","dateModified":"2026-01-02T14:44:00+00:00","mainEntityOfPage":{"@id":"https:\/\/lospoliticosveracruz.com\/?p=159400"},"wordCount":652,"publisher":{"@id":"https:\/\/lospoliticosveracruz.com\/#organization"},"image":{"@id":"https:\/\/lospoliticosveracruz.com\/?p=159400#primaryimage"},"thumbnailUrl":"https:\/\/lospoliticosveracruz.com\/wp-content\/uploads\/2025\/04\/Yamiri-Rodriguez-Madrid-e1768315710241.jpg","keywords":["Alcaldesa de Xalapa 2026","Ayuntamiento de Xalapa Morena","Daniela Griego Ceballos","Gobierno municipal de Xalapa","Plan de 100 d\u00edas Xalapa","Predial Xalapa 2026","Roc\u00edo Nahle en Xalapa"],"articleSection":["De Opini\u00f3n"],"inLanguage":"es"},{"@type":"WebPage","@id":"https:\/\/lospoliticosveracruz.com\/?p=159400","url":"https:\/\/lospoliticosveracruz.com\/?p=159400","name":"DANIELA GRIEGO - Los pol\u00edticos Veracruz","isPartOf":{"@id":"https:\/\/lospoliticosveracruz.com\/#website"},"primaryImageOfPage":{"@id":"https:\/\/lospoliticosveracruz.com\/?p=159400#primaryimage"},"image":{"@id":"https:\/\/lospoliticosveracruz.com\/?p=159400#primaryimage"},"thumbnailUrl":"https:\/\/lospoliticosveracruz.com\/wp-content\/uploads\/2025\/04\/Yamiri-Rodriguez-Madrid-e1768315710241.jpg","datePublished":"2026-01-02T14:43:59+00:00","dateModified":"2026-01-02T14:44:00+00:00","breadcrumb":{"@id":"https:\/\/lospoliticosveracruz.com\/?p=159400#breadcrumb"},"inLanguage":"es","potentialAction":[{"@type":"ReadAction","target":["https:\/\/lospoliticosveracruz.com\/?p=159400"]}]},{"@type":"ImageObject","inLanguage":"es","@id":"https:\/\/lospoliticosveracruz.com\/?p=159400#primaryimage","url":"https:\/\/lospoliticosveracruz.com\/wp-content\/uploads\/2025\/04\/Yamiri-Rodriguez-Madrid-e1768315710241.jpg","contentUrl":"https:\/\/lospoliticosveracruz.com\/wp-content\/uploads\/2025\/04\/Yamiri-Rodriguez-Madrid-e1768315710241.jpg","width":600,"height":320},{"@type":"BreadcrumbList","@id":"https:\/\/lospoliticosveracruz.com\/?p=159400#breadcrumb","itemListElement":[{"@type":"ListItem","position":1,"name":"Portada","item":"https:\/\/lospoliticosveracruz.com\/"},{"@type":"ListItem","position":2,"name":"DANIELA GRIEGO"}]},{"@type":"WebSite","@id":"https:\/\/lospoliticosveracruz.com\/#website","url":"https:\/\/lospoliticosveracruz.com\/","name":"Los pol\u00edticos Veracruz","description":"","publisher":{"@id":"https:\/\/lospoliticosveracruz.com\/#organization"},"potentialAction":[{"@type":"SearchAction","target":{"@type":"EntryPoint","urlTemplate":"https:\/\/lospoliticosveracruz.com\/?s={search_term_string}"},"query-input":{"@type":"PropertyValueSpecification","valueRequired":true,"valueName":"search_term_string"}}],"inLanguage":"es"},{"@type":"Organization","@id":"https:\/\/lospoliticosveracruz.com\/#organization","name":"Los pol\u00edticos Veracruz","url":"https:\/\/lospoliticosveracruz.com\/","logo":{"@type":"ImageObject","inLanguage":"es","@id":"https:\/\/lospoliticosveracruz.com\/#\/schema\/logo\/image\/","url":"https:\/\/lospoliticosveracruz.com\/wp-content\/uploads\/2025\/12\/Logo-Nuevo-LOS-POLITICOS-1.jpg","contentUrl":"https:\/\/lospoliticosveracruz.com\/wp-content\/uploads\/2025\/12\/Logo-Nuevo-LOS-POLITICOS-1.jpg","width":260,"height":70,"caption":"Los pol\u00edticos Veracruz"},"image":{"@id":"https:\/\/lospoliticosveracruz.com\/#\/schema\/logo\/image\/"},"sameAs":["https:\/\/www.facebook.com\/people\/Notimemes-de-los-Polticos\/61565672886568\/","https:\/\/x.com\/LosPoliticosVer"]},{"@type":"Person","@id":"https:\/\/lospoliticosveracruz.com\/#\/schema\/person\/b8702bb0e538456e6efd07080bf2a4a2","name":"Lo viste en Los Pol\u00edticos","image":{"@type":"ImageObject","inLanguage":"es","@id":"https:\/\/secure.gravatar.com\/avatar\/3a8de04a2656d44082be478bd6c086daa447c4651605818287b9532d3d0bd435?s=96&d=mm&r=g","url":"https:\/\/secure.gravatar.com\/avatar\/3a8de04a2656d44082be478bd6c086daa447c4651605818287b9532d3d0bd435?s=96&d=mm&r=g","contentUrl":"https:\/\/secure.gravatar.com\/avatar\/3a8de04a2656d44082be478bd6c086daa447c4651605818287b9532d3d0bd435?s=96&d=mm&r=g","caption":"Lo viste en Los Pol\u00edticos"},"url":"https:\/\/lospoliticosveracruz.com\/?author=2"}]}},"_links":{"self":[{"href":"https:\/\/lospoliticosveracruz.com\/index.php?rest_route=\/wp\/v2\/posts\/159400","targetHints":{"allow":["GET"]}}],"collection":[{"href":"https:\/\/lospoliticosveracruz.com\/index.php?rest_route=\/wp\/v2\/posts"}],"about":[{"href":"https:\/\/lospoliticosveracruz.com\/index.php?rest_route=\/wp\/v2\/types\/post"}],"author":[{"embeddable":true,"href":"https:\/\/lospoliticosveracruz.com\/index.php?rest_route=\/wp\/v2\/users\/2"}],"replies":[{"embeddable":true,"href":"https:\/\/lospoliticosveracruz.com\/index.php?rest_route=%2Fwp%2Fv2%2Fcomments&post=159400"}],"version-history":[{"count":1,"href":"https:\/\/lospoliticosveracruz.com\/index.php?rest_route=\/wp\/v2\/posts\/159400\/revisions"}],"predecessor-version":[{"id":159401,"href":"https:\/\/lospoliticosveracruz.com\/index.php?rest_route=\/wp\/v2\/posts\/159400\/revisions\/159401"}],"wp:featuredmedia":[{"embeddable":true,"href":"https:\/\/lospoliticosveracruz.com\/index.php?rest_route=\/wp\/v2\/media\/141413"}],"wp:attachment":[{"href":"https:\/\/lospoliticosveracruz.com\/index.php?rest_route=%2Fwp%2Fv2%2Fmedia&parent=159400"}],"wp:term":[{"taxonomy":"category","embeddable":true,"href":"https:\/\/lospoliticosveracruz.com\/index.php?rest_route=%2Fwp%2Fv2%2Fcategories&post=159400"},{"taxonomy":"post_tag","embeddable":true,"href":"https:\/\/lospoliticosveracruz.com\/index.php?rest_route=%2Fwp%2Fv2%2Ftags&post=159400"}],"curies":[{"name":"wp","href":"https:\/\/api.w.org\/{rel}","templated":true}]}}