{"id":159411,"date":"2026-01-02T11:31:20","date_gmt":"2026-01-02T17:31:20","guid":{"rendered":"https:\/\/lospoliticosveracruz.com\/?p=159411"},"modified":"2026-01-28T18:44:21","modified_gmt":"2026-01-29T00:44:21","slug":"le-va-a-dar-buen-uso","status":"publish","type":"post","link":"https:\/\/lospoliticosveracruz.com\/?p=159411","title":{"rendered":"LE VA A DAR BUEN USO!"},"content":{"rendered":"\n<p>Todos los recursos que se reciban a trav\u00e9s del Predial y Limpia P\u00fablica 2026 se reflejar\u00e1n en mejores servicios y acciones de gobierno en beneficio de la ciudadan\u00eda, afirm\u00f3 la alcaldesa Daniela Griego Ceballos, tras realizar el pago de su predial en los m\u00f3dulos de cobro instalados en Palacio Municipal.<\/p>\n\n\n\n\n\n<p>Acompa\u00f1ada por regidoras, regidores y el s\u00edndico \u00fanico, Marco Aurelio Mart\u00ednez S\u00e1nchez, la edil realiz\u00f3 el pago alrededor de las 8:40 horas, en la Caja 28, tras lo cual detall\u00f3 que para este a\u00f1o la meta de recaudaci\u00f3n es de 110 millones de pesos, por lo que se pondr\u00e1 \u00e9nfasis en mejorar los procesos de cobranza, la agilizaci\u00f3n del tr\u00e1mite de pago y la actualizaci\u00f3n del registro catastral.<\/p>\n\n\n\n<p>La presidenta municipal expuso que el compromiso es brindar atenci\u00f3n amable a la poblaci\u00f3n, ya que los recursos recaudados son primordiales para cumplir con los objetivos del Programa de 100 D\u00edas de Resultados y atender las demandas de la ciudadan\u00eda, independientemente de las aportaciones federales que se recibir\u00e1n.<\/p>\n\n\n\n<p>Asimismo, dio a conocer agreg\u00f3 que se est\u00e1 verificando que todos los centros de cobro funcionen de forma adecuada, pues desde temprano se ha observado una afluencia importante de personas, principalmente adultas mayores, en los m\u00f3dulos de pago.<\/p>\n\n\n\n<p>Como parte de la campa\u00f1a de Pago del Predial y del Derecho de Limpia P\u00fablica 2026, se habilitaron 12 centros de cobro. Estos son: las instalaciones de Palacio Municipal, el Campo Deportivo Col\u00f3n, el Registro Civil y la Escuela Normal Veracruzana, donde se puede llevar a cabo el pago de lunes a viernes, de 9:00 a 15:00 horas.<\/p>\n\n\n\n<p>Tambi\u00e9n hay m\u00f3dulos en las direcciones de Desarrollo Urbano y Limpia P\u00fablica, donde se realiza el cobro de lunes a viernes, de 9:00 a 14:00 horas.&nbsp;<\/p>\n\n\n\n<p>En Catastro y Tr\u00e1nsito Municipal, los m\u00f3dulos funcionan de lunes a viernes, de 8:30 a 14:30 horas; en el Rastro Municipal, de lunes a viernes, de 7:00 a 12:00 horas, y en las plazas Xanat y Crystal, de lunes a domingo, de 9:00 a 17:00 horas.<\/p>\n\n\n\n<p>En los bancos Banorte, Banamex, Santander y Bancomer, el X24 y Super Fasti.&nbsp;<\/p>\n\n\n\n<p>Adem\u00e1s, el pago se puede realizar por internet a trav\u00e9s del enlace:&nbsp;<a href=\"https:\/\/pagoenlinea.xalapa.gob.mx\/\">https:\/\/pagoenlinea.xalapa.gob.mx\/.<\/a><\/p>\n\n\n\n<p>Se recuerda a la poblaci\u00f3n en general que quienes paguen en enero y febrero recibir\u00e1n un 20 por ciento de descuento. Tambi\u00e9n, se otorgar\u00e1 un 50 por ciento de descuento a las personas adultas mayores, jubiladas, pensionadas, con discapacidad, madres solteras, familias monoparentales de nivel primaria y secundaria, as\u00ed como a v\u00edctimas indirectas de los delitos de desaparici\u00f3n forzada y desaparici\u00f3n cometida por particulares.<\/p>\n","protected":false},"excerpt":{"rendered":"<p>Todos los recursos que se reciban a trav\u00e9s del Predial y Limpia P\u00fablica 2026 se reflejar\u00e1n en mejores servicios y acciones de gobierno en beneficio de la ciudadan\u00eda, afirm\u00f3 la alcaldesa Daniela Griego Ceballos, tras realizar el pago de su predial en los m\u00f3dulos de cobro instalados en Palacio Municipal. Acompa\u00f1ada por regidoras, regidores y [&hellip;]<\/p>\n","protected":false},"author":2,"featured_media":159412,"comment_status":"closed","ping_status":"closed","sticky":false,"template":"","format":"standard","meta":{"tdm_status":"","tdm_grid_status":"","footnotes":""},"categories":[73],"tags":[48353,6657,48481,48479,48482,48463,48480],"class_list":{"0":"post-159411","1":"post","2":"type-post","3":"status-publish","4":"format-standard","5":"has-post-thumbnail","7":"category-de-boleto","8":"tag-ayuntamiento-de-xalapa-2026-2029","9":"tag-daniela-griego-ceballos","10":"tag-descuentos-predial-xalapa","11":"tag-modulos-de-cobro-predial-xalapa","12":"tag-pago-predial-en-linea-xalapa","13":"tag-pago-predial-xalapa-2026","14":"tag-predial-y-limpia-publica-xalapa"},"yoast_head":"<!-- This site is optimized with the Yoast SEO plugin v27.4 - https:\/\/yoast.com\/product\/yoast-seo-wordpress\/ -->\n<title>LE VA A DAR BUEN USO! - Los pol\u00edticos Veracruz<\/title>\n<meta name=\"robots\" content=\"index, follow, max-snippet:-1, max-image-preview:large, max-video-preview:-1\" \/>\n<link rel=\"canonical\" href=\"https:\/\/lospoliticosveracruz.com\/?p=159411\" \/>\n<meta property=\"og:locale\" content=\"es_ES\" \/>\n<meta property=\"og:type\" content=\"article\" \/>\n<meta property=\"og:title\" content=\"LE VA A DAR BUEN USO! - Los pol\u00edticos Veracruz\" \/>\n<meta property=\"og:description\" content=\"Todos los recursos que se reciban a trav\u00e9s del Predial y Limpia P\u00fablica 2026 se reflejar\u00e1n en mejores servicios y acciones de gobierno en beneficio de la ciudadan\u00eda, afirm\u00f3 la alcaldesa Daniela Griego Ceballos, tras realizar el pago de su predial en los m\u00f3dulos de cobro instalados en Palacio Municipal. Acompa\u00f1ada por regidoras, regidores y [&hellip;]\" \/>\n<meta property=\"og:url\" content=\"https:\/\/lospoliticosveracruz.com\/?p=159411\" \/>\n<meta property=\"og:site_name\" content=\"Los pol\u00edticos Veracruz\" \/>\n<meta property=\"article:publisher\" content=\"https:\/\/www.facebook.com\/people\/Notimemes-de-los-Polticos\/61565672886568\/\" \/>\n<meta property=\"article:published_time\" content=\"2026-01-02T17:31:20+00:00\" \/>\n<meta property=\"article:modified_time\" content=\"2026-01-29T00:44:21+00:00\" \/>\n<meta property=\"og:image\" content=\"https:\/\/lospoliticosveracruz.com\/wp-content\/uploads\/2026\/01\/Daniela.jpg\" \/>\n\t<meta property=\"og:image:width\" content=\"600\" \/>\n\t<meta property=\"og:image:height\" content=\"320\" \/>\n\t<meta property=\"og:image:type\" content=\"image\/jpeg\" \/>\n<meta name=\"author\" content=\"Lo viste en Los Pol\u00edticos\" \/>\n<meta name=\"twitter:card\" content=\"summary_large_image\" \/>\n<meta name=\"twitter:creator\" content=\"@LosPoliticosVer\" \/>\n<meta name=\"twitter:site\" content=\"@LosPoliticosVer\" \/>\n<meta name=\"twitter:label1\" content=\"Escrito por\" \/>\n\t<meta name=\"twitter:data1\" content=\"Lo viste en Los Pol\u00edticos\" \/>\n\t<meta name=\"twitter:label2\" content=\"Tiempo de lectura\" \/>\n\t<meta name=\"twitter:data2\" content=\"3 minutos\" \/>\n<script type=\"application\/ld+json\" class=\"yoast-schema-graph\">{\"@context\":\"https:\\\/\\\/schema.org\",\"@graph\":[{\"@type\":\"Article\",\"@id\":\"https:\\\/\\\/lospoliticosveracruz.com\\\/?p=159411#article\",\"isPartOf\":{\"@id\":\"https:\\\/\\\/lospoliticosveracruz.com\\\/?p=159411\"},\"author\":{\"name\":\"Lo viste en Los Pol\u00edticos\",\"@id\":\"https:\\\/\\\/lospoliticosveracruz.com\\\/#\\\/schema\\\/person\\\/b8702bb0e538456e6efd07080bf2a4a2\"},\"headline\":\"LE VA A DAR BUEN USO!\",\"datePublished\":\"2026-01-02T17:31:20+00:00\",\"dateModified\":\"2026-01-29T00:44:21+00:00\",\"mainEntityOfPage\":{\"@id\":\"https:\\\/\\\/lospoliticosveracruz.com\\\/?p=159411\"},\"wordCount\":454,\"publisher\":{\"@id\":\"https:\\\/\\\/lospoliticosveracruz.com\\\/#organization\"},\"image\":{\"@id\":\"https:\\\/\\\/lospoliticosveracruz.com\\\/?p=159411#primaryimage\"},\"thumbnailUrl\":\"https:\\\/\\\/lospoliticosveracruz.com\\\/wp-content\\\/uploads\\\/2026\\\/01\\\/Daniela.jpg\",\"keywords\":[\"Ayuntamiento de Xalapa 2026-2029\",\"Daniela Griego Ceballos\",\"Descuentos predial Xalapa\",\"M\u00f3dulos de cobro predial Xalapa\",\"Pago predial en l\u00ednea Xalapa\",\"Pago predial Xalapa 2026\",\"Predial y Limpia P\u00fablica Xalapa\"],\"articleSection\":[\"De Boleto\"],\"inLanguage\":\"es\"},{\"@type\":\"WebPage\",\"@id\":\"https:\\\/\\\/lospoliticosveracruz.com\\\/?p=159411\",\"url\":\"https:\\\/\\\/lospoliticosveracruz.com\\\/?p=159411\",\"name\":\"LE VA A DAR BUEN USO! - Los pol\u00edticos Veracruz\",\"isPartOf\":{\"@id\":\"https:\\\/\\\/lospoliticosveracruz.com\\\/#website\"},\"primaryImageOfPage\":{\"@id\":\"https:\\\/\\\/lospoliticosveracruz.com\\\/?p=159411#primaryimage\"},\"image\":{\"@id\":\"https:\\\/\\\/lospoliticosveracruz.com\\\/?p=159411#primaryimage\"},\"thumbnailUrl\":\"https:\\\/\\\/lospoliticosveracruz.com\\\/wp-content\\\/uploads\\\/2026\\\/01\\\/Daniela.jpg\",\"datePublished\":\"2026-01-02T17:31:20+00:00\",\"dateModified\":\"2026-01-29T00:44:21+00:00\",\"breadcrumb\":{\"@id\":\"https:\\\/\\\/lospoliticosveracruz.com\\\/?p=159411#breadcrumb\"},\"inLanguage\":\"es\",\"potentialAction\":[{\"@type\":\"ReadAction\",\"target\":[\"https:\\\/\\\/lospoliticosveracruz.com\\\/?p=159411\"]}]},{\"@type\":\"ImageObject\",\"inLanguage\":\"es\",\"@id\":\"https:\\\/\\\/lospoliticosveracruz.com\\\/?p=159411#primaryimage\",\"url\":\"https:\\\/\\\/lospoliticosveracruz.com\\\/wp-content\\\/uploads\\\/2026\\\/01\\\/Daniela.jpg\",\"contentUrl\":\"https:\\\/\\\/lospoliticosveracruz.com\\\/wp-content\\\/uploads\\\/2026\\\/01\\\/Daniela.jpg\",\"width\":600,\"height\":320},{\"@type\":\"BreadcrumbList\",\"@id\":\"https:\\\/\\\/lospoliticosveracruz.com\\\/?p=159411#breadcrumb\",\"itemListElement\":[{\"@type\":\"ListItem\",\"position\":1,\"name\":\"Portada\",\"item\":\"https:\\\/\\\/lospoliticosveracruz.com\\\/\"},{\"@type\":\"ListItem\",\"position\":2,\"name\":\"LE VA A DAR BUEN USO!\"}]},{\"@type\":\"WebSite\",\"@id\":\"https:\\\/\\\/lospoliticosveracruz.com\\\/#website\",\"url\":\"https:\\\/\\\/lospoliticosveracruz.com\\\/\",\"name\":\"Los pol\u00edticos Veracruz\",\"description\":\"\",\"publisher\":{\"@id\":\"https:\\\/\\\/lospoliticosveracruz.com\\\/#organization\"},\"potentialAction\":[{\"@type\":\"SearchAction\",\"target\":{\"@type\":\"EntryPoint\",\"urlTemplate\":\"https:\\\/\\\/lospoliticosveracruz.com\\\/?s={search_term_string}\"},\"query-input\":{\"@type\":\"PropertyValueSpecification\",\"valueRequired\":true,\"valueName\":\"search_term_string\"}}],\"inLanguage\":\"es\"},{\"@type\":\"Organization\",\"@id\":\"https:\\\/\\\/lospoliticosveracruz.com\\\/#organization\",\"name\":\"Los pol\u00edticos Veracruz\",\"url\":\"https:\\\/\\\/lospoliticosveracruz.com\\\/\",\"logo\":{\"@type\":\"ImageObject\",\"inLanguage\":\"es\",\"@id\":\"https:\\\/\\\/lospoliticosveracruz.com\\\/#\\\/schema\\\/logo\\\/image\\\/\",\"url\":\"https:\\\/\\\/lospoliticosveracruz.com\\\/wp-content\\\/uploads\\\/2025\\\/12\\\/Logo-Nuevo-LOS-POLITICOS-1.jpg\",\"contentUrl\":\"https:\\\/\\\/lospoliticosveracruz.com\\\/wp-content\\\/uploads\\\/2025\\\/12\\\/Logo-Nuevo-LOS-POLITICOS-1.jpg\",\"width\":260,\"height\":70,\"caption\":\"Los pol\u00edticos Veracruz\"},\"image\":{\"@id\":\"https:\\\/\\\/lospoliticosveracruz.com\\\/#\\\/schema\\\/logo\\\/image\\\/\"},\"sameAs\":[\"https:\\\/\\\/www.facebook.com\\\/people\\\/Notimemes-de-los-Polticos\\\/61565672886568\\\/\",\"https:\\\/\\\/x.com\\\/LosPoliticosVer\"]},{\"@type\":\"Person\",\"@id\":\"https:\\\/\\\/lospoliticosveracruz.com\\\/#\\\/schema\\\/person\\\/b8702bb0e538456e6efd07080bf2a4a2\",\"name\":\"Lo viste en Los Pol\u00edticos\",\"image\":{\"@type\":\"ImageObject\",\"inLanguage\":\"es\",\"@id\":\"https:\\\/\\\/secure.gravatar.com\\\/avatar\\\/3a8de04a2656d44082be478bd6c086daa447c4651605818287b9532d3d0bd435?s=96&d=mm&r=g\",\"url\":\"https:\\\/\\\/secure.gravatar.com\\\/avatar\\\/3a8de04a2656d44082be478bd6c086daa447c4651605818287b9532d3d0bd435?s=96&d=mm&r=g\",\"contentUrl\":\"https:\\\/\\\/secure.gravatar.com\\\/avatar\\\/3a8de04a2656d44082be478bd6c086daa447c4651605818287b9532d3d0bd435?s=96&d=mm&r=g\",\"caption\":\"Lo viste en Los Pol\u00edticos\"},\"url\":\"https:\\\/\\\/lospoliticosveracruz.com\\\/?author=2\"}]}<\/script>\n<!-- \/ Yoast SEO plugin. -->","yoast_head_json":{"title":"LE VA A DAR BUEN USO! - Los pol\u00edticos Veracruz","robots":{"index":"index","follow":"follow","max-snippet":"max-snippet:-1","max-image-preview":"max-image-preview:large","max-video-preview":"max-video-preview:-1"},"canonical":"https:\/\/lospoliticosveracruz.com\/?p=159411","og_locale":"es_ES","og_type":"article","og_title":"LE VA A DAR BUEN USO! - Los pol\u00edticos Veracruz","og_description":"Todos los recursos que se reciban a trav\u00e9s del Predial y Limpia P\u00fablica 2026 se reflejar\u00e1n en mejores servicios y acciones de gobierno en beneficio de la ciudadan\u00eda, afirm\u00f3 la alcaldesa Daniela Griego Ceballos, tras realizar el pago de su predial en los m\u00f3dulos de cobro instalados en Palacio Municipal. Acompa\u00f1ada por regidoras, regidores y [&hellip;]","og_url":"https:\/\/lospoliticosveracruz.com\/?p=159411","og_site_name":"Los pol\u00edticos Veracruz","article_publisher":"https:\/\/www.facebook.com\/people\/Notimemes-de-los-Polticos\/61565672886568\/","article_published_time":"2026-01-02T17:31:20+00:00","article_modified_time":"2026-01-29T00:44:21+00:00","og_image":[{"width":600,"height":320,"url":"https:\/\/lospoliticosveracruz.com\/wp-content\/uploads\/2026\/01\/Daniela.jpg","type":"image\/jpeg"}],"author":"Lo viste en Los Pol\u00edticos","twitter_card":"summary_large_image","twitter_creator":"@LosPoliticosVer","twitter_site":"@LosPoliticosVer","twitter_misc":{"Escrito por":"Lo viste en Los Pol\u00edticos","Tiempo de lectura":"3 minutos"},"schema":{"@context":"https:\/\/schema.org","@graph":[{"@type":"Article","@id":"https:\/\/lospoliticosveracruz.com\/?p=159411#article","isPartOf":{"@id":"https:\/\/lospoliticosveracruz.com\/?p=159411"},"author":{"name":"Lo viste en Los Pol\u00edticos","@id":"https:\/\/lospoliticosveracruz.com\/#\/schema\/person\/b8702bb0e538456e6efd07080bf2a4a2"},"headline":"LE VA A DAR BUEN USO!","datePublished":"2026-01-02T17:31:20+00:00","dateModified":"2026-01-29T00:44:21+00:00","mainEntityOfPage":{"@id":"https:\/\/lospoliticosveracruz.com\/?p=159411"},"wordCount":454,"publisher":{"@id":"https:\/\/lospoliticosveracruz.com\/#organization"},"image":{"@id":"https:\/\/lospoliticosveracruz.com\/?p=159411#primaryimage"},"thumbnailUrl":"https:\/\/lospoliticosveracruz.com\/wp-content\/uploads\/2026\/01\/Daniela.jpg","keywords":["Ayuntamiento de Xalapa 2026-2029","Daniela Griego Ceballos","Descuentos predial Xalapa","M\u00f3dulos de cobro predial Xalapa","Pago predial en l\u00ednea Xalapa","Pago predial Xalapa 2026","Predial y Limpia P\u00fablica Xalapa"],"articleSection":["De Boleto"],"inLanguage":"es"},{"@type":"WebPage","@id":"https:\/\/lospoliticosveracruz.com\/?p=159411","url":"https:\/\/lospoliticosveracruz.com\/?p=159411","name":"LE VA A DAR BUEN USO! - Los pol\u00edticos Veracruz","isPartOf":{"@id":"https:\/\/lospoliticosveracruz.com\/#website"},"primaryImageOfPage":{"@id":"https:\/\/lospoliticosveracruz.com\/?p=159411#primaryimage"},"image":{"@id":"https:\/\/lospoliticosveracruz.com\/?p=159411#primaryimage"},"thumbnailUrl":"https:\/\/lospoliticosveracruz.com\/wp-content\/uploads\/2026\/01\/Daniela.jpg","datePublished":"2026-01-02T17:31:20+00:00","dateModified":"2026-01-29T00:44:21+00:00","breadcrumb":{"@id":"https:\/\/lospoliticosveracruz.com\/?p=159411#breadcrumb"},"inLanguage":"es","potentialAction":[{"@type":"ReadAction","target":["https:\/\/lospoliticosveracruz.com\/?p=159411"]}]},{"@type":"ImageObject","inLanguage":"es","@id":"https:\/\/lospoliticosveracruz.com\/?p=159411#primaryimage","url":"https:\/\/lospoliticosveracruz.com\/wp-content\/uploads\/2026\/01\/Daniela.jpg","contentUrl":"https:\/\/lospoliticosveracruz.com\/wp-content\/uploads\/2026\/01\/Daniela.jpg","width":600,"height":320},{"@type":"BreadcrumbList","@id":"https:\/\/lospoliticosveracruz.com\/?p=159411#breadcrumb","itemListElement":[{"@type":"ListItem","position":1,"name":"Portada","item":"https:\/\/lospoliticosveracruz.com\/"},{"@type":"ListItem","position":2,"name":"LE VA A DAR BUEN USO!"}]},{"@type":"WebSite","@id":"https:\/\/lospoliticosveracruz.com\/#website","url":"https:\/\/lospoliticosveracruz.com\/","name":"Los pol\u00edticos Veracruz","description":"","publisher":{"@id":"https:\/\/lospoliticosveracruz.com\/#organization"},"potentialAction":[{"@type":"SearchAction","target":{"@type":"EntryPoint","urlTemplate":"https:\/\/lospoliticosveracruz.com\/?s={search_term_string}"},"query-input":{"@type":"PropertyValueSpecification","valueRequired":true,"valueName":"search_term_string"}}],"inLanguage":"es"},{"@type":"Organization","@id":"https:\/\/lospoliticosveracruz.com\/#organization","name":"Los pol\u00edticos Veracruz","url":"https:\/\/lospoliticosveracruz.com\/","logo":{"@type":"ImageObject","inLanguage":"es","@id":"https:\/\/lospoliticosveracruz.com\/#\/schema\/logo\/image\/","url":"https:\/\/lospoliticosveracruz.com\/wp-content\/uploads\/2025\/12\/Logo-Nuevo-LOS-POLITICOS-1.jpg","contentUrl":"https:\/\/lospoliticosveracruz.com\/wp-content\/uploads\/2025\/12\/Logo-Nuevo-LOS-POLITICOS-1.jpg","width":260,"height":70,"caption":"Los pol\u00edticos Veracruz"},"image":{"@id":"https:\/\/lospoliticosveracruz.com\/#\/schema\/logo\/image\/"},"sameAs":["https:\/\/www.facebook.com\/people\/Notimemes-de-los-Polticos\/61565672886568\/","https:\/\/x.com\/LosPoliticosVer"]},{"@type":"Person","@id":"https:\/\/lospoliticosveracruz.com\/#\/schema\/person\/b8702bb0e538456e6efd07080bf2a4a2","name":"Lo viste en Los Pol\u00edticos","image":{"@type":"ImageObject","inLanguage":"es","@id":"https:\/\/secure.gravatar.com\/avatar\/3a8de04a2656d44082be478bd6c086daa447c4651605818287b9532d3d0bd435?s=96&d=mm&r=g","url":"https:\/\/secure.gravatar.com\/avatar\/3a8de04a2656d44082be478bd6c086daa447c4651605818287b9532d3d0bd435?s=96&d=mm&r=g","contentUrl":"https:\/\/secure.gravatar.com\/avatar\/3a8de04a2656d44082be478bd6c086daa447c4651605818287b9532d3d0bd435?s=96&d=mm&r=g","caption":"Lo viste en Los Pol\u00edticos"},"url":"https:\/\/lospoliticosveracruz.com\/?author=2"}]}},"_links":{"self":[{"href":"https:\/\/lospoliticosveracruz.com\/index.php?rest_route=\/wp\/v2\/posts\/159411","targetHints":{"allow":["GET"]}}],"collection":[{"href":"https:\/\/lospoliticosveracruz.com\/index.php?rest_route=\/wp\/v2\/posts"}],"about":[{"href":"https:\/\/lospoliticosveracruz.com\/index.php?rest_route=\/wp\/v2\/types\/post"}],"author":[{"embeddable":true,"href":"https:\/\/lospoliticosveracruz.com\/index.php?rest_route=\/wp\/v2\/users\/2"}],"replies":[{"embeddable":true,"href":"https:\/\/lospoliticosveracruz.com\/index.php?rest_route=%2Fwp%2Fv2%2Fcomments&post=159411"}],"version-history":[{"count":2,"href":"https:\/\/lospoliticosveracruz.com\/index.php?rest_route=\/wp\/v2\/posts\/159411\/revisions"}],"predecessor-version":[{"id":161947,"href":"https:\/\/lospoliticosveracruz.com\/index.php?rest_route=\/wp\/v2\/posts\/159411\/revisions\/161947"}],"wp:featuredmedia":[{"embeddable":true,"href":"https:\/\/lospoliticosveracruz.com\/index.php?rest_route=\/wp\/v2\/media\/159412"}],"wp:attachment":[{"href":"https:\/\/lospoliticosveracruz.com\/index.php?rest_route=%2Fwp%2Fv2%2Fmedia&parent=159411"}],"wp:term":[{"taxonomy":"category","embeddable":true,"href":"https:\/\/lospoliticosveracruz.com\/index.php?rest_route=%2Fwp%2Fv2%2Fcategories&post=159411"},{"taxonomy":"post_tag","embeddable":true,"href":"https:\/\/lospoliticosveracruz.com\/index.php?rest_route=%2Fwp%2Fv2%2Ftags&post=159411"}],"curies":[{"name":"wp","href":"https:\/\/api.w.org\/{rel}","templated":true}]}}