{"id":159414,"date":"2026-01-02T11:49:57","date_gmt":"2026-01-02T17:49:57","guid":{"rendered":"https:\/\/lospoliticosveracruz.com\/?p=159414"},"modified":"2026-01-02T11:49:59","modified_gmt":"2026-01-02T17:49:59","slug":"jarochos-cumplidores","status":"publish","type":"post","link":"https:\/\/lospoliticosveracruz.com\/?p=159414","title":{"rendered":"JAROCHOS CUMPLIDORES!"},"content":{"rendered":"\n<p>Con gran afluencia de contribuyentes, el H. Ayuntamiento de Veracruz, inici\u00f3 el cobro del impuesto predial para el ejercicio 2026, aplicando descuentos del 20 por ciento al p\u00fablico en general y del 50 por ciento a los grupos vulnerables que ya se encuentran en padr\u00f3n, por pago anual anticipado en enero y febrero.<\/p>\n\n\n\n<p>Durante un recorrido de supervisi\u00f3n que realiz\u00f3 por los m\u00f3dulos de cobro, la alcaldesa de Veracruz, Rosa Mar\u00eda Hern\u00e1ndez Espejo, agradeci\u00f3 a la gente por \u201cesa muestra de responsabilidad c\u00edvica de pagar el predial en el primer d\u00eda; vienen con mucho \u00e1nimo porque saben que se los regresaremos en servicios p\u00fablicos eficientes y de calidad\u201d.<\/p>\n\n\n\n<p>La presidenta municipal exhort\u00f3 a la ciudadan\u00eda a que asistan y aprovechen los descuentos establecidos por pago anual anticipado, destacando que se han dispuesto carpas, sillas y guardavallas para que la gente acuda a pagar su predial con seguridad, tranquilidad y comodidad.<\/p>\n\n\n\n<p>\u201cYa est\u00e1n cobrando las cajas para atenci\u00f3n directa, sin filas para adultos mayores, personas con discapacidad y mujeres embarazadas, quienes tienen prioridad; adem\u00e1s del descuento establecido para jubilados, pensionados, familiares de v\u00edctimas de desaparici\u00f3n forzada y personas mayores de 60 a\u00f1os, ya registradas en el padr\u00f3n\u201d, abund\u00f3.<\/p>\n\n\n\n<p>Con la finalidad de facilitar este tr\u00e1mite, existen varios m\u00e9todos de pago:<\/p>\n\n\n\n<p>De manera presencial en las cajas de la Subdirecci\u00f3n de Ingresos del H. Ayuntamiento de Veracruz, ubicadas en el Edificio Trigueros, planta baja Mario Molina, esq. Ignacio Zaragoza, Centro. Veracruz, Ver. \u200b<\/p>\n\n\n\n<p>Horarios de atenci\u00f3n del 2 al 16 de enero: Lunes a viernes de 7:30 a 15:30 horas.<\/p>\n\n\n\n<p>Del 17 de enero al 28 de febrero: Lunes a viernes de 8:00 a 15:00 horas.<\/p>\n\n\n\n<p>En m\u00f3dulos alternos:<\/p>\n\n\n\n<p>Registro Civil de Veracruz<\/p>\n\n\n\n<p>Ignacio Zaragoza 325, esquina Benito Ju\u00e1rez, Centro. Veracruz, Ver.<\/p>\n\n\n\n<p>Horarios de atenci\u00f3n: lunes a viernes de 8:00 a 14:00 horas.<\/p>\n\n\n\n<p>DIF Matamoros<\/p>\n\n\n\n<p>Mariano Matamoros s\/n, Fracc. Los Pinos, Veracruz, Ver.<\/p>\n\n\n\n<p>Horarios de atenci\u00f3n: Lunes a viernes de 8:00 a 14:00 horas.<\/p>\n\n\n\n<p>Direcci\u00f3n de Obras P\u00fablicas y Desarrollo Urbano<\/p>\n\n\n\n<p>J.Grijalva, esq. Freyre, Fracc. Reforma CP 91919 Veracruz, Ver.<\/p>\n\n\n\n<p>Horarios de atenci\u00f3n: Lunes a viernes de 8:00 a 14:00 horas.<\/p>\n\n\n\n<p>DIF Ruiz Cortines<\/p>\n\n\n\n<p>Calle Oriente 2 entre Sur 4 y Sur 1 Colonia Ruiz Cortines. Veracruz, Ver.<\/p>\n\n\n\n<p>Horario de atenci\u00f3n: Lunes a viernes de 8:00 a 14:00 horas<\/p>\n\n\n\n<p>Agencia municipal de Santa Fe<\/p>\n\n\n\n<p>Calle Guadalupe Victoria s\/n Esquina Nicol\u00e1s Bravo Col. Centro<\/p>\n\n\n\n<p>Loc. Dr. Delfino A. Victoria<\/p>\n\n\n\n<p>Horario de atenci\u00f3n: Lunes a Viernes 9:00 a 13:00 horas.<\/p>\n\n\n\n<p>En l\u00ednea, a trav\u00e9s del portal de la Tesorer\u00eda virtual, con pago referenciado, usando como medio de pago tarjeta de cr\u00e9dito o d\u00e9bito:&nbsp;<a href=\"http:\/\/www.veracruzmunicipio.gob.mx\/\">www.veracruzmunicipio.gob.mx<\/a><\/p>\n\n\n\n<p>En bancos autorizados: Banorte, HSBC, BBVA, Santander y Banamex.<\/p>\n\n\n\n<p>En tiendas Oxxo.<\/p>\n","protected":false},"excerpt":{"rendered":"<p>Con gran afluencia de contribuyentes, el H. Ayuntamiento de Veracruz, inici\u00f3 el cobro del impuesto predial para el ejercicio 2026, aplicando descuentos del 20 por ciento al p\u00fablico en general y del 50 por ciento a los grupos vulnerables que ya se encuentran en padr\u00f3n, por pago anual anticipado en enero y febrero. Durante un [&hellip;]<\/p>\n","protected":false},"author":2,"featured_media":159416,"comment_status":"closed","ping_status":"closed","sticky":false,"template":"","format":"standard","meta":{"tdm_status":"","tdm_grid_status":"","footnotes":""},"categories":[73],"tags":[48380,48485,48487,48486,48483,11900,48484],"class_list":{"0":"post-159414","1":"post","2":"type-post","3":"status-publish","4":"format-standard","5":"has-post-thumbnail","7":"category-de-boleto","8":"tag-ayuntamiento-de-veracruz-2026-2029","9":"tag-descuentos-predial-veracruz","10":"tag-impuesto-predial-enero-y-febrero","11":"tag-modulos-de-cobro-predial-veracruz","12":"tag-pago-predial-veracruz-2026","13":"tag-rosa-maria-hernandez-espejo","14":"tag-tesoreria-virtual-veracruz"},"yoast_head":"<!-- This site is optimized with the Yoast SEO plugin v27.4 - https:\/\/yoast.com\/product\/yoast-seo-wordpress\/ -->\n<title>JAROCHOS CUMPLIDORES! - Los pol\u00edticos Veracruz<\/title>\n<meta name=\"robots\" content=\"index, follow, max-snippet:-1, max-image-preview:large, max-video-preview:-1\" \/>\n<link rel=\"canonical\" href=\"https:\/\/lospoliticosveracruz.com\/?p=159414\" \/>\n<meta property=\"og:locale\" content=\"es_ES\" \/>\n<meta property=\"og:type\" content=\"article\" \/>\n<meta property=\"og:title\" content=\"JAROCHOS CUMPLIDORES! - Los pol\u00edticos Veracruz\" \/>\n<meta property=\"og:description\" content=\"Con gran afluencia de contribuyentes, el H. Ayuntamiento de Veracruz, inici\u00f3 el cobro del impuesto predial para el ejercicio 2026, aplicando descuentos del 20 por ciento al p\u00fablico en general y del 50 por ciento a los grupos vulnerables que ya se encuentran en padr\u00f3n, por pago anual anticipado en enero y febrero. Durante un [&hellip;]\" \/>\n<meta property=\"og:url\" content=\"https:\/\/lospoliticosveracruz.com\/?p=159414\" \/>\n<meta property=\"og:site_name\" content=\"Los pol\u00edticos Veracruz\" \/>\n<meta property=\"article:publisher\" content=\"https:\/\/www.facebook.com\/people\/Notimemes-de-los-Polticos\/61565672886568\/\" \/>\n<meta property=\"article:published_time\" content=\"2026-01-02T17:49:57+00:00\" \/>\n<meta property=\"article:modified_time\" content=\"2026-01-02T17:49:59+00:00\" \/>\n<meta property=\"og:image\" content=\"https:\/\/lospoliticosveracruz.com\/wp-content\/uploads\/2026\/01\/Rosa-Maria-.jpg\" \/>\n\t<meta property=\"og:image:width\" content=\"600\" \/>\n\t<meta property=\"og:image:height\" content=\"320\" \/>\n\t<meta property=\"og:image:type\" content=\"image\/jpeg\" \/>\n<meta name=\"author\" content=\"Lo viste en Los Pol\u00edticos\" \/>\n<meta name=\"twitter:card\" content=\"summary_large_image\" \/>\n<meta name=\"twitter:creator\" content=\"@LosPoliticosVer\" \/>\n<meta name=\"twitter:site\" content=\"@LosPoliticosVer\" \/>\n<meta name=\"twitter:label1\" content=\"Escrito por\" \/>\n\t<meta name=\"twitter:data1\" content=\"Lo viste en Los Pol\u00edticos\" \/>\n\t<meta name=\"twitter:label2\" content=\"Tiempo de lectura\" \/>\n\t<meta name=\"twitter:data2\" content=\"3 minutos\" \/>\n<script type=\"application\/ld+json\" class=\"yoast-schema-graph\">{\"@context\":\"https:\\\/\\\/schema.org\",\"@graph\":[{\"@type\":\"Article\",\"@id\":\"https:\\\/\\\/lospoliticosveracruz.com\\\/?p=159414#article\",\"isPartOf\":{\"@id\":\"https:\\\/\\\/lospoliticosveracruz.com\\\/?p=159414\"},\"author\":{\"name\":\"Lo viste en Los Pol\u00edticos\",\"@id\":\"https:\\\/\\\/lospoliticosveracruz.com\\\/#\\\/schema\\\/person\\\/b8702bb0e538456e6efd07080bf2a4a2\"},\"headline\":\"JAROCHOS CUMPLIDORES!\",\"datePublished\":\"2026-01-02T17:49:57+00:00\",\"dateModified\":\"2026-01-02T17:49:59+00:00\",\"mainEntityOfPage\":{\"@id\":\"https:\\\/\\\/lospoliticosveracruz.com\\\/?p=159414\"},\"wordCount\":459,\"publisher\":{\"@id\":\"https:\\\/\\\/lospoliticosveracruz.com\\\/#organization\"},\"image\":{\"@id\":\"https:\\\/\\\/lospoliticosveracruz.com\\\/?p=159414#primaryimage\"},\"thumbnailUrl\":\"https:\\\/\\\/lospoliticosveracruz.com\\\/wp-content\\\/uploads\\\/2026\\\/01\\\/Rosa-Maria-.jpg\",\"keywords\":[\"Ayuntamiento de Veracruz 2026-2029\",\"Descuentos predial Veracruz\",\"Impuesto predial enero y febrero\",\"M\u00f3dulos de cobro predial Veracruz\",\"Pago predial Veracruz 2026\",\"Rosa Mar\u00eda Hern\u00e1ndez Espejo\",\"Tesorer\u00eda virtual Veracruz\"],\"articleSection\":[\"De Boleto\"],\"inLanguage\":\"es\"},{\"@type\":\"WebPage\",\"@id\":\"https:\\\/\\\/lospoliticosveracruz.com\\\/?p=159414\",\"url\":\"https:\\\/\\\/lospoliticosveracruz.com\\\/?p=159414\",\"name\":\"JAROCHOS CUMPLIDORES! - Los pol\u00edticos Veracruz\",\"isPartOf\":{\"@id\":\"https:\\\/\\\/lospoliticosveracruz.com\\\/#website\"},\"primaryImageOfPage\":{\"@id\":\"https:\\\/\\\/lospoliticosveracruz.com\\\/?p=159414#primaryimage\"},\"image\":{\"@id\":\"https:\\\/\\\/lospoliticosveracruz.com\\\/?p=159414#primaryimage\"},\"thumbnailUrl\":\"https:\\\/\\\/lospoliticosveracruz.com\\\/wp-content\\\/uploads\\\/2026\\\/01\\\/Rosa-Maria-.jpg\",\"datePublished\":\"2026-01-02T17:49:57+00:00\",\"dateModified\":\"2026-01-02T17:49:59+00:00\",\"breadcrumb\":{\"@id\":\"https:\\\/\\\/lospoliticosveracruz.com\\\/?p=159414#breadcrumb\"},\"inLanguage\":\"es\",\"potentialAction\":[{\"@type\":\"ReadAction\",\"target\":[\"https:\\\/\\\/lospoliticosveracruz.com\\\/?p=159414\"]}]},{\"@type\":\"ImageObject\",\"inLanguage\":\"es\",\"@id\":\"https:\\\/\\\/lospoliticosveracruz.com\\\/?p=159414#primaryimage\",\"url\":\"https:\\\/\\\/lospoliticosveracruz.com\\\/wp-content\\\/uploads\\\/2026\\\/01\\\/Rosa-Maria-.jpg\",\"contentUrl\":\"https:\\\/\\\/lospoliticosveracruz.com\\\/wp-content\\\/uploads\\\/2026\\\/01\\\/Rosa-Maria-.jpg\",\"width\":600,\"height\":320},{\"@type\":\"BreadcrumbList\",\"@id\":\"https:\\\/\\\/lospoliticosveracruz.com\\\/?p=159414#breadcrumb\",\"itemListElement\":[{\"@type\":\"ListItem\",\"position\":1,\"name\":\"Portada\",\"item\":\"https:\\\/\\\/lospoliticosveracruz.com\\\/\"},{\"@type\":\"ListItem\",\"position\":2,\"name\":\"JAROCHOS CUMPLIDORES!\"}]},{\"@type\":\"WebSite\",\"@id\":\"https:\\\/\\\/lospoliticosveracruz.com\\\/#website\",\"url\":\"https:\\\/\\\/lospoliticosveracruz.com\\\/\",\"name\":\"Los pol\u00edticos Veracruz\",\"description\":\"\",\"publisher\":{\"@id\":\"https:\\\/\\\/lospoliticosveracruz.com\\\/#organization\"},\"potentialAction\":[{\"@type\":\"SearchAction\",\"target\":{\"@type\":\"EntryPoint\",\"urlTemplate\":\"https:\\\/\\\/lospoliticosveracruz.com\\\/?s={search_term_string}\"},\"query-input\":{\"@type\":\"PropertyValueSpecification\",\"valueRequired\":true,\"valueName\":\"search_term_string\"}}],\"inLanguage\":\"es\"},{\"@type\":\"Organization\",\"@id\":\"https:\\\/\\\/lospoliticosveracruz.com\\\/#organization\",\"name\":\"Los pol\u00edticos Veracruz\",\"url\":\"https:\\\/\\\/lospoliticosveracruz.com\\\/\",\"logo\":{\"@type\":\"ImageObject\",\"inLanguage\":\"es\",\"@id\":\"https:\\\/\\\/lospoliticosveracruz.com\\\/#\\\/schema\\\/logo\\\/image\\\/\",\"url\":\"https:\\\/\\\/lospoliticosveracruz.com\\\/wp-content\\\/uploads\\\/2025\\\/12\\\/Logo-Nuevo-LOS-POLITICOS-1.jpg\",\"contentUrl\":\"https:\\\/\\\/lospoliticosveracruz.com\\\/wp-content\\\/uploads\\\/2025\\\/12\\\/Logo-Nuevo-LOS-POLITICOS-1.jpg\",\"width\":260,\"height\":70,\"caption\":\"Los pol\u00edticos Veracruz\"},\"image\":{\"@id\":\"https:\\\/\\\/lospoliticosveracruz.com\\\/#\\\/schema\\\/logo\\\/image\\\/\"},\"sameAs\":[\"https:\\\/\\\/www.facebook.com\\\/people\\\/Notimemes-de-los-Polticos\\\/61565672886568\\\/\",\"https:\\\/\\\/x.com\\\/LosPoliticosVer\"]},{\"@type\":\"Person\",\"@id\":\"https:\\\/\\\/lospoliticosveracruz.com\\\/#\\\/schema\\\/person\\\/b8702bb0e538456e6efd07080bf2a4a2\",\"name\":\"Lo viste en Los Pol\u00edticos\",\"image\":{\"@type\":\"ImageObject\",\"inLanguage\":\"es\",\"@id\":\"https:\\\/\\\/secure.gravatar.com\\\/avatar\\\/3a8de04a2656d44082be478bd6c086daa447c4651605818287b9532d3d0bd435?s=96&d=mm&r=g\",\"url\":\"https:\\\/\\\/secure.gravatar.com\\\/avatar\\\/3a8de04a2656d44082be478bd6c086daa447c4651605818287b9532d3d0bd435?s=96&d=mm&r=g\",\"contentUrl\":\"https:\\\/\\\/secure.gravatar.com\\\/avatar\\\/3a8de04a2656d44082be478bd6c086daa447c4651605818287b9532d3d0bd435?s=96&d=mm&r=g\",\"caption\":\"Lo viste en Los Pol\u00edticos\"},\"url\":\"https:\\\/\\\/lospoliticosveracruz.com\\\/?author=2\"}]}<\/script>\n<!-- \/ Yoast SEO plugin. -->","yoast_head_json":{"title":"JAROCHOS CUMPLIDORES! - Los pol\u00edticos Veracruz","robots":{"index":"index","follow":"follow","max-snippet":"max-snippet:-1","max-image-preview":"max-image-preview:large","max-video-preview":"max-video-preview:-1"},"canonical":"https:\/\/lospoliticosveracruz.com\/?p=159414","og_locale":"es_ES","og_type":"article","og_title":"JAROCHOS CUMPLIDORES! - Los pol\u00edticos Veracruz","og_description":"Con gran afluencia de contribuyentes, el H. Ayuntamiento de Veracruz, inici\u00f3 el cobro del impuesto predial para el ejercicio 2026, aplicando descuentos del 20 por ciento al p\u00fablico en general y del 50 por ciento a los grupos vulnerables que ya se encuentran en padr\u00f3n, por pago anual anticipado en enero y febrero. Durante un [&hellip;]","og_url":"https:\/\/lospoliticosveracruz.com\/?p=159414","og_site_name":"Los pol\u00edticos Veracruz","article_publisher":"https:\/\/www.facebook.com\/people\/Notimemes-de-los-Polticos\/61565672886568\/","article_published_time":"2026-01-02T17:49:57+00:00","article_modified_time":"2026-01-02T17:49:59+00:00","og_image":[{"width":600,"height":320,"url":"https:\/\/lospoliticosveracruz.com\/wp-content\/uploads\/2026\/01\/Rosa-Maria-.jpg","type":"image\/jpeg"}],"author":"Lo viste en Los Pol\u00edticos","twitter_card":"summary_large_image","twitter_creator":"@LosPoliticosVer","twitter_site":"@LosPoliticosVer","twitter_misc":{"Escrito por":"Lo viste en Los Pol\u00edticos","Tiempo de lectura":"3 minutos"},"schema":{"@context":"https:\/\/schema.org","@graph":[{"@type":"Article","@id":"https:\/\/lospoliticosveracruz.com\/?p=159414#article","isPartOf":{"@id":"https:\/\/lospoliticosveracruz.com\/?p=159414"},"author":{"name":"Lo viste en Los Pol\u00edticos","@id":"https:\/\/lospoliticosveracruz.com\/#\/schema\/person\/b8702bb0e538456e6efd07080bf2a4a2"},"headline":"JAROCHOS CUMPLIDORES!","datePublished":"2026-01-02T17:49:57+00:00","dateModified":"2026-01-02T17:49:59+00:00","mainEntityOfPage":{"@id":"https:\/\/lospoliticosveracruz.com\/?p=159414"},"wordCount":459,"publisher":{"@id":"https:\/\/lospoliticosveracruz.com\/#organization"},"image":{"@id":"https:\/\/lospoliticosveracruz.com\/?p=159414#primaryimage"},"thumbnailUrl":"https:\/\/lospoliticosveracruz.com\/wp-content\/uploads\/2026\/01\/Rosa-Maria-.jpg","keywords":["Ayuntamiento de Veracruz 2026-2029","Descuentos predial Veracruz","Impuesto predial enero y febrero","M\u00f3dulos de cobro predial Veracruz","Pago predial Veracruz 2026","Rosa Mar\u00eda Hern\u00e1ndez Espejo","Tesorer\u00eda virtual Veracruz"],"articleSection":["De Boleto"],"inLanguage":"es"},{"@type":"WebPage","@id":"https:\/\/lospoliticosveracruz.com\/?p=159414","url":"https:\/\/lospoliticosveracruz.com\/?p=159414","name":"JAROCHOS CUMPLIDORES! - Los pol\u00edticos Veracruz","isPartOf":{"@id":"https:\/\/lospoliticosveracruz.com\/#website"},"primaryImageOfPage":{"@id":"https:\/\/lospoliticosveracruz.com\/?p=159414#primaryimage"},"image":{"@id":"https:\/\/lospoliticosveracruz.com\/?p=159414#primaryimage"},"thumbnailUrl":"https:\/\/lospoliticosveracruz.com\/wp-content\/uploads\/2026\/01\/Rosa-Maria-.jpg","datePublished":"2026-01-02T17:49:57+00:00","dateModified":"2026-01-02T17:49:59+00:00","breadcrumb":{"@id":"https:\/\/lospoliticosveracruz.com\/?p=159414#breadcrumb"},"inLanguage":"es","potentialAction":[{"@type":"ReadAction","target":["https:\/\/lospoliticosveracruz.com\/?p=159414"]}]},{"@type":"ImageObject","inLanguage":"es","@id":"https:\/\/lospoliticosveracruz.com\/?p=159414#primaryimage","url":"https:\/\/lospoliticosveracruz.com\/wp-content\/uploads\/2026\/01\/Rosa-Maria-.jpg","contentUrl":"https:\/\/lospoliticosveracruz.com\/wp-content\/uploads\/2026\/01\/Rosa-Maria-.jpg","width":600,"height":320},{"@type":"BreadcrumbList","@id":"https:\/\/lospoliticosveracruz.com\/?p=159414#breadcrumb","itemListElement":[{"@type":"ListItem","position":1,"name":"Portada","item":"https:\/\/lospoliticosveracruz.com\/"},{"@type":"ListItem","position":2,"name":"JAROCHOS CUMPLIDORES!"}]},{"@type":"WebSite","@id":"https:\/\/lospoliticosveracruz.com\/#website","url":"https:\/\/lospoliticosveracruz.com\/","name":"Los pol\u00edticos Veracruz","description":"","publisher":{"@id":"https:\/\/lospoliticosveracruz.com\/#organization"},"potentialAction":[{"@type":"SearchAction","target":{"@type":"EntryPoint","urlTemplate":"https:\/\/lospoliticosveracruz.com\/?s={search_term_string}"},"query-input":{"@type":"PropertyValueSpecification","valueRequired":true,"valueName":"search_term_string"}}],"inLanguage":"es"},{"@type":"Organization","@id":"https:\/\/lospoliticosveracruz.com\/#organization","name":"Los pol\u00edticos Veracruz","url":"https:\/\/lospoliticosveracruz.com\/","logo":{"@type":"ImageObject","inLanguage":"es","@id":"https:\/\/lospoliticosveracruz.com\/#\/schema\/logo\/image\/","url":"https:\/\/lospoliticosveracruz.com\/wp-content\/uploads\/2025\/12\/Logo-Nuevo-LOS-POLITICOS-1.jpg","contentUrl":"https:\/\/lospoliticosveracruz.com\/wp-content\/uploads\/2025\/12\/Logo-Nuevo-LOS-POLITICOS-1.jpg","width":260,"height":70,"caption":"Los pol\u00edticos Veracruz"},"image":{"@id":"https:\/\/lospoliticosveracruz.com\/#\/schema\/logo\/image\/"},"sameAs":["https:\/\/www.facebook.com\/people\/Notimemes-de-los-Polticos\/61565672886568\/","https:\/\/x.com\/LosPoliticosVer"]},{"@type":"Person","@id":"https:\/\/lospoliticosveracruz.com\/#\/schema\/person\/b8702bb0e538456e6efd07080bf2a4a2","name":"Lo viste en Los Pol\u00edticos","image":{"@type":"ImageObject","inLanguage":"es","@id":"https:\/\/secure.gravatar.com\/avatar\/3a8de04a2656d44082be478bd6c086daa447c4651605818287b9532d3d0bd435?s=96&d=mm&r=g","url":"https:\/\/secure.gravatar.com\/avatar\/3a8de04a2656d44082be478bd6c086daa447c4651605818287b9532d3d0bd435?s=96&d=mm&r=g","contentUrl":"https:\/\/secure.gravatar.com\/avatar\/3a8de04a2656d44082be478bd6c086daa447c4651605818287b9532d3d0bd435?s=96&d=mm&r=g","caption":"Lo viste en Los Pol\u00edticos"},"url":"https:\/\/lospoliticosveracruz.com\/?author=2"}]}},"_links":{"self":[{"href":"https:\/\/lospoliticosveracruz.com\/index.php?rest_route=\/wp\/v2\/posts\/159414","targetHints":{"allow":["GET"]}}],"collection":[{"href":"https:\/\/lospoliticosveracruz.com\/index.php?rest_route=\/wp\/v2\/posts"}],"about":[{"href":"https:\/\/lospoliticosveracruz.com\/index.php?rest_route=\/wp\/v2\/types\/post"}],"author":[{"embeddable":true,"href":"https:\/\/lospoliticosveracruz.com\/index.php?rest_route=\/wp\/v2\/users\/2"}],"replies":[{"embeddable":true,"href":"https:\/\/lospoliticosveracruz.com\/index.php?rest_route=%2Fwp%2Fv2%2Fcomments&post=159414"}],"version-history":[{"count":1,"href":"https:\/\/lospoliticosveracruz.com\/index.php?rest_route=\/wp\/v2\/posts\/159414\/revisions"}],"predecessor-version":[{"id":159417,"href":"https:\/\/lospoliticosveracruz.com\/index.php?rest_route=\/wp\/v2\/posts\/159414\/revisions\/159417"}],"wp:featuredmedia":[{"embeddable":true,"href":"https:\/\/lospoliticosveracruz.com\/index.php?rest_route=\/wp\/v2\/media\/159416"}],"wp:attachment":[{"href":"https:\/\/lospoliticosveracruz.com\/index.php?rest_route=%2Fwp%2Fv2%2Fmedia&parent=159414"}],"wp:term":[{"taxonomy":"category","embeddable":true,"href":"https:\/\/lospoliticosveracruz.com\/index.php?rest_route=%2Fwp%2Fv2%2Fcategories&post=159414"},{"taxonomy":"post_tag","embeddable":true,"href":"https:\/\/lospoliticosveracruz.com\/index.php?rest_route=%2Fwp%2Fv2%2Ftags&post=159414"}],"curies":[{"name":"wp","href":"https:\/\/api.w.org\/{rel}","templated":true}]}}