{"id":159471,"date":"2026-01-03T11:47:16","date_gmt":"2026-01-03T17:47:16","guid":{"rendered":"https:\/\/lospoliticosveracruz.com\/?p=159471"},"modified":"2026-01-03T11:47:17","modified_gmt":"2026-01-03T17:47:17","slug":"les-pega-la-cuesta","status":"publish","type":"post","link":"https:\/\/lospoliticosveracruz.com\/?p=159471","title":{"rendered":"LES PEGA LA CUESTA!"},"content":{"rendered":"\n<p><strong>Oved Contreras<\/strong><\/p>\n\n\n\n<p><em>Secas Mecas<\/em><\/p>\n\n\n\n<p>LES PEGA LA CUESTA\u2026a los trabajadores del sector Salud no le han pagado el bono navide\u00f1o, mientras que los empleados que prestan servicios de limpieza a la Secretar\u00eda de Salud de Veracruz se manifestaron ayer en Xalapa porque tambi\u00e9n les deben salario y aguinaldo. \u00bfPues no que primero los pobres y que son un gobierno humanista? Todo indica que hay un desorden en la Secretar\u00eda de Finanzas que dirige el pipope Miguel\u00f3n Reyes, que no hay dinero para cubrir todas las obligaciones.<\/p>\n\n\n\n<p>Solo as\u00ed se entiende que hace unos d\u00edas, la t\u00eda Ch\u00edo anunciara un reemplacaniento vehicular parejo quesque para poner orden en el parque vehicular\u2026lo mismo dijeron sus antecesores para justificar lo de las placas\u2026la gobernadora tambi\u00e9n remiti\u00f3 al Congreso local una iniciativa de decreto que reforma diversos art\u00edculos del C\u00f3digo Financiero del Estado de Veracruz, con el objetivo de modificar la forma en que se administran los recursos provenientes del Impuesto por la Prestaci\u00f3n de Servicios de Hospedaje.<\/p>\n\n\n\n<p>En la iniciativa se plantea que los fondos recaudados por el impuesto al hospedaje puedan aplicarse no solo en promoci\u00f3n tur\u00edstica, sino tambi\u00e9n en \u201cinfraestructura p\u00fablica de inter\u00e9s general\u201d, ampliando su alcance. Los representantes de las siete regiones tur\u00edsticas del estado, que hasta ahora ten\u00edan voz y voto en la toma de decisiones sobre el uso de estos recursos, pasar\u00edan a tener \u00fanicamente voz, sin capacidad de voto.<\/p>\n\n\n\n<p>El manejo de los recursos se realizar\u00eda a trav\u00e9s de un fideicomiso, operado por un administrador especializado, lo que busca un mayor control t\u00e9cnico y centralizado de los recursos. La iniciativa elimina la facultad de decisi\u00f3n de los representantes tur\u00edsticos, reduciendo su papel a meros observadores o asesores.<\/p>\n\n\n\n<p>A la t\u00eda Corajes le urge echar mano de donde sea para tener liquidez financiera y poder hacer frente a todos sus compromisos\u2026y con eso de que los recursos federales vienen bajado por all\u00ed del mes de marzo, estas semanas apenas habr\u00e1 para sacar lo urgente\u2026ser\u00e1 un gobierno de saliva en plena cuesta de enero.<\/p>\n\n\n\n<p>LES SAC\u00d3 SUS TRAPITOS\u2026Al cumplir las primeras horas de su prisi\u00f3n domiciliaria, el periodista Rafael \u201cLafita\u201d Le\u00f3n denunci\u00f3 represalias a su labor tras ser detenido con cargos de terrorismo y encubrimiento, y aprovecha todos los medios a su alcance para evidenciar el manoseo de su caso por parte de fiscal\u00eda estatal.<\/p>\n\n\n\n<p>En entrevista con el diario espa\u00f1ol El Pa\u00eds, explic\u00f3 que sus enfrentamientos con la Fiscal\u00eda se remontan a m\u00e1s de una d\u00e9cada atr\u00e1s, cuando presion\u00f3 con sus publicaciones a las autoridades a investigar el caso de la violaci\u00f3n de una ni\u00f1a en el municipio de Nanchital que qued\u00f3 impune. \u201cLa madre me da la entrevista y le empezamos a pegar a la Fiscal\u00eda. Duro, macizo y sin ning\u00fan compromiso. Entonces es cuando al fin le hacen justicia a esta chiquilla\u201d.<\/p>\n\n\n\n<p>Tambi\u00e9n recuerda cuando ayud\u00f3 a un grupo de prostitutas a manifestarse para que le devolvieran la custodia de sus hijos a una de ellas. Luego de lo anterior, en 2022 lo detuvieron por primera vez en su casa con un cargo de agresi\u00f3n y violaci\u00f3n a una mujer de 24 a\u00f1os. \u201cLlega la polic\u00eda y se llevan (a la mujer que le acusaba) a que la chequen, le hacen un certificado m\u00e9dico donde no estaba golpeada, no aparec\u00eda ni un rasgu\u00f1o, pero resulta que la Fiscal\u00eda esconde ese certificado m\u00e9dico. Entonces, ah\u00ed empieza mi martirio\u201d, explic\u00f3. Pero los cargos quedaron desechados hace dos semanas, cuando un juez le absolvi\u00f3 de las acusaciones por falta de pruebas.<\/p>\n\n\n\n<p>Entonces la Fiscal\u00eda, al ver que no le pudo hacer nada por ese lado, a los 14 d\u00edas se hace esta nueva bomba de acusarlo por terrorismo, encubrimiento por favorecimiento y ataques a las instituciones de seguridad p\u00fablica. Lafita Le\u00f3n refiere que el cargo de encubrimiento lo justifica la Fiscal\u00eda Regional de Coatzacoalcos, a cargo de Karla D\u00edaz Hermosillo, por no avisarles cada vez que ten\u00eda un pitazo de sus fuentes -que sostiene son en su mayor\u00eda ch\u00f3feres de taxi- si aparec\u00eda un cad\u00e1ver o una narcomanta en las calles, a lo que responde que no reporta a las autoridades cuando recibe los avisos de forma inmediata para evitar que le impidan el paso a la zona.<\/p>\n\n\n\n<p>Cuando en el lugar hay un narcomensaje impreso en una lona, Rafael Le\u00f3n reporta todo su contenido sin censura, aunque incluya acusaciones de la supuesta implicaci\u00f3n de la polic\u00eda de Veracruz en varios delitos, y por eso lo acusan de generar terrorismo entre la poblaci\u00f3n.<\/p>\n\n\n\n<p>\u201cLa Secretar\u00eda de Seguridad P\u00fablica es presuntamente quien est\u00e1 secuestrando o los que est\u00e1n poniendo las lonas. Les molest\u00f3 que yo dijera que son ellos\u201d, detall\u00f3.<br>Adem\u00e1s, las autoridades se\u00f1alan en la acusaci\u00f3n que \u201cLafita\u201d tiene relaci\u00f3n con los delincuentes. \u201cMe est\u00e1n acusando de que yo entraba a los Ceresos y me recib\u00eda la delincuencia organizada como si fuera yo un rey. Que me atend\u00edan con comidas grandes y me pon\u00edan dos mujeres de un lado, o sea, cuatro\u201d.<\/p>\n\n\n\n<p>Lafita Le\u00f3n dice que teme volver a cubrir temas de violencia, por lo que se limitar\u00e1 a notas menores, cubrir choques, volcaduras, gente que ande borracha y evitar\u00e1 temas que tenga que ver con la delincuencia organizada. Aunque conf\u00eda en tener justicia y que se demuestre que su caso es una represalia por \u201csacarle los trapos sucios\u201d a las autoridades, y pide que se vaya de Coatzacoalcos esta fiscal regional, tambi\u00e9n el fiscal de distrito y la polic\u00eda ministerial.<\/p>\n\n\n\n<p>EQUIPAZO DE MARYJOSE\u2026la alcaldesa de Boca del R\u00edo, Maryjose Gamboa present\u00f3 de manera oficial al gabinete municipal que la acompa\u00f1ar\u00e1 durante su administraci\u00f3n, integrado por mujeres y hombres con experiencia, capacidad y un profundo compromiso de servicio, quienes pondr\u00e1n su trabajo y vocaci\u00f3n al servicio de una ciudad que no se conforma con menos que la excelencia.<\/p>\n\n\n\n<p>Con el prop\u00f3sito de garantizar un gobierno eficiente, ordenado y con resultados, mencion\u00f3 que el Ayuntamiento de Boca del R\u00edo contar\u00e1 con 6 Coordinaciones estrat\u00e9gicas que articular\u00e1n el trabajo de las distintas direcciones municipales. Cada una estar\u00e1 encabezada por perfiles con trayectoria, experiencia y capacidad probada, comprometidos con el desarrollo y bienestar de la ciudad\u201d.<\/p>\n\n\n\n<p>Entre los nombramientos destacan V\u00edctor \u00c1ngel S\u00e1nchez Pineda, nuestro Vicpin como director de Comunicaci\u00f3n Social, Mario Alberto Elizalde P\u00e9rez como director de Obras P\u00fablicas y Desarrollo Urbano, Karla Coronado Grijalva como directora de Inclusi\u00f3n Social, Blanca Lucrecia Aquino Santiago como directora del Instituto Municipal de las Mujeres y Jacob Hern\u00e1ndez como director de Asuntos Jur\u00eddicos, entre otros.<\/p>\n","protected":false},"excerpt":{"rendered":"<p>Oved Contreras Secas Mecas LES PEGA LA CUESTA\u2026a los trabajadores del sector Salud no le han pagado el bono navide\u00f1o, mientras que los empleados que prestan servicios de limpieza a la Secretar\u00eda de Salud de Veracruz se manifestaron ayer en Xalapa porque tambi\u00e9n les deben salario y aguinaldo. \u00bfPues no que primero los pobres y [&hellip;]<\/p>\n","protected":false},"author":2,"featured_media":141426,"comment_status":"closed","ping_status":"closed","sticky":false,"template":"","format":"standard","meta":{"tdm_status":"","tdm_grid_status":"","footnotes":""},"categories":[70],"tags":[47980,48558,1197,48178,1937,3578,1090,195],"class_list":{"0":"post-159471","1":"post","2":"type-post","3":"status-publish","4":"format-standard","5":"has-post-thumbnail","7":"category-de-opinion","8":"tag-aguinaldo","9":"tag-bono-navideno","10":"tag-el-pais","11":"tag-lafita-leon","12":"tag-maryjose-gamboa","13":"tag-rocio-nahle","14":"tag-sector-salud","15":"tag-veracruz"},"yoast_head":"<!-- This site is optimized with the Yoast SEO plugin v27.4 - https:\/\/yoast.com\/product\/yoast-seo-wordpress\/ -->\n<title>LES PEGA LA CUESTA! - Los pol\u00edticos Veracruz<\/title>\n<meta name=\"robots\" content=\"index, follow, max-snippet:-1, max-image-preview:large, max-video-preview:-1\" \/>\n<link rel=\"canonical\" href=\"https:\/\/lospoliticosveracruz.com\/?p=159471\" \/>\n<meta property=\"og:locale\" content=\"es_ES\" \/>\n<meta property=\"og:type\" content=\"article\" \/>\n<meta property=\"og:title\" content=\"LES PEGA LA CUESTA! - Los pol\u00edticos Veracruz\" \/>\n<meta property=\"og:description\" content=\"Oved Contreras Secas Mecas LES PEGA LA CUESTA\u2026a los trabajadores del sector Salud no le han pagado el bono navide\u00f1o, mientras que los empleados que prestan servicios de limpieza a la Secretar\u00eda de Salud de Veracruz se manifestaron ayer en Xalapa porque tambi\u00e9n les deben salario y aguinaldo. \u00bfPues no que primero los pobres y [&hellip;]\" \/>\n<meta property=\"og:url\" content=\"https:\/\/lospoliticosveracruz.com\/?p=159471\" \/>\n<meta property=\"og:site_name\" content=\"Los pol\u00edticos Veracruz\" \/>\n<meta property=\"article:publisher\" content=\"https:\/\/www.facebook.com\/people\/Notimemes-de-los-Polticos\/61565672886568\/\" \/>\n<meta property=\"article:published_time\" content=\"2026-01-03T17:47:16+00:00\" \/>\n<meta property=\"article:modified_time\" content=\"2026-01-03T17:47:17+00:00\" \/>\n<meta property=\"og:image\" content=\"https:\/\/lospoliticosveracruz.com\/wp-content\/uploads\/2025\/04\/Oved-Contreras-e1768066319253.jpg\" \/>\n\t<meta property=\"og:image:width\" content=\"600\" \/>\n\t<meta property=\"og:image:height\" content=\"320\" \/>\n\t<meta property=\"og:image:type\" content=\"image\/jpeg\" \/>\n<meta name=\"author\" content=\"Lo viste en Los Pol\u00edticos\" \/>\n<meta name=\"twitter:card\" content=\"summary_large_image\" \/>\n<meta name=\"twitter:creator\" content=\"@LosPoliticosVer\" \/>\n<meta name=\"twitter:site\" content=\"@LosPoliticosVer\" \/>\n<meta name=\"twitter:label1\" content=\"Escrito por\" \/>\n\t<meta name=\"twitter:data1\" content=\"Lo viste en Los Pol\u00edticos\" \/>\n\t<meta name=\"twitter:label2\" content=\"Tiempo de lectura\" \/>\n\t<meta name=\"twitter:data2\" content=\"6 minutos\" \/>\n<script type=\"application\/ld+json\" class=\"yoast-schema-graph\">{\"@context\":\"https:\\\/\\\/schema.org\",\"@graph\":[{\"@type\":\"Article\",\"@id\":\"https:\\\/\\\/lospoliticosveracruz.com\\\/?p=159471#article\",\"isPartOf\":{\"@id\":\"https:\\\/\\\/lospoliticosveracruz.com\\\/?p=159471\"},\"author\":{\"name\":\"Lo viste en Los Pol\u00edticos\",\"@id\":\"https:\\\/\\\/lospoliticosveracruz.com\\\/#\\\/schema\\\/person\\\/b8702bb0e538456e6efd07080bf2a4a2\"},\"headline\":\"LES PEGA LA CUESTA!\",\"datePublished\":\"2026-01-03T17:47:16+00:00\",\"dateModified\":\"2026-01-03T17:47:17+00:00\",\"mainEntityOfPage\":{\"@id\":\"https:\\\/\\\/lospoliticosveracruz.com\\\/?p=159471\"},\"wordCount\":1174,\"publisher\":{\"@id\":\"https:\\\/\\\/lospoliticosveracruz.com\\\/#organization\"},\"image\":{\"@id\":\"https:\\\/\\\/lospoliticosveracruz.com\\\/?p=159471#primaryimage\"},\"thumbnailUrl\":\"https:\\\/\\\/lospoliticosveracruz.com\\\/wp-content\\\/uploads\\\/2025\\\/04\\\/Oved-Contreras-e1768066319253.jpg\",\"keywords\":[\"Aguinaldo\",\"bono navide\u00f1o\",\"El Pa\u00eds\",\"Lafita Le\u00f3n\",\"Maryjose Gamboa\",\"Roc\u00edo Nahle\",\"Sector Salud\",\"Veracruz\"],\"articleSection\":[\"De Opini\u00f3n\"],\"inLanguage\":\"es\"},{\"@type\":\"WebPage\",\"@id\":\"https:\\\/\\\/lospoliticosveracruz.com\\\/?p=159471\",\"url\":\"https:\\\/\\\/lospoliticosveracruz.com\\\/?p=159471\",\"name\":\"LES PEGA LA CUESTA! - Los pol\u00edticos Veracruz\",\"isPartOf\":{\"@id\":\"https:\\\/\\\/lospoliticosveracruz.com\\\/#website\"},\"primaryImageOfPage\":{\"@id\":\"https:\\\/\\\/lospoliticosveracruz.com\\\/?p=159471#primaryimage\"},\"image\":{\"@id\":\"https:\\\/\\\/lospoliticosveracruz.com\\\/?p=159471#primaryimage\"},\"thumbnailUrl\":\"https:\\\/\\\/lospoliticosveracruz.com\\\/wp-content\\\/uploads\\\/2025\\\/04\\\/Oved-Contreras-e1768066319253.jpg\",\"datePublished\":\"2026-01-03T17:47:16+00:00\",\"dateModified\":\"2026-01-03T17:47:17+00:00\",\"breadcrumb\":{\"@id\":\"https:\\\/\\\/lospoliticosveracruz.com\\\/?p=159471#breadcrumb\"},\"inLanguage\":\"es\",\"potentialAction\":[{\"@type\":\"ReadAction\",\"target\":[\"https:\\\/\\\/lospoliticosveracruz.com\\\/?p=159471\"]}]},{\"@type\":\"ImageObject\",\"inLanguage\":\"es\",\"@id\":\"https:\\\/\\\/lospoliticosveracruz.com\\\/?p=159471#primaryimage\",\"url\":\"https:\\\/\\\/lospoliticosveracruz.com\\\/wp-content\\\/uploads\\\/2025\\\/04\\\/Oved-Contreras-e1768066319253.jpg\",\"contentUrl\":\"https:\\\/\\\/lospoliticosveracruz.com\\\/wp-content\\\/uploads\\\/2025\\\/04\\\/Oved-Contreras-e1768066319253.jpg\",\"width\":600,\"height\":320},{\"@type\":\"BreadcrumbList\",\"@id\":\"https:\\\/\\\/lospoliticosveracruz.com\\\/?p=159471#breadcrumb\",\"itemListElement\":[{\"@type\":\"ListItem\",\"position\":1,\"name\":\"Portada\",\"item\":\"https:\\\/\\\/lospoliticosveracruz.com\\\/\"},{\"@type\":\"ListItem\",\"position\":2,\"name\":\"LES PEGA LA CUESTA!\"}]},{\"@type\":\"WebSite\",\"@id\":\"https:\\\/\\\/lospoliticosveracruz.com\\\/#website\",\"url\":\"https:\\\/\\\/lospoliticosveracruz.com\\\/\",\"name\":\"Los pol\u00edticos Veracruz\",\"description\":\"\",\"publisher\":{\"@id\":\"https:\\\/\\\/lospoliticosveracruz.com\\\/#organization\"},\"potentialAction\":[{\"@type\":\"SearchAction\",\"target\":{\"@type\":\"EntryPoint\",\"urlTemplate\":\"https:\\\/\\\/lospoliticosveracruz.com\\\/?s={search_term_string}\"},\"query-input\":{\"@type\":\"PropertyValueSpecification\",\"valueRequired\":true,\"valueName\":\"search_term_string\"}}],\"inLanguage\":\"es\"},{\"@type\":\"Organization\",\"@id\":\"https:\\\/\\\/lospoliticosveracruz.com\\\/#organization\",\"name\":\"Los pol\u00edticos Veracruz\",\"url\":\"https:\\\/\\\/lospoliticosveracruz.com\\\/\",\"logo\":{\"@type\":\"ImageObject\",\"inLanguage\":\"es\",\"@id\":\"https:\\\/\\\/lospoliticosveracruz.com\\\/#\\\/schema\\\/logo\\\/image\\\/\",\"url\":\"https:\\\/\\\/lospoliticosveracruz.com\\\/wp-content\\\/uploads\\\/2025\\\/12\\\/Logo-Nuevo-LOS-POLITICOS-1.jpg\",\"contentUrl\":\"https:\\\/\\\/lospoliticosveracruz.com\\\/wp-content\\\/uploads\\\/2025\\\/12\\\/Logo-Nuevo-LOS-POLITICOS-1.jpg\",\"width\":260,\"height\":70,\"caption\":\"Los pol\u00edticos Veracruz\"},\"image\":{\"@id\":\"https:\\\/\\\/lospoliticosveracruz.com\\\/#\\\/schema\\\/logo\\\/image\\\/\"},\"sameAs\":[\"https:\\\/\\\/www.facebook.com\\\/people\\\/Notimemes-de-los-Polticos\\\/61565672886568\\\/\",\"https:\\\/\\\/x.com\\\/LosPoliticosVer\"]},{\"@type\":\"Person\",\"@id\":\"https:\\\/\\\/lospoliticosveracruz.com\\\/#\\\/schema\\\/person\\\/b8702bb0e538456e6efd07080bf2a4a2\",\"name\":\"Lo viste en Los Pol\u00edticos\",\"image\":{\"@type\":\"ImageObject\",\"inLanguage\":\"es\",\"@id\":\"https:\\\/\\\/secure.gravatar.com\\\/avatar\\\/3a8de04a2656d44082be478bd6c086daa447c4651605818287b9532d3d0bd435?s=96&d=mm&r=g\",\"url\":\"https:\\\/\\\/secure.gravatar.com\\\/avatar\\\/3a8de04a2656d44082be478bd6c086daa447c4651605818287b9532d3d0bd435?s=96&d=mm&r=g\",\"contentUrl\":\"https:\\\/\\\/secure.gravatar.com\\\/avatar\\\/3a8de04a2656d44082be478bd6c086daa447c4651605818287b9532d3d0bd435?s=96&d=mm&r=g\",\"caption\":\"Lo viste en Los Pol\u00edticos\"},\"url\":\"https:\\\/\\\/lospoliticosveracruz.com\\\/?author=2\"}]}<\/script>\n<!-- \/ Yoast SEO plugin. -->","yoast_head_json":{"title":"LES PEGA LA CUESTA! - Los pol\u00edticos Veracruz","robots":{"index":"index","follow":"follow","max-snippet":"max-snippet:-1","max-image-preview":"max-image-preview:large","max-video-preview":"max-video-preview:-1"},"canonical":"https:\/\/lospoliticosveracruz.com\/?p=159471","og_locale":"es_ES","og_type":"article","og_title":"LES PEGA LA CUESTA! - Los pol\u00edticos Veracruz","og_description":"Oved Contreras Secas Mecas LES PEGA LA CUESTA\u2026a los trabajadores del sector Salud no le han pagado el bono navide\u00f1o, mientras que los empleados que prestan servicios de limpieza a la Secretar\u00eda de Salud de Veracruz se manifestaron ayer en Xalapa porque tambi\u00e9n les deben salario y aguinaldo. \u00bfPues no que primero los pobres y [&hellip;]","og_url":"https:\/\/lospoliticosveracruz.com\/?p=159471","og_site_name":"Los pol\u00edticos Veracruz","article_publisher":"https:\/\/www.facebook.com\/people\/Notimemes-de-los-Polticos\/61565672886568\/","article_published_time":"2026-01-03T17:47:16+00:00","article_modified_time":"2026-01-03T17:47:17+00:00","og_image":[{"width":600,"height":320,"url":"https:\/\/lospoliticosveracruz.com\/wp-content\/uploads\/2025\/04\/Oved-Contreras-e1768066319253.jpg","type":"image\/jpeg"}],"author":"Lo viste en Los Pol\u00edticos","twitter_card":"summary_large_image","twitter_creator":"@LosPoliticosVer","twitter_site":"@LosPoliticosVer","twitter_misc":{"Escrito por":"Lo viste en Los Pol\u00edticos","Tiempo de lectura":"6 minutos"},"schema":{"@context":"https:\/\/schema.org","@graph":[{"@type":"Article","@id":"https:\/\/lospoliticosveracruz.com\/?p=159471#article","isPartOf":{"@id":"https:\/\/lospoliticosveracruz.com\/?p=159471"},"author":{"name":"Lo viste en Los Pol\u00edticos","@id":"https:\/\/lospoliticosveracruz.com\/#\/schema\/person\/b8702bb0e538456e6efd07080bf2a4a2"},"headline":"LES PEGA LA CUESTA!","datePublished":"2026-01-03T17:47:16+00:00","dateModified":"2026-01-03T17:47:17+00:00","mainEntityOfPage":{"@id":"https:\/\/lospoliticosveracruz.com\/?p=159471"},"wordCount":1174,"publisher":{"@id":"https:\/\/lospoliticosveracruz.com\/#organization"},"image":{"@id":"https:\/\/lospoliticosveracruz.com\/?p=159471#primaryimage"},"thumbnailUrl":"https:\/\/lospoliticosveracruz.com\/wp-content\/uploads\/2025\/04\/Oved-Contreras-e1768066319253.jpg","keywords":["Aguinaldo","bono navide\u00f1o","El Pa\u00eds","Lafita Le\u00f3n","Maryjose Gamboa","Roc\u00edo Nahle","Sector Salud","Veracruz"],"articleSection":["De Opini\u00f3n"],"inLanguage":"es"},{"@type":"WebPage","@id":"https:\/\/lospoliticosveracruz.com\/?p=159471","url":"https:\/\/lospoliticosveracruz.com\/?p=159471","name":"LES PEGA LA CUESTA! - Los pol\u00edticos Veracruz","isPartOf":{"@id":"https:\/\/lospoliticosveracruz.com\/#website"},"primaryImageOfPage":{"@id":"https:\/\/lospoliticosveracruz.com\/?p=159471#primaryimage"},"image":{"@id":"https:\/\/lospoliticosveracruz.com\/?p=159471#primaryimage"},"thumbnailUrl":"https:\/\/lospoliticosveracruz.com\/wp-content\/uploads\/2025\/04\/Oved-Contreras-e1768066319253.jpg","datePublished":"2026-01-03T17:47:16+00:00","dateModified":"2026-01-03T17:47:17+00:00","breadcrumb":{"@id":"https:\/\/lospoliticosveracruz.com\/?p=159471#breadcrumb"},"inLanguage":"es","potentialAction":[{"@type":"ReadAction","target":["https:\/\/lospoliticosveracruz.com\/?p=159471"]}]},{"@type":"ImageObject","inLanguage":"es","@id":"https:\/\/lospoliticosveracruz.com\/?p=159471#primaryimage","url":"https:\/\/lospoliticosveracruz.com\/wp-content\/uploads\/2025\/04\/Oved-Contreras-e1768066319253.jpg","contentUrl":"https:\/\/lospoliticosveracruz.com\/wp-content\/uploads\/2025\/04\/Oved-Contreras-e1768066319253.jpg","width":600,"height":320},{"@type":"BreadcrumbList","@id":"https:\/\/lospoliticosveracruz.com\/?p=159471#breadcrumb","itemListElement":[{"@type":"ListItem","position":1,"name":"Portada","item":"https:\/\/lospoliticosveracruz.com\/"},{"@type":"ListItem","position":2,"name":"LES PEGA LA CUESTA!"}]},{"@type":"WebSite","@id":"https:\/\/lospoliticosveracruz.com\/#website","url":"https:\/\/lospoliticosveracruz.com\/","name":"Los pol\u00edticos Veracruz","description":"","publisher":{"@id":"https:\/\/lospoliticosveracruz.com\/#organization"},"potentialAction":[{"@type":"SearchAction","target":{"@type":"EntryPoint","urlTemplate":"https:\/\/lospoliticosveracruz.com\/?s={search_term_string}"},"query-input":{"@type":"PropertyValueSpecification","valueRequired":true,"valueName":"search_term_string"}}],"inLanguage":"es"},{"@type":"Organization","@id":"https:\/\/lospoliticosveracruz.com\/#organization","name":"Los pol\u00edticos Veracruz","url":"https:\/\/lospoliticosveracruz.com\/","logo":{"@type":"ImageObject","inLanguage":"es","@id":"https:\/\/lospoliticosveracruz.com\/#\/schema\/logo\/image\/","url":"https:\/\/lospoliticosveracruz.com\/wp-content\/uploads\/2025\/12\/Logo-Nuevo-LOS-POLITICOS-1.jpg","contentUrl":"https:\/\/lospoliticosveracruz.com\/wp-content\/uploads\/2025\/12\/Logo-Nuevo-LOS-POLITICOS-1.jpg","width":260,"height":70,"caption":"Los pol\u00edticos Veracruz"},"image":{"@id":"https:\/\/lospoliticosveracruz.com\/#\/schema\/logo\/image\/"},"sameAs":["https:\/\/www.facebook.com\/people\/Notimemes-de-los-Polticos\/61565672886568\/","https:\/\/x.com\/LosPoliticosVer"]},{"@type":"Person","@id":"https:\/\/lospoliticosveracruz.com\/#\/schema\/person\/b8702bb0e538456e6efd07080bf2a4a2","name":"Lo viste en Los Pol\u00edticos","image":{"@type":"ImageObject","inLanguage":"es","@id":"https:\/\/secure.gravatar.com\/avatar\/3a8de04a2656d44082be478bd6c086daa447c4651605818287b9532d3d0bd435?s=96&d=mm&r=g","url":"https:\/\/secure.gravatar.com\/avatar\/3a8de04a2656d44082be478bd6c086daa447c4651605818287b9532d3d0bd435?s=96&d=mm&r=g","contentUrl":"https:\/\/secure.gravatar.com\/avatar\/3a8de04a2656d44082be478bd6c086daa447c4651605818287b9532d3d0bd435?s=96&d=mm&r=g","caption":"Lo viste en Los Pol\u00edticos"},"url":"https:\/\/lospoliticosveracruz.com\/?author=2"}]}},"_links":{"self":[{"href":"https:\/\/lospoliticosveracruz.com\/index.php?rest_route=\/wp\/v2\/posts\/159471","targetHints":{"allow":["GET"]}}],"collection":[{"href":"https:\/\/lospoliticosveracruz.com\/index.php?rest_route=\/wp\/v2\/posts"}],"about":[{"href":"https:\/\/lospoliticosveracruz.com\/index.php?rest_route=\/wp\/v2\/types\/post"}],"author":[{"embeddable":true,"href":"https:\/\/lospoliticosveracruz.com\/index.php?rest_route=\/wp\/v2\/users\/2"}],"replies":[{"embeddable":true,"href":"https:\/\/lospoliticosveracruz.com\/index.php?rest_route=%2Fwp%2Fv2%2Fcomments&post=159471"}],"version-history":[{"count":1,"href":"https:\/\/lospoliticosveracruz.com\/index.php?rest_route=\/wp\/v2\/posts\/159471\/revisions"}],"predecessor-version":[{"id":159472,"href":"https:\/\/lospoliticosveracruz.com\/index.php?rest_route=\/wp\/v2\/posts\/159471\/revisions\/159472"}],"wp:featuredmedia":[{"embeddable":true,"href":"https:\/\/lospoliticosveracruz.com\/index.php?rest_route=\/wp\/v2\/media\/141426"}],"wp:attachment":[{"href":"https:\/\/lospoliticosveracruz.com\/index.php?rest_route=%2Fwp%2Fv2%2Fmedia&parent=159471"}],"wp:term":[{"taxonomy":"category","embeddable":true,"href":"https:\/\/lospoliticosveracruz.com\/index.php?rest_route=%2Fwp%2Fv2%2Fcategories&post=159471"},{"taxonomy":"post_tag","embeddable":true,"href":"https:\/\/lospoliticosveracruz.com\/index.php?rest_route=%2Fwp%2Fv2%2Ftags&post=159471"}],"curies":[{"name":"wp","href":"https:\/\/api.w.org\/{rel}","templated":true}]}}