{"id":159540,"date":"2026-01-05T05:43:58","date_gmt":"2026-01-05T11:43:58","guid":{"rendered":"https:\/\/lospoliticosveracruz.com\/?p=159540"},"modified":"2026-01-05T05:43:59","modified_gmt":"2026-01-05T11:43:59","slug":"que-trump-viene-por-el-senor","status":"publish","type":"post","link":"https:\/\/lospoliticosveracruz.com\/?p=159540","title":{"rendered":"\u00bfQUE TRUMP VIENE POR EL SE\u00d1OR?"},"content":{"rendered":"\n<p><strong>Bernardo Guti\u00e9rrez Parra<\/strong><\/p>\n\n\n\n<p><em>Desde el Caf\u00e9<\/em><br>Para justificar la invasi\u00f3n a Irak y derrocar a Saddam Hussein, el presidente de los Estados Unidos, George W. Bush, dijo que el gobierno de Saddam ten\u00eda armas nucleares, lo que result\u00f3 una mentira. Para justificar la invasi\u00f3n a Venezuela, Donald Trump ha dicho que Nicol\u00e1s Maduro y compa\u00f1\u00eda han estado enviando fentanilo a Estados Unidos \u201cdroga que mata a 300 mil de nuestros j\u00f3venes cada a\u00f1o\u201d. Pero esto tambi\u00e9n es una mentira. Venezuela exporta otras drogas, pero no fentanilo.<\/p>\n\n\n\n<p>El motivo principal de ambas invasiones es el petr\u00f3leo. Porque la neta lector, a Estados Unidos nunca le ha importado de qu\u00e9 calibre sea el s\u00e1trapa que gobierne una naci\u00f3n, siempre y cuando no afecte a sus intereses. Cuando esto sucede se pone su traje de justiciero y simplemente lo derroca.<\/p>\n\n\n\n<p>En tiempos de Bush, Saddam amenaz\u00f3 con cortar el suministro de petr\u00f3leo a Estados Unidos y por eso le fue como le fue. Maduro se quiso pasar de macho y cuando insinu\u00f3 que cortar\u00eda ese suministro le dieron un pasaje s\u00f3lo de ida al condado de Brooklyn donde ser\u00e1 juzgado. Y es que Venezuela tiene las reservas petroleras m\u00e1s grandes del mundo.<\/p>\n\n\n\n<p>En ambos casos los mandatarios gringos recurrieron a una falacia para justificar un fin: tener el petr\u00f3leo de esos pa\u00edses.<\/p>\n\n\n\n<p>M\u00e9xico no tiene ese problema porque sus excedentes petroleros los exporta principalmente a Norteam\u00e9rica, pero adolece de algo muy grave a los ojos de Donald Trump: si hay un pa\u00eds que produzca y exporte fentanilo hacia Estados Unidos, ese es el nuestro. Y esa no es una mentira.<\/p>\n\n\n\n<p>El mismo d\u00eda de la detenci\u00f3n de Maduro, un reportero de Fox News le pregunt\u00f3 a Trump si la operaci\u00f3n en Venezuela era un mensaje para M\u00e9xico que es por donde entra la mayor cantidad de droga a Estados Unidos. Trump contest\u00f3 \u201cno es esa la intenci\u00f3n, pero algo habr\u00e1 que hacer en M\u00e9xico\u201d, lo que debi\u00f3 provocar diarrea en el gabinete de seguridad de ac\u00e1 de este lado.<\/p>\n\n\n\n<p>Quien deber\u00e1 hacer algo m\u00e1s que enredarse en la bandera o andar presumiendo que el cielo nos dio un soldado en cada mexicano, es la se\u00f1ora presidenta.<\/p>\n\n\n\n<p>Sacar del tapanco el sobado discurso de que somos un pa\u00eds independiente y soberano que no acepta injerencias. Gritar que no somos colonia de nadie, es algo que le importa pura corneta a Donald Trump.<\/p>\n\n\n\n<p>Por mucho que Nicol\u00e1s Maduro sea un hijo de madre pecadora, un s\u00e1trapa, un asesino de inocentes, un sujeto que permiti\u00f3 la violaci\u00f3n de cientos de jovencitas en mazmorras, que orden\u00f3 la tortura y persecuci\u00f3n de miles de opositores; un tipo que ha llevado a su pa\u00eds a la ruina moral, econ\u00f3mica y financiera, nada de eso justifica (por desgracia), que haya sido derrocado por una potencia extranjera liderada por un sujeto protag\u00f3nico, iracundo y belicoso que se pas\u00f3 por el forro las normas del Derecho Internacional \u201cy que ahora viene contra M\u00e9xico\u201d.<\/p>\n\n\n\n<p>\u00bfSer\u00e1?<\/p>\n\n\n\n<p>Con honestidad no lo creo. No creo que Trump nos mande a las costas de Veracruz al USS Gerard Ford como pre\u00e1mbulo de una invasi\u00f3n. Lo que s\u00ed har\u00e1 y puedo apostarlo, es arreciar sus ataques verbales contra los narcos mexicanos para justificar el env\u00edo de drones que los localicen en sus madrigueras.<\/p>\n\n\n\n<p>Y en casos como este es cuando se impone recurrir al librito de la pol\u00edtica a la mexicana que desaconseja aventarse de un cerro enredado en el l\u00e1baro patrio o arrancarse la camisa para mostrarle el pecho a las balas. Pero aconseja cabeza fr\u00eda, astucia y \u201cadelantarse a la jugada\u201d.<\/p>\n\n\n\n<p>Quienes de esto saben dicen que la presidenta Sheinbaum debe estar preparando otra \u201ccuerda\u201d de reos relacionados con el narco para enviarla a Estados Unidos y apaciguarle las ansias al g\u00fcero. Pero\u2026<\/p>\n\n\n\n<p>Cuando en septiembre del 2025 el secretario de Estado norteamericano, Marco Rubio, visit\u00f3 la CDMX para asistir a una reuni\u00f3n sobre seguridad, trascendi\u00f3 que habr\u00eda dejado a Claudia Sheinbaum una lista con nombres de gobernadores, exgobernadores y pol\u00edticos de esta administraci\u00f3n y la anterior relacionados con el narco.<\/p>\n\n\n\n<p>Son sujetos (y tambi\u00e9n sujetas) que los jueces de Estados Unidos quieren interrogar y mandarlos a prisi\u00f3n de por vida porque los hacen responsables de la cantidad de droga que llega a aquel pa\u00eds procedente del nuestro.<\/p>\n\n\n\n<p>En esa lista estar\u00eda de manera destacada el responsable de abrazar a los narcos y \u201cobsequiarles\u201d la mitad del pa\u00eds.<\/p>\n\n\n\n<p>\u201cSi Claudia no lo env\u00eda, Trump mandar\u00e1 por \u00e9l m\u00e1s temprano que tarde. Porque el verdadero responsable de que Estados Unidos est\u00e9 inundado de fentanilo y M\u00e9xico siga hundido en la violencia es este sujeto y nadie m\u00e1s\u201d, me dijo un analista pol\u00edtico.<\/p>\n\n\n\n<p>\u00bfTu qu\u00e9 piensas, lector?<\/p>\n\n\n\n<p>bernagup28@gmail.com<\/p>\n","protected":false},"excerpt":{"rendered":"<p>Bernardo Guti\u00e9rrez Parra Desde el Caf\u00e9Para justificar la invasi\u00f3n a Irak y derrocar a Saddam Hussein, el presidente de los Estados Unidos, George W. Bush, dijo que el gobierno de Saddam ten\u00eda armas nucleares, lo que result\u00f3 una mentira. Para justificar la invasi\u00f3n a Venezuela, Donald Trump ha dicho que Nicol\u00e1s Maduro y compa\u00f1\u00eda han [&hellip;]<\/p>\n","protected":false},"author":2,"featured_media":141479,"comment_status":"closed","ping_status":"closed","sticky":false,"template":"","format":"standard","meta":{"tdm_status":"","tdm_grid_status":"","footnotes":""},"categories":[70],"tags":[618,9627,2846,29678,45943,8013,48562],"class_list":{"0":"post-159540","1":"post","2":"type-post","3":"status-publish","4":"format-standard","5":"has-post-thumbnail","7":"category-de-opinion","8":"tag-andres-manuel-lopez-obrador","9":"tag-claudia-sheinbaum","10":"tag-donald-trump","11":"tag-fentanilo","12":"tag-marco-rubio","13":"tag-nicolas-maduro","14":"tag-venezuela"},"yoast_head":"<!-- This site is optimized with the Yoast SEO plugin v27.4 - https:\/\/yoast.com\/product\/yoast-seo-wordpress\/ -->\n<title>\u00bfQUE TRUMP VIENE POR EL SE\u00d1OR? - Los pol\u00edticos Veracruz<\/title>\n<meta name=\"robots\" content=\"index, follow, max-snippet:-1, max-image-preview:large, max-video-preview:-1\" \/>\n<link rel=\"canonical\" href=\"https:\/\/lospoliticosveracruz.com\/?p=159540\" \/>\n<meta property=\"og:locale\" content=\"es_ES\" \/>\n<meta property=\"og:type\" content=\"article\" \/>\n<meta property=\"og:title\" content=\"\u00bfQUE TRUMP VIENE POR EL SE\u00d1OR? - Los pol\u00edticos Veracruz\" \/>\n<meta property=\"og:description\" content=\"Bernardo Guti\u00e9rrez Parra Desde el Caf\u00e9Para justificar la invasi\u00f3n a Irak y derrocar a Saddam Hussein, el presidente de los Estados Unidos, George W. Bush, dijo que el gobierno de Saddam ten\u00eda armas nucleares, lo que result\u00f3 una mentira. Para justificar la invasi\u00f3n a Venezuela, Donald Trump ha dicho que Nicol\u00e1s Maduro y compa\u00f1\u00eda han [&hellip;]\" \/>\n<meta property=\"og:url\" content=\"https:\/\/lospoliticosveracruz.com\/?p=159540\" \/>\n<meta property=\"og:site_name\" content=\"Los pol\u00edticos Veracruz\" \/>\n<meta property=\"article:publisher\" content=\"https:\/\/www.facebook.com\/people\/Notimemes-de-los-Polticos\/61565672886568\/\" \/>\n<meta property=\"article:published_time\" content=\"2026-01-05T11:43:58+00:00\" \/>\n<meta property=\"article:modified_time\" content=\"2026-01-05T11:43:59+00:00\" \/>\n<meta property=\"og:image\" content=\"https:\/\/lospoliticosveracruz.com\/wp-content\/uploads\/2025\/04\/Bernardo-Gutierrez-Parra.jpg\" \/>\n\t<meta property=\"og:image:width\" content=\"1250\" \/>\n\t<meta property=\"og:image:height\" content=\"667\" \/>\n\t<meta property=\"og:image:type\" content=\"image\/jpeg\" \/>\n<meta name=\"author\" content=\"Lo viste en Los Pol\u00edticos\" \/>\n<meta name=\"twitter:card\" content=\"summary_large_image\" \/>\n<meta name=\"twitter:creator\" content=\"@LosPoliticosVer\" \/>\n<meta name=\"twitter:site\" content=\"@LosPoliticosVer\" \/>\n<meta name=\"twitter:label1\" content=\"Escrito por\" \/>\n\t<meta name=\"twitter:data1\" content=\"Lo viste en Los Pol\u00edticos\" \/>\n\t<meta name=\"twitter:label2\" content=\"Tiempo de lectura\" \/>\n\t<meta name=\"twitter:data2\" content=\"4 minutos\" \/>\n<script type=\"application\/ld+json\" class=\"yoast-schema-graph\">{\"@context\":\"https:\\\/\\\/schema.org\",\"@graph\":[{\"@type\":\"Article\",\"@id\":\"https:\\\/\\\/lospoliticosveracruz.com\\\/?p=159540#article\",\"isPartOf\":{\"@id\":\"https:\\\/\\\/lospoliticosveracruz.com\\\/?p=159540\"},\"author\":{\"name\":\"Lo viste en Los Pol\u00edticos\",\"@id\":\"https:\\\/\\\/lospoliticosveracruz.com\\\/#\\\/schema\\\/person\\\/b8702bb0e538456e6efd07080bf2a4a2\"},\"headline\":\"\u00bfQUE TRUMP VIENE POR EL SE\u00d1OR?\",\"datePublished\":\"2026-01-05T11:43:58+00:00\",\"dateModified\":\"2026-01-05T11:43:59+00:00\",\"mainEntityOfPage\":{\"@id\":\"https:\\\/\\\/lospoliticosveracruz.com\\\/?p=159540\"},\"wordCount\":846,\"publisher\":{\"@id\":\"https:\\\/\\\/lospoliticosveracruz.com\\\/#organization\"},\"image\":{\"@id\":\"https:\\\/\\\/lospoliticosveracruz.com\\\/?p=159540#primaryimage\"},\"thumbnailUrl\":\"https:\\\/\\\/lospoliticosveracruz.com\\\/wp-content\\\/uploads\\\/2025\\\/04\\\/Bernardo-Gutierrez-Parra.jpg\",\"keywords\":[\"Andr\u00e9s Manuel L\u00f3pez Obrador\",\"Claudia Sheinbaum\",\"Donald Trump\",\"fentanilo\",\"Marco Rubio\",\"Nicol\u00e1s Maduro\",\"Venezuela\"],\"articleSection\":[\"De Opini\u00f3n\"],\"inLanguage\":\"es\"},{\"@type\":\"WebPage\",\"@id\":\"https:\\\/\\\/lospoliticosveracruz.com\\\/?p=159540\",\"url\":\"https:\\\/\\\/lospoliticosveracruz.com\\\/?p=159540\",\"name\":\"\u00bfQUE TRUMP VIENE POR EL SE\u00d1OR? - Los pol\u00edticos Veracruz\",\"isPartOf\":{\"@id\":\"https:\\\/\\\/lospoliticosveracruz.com\\\/#website\"},\"primaryImageOfPage\":{\"@id\":\"https:\\\/\\\/lospoliticosveracruz.com\\\/?p=159540#primaryimage\"},\"image\":{\"@id\":\"https:\\\/\\\/lospoliticosveracruz.com\\\/?p=159540#primaryimage\"},\"thumbnailUrl\":\"https:\\\/\\\/lospoliticosveracruz.com\\\/wp-content\\\/uploads\\\/2025\\\/04\\\/Bernardo-Gutierrez-Parra.jpg\",\"datePublished\":\"2026-01-05T11:43:58+00:00\",\"dateModified\":\"2026-01-05T11:43:59+00:00\",\"breadcrumb\":{\"@id\":\"https:\\\/\\\/lospoliticosveracruz.com\\\/?p=159540#breadcrumb\"},\"inLanguage\":\"es\",\"potentialAction\":[{\"@type\":\"ReadAction\",\"target\":[\"https:\\\/\\\/lospoliticosveracruz.com\\\/?p=159540\"]}]},{\"@type\":\"ImageObject\",\"inLanguage\":\"es\",\"@id\":\"https:\\\/\\\/lospoliticosveracruz.com\\\/?p=159540#primaryimage\",\"url\":\"https:\\\/\\\/lospoliticosveracruz.com\\\/wp-content\\\/uploads\\\/2025\\\/04\\\/Bernardo-Gutierrez-Parra.jpg\",\"contentUrl\":\"https:\\\/\\\/lospoliticosveracruz.com\\\/wp-content\\\/uploads\\\/2025\\\/04\\\/Bernardo-Gutierrez-Parra.jpg\",\"width\":1250,\"height\":667},{\"@type\":\"BreadcrumbList\",\"@id\":\"https:\\\/\\\/lospoliticosveracruz.com\\\/?p=159540#breadcrumb\",\"itemListElement\":[{\"@type\":\"ListItem\",\"position\":1,\"name\":\"Portada\",\"item\":\"https:\\\/\\\/lospoliticosveracruz.com\\\/\"},{\"@type\":\"ListItem\",\"position\":2,\"name\":\"\u00bfQUE TRUMP VIENE POR EL SE\u00d1OR?\"}]},{\"@type\":\"WebSite\",\"@id\":\"https:\\\/\\\/lospoliticosveracruz.com\\\/#website\",\"url\":\"https:\\\/\\\/lospoliticosveracruz.com\\\/\",\"name\":\"Los pol\u00edticos Veracruz\",\"description\":\"\",\"publisher\":{\"@id\":\"https:\\\/\\\/lospoliticosveracruz.com\\\/#organization\"},\"potentialAction\":[{\"@type\":\"SearchAction\",\"target\":{\"@type\":\"EntryPoint\",\"urlTemplate\":\"https:\\\/\\\/lospoliticosveracruz.com\\\/?s={search_term_string}\"},\"query-input\":{\"@type\":\"PropertyValueSpecification\",\"valueRequired\":true,\"valueName\":\"search_term_string\"}}],\"inLanguage\":\"es\"},{\"@type\":\"Organization\",\"@id\":\"https:\\\/\\\/lospoliticosveracruz.com\\\/#organization\",\"name\":\"Los pol\u00edticos Veracruz\",\"url\":\"https:\\\/\\\/lospoliticosveracruz.com\\\/\",\"logo\":{\"@type\":\"ImageObject\",\"inLanguage\":\"es\",\"@id\":\"https:\\\/\\\/lospoliticosveracruz.com\\\/#\\\/schema\\\/logo\\\/image\\\/\",\"url\":\"https:\\\/\\\/lospoliticosveracruz.com\\\/wp-content\\\/uploads\\\/2025\\\/12\\\/Logo-Nuevo-LOS-POLITICOS-1.jpg\",\"contentUrl\":\"https:\\\/\\\/lospoliticosveracruz.com\\\/wp-content\\\/uploads\\\/2025\\\/12\\\/Logo-Nuevo-LOS-POLITICOS-1.jpg\",\"width\":260,\"height\":70,\"caption\":\"Los pol\u00edticos Veracruz\"},\"image\":{\"@id\":\"https:\\\/\\\/lospoliticosveracruz.com\\\/#\\\/schema\\\/logo\\\/image\\\/\"},\"sameAs\":[\"https:\\\/\\\/www.facebook.com\\\/people\\\/Notimemes-de-los-Polticos\\\/61565672886568\\\/\",\"https:\\\/\\\/x.com\\\/LosPoliticosVer\"]},{\"@type\":\"Person\",\"@id\":\"https:\\\/\\\/lospoliticosveracruz.com\\\/#\\\/schema\\\/person\\\/b8702bb0e538456e6efd07080bf2a4a2\",\"name\":\"Lo viste en Los Pol\u00edticos\",\"image\":{\"@type\":\"ImageObject\",\"inLanguage\":\"es\",\"@id\":\"https:\\\/\\\/secure.gravatar.com\\\/avatar\\\/3a8de04a2656d44082be478bd6c086daa447c4651605818287b9532d3d0bd435?s=96&d=mm&r=g\",\"url\":\"https:\\\/\\\/secure.gravatar.com\\\/avatar\\\/3a8de04a2656d44082be478bd6c086daa447c4651605818287b9532d3d0bd435?s=96&d=mm&r=g\",\"contentUrl\":\"https:\\\/\\\/secure.gravatar.com\\\/avatar\\\/3a8de04a2656d44082be478bd6c086daa447c4651605818287b9532d3d0bd435?s=96&d=mm&r=g\",\"caption\":\"Lo viste en Los Pol\u00edticos\"},\"url\":\"https:\\\/\\\/lospoliticosveracruz.com\\\/?author=2\"}]}<\/script>\n<!-- \/ Yoast SEO plugin. -->","yoast_head_json":{"title":"\u00bfQUE TRUMP VIENE POR EL SE\u00d1OR? - Los pol\u00edticos Veracruz","robots":{"index":"index","follow":"follow","max-snippet":"max-snippet:-1","max-image-preview":"max-image-preview:large","max-video-preview":"max-video-preview:-1"},"canonical":"https:\/\/lospoliticosveracruz.com\/?p=159540","og_locale":"es_ES","og_type":"article","og_title":"\u00bfQUE TRUMP VIENE POR EL SE\u00d1OR? - Los pol\u00edticos Veracruz","og_description":"Bernardo Guti\u00e9rrez Parra Desde el Caf\u00e9Para justificar la invasi\u00f3n a Irak y derrocar a Saddam Hussein, el presidente de los Estados Unidos, George W. Bush, dijo que el gobierno de Saddam ten\u00eda armas nucleares, lo que result\u00f3 una mentira. Para justificar la invasi\u00f3n a Venezuela, Donald Trump ha dicho que Nicol\u00e1s Maduro y compa\u00f1\u00eda han [&hellip;]","og_url":"https:\/\/lospoliticosveracruz.com\/?p=159540","og_site_name":"Los pol\u00edticos Veracruz","article_publisher":"https:\/\/www.facebook.com\/people\/Notimemes-de-los-Polticos\/61565672886568\/","article_published_time":"2026-01-05T11:43:58+00:00","article_modified_time":"2026-01-05T11:43:59+00:00","og_image":[{"width":1250,"height":667,"url":"https:\/\/lospoliticosveracruz.com\/wp-content\/uploads\/2025\/04\/Bernardo-Gutierrez-Parra.jpg","type":"image\/jpeg"}],"author":"Lo viste en Los Pol\u00edticos","twitter_card":"summary_large_image","twitter_creator":"@LosPoliticosVer","twitter_site":"@LosPoliticosVer","twitter_misc":{"Escrito por":"Lo viste en Los Pol\u00edticos","Tiempo de lectura":"4 minutos"},"schema":{"@context":"https:\/\/schema.org","@graph":[{"@type":"Article","@id":"https:\/\/lospoliticosveracruz.com\/?p=159540#article","isPartOf":{"@id":"https:\/\/lospoliticosveracruz.com\/?p=159540"},"author":{"name":"Lo viste en Los Pol\u00edticos","@id":"https:\/\/lospoliticosveracruz.com\/#\/schema\/person\/b8702bb0e538456e6efd07080bf2a4a2"},"headline":"\u00bfQUE TRUMP VIENE POR EL SE\u00d1OR?","datePublished":"2026-01-05T11:43:58+00:00","dateModified":"2026-01-05T11:43:59+00:00","mainEntityOfPage":{"@id":"https:\/\/lospoliticosveracruz.com\/?p=159540"},"wordCount":846,"publisher":{"@id":"https:\/\/lospoliticosveracruz.com\/#organization"},"image":{"@id":"https:\/\/lospoliticosveracruz.com\/?p=159540#primaryimage"},"thumbnailUrl":"https:\/\/lospoliticosveracruz.com\/wp-content\/uploads\/2025\/04\/Bernardo-Gutierrez-Parra.jpg","keywords":["Andr\u00e9s Manuel L\u00f3pez Obrador","Claudia Sheinbaum","Donald Trump","fentanilo","Marco Rubio","Nicol\u00e1s Maduro","Venezuela"],"articleSection":["De Opini\u00f3n"],"inLanguage":"es"},{"@type":"WebPage","@id":"https:\/\/lospoliticosveracruz.com\/?p=159540","url":"https:\/\/lospoliticosveracruz.com\/?p=159540","name":"\u00bfQUE TRUMP VIENE POR EL SE\u00d1OR? - Los pol\u00edticos Veracruz","isPartOf":{"@id":"https:\/\/lospoliticosveracruz.com\/#website"},"primaryImageOfPage":{"@id":"https:\/\/lospoliticosveracruz.com\/?p=159540#primaryimage"},"image":{"@id":"https:\/\/lospoliticosveracruz.com\/?p=159540#primaryimage"},"thumbnailUrl":"https:\/\/lospoliticosveracruz.com\/wp-content\/uploads\/2025\/04\/Bernardo-Gutierrez-Parra.jpg","datePublished":"2026-01-05T11:43:58+00:00","dateModified":"2026-01-05T11:43:59+00:00","breadcrumb":{"@id":"https:\/\/lospoliticosveracruz.com\/?p=159540#breadcrumb"},"inLanguage":"es","potentialAction":[{"@type":"ReadAction","target":["https:\/\/lospoliticosveracruz.com\/?p=159540"]}]},{"@type":"ImageObject","inLanguage":"es","@id":"https:\/\/lospoliticosveracruz.com\/?p=159540#primaryimage","url":"https:\/\/lospoliticosveracruz.com\/wp-content\/uploads\/2025\/04\/Bernardo-Gutierrez-Parra.jpg","contentUrl":"https:\/\/lospoliticosveracruz.com\/wp-content\/uploads\/2025\/04\/Bernardo-Gutierrez-Parra.jpg","width":1250,"height":667},{"@type":"BreadcrumbList","@id":"https:\/\/lospoliticosveracruz.com\/?p=159540#breadcrumb","itemListElement":[{"@type":"ListItem","position":1,"name":"Portada","item":"https:\/\/lospoliticosveracruz.com\/"},{"@type":"ListItem","position":2,"name":"\u00bfQUE TRUMP VIENE POR EL SE\u00d1OR?"}]},{"@type":"WebSite","@id":"https:\/\/lospoliticosveracruz.com\/#website","url":"https:\/\/lospoliticosveracruz.com\/","name":"Los pol\u00edticos Veracruz","description":"","publisher":{"@id":"https:\/\/lospoliticosveracruz.com\/#organization"},"potentialAction":[{"@type":"SearchAction","target":{"@type":"EntryPoint","urlTemplate":"https:\/\/lospoliticosveracruz.com\/?s={search_term_string}"},"query-input":{"@type":"PropertyValueSpecification","valueRequired":true,"valueName":"search_term_string"}}],"inLanguage":"es"},{"@type":"Organization","@id":"https:\/\/lospoliticosveracruz.com\/#organization","name":"Los pol\u00edticos Veracruz","url":"https:\/\/lospoliticosveracruz.com\/","logo":{"@type":"ImageObject","inLanguage":"es","@id":"https:\/\/lospoliticosveracruz.com\/#\/schema\/logo\/image\/","url":"https:\/\/lospoliticosveracruz.com\/wp-content\/uploads\/2025\/12\/Logo-Nuevo-LOS-POLITICOS-1.jpg","contentUrl":"https:\/\/lospoliticosveracruz.com\/wp-content\/uploads\/2025\/12\/Logo-Nuevo-LOS-POLITICOS-1.jpg","width":260,"height":70,"caption":"Los pol\u00edticos Veracruz"},"image":{"@id":"https:\/\/lospoliticosveracruz.com\/#\/schema\/logo\/image\/"},"sameAs":["https:\/\/www.facebook.com\/people\/Notimemes-de-los-Polticos\/61565672886568\/","https:\/\/x.com\/LosPoliticosVer"]},{"@type":"Person","@id":"https:\/\/lospoliticosveracruz.com\/#\/schema\/person\/b8702bb0e538456e6efd07080bf2a4a2","name":"Lo viste en Los Pol\u00edticos","image":{"@type":"ImageObject","inLanguage":"es","@id":"https:\/\/secure.gravatar.com\/avatar\/3a8de04a2656d44082be478bd6c086daa447c4651605818287b9532d3d0bd435?s=96&d=mm&r=g","url":"https:\/\/secure.gravatar.com\/avatar\/3a8de04a2656d44082be478bd6c086daa447c4651605818287b9532d3d0bd435?s=96&d=mm&r=g","contentUrl":"https:\/\/secure.gravatar.com\/avatar\/3a8de04a2656d44082be478bd6c086daa447c4651605818287b9532d3d0bd435?s=96&d=mm&r=g","caption":"Lo viste en Los Pol\u00edticos"},"url":"https:\/\/lospoliticosveracruz.com\/?author=2"}]}},"_links":{"self":[{"href":"https:\/\/lospoliticosveracruz.com\/index.php?rest_route=\/wp\/v2\/posts\/159540","targetHints":{"allow":["GET"]}}],"collection":[{"href":"https:\/\/lospoliticosveracruz.com\/index.php?rest_route=\/wp\/v2\/posts"}],"about":[{"href":"https:\/\/lospoliticosveracruz.com\/index.php?rest_route=\/wp\/v2\/types\/post"}],"author":[{"embeddable":true,"href":"https:\/\/lospoliticosveracruz.com\/index.php?rest_route=\/wp\/v2\/users\/2"}],"replies":[{"embeddable":true,"href":"https:\/\/lospoliticosveracruz.com\/index.php?rest_route=%2Fwp%2Fv2%2Fcomments&post=159540"}],"version-history":[{"count":1,"href":"https:\/\/lospoliticosveracruz.com\/index.php?rest_route=\/wp\/v2\/posts\/159540\/revisions"}],"predecessor-version":[{"id":159541,"href":"https:\/\/lospoliticosveracruz.com\/index.php?rest_route=\/wp\/v2\/posts\/159540\/revisions\/159541"}],"wp:featuredmedia":[{"embeddable":true,"href":"https:\/\/lospoliticosveracruz.com\/index.php?rest_route=\/wp\/v2\/media\/141479"}],"wp:attachment":[{"href":"https:\/\/lospoliticosveracruz.com\/index.php?rest_route=%2Fwp%2Fv2%2Fmedia&parent=159540"}],"wp:term":[{"taxonomy":"category","embeddable":true,"href":"https:\/\/lospoliticosveracruz.com\/index.php?rest_route=%2Fwp%2Fv2%2Fcategories&post=159540"},{"taxonomy":"post_tag","embeddable":true,"href":"https:\/\/lospoliticosveracruz.com\/index.php?rest_route=%2Fwp%2Fv2%2Ftags&post=159540"}],"curies":[{"name":"wp","href":"https:\/\/api.w.org\/{rel}","templated":true}]}}